{"id":16627,"date":"2024-05-23T09:03:49","date_gmt":"2024-05-23T12:03:49","guid":{"rendered":"https:\/\/apuntesdesanluis.com\/?p=16627"},"modified":"2024-05-23T09:03:49","modified_gmt":"2024-05-23T12:03:49","slug":"muerte-de-3-bolivianos-condenan-por-homicidio-culposo-al-conductor-de-la-camioneta","status":"publish","type":"post","link":"https:\/\/apuntesdesanluis.com\/index.php\/2024\/05\/23\/muerte-de-3-bolivianos-condenan-por-homicidio-culposo-al-conductor-de-la-camioneta\/","title":{"rendered":"MUERTE DE 3 BOLIVIANOS: CONDENAN POR HOMICIDIO CULPOSO AL CONDUCTOR DE LA CAMIONETA"},"content":{"rendered":"<h3>La Fiscal de Instrucci\u00f3n N\u00b0 1 de la Tercera Circunscripci\u00f3n Judicial, D\u00e9bora Roy Gitto, solicit\u00f3 a la Jueza de la Sala Penal de Concar\u00e1n, Mar\u00eda Claudia Uccello, que la causa que investiga el homicidio en accidente de tr\u00e1nsito, ocurrido el 23 de octubre de 2022 a tres kil\u00f3metros de <strong>Naschel<\/strong>, concluya bajo el procedimiento de juicio abreviado y que <strong>E.T.V.<\/strong> sea condenado a 3 a\u00f1os de prisi\u00f3n en suspenso y 5 a\u00f1os de inhabilitaci\u00f3n para conducir.<\/h3>\n<h3>El hombre de 46 a\u00f1os, alba\u00f1il y comerciante, fue acusado de homicidio culposo en accidente de tr\u00e1nsito, agravado por la conducci\u00f3n de autom\u00f3vil con un nivel de alcoholemia superior a un gramo por litro de sangre. Durante el siniestro vial fallecieron <strong>Felicidad Huallpa Ciprian, Leonardo P\u00e9rez Luizaga<\/strong> y <strong>Martina Apaza Garnica.<\/strong><\/h3>\n<h3>El acuerdo fue presentado en la audiencia de juicio abreviado celebrada este mi\u00e9rcoles a la ma\u00f1ana, y cont\u00f3 con la conformidad del abogado defensor del imputado, <strong>Leonardo C\u00e9spedes<\/strong>. E.T.V. reconoci\u00f3 la existencia del hecho y su autor\u00eda, as\u00ed como tambi\u00e9n la calificaci\u00f3n emitida por la Fiscal\u00eda. Tambi\u00e9n acord\u00f3 con la imposici\u00f3n de la pena.<\/h3>\n<p><img fetchpriority=\"high\" decoding=\"async\" class=\"wp-image-16629 aligncenter\" src=\"https:\/\/apuntesdesanluis.com\/wp-content\/uploads\/2024\/05\/CAMIONETA-300x171.png\" alt=\"\" width=\"633\" height=\"361\" srcset=\"https:\/\/apuntesdesanluis.com\/wp-content\/uploads\/2024\/05\/CAMIONETA-300x171.png 300w, https:\/\/apuntesdesanluis.com\/wp-content\/uploads\/2024\/05\/CAMIONETA.png 621w\" sizes=\"(max-width: 633px) 100vw, 633px\" \/><\/p>\n<h3>Gitto expres\u00f3 que \u201cconduc\u00eda bajo condiciones antirreglamentarias ya que, el control de alcotest, dio como resultado un dosaje de 2.28 gramos por litro de alcohol en sangre, este \u00edndice no solo habla de su descaro ante la protecci\u00f3n de la vida de su acompa\u00f1ante, sino hasta de la propia, ante la norma jur\u00eddica vigente no solo a nivel nacional, como asimismo provincial\u201d.<\/h3>\n<h3>El hecho juzgado ocurri\u00f3 el 23 de octubre de 2022, pasadas las 21 hs., cuando una camioneta Toyota Hilux conducida por E.T.V. volc\u00f3 en la autopista N\u00b055 a unos tres kil\u00f3metros de Naschel. En el veh\u00edculo viajaban adem\u00e1s 4 personas de nacionalidad boliviana, que regresaban a la localidad luego de un festejo familiar en La Toma. Las tres personas fallecidas viajaban en el asiento trasero del veh\u00edculo.<\/h3>\n<h3><strong>SOBRE LA CONDENA<\/strong><\/h3>\n<h3>Uccello le aclar\u00f3 a E.T.V. que se trata de \u201cuna condena verdadera y no un perd\u00f3n\u201d. Adem\u00e1s, dijo que lo que se deja en suspenso es el cumplimiento efectivo de la prisi\u00f3n, es decir, que el hombre no va a ser alojado en el servicio penitenciario con la condici\u00f3n de que cumpla las siguientes reglas de conducta: fijar residencia e informar cambio de domicilio, entregar el carnet de conducir y abstenerse de consumir bebidas alcoh\u00f3licas.<\/h3>\n<h3>Tambi\u00e9n la Magistrada estableci\u00f3 que se informe a la Municipalidad de Naschel y a la Polic\u00eda de la zona, la prohibici\u00f3n de habilitar un nuevo carnet al condenado.<\/h3>\n<h3>El juicio abreviado es una de las formas alternativas de culminar un proceso penal mediante el cual el acusado de un delito reconoce la existencia del hecho, su participaci\u00f3n como autor, c\u00f3mplice o instigador y acepta la calificaci\u00f3n legal que el fiscal le otorga a ese hecho.<\/h3>\n<p>&nbsp;<\/p>\n<p>&nbsp;<\/p>\n<p>&nbsp;<\/p>\n<h3><\/h3>\n","protected":false},"excerpt":{"rendered":"<p>La Fiscal de Instrucci\u00f3n N\u00b0 1 de la Tercera Circunscripci\u00f3n Judicial, D\u00e9bora Roy Gitto, solicit\u00f3&#8230;<\/p>\n","protected":false},"author":1,"featured_media":16628,"comment_status":"closed","ping_status":"closed","sticky":false,"template":"","format":"standard","meta":{"footnotes":""},"categories":[6],"tags":[],"class_list":["post-16627","post","type-post","status-publish","format-standard","has-post-thumbnail","hentry","category-ciudad-provincia"],"yoast_head":"<!-- This site is optimized with the Yoast SEO plugin v26.1.1 - https:\/\/yoast.com\/wordpress\/plugins\/seo\/ -->\n<title>MUERTE DE 3 BOLIVIANOS: CONDENAN POR HOMICIDIO CULPOSO AL CONDUCTOR DE LA CAMIONETA - Apuntes de San Luis<\/title>\n<meta name=\"robots\" content=\"index, follow, max-snippet:-1, max-image-preview:large, max-video-preview:-1\" \/>\n<link rel=\"canonical\" href=\"https:\/\/apuntesdesanluis.com\/index.php\/2024\/05\/23\/muerte-de-3-bolivianos-condenan-por-homicidio-culposo-al-conductor-de-la-camioneta\/\" \/>\n<meta property=\"og:locale\" content=\"es_ES\" \/>\n<meta property=\"og:type\" content=\"article\" \/>\n<meta property=\"og:title\" content=\"MUERTE DE 3 BOLIVIANOS: CONDENAN POR HOMICIDIO CULPOSO AL CONDUCTOR DE LA CAMIONETA - Apuntes de San Luis\" \/>\n<meta property=\"og:description\" content=\"La Fiscal de Instrucci\u00f3n N\u00b0 1 de la Tercera Circunscripci\u00f3n Judicial, D\u00e9bora Roy Gitto, solicit\u00f3...\" \/>\n<meta property=\"og:url\" content=\"https:\/\/apuntesdesanluis.com\/index.php\/2024\/05\/23\/muerte-de-3-bolivianos-condenan-por-homicidio-culposo-al-conductor-de-la-camioneta\/\" \/>\n<meta property=\"og:site_name\" content=\"Apuntes de San Luis\" \/>\n<meta property=\"article:published_time\" content=\"2024-05-23T12:03:49+00:00\" \/>\n<meta property=\"og:image\" content=\"https:\/\/apuntesdesanluis.com\/wp-content\/uploads\/2024\/05\/JUICIO.png\" \/>\n\t<meta property=\"og:image:width\" content=\"600\" \/>\n\t<meta property=\"og:image:height\" content=\"313\" \/>\n\t<meta property=\"og:image:type\" content=\"image\/png\" \/>\n<meta name=\"author\" content=\"apuntesdesanluis.com\" \/>\n<meta name=\"twitter:card\" content=\"summary_large_image\" \/>\n<meta name=\"twitter:label1\" content=\"Escrito por\" \/>\n\t<meta name=\"twitter:data1\" content=\"apuntesdesanluis.com\" \/>\n\t<meta name=\"twitter:label2\" content=\"Tiempo de lectura\" \/>\n\t<meta name=\"twitter:data2\" content=\"3 minutos\" \/>\n<script type=\"application\/ld+json\" class=\"yoast-schema-graph\">{\"@context\":\"https:\/\/schema.org\",\"@graph\":[{\"@type\":\"Article\",\"@id\":\"https:\/\/apuntesdesanluis.com\/index.php\/2024\/05\/23\/muerte-de-3-bolivianos-condenan-por-homicidio-culposo-al-conductor-de-la-camioneta\/#article\",\"isPartOf\":{\"@id\":\"https:\/\/apuntesdesanluis.com\/index.php\/2024\/05\/23\/muerte-de-3-bolivianos-condenan-por-homicidio-culposo-al-conductor-de-la-camioneta\/\"},\"author\":{\"name\":\"apuntesdesanluis.com\",\"@id\":\"https:\/\/apuntesdesanluis.com\/#\/schema\/person\/b55151d52296fcce64d1a72538a70b90\"},\"headline\":\"MUERTE DE 3 BOLIVIANOS: CONDENAN POR HOMICIDIO CULPOSO AL CONDUCTOR DE LA CAMIONETA\",\"datePublished\":\"2024-05-23T12:03:49+00:00\",\"mainEntityOfPage\":{\"@id\":\"https:\/\/apuntesdesanluis.com\/index.php\/2024\/05\/23\/muerte-de-3-bolivianos-condenan-por-homicidio-culposo-al-conductor-de-la-camioneta\/\"},\"wordCount\":520,\"publisher\":{\"@id\":\"https:\/\/apuntesdesanluis.com\/#\/schema\/person\/b55151d52296fcce64d1a72538a70b90\"},\"image\":{\"@id\":\"https:\/\/apuntesdesanluis.com\/index.php\/2024\/05\/23\/muerte-de-3-bolivianos-condenan-por-homicidio-culposo-al-conductor-de-la-camioneta\/#primaryimage\"},\"thumbnailUrl\":\"https:\/\/apuntesdesanluis.com\/wp-content\/uploads\/2024\/05\/JUICIO.png\",\"articleSection\":[\"Ciudad\/Provincia\"],\"inLanguage\":\"es-AR\"},{\"@type\":\"WebPage\",\"@id\":\"https:\/\/apuntesdesanluis.com\/index.php\/2024\/05\/23\/muerte-de-3-bolivianos-condenan-por-homicidio-culposo-al-conductor-de-la-camioneta\/\",\"url\":\"https:\/\/apuntesdesanluis.com\/index.php\/2024\/05\/23\/muerte-de-3-bolivianos-condenan-por-homicidio-culposo-al-conductor-de-la-camioneta\/\",\"name\":\"MUERTE DE 3 BOLIVIANOS: CONDENAN POR HOMICIDIO CULPOSO AL CONDUCTOR DE LA CAMIONETA - Apuntes de San Luis\",\"isPartOf\":{\"@id\":\"https:\/\/apuntesdesanluis.com\/#website\"},\"primaryImageOfPage\":{\"@id\":\"https:\/\/apuntesdesanluis.com\/index.php\/2024\/05\/23\/muerte-de-3-bolivianos-condenan-por-homicidio-culposo-al-conductor-de-la-camioneta\/#primaryimage\"},\"image\":{\"@id\":\"https:\/\/apuntesdesanluis.com\/index.php\/2024\/05\/23\/muerte-de-3-bolivianos-condenan-por-homicidio-culposo-al-conductor-de-la-camioneta\/#primaryimage\"},\"thumbnailUrl\":\"https:\/\/apuntesdesanluis.com\/wp-content\/uploads\/2024\/05\/JUICIO.png\",\"datePublished\":\"2024-05-23T12:03:49+00:00\",\"breadcrumb\":{\"@id\":\"https:\/\/apuntesdesanluis.com\/index.php\/2024\/05\/23\/muerte-de-3-bolivianos-condenan-por-homicidio-culposo-al-conductor-de-la-camioneta\/#breadcrumb\"},\"inLanguage\":\"es-AR\",\"potentialAction\":[{\"@type\":\"ReadAction\",\"target\":[\"https:\/\/apuntesdesanluis.com\/index.php\/2024\/05\/23\/muerte-de-3-bolivianos-condenan-por-homicidio-culposo-al-conductor-de-la-camioneta\/\"]}]},{\"@type\":\"ImageObject\",\"inLanguage\":\"es-AR\",\"@id\":\"https:\/\/apuntesdesanluis.com\/index.php\/2024\/05\/23\/muerte-de-3-bolivianos-condenan-por-homicidio-culposo-al-conductor-de-la-camioneta\/#primaryimage\",\"url\":\"https:\/\/apuntesdesanluis.com\/wp-content\/uploads\/2024\/05\/JUICIO.png\",\"contentUrl\":\"https:\/\/apuntesdesanluis.com\/wp-content\/uploads\/2024\/05\/JUICIO.png\",\"width\":600,\"height\":313},{\"@type\":\"BreadcrumbList\",\"@id\":\"https:\/\/apuntesdesanluis.com\/index.php\/2024\/05\/23\/muerte-de-3-bolivianos-condenan-por-homicidio-culposo-al-conductor-de-la-camioneta\/#breadcrumb\",\"itemListElement\":[{\"@type\":\"ListItem\",\"position\":1,\"name\":\"Inicio\",\"item\":\"https:\/\/apuntesdesanluis.com\/\"},{\"@type\":\"ListItem\",\"position\":2,\"name\":\"MUERTE DE 3 BOLIVIANOS: CONDENAN POR HOMICIDIO CULPOSO AL CONDUCTOR DE LA CAMIONETA\"}]},{\"@type\":\"WebSite\",\"@id\":\"https:\/\/apuntesdesanluis.com\/#website\",\"url\":\"https:\/\/apuntesdesanluis.com\/\",\"name\":\"Apuntes de San Luis\",\"description\":\"\",\"publisher\":{\"@id\":\"https:\/\/apuntesdesanluis.com\/#\/schema\/person\/b55151d52296fcce64d1a72538a70b90\"},\"potentialAction\":[{\"@type\":\"SearchAction\",\"target\":{\"@type\":\"EntryPoint\",\"urlTemplate\":\"https:\/\/apuntesdesanluis.com\/?s={search_term_string}\"},\"query-input\":{\"@type\":\"PropertyValueSpecification\",\"valueRequired\":true,\"valueName\":\"search_term_string\"}}],\"inLanguage\":\"es-AR\"},{\"@type\":[\"Person\",\"Organization\"],\"@id\":\"https:\/\/apuntesdesanluis.com\/#\/schema\/person\/b55151d52296fcce64d1a72538a70b90\",\"name\":\"apuntesdesanluis.com\",\"image\":{\"@type\":\"ImageObject\",\"inLanguage\":\"es-AR\",\"@id\":\"https:\/\/apuntesdesanluis.com\/#\/schema\/person\/image\/\",\"url\":\"https:\/\/apuntesdesanluis.com\/wp-content\/uploads\/2023\/07\/cropped-apuntesdesanluis.png\",\"contentUrl\":\"https:\/\/apuntesdesanluis.com\/wp-content\/uploads\/2023\/07\/cropped-apuntesdesanluis.png\",\"width\":450,\"height\":112,\"caption\":\"apuntesdesanluis.com\"},\"logo\":{\"@id\":\"https:\/\/apuntesdesanluis.com\/#\/schema\/person\/image\/\"},\"sameAs\":[\"https:\/\/apuntesdesanluis.com\"],\"url\":\"https:\/\/apuntesdesanluis.com\/index.php\/author\/apuntesdesanluis-com\/\"}]}<\/script>\n<!-- \/ Yoast SEO plugin. -->","yoast_head_json":{"title":"MUERTE DE 3 BOLIVIANOS: CONDENAN POR HOMICIDIO CULPOSO AL CONDUCTOR DE LA CAMIONETA - Apuntes de San Luis","robots":{"index":"index","follow":"follow","max-snippet":"max-snippet:-1","max-image-preview":"max-image-preview:large","max-video-preview":"max-video-preview:-1"},"canonical":"https:\/\/apuntesdesanluis.com\/index.php\/2024\/05\/23\/muerte-de-3-bolivianos-condenan-por-homicidio-culposo-al-conductor-de-la-camioneta\/","og_locale":"es_ES","og_type":"article","og_title":"MUERTE DE 3 BOLIVIANOS: CONDENAN POR HOMICIDIO CULPOSO AL CONDUCTOR DE LA CAMIONETA - Apuntes de San Luis","og_description":"La Fiscal de Instrucci\u00f3n N\u00b0 1 de la Tercera Circunscripci\u00f3n Judicial, D\u00e9bora Roy Gitto, solicit\u00f3...","og_url":"https:\/\/apuntesdesanluis.com\/index.php\/2024\/05\/23\/muerte-de-3-bolivianos-condenan-por-homicidio-culposo-al-conductor-de-la-camioneta\/","og_site_name":"Apuntes de San Luis","article_published_time":"2024-05-23T12:03:49+00:00","og_image":[{"width":600,"height":313,"url":"https:\/\/apuntesdesanluis.com\/wp-content\/uploads\/2024\/05\/JUICIO.png","type":"image\/png"}],"author":"apuntesdesanluis.com","twitter_card":"summary_large_image","twitter_misc":{"Escrito por":"apuntesdesanluis.com","Tiempo de lectura":"3 minutos"},"schema":{"@context":"https:\/\/schema.org","@graph":[{"@type":"Article","@id":"https:\/\/apuntesdesanluis.com\/index.php\/2024\/05\/23\/muerte-de-3-bolivianos-condenan-por-homicidio-culposo-al-conductor-de-la-camioneta\/#article","isPartOf":{"@id":"https:\/\/apuntesdesanluis.com\/index.php\/2024\/05\/23\/muerte-de-3-bolivianos-condenan-por-homicidio-culposo-al-conductor-de-la-camioneta\/"},"author":{"name":"apuntesdesanluis.com","@id":"https:\/\/apuntesdesanluis.com\/#\/schema\/person\/b55151d52296fcce64d1a72538a70b90"},"headline":"MUERTE DE 3 BOLIVIANOS: CONDENAN POR HOMICIDIO CULPOSO AL CONDUCTOR DE LA CAMIONETA","datePublished":"2024-05-23T12:03:49+00:00","mainEntityOfPage":{"@id":"https:\/\/apuntesdesanluis.com\/index.php\/2024\/05\/23\/muerte-de-3-bolivianos-condenan-por-homicidio-culposo-al-conductor-de-la-camioneta\/"},"wordCount":520,"publisher":{"@id":"https:\/\/apuntesdesanluis.com\/#\/schema\/person\/b55151d52296fcce64d1a72538a70b90"},"image":{"@id":"https:\/\/apuntesdesanluis.com\/index.php\/2024\/05\/23\/muerte-de-3-bolivianos-condenan-por-homicidio-culposo-al-conductor-de-la-camioneta\/#primaryimage"},"thumbnailUrl":"https:\/\/apuntesdesanluis.com\/wp-content\/uploads\/2024\/05\/JUICIO.png","articleSection":["Ciudad\/Provincia"],"inLanguage":"es-AR"},{"@type":"WebPage","@id":"https:\/\/apuntesdesanluis.com\/index.php\/2024\/05\/23\/muerte-de-3-bolivianos-condenan-por-homicidio-culposo-al-conductor-de-la-camioneta\/","url":"https:\/\/apuntesdesanluis.com\/index.php\/2024\/05\/23\/muerte-de-3-bolivianos-condenan-por-homicidio-culposo-al-conductor-de-la-camioneta\/","name":"MUERTE DE 3 BOLIVIANOS: CONDENAN POR HOMICIDIO CULPOSO AL CONDUCTOR DE LA CAMIONETA - Apuntes de San Luis","isPartOf":{"@id":"https:\/\/apuntesdesanluis.com\/#website"},"primaryImageOfPage":{"@id":"https:\/\/apuntesdesanluis.com\/index.php\/2024\/05\/23\/muerte-de-3-bolivianos-condenan-por-homicidio-culposo-al-conductor-de-la-camioneta\/#primaryimage"},"image":{"@id":"https:\/\/apuntesdesanluis.com\/index.php\/2024\/05\/23\/muerte-de-3-bolivianos-condenan-por-homicidio-culposo-al-conductor-de-la-camioneta\/#primaryimage"},"thumbnailUrl":"https:\/\/apuntesdesanluis.com\/wp-content\/uploads\/2024\/05\/JUICIO.png","datePublished":"2024-05-23T12:03:49+00:00","breadcrumb":{"@id":"https:\/\/apuntesdesanluis.com\/index.php\/2024\/05\/23\/muerte-de-3-bolivianos-condenan-por-homicidio-culposo-al-conductor-de-la-camioneta\/#breadcrumb"},"inLanguage":"es-AR","potentialAction":[{"@type":"ReadAction","target":["https:\/\/apuntesdesanluis.com\/index.php\/2024\/05\/23\/muerte-de-3-bolivianos-condenan-por-homicidio-culposo-al-conductor-de-la-camioneta\/"]}]},{"@type":"ImageObject","inLanguage":"es-AR","@id":"https:\/\/apuntesdesanluis.com\/index.php\/2024\/05\/23\/muerte-de-3-bolivianos-condenan-por-homicidio-culposo-al-conductor-de-la-camioneta\/#primaryimage","url":"https:\/\/apuntesdesanluis.com\/wp-content\/uploads\/2024\/05\/JUICIO.png","contentUrl":"https:\/\/apuntesdesanluis.com\/wp-content\/uploads\/2024\/05\/JUICIO.png","width":600,"height":313},{"@type":"BreadcrumbList","@id":"https:\/\/apuntesdesanluis.com\/index.php\/2024\/05\/23\/muerte-de-3-bolivianos-condenan-por-homicidio-culposo-al-conductor-de-la-camioneta\/#breadcrumb","itemListElement":[{"@type":"ListItem","position":1,"name":"Inicio","item":"https:\/\/apuntesdesanluis.com\/"},{"@type":"ListItem","position":2,"name":"MUERTE DE 3 BOLIVIANOS: CONDENAN POR HOMICIDIO CULPOSO AL CONDUCTOR DE LA CAMIONETA"}]},{"@type":"WebSite","@id":"https:\/\/apuntesdesanluis.com\/#website","url":"https:\/\/apuntesdesanluis.com\/","name":"Apuntes de San Luis","description":"","publisher":{"@id":"https:\/\/apuntesdesanluis.com\/#\/schema\/person\/b55151d52296fcce64d1a72538a70b90"},"potentialAction":[{"@type":"SearchAction","target":{"@type":"EntryPoint","urlTemplate":"https:\/\/apuntesdesanluis.com\/?s={search_term_string}"},"query-input":{"@type":"PropertyValueSpecification","valueRequired":true,"valueName":"search_term_string"}}],"inLanguage":"es-AR"},{"@type":["Person","Organization"],"@id":"https:\/\/apuntesdesanluis.com\/#\/schema\/person\/b55151d52296fcce64d1a72538a70b90","name":"apuntesdesanluis.com","image":{"@type":"ImageObject","inLanguage":"es-AR","@id":"https:\/\/apuntesdesanluis.com\/#\/schema\/person\/image\/","url":"https:\/\/apuntesdesanluis.com\/wp-content\/uploads\/2023\/07\/cropped-apuntesdesanluis.png","contentUrl":"https:\/\/apuntesdesanluis.com\/wp-content\/uploads\/2023\/07\/cropped-apuntesdesanluis.png","width":450,"height":112,"caption":"apuntesdesanluis.com"},"logo":{"@id":"https:\/\/apuntesdesanluis.com\/#\/schema\/person\/image\/"},"sameAs":["https:\/\/apuntesdesanluis.com"],"url":"https:\/\/apuntesdesanluis.com\/index.php\/author\/apuntesdesanluis-com\/"}]}},"featured_image_urls":{"full":["https:\/\/apuntesdesanluis.com\/wp-content\/uploads\/2024\/05\/JUICIO.png",600,313,false],"thumbnail":["https:\/\/apuntesdesanluis.com\/wp-content\/uploads\/2024\/05\/JUICIO-150x150.png",150,150,true],"medium":["https:\/\/apuntesdesanluis.com\/wp-content\/uploads\/2024\/05\/JUICIO-300x157.png",300,157,true],"medium_large":["https:\/\/apuntesdesanluis.com\/wp-content\/uploads\/2024\/05\/JUICIO.png",600,313,false],"large":["https:\/\/apuntesdesanluis.com\/wp-content\/uploads\/2024\/05\/JUICIO.png",600,313,false],"1536x1536":["https:\/\/apuntesdesanluis.com\/wp-content\/uploads\/2024\/05\/JUICIO.png",600,313,false],"2048x2048":["https:\/\/apuntesdesanluis.com\/wp-content\/uploads\/2024\/05\/JUICIO.png",600,313,false],"newsever-slider-full":["https:\/\/apuntesdesanluis.com\/wp-content\/uploads\/2024\/05\/JUICIO.png",600,313,false],"newsever-featured":["https:\/\/apuntesdesanluis.com\/wp-content\/uploads\/2024\/05\/JUICIO.png",600,313,false],"newsever-medium":["https:\/\/apuntesdesanluis.com\/wp-content\/uploads\/2024\/05\/JUICIO.png",600,313,false]},"author_info":{"display_name":"apuntesdesanluis.com","author_link":"https:\/\/apuntesdesanluis.com\/index.php\/author\/apuntesdesanluis-com\/"},"category_info":"<a href=\"https:\/\/apuntesdesanluis.com\/index.php\/category\/ciudad-provincia\/\" rel=\"category tag\">Ciudad\/Provincia<\/a>","tag_info":"Ciudad\/Provincia","comment_count":"0","_links":{"self":[{"href":"https:\/\/apuntesdesanluis.com\/index.php\/wp-json\/wp\/v2\/posts\/16627","targetHints":{"allow":["GET"]}}],"collection":[{"href":"https:\/\/apuntesdesanluis.com\/index.php\/wp-json\/wp\/v2\/posts"}],"about":[{"href":"https:\/\/apuntesdesanluis.com\/index.php\/wp-json\/wp\/v2\/types\/post"}],"author":[{"embeddable":true,"href":"https:\/\/apuntesdesanluis.com\/index.php\/wp-json\/wp\/v2\/users\/1"}],"replies":[{"embeddable":true,"href":"https:\/\/apuntesdesanluis.com\/index.php\/wp-json\/wp\/v2\/comments?post=16627"}],"version-history":[{"count":1,"href":"https:\/\/apuntesdesanluis.com\/index.php\/wp-json\/wp\/v2\/posts\/16627\/revisions"}],"predecessor-version":[{"id":16630,"href":"https:\/\/apuntesdesanluis.com\/index.php\/wp-json\/wp\/v2\/posts\/16627\/revisions\/16630"}],"wp:featuredmedia":[{"embeddable":true,"href":"https:\/\/apuntesdesanluis.com\/index.php\/wp-json\/wp\/v2\/media\/16628"}],"wp:attachment":[{"href":"https:\/\/apuntesdesanluis.com\/index.php\/wp-json\/wp\/v2\/media?parent=16627"}],"wp:term":[{"taxonomy":"category","embeddable":true,"href":"https:\/\/apuntesdesanluis.com\/index.php\/wp-json\/wp\/v2\/categories?post=16627"},{"taxonomy":"post_tag","embeddable":true,"href":"https:\/\/apuntesdesanluis.com\/index.php\/wp-json\/wp\/v2\/tags?post=16627"}],"curies":[{"name":"wp","href":"https:\/\/api.w.org\/{rel}","templated":true}]}}