{"id":16645,"date":"2024-05-23T09:44:44","date_gmt":"2024-05-23T12:44:44","guid":{"rendered":"https:\/\/apuntesdesanluis.com\/?p=16645"},"modified":"2024-05-23T09:44:44","modified_gmt":"2024-05-23T12:44:44","slug":"se-cumple-el-paro-nacional-de-las-universidades-con-el-salario-como-principal-reclamo","status":"publish","type":"post","link":"https:\/\/apuntesdesanluis.com\/index.php\/2024\/05\/23\/se-cumple-el-paro-nacional-de-las-universidades-con-el-salario-como-principal-reclamo\/","title":{"rendered":"SE CUMPLE EL PARO NACIONAL DE LAS UNIVERSIDADES, CON EL SALARIO COMO PRINCIPAL RECLAMO"},"content":{"rendered":"<h3>A pesar que el gobierno nacional anunci\u00f3 un acuerdo para aumentar los gastos de funcionamiento, el mismo a\u00fan no se hizo efectivo ni se firm\u00f3 un acuerdo. Por otro lado, persiste el reclamo salarial de docentes y nodocentes por una recomposici\u00f3n salarial que permita recomponer el poder adquisitivo perdido en el \u00faltimo semestre, superior al 60%.<\/h3>\n<h3>El vocero presidencial Manuel Adorni anunci\u00f3 que se hab\u00eda llegado a un acuerdo con las universidades nacionales, a partir que el Gobierno nacional se comprometi\u00f3 a actualizar un 270% los gastos de funcionamiento para todas las casas de estudio, como ya lo hizo con la Universidad de Buenos Aires (UBA).<\/h3>\n<h3>Desde el Consejo Interuniversitario Nacional (CIN), el organismo que nuclea a los rectores de las universidades p\u00fablicas, confirmaron que hubo conversaciones pero el acuerdo a\u00fan no est\u00e1 firmado: deber\u00eda concretarse el lunes o martes de la semana pr\u00f3xima. En tanto, ayer no hubo acuerdo en la paritaria con docentes y no docentes, y el Frente Sindical de Universidades Nacionales ratific\u00f3 el paro nacional de este jueves 23, al que tambi\u00e9n adhieren los gremios docentes del sistema educativo obligatorio (CTERA, UDA, SADOP, AMET y CEA).<\/h3>\n<h3>La propuesta del Gobierno \u2013que reconoce el reclamo de la Marcha Federal Universitaria del pasado 23 de abril\u2013 fue realizada en el marco de una reuni\u00f3n informal y prev\u00e9 el compromiso de equiparar la actualizaci\u00f3n que consigui\u00f3 la UBA de 270% para gastos de funcionamiento. Esa propuesta deber\u00eda concretarse formalmente la semana que viene, en una reuni\u00f3n entre las autoridades del CIN y el subsecretario de Pol\u00edticas Universitarias, Alejandro \u00c1lvarez.<\/h3>\n<h3>En ese mismo encuentro \u201cse concretar\u00eda el llamado a las mesas de trabajo de los temas salariales, becas estudiantiles, Ciencia y Tecnolog\u00eda, obras de infraestructura y resoluciones adeudadas\u201d, dijeron desde el CIN, en referencia a las principales demandas de la Marcha Federal, en la que hab\u00edan participado las universidades de todo el pa\u00eds. La propuesta oficial tambi\u00e9n prev\u00e9 que se inicien \u201clas reuniones para discutir t\u00e9cnicamente la confecci\u00f3n del presupuesto 2025 en conjunto\u201d, mencionaron desde el CIN.<\/h3>\n<h3>\u201cSi en los pr\u00f3ximos d\u00edas se confirma lo anunciado y se ratifica formalmente en una resoluci\u00f3n de igual tenor a la que se emiti\u00f3 para la UBA, ser\u00eda un paso importante que reconoce lo que las universidades p\u00fablicas venimos planteando desde enero, y que da respuesta a lo que reclamamos desde que se tom\u00f3 la decisi\u00f3n discrecional de actualizar el presupuesto de la UBA desconociendo a 60 universidades que a lo largo y a lo ancho del pa\u00eds representamos el 85% de los m\u00e1s de 2 millones de estudiantes que tiene el sistema universitario p\u00fablico de la Argentina\u201d, dijo Franco Bartolacci, rector de la Universidad Nacional de Rosario (UNR).<\/h3>\n<h3>\u201cNos dar\u00eda el ox\u00edgeno suficiente para poder llegar a fin de a\u00f1o sin lesionar las actividades b\u00e1sicas y el funcionamiento de la universidad\u201d, plante\u00f3 Bartolacci. \u201cSi se confirma el lunes que es ese el aumento en materia de gastos de funcionamiento, la situaci\u00f3n va a quedar acomodada para tener previsibilidad\u201d, coincidieron desde otra universidad nacional.<\/h3>\n<h3>La semana pasada la UBA hab\u00eda anunciado la suspensi\u00f3n de la emergencia presupuestaria, luego de que el Gobierno nacional le ofreciera un aumento de 270% en el presupuesto para gastos de funcionamiento y de 300% para los hospitales universitarios.<\/h3>\n<h3>El CIN hab\u00eda denunciado que ese acuerdo discriminaba al resto de las universidades nacionales: \u201cResulta inadmisible y provocador que se reconozca (el reclamo) solo para una universidad y no para la totalidad del sistema que re\u00fane a un conjunto de 60 universidades a lo largo y a lo ancho de todo el pa\u00eds, que representan a dos millones de estudiantes de las universidades argentinas\u201d. En un comunicado, los rectores declararon: \u201cNo aceptaremos que existan estudiantes de primera y de segunda\u201d.<\/h3>\n<h3>EL SALARIO, ENTRE LOS PRINCIPALES RECLAMOS<\/h3>\n<h3>M\u00e1s all\u00e1 del nuevo anuncio oficial, Bartolacci enumer\u00f3 varios ejes de discusi\u00f3n que contin\u00faan abiertos: \u201cQueda pendiente resolver la cuesti\u00f3n salarial de los trabajadores de la educaci\u00f3n, la continuidad del programa nacional de infraestructura universitaria \u2013hoy todas las obras est\u00e1n paradas\u2013, la actualizaci\u00f3n de los programas de asistencia y becas estudiantiles (que en un contexto de crisis econ\u00f3mica son definitorios para garantizar la continuidad de los estudios) y la situaci\u00f3n cr\u00edtica del sistema cient\u00edfico\u201d.<\/h3>\n<h3>El atraso salarial de docentes y no docentes fue uno de los principales reclamos de la Marcha Federal Universitaria. Este lunes el Gobierno nacional ofreci\u00f3 un 9% de actualizaci\u00f3n para mayo, que se suma al 16% otorgado en febrero, el 12% en marzo y el 8% en abril. El Frente Sindical de Universidades Nacionales (que nuclea a los gremios CONADU, CONADU Hist\u00f3rica, FEDUN, CTERA, FAGDUT, UDA y FATUN) rechaz\u00f3 una vez m\u00e1s la oferta realizada por el Ministerio de Capital Humano, y se pas\u00f3 a un cuarto intermedio hasta el martes 28.<\/h3>\n<h3>Desde el Frente Sindical ratificaron el paro nacional del jueves 23 de mayo \u2013a un mes de la masiva movilizaci\u00f3n de abril\u2013, que ser\u00e1 precedido por una jornada de \u201cvisibilizaci\u00f3n\u201d del conflicto el mi\u00e9rcoles 22 en las universidades p\u00fablicas de todo el pa\u00eds.<\/h3>\n<h3>Seg\u00fan explicaron desde Conadu, en los cinco meses de la actual gesti\u00f3n de gobierno, los docentes universitarios acumulan una actualizaci\u00f3n salarial del 61,4% (incluyendo el 9% anunciado el lunes), mientras que la inflaci\u00f3n desde diciembre fue del 122,5% (previendo un 7,5% en mayo, seg\u00fan el REM del BCRA). La diferencia acumulada es de 61 puntos porcentuales.<\/h3>\n<h3>La medida de fuerza tiene la adhesi\u00f3n de los gremios docentes de los niveles educativos obligatorios (inicial, primaria y secundaria). Los reclamos de los gremios nacionales incluyen como primer punto la convocatoria a discutir el salario m\u00ednimo docente, que permanece congelado en 250.000 pesos desde diciembre de 2023, y que funciona como un piso para las negociaciones paritarias en cada provincia.<\/h3>\n<h3>Los reclamos tambi\u00e9n incluyen la restituci\u00f3n del Fondo Nacional de Incentivo Docente (FONID), el env\u00edo de recursos para infraestructura escolar y comedores, el financiamiento de programas educativos y el rechazo a una eventual modificaci\u00f3n de los reg\u00edmenes jubilatorios de docentes nacionales y provinciales, se\u00f1al\u00f3 CTERA en un comunicado.<\/h3>\n<p>&nbsp;<\/p>\n<p>&nbsp;<\/p>\n<p>&nbsp;<\/p>\n","protected":false},"excerpt":{"rendered":"<p>A pesar que el gobierno nacional anunci\u00f3 un acuerdo para aumentar los gastos de funcionamiento,&#8230;<\/p>\n","protected":false},"author":1,"featured_media":16646,"comment_status":"closed","ping_status":"closed","sticky":false,"template":"","format":"standard","meta":{"footnotes":""},"categories":[5],"tags":[],"class_list":["post-16645","post","type-post","status-publish","format-standard","has-post-thumbnail","hentry","category-nacionales-internacionales"],"yoast_head":"<!-- This site is optimized with the Yoast SEO plugin v26.1.1 - https:\/\/yoast.com\/wordpress\/plugins\/seo\/ -->\n<title>SE CUMPLE EL PARO NACIONAL DE LAS UNIVERSIDADES, CON EL SALARIO COMO PRINCIPAL RECLAMO - Apuntes de San Luis<\/title>\n<meta name=\"robots\" content=\"index, follow, max-snippet:-1, max-image-preview:large, max-video-preview:-1\" \/>\n<link rel=\"canonical\" href=\"https:\/\/apuntesdesanluis.com\/index.php\/2024\/05\/23\/se-cumple-el-paro-nacional-de-las-universidades-con-el-salario-como-principal-reclamo\/\" \/>\n<meta property=\"og:locale\" content=\"es_ES\" \/>\n<meta property=\"og:type\" content=\"article\" \/>\n<meta property=\"og:title\" content=\"SE CUMPLE EL PARO NACIONAL DE LAS UNIVERSIDADES, CON EL SALARIO COMO PRINCIPAL RECLAMO - Apuntes de San Luis\" \/>\n<meta property=\"og:description\" content=\"A pesar que el gobierno nacional anunci\u00f3 un acuerdo para aumentar los gastos de funcionamiento,...\" \/>\n<meta property=\"og:url\" content=\"https:\/\/apuntesdesanluis.com\/index.php\/2024\/05\/23\/se-cumple-el-paro-nacional-de-las-universidades-con-el-salario-como-principal-reclamo\/\" \/>\n<meta property=\"og:site_name\" content=\"Apuntes de San Luis\" \/>\n<meta property=\"article:published_time\" content=\"2024-05-23T12:44:44+00:00\" \/>\n<meta property=\"og:image\" content=\"https:\/\/apuntesdesanluis.com\/wp-content\/uploads\/2024\/05\/sin-salarios-no-hay-universidad.png\" \/>\n\t<meta property=\"og:image:width\" content=\"700\" \/>\n\t<meta property=\"og:image:height\" content=\"397\" \/>\n\t<meta property=\"og:image:type\" content=\"image\/png\" \/>\n<meta name=\"author\" content=\"apuntesdesanluis.com\" \/>\n<meta name=\"twitter:card\" content=\"summary_large_image\" \/>\n<meta name=\"twitter:label1\" content=\"Escrito por\" \/>\n\t<meta name=\"twitter:data1\" content=\"apuntesdesanluis.com\" \/>\n\t<meta name=\"twitter:label2\" content=\"Tiempo de lectura\" \/>\n\t<meta name=\"twitter:data2\" content=\"5 minutos\" \/>\n<script type=\"application\/ld+json\" class=\"yoast-schema-graph\">{\"@context\":\"https:\/\/schema.org\",\"@graph\":[{\"@type\":\"Article\",\"@id\":\"https:\/\/apuntesdesanluis.com\/index.php\/2024\/05\/23\/se-cumple-el-paro-nacional-de-las-universidades-con-el-salario-como-principal-reclamo\/#article\",\"isPartOf\":{\"@id\":\"https:\/\/apuntesdesanluis.com\/index.php\/2024\/05\/23\/se-cumple-el-paro-nacional-de-las-universidades-con-el-salario-como-principal-reclamo\/\"},\"author\":{\"name\":\"apuntesdesanluis.com\",\"@id\":\"https:\/\/apuntesdesanluis.com\/#\/schema\/person\/b55151d52296fcce64d1a72538a70b90\"},\"headline\":\"SE CUMPLE EL PARO NACIONAL DE LAS UNIVERSIDADES, CON EL SALARIO COMO PRINCIPAL RECLAMO\",\"datePublished\":\"2024-05-23T12:44:44+00:00\",\"mainEntityOfPage\":{\"@id\":\"https:\/\/apuntesdesanluis.com\/index.php\/2024\/05\/23\/se-cumple-el-paro-nacional-de-las-universidades-con-el-salario-como-principal-reclamo\/\"},\"wordCount\":1062,\"publisher\":{\"@id\":\"https:\/\/apuntesdesanluis.com\/#\/schema\/person\/b55151d52296fcce64d1a72538a70b90\"},\"image\":{\"@id\":\"https:\/\/apuntesdesanluis.com\/index.php\/2024\/05\/23\/se-cumple-el-paro-nacional-de-las-universidades-con-el-salario-como-principal-reclamo\/#primaryimage\"},\"thumbnailUrl\":\"https:\/\/apuntesdesanluis.com\/wp-content\/uploads\/2024\/05\/sin-salarios-no-hay-universidad.png\",\"articleSection\":[\"Nacionales\/Internacionales\"],\"inLanguage\":\"es-AR\"},{\"@type\":\"WebPage\",\"@id\":\"https:\/\/apuntesdesanluis.com\/index.php\/2024\/05\/23\/se-cumple-el-paro-nacional-de-las-universidades-con-el-salario-como-principal-reclamo\/\",\"url\":\"https:\/\/apuntesdesanluis.com\/index.php\/2024\/05\/23\/se-cumple-el-paro-nacional-de-las-universidades-con-el-salario-como-principal-reclamo\/\",\"name\":\"SE CUMPLE EL PARO NACIONAL DE LAS UNIVERSIDADES, CON EL SALARIO COMO PRINCIPAL RECLAMO - Apuntes de San Luis\",\"isPartOf\":{\"@id\":\"https:\/\/apuntesdesanluis.com\/#website\"},\"primaryImageOfPage\":{\"@id\":\"https:\/\/apuntesdesanluis.com\/index.php\/2024\/05\/23\/se-cumple-el-paro-nacional-de-las-universidades-con-el-salario-como-principal-reclamo\/#primaryimage\"},\"image\":{\"@id\":\"https:\/\/apuntesdesanluis.com\/index.php\/2024\/05\/23\/se-cumple-el-paro-nacional-de-las-universidades-con-el-salario-como-principal-reclamo\/#primaryimage\"},\"thumbnailUrl\":\"https:\/\/apuntesdesanluis.com\/wp-content\/uploads\/2024\/05\/sin-salarios-no-hay-universidad.png\",\"datePublished\":\"2024-05-23T12:44:44+00:00\",\"breadcrumb\":{\"@id\":\"https:\/\/apuntesdesanluis.com\/index.php\/2024\/05\/23\/se-cumple-el-paro-nacional-de-las-universidades-con-el-salario-como-principal-reclamo\/#breadcrumb\"},\"inLanguage\":\"es-AR\",\"potentialAction\":[{\"@type\":\"ReadAction\",\"target\":[\"https:\/\/apuntesdesanluis.com\/index.php\/2024\/05\/23\/se-cumple-el-paro-nacional-de-las-universidades-con-el-salario-como-principal-reclamo\/\"]}]},{\"@type\":\"ImageObject\",\"inLanguage\":\"es-AR\",\"@id\":\"https:\/\/apuntesdesanluis.com\/index.php\/2024\/05\/23\/se-cumple-el-paro-nacional-de-las-universidades-con-el-salario-como-principal-reclamo\/#primaryimage\",\"url\":\"https:\/\/apuntesdesanluis.com\/wp-content\/uploads\/2024\/05\/sin-salarios-no-hay-universidad.png\",\"contentUrl\":\"https:\/\/apuntesdesanluis.com\/wp-content\/uploads\/2024\/05\/sin-salarios-no-hay-universidad.png\",\"width\":700,\"height\":397},{\"@type\":\"BreadcrumbList\",\"@id\":\"https:\/\/apuntesdesanluis.com\/index.php\/2024\/05\/23\/se-cumple-el-paro-nacional-de-las-universidades-con-el-salario-como-principal-reclamo\/#breadcrumb\",\"itemListElement\":[{\"@type\":\"ListItem\",\"position\":1,\"name\":\"Inicio\",\"item\":\"https:\/\/apuntesdesanluis.com\/\"},{\"@type\":\"ListItem\",\"position\":2,\"name\":\"SE CUMPLE EL PARO NACIONAL DE LAS UNIVERSIDADES, CON EL SALARIO COMO PRINCIPAL RECLAMO\"}]},{\"@type\":\"WebSite\",\"@id\":\"https:\/\/apuntesdesanluis.com\/#website\",\"url\":\"https:\/\/apuntesdesanluis.com\/\",\"name\":\"Apuntes de San Luis\",\"description\":\"\",\"publisher\":{\"@id\":\"https:\/\/apuntesdesanluis.com\/#\/schema\/person\/b55151d52296fcce64d1a72538a70b90\"},\"potentialAction\":[{\"@type\":\"SearchAction\",\"target\":{\"@type\":\"EntryPoint\",\"urlTemplate\":\"https:\/\/apuntesdesanluis.com\/?s={search_term_string}\"},\"query-input\":{\"@type\":\"PropertyValueSpecification\",\"valueRequired\":true,\"valueName\":\"search_term_string\"}}],\"inLanguage\":\"es-AR\"},{\"@type\":[\"Person\",\"Organization\"],\"@id\":\"https:\/\/apuntesdesanluis.com\/#\/schema\/person\/b55151d52296fcce64d1a72538a70b90\",\"name\":\"apuntesdesanluis.com\",\"image\":{\"@type\":\"ImageObject\",\"inLanguage\":\"es-AR\",\"@id\":\"https:\/\/apuntesdesanluis.com\/#\/schema\/person\/image\/\",\"url\":\"https:\/\/apuntesdesanluis.com\/wp-content\/uploads\/2023\/07\/cropped-apuntesdesanluis.png\",\"contentUrl\":\"https:\/\/apuntesdesanluis.com\/wp-content\/uploads\/2023\/07\/cropped-apuntesdesanluis.png\",\"width\":450,\"height\":112,\"caption\":\"apuntesdesanluis.com\"},\"logo\":{\"@id\":\"https:\/\/apuntesdesanluis.com\/#\/schema\/person\/image\/\"},\"sameAs\":[\"https:\/\/apuntesdesanluis.com\"],\"url\":\"https:\/\/apuntesdesanluis.com\/index.php\/author\/apuntesdesanluis-com\/\"}]}<\/script>\n<!-- \/ Yoast SEO plugin. -->","yoast_head_json":{"title":"SE CUMPLE EL PARO NACIONAL DE LAS UNIVERSIDADES, CON EL SALARIO COMO PRINCIPAL RECLAMO - Apuntes de San Luis","robots":{"index":"index","follow":"follow","max-snippet":"max-snippet:-1","max-image-preview":"max-image-preview:large","max-video-preview":"max-video-preview:-1"},"canonical":"https:\/\/apuntesdesanluis.com\/index.php\/2024\/05\/23\/se-cumple-el-paro-nacional-de-las-universidades-con-el-salario-como-principal-reclamo\/","og_locale":"es_ES","og_type":"article","og_title":"SE CUMPLE EL PARO NACIONAL DE LAS UNIVERSIDADES, CON EL SALARIO COMO PRINCIPAL RECLAMO - Apuntes de San Luis","og_description":"A pesar que el gobierno nacional anunci\u00f3 un acuerdo para aumentar los gastos de funcionamiento,...","og_url":"https:\/\/apuntesdesanluis.com\/index.php\/2024\/05\/23\/se-cumple-el-paro-nacional-de-las-universidades-con-el-salario-como-principal-reclamo\/","og_site_name":"Apuntes de San Luis","article_published_time":"2024-05-23T12:44:44+00:00","og_image":[{"width":700,"height":397,"url":"https:\/\/apuntesdesanluis.com\/wp-content\/uploads\/2024\/05\/sin-salarios-no-hay-universidad.png","type":"image\/png"}],"author":"apuntesdesanluis.com","twitter_card":"summary_large_image","twitter_misc":{"Escrito por":"apuntesdesanluis.com","Tiempo de lectura":"5 minutos"},"schema":{"@context":"https:\/\/schema.org","@graph":[{"@type":"Article","@id":"https:\/\/apuntesdesanluis.com\/index.php\/2024\/05\/23\/se-cumple-el-paro-nacional-de-las-universidades-con-el-salario-como-principal-reclamo\/#article","isPartOf":{"@id":"https:\/\/apuntesdesanluis.com\/index.php\/2024\/05\/23\/se-cumple-el-paro-nacional-de-las-universidades-con-el-salario-como-principal-reclamo\/"},"author":{"name":"apuntesdesanluis.com","@id":"https:\/\/apuntesdesanluis.com\/#\/schema\/person\/b55151d52296fcce64d1a72538a70b90"},"headline":"SE CUMPLE EL PARO NACIONAL DE LAS UNIVERSIDADES, CON EL SALARIO COMO PRINCIPAL RECLAMO","datePublished":"2024-05-23T12:44:44+00:00","mainEntityOfPage":{"@id":"https:\/\/apuntesdesanluis.com\/index.php\/2024\/05\/23\/se-cumple-el-paro-nacional-de-las-universidades-con-el-salario-como-principal-reclamo\/"},"wordCount":1062,"publisher":{"@id":"https:\/\/apuntesdesanluis.com\/#\/schema\/person\/b55151d52296fcce64d1a72538a70b90"},"image":{"@id":"https:\/\/apuntesdesanluis.com\/index.php\/2024\/05\/23\/se-cumple-el-paro-nacional-de-las-universidades-con-el-salario-como-principal-reclamo\/#primaryimage"},"thumbnailUrl":"https:\/\/apuntesdesanluis.com\/wp-content\/uploads\/2024\/05\/sin-salarios-no-hay-universidad.png","articleSection":["Nacionales\/Internacionales"],"inLanguage":"es-AR"},{"@type":"WebPage","@id":"https:\/\/apuntesdesanluis.com\/index.php\/2024\/05\/23\/se-cumple-el-paro-nacional-de-las-universidades-con-el-salario-como-principal-reclamo\/","url":"https:\/\/apuntesdesanluis.com\/index.php\/2024\/05\/23\/se-cumple-el-paro-nacional-de-las-universidades-con-el-salario-como-principal-reclamo\/","name":"SE CUMPLE EL PARO NACIONAL DE LAS UNIVERSIDADES, CON EL SALARIO COMO PRINCIPAL RECLAMO - Apuntes de San Luis","isPartOf":{"@id":"https:\/\/apuntesdesanluis.com\/#website"},"primaryImageOfPage":{"@id":"https:\/\/apuntesdesanluis.com\/index.php\/2024\/05\/23\/se-cumple-el-paro-nacional-de-las-universidades-con-el-salario-como-principal-reclamo\/#primaryimage"},"image":{"@id":"https:\/\/apuntesdesanluis.com\/index.php\/2024\/05\/23\/se-cumple-el-paro-nacional-de-las-universidades-con-el-salario-como-principal-reclamo\/#primaryimage"},"thumbnailUrl":"https:\/\/apuntesdesanluis.com\/wp-content\/uploads\/2024\/05\/sin-salarios-no-hay-universidad.png","datePublished":"2024-05-23T12:44:44+00:00","breadcrumb":{"@id":"https:\/\/apuntesdesanluis.com\/index.php\/2024\/05\/23\/se-cumple-el-paro-nacional-de-las-universidades-con-el-salario-como-principal-reclamo\/#breadcrumb"},"inLanguage":"es-AR","potentialAction":[{"@type":"ReadAction","target":["https:\/\/apuntesdesanluis.com\/index.php\/2024\/05\/23\/se-cumple-el-paro-nacional-de-las-universidades-con-el-salario-como-principal-reclamo\/"]}]},{"@type":"ImageObject","inLanguage":"es-AR","@id":"https:\/\/apuntesdesanluis.com\/index.php\/2024\/05\/23\/se-cumple-el-paro-nacional-de-las-universidades-con-el-salario-como-principal-reclamo\/#primaryimage","url":"https:\/\/apuntesdesanluis.com\/wp-content\/uploads\/2024\/05\/sin-salarios-no-hay-universidad.png","contentUrl":"https:\/\/apuntesdesanluis.com\/wp-content\/uploads\/2024\/05\/sin-salarios-no-hay-universidad.png","width":700,"height":397},{"@type":"BreadcrumbList","@id":"https:\/\/apuntesdesanluis.com\/index.php\/2024\/05\/23\/se-cumple-el-paro-nacional-de-las-universidades-con-el-salario-como-principal-reclamo\/#breadcrumb","itemListElement":[{"@type":"ListItem","position":1,"name":"Inicio","item":"https:\/\/apuntesdesanluis.com\/"},{"@type":"ListItem","position":2,"name":"SE CUMPLE EL PARO NACIONAL DE LAS UNIVERSIDADES, CON EL SALARIO COMO PRINCIPAL RECLAMO"}]},{"@type":"WebSite","@id":"https:\/\/apuntesdesanluis.com\/#website","url":"https:\/\/apuntesdesanluis.com\/","name":"Apuntes de San Luis","description":"","publisher":{"@id":"https:\/\/apuntesdesanluis.com\/#\/schema\/person\/b55151d52296fcce64d1a72538a70b90"},"potentialAction":[{"@type":"SearchAction","target":{"@type":"EntryPoint","urlTemplate":"https:\/\/apuntesdesanluis.com\/?s={search_term_string}"},"query-input":{"@type":"PropertyValueSpecification","valueRequired":true,"valueName":"search_term_string"}}],"inLanguage":"es-AR"},{"@type":["Person","Organization"],"@id":"https:\/\/apuntesdesanluis.com\/#\/schema\/person\/b55151d52296fcce64d1a72538a70b90","name":"apuntesdesanluis.com","image":{"@type":"ImageObject","inLanguage":"es-AR","@id":"https:\/\/apuntesdesanluis.com\/#\/schema\/person\/image\/","url":"https:\/\/apuntesdesanluis.com\/wp-content\/uploads\/2023\/07\/cropped-apuntesdesanluis.png","contentUrl":"https:\/\/apuntesdesanluis.com\/wp-content\/uploads\/2023\/07\/cropped-apuntesdesanluis.png","width":450,"height":112,"caption":"apuntesdesanluis.com"},"logo":{"@id":"https:\/\/apuntesdesanluis.com\/#\/schema\/person\/image\/"},"sameAs":["https:\/\/apuntesdesanluis.com"],"url":"https:\/\/apuntesdesanluis.com\/index.php\/author\/apuntesdesanluis-com\/"}]}},"featured_image_urls":{"full":["https:\/\/apuntesdesanluis.com\/wp-content\/uploads\/2024\/05\/sin-salarios-no-hay-universidad.png",700,397,false],"thumbnail":["https:\/\/apuntesdesanluis.com\/wp-content\/uploads\/2024\/05\/sin-salarios-no-hay-universidad-150x150.png",150,150,true],"medium":["https:\/\/apuntesdesanluis.com\/wp-content\/uploads\/2024\/05\/sin-salarios-no-hay-universidad-300x170.png",300,170,true],"medium_large":["https:\/\/apuntesdesanluis.com\/wp-content\/uploads\/2024\/05\/sin-salarios-no-hay-universidad.png",640,363,false],"large":["https:\/\/apuntesdesanluis.com\/wp-content\/uploads\/2024\/05\/sin-salarios-no-hay-universidad.png",640,363,false],"1536x1536":["https:\/\/apuntesdesanluis.com\/wp-content\/uploads\/2024\/05\/sin-salarios-no-hay-universidad.png",700,397,false],"2048x2048":["https:\/\/apuntesdesanluis.com\/wp-content\/uploads\/2024\/05\/sin-salarios-no-hay-universidad.png",700,397,false],"newsever-slider-full":["https:\/\/apuntesdesanluis.com\/wp-content\/uploads\/2024\/05\/sin-salarios-no-hay-universidad.png",700,397,false],"newsever-featured":["https:\/\/apuntesdesanluis.com\/wp-content\/uploads\/2024\/05\/sin-salarios-no-hay-universidad.png",700,397,false],"newsever-medium":["https:\/\/apuntesdesanluis.com\/wp-content\/uploads\/2024\/05\/sin-salarios-no-hay-universidad.png",700,397,false]},"author_info":{"display_name":"apuntesdesanluis.com","author_link":"https:\/\/apuntesdesanluis.com\/index.php\/author\/apuntesdesanluis-com\/"},"category_info":"<a href=\"https:\/\/apuntesdesanluis.com\/index.php\/category\/nacionales-internacionales\/\" rel=\"category tag\">Nacionales\/Internacionales<\/a>","tag_info":"Nacionales\/Internacionales","comment_count":"0","_links":{"self":[{"href":"https:\/\/apuntesdesanluis.com\/index.php\/wp-json\/wp\/v2\/posts\/16645","targetHints":{"allow":["GET"]}}],"collection":[{"href":"https:\/\/apuntesdesanluis.com\/index.php\/wp-json\/wp\/v2\/posts"}],"about":[{"href":"https:\/\/apuntesdesanluis.com\/index.php\/wp-json\/wp\/v2\/types\/post"}],"author":[{"embeddable":true,"href":"https:\/\/apuntesdesanluis.com\/index.php\/wp-json\/wp\/v2\/users\/1"}],"replies":[{"embeddable":true,"href":"https:\/\/apuntesdesanluis.com\/index.php\/wp-json\/wp\/v2\/comments?post=16645"}],"version-history":[{"count":1,"href":"https:\/\/apuntesdesanluis.com\/index.php\/wp-json\/wp\/v2\/posts\/16645\/revisions"}],"predecessor-version":[{"id":16647,"href":"https:\/\/apuntesdesanluis.com\/index.php\/wp-json\/wp\/v2\/posts\/16645\/revisions\/16647"}],"wp:featuredmedia":[{"embeddable":true,"href":"https:\/\/apuntesdesanluis.com\/index.php\/wp-json\/wp\/v2\/media\/16646"}],"wp:attachment":[{"href":"https:\/\/apuntesdesanluis.com\/index.php\/wp-json\/wp\/v2\/media?parent=16645"}],"wp:term":[{"taxonomy":"category","embeddable":true,"href":"https:\/\/apuntesdesanluis.com\/index.php\/wp-json\/wp\/v2\/categories?post=16645"},{"taxonomy":"post_tag","embeddable":true,"href":"https:\/\/apuntesdesanluis.com\/index.php\/wp-json\/wp\/v2\/tags?post=16645"}],"curies":[{"name":"wp","href":"https:\/\/api.w.org\/{rel}","templated":true}]}}