{"id":16655,"date":"2024-05-23T11:58:42","date_gmt":"2024-05-23T14:58:42","guid":{"rendered":"https:\/\/apuntesdesanluis.com\/?p=16655"},"modified":"2024-05-23T12:08:48","modified_gmt":"2024-05-23T15:08:48","slug":"por-las-restricciones-economicas-dios-no-atiende-mas-en-villa-mercedes","status":"publish","type":"post","link":"https:\/\/apuntesdesanluis.com\/index.php\/2024\/05\/23\/por-las-restricciones-economicas-dios-no-atiende-mas-en-villa-mercedes\/","title":{"rendered":"POR LAS RESTRICCIONES ECON\u00d3MICAS, DIOS NO ATIENDE M\u00c1S EN VILLA MERCEDES"},"content":{"rendered":"<h3>Por <strong>Eduardo Gargiulo<\/strong><\/h3>\n<h3><\/h3>\n<h3>En las \u00faltimas semanas, los escribanos de Villa Mercedes se desayunaron con la noticia que ahora numerosos tr\u00e1mites que antes pod\u00edan hacer en esta ciudad, deber\u00e1n efectuarlos en la Capital puntana. Lo mismo les ocurre a los profesionales de otras localidades del interior.<\/h3>\n<h3>En di\u00e1logo con el personal que atiende en Villa Mercedes, los fedatarios plantearon su malestar, dado que habitualmente presentaban las escrituras, \u00e9stas se enviaban por bols\u00edn a San Luis, se inscrib\u00edan y luego se las retornaban por el mismo sistema.<\/h3>\n<h3>Al cancelarse este servicio, por cualquier tr\u00e1mite deben viajar a San Luis, con todos los gastos que ello implica en combustible, peaje, etc., adem\u00e1s de la p\u00e9rdida de un d\u00eda de trabajo.<\/h3>\n<h3>La contestaci\u00f3n que habr\u00edan recibido no los satisfizo ni mucho menos: <em>\u201cLa soluci\u00f3n es agregarlo a sus honorarios y carg\u00e1rselo al cliente\u201d.<\/em><\/h3>\n<h3>Por ese motivo, desde el <strong>Colegio de Escribanos de San Luis<\/strong> presentaron una nota a la Direcci\u00f3n General de Rentas, indicando que habiendo tomado conocimiento de la decisi\u00f3n de dejar de enviar las escrituras debidamente inscriptas en los Registros P\u00fablicos concernientes, a la Delegaci\u00f3n Villa Mercedes, Secci\u00f3n Sellos, para su oportuna entrega a los escribanos autorizantes, solicitan volver a instaurar el procedimiento habitual, es decir dejar sin efecto la medida adoptada.<\/h3>\n<h3>\u201cEl sistema nos ha delegado a los escribanos en funciones, en nuestro doble car\u00e1cter de profesionales del derecho y oficiales p\u00fablicos, diversas tareas que efectuamos \u00b4por y para\u00b4 el gobierno, tales como la obligaci\u00f3n y el deber de actuar como agentes de retenci\u00f3n, incluso pagando impuestos con movimientos de dinero que quedan en nuestras cuentas bancarias como personales, sabiendo las consecuencias impositivas que eso conlleva\u201d, indicaron los escribanos.<\/h3>\n<h3>\u201cCreemos que una m\u00ednima contraprestaci\u00f3n que el gobierno debiera cumplir es facilitarnos la ejecuci\u00f3n de los tr\u00e1mites sin encarecer el servicio a nosotros ni mucho menos a los clientes\u201d, opin\u00f3 uno de ellos, visiblemente molesto.<\/h3>\n<h3>Otro insisti\u00f3: \u201cNo pedimos nada especial ni distinto a lo que ya exist\u00eda. Requerimos que se habilite nuevamente el bols\u00edn, del modo en que se viene haciendo desde hace tantos a\u00f1os, considerando tal pedido como un acto de reciprocidad del Gobierno para cada uno de los escribanos actuantes que cumplimos celosa y cotidianamente nuestra funci\u00f3n, en el entendimiento de constituir un importante eslab\u00f3n en la cadena de los recursos del Estado\u201d.<\/h3>\n<h3>El lunes recibieron la respuesta a su solicitud, por parte de la Directora General de Hacienda, <strong>Teresa Cappiello<\/strong>: <em>\u201cLamentablemente no es posible acceder a lo solicitado, ya que no contamos con servicio de correo contratado que permita el intercambio de documentaci\u00f3n con las Delegaciones y\/o Receptor\u00edas de la Direcci\u00f3n, tanto en las localidades de la provincia como en la Ciudad Aut\u00f3noma de Buenos Aires, en virtud de las restricciones de gastos adoptadas en el marco de la austeridad determinada por el Gobierno Provincial, dada la situaci\u00f3n financiera vigente\u201d.<\/em><\/h3>\n<h3><span style=\"color: #3366ff;\"><strong>Apuntes de San Luis<\/strong><\/span> pudo averiguar adem\u00e1s que dada la cancelaci\u00f3n de este sistema, la misma situaci\u00f3n que los escribanos la est\u00e1n sufriendo otros usuarios que deben efectuar tramitaciones en Vivienda, Comercio, Mutuales y Cooperativas, Clubes, sociedades, etc.<\/h3>\n<h3>Ante este malestar que se ha generalizado en la segunda ciudad de la provincia, algunos recordaron que en campa\u00f1a el gobernador de la provincia declar\u00f3 a Villa Mercedes <strong>\u201cCapital Alterna\u201d<\/strong>, pero con esta medida no se estar\u00eda haciendo honor a dicha jerarqu\u00eda institucional.<\/h3>\n<h3>En s\u00edntesis, un verdadero retroceso: aunque dicen que est\u00e1 en todas partes, <strong>Dios sigue atendiendo en la ciudad de San Luis<\/strong>.<\/h3>\n<h3>\u00bfFin de la historia? \u00bfO primar\u00e1 el sentido com\u00fan?<\/h3>\n<p>&nbsp;<\/p>\n<p>&nbsp;<\/p>\n<p>&nbsp;<\/p>\n<p>&nbsp;<\/p>\n<p>&nbsp;<\/p>\n","protected":false},"excerpt":{"rendered":"<p>Por Eduardo Gargiulo En las \u00faltimas semanas, los escribanos de Villa Mercedes se desayunaron con&#8230;<\/p>\n","protected":false},"author":1,"featured_media":16665,"comment_status":"closed","ping_status":"closed","sticky":false,"template":"","format":"standard","meta":{"footnotes":""},"categories":[9],"tags":[],"class_list":["post-16655","post","type-post","status-publish","format-standard","has-post-thumbnail","hentry","category-opinion"],"yoast_head":"<!-- This site is optimized with the Yoast SEO plugin v26.1.1 - https:\/\/yoast.com\/wordpress\/plugins\/seo\/ -->\n<title>POR LAS RESTRICCIONES ECON\u00d3MICAS, DIOS NO ATIENDE M\u00c1S EN VILLA MERCEDES - Apuntes de San Luis<\/title>\n<meta name=\"robots\" content=\"index, follow, max-snippet:-1, max-image-preview:large, max-video-preview:-1\" \/>\n<link rel=\"canonical\" href=\"https:\/\/apuntesdesanluis.com\/index.php\/2024\/05\/23\/por-las-restricciones-economicas-dios-no-atiende-mas-en-villa-mercedes\/\" \/>\n<meta property=\"og:locale\" content=\"es_ES\" \/>\n<meta property=\"og:type\" content=\"article\" \/>\n<meta property=\"og:title\" content=\"POR LAS RESTRICCIONES ECON\u00d3MICAS, DIOS NO ATIENDE M\u00c1S EN VILLA MERCEDES - Apuntes de San Luis\" \/>\n<meta property=\"og:description\" content=\"Por Eduardo Gargiulo En las \u00faltimas semanas, los escribanos de Villa Mercedes se desayunaron con...\" \/>\n<meta property=\"og:url\" content=\"https:\/\/apuntesdesanluis.com\/index.php\/2024\/05\/23\/por-las-restricciones-economicas-dios-no-atiende-mas-en-villa-mercedes\/\" \/>\n<meta property=\"og:site_name\" content=\"Apuntes de San Luis\" \/>\n<meta property=\"article:published_time\" content=\"2024-05-23T14:58:42+00:00\" \/>\n<meta property=\"article:modified_time\" content=\"2024-05-23T15:08:48+00:00\" \/>\n<meta property=\"og:image\" content=\"https:\/\/apuntesdesanluis.com\/wp-content\/uploads\/2024\/05\/capital.png\" \/>\n\t<meta property=\"og:image:width\" content=\"681\" \/>\n\t<meta property=\"og:image:height\" content=\"384\" \/>\n\t<meta property=\"og:image:type\" content=\"image\/png\" \/>\n<meta name=\"author\" content=\"apuntesdesanluis.com\" \/>\n<meta name=\"twitter:card\" content=\"summary_large_image\" \/>\n<meta name=\"twitter:label1\" content=\"Escrito por\" \/>\n\t<meta name=\"twitter:data1\" content=\"apuntesdesanluis.com\" \/>\n\t<meta name=\"twitter:label2\" content=\"Tiempo de lectura\" \/>\n\t<meta name=\"twitter:data2\" content=\"3 minutos\" \/>\n<script type=\"application\/ld+json\" class=\"yoast-schema-graph\">{\"@context\":\"https:\/\/schema.org\",\"@graph\":[{\"@type\":\"Article\",\"@id\":\"https:\/\/apuntesdesanluis.com\/index.php\/2024\/05\/23\/por-las-restricciones-economicas-dios-no-atiende-mas-en-villa-mercedes\/#article\",\"isPartOf\":{\"@id\":\"https:\/\/apuntesdesanluis.com\/index.php\/2024\/05\/23\/por-las-restricciones-economicas-dios-no-atiende-mas-en-villa-mercedes\/\"},\"author\":{\"name\":\"apuntesdesanluis.com\",\"@id\":\"https:\/\/apuntesdesanluis.com\/#\/schema\/person\/b55151d52296fcce64d1a72538a70b90\"},\"headline\":\"POR LAS RESTRICCIONES ECON\u00d3MICAS, DIOS NO ATIENDE M\u00c1S EN VILLA MERCEDES\",\"datePublished\":\"2024-05-23T14:58:42+00:00\",\"dateModified\":\"2024-05-23T15:08:48+00:00\",\"mainEntityOfPage\":{\"@id\":\"https:\/\/apuntesdesanluis.com\/index.php\/2024\/05\/23\/por-las-restricciones-economicas-dios-no-atiende-mas-en-villa-mercedes\/\"},\"wordCount\":649,\"publisher\":{\"@id\":\"https:\/\/apuntesdesanluis.com\/#\/schema\/person\/b55151d52296fcce64d1a72538a70b90\"},\"image\":{\"@id\":\"https:\/\/apuntesdesanluis.com\/index.php\/2024\/05\/23\/por-las-restricciones-economicas-dios-no-atiende-mas-en-villa-mercedes\/#primaryimage\"},\"thumbnailUrl\":\"https:\/\/apuntesdesanluis.com\/wp-content\/uploads\/2024\/05\/capital.png\",\"articleSection\":[\"Opini\u00f3n\"],\"inLanguage\":\"es-AR\"},{\"@type\":\"WebPage\",\"@id\":\"https:\/\/apuntesdesanluis.com\/index.php\/2024\/05\/23\/por-las-restricciones-economicas-dios-no-atiende-mas-en-villa-mercedes\/\",\"url\":\"https:\/\/apuntesdesanluis.com\/index.php\/2024\/05\/23\/por-las-restricciones-economicas-dios-no-atiende-mas-en-villa-mercedes\/\",\"name\":\"POR LAS RESTRICCIONES ECON\u00d3MICAS, DIOS NO ATIENDE M\u00c1S EN VILLA MERCEDES - Apuntes de San Luis\",\"isPartOf\":{\"@id\":\"https:\/\/apuntesdesanluis.com\/#website\"},\"primaryImageOfPage\":{\"@id\":\"https:\/\/apuntesdesanluis.com\/index.php\/2024\/05\/23\/por-las-restricciones-economicas-dios-no-atiende-mas-en-villa-mercedes\/#primaryimage\"},\"image\":{\"@id\":\"https:\/\/apuntesdesanluis.com\/index.php\/2024\/05\/23\/por-las-restricciones-economicas-dios-no-atiende-mas-en-villa-mercedes\/#primaryimage\"},\"thumbnailUrl\":\"https:\/\/apuntesdesanluis.com\/wp-content\/uploads\/2024\/05\/capital.png\",\"datePublished\":\"2024-05-23T14:58:42+00:00\",\"dateModified\":\"2024-05-23T15:08:48+00:00\",\"breadcrumb\":{\"@id\":\"https:\/\/apuntesdesanluis.com\/index.php\/2024\/05\/23\/por-las-restricciones-economicas-dios-no-atiende-mas-en-villa-mercedes\/#breadcrumb\"},\"inLanguage\":\"es-AR\",\"potentialAction\":[{\"@type\":\"ReadAction\",\"target\":[\"https:\/\/apuntesdesanluis.com\/index.php\/2024\/05\/23\/por-las-restricciones-economicas-dios-no-atiende-mas-en-villa-mercedes\/\"]}]},{\"@type\":\"ImageObject\",\"inLanguage\":\"es-AR\",\"@id\":\"https:\/\/apuntesdesanluis.com\/index.php\/2024\/05\/23\/por-las-restricciones-economicas-dios-no-atiende-mas-en-villa-mercedes\/#primaryimage\",\"url\":\"https:\/\/apuntesdesanluis.com\/wp-content\/uploads\/2024\/05\/capital.png\",\"contentUrl\":\"https:\/\/apuntesdesanluis.com\/wp-content\/uploads\/2024\/05\/capital.png\",\"width\":681,\"height\":384},{\"@type\":\"BreadcrumbList\",\"@id\":\"https:\/\/apuntesdesanluis.com\/index.php\/2024\/05\/23\/por-las-restricciones-economicas-dios-no-atiende-mas-en-villa-mercedes\/#breadcrumb\",\"itemListElement\":[{\"@type\":\"ListItem\",\"position\":1,\"name\":\"Inicio\",\"item\":\"https:\/\/apuntesdesanluis.com\/\"},{\"@type\":\"ListItem\",\"position\":2,\"name\":\"POR LAS RESTRICCIONES ECON\u00d3MICAS, DIOS NO ATIENDE M\u00c1S EN VILLA MERCEDES\"}]},{\"@type\":\"WebSite\",\"@id\":\"https:\/\/apuntesdesanluis.com\/#website\",\"url\":\"https:\/\/apuntesdesanluis.com\/\",\"name\":\"Apuntes de San Luis\",\"description\":\"\",\"publisher\":{\"@id\":\"https:\/\/apuntesdesanluis.com\/#\/schema\/person\/b55151d52296fcce64d1a72538a70b90\"},\"potentialAction\":[{\"@type\":\"SearchAction\",\"target\":{\"@type\":\"EntryPoint\",\"urlTemplate\":\"https:\/\/apuntesdesanluis.com\/?s={search_term_string}\"},\"query-input\":{\"@type\":\"PropertyValueSpecification\",\"valueRequired\":true,\"valueName\":\"search_term_string\"}}],\"inLanguage\":\"es-AR\"},{\"@type\":[\"Person\",\"Organization\"],\"@id\":\"https:\/\/apuntesdesanluis.com\/#\/schema\/person\/b55151d52296fcce64d1a72538a70b90\",\"name\":\"apuntesdesanluis.com\",\"image\":{\"@type\":\"ImageObject\",\"inLanguage\":\"es-AR\",\"@id\":\"https:\/\/apuntesdesanluis.com\/#\/schema\/person\/image\/\",\"url\":\"https:\/\/apuntesdesanluis.com\/wp-content\/uploads\/2023\/07\/cropped-apuntesdesanluis.png\",\"contentUrl\":\"https:\/\/apuntesdesanluis.com\/wp-content\/uploads\/2023\/07\/cropped-apuntesdesanluis.png\",\"width\":450,\"height\":112,\"caption\":\"apuntesdesanluis.com\"},\"logo\":{\"@id\":\"https:\/\/apuntesdesanluis.com\/#\/schema\/person\/image\/\"},\"sameAs\":[\"https:\/\/apuntesdesanluis.com\"],\"url\":\"https:\/\/apuntesdesanluis.com\/index.php\/author\/apuntesdesanluis-com\/\"}]}<\/script>\n<!-- \/ Yoast SEO plugin. -->","yoast_head_json":{"title":"POR LAS RESTRICCIONES ECON\u00d3MICAS, DIOS NO ATIENDE M\u00c1S EN VILLA MERCEDES - Apuntes de San Luis","robots":{"index":"index","follow":"follow","max-snippet":"max-snippet:-1","max-image-preview":"max-image-preview:large","max-video-preview":"max-video-preview:-1"},"canonical":"https:\/\/apuntesdesanluis.com\/index.php\/2024\/05\/23\/por-las-restricciones-economicas-dios-no-atiende-mas-en-villa-mercedes\/","og_locale":"es_ES","og_type":"article","og_title":"POR LAS RESTRICCIONES ECON\u00d3MICAS, DIOS NO ATIENDE M\u00c1S EN VILLA MERCEDES - Apuntes de San Luis","og_description":"Por Eduardo Gargiulo En las \u00faltimas semanas, los escribanos de Villa Mercedes se desayunaron con...","og_url":"https:\/\/apuntesdesanluis.com\/index.php\/2024\/05\/23\/por-las-restricciones-economicas-dios-no-atiende-mas-en-villa-mercedes\/","og_site_name":"Apuntes de San Luis","article_published_time":"2024-05-23T14:58:42+00:00","article_modified_time":"2024-05-23T15:08:48+00:00","og_image":[{"width":681,"height":384,"url":"https:\/\/apuntesdesanluis.com\/wp-content\/uploads\/2024\/05\/capital.png","type":"image\/png"}],"author":"apuntesdesanluis.com","twitter_card":"summary_large_image","twitter_misc":{"Escrito por":"apuntesdesanluis.com","Tiempo de lectura":"3 minutos"},"schema":{"@context":"https:\/\/schema.org","@graph":[{"@type":"Article","@id":"https:\/\/apuntesdesanluis.com\/index.php\/2024\/05\/23\/por-las-restricciones-economicas-dios-no-atiende-mas-en-villa-mercedes\/#article","isPartOf":{"@id":"https:\/\/apuntesdesanluis.com\/index.php\/2024\/05\/23\/por-las-restricciones-economicas-dios-no-atiende-mas-en-villa-mercedes\/"},"author":{"name":"apuntesdesanluis.com","@id":"https:\/\/apuntesdesanluis.com\/#\/schema\/person\/b55151d52296fcce64d1a72538a70b90"},"headline":"POR LAS RESTRICCIONES ECON\u00d3MICAS, DIOS NO ATIENDE M\u00c1S EN VILLA MERCEDES","datePublished":"2024-05-23T14:58:42+00:00","dateModified":"2024-05-23T15:08:48+00:00","mainEntityOfPage":{"@id":"https:\/\/apuntesdesanluis.com\/index.php\/2024\/05\/23\/por-las-restricciones-economicas-dios-no-atiende-mas-en-villa-mercedes\/"},"wordCount":649,"publisher":{"@id":"https:\/\/apuntesdesanluis.com\/#\/schema\/person\/b55151d52296fcce64d1a72538a70b90"},"image":{"@id":"https:\/\/apuntesdesanluis.com\/index.php\/2024\/05\/23\/por-las-restricciones-economicas-dios-no-atiende-mas-en-villa-mercedes\/#primaryimage"},"thumbnailUrl":"https:\/\/apuntesdesanluis.com\/wp-content\/uploads\/2024\/05\/capital.png","articleSection":["Opini\u00f3n"],"inLanguage":"es-AR"},{"@type":"WebPage","@id":"https:\/\/apuntesdesanluis.com\/index.php\/2024\/05\/23\/por-las-restricciones-economicas-dios-no-atiende-mas-en-villa-mercedes\/","url":"https:\/\/apuntesdesanluis.com\/index.php\/2024\/05\/23\/por-las-restricciones-economicas-dios-no-atiende-mas-en-villa-mercedes\/","name":"POR LAS RESTRICCIONES ECON\u00d3MICAS, DIOS NO ATIENDE M\u00c1S EN VILLA MERCEDES - Apuntes de San Luis","isPartOf":{"@id":"https:\/\/apuntesdesanluis.com\/#website"},"primaryImageOfPage":{"@id":"https:\/\/apuntesdesanluis.com\/index.php\/2024\/05\/23\/por-las-restricciones-economicas-dios-no-atiende-mas-en-villa-mercedes\/#primaryimage"},"image":{"@id":"https:\/\/apuntesdesanluis.com\/index.php\/2024\/05\/23\/por-las-restricciones-economicas-dios-no-atiende-mas-en-villa-mercedes\/#primaryimage"},"thumbnailUrl":"https:\/\/apuntesdesanluis.com\/wp-content\/uploads\/2024\/05\/capital.png","datePublished":"2024-05-23T14:58:42+00:00","dateModified":"2024-05-23T15:08:48+00:00","breadcrumb":{"@id":"https:\/\/apuntesdesanluis.com\/index.php\/2024\/05\/23\/por-las-restricciones-economicas-dios-no-atiende-mas-en-villa-mercedes\/#breadcrumb"},"inLanguage":"es-AR","potentialAction":[{"@type":"ReadAction","target":["https:\/\/apuntesdesanluis.com\/index.php\/2024\/05\/23\/por-las-restricciones-economicas-dios-no-atiende-mas-en-villa-mercedes\/"]}]},{"@type":"ImageObject","inLanguage":"es-AR","@id":"https:\/\/apuntesdesanluis.com\/index.php\/2024\/05\/23\/por-las-restricciones-economicas-dios-no-atiende-mas-en-villa-mercedes\/#primaryimage","url":"https:\/\/apuntesdesanluis.com\/wp-content\/uploads\/2024\/05\/capital.png","contentUrl":"https:\/\/apuntesdesanluis.com\/wp-content\/uploads\/2024\/05\/capital.png","width":681,"height":384},{"@type":"BreadcrumbList","@id":"https:\/\/apuntesdesanluis.com\/index.php\/2024\/05\/23\/por-las-restricciones-economicas-dios-no-atiende-mas-en-villa-mercedes\/#breadcrumb","itemListElement":[{"@type":"ListItem","position":1,"name":"Inicio","item":"https:\/\/apuntesdesanluis.com\/"},{"@type":"ListItem","position":2,"name":"POR LAS RESTRICCIONES ECON\u00d3MICAS, DIOS NO ATIENDE M\u00c1S EN VILLA MERCEDES"}]},{"@type":"WebSite","@id":"https:\/\/apuntesdesanluis.com\/#website","url":"https:\/\/apuntesdesanluis.com\/","name":"Apuntes de San Luis","description":"","publisher":{"@id":"https:\/\/apuntesdesanluis.com\/#\/schema\/person\/b55151d52296fcce64d1a72538a70b90"},"potentialAction":[{"@type":"SearchAction","target":{"@type":"EntryPoint","urlTemplate":"https:\/\/apuntesdesanluis.com\/?s={search_term_string}"},"query-input":{"@type":"PropertyValueSpecification","valueRequired":true,"valueName":"search_term_string"}}],"inLanguage":"es-AR"},{"@type":["Person","Organization"],"@id":"https:\/\/apuntesdesanluis.com\/#\/schema\/person\/b55151d52296fcce64d1a72538a70b90","name":"apuntesdesanluis.com","image":{"@type":"ImageObject","inLanguage":"es-AR","@id":"https:\/\/apuntesdesanluis.com\/#\/schema\/person\/image\/","url":"https:\/\/apuntesdesanluis.com\/wp-content\/uploads\/2023\/07\/cropped-apuntesdesanluis.png","contentUrl":"https:\/\/apuntesdesanluis.com\/wp-content\/uploads\/2023\/07\/cropped-apuntesdesanluis.png","width":450,"height":112,"caption":"apuntesdesanluis.com"},"logo":{"@id":"https:\/\/apuntesdesanluis.com\/#\/schema\/person\/image\/"},"sameAs":["https:\/\/apuntesdesanluis.com"],"url":"https:\/\/apuntesdesanluis.com\/index.php\/author\/apuntesdesanluis-com\/"}]}},"featured_image_urls":{"full":["https:\/\/apuntesdesanluis.com\/wp-content\/uploads\/2024\/05\/capital.png",681,384,false],"thumbnail":["https:\/\/apuntesdesanluis.com\/wp-content\/uploads\/2024\/05\/capital-150x150.png",150,150,true],"medium":["https:\/\/apuntesdesanluis.com\/wp-content\/uploads\/2024\/05\/capital-300x169.png",300,169,true],"medium_large":["https:\/\/apuntesdesanluis.com\/wp-content\/uploads\/2024\/05\/capital.png",640,361,false],"large":["https:\/\/apuntesdesanluis.com\/wp-content\/uploads\/2024\/05\/capital.png",640,361,false],"1536x1536":["https:\/\/apuntesdesanluis.com\/wp-content\/uploads\/2024\/05\/capital.png",681,384,false],"2048x2048":["https:\/\/apuntesdesanluis.com\/wp-content\/uploads\/2024\/05\/capital.png",681,384,false],"newsever-slider-full":["https:\/\/apuntesdesanluis.com\/wp-content\/uploads\/2024\/05\/capital.png",681,384,false],"newsever-featured":["https:\/\/apuntesdesanluis.com\/wp-content\/uploads\/2024\/05\/capital.png",681,384,false],"newsever-medium":["https:\/\/apuntesdesanluis.com\/wp-content\/uploads\/2024\/05\/capital.png",681,384,false]},"author_info":{"display_name":"apuntesdesanluis.com","author_link":"https:\/\/apuntesdesanluis.com\/index.php\/author\/apuntesdesanluis-com\/"},"category_info":"<a href=\"https:\/\/apuntesdesanluis.com\/index.php\/category\/opinion\/\" rel=\"category tag\">Opini\u00f3n<\/a>","tag_info":"Opini\u00f3n","comment_count":"0","_links":{"self":[{"href":"https:\/\/apuntesdesanluis.com\/index.php\/wp-json\/wp\/v2\/posts\/16655","targetHints":{"allow":["GET"]}}],"collection":[{"href":"https:\/\/apuntesdesanluis.com\/index.php\/wp-json\/wp\/v2\/posts"}],"about":[{"href":"https:\/\/apuntesdesanluis.com\/index.php\/wp-json\/wp\/v2\/types\/post"}],"author":[{"embeddable":true,"href":"https:\/\/apuntesdesanluis.com\/index.php\/wp-json\/wp\/v2\/users\/1"}],"replies":[{"embeddable":true,"href":"https:\/\/apuntesdesanluis.com\/index.php\/wp-json\/wp\/v2\/comments?post=16655"}],"version-history":[{"count":10,"href":"https:\/\/apuntesdesanluis.com\/index.php\/wp-json\/wp\/v2\/posts\/16655\/revisions"}],"predecessor-version":[{"id":16667,"href":"https:\/\/apuntesdesanluis.com\/index.php\/wp-json\/wp\/v2\/posts\/16655\/revisions\/16667"}],"wp:featuredmedia":[{"embeddable":true,"href":"https:\/\/apuntesdesanluis.com\/index.php\/wp-json\/wp\/v2\/media\/16665"}],"wp:attachment":[{"href":"https:\/\/apuntesdesanluis.com\/index.php\/wp-json\/wp\/v2\/media?parent=16655"}],"wp:term":[{"taxonomy":"category","embeddable":true,"href":"https:\/\/apuntesdesanluis.com\/index.php\/wp-json\/wp\/v2\/categories?post=16655"},{"taxonomy":"post_tag","embeddable":true,"href":"https:\/\/apuntesdesanluis.com\/index.php\/wp-json\/wp\/v2\/tags?post=16655"}],"curies":[{"name":"wp","href":"https:\/\/api.w.org\/{rel}","templated":true}]}}