{"id":1666,"date":"2023-08-16T19:58:24","date_gmt":"2023-08-16T22:58:24","guid":{"rendered":"https:\/\/apuntesdesanluis.com\/?p=1666"},"modified":"2023-08-16T19:58:41","modified_gmt":"2023-08-16T22:58:41","slug":"comenzo-a-juzgarse-a-francis-freixes-por-homicidio-culposo-en-accidente-de-transito","status":"publish","type":"post","link":"https:\/\/apuntesdesanluis.com\/index.php\/2023\/08\/16\/comenzo-a-juzgarse-a-francis-freixes-por-homicidio-culposo-en-accidente-de-transito\/","title":{"rendered":"COMENZ\u00d3 A JUZGARSE A FRANCIS FREIXES POR HOMICIDIO CULPOSO EN ACCIDENTE DE TR\u00c1NSITO"},"content":{"rendered":"<h3>El tribunal rechaz\u00f3 la suspensi\u00f3n de juicio a prueba y el debate inici\u00f3 con la lectura de la acusaci\u00f3n fiscal y continuar\u00e1 ma\u00f1ana con testimoniales.<\/h3>\n<h3>En una audiencia celebrada este mi\u00e9rcoles el tribunal inform\u00f3 a las partes que atento al rechazo de la suspensi\u00f3n de juicio a prueba se dar\u00eda comienzo con el debate oral que inici\u00f3 con la lectura de la acusaci\u00f3n fiscal.<\/h3>\n<h3>En esta oportunidad, se juzga a <strong>Francis \u201cChulo\u201d Su\u00e1rez<\/strong>, con domicilio en la localidad de Nueva Galia, por el delito de homicidio culposo agravado por un hecho ocurrido el 24 de octubre del 2019 en la ruta nacional N\u00ba 188, donde se produjo un accidente de tr\u00e1nsito que\u00a0 caus\u00f3 la muerte del se\u00f1or <strong>Domingo Hugo Barroso<\/strong>.<\/h3>\n<h3>El tribunal est\u00e1 integrado por las Dras. Sandra Ehrlich y Virna Eguinoa y por el Dr. Sebasti\u00e1n Cadelago Filippi. Como Fiscal de Juicio interviene el Dr. N\u00e9stor Lucero.<\/h3>\n<h3>En representaci\u00f3n de la defensa del imputado intervienen los Dres. Pascual Celdr\u00e1n y Hugo Scarso y como particular damnificado los Dres. Lucio Pereira y Ricardo Bazla.<\/h3>\n<h3><strong>HECHO<\/strong><\/h3>\n<h3>En el hecho se encuentra procesado Francis \u201cChulo\u201d Freixes, hijo del condenado funcionario provincial Sergio Freixes y de Viviana Moreira, hermano de la senadora provincial por Dupuy, Diamela Freixes. Supuestamente regresaba del campo, luego de una noche de cacer\u00eda. Domingo Hugo Barroso, un trabajador municipal de la localidad de Fortuna, falleci\u00f3 en el lugar del accidente, sin que el conductor se detuviera a asistirlo.<\/h3>\n<h3>Seg\u00fan la acusaci\u00f3n fiscal oportunamente efectuada, el acusado y la v\u00edctima circulaban en el mismo sentido por la ruta N\u00ba 188. El acusado lo hac\u00eda a bordo de una camioneta Toyota Hilux, mientras que Barroso se dirig\u00eda a su lugar de trabajo en una motocicleta. De acuerdo a lo relatado por la fiscal de primera instancia, Barroso fue embestido por el acusado y falleci\u00f3 por el impacto, como consecuencia de las lesiones recibidas tras el siniestro. Tambi\u00e9n consider\u00f3 acreditado que luego del accidente el acusado continu\u00f3 su marcha, y\u00e9ndose del lugar del hecho.<\/h3>\n","protected":false},"excerpt":{"rendered":"<p>El tribunal rechaz\u00f3 la suspensi\u00f3n de juicio a prueba y el debate inici\u00f3 con la&#8230;<\/p>\n","protected":false},"author":1,"featured_media":1667,"comment_status":"closed","ping_status":"closed","sticky":false,"template":"","format":"standard","meta":{"footnotes":""},"categories":[6],"tags":[],"class_list":["post-1666","post","type-post","status-publish","format-standard","has-post-thumbnail","hentry","category-ciudad-provincia"],"yoast_head":"<!-- This site is optimized with the Yoast SEO plugin v26.1.1 - https:\/\/yoast.com\/wordpress\/plugins\/seo\/ -->\n<title>COMENZ\u00d3 A JUZGARSE A FRANCIS FREIXES POR HOMICIDIO CULPOSO EN ACCIDENTE DE TR\u00c1NSITO - Apuntes de San Luis<\/title>\n<meta name=\"robots\" content=\"index, follow, max-snippet:-1, max-image-preview:large, max-video-preview:-1\" \/>\n<link rel=\"canonical\" href=\"https:\/\/apuntesdesanluis.com\/index.php\/2023\/08\/16\/comenzo-a-juzgarse-a-francis-freixes-por-homicidio-culposo-en-accidente-de-transito\/\" \/>\n<meta property=\"og:locale\" content=\"es_ES\" \/>\n<meta property=\"og:type\" content=\"article\" \/>\n<meta property=\"og:title\" content=\"COMENZ\u00d3 A JUZGARSE A FRANCIS FREIXES POR HOMICIDIO CULPOSO EN ACCIDENTE DE TR\u00c1NSITO - Apuntes de San Luis\" \/>\n<meta property=\"og:description\" content=\"El tribunal rechaz\u00f3 la suspensi\u00f3n de juicio a prueba y el debate inici\u00f3 con la...\" \/>\n<meta property=\"og:url\" content=\"https:\/\/apuntesdesanluis.com\/index.php\/2023\/08\/16\/comenzo-a-juzgarse-a-francis-freixes-por-homicidio-culposo-en-accidente-de-transito\/\" \/>\n<meta property=\"og:site_name\" content=\"Apuntes de San Luis\" \/>\n<meta property=\"article:published_time\" content=\"2023-08-16T22:58:24+00:00\" \/>\n<meta property=\"article:modified_time\" content=\"2023-08-16T22:58:41+00:00\" \/>\n<meta property=\"og:image\" content=\"https:\/\/apuntesdesanluis.com\/wp-content\/uploads\/2023\/08\/juicio-freixes.png\" \/>\n\t<meta property=\"og:image:width\" content=\"607\" \/>\n\t<meta property=\"og:image:height\" content=\"338\" \/>\n\t<meta property=\"og:image:type\" content=\"image\/png\" \/>\n<meta name=\"author\" content=\"apuntesdesanluis.com\" \/>\n<meta name=\"twitter:card\" content=\"summary_large_image\" \/>\n<meta name=\"twitter:label1\" content=\"Escrito por\" \/>\n\t<meta name=\"twitter:data1\" content=\"apuntesdesanluis.com\" \/>\n\t<meta name=\"twitter:label2\" content=\"Tiempo de lectura\" \/>\n\t<meta name=\"twitter:data2\" content=\"2 minutos\" \/>\n<script type=\"application\/ld+json\" class=\"yoast-schema-graph\">{\"@context\":\"https:\/\/schema.org\",\"@graph\":[{\"@type\":\"Article\",\"@id\":\"https:\/\/apuntesdesanluis.com\/index.php\/2023\/08\/16\/comenzo-a-juzgarse-a-francis-freixes-por-homicidio-culposo-en-accidente-de-transito\/#article\",\"isPartOf\":{\"@id\":\"https:\/\/apuntesdesanluis.com\/index.php\/2023\/08\/16\/comenzo-a-juzgarse-a-francis-freixes-por-homicidio-culposo-en-accidente-de-transito\/\"},\"author\":{\"name\":\"apuntesdesanluis.com\",\"@id\":\"https:\/\/apuntesdesanluis.com\/#\/schema\/person\/b55151d52296fcce64d1a72538a70b90\"},\"headline\":\"COMENZ\u00d3 A JUZGARSE A FRANCIS FREIXES POR HOMICIDIO CULPOSO EN ACCIDENTE DE TR\u00c1NSITO\",\"datePublished\":\"2023-08-16T22:58:24+00:00\",\"dateModified\":\"2023-08-16T22:58:41+00:00\",\"mainEntityOfPage\":{\"@id\":\"https:\/\/apuntesdesanluis.com\/index.php\/2023\/08\/16\/comenzo-a-juzgarse-a-francis-freixes-por-homicidio-culposo-en-accidente-de-transito\/\"},\"wordCount\":364,\"publisher\":{\"@id\":\"https:\/\/apuntesdesanluis.com\/#\/schema\/person\/b55151d52296fcce64d1a72538a70b90\"},\"image\":{\"@id\":\"https:\/\/apuntesdesanluis.com\/index.php\/2023\/08\/16\/comenzo-a-juzgarse-a-francis-freixes-por-homicidio-culposo-en-accidente-de-transito\/#primaryimage\"},\"thumbnailUrl\":\"https:\/\/apuntesdesanluis.com\/wp-content\/uploads\/2023\/08\/juicio-freixes.png\",\"articleSection\":[\"Ciudad\/Provincia\"],\"inLanguage\":\"es-AR\"},{\"@type\":\"WebPage\",\"@id\":\"https:\/\/apuntesdesanluis.com\/index.php\/2023\/08\/16\/comenzo-a-juzgarse-a-francis-freixes-por-homicidio-culposo-en-accidente-de-transito\/\",\"url\":\"https:\/\/apuntesdesanluis.com\/index.php\/2023\/08\/16\/comenzo-a-juzgarse-a-francis-freixes-por-homicidio-culposo-en-accidente-de-transito\/\",\"name\":\"COMENZ\u00d3 A JUZGARSE A FRANCIS FREIXES POR HOMICIDIO CULPOSO EN ACCIDENTE DE TR\u00c1NSITO - Apuntes de San Luis\",\"isPartOf\":{\"@id\":\"https:\/\/apuntesdesanluis.com\/#website\"},\"primaryImageOfPage\":{\"@id\":\"https:\/\/apuntesdesanluis.com\/index.php\/2023\/08\/16\/comenzo-a-juzgarse-a-francis-freixes-por-homicidio-culposo-en-accidente-de-transito\/#primaryimage\"},\"image\":{\"@id\":\"https:\/\/apuntesdesanluis.com\/index.php\/2023\/08\/16\/comenzo-a-juzgarse-a-francis-freixes-por-homicidio-culposo-en-accidente-de-transito\/#primaryimage\"},\"thumbnailUrl\":\"https:\/\/apuntesdesanluis.com\/wp-content\/uploads\/2023\/08\/juicio-freixes.png\",\"datePublished\":\"2023-08-16T22:58:24+00:00\",\"dateModified\":\"2023-08-16T22:58:41+00:00\",\"breadcrumb\":{\"@id\":\"https:\/\/apuntesdesanluis.com\/index.php\/2023\/08\/16\/comenzo-a-juzgarse-a-francis-freixes-por-homicidio-culposo-en-accidente-de-transito\/#breadcrumb\"},\"inLanguage\":\"es-AR\",\"potentialAction\":[{\"@type\":\"ReadAction\",\"target\":[\"https:\/\/apuntesdesanluis.com\/index.php\/2023\/08\/16\/comenzo-a-juzgarse-a-francis-freixes-por-homicidio-culposo-en-accidente-de-transito\/\"]}]},{\"@type\":\"ImageObject\",\"inLanguage\":\"es-AR\",\"@id\":\"https:\/\/apuntesdesanluis.com\/index.php\/2023\/08\/16\/comenzo-a-juzgarse-a-francis-freixes-por-homicidio-culposo-en-accidente-de-transito\/#primaryimage\",\"url\":\"https:\/\/apuntesdesanluis.com\/wp-content\/uploads\/2023\/08\/juicio-freixes.png\",\"contentUrl\":\"https:\/\/apuntesdesanluis.com\/wp-content\/uploads\/2023\/08\/juicio-freixes.png\",\"width\":607,\"height\":338},{\"@type\":\"BreadcrumbList\",\"@id\":\"https:\/\/apuntesdesanluis.com\/index.php\/2023\/08\/16\/comenzo-a-juzgarse-a-francis-freixes-por-homicidio-culposo-en-accidente-de-transito\/#breadcrumb\",\"itemListElement\":[{\"@type\":\"ListItem\",\"position\":1,\"name\":\"Inicio\",\"item\":\"https:\/\/apuntesdesanluis.com\/\"},{\"@type\":\"ListItem\",\"position\":2,\"name\":\"COMENZ\u00d3 A JUZGARSE A FRANCIS FREIXES POR HOMICIDIO CULPOSO EN ACCIDENTE DE TR\u00c1NSITO\"}]},{\"@type\":\"WebSite\",\"@id\":\"https:\/\/apuntesdesanluis.com\/#website\",\"url\":\"https:\/\/apuntesdesanluis.com\/\",\"name\":\"Apuntes de San Luis\",\"description\":\"\",\"publisher\":{\"@id\":\"https:\/\/apuntesdesanluis.com\/#\/schema\/person\/b55151d52296fcce64d1a72538a70b90\"},\"potentialAction\":[{\"@type\":\"SearchAction\",\"target\":{\"@type\":\"EntryPoint\",\"urlTemplate\":\"https:\/\/apuntesdesanluis.com\/?s={search_term_string}\"},\"query-input\":{\"@type\":\"PropertyValueSpecification\",\"valueRequired\":true,\"valueName\":\"search_term_string\"}}],\"inLanguage\":\"es-AR\"},{\"@type\":[\"Person\",\"Organization\"],\"@id\":\"https:\/\/apuntesdesanluis.com\/#\/schema\/person\/b55151d52296fcce64d1a72538a70b90\",\"name\":\"apuntesdesanluis.com\",\"image\":{\"@type\":\"ImageObject\",\"inLanguage\":\"es-AR\",\"@id\":\"https:\/\/apuntesdesanluis.com\/#\/schema\/person\/image\/\",\"url\":\"https:\/\/apuntesdesanluis.com\/wp-content\/uploads\/2023\/07\/cropped-apuntesdesanluis.png\",\"contentUrl\":\"https:\/\/apuntesdesanluis.com\/wp-content\/uploads\/2023\/07\/cropped-apuntesdesanluis.png\",\"width\":450,\"height\":112,\"caption\":\"apuntesdesanluis.com\"},\"logo\":{\"@id\":\"https:\/\/apuntesdesanluis.com\/#\/schema\/person\/image\/\"},\"sameAs\":[\"https:\/\/apuntesdesanluis.com\"],\"url\":\"https:\/\/apuntesdesanluis.com\/index.php\/author\/apuntesdesanluis-com\/\"}]}<\/script>\n<!-- \/ Yoast SEO plugin. -->","yoast_head_json":{"title":"COMENZ\u00d3 A JUZGARSE A FRANCIS FREIXES POR HOMICIDIO CULPOSO EN ACCIDENTE DE TR\u00c1NSITO - Apuntes de San Luis","robots":{"index":"index","follow":"follow","max-snippet":"max-snippet:-1","max-image-preview":"max-image-preview:large","max-video-preview":"max-video-preview:-1"},"canonical":"https:\/\/apuntesdesanluis.com\/index.php\/2023\/08\/16\/comenzo-a-juzgarse-a-francis-freixes-por-homicidio-culposo-en-accidente-de-transito\/","og_locale":"es_ES","og_type":"article","og_title":"COMENZ\u00d3 A JUZGARSE A FRANCIS FREIXES POR HOMICIDIO CULPOSO EN ACCIDENTE DE TR\u00c1NSITO - Apuntes de San Luis","og_description":"El tribunal rechaz\u00f3 la suspensi\u00f3n de juicio a prueba y el debate inici\u00f3 con la...","og_url":"https:\/\/apuntesdesanluis.com\/index.php\/2023\/08\/16\/comenzo-a-juzgarse-a-francis-freixes-por-homicidio-culposo-en-accidente-de-transito\/","og_site_name":"Apuntes de San Luis","article_published_time":"2023-08-16T22:58:24+00:00","article_modified_time":"2023-08-16T22:58:41+00:00","og_image":[{"width":607,"height":338,"url":"https:\/\/apuntesdesanluis.com\/wp-content\/uploads\/2023\/08\/juicio-freixes.png","type":"image\/png"}],"author":"apuntesdesanluis.com","twitter_card":"summary_large_image","twitter_misc":{"Escrito por":"apuntesdesanluis.com","Tiempo de lectura":"2 minutos"},"schema":{"@context":"https:\/\/schema.org","@graph":[{"@type":"Article","@id":"https:\/\/apuntesdesanluis.com\/index.php\/2023\/08\/16\/comenzo-a-juzgarse-a-francis-freixes-por-homicidio-culposo-en-accidente-de-transito\/#article","isPartOf":{"@id":"https:\/\/apuntesdesanluis.com\/index.php\/2023\/08\/16\/comenzo-a-juzgarse-a-francis-freixes-por-homicidio-culposo-en-accidente-de-transito\/"},"author":{"name":"apuntesdesanluis.com","@id":"https:\/\/apuntesdesanluis.com\/#\/schema\/person\/b55151d52296fcce64d1a72538a70b90"},"headline":"COMENZ\u00d3 A JUZGARSE A FRANCIS FREIXES POR HOMICIDIO CULPOSO EN ACCIDENTE DE TR\u00c1NSITO","datePublished":"2023-08-16T22:58:24+00:00","dateModified":"2023-08-16T22:58:41+00:00","mainEntityOfPage":{"@id":"https:\/\/apuntesdesanluis.com\/index.php\/2023\/08\/16\/comenzo-a-juzgarse-a-francis-freixes-por-homicidio-culposo-en-accidente-de-transito\/"},"wordCount":364,"publisher":{"@id":"https:\/\/apuntesdesanluis.com\/#\/schema\/person\/b55151d52296fcce64d1a72538a70b90"},"image":{"@id":"https:\/\/apuntesdesanluis.com\/index.php\/2023\/08\/16\/comenzo-a-juzgarse-a-francis-freixes-por-homicidio-culposo-en-accidente-de-transito\/#primaryimage"},"thumbnailUrl":"https:\/\/apuntesdesanluis.com\/wp-content\/uploads\/2023\/08\/juicio-freixes.png","articleSection":["Ciudad\/Provincia"],"inLanguage":"es-AR"},{"@type":"WebPage","@id":"https:\/\/apuntesdesanluis.com\/index.php\/2023\/08\/16\/comenzo-a-juzgarse-a-francis-freixes-por-homicidio-culposo-en-accidente-de-transito\/","url":"https:\/\/apuntesdesanluis.com\/index.php\/2023\/08\/16\/comenzo-a-juzgarse-a-francis-freixes-por-homicidio-culposo-en-accidente-de-transito\/","name":"COMENZ\u00d3 A JUZGARSE A FRANCIS FREIXES POR HOMICIDIO CULPOSO EN ACCIDENTE DE TR\u00c1NSITO - Apuntes de San Luis","isPartOf":{"@id":"https:\/\/apuntesdesanluis.com\/#website"},"primaryImageOfPage":{"@id":"https:\/\/apuntesdesanluis.com\/index.php\/2023\/08\/16\/comenzo-a-juzgarse-a-francis-freixes-por-homicidio-culposo-en-accidente-de-transito\/#primaryimage"},"image":{"@id":"https:\/\/apuntesdesanluis.com\/index.php\/2023\/08\/16\/comenzo-a-juzgarse-a-francis-freixes-por-homicidio-culposo-en-accidente-de-transito\/#primaryimage"},"thumbnailUrl":"https:\/\/apuntesdesanluis.com\/wp-content\/uploads\/2023\/08\/juicio-freixes.png","datePublished":"2023-08-16T22:58:24+00:00","dateModified":"2023-08-16T22:58:41+00:00","breadcrumb":{"@id":"https:\/\/apuntesdesanluis.com\/index.php\/2023\/08\/16\/comenzo-a-juzgarse-a-francis-freixes-por-homicidio-culposo-en-accidente-de-transito\/#breadcrumb"},"inLanguage":"es-AR","potentialAction":[{"@type":"ReadAction","target":["https:\/\/apuntesdesanluis.com\/index.php\/2023\/08\/16\/comenzo-a-juzgarse-a-francis-freixes-por-homicidio-culposo-en-accidente-de-transito\/"]}]},{"@type":"ImageObject","inLanguage":"es-AR","@id":"https:\/\/apuntesdesanluis.com\/index.php\/2023\/08\/16\/comenzo-a-juzgarse-a-francis-freixes-por-homicidio-culposo-en-accidente-de-transito\/#primaryimage","url":"https:\/\/apuntesdesanluis.com\/wp-content\/uploads\/2023\/08\/juicio-freixes.png","contentUrl":"https:\/\/apuntesdesanluis.com\/wp-content\/uploads\/2023\/08\/juicio-freixes.png","width":607,"height":338},{"@type":"BreadcrumbList","@id":"https:\/\/apuntesdesanluis.com\/index.php\/2023\/08\/16\/comenzo-a-juzgarse-a-francis-freixes-por-homicidio-culposo-en-accidente-de-transito\/#breadcrumb","itemListElement":[{"@type":"ListItem","position":1,"name":"Inicio","item":"https:\/\/apuntesdesanluis.com\/"},{"@type":"ListItem","position":2,"name":"COMENZ\u00d3 A JUZGARSE A FRANCIS FREIXES POR HOMICIDIO CULPOSO EN ACCIDENTE DE TR\u00c1NSITO"}]},{"@type":"WebSite","@id":"https:\/\/apuntesdesanluis.com\/#website","url":"https:\/\/apuntesdesanluis.com\/","name":"Apuntes de San Luis","description":"","publisher":{"@id":"https:\/\/apuntesdesanluis.com\/#\/schema\/person\/b55151d52296fcce64d1a72538a70b90"},"potentialAction":[{"@type":"SearchAction","target":{"@type":"EntryPoint","urlTemplate":"https:\/\/apuntesdesanluis.com\/?s={search_term_string}"},"query-input":{"@type":"PropertyValueSpecification","valueRequired":true,"valueName":"search_term_string"}}],"inLanguage":"es-AR"},{"@type":["Person","Organization"],"@id":"https:\/\/apuntesdesanluis.com\/#\/schema\/person\/b55151d52296fcce64d1a72538a70b90","name":"apuntesdesanluis.com","image":{"@type":"ImageObject","inLanguage":"es-AR","@id":"https:\/\/apuntesdesanluis.com\/#\/schema\/person\/image\/","url":"https:\/\/apuntesdesanluis.com\/wp-content\/uploads\/2023\/07\/cropped-apuntesdesanluis.png","contentUrl":"https:\/\/apuntesdesanluis.com\/wp-content\/uploads\/2023\/07\/cropped-apuntesdesanluis.png","width":450,"height":112,"caption":"apuntesdesanluis.com"},"logo":{"@id":"https:\/\/apuntesdesanluis.com\/#\/schema\/person\/image\/"},"sameAs":["https:\/\/apuntesdesanluis.com"],"url":"https:\/\/apuntesdesanluis.com\/index.php\/author\/apuntesdesanluis-com\/"}]}},"featured_image_urls":{"full":["https:\/\/apuntesdesanluis.com\/wp-content\/uploads\/2023\/08\/juicio-freixes.png",607,338,false],"thumbnail":["https:\/\/apuntesdesanluis.com\/wp-content\/uploads\/2023\/08\/juicio-freixes-150x150.png",150,150,true],"medium":["https:\/\/apuntesdesanluis.com\/wp-content\/uploads\/2023\/08\/juicio-freixes-300x167.png",300,167,true],"medium_large":["https:\/\/apuntesdesanluis.com\/wp-content\/uploads\/2023\/08\/juicio-freixes.png",607,338,false],"large":["https:\/\/apuntesdesanluis.com\/wp-content\/uploads\/2023\/08\/juicio-freixes.png",607,338,false],"1536x1536":["https:\/\/apuntesdesanluis.com\/wp-content\/uploads\/2023\/08\/juicio-freixes.png",607,338,false],"2048x2048":["https:\/\/apuntesdesanluis.com\/wp-content\/uploads\/2023\/08\/juicio-freixes.png",607,338,false],"newsever-slider-full":["https:\/\/apuntesdesanluis.com\/wp-content\/uploads\/2023\/08\/juicio-freixes.png",607,338,false],"newsever-featured":["https:\/\/apuntesdesanluis.com\/wp-content\/uploads\/2023\/08\/juicio-freixes.png",607,338,false],"newsever-medium":["https:\/\/apuntesdesanluis.com\/wp-content\/uploads\/2023\/08\/juicio-freixes.png",607,338,false]},"author_info":{"display_name":"apuntesdesanluis.com","author_link":"https:\/\/apuntesdesanluis.com\/index.php\/author\/apuntesdesanluis-com\/"},"category_info":"<a href=\"https:\/\/apuntesdesanluis.com\/index.php\/category\/ciudad-provincia\/\" rel=\"category tag\">Ciudad\/Provincia<\/a>","tag_info":"Ciudad\/Provincia","comment_count":"0","_links":{"self":[{"href":"https:\/\/apuntesdesanluis.com\/index.php\/wp-json\/wp\/v2\/posts\/1666","targetHints":{"allow":["GET"]}}],"collection":[{"href":"https:\/\/apuntesdesanluis.com\/index.php\/wp-json\/wp\/v2\/posts"}],"about":[{"href":"https:\/\/apuntesdesanluis.com\/index.php\/wp-json\/wp\/v2\/types\/post"}],"author":[{"embeddable":true,"href":"https:\/\/apuntesdesanluis.com\/index.php\/wp-json\/wp\/v2\/users\/1"}],"replies":[{"embeddable":true,"href":"https:\/\/apuntesdesanluis.com\/index.php\/wp-json\/wp\/v2\/comments?post=1666"}],"version-history":[{"count":2,"href":"https:\/\/apuntesdesanluis.com\/index.php\/wp-json\/wp\/v2\/posts\/1666\/revisions"}],"predecessor-version":[{"id":1669,"href":"https:\/\/apuntesdesanluis.com\/index.php\/wp-json\/wp\/v2\/posts\/1666\/revisions\/1669"}],"wp:featuredmedia":[{"embeddable":true,"href":"https:\/\/apuntesdesanluis.com\/index.php\/wp-json\/wp\/v2\/media\/1667"}],"wp:attachment":[{"href":"https:\/\/apuntesdesanluis.com\/index.php\/wp-json\/wp\/v2\/media?parent=1666"}],"wp:term":[{"taxonomy":"category","embeddable":true,"href":"https:\/\/apuntesdesanluis.com\/index.php\/wp-json\/wp\/v2\/categories?post=1666"},{"taxonomy":"post_tag","embeddable":true,"href":"https:\/\/apuntesdesanluis.com\/index.php\/wp-json\/wp\/v2\/tags?post=1666"}],"curies":[{"name":"wp","href":"https:\/\/api.w.org\/{rel}","templated":true}]}}