{"id":16688,"date":"2024-05-23T21:50:54","date_gmt":"2024-05-24T00:50:54","guid":{"rendered":"https:\/\/apuntesdesanluis.com\/?p=16688"},"modified":"2024-05-23T21:51:47","modified_gmt":"2024-05-24T00:51:47","slug":"morinigo-en-clase-publica-la-universidad-publica-no-cerrara-jamas","status":"publish","type":"post","link":"https:\/\/apuntesdesanluis.com\/index.php\/2024\/05\/23\/morinigo-en-clase-publica-la-universidad-publica-no-cerrara-jamas\/","title":{"rendered":"MORI\u00d1IGO EN CLASE P\u00daBLICA: \u00abLA UNIVERSIDAD P\u00daBLICA NO CERRAR\u00c1 JAM\u00c1S\u00bb"},"content":{"rendered":"<h3>Este viernes se realiz\u00f3 una nueva clase p\u00fablica en defensa de la Universidad P\u00fablica. La actividad, organizada conjuntamente por el Departamento de Comunicaci\u00f3n y el Centro de Estudiantes de la Facultad de Ciencias Humanas (FCH), cont\u00f3 con la presencia del rector de la UNSL y presidente del Consejo Interuniversitario Nacional (CIN), C.P.N. <strong>V\u00edctor Mori\u00f1igo<\/strong>.<\/h3>\n<h3>La clase se desarroll\u00f3 en el paseo del Monumento a la Reforma Universitaria, sobre calle Ej\u00e9rcito de los Andes.<\/h3>\n<h3>En el encuentro participaron autoridades, docentes, estudiantes, nodocentes e integrantes de la comunidad en general. En un primer momento, se debati\u00f3 y reflexion\u00f3 sobre la importancia de la educaci\u00f3n p\u00fablica. Luego, para cerrar la actividad, el Rector de la UNSL habl\u00f3 a las personas presentes y finalmente, se organiz\u00f3 una ronda de preguntas sobre el funcionamiento de la Universidad.<\/h3>\n<h3>En sus palabras, Mori\u00f1igo habl\u00f3 de la importancia de la educaci\u00f3n p\u00fablica en su historia personal, a la vez, destac\u00f3 la realizaci\u00f3n de las aulas p\u00fablicas, para reflexionar y debatir sobre diferentes temas: \u00abEstas charlas son muy importantes para venir, dar la cara y saber que no tenemos nada que esconder\u00bb, dijo. Luego, explic\u00f3 y puso en contexto la problem\u00e1tica actual que cursa el sistema universitario argentino con relaci\u00f3n al presupuesto y c\u00f3mo esto repercute en becas, pr\u00e1cticas e insumos para las carreras.<\/h3>\n<h3><img fetchpriority=\"high\" decoding=\"async\" class=\"wp-image-16689 aligncenter\" src=\"https:\/\/apuntesdesanluis.com\/wp-content\/uploads\/2024\/05\/DOS-300x102.png\" alt=\"\" width=\"606\" height=\"206\" srcset=\"https:\/\/apuntesdesanluis.com\/wp-content\/uploads\/2024\/05\/DOS-300x102.png 300w, https:\/\/apuntesdesanluis.com\/wp-content\/uploads\/2024\/05\/DOS-768x262.png 768w, https:\/\/apuntesdesanluis.com\/wp-content\/uploads\/2024\/05\/DOS.png 996w\" sizes=\"(max-width: 606px) 100vw, 606px\" \/><\/h3>\n<h3>Hablando de la dif\u00edcil situaci\u00f3n para todos los claustros y de la fortaleza que ha tenido la universidad p\u00fablica argentina hist\u00f3ricamente, expres\u00f3: \u00abla universidad p\u00fablica no va a cerrar jam\u00e1s (\u2026) el mensaje para los estudiantes y para las familias que nos conf\u00edan a sus chicos para formarse ac\u00e1, es que vamos a hacer todo lo posible por sostener esta Universidad\u00bb.<\/h3>\n<h3>Luego de sus palabras, se habilit\u00f3 una instancia de preguntas y respuestas. Entre otros temas, se abordaron la Ley de Bases y su impacto en el pa\u00eds y la Provincia, c\u00f3mo se transforma la universidad con el paso del tiempo y las nuevas herramientas tecnol\u00f3gicas, el futuro del trabajo y la duraci\u00f3n de las carreras universitarias.<\/h3>\n<h3>Adem\u00e1s se habl\u00f3 sobre el env\u00edo de presupuesto por parte del Gobierno Nacional solo a la Universidad de Buenos Aires (UBA). Sobre esto, expres\u00f3: \u00abla situaci\u00f3n es injusta, es extra\u00f1a y complicada (\u2026) estamos esperando que nos llamen en las pr\u00f3ximas horas para poder tener una reuni\u00f3n\u00bb.<\/h3>\n<p><img decoding=\"async\" class=\"wp-image-16691 aligncenter\" src=\"https:\/\/apuntesdesanluis.com\/wp-content\/uploads\/2024\/05\/CLASE-PUBLICA-300x182.png\" alt=\"\" width=\"630\" height=\"382\" srcset=\"https:\/\/apuntesdesanluis.com\/wp-content\/uploads\/2024\/05\/CLASE-PUBLICA-300x182.png 300w, https:\/\/apuntesdesanluis.com\/wp-content\/uploads\/2024\/05\/CLASE-PUBLICA.png 568w\" sizes=\"(max-width: 630px) 100vw, 630px\" \/><\/p>\n<h3>Finalmente, se dialog\u00f3 sobre la gratuidad universitaria para estudiantes extranjeros, la administraci\u00f3n del presupuesto, el circuito que debe realizarse para la compra de insumos, el pago de los salarios y los planes de auditor\u00edas que se realizan cada mes. Sobre esto explic\u00f3: \u00abcomo dice la Ley, nosotros somos auditados por la Auditor\u00eda General de la Naci\u00f3n (\u2026) que es un organismo que responde al control del Poder Legislativo, por lo tanto, es el poder Legislativo el que crea las universidades, el que le asigna fondos a las universidades y el que las audita (\u2026) por eso, nosotros cumplimos la Ley\u00bb.<\/h3>\n<p>&nbsp;<\/p>\n<p>&nbsp;<\/p>\n<p>&nbsp;<\/p>\n<p>&nbsp;<\/p>\n<p>&nbsp;<\/p>\n<p>&nbsp;<\/p>\n","protected":false},"excerpt":{"rendered":"<p>Este viernes se realiz\u00f3 una nueva clase p\u00fablica en defensa de la Universidad P\u00fablica. La&#8230;<\/p>\n","protected":false},"author":1,"featured_media":16690,"comment_status":"closed","ping_status":"closed","sticky":false,"template":"","format":"standard","meta":{"footnotes":""},"categories":[6],"tags":[],"class_list":["post-16688","post","type-post","status-publish","format-standard","has-post-thumbnail","hentry","category-ciudad-provincia"],"yoast_head":"<!-- This site is optimized with the Yoast SEO plugin v26.1.1 - https:\/\/yoast.com\/wordpress\/plugins\/seo\/ -->\n<title>MORI\u00d1IGO EN CLASE P\u00daBLICA: \u00abLA UNIVERSIDAD P\u00daBLICA NO CERRAR\u00c1 JAM\u00c1S\u00bb - Apuntes de San Luis<\/title>\n<meta name=\"robots\" content=\"index, follow, max-snippet:-1, max-image-preview:large, max-video-preview:-1\" \/>\n<link rel=\"canonical\" href=\"https:\/\/apuntesdesanluis.com\/index.php\/2024\/05\/23\/morinigo-en-clase-publica-la-universidad-publica-no-cerrara-jamas\/\" \/>\n<meta property=\"og:locale\" content=\"es_ES\" \/>\n<meta property=\"og:type\" content=\"article\" \/>\n<meta property=\"og:title\" content=\"MORI\u00d1IGO EN CLASE P\u00daBLICA: \u00abLA UNIVERSIDAD P\u00daBLICA NO CERRAR\u00c1 JAM\u00c1S\u00bb - Apuntes de San Luis\" \/>\n<meta property=\"og:description\" content=\"Este viernes se realiz\u00f3 una nueva clase p\u00fablica en defensa de la Universidad P\u00fablica. La...\" \/>\n<meta property=\"og:url\" content=\"https:\/\/apuntesdesanluis.com\/index.php\/2024\/05\/23\/morinigo-en-clase-publica-la-universidad-publica-no-cerrara-jamas\/\" \/>\n<meta property=\"og:site_name\" content=\"Apuntes de San Luis\" \/>\n<meta property=\"article:published_time\" content=\"2024-05-24T00:50:54+00:00\" \/>\n<meta property=\"article:modified_time\" content=\"2024-05-24T00:51:47+00:00\" \/>\n<meta property=\"og:image\" content=\"https:\/\/apuntesdesanluis.com\/wp-content\/uploads\/2024\/05\/CLASE-PUBLICA-DE-MORINIGO.png\" \/>\n\t<meta property=\"og:image:width\" content=\"600\" \/>\n\t<meta property=\"og:image:height\" content=\"340\" \/>\n\t<meta property=\"og:image:type\" content=\"image\/png\" \/>\n<meta name=\"author\" content=\"apuntesdesanluis.com\" \/>\n<meta name=\"twitter:card\" content=\"summary_large_image\" \/>\n<meta name=\"twitter:label1\" content=\"Escrito por\" \/>\n\t<meta name=\"twitter:data1\" content=\"apuntesdesanluis.com\" \/>\n\t<meta name=\"twitter:label2\" content=\"Tiempo de lectura\" \/>\n\t<meta name=\"twitter:data2\" content=\"3 minutos\" \/>\n<script type=\"application\/ld+json\" class=\"yoast-schema-graph\">{\"@context\":\"https:\/\/schema.org\",\"@graph\":[{\"@type\":\"Article\",\"@id\":\"https:\/\/apuntesdesanluis.com\/index.php\/2024\/05\/23\/morinigo-en-clase-publica-la-universidad-publica-no-cerrara-jamas\/#article\",\"isPartOf\":{\"@id\":\"https:\/\/apuntesdesanluis.com\/index.php\/2024\/05\/23\/morinigo-en-clase-publica-la-universidad-publica-no-cerrara-jamas\/\"},\"author\":{\"name\":\"apuntesdesanluis.com\",\"@id\":\"https:\/\/apuntesdesanluis.com\/#\/schema\/person\/b55151d52296fcce64d1a72538a70b90\"},\"headline\":\"MORI\u00d1IGO EN CLASE P\u00daBLICA: \u00abLA UNIVERSIDAD P\u00daBLICA NO CERRAR\u00c1 JAM\u00c1S\u00bb\",\"datePublished\":\"2024-05-24T00:50:54+00:00\",\"dateModified\":\"2024-05-24T00:51:47+00:00\",\"mainEntityOfPage\":{\"@id\":\"https:\/\/apuntesdesanluis.com\/index.php\/2024\/05\/23\/morinigo-en-clase-publica-la-universidad-publica-no-cerrara-jamas\/\"},\"wordCount\":535,\"publisher\":{\"@id\":\"https:\/\/apuntesdesanluis.com\/#\/schema\/person\/b55151d52296fcce64d1a72538a70b90\"},\"image\":{\"@id\":\"https:\/\/apuntesdesanluis.com\/index.php\/2024\/05\/23\/morinigo-en-clase-publica-la-universidad-publica-no-cerrara-jamas\/#primaryimage\"},\"thumbnailUrl\":\"https:\/\/apuntesdesanluis.com\/wp-content\/uploads\/2024\/05\/CLASE-PUBLICA-DE-MORINIGO.png\",\"articleSection\":[\"Ciudad\/Provincia\"],\"inLanguage\":\"es-AR\"},{\"@type\":\"WebPage\",\"@id\":\"https:\/\/apuntesdesanluis.com\/index.php\/2024\/05\/23\/morinigo-en-clase-publica-la-universidad-publica-no-cerrara-jamas\/\",\"url\":\"https:\/\/apuntesdesanluis.com\/index.php\/2024\/05\/23\/morinigo-en-clase-publica-la-universidad-publica-no-cerrara-jamas\/\",\"name\":\"MORI\u00d1IGO EN CLASE P\u00daBLICA: \u00abLA UNIVERSIDAD P\u00daBLICA NO CERRAR\u00c1 JAM\u00c1S\u00bb - Apuntes de San Luis\",\"isPartOf\":{\"@id\":\"https:\/\/apuntesdesanluis.com\/#website\"},\"primaryImageOfPage\":{\"@id\":\"https:\/\/apuntesdesanluis.com\/index.php\/2024\/05\/23\/morinigo-en-clase-publica-la-universidad-publica-no-cerrara-jamas\/#primaryimage\"},\"image\":{\"@id\":\"https:\/\/apuntesdesanluis.com\/index.php\/2024\/05\/23\/morinigo-en-clase-publica-la-universidad-publica-no-cerrara-jamas\/#primaryimage\"},\"thumbnailUrl\":\"https:\/\/apuntesdesanluis.com\/wp-content\/uploads\/2024\/05\/CLASE-PUBLICA-DE-MORINIGO.png\",\"datePublished\":\"2024-05-24T00:50:54+00:00\",\"dateModified\":\"2024-05-24T00:51:47+00:00\",\"breadcrumb\":{\"@id\":\"https:\/\/apuntesdesanluis.com\/index.php\/2024\/05\/23\/morinigo-en-clase-publica-la-universidad-publica-no-cerrara-jamas\/#breadcrumb\"},\"inLanguage\":\"es-AR\",\"potentialAction\":[{\"@type\":\"ReadAction\",\"target\":[\"https:\/\/apuntesdesanluis.com\/index.php\/2024\/05\/23\/morinigo-en-clase-publica-la-universidad-publica-no-cerrara-jamas\/\"]}]},{\"@type\":\"ImageObject\",\"inLanguage\":\"es-AR\",\"@id\":\"https:\/\/apuntesdesanluis.com\/index.php\/2024\/05\/23\/morinigo-en-clase-publica-la-universidad-publica-no-cerrara-jamas\/#primaryimage\",\"url\":\"https:\/\/apuntesdesanluis.com\/wp-content\/uploads\/2024\/05\/CLASE-PUBLICA-DE-MORINIGO.png\",\"contentUrl\":\"https:\/\/apuntesdesanluis.com\/wp-content\/uploads\/2024\/05\/CLASE-PUBLICA-DE-MORINIGO.png\",\"width\":600,\"height\":340},{\"@type\":\"BreadcrumbList\",\"@id\":\"https:\/\/apuntesdesanluis.com\/index.php\/2024\/05\/23\/morinigo-en-clase-publica-la-universidad-publica-no-cerrara-jamas\/#breadcrumb\",\"itemListElement\":[{\"@type\":\"ListItem\",\"position\":1,\"name\":\"Inicio\",\"item\":\"https:\/\/apuntesdesanluis.com\/\"},{\"@type\":\"ListItem\",\"position\":2,\"name\":\"MORI\u00d1IGO EN CLASE P\u00daBLICA: \u00abLA UNIVERSIDAD P\u00daBLICA NO CERRAR\u00c1 JAM\u00c1S\u00bb\"}]},{\"@type\":\"WebSite\",\"@id\":\"https:\/\/apuntesdesanluis.com\/#website\",\"url\":\"https:\/\/apuntesdesanluis.com\/\",\"name\":\"Apuntes de San Luis\",\"description\":\"\",\"publisher\":{\"@id\":\"https:\/\/apuntesdesanluis.com\/#\/schema\/person\/b55151d52296fcce64d1a72538a70b90\"},\"potentialAction\":[{\"@type\":\"SearchAction\",\"target\":{\"@type\":\"EntryPoint\",\"urlTemplate\":\"https:\/\/apuntesdesanluis.com\/?s={search_term_string}\"},\"query-input\":{\"@type\":\"PropertyValueSpecification\",\"valueRequired\":true,\"valueName\":\"search_term_string\"}}],\"inLanguage\":\"es-AR\"},{\"@type\":[\"Person\",\"Organization\"],\"@id\":\"https:\/\/apuntesdesanluis.com\/#\/schema\/person\/b55151d52296fcce64d1a72538a70b90\",\"name\":\"apuntesdesanluis.com\",\"image\":{\"@type\":\"ImageObject\",\"inLanguage\":\"es-AR\",\"@id\":\"https:\/\/apuntesdesanluis.com\/#\/schema\/person\/image\/\",\"url\":\"https:\/\/apuntesdesanluis.com\/wp-content\/uploads\/2023\/07\/cropped-apuntesdesanluis.png\",\"contentUrl\":\"https:\/\/apuntesdesanluis.com\/wp-content\/uploads\/2023\/07\/cropped-apuntesdesanluis.png\",\"width\":450,\"height\":112,\"caption\":\"apuntesdesanluis.com\"},\"logo\":{\"@id\":\"https:\/\/apuntesdesanluis.com\/#\/schema\/person\/image\/\"},\"sameAs\":[\"https:\/\/apuntesdesanluis.com\"],\"url\":\"https:\/\/apuntesdesanluis.com\/index.php\/author\/apuntesdesanluis-com\/\"}]}<\/script>\n<!-- \/ Yoast SEO plugin. -->","yoast_head_json":{"title":"MORI\u00d1IGO EN CLASE P\u00daBLICA: \u00abLA UNIVERSIDAD P\u00daBLICA NO CERRAR\u00c1 JAM\u00c1S\u00bb - Apuntes de San Luis","robots":{"index":"index","follow":"follow","max-snippet":"max-snippet:-1","max-image-preview":"max-image-preview:large","max-video-preview":"max-video-preview:-1"},"canonical":"https:\/\/apuntesdesanluis.com\/index.php\/2024\/05\/23\/morinigo-en-clase-publica-la-universidad-publica-no-cerrara-jamas\/","og_locale":"es_ES","og_type":"article","og_title":"MORI\u00d1IGO EN CLASE P\u00daBLICA: \u00abLA UNIVERSIDAD P\u00daBLICA NO CERRAR\u00c1 JAM\u00c1S\u00bb - Apuntes de San Luis","og_description":"Este viernes se realiz\u00f3 una nueva clase p\u00fablica en defensa de la Universidad P\u00fablica. La...","og_url":"https:\/\/apuntesdesanluis.com\/index.php\/2024\/05\/23\/morinigo-en-clase-publica-la-universidad-publica-no-cerrara-jamas\/","og_site_name":"Apuntes de San Luis","article_published_time":"2024-05-24T00:50:54+00:00","article_modified_time":"2024-05-24T00:51:47+00:00","og_image":[{"width":600,"height":340,"url":"https:\/\/apuntesdesanluis.com\/wp-content\/uploads\/2024\/05\/CLASE-PUBLICA-DE-MORINIGO.png","type":"image\/png"}],"author":"apuntesdesanluis.com","twitter_card":"summary_large_image","twitter_misc":{"Escrito por":"apuntesdesanluis.com","Tiempo de lectura":"3 minutos"},"schema":{"@context":"https:\/\/schema.org","@graph":[{"@type":"Article","@id":"https:\/\/apuntesdesanluis.com\/index.php\/2024\/05\/23\/morinigo-en-clase-publica-la-universidad-publica-no-cerrara-jamas\/#article","isPartOf":{"@id":"https:\/\/apuntesdesanluis.com\/index.php\/2024\/05\/23\/morinigo-en-clase-publica-la-universidad-publica-no-cerrara-jamas\/"},"author":{"name":"apuntesdesanluis.com","@id":"https:\/\/apuntesdesanluis.com\/#\/schema\/person\/b55151d52296fcce64d1a72538a70b90"},"headline":"MORI\u00d1IGO EN CLASE P\u00daBLICA: \u00abLA UNIVERSIDAD P\u00daBLICA NO CERRAR\u00c1 JAM\u00c1S\u00bb","datePublished":"2024-05-24T00:50:54+00:00","dateModified":"2024-05-24T00:51:47+00:00","mainEntityOfPage":{"@id":"https:\/\/apuntesdesanluis.com\/index.php\/2024\/05\/23\/morinigo-en-clase-publica-la-universidad-publica-no-cerrara-jamas\/"},"wordCount":535,"publisher":{"@id":"https:\/\/apuntesdesanluis.com\/#\/schema\/person\/b55151d52296fcce64d1a72538a70b90"},"image":{"@id":"https:\/\/apuntesdesanluis.com\/index.php\/2024\/05\/23\/morinigo-en-clase-publica-la-universidad-publica-no-cerrara-jamas\/#primaryimage"},"thumbnailUrl":"https:\/\/apuntesdesanluis.com\/wp-content\/uploads\/2024\/05\/CLASE-PUBLICA-DE-MORINIGO.png","articleSection":["Ciudad\/Provincia"],"inLanguage":"es-AR"},{"@type":"WebPage","@id":"https:\/\/apuntesdesanluis.com\/index.php\/2024\/05\/23\/morinigo-en-clase-publica-la-universidad-publica-no-cerrara-jamas\/","url":"https:\/\/apuntesdesanluis.com\/index.php\/2024\/05\/23\/morinigo-en-clase-publica-la-universidad-publica-no-cerrara-jamas\/","name":"MORI\u00d1IGO EN CLASE P\u00daBLICA: \u00abLA UNIVERSIDAD P\u00daBLICA NO CERRAR\u00c1 JAM\u00c1S\u00bb - Apuntes de San Luis","isPartOf":{"@id":"https:\/\/apuntesdesanluis.com\/#website"},"primaryImageOfPage":{"@id":"https:\/\/apuntesdesanluis.com\/index.php\/2024\/05\/23\/morinigo-en-clase-publica-la-universidad-publica-no-cerrara-jamas\/#primaryimage"},"image":{"@id":"https:\/\/apuntesdesanluis.com\/index.php\/2024\/05\/23\/morinigo-en-clase-publica-la-universidad-publica-no-cerrara-jamas\/#primaryimage"},"thumbnailUrl":"https:\/\/apuntesdesanluis.com\/wp-content\/uploads\/2024\/05\/CLASE-PUBLICA-DE-MORINIGO.png","datePublished":"2024-05-24T00:50:54+00:00","dateModified":"2024-05-24T00:51:47+00:00","breadcrumb":{"@id":"https:\/\/apuntesdesanluis.com\/index.php\/2024\/05\/23\/morinigo-en-clase-publica-la-universidad-publica-no-cerrara-jamas\/#breadcrumb"},"inLanguage":"es-AR","potentialAction":[{"@type":"ReadAction","target":["https:\/\/apuntesdesanluis.com\/index.php\/2024\/05\/23\/morinigo-en-clase-publica-la-universidad-publica-no-cerrara-jamas\/"]}]},{"@type":"ImageObject","inLanguage":"es-AR","@id":"https:\/\/apuntesdesanluis.com\/index.php\/2024\/05\/23\/morinigo-en-clase-publica-la-universidad-publica-no-cerrara-jamas\/#primaryimage","url":"https:\/\/apuntesdesanluis.com\/wp-content\/uploads\/2024\/05\/CLASE-PUBLICA-DE-MORINIGO.png","contentUrl":"https:\/\/apuntesdesanluis.com\/wp-content\/uploads\/2024\/05\/CLASE-PUBLICA-DE-MORINIGO.png","width":600,"height":340},{"@type":"BreadcrumbList","@id":"https:\/\/apuntesdesanluis.com\/index.php\/2024\/05\/23\/morinigo-en-clase-publica-la-universidad-publica-no-cerrara-jamas\/#breadcrumb","itemListElement":[{"@type":"ListItem","position":1,"name":"Inicio","item":"https:\/\/apuntesdesanluis.com\/"},{"@type":"ListItem","position":2,"name":"MORI\u00d1IGO EN CLASE P\u00daBLICA: \u00abLA UNIVERSIDAD P\u00daBLICA NO CERRAR\u00c1 JAM\u00c1S\u00bb"}]},{"@type":"WebSite","@id":"https:\/\/apuntesdesanluis.com\/#website","url":"https:\/\/apuntesdesanluis.com\/","name":"Apuntes de San Luis","description":"","publisher":{"@id":"https:\/\/apuntesdesanluis.com\/#\/schema\/person\/b55151d52296fcce64d1a72538a70b90"},"potentialAction":[{"@type":"SearchAction","target":{"@type":"EntryPoint","urlTemplate":"https:\/\/apuntesdesanluis.com\/?s={search_term_string}"},"query-input":{"@type":"PropertyValueSpecification","valueRequired":true,"valueName":"search_term_string"}}],"inLanguage":"es-AR"},{"@type":["Person","Organization"],"@id":"https:\/\/apuntesdesanluis.com\/#\/schema\/person\/b55151d52296fcce64d1a72538a70b90","name":"apuntesdesanluis.com","image":{"@type":"ImageObject","inLanguage":"es-AR","@id":"https:\/\/apuntesdesanluis.com\/#\/schema\/person\/image\/","url":"https:\/\/apuntesdesanluis.com\/wp-content\/uploads\/2023\/07\/cropped-apuntesdesanluis.png","contentUrl":"https:\/\/apuntesdesanluis.com\/wp-content\/uploads\/2023\/07\/cropped-apuntesdesanluis.png","width":450,"height":112,"caption":"apuntesdesanluis.com"},"logo":{"@id":"https:\/\/apuntesdesanluis.com\/#\/schema\/person\/image\/"},"sameAs":["https:\/\/apuntesdesanluis.com"],"url":"https:\/\/apuntesdesanluis.com\/index.php\/author\/apuntesdesanluis-com\/"}]}},"featured_image_urls":{"full":["https:\/\/apuntesdesanluis.com\/wp-content\/uploads\/2024\/05\/CLASE-PUBLICA-DE-MORINIGO.png",600,340,false],"thumbnail":["https:\/\/apuntesdesanluis.com\/wp-content\/uploads\/2024\/05\/CLASE-PUBLICA-DE-MORINIGO-150x150.png",150,150,true],"medium":["https:\/\/apuntesdesanluis.com\/wp-content\/uploads\/2024\/05\/CLASE-PUBLICA-DE-MORINIGO-300x170.png",300,170,true],"medium_large":["https:\/\/apuntesdesanluis.com\/wp-content\/uploads\/2024\/05\/CLASE-PUBLICA-DE-MORINIGO.png",600,340,false],"large":["https:\/\/apuntesdesanluis.com\/wp-content\/uploads\/2024\/05\/CLASE-PUBLICA-DE-MORINIGO.png",600,340,false],"1536x1536":["https:\/\/apuntesdesanluis.com\/wp-content\/uploads\/2024\/05\/CLASE-PUBLICA-DE-MORINIGO.png",600,340,false],"2048x2048":["https:\/\/apuntesdesanluis.com\/wp-content\/uploads\/2024\/05\/CLASE-PUBLICA-DE-MORINIGO.png",600,340,false],"newsever-slider-full":["https:\/\/apuntesdesanluis.com\/wp-content\/uploads\/2024\/05\/CLASE-PUBLICA-DE-MORINIGO.png",600,340,false],"newsever-featured":["https:\/\/apuntesdesanluis.com\/wp-content\/uploads\/2024\/05\/CLASE-PUBLICA-DE-MORINIGO.png",600,340,false],"newsever-medium":["https:\/\/apuntesdesanluis.com\/wp-content\/uploads\/2024\/05\/CLASE-PUBLICA-DE-MORINIGO.png",600,340,false]},"author_info":{"display_name":"apuntesdesanluis.com","author_link":"https:\/\/apuntesdesanluis.com\/index.php\/author\/apuntesdesanluis-com\/"},"category_info":"<a href=\"https:\/\/apuntesdesanluis.com\/index.php\/category\/ciudad-provincia\/\" rel=\"category tag\">Ciudad\/Provincia<\/a>","tag_info":"Ciudad\/Provincia","comment_count":"0","_links":{"self":[{"href":"https:\/\/apuntesdesanluis.com\/index.php\/wp-json\/wp\/v2\/posts\/16688","targetHints":{"allow":["GET"]}}],"collection":[{"href":"https:\/\/apuntesdesanluis.com\/index.php\/wp-json\/wp\/v2\/posts"}],"about":[{"href":"https:\/\/apuntesdesanluis.com\/index.php\/wp-json\/wp\/v2\/types\/post"}],"author":[{"embeddable":true,"href":"https:\/\/apuntesdesanluis.com\/index.php\/wp-json\/wp\/v2\/users\/1"}],"replies":[{"embeddable":true,"href":"https:\/\/apuntesdesanluis.com\/index.php\/wp-json\/wp\/v2\/comments?post=16688"}],"version-history":[{"count":2,"href":"https:\/\/apuntesdesanluis.com\/index.php\/wp-json\/wp\/v2\/posts\/16688\/revisions"}],"predecessor-version":[{"id":16693,"href":"https:\/\/apuntesdesanluis.com\/index.php\/wp-json\/wp\/v2\/posts\/16688\/revisions\/16693"}],"wp:featuredmedia":[{"embeddable":true,"href":"https:\/\/apuntesdesanluis.com\/index.php\/wp-json\/wp\/v2\/media\/16690"}],"wp:attachment":[{"href":"https:\/\/apuntesdesanluis.com\/index.php\/wp-json\/wp\/v2\/media?parent=16688"}],"wp:term":[{"taxonomy":"category","embeddable":true,"href":"https:\/\/apuntesdesanluis.com\/index.php\/wp-json\/wp\/v2\/categories?post=16688"},{"taxonomy":"post_tag","embeddable":true,"href":"https:\/\/apuntesdesanluis.com\/index.php\/wp-json\/wp\/v2\/tags?post=16688"}],"curies":[{"name":"wp","href":"https:\/\/api.w.org\/{rel}","templated":true}]}}