{"id":1670,"date":"2023-08-16T20:05:19","date_gmt":"2023-08-16T23:05:19","guid":{"rendered":"https:\/\/apuntesdesanluis.com\/?p=1670"},"modified":"2023-08-16T20:17:25","modified_gmt":"2023-08-16T23:17:25","slug":"camioneros-exige-reabrir-su-paritaria-y-ya-hay-reuniones-con-empresarios-piden-140","status":"publish","type":"post","link":"https:\/\/apuntesdesanluis.com\/index.php\/2023\/08\/16\/camioneros-exige-reabrir-su-paritaria-y-ya-hay-reuniones-con-empresarios-piden-140\/","title":{"rendered":"CAMIONEROS EXIGE REABRIR SU PARITARIA Y YA HAY REUNIONES CON EMPRESARIOS: PIDEN 140%"},"content":{"rendered":"<h3 class=\"yiv7409174924ydp6329976emsonormal\" style=\"background: white;\"><span style=\"font-family: 'Arial','sans-serif'; color: #1d2228;\">La Federaci\u00f3n Nacional de Camioneros se reuni\u00f3 hoy con el sector empresarial con el objetivo de reabrir la paritaria teniendo en cuenta la escalada de precios. En el encuentro reclamaron un aumento salarial del 140%.<\/span><\/h3>\n<h3 class=\"yiv7409174924ydp6329976emsonormal\" style=\"background: white;\"><span style=\"font-family: 'Arial','sans-serif'; color: #1d2228;\">A la salida de la reuni\u00f3n en el Ministerio de Trabajo, el secretario Gremial, Marcelo Aparicio, dijo que en la reuni\u00f3n con representantes del sector empresarial -Federaci\u00f3n Argentina de Entidades Empresarias del Autotransporte de Cargas (FADEEAC)-, la Federaci\u00f3n Argentina de Transporte y Log\u00edstica (FAETYL) y la Confederaci\u00f3n Argentina del Transporte Automotor de Carga (CATAC)- se abord\u00f3 la &#8220;preocupante situaci\u00f3n que enfrentan los trabajadores&#8221;.<\/span><\/h3>\n<h3 class=\"yiv7409174924ydp6329976emsonormal\" style=\"background: white;\"><span style=\"font-family: 'Arial','sans-serif'; color: #1d2228;\">&#8220;El salario ha experimentado una notable disminuci\u00f3n en relaci\u00f3n al costo de vida actual&#8221;, explic\u00f3.<\/span><\/h3>\n<h3 class=\"yiv7409174924ydp6329976emsonormal\" style=\"background: white;\"><span style=\"font-family: 'Arial','sans-serif'; color: #1d2228;\">Durante el encuentro, se plante\u00f3 la necesidad de adelantar la discusi\u00f3n de la paritaria, buscando acortar los plazos y comenzar a negociar de inmediato.<\/span><\/h3>\n<h3 class=\"yiv7409174924ydp6329976emsonormal\" style=\"background: white;\"><span style=\"font-family: 'Arial','sans-serif'; color: #1d2228;\">Si bien se han expuesto diversas necesidades y se ha evaluado la situaci\u00f3n, no se ha establecido un n\u00famero definitivo debido a la incertidumbre econ\u00f3mica.<\/span><\/h3>\n<h3 class=\"yiv7409174924ydp6329976emsonormal\" style=\"background: white;\"><span style=\"font-family: 'Arial','sans-serif'; color: #1d2228;\">La fluctuaci\u00f3n del d\u00f3lar y de los precios hacen necesario volver a reunirse para definir los detalles.<\/span><\/h3>\n<h3 class=\"yiv7409174924ydp6329976emsonormal\" style=\"background: white;\"><span style=\"font-family: 'Arial','sans-serif'; color: #1d2228;\">Se ha hecho hincapi\u00e9 en las necesidades de actividades log\u00edsticas, servicios postales y mudanzas, entre otras, que se encuentran en una situaci\u00f3n m\u00e1s precaria.<\/span><\/h3>\n<h3 class=\"yiv7409174924ydp6329976emsonormal\" style=\"background: white;\"><span style=\"font-family: 'Arial','sans-serif'; color: #1d2228;\">Asimismo, se ha planteado la importancia de revisar y modificar ciertos aspectos del convenio para mejorar las condiciones de trabajo en \u00e1reas especialmente afectadas.<\/span><\/h3>\n<h3 class=\"yiv7409174924ydp6329976emsonormal\" style=\"background: white;\"><span style=\"font-family: 'Arial','sans-serif'; color: #1d2228;\">Siempre con el objetivo de defender los derechos y la dignidad de los trabajadores.<\/span><\/h3>\n<h3 class=\"yiv7409174924ydp6329976emsonormal\" style=\"background: white;\"><span style=\"font-family: 'Arial','sans-serif'; color: #1d2228;\">De la reuni\u00f3n particip\u00f3 el secretario Adjunto de camioneros, <strong>Pablo Moyano<\/strong>, miembro de la Federaci\u00f3n de Camioneros.<\/span><\/h3>\n<h3 class=\"yiv7409174924ydp6329976emsonormal\" style=\"background: white;\"><span style=\"font-family: 'Arial','sans-serif'; color: #1d2228;\">El acuerdo vigente incluy\u00f3 un aumento salarial escalonado por a\u00f1o de 107% y el pago de un bono extra de $100.000 que se abon\u00f3 en cuotas desde marzo a junio del 2023.<\/span><\/h3>\n<h3 class=\"yiv7409174924ydp6329976emsonormal\" style=\"background: white;\"><span style=\"font-family: 'Arial','sans-serif'; color: #1d2228;\">La vigencia del acuerdo se estableci\u00f3 hasta octubre de 2023 -Camioneros busca anticipar y reabrir-, pero qued\u00f3 asentado tambi\u00e9n que habr\u00e1 una instancia de revisi\u00f3n.<\/span><\/h3>\n<h3 class=\"yiv7409174924ydp6329976emsonormal\" style=\"background: white;\"><span style=\"font-family: 'Arial','sans-serif'; color: #1d2228;\">El acuerdo establece que el aumento para los choferes de camiones se concretar\u00e1 de la siguiente forma: 27% en noviembre, 27% febrero, 27% en mayo y 26% en agosto de 2023.<\/span><\/h3>\n","protected":false},"excerpt":{"rendered":"<p>La Federaci\u00f3n Nacional de Camioneros se reuni\u00f3 hoy con el sector empresarial con el objetivo&#8230;<\/p>\n","protected":false},"author":1,"featured_media":1671,"comment_status":"closed","ping_status":"closed","sticky":false,"template":"","format":"standard","meta":{"footnotes":""},"categories":[5],"tags":[],"class_list":["post-1670","post","type-post","status-publish","format-standard","has-post-thumbnail","hentry","category-nacionales-internacionales"],"yoast_head":"<!-- This site is optimized with the Yoast SEO plugin v26.1.1 - https:\/\/yoast.com\/wordpress\/plugins\/seo\/ -->\n<title>CAMIONEROS EXIGE REABRIR SU PARITARIA Y YA HAY REUNIONES CON EMPRESARIOS: PIDEN 140% - Apuntes de San Luis<\/title>\n<meta name=\"robots\" content=\"index, follow, max-snippet:-1, max-image-preview:large, max-video-preview:-1\" \/>\n<link rel=\"canonical\" href=\"https:\/\/apuntesdesanluis.com\/index.php\/2023\/08\/16\/camioneros-exige-reabrir-su-paritaria-y-ya-hay-reuniones-con-empresarios-piden-140\/\" \/>\n<meta property=\"og:locale\" content=\"es_ES\" \/>\n<meta property=\"og:type\" content=\"article\" \/>\n<meta property=\"og:title\" content=\"CAMIONEROS EXIGE REABRIR SU PARITARIA Y YA HAY REUNIONES CON EMPRESARIOS: PIDEN 140% - Apuntes de San Luis\" \/>\n<meta property=\"og:description\" content=\"La Federaci\u00f3n Nacional de Camioneros se reuni\u00f3 hoy con el sector empresarial con el objetivo...\" \/>\n<meta property=\"og:url\" content=\"https:\/\/apuntesdesanluis.com\/index.php\/2023\/08\/16\/camioneros-exige-reabrir-su-paritaria-y-ya-hay-reuniones-con-empresarios-piden-140\/\" \/>\n<meta property=\"og:site_name\" content=\"Apuntes de San Luis\" \/>\n<meta property=\"article:published_time\" content=\"2023-08-16T23:05:19+00:00\" \/>\n<meta property=\"article:modified_time\" content=\"2023-08-16T23:17:25+00:00\" \/>\n<meta property=\"og:image\" content=\"https:\/\/apuntesdesanluis.com\/wp-content\/uploads\/2023\/08\/pablo-moyano.png\" \/>\n\t<meta property=\"og:image:width\" content=\"607\" \/>\n\t<meta property=\"og:image:height\" content=\"367\" \/>\n\t<meta property=\"og:image:type\" content=\"image\/png\" \/>\n<meta name=\"author\" content=\"apuntesdesanluis.com\" \/>\n<meta name=\"twitter:card\" content=\"summary_large_image\" \/>\n<meta name=\"twitter:label1\" content=\"Escrito por\" \/>\n\t<meta name=\"twitter:data1\" content=\"apuntesdesanluis.com\" \/>\n\t<meta name=\"twitter:label2\" content=\"Tiempo de lectura\" \/>\n\t<meta name=\"twitter:data2\" content=\"2 minutos\" \/>\n<script type=\"application\/ld+json\" class=\"yoast-schema-graph\">{\"@context\":\"https:\/\/schema.org\",\"@graph\":[{\"@type\":\"Article\",\"@id\":\"https:\/\/apuntesdesanluis.com\/index.php\/2023\/08\/16\/camioneros-exige-reabrir-su-paritaria-y-ya-hay-reuniones-con-empresarios-piden-140\/#article\",\"isPartOf\":{\"@id\":\"https:\/\/apuntesdesanluis.com\/index.php\/2023\/08\/16\/camioneros-exige-reabrir-su-paritaria-y-ya-hay-reuniones-con-empresarios-piden-140\/\"},\"author\":{\"name\":\"apuntesdesanluis.com\",\"@id\":\"https:\/\/apuntesdesanluis.com\/#\/schema\/person\/b55151d52296fcce64d1a72538a70b90\"},\"headline\":\"CAMIONEROS EXIGE REABRIR SU PARITARIA Y YA HAY REUNIONES CON EMPRESARIOS: PIDEN 140%\",\"datePublished\":\"2023-08-16T23:05:19+00:00\",\"dateModified\":\"2023-08-16T23:17:25+00:00\",\"mainEntityOfPage\":{\"@id\":\"https:\/\/apuntesdesanluis.com\/index.php\/2023\/08\/16\/camioneros-exige-reabrir-su-paritaria-y-ya-hay-reuniones-con-empresarios-piden-140\/\"},\"wordCount\":374,\"publisher\":{\"@id\":\"https:\/\/apuntesdesanluis.com\/#\/schema\/person\/b55151d52296fcce64d1a72538a70b90\"},\"image\":{\"@id\":\"https:\/\/apuntesdesanluis.com\/index.php\/2023\/08\/16\/camioneros-exige-reabrir-su-paritaria-y-ya-hay-reuniones-con-empresarios-piden-140\/#primaryimage\"},\"thumbnailUrl\":\"https:\/\/apuntesdesanluis.com\/wp-content\/uploads\/2023\/08\/pablo-moyano.png\",\"articleSection\":[\"Nacionales\/Internacionales\"],\"inLanguage\":\"es-AR\"},{\"@type\":\"WebPage\",\"@id\":\"https:\/\/apuntesdesanluis.com\/index.php\/2023\/08\/16\/camioneros-exige-reabrir-su-paritaria-y-ya-hay-reuniones-con-empresarios-piden-140\/\",\"url\":\"https:\/\/apuntesdesanluis.com\/index.php\/2023\/08\/16\/camioneros-exige-reabrir-su-paritaria-y-ya-hay-reuniones-con-empresarios-piden-140\/\",\"name\":\"CAMIONEROS EXIGE REABRIR SU PARITARIA Y YA HAY REUNIONES CON EMPRESARIOS: PIDEN 140% - Apuntes de San Luis\",\"isPartOf\":{\"@id\":\"https:\/\/apuntesdesanluis.com\/#website\"},\"primaryImageOfPage\":{\"@id\":\"https:\/\/apuntesdesanluis.com\/index.php\/2023\/08\/16\/camioneros-exige-reabrir-su-paritaria-y-ya-hay-reuniones-con-empresarios-piden-140\/#primaryimage\"},\"image\":{\"@id\":\"https:\/\/apuntesdesanluis.com\/index.php\/2023\/08\/16\/camioneros-exige-reabrir-su-paritaria-y-ya-hay-reuniones-con-empresarios-piden-140\/#primaryimage\"},\"thumbnailUrl\":\"https:\/\/apuntesdesanluis.com\/wp-content\/uploads\/2023\/08\/pablo-moyano.png\",\"datePublished\":\"2023-08-16T23:05:19+00:00\",\"dateModified\":\"2023-08-16T23:17:25+00:00\",\"breadcrumb\":{\"@id\":\"https:\/\/apuntesdesanluis.com\/index.php\/2023\/08\/16\/camioneros-exige-reabrir-su-paritaria-y-ya-hay-reuniones-con-empresarios-piden-140\/#breadcrumb\"},\"inLanguage\":\"es-AR\",\"potentialAction\":[{\"@type\":\"ReadAction\",\"target\":[\"https:\/\/apuntesdesanluis.com\/index.php\/2023\/08\/16\/camioneros-exige-reabrir-su-paritaria-y-ya-hay-reuniones-con-empresarios-piden-140\/\"]}]},{\"@type\":\"ImageObject\",\"inLanguage\":\"es-AR\",\"@id\":\"https:\/\/apuntesdesanluis.com\/index.php\/2023\/08\/16\/camioneros-exige-reabrir-su-paritaria-y-ya-hay-reuniones-con-empresarios-piden-140\/#primaryimage\",\"url\":\"https:\/\/apuntesdesanluis.com\/wp-content\/uploads\/2023\/08\/pablo-moyano.png\",\"contentUrl\":\"https:\/\/apuntesdesanluis.com\/wp-content\/uploads\/2023\/08\/pablo-moyano.png\",\"width\":607,\"height\":367},{\"@type\":\"BreadcrumbList\",\"@id\":\"https:\/\/apuntesdesanluis.com\/index.php\/2023\/08\/16\/camioneros-exige-reabrir-su-paritaria-y-ya-hay-reuniones-con-empresarios-piden-140\/#breadcrumb\",\"itemListElement\":[{\"@type\":\"ListItem\",\"position\":1,\"name\":\"Inicio\",\"item\":\"https:\/\/apuntesdesanluis.com\/\"},{\"@type\":\"ListItem\",\"position\":2,\"name\":\"CAMIONEROS EXIGE REABRIR SU PARITARIA Y YA HAY REUNIONES CON EMPRESARIOS: PIDEN 140%\"}]},{\"@type\":\"WebSite\",\"@id\":\"https:\/\/apuntesdesanluis.com\/#website\",\"url\":\"https:\/\/apuntesdesanluis.com\/\",\"name\":\"Apuntes de San Luis\",\"description\":\"\",\"publisher\":{\"@id\":\"https:\/\/apuntesdesanluis.com\/#\/schema\/person\/b55151d52296fcce64d1a72538a70b90\"},\"potentialAction\":[{\"@type\":\"SearchAction\",\"target\":{\"@type\":\"EntryPoint\",\"urlTemplate\":\"https:\/\/apuntesdesanluis.com\/?s={search_term_string}\"},\"query-input\":{\"@type\":\"PropertyValueSpecification\",\"valueRequired\":true,\"valueName\":\"search_term_string\"}}],\"inLanguage\":\"es-AR\"},{\"@type\":[\"Person\",\"Organization\"],\"@id\":\"https:\/\/apuntesdesanluis.com\/#\/schema\/person\/b55151d52296fcce64d1a72538a70b90\",\"name\":\"apuntesdesanluis.com\",\"image\":{\"@type\":\"ImageObject\",\"inLanguage\":\"es-AR\",\"@id\":\"https:\/\/apuntesdesanluis.com\/#\/schema\/person\/image\/\",\"url\":\"https:\/\/apuntesdesanluis.com\/wp-content\/uploads\/2023\/07\/cropped-apuntesdesanluis.png\",\"contentUrl\":\"https:\/\/apuntesdesanluis.com\/wp-content\/uploads\/2023\/07\/cropped-apuntesdesanluis.png\",\"width\":450,\"height\":112,\"caption\":\"apuntesdesanluis.com\"},\"logo\":{\"@id\":\"https:\/\/apuntesdesanluis.com\/#\/schema\/person\/image\/\"},\"sameAs\":[\"https:\/\/apuntesdesanluis.com\"],\"url\":\"https:\/\/apuntesdesanluis.com\/index.php\/author\/apuntesdesanluis-com\/\"}]}<\/script>\n<!-- \/ Yoast SEO plugin. -->","yoast_head_json":{"title":"CAMIONEROS EXIGE REABRIR SU PARITARIA Y YA HAY REUNIONES CON EMPRESARIOS: PIDEN 140% - Apuntes de San Luis","robots":{"index":"index","follow":"follow","max-snippet":"max-snippet:-1","max-image-preview":"max-image-preview:large","max-video-preview":"max-video-preview:-1"},"canonical":"https:\/\/apuntesdesanluis.com\/index.php\/2023\/08\/16\/camioneros-exige-reabrir-su-paritaria-y-ya-hay-reuniones-con-empresarios-piden-140\/","og_locale":"es_ES","og_type":"article","og_title":"CAMIONEROS EXIGE REABRIR SU PARITARIA Y YA HAY REUNIONES CON EMPRESARIOS: PIDEN 140% - Apuntes de San Luis","og_description":"La Federaci\u00f3n Nacional de Camioneros se reuni\u00f3 hoy con el sector empresarial con el objetivo...","og_url":"https:\/\/apuntesdesanluis.com\/index.php\/2023\/08\/16\/camioneros-exige-reabrir-su-paritaria-y-ya-hay-reuniones-con-empresarios-piden-140\/","og_site_name":"Apuntes de San Luis","article_published_time":"2023-08-16T23:05:19+00:00","article_modified_time":"2023-08-16T23:17:25+00:00","og_image":[{"width":607,"height":367,"url":"https:\/\/apuntesdesanluis.com\/wp-content\/uploads\/2023\/08\/pablo-moyano.png","type":"image\/png"}],"author":"apuntesdesanluis.com","twitter_card":"summary_large_image","twitter_misc":{"Escrito por":"apuntesdesanluis.com","Tiempo de lectura":"2 minutos"},"schema":{"@context":"https:\/\/schema.org","@graph":[{"@type":"Article","@id":"https:\/\/apuntesdesanluis.com\/index.php\/2023\/08\/16\/camioneros-exige-reabrir-su-paritaria-y-ya-hay-reuniones-con-empresarios-piden-140\/#article","isPartOf":{"@id":"https:\/\/apuntesdesanluis.com\/index.php\/2023\/08\/16\/camioneros-exige-reabrir-su-paritaria-y-ya-hay-reuniones-con-empresarios-piden-140\/"},"author":{"name":"apuntesdesanluis.com","@id":"https:\/\/apuntesdesanluis.com\/#\/schema\/person\/b55151d52296fcce64d1a72538a70b90"},"headline":"CAMIONEROS EXIGE REABRIR SU PARITARIA Y YA HAY REUNIONES CON EMPRESARIOS: PIDEN 140%","datePublished":"2023-08-16T23:05:19+00:00","dateModified":"2023-08-16T23:17:25+00:00","mainEntityOfPage":{"@id":"https:\/\/apuntesdesanluis.com\/index.php\/2023\/08\/16\/camioneros-exige-reabrir-su-paritaria-y-ya-hay-reuniones-con-empresarios-piden-140\/"},"wordCount":374,"publisher":{"@id":"https:\/\/apuntesdesanluis.com\/#\/schema\/person\/b55151d52296fcce64d1a72538a70b90"},"image":{"@id":"https:\/\/apuntesdesanluis.com\/index.php\/2023\/08\/16\/camioneros-exige-reabrir-su-paritaria-y-ya-hay-reuniones-con-empresarios-piden-140\/#primaryimage"},"thumbnailUrl":"https:\/\/apuntesdesanluis.com\/wp-content\/uploads\/2023\/08\/pablo-moyano.png","articleSection":["Nacionales\/Internacionales"],"inLanguage":"es-AR"},{"@type":"WebPage","@id":"https:\/\/apuntesdesanluis.com\/index.php\/2023\/08\/16\/camioneros-exige-reabrir-su-paritaria-y-ya-hay-reuniones-con-empresarios-piden-140\/","url":"https:\/\/apuntesdesanluis.com\/index.php\/2023\/08\/16\/camioneros-exige-reabrir-su-paritaria-y-ya-hay-reuniones-con-empresarios-piden-140\/","name":"CAMIONEROS EXIGE REABRIR SU PARITARIA Y YA HAY REUNIONES CON EMPRESARIOS: PIDEN 140% - Apuntes de San Luis","isPartOf":{"@id":"https:\/\/apuntesdesanluis.com\/#website"},"primaryImageOfPage":{"@id":"https:\/\/apuntesdesanluis.com\/index.php\/2023\/08\/16\/camioneros-exige-reabrir-su-paritaria-y-ya-hay-reuniones-con-empresarios-piden-140\/#primaryimage"},"image":{"@id":"https:\/\/apuntesdesanluis.com\/index.php\/2023\/08\/16\/camioneros-exige-reabrir-su-paritaria-y-ya-hay-reuniones-con-empresarios-piden-140\/#primaryimage"},"thumbnailUrl":"https:\/\/apuntesdesanluis.com\/wp-content\/uploads\/2023\/08\/pablo-moyano.png","datePublished":"2023-08-16T23:05:19+00:00","dateModified":"2023-08-16T23:17:25+00:00","breadcrumb":{"@id":"https:\/\/apuntesdesanluis.com\/index.php\/2023\/08\/16\/camioneros-exige-reabrir-su-paritaria-y-ya-hay-reuniones-con-empresarios-piden-140\/#breadcrumb"},"inLanguage":"es-AR","potentialAction":[{"@type":"ReadAction","target":["https:\/\/apuntesdesanluis.com\/index.php\/2023\/08\/16\/camioneros-exige-reabrir-su-paritaria-y-ya-hay-reuniones-con-empresarios-piden-140\/"]}]},{"@type":"ImageObject","inLanguage":"es-AR","@id":"https:\/\/apuntesdesanluis.com\/index.php\/2023\/08\/16\/camioneros-exige-reabrir-su-paritaria-y-ya-hay-reuniones-con-empresarios-piden-140\/#primaryimage","url":"https:\/\/apuntesdesanluis.com\/wp-content\/uploads\/2023\/08\/pablo-moyano.png","contentUrl":"https:\/\/apuntesdesanluis.com\/wp-content\/uploads\/2023\/08\/pablo-moyano.png","width":607,"height":367},{"@type":"BreadcrumbList","@id":"https:\/\/apuntesdesanluis.com\/index.php\/2023\/08\/16\/camioneros-exige-reabrir-su-paritaria-y-ya-hay-reuniones-con-empresarios-piden-140\/#breadcrumb","itemListElement":[{"@type":"ListItem","position":1,"name":"Inicio","item":"https:\/\/apuntesdesanluis.com\/"},{"@type":"ListItem","position":2,"name":"CAMIONEROS EXIGE REABRIR SU PARITARIA Y YA HAY REUNIONES CON EMPRESARIOS: PIDEN 140%"}]},{"@type":"WebSite","@id":"https:\/\/apuntesdesanluis.com\/#website","url":"https:\/\/apuntesdesanluis.com\/","name":"Apuntes de San Luis","description":"","publisher":{"@id":"https:\/\/apuntesdesanluis.com\/#\/schema\/person\/b55151d52296fcce64d1a72538a70b90"},"potentialAction":[{"@type":"SearchAction","target":{"@type":"EntryPoint","urlTemplate":"https:\/\/apuntesdesanluis.com\/?s={search_term_string}"},"query-input":{"@type":"PropertyValueSpecification","valueRequired":true,"valueName":"search_term_string"}}],"inLanguage":"es-AR"},{"@type":["Person","Organization"],"@id":"https:\/\/apuntesdesanluis.com\/#\/schema\/person\/b55151d52296fcce64d1a72538a70b90","name":"apuntesdesanluis.com","image":{"@type":"ImageObject","inLanguage":"es-AR","@id":"https:\/\/apuntesdesanluis.com\/#\/schema\/person\/image\/","url":"https:\/\/apuntesdesanluis.com\/wp-content\/uploads\/2023\/07\/cropped-apuntesdesanluis.png","contentUrl":"https:\/\/apuntesdesanluis.com\/wp-content\/uploads\/2023\/07\/cropped-apuntesdesanluis.png","width":450,"height":112,"caption":"apuntesdesanluis.com"},"logo":{"@id":"https:\/\/apuntesdesanluis.com\/#\/schema\/person\/image\/"},"sameAs":["https:\/\/apuntesdesanluis.com"],"url":"https:\/\/apuntesdesanluis.com\/index.php\/author\/apuntesdesanluis-com\/"}]}},"featured_image_urls":{"full":["https:\/\/apuntesdesanluis.com\/wp-content\/uploads\/2023\/08\/pablo-moyano.png",607,367,false],"thumbnail":["https:\/\/apuntesdesanluis.com\/wp-content\/uploads\/2023\/08\/pablo-moyano-150x150.png",150,150,true],"medium":["https:\/\/apuntesdesanluis.com\/wp-content\/uploads\/2023\/08\/pablo-moyano-300x181.png",300,181,true],"medium_large":["https:\/\/apuntesdesanluis.com\/wp-content\/uploads\/2023\/08\/pablo-moyano.png",607,367,false],"large":["https:\/\/apuntesdesanluis.com\/wp-content\/uploads\/2023\/08\/pablo-moyano.png",607,367,false],"1536x1536":["https:\/\/apuntesdesanluis.com\/wp-content\/uploads\/2023\/08\/pablo-moyano.png",607,367,false],"2048x2048":["https:\/\/apuntesdesanluis.com\/wp-content\/uploads\/2023\/08\/pablo-moyano.png",607,367,false],"newsever-slider-full":["https:\/\/apuntesdesanluis.com\/wp-content\/uploads\/2023\/08\/pablo-moyano.png",607,367,false],"newsever-featured":["https:\/\/apuntesdesanluis.com\/wp-content\/uploads\/2023\/08\/pablo-moyano.png",607,367,false],"newsever-medium":["https:\/\/apuntesdesanluis.com\/wp-content\/uploads\/2023\/08\/pablo-moyano.png",607,367,false]},"author_info":{"display_name":"apuntesdesanluis.com","author_link":"https:\/\/apuntesdesanluis.com\/index.php\/author\/apuntesdesanluis-com\/"},"category_info":"<a href=\"https:\/\/apuntesdesanluis.com\/index.php\/category\/nacionales-internacionales\/\" rel=\"category tag\">Nacionales\/Internacionales<\/a>","tag_info":"Nacionales\/Internacionales","comment_count":"0","_links":{"self":[{"href":"https:\/\/apuntesdesanluis.com\/index.php\/wp-json\/wp\/v2\/posts\/1670","targetHints":{"allow":["GET"]}}],"collection":[{"href":"https:\/\/apuntesdesanluis.com\/index.php\/wp-json\/wp\/v2\/posts"}],"about":[{"href":"https:\/\/apuntesdesanluis.com\/index.php\/wp-json\/wp\/v2\/types\/post"}],"author":[{"embeddable":true,"href":"https:\/\/apuntesdesanluis.com\/index.php\/wp-json\/wp\/v2\/users\/1"}],"replies":[{"embeddable":true,"href":"https:\/\/apuntesdesanluis.com\/index.php\/wp-json\/wp\/v2\/comments?post=1670"}],"version-history":[{"count":2,"href":"https:\/\/apuntesdesanluis.com\/index.php\/wp-json\/wp\/v2\/posts\/1670\/revisions"}],"predecessor-version":[{"id":1673,"href":"https:\/\/apuntesdesanluis.com\/index.php\/wp-json\/wp\/v2\/posts\/1670\/revisions\/1673"}],"wp:featuredmedia":[{"embeddable":true,"href":"https:\/\/apuntesdesanluis.com\/index.php\/wp-json\/wp\/v2\/media\/1671"}],"wp:attachment":[{"href":"https:\/\/apuntesdesanluis.com\/index.php\/wp-json\/wp\/v2\/media?parent=1670"}],"wp:term":[{"taxonomy":"category","embeddable":true,"href":"https:\/\/apuntesdesanluis.com\/index.php\/wp-json\/wp\/v2\/categories?post=1670"},{"taxonomy":"post_tag","embeddable":true,"href":"https:\/\/apuntesdesanluis.com\/index.php\/wp-json\/wp\/v2\/tags?post=1670"}],"curies":[{"name":"wp","href":"https:\/\/api.w.org\/{rel}","templated":true}]}}