{"id":16714,"date":"2024-05-24T09:35:05","date_gmt":"2024-05-24T12:35:05","guid":{"rendered":"https:\/\/apuntesdesanluis.com\/?p=16714"},"modified":"2024-05-24T09:37:57","modified_gmt":"2024-05-24T12:37:57","slug":"que-dios-bendiga-a-la-argentina-y-a-villa-mercedes","status":"publish","type":"post","link":"https:\/\/apuntesdesanluis.com\/index.php\/2024\/05\/24\/que-dios-bendiga-a-la-argentina-y-a-villa-mercedes\/","title":{"rendered":"\u201cQUE DIOS BENDIGA A LA ARGENTINA Y A VILLA MERCEDES\u201d"},"content":{"rendered":"<h3>Fue el deseo que expres\u00f3 el dirigente libertario <strong>Rodolfo Negri<\/strong>, al cierre de la extensa entrevista que concedi\u00f3 a <strong>\u201cDejame un T\u00edtulo\u201d<\/strong>, en el que no rehuy\u00f3 ning\u00fan tema, desde la pol\u00edtica, la econom\u00eda, el aumento de las dietas, la relaci\u00f3n Milei-Villarruel e incluso la supuesta interna que mantiene con el senador <strong>Bartolom\u00e9 Abdala<\/strong>.<\/h3>\n<h3>\u201cEl presidente Javier Milei, as\u00ed como lo ves en los medios, es en la intimidad. Un hombre que tiene muy claro el concepto de econom\u00eda y el concepto de pa\u00eds\u201d, dice Rodolfo Negri, Secretario Parlamentario del Bloque de Senadores de la Libertad Avanza.<\/h3>\n<p><img fetchpriority=\"high\" decoding=\"async\" class=\"wp-image-15754 aligncenter\" src=\"https:\/\/apuntesdesanluis.com\/wp-content\/uploads\/2024\/05\/dejame-un-titulo-1-300x193.png\" alt=\"\" width=\"494\" height=\"318\" srcset=\"https:\/\/apuntesdesanluis.com\/wp-content\/uploads\/2024\/05\/dejame-un-titulo-1-300x193.png 300w, https:\/\/apuntesdesanluis.com\/wp-content\/uploads\/2024\/05\/dejame-un-titulo-1.png 673w\" sizes=\"(max-width: 494px) 100vw, 494px\" \/><\/p>\n<h3>Destaca que el mandatario se\u00f1al\u00f3 en campa\u00f1a lo que pensaba hacer y ratifica que asistimos a un \u201ccambio de paradigma, en el que no hay negociaci\u00f3n alguna ni gradualismo\u201d.<\/h3>\n<h3>Recuerda, en este sentido, que \u201cantes el empresario o el que invierte era visto como mala palabra\u201d y postula que \u201cel Estado no deber\u00eda ser m\u00e1s grande de lo que m\u00ednimamente debe ser\u201d.<\/h3>\n<h3>\u201cHoy los indicadores macroecon\u00f3micos nos est\u00e1n dando la raz\u00f3n. Hab\u00eda que cortar con el d\u00e9ficit fiscal, creo que se equilibr\u00f3\u201d, afirma.<\/h3>\n<h3>Con respecto al aumento de las dietas que aprob\u00f3 el Senado, recuerda que \u201ceso lo resolvieron los bloques de Uni\u00f3n por la Patria y Juntos por el Cambio\u201d, con el voto contrario de los senadores libertarios.<\/h3>\n<h3>A pesar de las versiones, sostiene que mantiene \u201cuna buena relaci\u00f3n\u201d con el senador Bartolom\u00e9 Abdala, aunque reconoce que cada uno tiene \u201cun proyecto pol\u00edtico personal que puede o no coincidir\u201d.<\/h3>\n<p>&nbsp;<\/p>\n<p><iframe title=\"RODOLFO NEGRI. Sec. Parlamentario Bloque Senadores LLA\" width=\"640\" height=\"360\" src=\"https:\/\/www.youtube.com\/embed\/Cq7UwbwF-g4?feature=oembed\" frameborder=\"0\" allow=\"accelerometer; autoplay; clipboard-write; encrypted-media; gyroscope; picture-in-picture; web-share\" referrerpolicy=\"strict-origin-when-cross-origin\" allowfullscreen><\/iframe><\/p>\n<p>&nbsp;<\/p>\n<p>&nbsp;<\/p>\n<p>&nbsp;<\/p>\n<p>&nbsp;<\/p>\n<p>&nbsp;<\/p>\n<p>&nbsp;<\/p>\n","protected":false},"excerpt":{"rendered":"<p>Fue el deseo que expres\u00f3 el dirigente libertario Rodolfo Negri, al cierre de la extensa&#8230;<\/p>\n","protected":false},"author":1,"featured_media":16715,"comment_status":"closed","ping_status":"closed","sticky":false,"template":"","format":"standard","meta":{"footnotes":""},"categories":[9],"tags":[],"class_list":["post-16714","post","type-post","status-publish","format-standard","has-post-thumbnail","hentry","category-opinion"],"yoast_head":"<!-- This site is optimized with the Yoast SEO plugin v26.1.1 - https:\/\/yoast.com\/wordpress\/plugins\/seo\/ -->\n<title>\u201cQUE DIOS BENDIGA A LA ARGENTINA Y A VILLA MERCEDES\u201d - Apuntes de San Luis<\/title>\n<meta name=\"robots\" content=\"index, follow, max-snippet:-1, max-image-preview:large, max-video-preview:-1\" \/>\n<link rel=\"canonical\" href=\"https:\/\/apuntesdesanluis.com\/index.php\/2024\/05\/24\/que-dios-bendiga-a-la-argentina-y-a-villa-mercedes\/\" \/>\n<meta property=\"og:locale\" content=\"es_ES\" \/>\n<meta property=\"og:type\" content=\"article\" \/>\n<meta property=\"og:title\" content=\"\u201cQUE DIOS BENDIGA A LA ARGENTINA Y A VILLA MERCEDES\u201d - Apuntes de San Luis\" \/>\n<meta property=\"og:description\" content=\"Fue el deseo que expres\u00f3 el dirigente libertario Rodolfo Negri, al cierre de la extensa...\" \/>\n<meta property=\"og:url\" content=\"https:\/\/apuntesdesanluis.com\/index.php\/2024\/05\/24\/que-dios-bendiga-a-la-argentina-y-a-villa-mercedes\/\" \/>\n<meta property=\"og:site_name\" content=\"Apuntes de San Luis\" \/>\n<meta property=\"article:published_time\" content=\"2024-05-24T12:35:05+00:00\" \/>\n<meta property=\"article:modified_time\" content=\"2024-05-24T12:37:57+00:00\" \/>\n<meta property=\"og:image\" content=\"https:\/\/apuntesdesanluis.com\/wp-content\/uploads\/2024\/05\/Rodofo-negri.png\" \/>\n\t<meta property=\"og:image:width\" content=\"600\" \/>\n\t<meta property=\"og:image:height\" content=\"308\" \/>\n\t<meta property=\"og:image:type\" content=\"image\/png\" \/>\n<meta name=\"author\" content=\"apuntesdesanluis.com\" \/>\n<meta name=\"twitter:card\" content=\"summary_large_image\" \/>\n<meta name=\"twitter:label1\" content=\"Escrito por\" \/>\n\t<meta name=\"twitter:data1\" content=\"apuntesdesanluis.com\" \/>\n\t<meta name=\"twitter:label2\" content=\"Tiempo de lectura\" \/>\n\t<meta name=\"twitter:data2\" content=\"2 minutos\" \/>\n<script type=\"application\/ld+json\" class=\"yoast-schema-graph\">{\"@context\":\"https:\/\/schema.org\",\"@graph\":[{\"@type\":\"Article\",\"@id\":\"https:\/\/apuntesdesanluis.com\/index.php\/2024\/05\/24\/que-dios-bendiga-a-la-argentina-y-a-villa-mercedes\/#article\",\"isPartOf\":{\"@id\":\"https:\/\/apuntesdesanluis.com\/index.php\/2024\/05\/24\/que-dios-bendiga-a-la-argentina-y-a-villa-mercedes\/\"},\"author\":{\"name\":\"apuntesdesanluis.com\",\"@id\":\"https:\/\/apuntesdesanluis.com\/#\/schema\/person\/b55151d52296fcce64d1a72538a70b90\"},\"headline\":\"\u201cQUE DIOS BENDIGA A LA ARGENTINA Y A VILLA MERCEDES\u201d\",\"datePublished\":\"2024-05-24T12:35:05+00:00\",\"dateModified\":\"2024-05-24T12:37:57+00:00\",\"mainEntityOfPage\":{\"@id\":\"https:\/\/apuntesdesanluis.com\/index.php\/2024\/05\/24\/que-dios-bendiga-a-la-argentina-y-a-villa-mercedes\/\"},\"wordCount\":295,\"publisher\":{\"@id\":\"https:\/\/apuntesdesanluis.com\/#\/schema\/person\/b55151d52296fcce64d1a72538a70b90\"},\"image\":{\"@id\":\"https:\/\/apuntesdesanluis.com\/index.php\/2024\/05\/24\/que-dios-bendiga-a-la-argentina-y-a-villa-mercedes\/#primaryimage\"},\"thumbnailUrl\":\"https:\/\/apuntesdesanluis.com\/wp-content\/uploads\/2024\/05\/Rodofo-negri.png\",\"articleSection\":[\"Opini\u00f3n\"],\"inLanguage\":\"es-AR\"},{\"@type\":\"WebPage\",\"@id\":\"https:\/\/apuntesdesanluis.com\/index.php\/2024\/05\/24\/que-dios-bendiga-a-la-argentina-y-a-villa-mercedes\/\",\"url\":\"https:\/\/apuntesdesanluis.com\/index.php\/2024\/05\/24\/que-dios-bendiga-a-la-argentina-y-a-villa-mercedes\/\",\"name\":\"\u201cQUE DIOS BENDIGA A LA ARGENTINA Y A VILLA MERCEDES\u201d - Apuntes de San Luis\",\"isPartOf\":{\"@id\":\"https:\/\/apuntesdesanluis.com\/#website\"},\"primaryImageOfPage\":{\"@id\":\"https:\/\/apuntesdesanluis.com\/index.php\/2024\/05\/24\/que-dios-bendiga-a-la-argentina-y-a-villa-mercedes\/#primaryimage\"},\"image\":{\"@id\":\"https:\/\/apuntesdesanluis.com\/index.php\/2024\/05\/24\/que-dios-bendiga-a-la-argentina-y-a-villa-mercedes\/#primaryimage\"},\"thumbnailUrl\":\"https:\/\/apuntesdesanluis.com\/wp-content\/uploads\/2024\/05\/Rodofo-negri.png\",\"datePublished\":\"2024-05-24T12:35:05+00:00\",\"dateModified\":\"2024-05-24T12:37:57+00:00\",\"breadcrumb\":{\"@id\":\"https:\/\/apuntesdesanluis.com\/index.php\/2024\/05\/24\/que-dios-bendiga-a-la-argentina-y-a-villa-mercedes\/#breadcrumb\"},\"inLanguage\":\"es-AR\",\"potentialAction\":[{\"@type\":\"ReadAction\",\"target\":[\"https:\/\/apuntesdesanluis.com\/index.php\/2024\/05\/24\/que-dios-bendiga-a-la-argentina-y-a-villa-mercedes\/\"]}]},{\"@type\":\"ImageObject\",\"inLanguage\":\"es-AR\",\"@id\":\"https:\/\/apuntesdesanluis.com\/index.php\/2024\/05\/24\/que-dios-bendiga-a-la-argentina-y-a-villa-mercedes\/#primaryimage\",\"url\":\"https:\/\/apuntesdesanluis.com\/wp-content\/uploads\/2024\/05\/Rodofo-negri.png\",\"contentUrl\":\"https:\/\/apuntesdesanluis.com\/wp-content\/uploads\/2024\/05\/Rodofo-negri.png\",\"width\":600,\"height\":308},{\"@type\":\"BreadcrumbList\",\"@id\":\"https:\/\/apuntesdesanluis.com\/index.php\/2024\/05\/24\/que-dios-bendiga-a-la-argentina-y-a-villa-mercedes\/#breadcrumb\",\"itemListElement\":[{\"@type\":\"ListItem\",\"position\":1,\"name\":\"Inicio\",\"item\":\"https:\/\/apuntesdesanluis.com\/\"},{\"@type\":\"ListItem\",\"position\":2,\"name\":\"\u201cQUE DIOS BENDIGA A LA ARGENTINA Y A VILLA MERCEDES\u201d\"}]},{\"@type\":\"WebSite\",\"@id\":\"https:\/\/apuntesdesanluis.com\/#website\",\"url\":\"https:\/\/apuntesdesanluis.com\/\",\"name\":\"Apuntes de San Luis\",\"description\":\"\",\"publisher\":{\"@id\":\"https:\/\/apuntesdesanluis.com\/#\/schema\/person\/b55151d52296fcce64d1a72538a70b90\"},\"potentialAction\":[{\"@type\":\"SearchAction\",\"target\":{\"@type\":\"EntryPoint\",\"urlTemplate\":\"https:\/\/apuntesdesanluis.com\/?s={search_term_string}\"},\"query-input\":{\"@type\":\"PropertyValueSpecification\",\"valueRequired\":true,\"valueName\":\"search_term_string\"}}],\"inLanguage\":\"es-AR\"},{\"@type\":[\"Person\",\"Organization\"],\"@id\":\"https:\/\/apuntesdesanluis.com\/#\/schema\/person\/b55151d52296fcce64d1a72538a70b90\",\"name\":\"apuntesdesanluis.com\",\"image\":{\"@type\":\"ImageObject\",\"inLanguage\":\"es-AR\",\"@id\":\"https:\/\/apuntesdesanluis.com\/#\/schema\/person\/image\/\",\"url\":\"https:\/\/apuntesdesanluis.com\/wp-content\/uploads\/2023\/07\/cropped-apuntesdesanluis.png\",\"contentUrl\":\"https:\/\/apuntesdesanluis.com\/wp-content\/uploads\/2023\/07\/cropped-apuntesdesanluis.png\",\"width\":450,\"height\":112,\"caption\":\"apuntesdesanluis.com\"},\"logo\":{\"@id\":\"https:\/\/apuntesdesanluis.com\/#\/schema\/person\/image\/\"},\"sameAs\":[\"https:\/\/apuntesdesanluis.com\"],\"url\":\"https:\/\/apuntesdesanluis.com\/index.php\/author\/apuntesdesanluis-com\/\"}]}<\/script>\n<!-- \/ Yoast SEO plugin. -->","yoast_head_json":{"title":"\u201cQUE DIOS BENDIGA A LA ARGENTINA Y A VILLA MERCEDES\u201d - Apuntes de San Luis","robots":{"index":"index","follow":"follow","max-snippet":"max-snippet:-1","max-image-preview":"max-image-preview:large","max-video-preview":"max-video-preview:-1"},"canonical":"https:\/\/apuntesdesanluis.com\/index.php\/2024\/05\/24\/que-dios-bendiga-a-la-argentina-y-a-villa-mercedes\/","og_locale":"es_ES","og_type":"article","og_title":"\u201cQUE DIOS BENDIGA A LA ARGENTINA Y A VILLA MERCEDES\u201d - Apuntes de San Luis","og_description":"Fue el deseo que expres\u00f3 el dirigente libertario Rodolfo Negri, al cierre de la extensa...","og_url":"https:\/\/apuntesdesanluis.com\/index.php\/2024\/05\/24\/que-dios-bendiga-a-la-argentina-y-a-villa-mercedes\/","og_site_name":"Apuntes de San Luis","article_published_time":"2024-05-24T12:35:05+00:00","article_modified_time":"2024-05-24T12:37:57+00:00","og_image":[{"width":600,"height":308,"url":"https:\/\/apuntesdesanluis.com\/wp-content\/uploads\/2024\/05\/Rodofo-negri.png","type":"image\/png"}],"author":"apuntesdesanluis.com","twitter_card":"summary_large_image","twitter_misc":{"Escrito por":"apuntesdesanluis.com","Tiempo de lectura":"2 minutos"},"schema":{"@context":"https:\/\/schema.org","@graph":[{"@type":"Article","@id":"https:\/\/apuntesdesanluis.com\/index.php\/2024\/05\/24\/que-dios-bendiga-a-la-argentina-y-a-villa-mercedes\/#article","isPartOf":{"@id":"https:\/\/apuntesdesanluis.com\/index.php\/2024\/05\/24\/que-dios-bendiga-a-la-argentina-y-a-villa-mercedes\/"},"author":{"name":"apuntesdesanluis.com","@id":"https:\/\/apuntesdesanluis.com\/#\/schema\/person\/b55151d52296fcce64d1a72538a70b90"},"headline":"\u201cQUE DIOS BENDIGA A LA ARGENTINA Y A VILLA MERCEDES\u201d","datePublished":"2024-05-24T12:35:05+00:00","dateModified":"2024-05-24T12:37:57+00:00","mainEntityOfPage":{"@id":"https:\/\/apuntesdesanluis.com\/index.php\/2024\/05\/24\/que-dios-bendiga-a-la-argentina-y-a-villa-mercedes\/"},"wordCount":295,"publisher":{"@id":"https:\/\/apuntesdesanluis.com\/#\/schema\/person\/b55151d52296fcce64d1a72538a70b90"},"image":{"@id":"https:\/\/apuntesdesanluis.com\/index.php\/2024\/05\/24\/que-dios-bendiga-a-la-argentina-y-a-villa-mercedes\/#primaryimage"},"thumbnailUrl":"https:\/\/apuntesdesanluis.com\/wp-content\/uploads\/2024\/05\/Rodofo-negri.png","articleSection":["Opini\u00f3n"],"inLanguage":"es-AR"},{"@type":"WebPage","@id":"https:\/\/apuntesdesanluis.com\/index.php\/2024\/05\/24\/que-dios-bendiga-a-la-argentina-y-a-villa-mercedes\/","url":"https:\/\/apuntesdesanluis.com\/index.php\/2024\/05\/24\/que-dios-bendiga-a-la-argentina-y-a-villa-mercedes\/","name":"\u201cQUE DIOS BENDIGA A LA ARGENTINA Y A VILLA MERCEDES\u201d - Apuntes de San Luis","isPartOf":{"@id":"https:\/\/apuntesdesanluis.com\/#website"},"primaryImageOfPage":{"@id":"https:\/\/apuntesdesanluis.com\/index.php\/2024\/05\/24\/que-dios-bendiga-a-la-argentina-y-a-villa-mercedes\/#primaryimage"},"image":{"@id":"https:\/\/apuntesdesanluis.com\/index.php\/2024\/05\/24\/que-dios-bendiga-a-la-argentina-y-a-villa-mercedes\/#primaryimage"},"thumbnailUrl":"https:\/\/apuntesdesanluis.com\/wp-content\/uploads\/2024\/05\/Rodofo-negri.png","datePublished":"2024-05-24T12:35:05+00:00","dateModified":"2024-05-24T12:37:57+00:00","breadcrumb":{"@id":"https:\/\/apuntesdesanluis.com\/index.php\/2024\/05\/24\/que-dios-bendiga-a-la-argentina-y-a-villa-mercedes\/#breadcrumb"},"inLanguage":"es-AR","potentialAction":[{"@type":"ReadAction","target":["https:\/\/apuntesdesanluis.com\/index.php\/2024\/05\/24\/que-dios-bendiga-a-la-argentina-y-a-villa-mercedes\/"]}]},{"@type":"ImageObject","inLanguage":"es-AR","@id":"https:\/\/apuntesdesanluis.com\/index.php\/2024\/05\/24\/que-dios-bendiga-a-la-argentina-y-a-villa-mercedes\/#primaryimage","url":"https:\/\/apuntesdesanluis.com\/wp-content\/uploads\/2024\/05\/Rodofo-negri.png","contentUrl":"https:\/\/apuntesdesanluis.com\/wp-content\/uploads\/2024\/05\/Rodofo-negri.png","width":600,"height":308},{"@type":"BreadcrumbList","@id":"https:\/\/apuntesdesanluis.com\/index.php\/2024\/05\/24\/que-dios-bendiga-a-la-argentina-y-a-villa-mercedes\/#breadcrumb","itemListElement":[{"@type":"ListItem","position":1,"name":"Inicio","item":"https:\/\/apuntesdesanluis.com\/"},{"@type":"ListItem","position":2,"name":"\u201cQUE DIOS BENDIGA A LA ARGENTINA Y A VILLA MERCEDES\u201d"}]},{"@type":"WebSite","@id":"https:\/\/apuntesdesanluis.com\/#website","url":"https:\/\/apuntesdesanluis.com\/","name":"Apuntes de San Luis","description":"","publisher":{"@id":"https:\/\/apuntesdesanluis.com\/#\/schema\/person\/b55151d52296fcce64d1a72538a70b90"},"potentialAction":[{"@type":"SearchAction","target":{"@type":"EntryPoint","urlTemplate":"https:\/\/apuntesdesanluis.com\/?s={search_term_string}"},"query-input":{"@type":"PropertyValueSpecification","valueRequired":true,"valueName":"search_term_string"}}],"inLanguage":"es-AR"},{"@type":["Person","Organization"],"@id":"https:\/\/apuntesdesanluis.com\/#\/schema\/person\/b55151d52296fcce64d1a72538a70b90","name":"apuntesdesanluis.com","image":{"@type":"ImageObject","inLanguage":"es-AR","@id":"https:\/\/apuntesdesanluis.com\/#\/schema\/person\/image\/","url":"https:\/\/apuntesdesanluis.com\/wp-content\/uploads\/2023\/07\/cropped-apuntesdesanluis.png","contentUrl":"https:\/\/apuntesdesanluis.com\/wp-content\/uploads\/2023\/07\/cropped-apuntesdesanluis.png","width":450,"height":112,"caption":"apuntesdesanluis.com"},"logo":{"@id":"https:\/\/apuntesdesanluis.com\/#\/schema\/person\/image\/"},"sameAs":["https:\/\/apuntesdesanluis.com"],"url":"https:\/\/apuntesdesanluis.com\/index.php\/author\/apuntesdesanluis-com\/"}]}},"featured_image_urls":{"full":["https:\/\/apuntesdesanluis.com\/wp-content\/uploads\/2024\/05\/Rodofo-negri.png",600,308,false],"thumbnail":["https:\/\/apuntesdesanluis.com\/wp-content\/uploads\/2024\/05\/Rodofo-negri-150x150.png",150,150,true],"medium":["https:\/\/apuntesdesanluis.com\/wp-content\/uploads\/2024\/05\/Rodofo-negri-300x154.png",300,154,true],"medium_large":["https:\/\/apuntesdesanluis.com\/wp-content\/uploads\/2024\/05\/Rodofo-negri.png",600,308,false],"large":["https:\/\/apuntesdesanluis.com\/wp-content\/uploads\/2024\/05\/Rodofo-negri.png",600,308,false],"1536x1536":["https:\/\/apuntesdesanluis.com\/wp-content\/uploads\/2024\/05\/Rodofo-negri.png",600,308,false],"2048x2048":["https:\/\/apuntesdesanluis.com\/wp-content\/uploads\/2024\/05\/Rodofo-negri.png",600,308,false],"newsever-slider-full":["https:\/\/apuntesdesanluis.com\/wp-content\/uploads\/2024\/05\/Rodofo-negri.png",600,308,false],"newsever-featured":["https:\/\/apuntesdesanluis.com\/wp-content\/uploads\/2024\/05\/Rodofo-negri.png",600,308,false],"newsever-medium":["https:\/\/apuntesdesanluis.com\/wp-content\/uploads\/2024\/05\/Rodofo-negri.png",600,308,false]},"author_info":{"display_name":"apuntesdesanluis.com","author_link":"https:\/\/apuntesdesanluis.com\/index.php\/author\/apuntesdesanluis-com\/"},"category_info":"<a href=\"https:\/\/apuntesdesanluis.com\/index.php\/category\/opinion\/\" rel=\"category tag\">Opini\u00f3n<\/a>","tag_info":"Opini\u00f3n","comment_count":"0","_links":{"self":[{"href":"https:\/\/apuntesdesanluis.com\/index.php\/wp-json\/wp\/v2\/posts\/16714","targetHints":{"allow":["GET"]}}],"collection":[{"href":"https:\/\/apuntesdesanluis.com\/index.php\/wp-json\/wp\/v2\/posts"}],"about":[{"href":"https:\/\/apuntesdesanluis.com\/index.php\/wp-json\/wp\/v2\/types\/post"}],"author":[{"embeddable":true,"href":"https:\/\/apuntesdesanluis.com\/index.php\/wp-json\/wp\/v2\/users\/1"}],"replies":[{"embeddable":true,"href":"https:\/\/apuntesdesanluis.com\/index.php\/wp-json\/wp\/v2\/comments?post=16714"}],"version-history":[{"count":6,"href":"https:\/\/apuntesdesanluis.com\/index.php\/wp-json\/wp\/v2\/posts\/16714\/revisions"}],"predecessor-version":[{"id":16721,"href":"https:\/\/apuntesdesanluis.com\/index.php\/wp-json\/wp\/v2\/posts\/16714\/revisions\/16721"}],"wp:featuredmedia":[{"embeddable":true,"href":"https:\/\/apuntesdesanluis.com\/index.php\/wp-json\/wp\/v2\/media\/16715"}],"wp:attachment":[{"href":"https:\/\/apuntesdesanluis.com\/index.php\/wp-json\/wp\/v2\/media?parent=16714"}],"wp:term":[{"taxonomy":"category","embeddable":true,"href":"https:\/\/apuntesdesanluis.com\/index.php\/wp-json\/wp\/v2\/categories?post=16714"},{"taxonomy":"post_tag","embeddable":true,"href":"https:\/\/apuntesdesanluis.com\/index.php\/wp-json\/wp\/v2\/tags?post=16714"}],"curies":[{"name":"wp","href":"https:\/\/api.w.org\/{rel}","templated":true}]}}