{"id":16728,"date":"2024-05-24T15:19:52","date_gmt":"2024-05-24T18:19:52","guid":{"rendered":"https:\/\/apuntesdesanluis.com\/?p=16728"},"modified":"2024-05-24T15:19:52","modified_gmt":"2024-05-24T18:19:52","slug":"corroboran-estado-deplorable-en-que-se-encuentra-la-ex-fabrica-artimer","status":"publish","type":"post","link":"https:\/\/apuntesdesanluis.com\/index.php\/2024\/05\/24\/corroboran-estado-deplorable-en-que-se-encuentra-la-ex-fabrica-artimer\/","title":{"rendered":"CORROBORAN ESTADO DEPLORABLE EN QUE SE ENCUENTRA LA EX F\u00c1BRICA ARTIMER"},"content":{"rendered":"<h3>Esta ma\u00f1ana se realiz\u00f3 un operativo conjunto entre distintas dependencias de la Municipalidad de Villa Mercedes y el gobierno provincial, con la polic\u00eda de la provincia.<\/h3>\n<h3>El edificio abandonado se encuentra en calle Guayaquil extremo sur. Uno de los efectivos policiales que form\u00f3 parte del operativo conjunto indic\u00f3 a <span style=\"color: #3366ff;\"><strong>Apuntes de San Luis<\/strong><\/span> que en reiteradas oportunidades han tenido que concurrir por denuncias de vecinos o por averiguaci\u00f3n ante hechos delictivos.<\/h3>\n<p><img fetchpriority=\"high\" decoding=\"async\" class=\"wp-image-16730 aligncenter\" src=\"https:\/\/apuntesdesanluis.com\/wp-content\/uploads\/2024\/05\/artimer-frente-300x225.jpg\" alt=\"\" width=\"473\" height=\"355\" srcset=\"https:\/\/apuntesdesanluis.com\/wp-content\/uploads\/2024\/05\/artimer-frente-300x225.jpg 300w, https:\/\/apuntesdesanluis.com\/wp-content\/uploads\/2024\/05\/artimer-frente.jpg 600w\" sizes=\"(max-width: 473px) 100vw, 473px\" \/><\/p>\n<h3><em>&#8220;Esto es un antro de perdici\u00f3n, un verdadero aguantadero&#8221;<\/em>, describi\u00f3 gr\u00e1ficamente un funcionario, despojado de todo lenguaje t\u00e9cnico.<\/h3>\n<h3>Pudo establecerse que fue el Fiscal <strong>Maximiliano Bazla<\/strong> quien impuls\u00f3 la intervenci\u00f3n de los poderes p\u00fablicos, para determinar el estado del edificio y constatar su interior.<\/h3>\n<h3>Fue as\u00ed que se dispuso el operativo concretado este viernes en el inmueble de dos plantas ubicado en calle Guayaquil esq. Gazzari.<\/h3>\n<h3>Participaron personal de Comisar\u00eda D\u00e9cima y del Poder Judicial, por parte de la provincia; conjuntamente con Secretar\u00eda de Gobierno, Control Urbano, Planeamiento, Defensa Civil, Asistencia Social y la Fiscal\u00eda del Tribunal de Faltas, de la Municipalidad local.<\/h3>\n<h3>Las im\u00e1genes permiten apreciar el estado de abandono en que se encuentra este edificio que supo albergar la f\u00e1brica de leche Artimer, y el deterioro general de sus instalaciones.<\/h3>\n<h3><img decoding=\"async\" class=\"wp-image-16731 aligncenter\" src=\"https:\/\/apuntesdesanluis.com\/wp-content\/uploads\/2024\/05\/cuatro-267x300.png\" alt=\"\" width=\"484\" height=\"544\" srcset=\"https:\/\/apuntesdesanluis.com\/wp-content\/uploads\/2024\/05\/cuatro-267x300.png 267w, https:\/\/apuntesdesanluis.com\/wp-content\/uploads\/2024\/05\/cuatro.png 459w\" sizes=\"(max-width: 484px) 100vw, 484px\" \/><\/h3>\n<h3>Tambi\u00e9n se encontraron algunos muebles, como mesas, sillas y colchones, dado que un sector vive una familia, pero en otros tambi\u00e9n se encontraron indicios de que el lugar es habitado por personas o al menos utilizado con cierta regularidad, a pesar de constituir un peligroso foco de contaminaci\u00f3n, por la basura y restos de residuos que abundan en toda la superficie.<\/h3>\n<p><img decoding=\"async\" class=\"wp-image-16734 aligncenter\" src=\"https:\/\/apuntesdesanluis.com\/wp-content\/uploads\/2024\/05\/pieza-300x190.jpg\" alt=\"\" width=\"516\" height=\"327\" srcset=\"https:\/\/apuntesdesanluis.com\/wp-content\/uploads\/2024\/05\/pieza-300x190.jpg 300w, https:\/\/apuntesdesanluis.com\/wp-content\/uploads\/2024\/05\/pieza.jpg 596w\" sizes=\"(max-width: 516px) 100vw, 516px\" \/><\/p>\n<h3><img loading=\"lazy\" decoding=\"async\" class=\"wp-image-16732 aligncenter\" src=\"https:\/\/apuntesdesanluis.com\/wp-content\/uploads\/2024\/05\/artimer-habitacion-300x222.jpg\" alt=\"\" width=\"504\" height=\"373\" srcset=\"https:\/\/apuntesdesanluis.com\/wp-content\/uploads\/2024\/05\/artimer-habitacion-300x222.jpg 300w, https:\/\/apuntesdesanluis.com\/wp-content\/uploads\/2024\/05\/artimer-habitacion.jpg 501w\" sizes=\"(max-width: 504px) 100vw, 504px\" \/><\/h3>\n<h3>En la inspecci\u00f3n tambi\u00e9n se hallaron gran cantidad de restos quemados de cables, supuestamente robados, para poder extraer el cobre.<\/h3>\n<h3>Aunque a\u00fan no se inform\u00f3 oficialmente nada, <strong>Apuntes de San Luis<\/strong> pudo establecer que a partir de ahora la municipalidad aplicar\u00e1 sanciones e intimar\u00e1 a sus propietarios a que pongan en condiciones el lugar y lo cierren o cerquen, o procedan a su demolici\u00f3n, para evitar que contin\u00fae siendo utilizado como \u201caguantadero\u201d.<\/h3>\n<h3>Seg\u00fan trascendi\u00f3, los propietarios ser\u00edan un conocido comerciante del rubro maderero y un dirigente pol\u00edtico.<\/h3>\n<p><img loading=\"lazy\" decoding=\"async\" class=\"wp-image-16736 aligncenter\" src=\"https:\/\/apuntesdesanluis.com\/wp-content\/uploads\/2024\/05\/dos-1-300x162.png\" alt=\"\" width=\"524\" height=\"283\" srcset=\"https:\/\/apuntesdesanluis.com\/wp-content\/uploads\/2024\/05\/dos-1-300x162.png 300w, https:\/\/apuntesdesanluis.com\/wp-content\/uploads\/2024\/05\/dos-1.png 544w\" sizes=\"(max-width: 524px) 100vw, 524px\" \/><\/p>\n<h3>Seg\u00fan desliz\u00f3 un jefe policial, en el lugar suelen juntarse algunos adictos a drogarse y existen sospechas de que se reducen cosas robadas, adem\u00e1s de que ser\u00eda utilizado como \u201cvivienda transitoria\u201d por algunos delincuentes.<\/h3>\n<p>&nbsp;<\/p>\n<p>&nbsp;<\/p>\n<p>&nbsp;<\/p>\n","protected":false},"excerpt":{"rendered":"<p>Esta ma\u00f1ana se realiz\u00f3 un operativo conjunto entre distintas dependencias de la Municipalidad de Villa&#8230;<\/p>\n","protected":false},"author":1,"featured_media":16729,"comment_status":"closed","ping_status":"closed","sticky":false,"template":"","format":"standard","meta":{"footnotes":""},"categories":[6],"tags":[],"class_list":["post-16728","post","type-post","status-publish","format-standard","has-post-thumbnail","hentry","category-ciudad-provincia"],"yoast_head":"<!-- This site is optimized with the Yoast SEO plugin v26.1.1 - https:\/\/yoast.com\/wordpress\/plugins\/seo\/ -->\n<title>CORROBORAN ESTADO DEPLORABLE EN QUE SE ENCUENTRA LA EX F\u00c1BRICA ARTIMER - Apuntes de San Luis<\/title>\n<meta name=\"robots\" content=\"index, follow, max-snippet:-1, max-image-preview:large, max-video-preview:-1\" \/>\n<link rel=\"canonical\" href=\"https:\/\/apuntesdesanluis.com\/index.php\/2024\/05\/24\/corroboran-estado-deplorable-en-que-se-encuentra-la-ex-fabrica-artimer\/\" \/>\n<meta property=\"og:locale\" content=\"es_ES\" \/>\n<meta property=\"og:type\" content=\"article\" \/>\n<meta property=\"og:title\" content=\"CORROBORAN ESTADO DEPLORABLE EN QUE SE ENCUENTRA LA EX F\u00c1BRICA ARTIMER - Apuntes de San Luis\" \/>\n<meta property=\"og:description\" content=\"Esta ma\u00f1ana se realiz\u00f3 un operativo conjunto entre distintas dependencias de la Municipalidad de Villa...\" \/>\n<meta property=\"og:url\" content=\"https:\/\/apuntesdesanluis.com\/index.php\/2024\/05\/24\/corroboran-estado-deplorable-en-que-se-encuentra-la-ex-fabrica-artimer\/\" \/>\n<meta property=\"og:site_name\" content=\"Apuntes de San Luis\" \/>\n<meta property=\"article:published_time\" content=\"2024-05-24T18:19:52+00:00\" \/>\n<meta property=\"og:image\" content=\"https:\/\/apuntesdesanluis.com\/wp-content\/uploads\/2024\/05\/artimer.jpg\" \/>\n\t<meta property=\"og:image:width\" content=\"600\" \/>\n\t<meta property=\"og:image:height\" content=\"316\" \/>\n\t<meta property=\"og:image:type\" content=\"image\/jpeg\" \/>\n<meta name=\"author\" content=\"apuntesdesanluis.com\" \/>\n<meta name=\"twitter:card\" content=\"summary_large_image\" \/>\n<meta name=\"twitter:label1\" content=\"Escrito por\" \/>\n\t<meta name=\"twitter:data1\" content=\"apuntesdesanluis.com\" \/>\n\t<meta name=\"twitter:label2\" content=\"Tiempo de lectura\" \/>\n\t<meta name=\"twitter:data2\" content=\"3 minutos\" \/>\n<script type=\"application\/ld+json\" class=\"yoast-schema-graph\">{\"@context\":\"https:\/\/schema.org\",\"@graph\":[{\"@type\":\"Article\",\"@id\":\"https:\/\/apuntesdesanluis.com\/index.php\/2024\/05\/24\/corroboran-estado-deplorable-en-que-se-encuentra-la-ex-fabrica-artimer\/#article\",\"isPartOf\":{\"@id\":\"https:\/\/apuntesdesanluis.com\/index.php\/2024\/05\/24\/corroboran-estado-deplorable-en-que-se-encuentra-la-ex-fabrica-artimer\/\"},\"author\":{\"name\":\"apuntesdesanluis.com\",\"@id\":\"https:\/\/apuntesdesanluis.com\/#\/schema\/person\/b55151d52296fcce64d1a72538a70b90\"},\"headline\":\"CORROBORAN ESTADO DEPLORABLE EN QUE SE ENCUENTRA LA EX F\u00c1BRICA ARTIMER\",\"datePublished\":\"2024-05-24T18:19:52+00:00\",\"mainEntityOfPage\":{\"@id\":\"https:\/\/apuntesdesanluis.com\/index.php\/2024\/05\/24\/corroboran-estado-deplorable-en-que-se-encuentra-la-ex-fabrica-artimer\/\"},\"wordCount\":428,\"publisher\":{\"@id\":\"https:\/\/apuntesdesanluis.com\/#\/schema\/person\/b55151d52296fcce64d1a72538a70b90\"},\"image\":{\"@id\":\"https:\/\/apuntesdesanluis.com\/index.php\/2024\/05\/24\/corroboran-estado-deplorable-en-que-se-encuentra-la-ex-fabrica-artimer\/#primaryimage\"},\"thumbnailUrl\":\"https:\/\/apuntesdesanluis.com\/wp-content\/uploads\/2024\/05\/artimer.jpg\",\"articleSection\":[\"Ciudad\/Provincia\"],\"inLanguage\":\"es-AR\"},{\"@type\":\"WebPage\",\"@id\":\"https:\/\/apuntesdesanluis.com\/index.php\/2024\/05\/24\/corroboran-estado-deplorable-en-que-se-encuentra-la-ex-fabrica-artimer\/\",\"url\":\"https:\/\/apuntesdesanluis.com\/index.php\/2024\/05\/24\/corroboran-estado-deplorable-en-que-se-encuentra-la-ex-fabrica-artimer\/\",\"name\":\"CORROBORAN ESTADO DEPLORABLE EN QUE SE ENCUENTRA LA EX F\u00c1BRICA ARTIMER - Apuntes de San Luis\",\"isPartOf\":{\"@id\":\"https:\/\/apuntesdesanluis.com\/#website\"},\"primaryImageOfPage\":{\"@id\":\"https:\/\/apuntesdesanluis.com\/index.php\/2024\/05\/24\/corroboran-estado-deplorable-en-que-se-encuentra-la-ex-fabrica-artimer\/#primaryimage\"},\"image\":{\"@id\":\"https:\/\/apuntesdesanluis.com\/index.php\/2024\/05\/24\/corroboran-estado-deplorable-en-que-se-encuentra-la-ex-fabrica-artimer\/#primaryimage\"},\"thumbnailUrl\":\"https:\/\/apuntesdesanluis.com\/wp-content\/uploads\/2024\/05\/artimer.jpg\",\"datePublished\":\"2024-05-24T18:19:52+00:00\",\"breadcrumb\":{\"@id\":\"https:\/\/apuntesdesanluis.com\/index.php\/2024\/05\/24\/corroboran-estado-deplorable-en-que-se-encuentra-la-ex-fabrica-artimer\/#breadcrumb\"},\"inLanguage\":\"es-AR\",\"potentialAction\":[{\"@type\":\"ReadAction\",\"target\":[\"https:\/\/apuntesdesanluis.com\/index.php\/2024\/05\/24\/corroboran-estado-deplorable-en-que-se-encuentra-la-ex-fabrica-artimer\/\"]}]},{\"@type\":\"ImageObject\",\"inLanguage\":\"es-AR\",\"@id\":\"https:\/\/apuntesdesanluis.com\/index.php\/2024\/05\/24\/corroboran-estado-deplorable-en-que-se-encuentra-la-ex-fabrica-artimer\/#primaryimage\",\"url\":\"https:\/\/apuntesdesanluis.com\/wp-content\/uploads\/2024\/05\/artimer.jpg\",\"contentUrl\":\"https:\/\/apuntesdesanluis.com\/wp-content\/uploads\/2024\/05\/artimer.jpg\",\"width\":600,\"height\":316},{\"@type\":\"BreadcrumbList\",\"@id\":\"https:\/\/apuntesdesanluis.com\/index.php\/2024\/05\/24\/corroboran-estado-deplorable-en-que-se-encuentra-la-ex-fabrica-artimer\/#breadcrumb\",\"itemListElement\":[{\"@type\":\"ListItem\",\"position\":1,\"name\":\"Inicio\",\"item\":\"https:\/\/apuntesdesanluis.com\/\"},{\"@type\":\"ListItem\",\"position\":2,\"name\":\"CORROBORAN ESTADO DEPLORABLE EN QUE SE ENCUENTRA LA EX F\u00c1BRICA ARTIMER\"}]},{\"@type\":\"WebSite\",\"@id\":\"https:\/\/apuntesdesanluis.com\/#website\",\"url\":\"https:\/\/apuntesdesanluis.com\/\",\"name\":\"Apuntes de San Luis\",\"description\":\"\",\"publisher\":{\"@id\":\"https:\/\/apuntesdesanluis.com\/#\/schema\/person\/b55151d52296fcce64d1a72538a70b90\"},\"potentialAction\":[{\"@type\":\"SearchAction\",\"target\":{\"@type\":\"EntryPoint\",\"urlTemplate\":\"https:\/\/apuntesdesanluis.com\/?s={search_term_string}\"},\"query-input\":{\"@type\":\"PropertyValueSpecification\",\"valueRequired\":true,\"valueName\":\"search_term_string\"}}],\"inLanguage\":\"es-AR\"},{\"@type\":[\"Person\",\"Organization\"],\"@id\":\"https:\/\/apuntesdesanluis.com\/#\/schema\/person\/b55151d52296fcce64d1a72538a70b90\",\"name\":\"apuntesdesanluis.com\",\"image\":{\"@type\":\"ImageObject\",\"inLanguage\":\"es-AR\",\"@id\":\"https:\/\/apuntesdesanluis.com\/#\/schema\/person\/image\/\",\"url\":\"https:\/\/apuntesdesanluis.com\/wp-content\/uploads\/2023\/07\/cropped-apuntesdesanluis.png\",\"contentUrl\":\"https:\/\/apuntesdesanluis.com\/wp-content\/uploads\/2023\/07\/cropped-apuntesdesanluis.png\",\"width\":450,\"height\":112,\"caption\":\"apuntesdesanluis.com\"},\"logo\":{\"@id\":\"https:\/\/apuntesdesanluis.com\/#\/schema\/person\/image\/\"},\"sameAs\":[\"https:\/\/apuntesdesanluis.com\"],\"url\":\"https:\/\/apuntesdesanluis.com\/index.php\/author\/apuntesdesanluis-com\/\"}]}<\/script>\n<!-- \/ Yoast SEO plugin. -->","yoast_head_json":{"title":"CORROBORAN ESTADO DEPLORABLE EN QUE SE ENCUENTRA LA EX F\u00c1BRICA ARTIMER - Apuntes de San Luis","robots":{"index":"index","follow":"follow","max-snippet":"max-snippet:-1","max-image-preview":"max-image-preview:large","max-video-preview":"max-video-preview:-1"},"canonical":"https:\/\/apuntesdesanluis.com\/index.php\/2024\/05\/24\/corroboran-estado-deplorable-en-que-se-encuentra-la-ex-fabrica-artimer\/","og_locale":"es_ES","og_type":"article","og_title":"CORROBORAN ESTADO DEPLORABLE EN QUE SE ENCUENTRA LA EX F\u00c1BRICA ARTIMER - Apuntes de San Luis","og_description":"Esta ma\u00f1ana se realiz\u00f3 un operativo conjunto entre distintas dependencias de la Municipalidad de Villa...","og_url":"https:\/\/apuntesdesanluis.com\/index.php\/2024\/05\/24\/corroboran-estado-deplorable-en-que-se-encuentra-la-ex-fabrica-artimer\/","og_site_name":"Apuntes de San Luis","article_published_time":"2024-05-24T18:19:52+00:00","og_image":[{"width":600,"height":316,"url":"https:\/\/apuntesdesanluis.com\/wp-content\/uploads\/2024\/05\/artimer.jpg","type":"image\/jpeg"}],"author":"apuntesdesanluis.com","twitter_card":"summary_large_image","twitter_misc":{"Escrito por":"apuntesdesanluis.com","Tiempo de lectura":"3 minutos"},"schema":{"@context":"https:\/\/schema.org","@graph":[{"@type":"Article","@id":"https:\/\/apuntesdesanluis.com\/index.php\/2024\/05\/24\/corroboran-estado-deplorable-en-que-se-encuentra-la-ex-fabrica-artimer\/#article","isPartOf":{"@id":"https:\/\/apuntesdesanluis.com\/index.php\/2024\/05\/24\/corroboran-estado-deplorable-en-que-se-encuentra-la-ex-fabrica-artimer\/"},"author":{"name":"apuntesdesanluis.com","@id":"https:\/\/apuntesdesanluis.com\/#\/schema\/person\/b55151d52296fcce64d1a72538a70b90"},"headline":"CORROBORAN ESTADO DEPLORABLE EN QUE SE ENCUENTRA LA EX F\u00c1BRICA ARTIMER","datePublished":"2024-05-24T18:19:52+00:00","mainEntityOfPage":{"@id":"https:\/\/apuntesdesanluis.com\/index.php\/2024\/05\/24\/corroboran-estado-deplorable-en-que-se-encuentra-la-ex-fabrica-artimer\/"},"wordCount":428,"publisher":{"@id":"https:\/\/apuntesdesanluis.com\/#\/schema\/person\/b55151d52296fcce64d1a72538a70b90"},"image":{"@id":"https:\/\/apuntesdesanluis.com\/index.php\/2024\/05\/24\/corroboran-estado-deplorable-en-que-se-encuentra-la-ex-fabrica-artimer\/#primaryimage"},"thumbnailUrl":"https:\/\/apuntesdesanluis.com\/wp-content\/uploads\/2024\/05\/artimer.jpg","articleSection":["Ciudad\/Provincia"],"inLanguage":"es-AR"},{"@type":"WebPage","@id":"https:\/\/apuntesdesanluis.com\/index.php\/2024\/05\/24\/corroboran-estado-deplorable-en-que-se-encuentra-la-ex-fabrica-artimer\/","url":"https:\/\/apuntesdesanluis.com\/index.php\/2024\/05\/24\/corroboran-estado-deplorable-en-que-se-encuentra-la-ex-fabrica-artimer\/","name":"CORROBORAN ESTADO DEPLORABLE EN QUE SE ENCUENTRA LA EX F\u00c1BRICA ARTIMER - Apuntes de San Luis","isPartOf":{"@id":"https:\/\/apuntesdesanluis.com\/#website"},"primaryImageOfPage":{"@id":"https:\/\/apuntesdesanluis.com\/index.php\/2024\/05\/24\/corroboran-estado-deplorable-en-que-se-encuentra-la-ex-fabrica-artimer\/#primaryimage"},"image":{"@id":"https:\/\/apuntesdesanluis.com\/index.php\/2024\/05\/24\/corroboran-estado-deplorable-en-que-se-encuentra-la-ex-fabrica-artimer\/#primaryimage"},"thumbnailUrl":"https:\/\/apuntesdesanluis.com\/wp-content\/uploads\/2024\/05\/artimer.jpg","datePublished":"2024-05-24T18:19:52+00:00","breadcrumb":{"@id":"https:\/\/apuntesdesanluis.com\/index.php\/2024\/05\/24\/corroboran-estado-deplorable-en-que-se-encuentra-la-ex-fabrica-artimer\/#breadcrumb"},"inLanguage":"es-AR","potentialAction":[{"@type":"ReadAction","target":["https:\/\/apuntesdesanluis.com\/index.php\/2024\/05\/24\/corroboran-estado-deplorable-en-que-se-encuentra-la-ex-fabrica-artimer\/"]}]},{"@type":"ImageObject","inLanguage":"es-AR","@id":"https:\/\/apuntesdesanluis.com\/index.php\/2024\/05\/24\/corroboran-estado-deplorable-en-que-se-encuentra-la-ex-fabrica-artimer\/#primaryimage","url":"https:\/\/apuntesdesanluis.com\/wp-content\/uploads\/2024\/05\/artimer.jpg","contentUrl":"https:\/\/apuntesdesanluis.com\/wp-content\/uploads\/2024\/05\/artimer.jpg","width":600,"height":316},{"@type":"BreadcrumbList","@id":"https:\/\/apuntesdesanluis.com\/index.php\/2024\/05\/24\/corroboran-estado-deplorable-en-que-se-encuentra-la-ex-fabrica-artimer\/#breadcrumb","itemListElement":[{"@type":"ListItem","position":1,"name":"Inicio","item":"https:\/\/apuntesdesanluis.com\/"},{"@type":"ListItem","position":2,"name":"CORROBORAN ESTADO DEPLORABLE EN QUE SE ENCUENTRA LA EX F\u00c1BRICA ARTIMER"}]},{"@type":"WebSite","@id":"https:\/\/apuntesdesanluis.com\/#website","url":"https:\/\/apuntesdesanluis.com\/","name":"Apuntes de San Luis","description":"","publisher":{"@id":"https:\/\/apuntesdesanluis.com\/#\/schema\/person\/b55151d52296fcce64d1a72538a70b90"},"potentialAction":[{"@type":"SearchAction","target":{"@type":"EntryPoint","urlTemplate":"https:\/\/apuntesdesanluis.com\/?s={search_term_string}"},"query-input":{"@type":"PropertyValueSpecification","valueRequired":true,"valueName":"search_term_string"}}],"inLanguage":"es-AR"},{"@type":["Person","Organization"],"@id":"https:\/\/apuntesdesanluis.com\/#\/schema\/person\/b55151d52296fcce64d1a72538a70b90","name":"apuntesdesanluis.com","image":{"@type":"ImageObject","inLanguage":"es-AR","@id":"https:\/\/apuntesdesanluis.com\/#\/schema\/person\/image\/","url":"https:\/\/apuntesdesanluis.com\/wp-content\/uploads\/2023\/07\/cropped-apuntesdesanluis.png","contentUrl":"https:\/\/apuntesdesanluis.com\/wp-content\/uploads\/2023\/07\/cropped-apuntesdesanluis.png","width":450,"height":112,"caption":"apuntesdesanluis.com"},"logo":{"@id":"https:\/\/apuntesdesanluis.com\/#\/schema\/person\/image\/"},"sameAs":["https:\/\/apuntesdesanluis.com"],"url":"https:\/\/apuntesdesanluis.com\/index.php\/author\/apuntesdesanluis-com\/"}]}},"featured_image_urls":{"full":["https:\/\/apuntesdesanluis.com\/wp-content\/uploads\/2024\/05\/artimer.jpg",600,316,false],"thumbnail":["https:\/\/apuntesdesanluis.com\/wp-content\/uploads\/2024\/05\/artimer-150x150.jpg",150,150,true],"medium":["https:\/\/apuntesdesanluis.com\/wp-content\/uploads\/2024\/05\/artimer-300x158.jpg",300,158,true],"medium_large":["https:\/\/apuntesdesanluis.com\/wp-content\/uploads\/2024\/05\/artimer.jpg",600,316,false],"large":["https:\/\/apuntesdesanluis.com\/wp-content\/uploads\/2024\/05\/artimer.jpg",600,316,false],"1536x1536":["https:\/\/apuntesdesanluis.com\/wp-content\/uploads\/2024\/05\/artimer.jpg",600,316,false],"2048x2048":["https:\/\/apuntesdesanluis.com\/wp-content\/uploads\/2024\/05\/artimer.jpg",600,316,false],"newsever-slider-full":["https:\/\/apuntesdesanluis.com\/wp-content\/uploads\/2024\/05\/artimer.jpg",600,316,false],"newsever-featured":["https:\/\/apuntesdesanluis.com\/wp-content\/uploads\/2024\/05\/artimer.jpg",600,316,false],"newsever-medium":["https:\/\/apuntesdesanluis.com\/wp-content\/uploads\/2024\/05\/artimer.jpg",600,316,false]},"author_info":{"display_name":"apuntesdesanluis.com","author_link":"https:\/\/apuntesdesanluis.com\/index.php\/author\/apuntesdesanluis-com\/"},"category_info":"<a href=\"https:\/\/apuntesdesanluis.com\/index.php\/category\/ciudad-provincia\/\" rel=\"category tag\">Ciudad\/Provincia<\/a>","tag_info":"Ciudad\/Provincia","comment_count":"0","_links":{"self":[{"href":"https:\/\/apuntesdesanluis.com\/index.php\/wp-json\/wp\/v2\/posts\/16728","targetHints":{"allow":["GET"]}}],"collection":[{"href":"https:\/\/apuntesdesanluis.com\/index.php\/wp-json\/wp\/v2\/posts"}],"about":[{"href":"https:\/\/apuntesdesanluis.com\/index.php\/wp-json\/wp\/v2\/types\/post"}],"author":[{"embeddable":true,"href":"https:\/\/apuntesdesanluis.com\/index.php\/wp-json\/wp\/v2\/users\/1"}],"replies":[{"embeddable":true,"href":"https:\/\/apuntesdesanluis.com\/index.php\/wp-json\/wp\/v2\/comments?post=16728"}],"version-history":[{"count":2,"href":"https:\/\/apuntesdesanluis.com\/index.php\/wp-json\/wp\/v2\/posts\/16728\/revisions"}],"predecessor-version":[{"id":16737,"href":"https:\/\/apuntesdesanluis.com\/index.php\/wp-json\/wp\/v2\/posts\/16728\/revisions\/16737"}],"wp:featuredmedia":[{"embeddable":true,"href":"https:\/\/apuntesdesanluis.com\/index.php\/wp-json\/wp\/v2\/media\/16729"}],"wp:attachment":[{"href":"https:\/\/apuntesdesanluis.com\/index.php\/wp-json\/wp\/v2\/media?parent=16728"}],"wp:term":[{"taxonomy":"category","embeddable":true,"href":"https:\/\/apuntesdesanluis.com\/index.php\/wp-json\/wp\/v2\/categories?post=16728"},{"taxonomy":"post_tag","embeddable":true,"href":"https:\/\/apuntesdesanluis.com\/index.php\/wp-json\/wp\/v2\/tags?post=16728"}],"curies":[{"name":"wp","href":"https:\/\/api.w.org\/{rel}","templated":true}]}}