{"id":16750,"date":"2024-05-24T10:29:12","date_gmt":"2024-05-24T13:29:12","guid":{"rendered":"https:\/\/apuntesdesanluis.com\/?p=16750"},"modified":"2024-05-25T13:00:52","modified_gmt":"2024-05-25T16:00:52","slug":"preparativos-para-conmemorar-el-214-aniversario-de-la-patria-en-san-luis","status":"publish","type":"post","link":"https:\/\/apuntesdesanluis.com\/index.php\/2024\/05\/24\/preparativos-para-conmemorar-el-214-aniversario-de-la-patria-en-san-luis\/","title":{"rendered":"PREPARATIVOS PARA CONMEMORAR EL 214\u00b0 ANIVERSARIO DE LA PATRIA EN SAN LUIS"},"content":{"rendered":"<h3>El desfile de este 25 de Mayo est\u00e1 previsto para las 11:00, con la concentraci\u00f3n en avenida Espa\u00f1a y Estado de Israel\/Rivadavia, finalizando en Constituci\u00f3n. El palco principal estar\u00e1 ubicado frente a la ex terminal de \u00f3mnibus. El ingreso de la Virgen de Luj\u00e1n, portada por Veteranos de Malvinas, marcar\u00e1 el comienzo. El ministerio de Educaci\u00f3n va a monitorear el clima y cualquier cambio ser\u00e1 informado por ANSL y San Luis+.<\/h3>\n<h3><strong>Pablo Fern\u00e1ndez<\/strong>, funcionario del ministerio de Educaci\u00f3n, inform\u00f3 en conferencia de prensa todos los detalles sobre el desfile del 25 de Mayo, que se realizar\u00e1 este s\u00e1bado en la capital puntana. \u201cTendremos la participaci\u00f3n de 112 establecimientos educativos, organizados en grupos desde la letra A a la K, en cada una de las cuales contaremos con organizadores y la presencia de los institutos de Educaci\u00f3n F\u00edsica, que nos ayudar\u00e1n con la log\u00edstica\u201d.<\/h3>\n<h3>Fern\u00e1ndez detall\u00f3 que los directivos, docentes y alumnos est\u00e1n convocados para las 10:00, ya que se busca que no sea con tanta anterioridad por el fr\u00edo. Tienen ubicaciones asignadas, y contar\u00e1n con la asistencia de seis profesores de Educaci\u00f3n F\u00edsica por cada establecimiento, el docente a cargo de cada instituci\u00f3n y personal del Ministerio que brindar\u00e1 ayuda en lo que se necesite.<\/h3>\n<p><iframe title=\"Preparativos para el Desfile C\u00edvico Militar por el 25 de Mayo 2024\" width=\"640\" height=\"360\" src=\"https:\/\/www.youtube.com\/embed\/LpIbxYJk5S4?feature=oembed\" frameborder=\"0\" allow=\"accelerometer; autoplay; clipboard-write; encrypted-media; gyroscope; picture-in-picture; web-share\" referrerpolicy=\"strict-origin-when-cross-origin\" allowfullscreen><\/iframe><\/p>\n<h3>Est\u00e1 estipulado que el desfile tenga una duraci\u00f3n de tres a tres horas y media. Adem\u00e1s, durante esa hora previa, servir\u00e1n el tradicional chocolate, facturas y tortitas. Est\u00e1 prevista una colaci\u00f3n especial para personas con celiaqu\u00eda, que saldr\u00e1n de cinco cocinas distribuidas a lo largo de la avenida.<\/h3>\n<h3>Gladys Peralta, secretaria de Vinculaci\u00f3n y Cercan\u00eda con el vecino de la Municipalidad, remarc\u00f3 que la comuna capitalina \u201cpondr\u00e1 todas las secretar\u00edas a disposici\u00f3n, tanto la de Servicios P\u00fablicos, que est\u00e1 trabajando constantemente, como la Delegaci\u00f3n y el resto de las dependencias y direcciones de Cultura, Turismo, Deporte y Zoonosis, brindando el servicio al vecino\u201d.<\/h3>\n<h3>Por \u00faltimo, Peralta indic\u00f3: \u201cTuvimos la inscripci\u00f3n de muchos emprendedores, que pagaron un sellado m\u00ednimo, para que puedan ofrecer venta ambulante. Estar\u00e1n tanto en el inicio como en el final del desfile, para no entorpecer el circuito y el recorrido\u201d.<\/h3>\n<h3><strong>SERVICIOS ESENCIALES<\/strong><\/h3>\n<h3>Para garantizar la seguridad y comodidad de todos, habr\u00e1 ambulancias ubicadas en tres puntos estrat\u00e9gicos para brindar asistencia m\u00e9dica en caso de ser necesario. Tambi\u00e9n se dispondr\u00e1n de ba\u00f1os qu\u00edmicos en tres ubicaciones.<\/h3>\n<h3>El Operativo de Tr\u00e1nsito ser\u00e1 dispuesto por el ministerio de Seguridad y la municipalidad de la Ciudad de San Luis.<\/h3>\n<h3>Luego del paso de las escuelas, desfilar\u00e1n las instituciones culturales y deportivas, seguidas por las fuerzas de seguridad y agrupaciones gauchas. La desconcentraci\u00f3n ser\u00e1 en avenida Espa\u00f1a y Constituci\u00f3n. Los que dependen del ministerio de Turismo y Cultura deber\u00e1n reunirse en avenida Espa\u00f1a y Col\u00f3n, por Col\u00f3n.<\/h3>\n<h3>Desfilar\u00e1n representantes de: Bastoneras, Grupo scout, 6 academias de baile, Grupos culturales, 2 Federaciones gauchas y 25 Agrupaciones guachas con un total aproximado de 250 caballos.<\/h3>\n<h3>La concentraci\u00f3n de la secretar\u00eda de Deportes ser\u00e1 en avenida Espa\u00f1a y Justo Daract, por Justo Daract.<\/h3>\n<h3>Desfilar\u00e1n representantes de las escuelas deportivas para personas con discapacidad, escuelas deportivas Ave F\u00e9nix para adultos mayores, Representantes de 16 federaciones y asociaciones y de 30 clubes de toda la provincia.<\/h3>\n<p>&nbsp;<\/p>\n<p>&nbsp;<\/p>\n<p>&nbsp;<\/p>\n<p>&nbsp;<\/p>\n<p>&nbsp;<\/p>\n<p>&nbsp;<\/p>\n<p>&nbsp;<\/p>\n<p>&nbsp;<\/p>\n","protected":false},"excerpt":{"rendered":"<p>El desfile de este 25 de Mayo est\u00e1 previsto para las 11:00, con la concentraci\u00f3n&#8230;<\/p>\n","protected":false},"author":1,"featured_media":16751,"comment_status":"closed","ping_status":"closed","sticky":false,"template":"","format":"standard","meta":{"footnotes":""},"categories":[6],"tags":[],"class_list":["post-16750","post","type-post","status-publish","format-standard","has-post-thumbnail","hentry","category-ciudad-provincia"],"yoast_head":"<!-- This site is optimized with the Yoast SEO plugin v26.1.1 - https:\/\/yoast.com\/wordpress\/plugins\/seo\/ -->\n<title>PREPARATIVOS PARA CONMEMORAR EL 214\u00b0 ANIVERSARIO DE LA PATRIA EN SAN LUIS - Apuntes de San Luis<\/title>\n<meta name=\"robots\" content=\"index, follow, max-snippet:-1, max-image-preview:large, max-video-preview:-1\" \/>\n<link rel=\"canonical\" href=\"https:\/\/apuntesdesanluis.com\/index.php\/2024\/05\/24\/preparativos-para-conmemorar-el-214-aniversario-de-la-patria-en-san-luis\/\" \/>\n<meta property=\"og:locale\" content=\"es_ES\" \/>\n<meta property=\"og:type\" content=\"article\" \/>\n<meta property=\"og:title\" content=\"PREPARATIVOS PARA CONMEMORAR EL 214\u00b0 ANIVERSARIO DE LA PATRIA EN SAN LUIS - Apuntes de San Luis\" \/>\n<meta property=\"og:description\" content=\"El desfile de este 25 de Mayo est\u00e1 previsto para las 11:00, con la concentraci\u00f3n...\" \/>\n<meta property=\"og:url\" content=\"https:\/\/apuntesdesanluis.com\/index.php\/2024\/05\/24\/preparativos-para-conmemorar-el-214-aniversario-de-la-patria-en-san-luis\/\" \/>\n<meta property=\"og:site_name\" content=\"Apuntes de San Luis\" \/>\n<meta property=\"article:published_time\" content=\"2024-05-24T13:29:12+00:00\" \/>\n<meta property=\"article:modified_time\" content=\"2024-05-25T16:00:52+00:00\" \/>\n<meta property=\"og:image\" content=\"https:\/\/apuntesdesanluis.com\/wp-content\/uploads\/2024\/05\/FUNCIONARIOS.png\" \/>\n\t<meta property=\"og:image:width\" content=\"600\" \/>\n\t<meta property=\"og:image:height\" content=\"357\" \/>\n\t<meta property=\"og:image:type\" content=\"image\/png\" \/>\n<meta name=\"author\" content=\"apuntesdesanluis.com\" \/>\n<meta name=\"twitter:card\" content=\"summary_large_image\" \/>\n<meta name=\"twitter:label1\" content=\"Escrito por\" \/>\n\t<meta name=\"twitter:data1\" content=\"apuntesdesanluis.com\" \/>\n\t<meta name=\"twitter:label2\" content=\"Tiempo de lectura\" \/>\n\t<meta name=\"twitter:data2\" content=\"3 minutos\" \/>\n<script type=\"application\/ld+json\" class=\"yoast-schema-graph\">{\"@context\":\"https:\/\/schema.org\",\"@graph\":[{\"@type\":\"Article\",\"@id\":\"https:\/\/apuntesdesanluis.com\/index.php\/2024\/05\/24\/preparativos-para-conmemorar-el-214-aniversario-de-la-patria-en-san-luis\/#article\",\"isPartOf\":{\"@id\":\"https:\/\/apuntesdesanluis.com\/index.php\/2024\/05\/24\/preparativos-para-conmemorar-el-214-aniversario-de-la-patria-en-san-luis\/\"},\"author\":{\"name\":\"apuntesdesanluis.com\",\"@id\":\"https:\/\/apuntesdesanluis.com\/#\/schema\/person\/b55151d52296fcce64d1a72538a70b90\"},\"headline\":\"PREPARATIVOS PARA CONMEMORAR EL 214\u00b0 ANIVERSARIO DE LA PATRIA EN SAN LUIS\",\"datePublished\":\"2024-05-24T13:29:12+00:00\",\"dateModified\":\"2024-05-25T16:00:52+00:00\",\"mainEntityOfPage\":{\"@id\":\"https:\/\/apuntesdesanluis.com\/index.php\/2024\/05\/24\/preparativos-para-conmemorar-el-214-aniversario-de-la-patria-en-san-luis\/\"},\"wordCount\":596,\"publisher\":{\"@id\":\"https:\/\/apuntesdesanluis.com\/#\/schema\/person\/b55151d52296fcce64d1a72538a70b90\"},\"image\":{\"@id\":\"https:\/\/apuntesdesanluis.com\/index.php\/2024\/05\/24\/preparativos-para-conmemorar-el-214-aniversario-de-la-patria-en-san-luis\/#primaryimage\"},\"thumbnailUrl\":\"https:\/\/apuntesdesanluis.com\/wp-content\/uploads\/2024\/05\/FUNCIONARIOS.png\",\"articleSection\":[\"Ciudad\/Provincia\"],\"inLanguage\":\"es-AR\"},{\"@type\":\"WebPage\",\"@id\":\"https:\/\/apuntesdesanluis.com\/index.php\/2024\/05\/24\/preparativos-para-conmemorar-el-214-aniversario-de-la-patria-en-san-luis\/\",\"url\":\"https:\/\/apuntesdesanluis.com\/index.php\/2024\/05\/24\/preparativos-para-conmemorar-el-214-aniversario-de-la-patria-en-san-luis\/\",\"name\":\"PREPARATIVOS PARA CONMEMORAR EL 214\u00b0 ANIVERSARIO DE LA PATRIA EN SAN LUIS - Apuntes de San Luis\",\"isPartOf\":{\"@id\":\"https:\/\/apuntesdesanluis.com\/#website\"},\"primaryImageOfPage\":{\"@id\":\"https:\/\/apuntesdesanluis.com\/index.php\/2024\/05\/24\/preparativos-para-conmemorar-el-214-aniversario-de-la-patria-en-san-luis\/#primaryimage\"},\"image\":{\"@id\":\"https:\/\/apuntesdesanluis.com\/index.php\/2024\/05\/24\/preparativos-para-conmemorar-el-214-aniversario-de-la-patria-en-san-luis\/#primaryimage\"},\"thumbnailUrl\":\"https:\/\/apuntesdesanluis.com\/wp-content\/uploads\/2024\/05\/FUNCIONARIOS.png\",\"datePublished\":\"2024-05-24T13:29:12+00:00\",\"dateModified\":\"2024-05-25T16:00:52+00:00\",\"breadcrumb\":{\"@id\":\"https:\/\/apuntesdesanluis.com\/index.php\/2024\/05\/24\/preparativos-para-conmemorar-el-214-aniversario-de-la-patria-en-san-luis\/#breadcrumb\"},\"inLanguage\":\"es-AR\",\"potentialAction\":[{\"@type\":\"ReadAction\",\"target\":[\"https:\/\/apuntesdesanluis.com\/index.php\/2024\/05\/24\/preparativos-para-conmemorar-el-214-aniversario-de-la-patria-en-san-luis\/\"]}]},{\"@type\":\"ImageObject\",\"inLanguage\":\"es-AR\",\"@id\":\"https:\/\/apuntesdesanluis.com\/index.php\/2024\/05\/24\/preparativos-para-conmemorar-el-214-aniversario-de-la-patria-en-san-luis\/#primaryimage\",\"url\":\"https:\/\/apuntesdesanluis.com\/wp-content\/uploads\/2024\/05\/FUNCIONARIOS.png\",\"contentUrl\":\"https:\/\/apuntesdesanluis.com\/wp-content\/uploads\/2024\/05\/FUNCIONARIOS.png\",\"width\":600,\"height\":357},{\"@type\":\"BreadcrumbList\",\"@id\":\"https:\/\/apuntesdesanluis.com\/index.php\/2024\/05\/24\/preparativos-para-conmemorar-el-214-aniversario-de-la-patria-en-san-luis\/#breadcrumb\",\"itemListElement\":[{\"@type\":\"ListItem\",\"position\":1,\"name\":\"Inicio\",\"item\":\"https:\/\/apuntesdesanluis.com\/\"},{\"@type\":\"ListItem\",\"position\":2,\"name\":\"PREPARATIVOS PARA CONMEMORAR EL 214\u00b0 ANIVERSARIO DE LA PATRIA EN SAN LUIS\"}]},{\"@type\":\"WebSite\",\"@id\":\"https:\/\/apuntesdesanluis.com\/#website\",\"url\":\"https:\/\/apuntesdesanluis.com\/\",\"name\":\"Apuntes de San Luis\",\"description\":\"\",\"publisher\":{\"@id\":\"https:\/\/apuntesdesanluis.com\/#\/schema\/person\/b55151d52296fcce64d1a72538a70b90\"},\"potentialAction\":[{\"@type\":\"SearchAction\",\"target\":{\"@type\":\"EntryPoint\",\"urlTemplate\":\"https:\/\/apuntesdesanluis.com\/?s={search_term_string}\"},\"query-input\":{\"@type\":\"PropertyValueSpecification\",\"valueRequired\":true,\"valueName\":\"search_term_string\"}}],\"inLanguage\":\"es-AR\"},{\"@type\":[\"Person\",\"Organization\"],\"@id\":\"https:\/\/apuntesdesanluis.com\/#\/schema\/person\/b55151d52296fcce64d1a72538a70b90\",\"name\":\"apuntesdesanluis.com\",\"image\":{\"@type\":\"ImageObject\",\"inLanguage\":\"es-AR\",\"@id\":\"https:\/\/apuntesdesanluis.com\/#\/schema\/person\/image\/\",\"url\":\"https:\/\/apuntesdesanluis.com\/wp-content\/uploads\/2023\/07\/cropped-apuntesdesanluis.png\",\"contentUrl\":\"https:\/\/apuntesdesanluis.com\/wp-content\/uploads\/2023\/07\/cropped-apuntesdesanluis.png\",\"width\":450,\"height\":112,\"caption\":\"apuntesdesanluis.com\"},\"logo\":{\"@id\":\"https:\/\/apuntesdesanluis.com\/#\/schema\/person\/image\/\"},\"sameAs\":[\"https:\/\/apuntesdesanluis.com\"],\"url\":\"https:\/\/apuntesdesanluis.com\/index.php\/author\/apuntesdesanluis-com\/\"}]}<\/script>\n<!-- \/ Yoast SEO plugin. -->","yoast_head_json":{"title":"PREPARATIVOS PARA CONMEMORAR EL 214\u00b0 ANIVERSARIO DE LA PATRIA EN SAN LUIS - Apuntes de San Luis","robots":{"index":"index","follow":"follow","max-snippet":"max-snippet:-1","max-image-preview":"max-image-preview:large","max-video-preview":"max-video-preview:-1"},"canonical":"https:\/\/apuntesdesanluis.com\/index.php\/2024\/05\/24\/preparativos-para-conmemorar-el-214-aniversario-de-la-patria-en-san-luis\/","og_locale":"es_ES","og_type":"article","og_title":"PREPARATIVOS PARA CONMEMORAR EL 214\u00b0 ANIVERSARIO DE LA PATRIA EN SAN LUIS - Apuntes de San Luis","og_description":"El desfile de este 25 de Mayo est\u00e1 previsto para las 11:00, con la concentraci\u00f3n...","og_url":"https:\/\/apuntesdesanluis.com\/index.php\/2024\/05\/24\/preparativos-para-conmemorar-el-214-aniversario-de-la-patria-en-san-luis\/","og_site_name":"Apuntes de San Luis","article_published_time":"2024-05-24T13:29:12+00:00","article_modified_time":"2024-05-25T16:00:52+00:00","og_image":[{"width":600,"height":357,"url":"https:\/\/apuntesdesanluis.com\/wp-content\/uploads\/2024\/05\/FUNCIONARIOS.png","type":"image\/png"}],"author":"apuntesdesanluis.com","twitter_card":"summary_large_image","twitter_misc":{"Escrito por":"apuntesdesanluis.com","Tiempo de lectura":"3 minutos"},"schema":{"@context":"https:\/\/schema.org","@graph":[{"@type":"Article","@id":"https:\/\/apuntesdesanluis.com\/index.php\/2024\/05\/24\/preparativos-para-conmemorar-el-214-aniversario-de-la-patria-en-san-luis\/#article","isPartOf":{"@id":"https:\/\/apuntesdesanluis.com\/index.php\/2024\/05\/24\/preparativos-para-conmemorar-el-214-aniversario-de-la-patria-en-san-luis\/"},"author":{"name":"apuntesdesanluis.com","@id":"https:\/\/apuntesdesanluis.com\/#\/schema\/person\/b55151d52296fcce64d1a72538a70b90"},"headline":"PREPARATIVOS PARA CONMEMORAR EL 214\u00b0 ANIVERSARIO DE LA PATRIA EN SAN LUIS","datePublished":"2024-05-24T13:29:12+00:00","dateModified":"2024-05-25T16:00:52+00:00","mainEntityOfPage":{"@id":"https:\/\/apuntesdesanluis.com\/index.php\/2024\/05\/24\/preparativos-para-conmemorar-el-214-aniversario-de-la-patria-en-san-luis\/"},"wordCount":596,"publisher":{"@id":"https:\/\/apuntesdesanluis.com\/#\/schema\/person\/b55151d52296fcce64d1a72538a70b90"},"image":{"@id":"https:\/\/apuntesdesanluis.com\/index.php\/2024\/05\/24\/preparativos-para-conmemorar-el-214-aniversario-de-la-patria-en-san-luis\/#primaryimage"},"thumbnailUrl":"https:\/\/apuntesdesanluis.com\/wp-content\/uploads\/2024\/05\/FUNCIONARIOS.png","articleSection":["Ciudad\/Provincia"],"inLanguage":"es-AR"},{"@type":"WebPage","@id":"https:\/\/apuntesdesanluis.com\/index.php\/2024\/05\/24\/preparativos-para-conmemorar-el-214-aniversario-de-la-patria-en-san-luis\/","url":"https:\/\/apuntesdesanluis.com\/index.php\/2024\/05\/24\/preparativos-para-conmemorar-el-214-aniversario-de-la-patria-en-san-luis\/","name":"PREPARATIVOS PARA CONMEMORAR EL 214\u00b0 ANIVERSARIO DE LA PATRIA EN SAN LUIS - Apuntes de San Luis","isPartOf":{"@id":"https:\/\/apuntesdesanluis.com\/#website"},"primaryImageOfPage":{"@id":"https:\/\/apuntesdesanluis.com\/index.php\/2024\/05\/24\/preparativos-para-conmemorar-el-214-aniversario-de-la-patria-en-san-luis\/#primaryimage"},"image":{"@id":"https:\/\/apuntesdesanluis.com\/index.php\/2024\/05\/24\/preparativos-para-conmemorar-el-214-aniversario-de-la-patria-en-san-luis\/#primaryimage"},"thumbnailUrl":"https:\/\/apuntesdesanluis.com\/wp-content\/uploads\/2024\/05\/FUNCIONARIOS.png","datePublished":"2024-05-24T13:29:12+00:00","dateModified":"2024-05-25T16:00:52+00:00","breadcrumb":{"@id":"https:\/\/apuntesdesanluis.com\/index.php\/2024\/05\/24\/preparativos-para-conmemorar-el-214-aniversario-de-la-patria-en-san-luis\/#breadcrumb"},"inLanguage":"es-AR","potentialAction":[{"@type":"ReadAction","target":["https:\/\/apuntesdesanluis.com\/index.php\/2024\/05\/24\/preparativos-para-conmemorar-el-214-aniversario-de-la-patria-en-san-luis\/"]}]},{"@type":"ImageObject","inLanguage":"es-AR","@id":"https:\/\/apuntesdesanluis.com\/index.php\/2024\/05\/24\/preparativos-para-conmemorar-el-214-aniversario-de-la-patria-en-san-luis\/#primaryimage","url":"https:\/\/apuntesdesanluis.com\/wp-content\/uploads\/2024\/05\/FUNCIONARIOS.png","contentUrl":"https:\/\/apuntesdesanluis.com\/wp-content\/uploads\/2024\/05\/FUNCIONARIOS.png","width":600,"height":357},{"@type":"BreadcrumbList","@id":"https:\/\/apuntesdesanluis.com\/index.php\/2024\/05\/24\/preparativos-para-conmemorar-el-214-aniversario-de-la-patria-en-san-luis\/#breadcrumb","itemListElement":[{"@type":"ListItem","position":1,"name":"Inicio","item":"https:\/\/apuntesdesanluis.com\/"},{"@type":"ListItem","position":2,"name":"PREPARATIVOS PARA CONMEMORAR EL 214\u00b0 ANIVERSARIO DE LA PATRIA EN SAN LUIS"}]},{"@type":"WebSite","@id":"https:\/\/apuntesdesanluis.com\/#website","url":"https:\/\/apuntesdesanluis.com\/","name":"Apuntes de San Luis","description":"","publisher":{"@id":"https:\/\/apuntesdesanluis.com\/#\/schema\/person\/b55151d52296fcce64d1a72538a70b90"},"potentialAction":[{"@type":"SearchAction","target":{"@type":"EntryPoint","urlTemplate":"https:\/\/apuntesdesanluis.com\/?s={search_term_string}"},"query-input":{"@type":"PropertyValueSpecification","valueRequired":true,"valueName":"search_term_string"}}],"inLanguage":"es-AR"},{"@type":["Person","Organization"],"@id":"https:\/\/apuntesdesanluis.com\/#\/schema\/person\/b55151d52296fcce64d1a72538a70b90","name":"apuntesdesanluis.com","image":{"@type":"ImageObject","inLanguage":"es-AR","@id":"https:\/\/apuntesdesanluis.com\/#\/schema\/person\/image\/","url":"https:\/\/apuntesdesanluis.com\/wp-content\/uploads\/2023\/07\/cropped-apuntesdesanluis.png","contentUrl":"https:\/\/apuntesdesanluis.com\/wp-content\/uploads\/2023\/07\/cropped-apuntesdesanluis.png","width":450,"height":112,"caption":"apuntesdesanluis.com"},"logo":{"@id":"https:\/\/apuntesdesanluis.com\/#\/schema\/person\/image\/"},"sameAs":["https:\/\/apuntesdesanluis.com"],"url":"https:\/\/apuntesdesanluis.com\/index.php\/author\/apuntesdesanluis-com\/"}]}},"featured_image_urls":{"full":["https:\/\/apuntesdesanluis.com\/wp-content\/uploads\/2024\/05\/FUNCIONARIOS.png",600,357,false],"thumbnail":["https:\/\/apuntesdesanluis.com\/wp-content\/uploads\/2024\/05\/FUNCIONARIOS-150x150.png",150,150,true],"medium":["https:\/\/apuntesdesanluis.com\/wp-content\/uploads\/2024\/05\/FUNCIONARIOS-300x179.png",300,179,true],"medium_large":["https:\/\/apuntesdesanluis.com\/wp-content\/uploads\/2024\/05\/FUNCIONARIOS.png",600,357,false],"large":["https:\/\/apuntesdesanluis.com\/wp-content\/uploads\/2024\/05\/FUNCIONARIOS.png",600,357,false],"1536x1536":["https:\/\/apuntesdesanluis.com\/wp-content\/uploads\/2024\/05\/FUNCIONARIOS.png",600,357,false],"2048x2048":["https:\/\/apuntesdesanluis.com\/wp-content\/uploads\/2024\/05\/FUNCIONARIOS.png",600,357,false],"newsever-slider-full":["https:\/\/apuntesdesanluis.com\/wp-content\/uploads\/2024\/05\/FUNCIONARIOS.png",600,357,false],"newsever-featured":["https:\/\/apuntesdesanluis.com\/wp-content\/uploads\/2024\/05\/FUNCIONARIOS.png",600,357,false],"newsever-medium":["https:\/\/apuntesdesanluis.com\/wp-content\/uploads\/2024\/05\/FUNCIONARIOS.png",600,357,false]},"author_info":{"display_name":"apuntesdesanluis.com","author_link":"https:\/\/apuntesdesanluis.com\/index.php\/author\/apuntesdesanluis-com\/"},"category_info":"<a href=\"https:\/\/apuntesdesanluis.com\/index.php\/category\/ciudad-provincia\/\" rel=\"category tag\">Ciudad\/Provincia<\/a>","tag_info":"Ciudad\/Provincia","comment_count":"0","_links":{"self":[{"href":"https:\/\/apuntesdesanluis.com\/index.php\/wp-json\/wp\/v2\/posts\/16750","targetHints":{"allow":["GET"]}}],"collection":[{"href":"https:\/\/apuntesdesanluis.com\/index.php\/wp-json\/wp\/v2\/posts"}],"about":[{"href":"https:\/\/apuntesdesanluis.com\/index.php\/wp-json\/wp\/v2\/types\/post"}],"author":[{"embeddable":true,"href":"https:\/\/apuntesdesanluis.com\/index.php\/wp-json\/wp\/v2\/users\/1"}],"replies":[{"embeddable":true,"href":"https:\/\/apuntesdesanluis.com\/index.php\/wp-json\/wp\/v2\/comments?post=16750"}],"version-history":[{"count":1,"href":"https:\/\/apuntesdesanluis.com\/index.php\/wp-json\/wp\/v2\/posts\/16750\/revisions"}],"predecessor-version":[{"id":16752,"href":"https:\/\/apuntesdesanluis.com\/index.php\/wp-json\/wp\/v2\/posts\/16750\/revisions\/16752"}],"wp:featuredmedia":[{"embeddable":true,"href":"https:\/\/apuntesdesanluis.com\/index.php\/wp-json\/wp\/v2\/media\/16751"}],"wp:attachment":[{"href":"https:\/\/apuntesdesanluis.com\/index.php\/wp-json\/wp\/v2\/media?parent=16750"}],"wp:term":[{"taxonomy":"category","embeddable":true,"href":"https:\/\/apuntesdesanluis.com\/index.php\/wp-json\/wp\/v2\/categories?post=16750"},{"taxonomy":"post_tag","embeddable":true,"href":"https:\/\/apuntesdesanluis.com\/index.php\/wp-json\/wp\/v2\/tags?post=16750"}],"curies":[{"name":"wp","href":"https:\/\/api.w.org\/{rel}","templated":true}]}}