{"id":16756,"date":"2024-05-24T19:11:22","date_gmt":"2024-05-24T22:11:22","guid":{"rendered":"https:\/\/apuntesdesanluis.com\/?p=16756"},"modified":"2024-05-24T23:14:34","modified_gmt":"2024-05-25T02:14:34","slug":"cronograma-presidencial-desayuno-con-el-gabinete-tedeum-y-acto-de-mayo-en-cordoba","status":"publish","type":"post","link":"https:\/\/apuntesdesanluis.com\/index.php\/2024\/05\/24\/cronograma-presidencial-desayuno-con-el-gabinete-tedeum-y-acto-de-mayo-en-cordoba\/","title":{"rendered":"CRONOGRAMA PRESIDENCIAL: DESAYUNO CON EL GABINETE, TEDEUM Y ACTO DE MAYO EN C\u00d3RDOBA"},"content":{"rendered":"<h3>Sin el Pacto de Mayo previsto para el 25 del mes, el presidente <strong>Javier Milei<\/strong> protagonizar\u00e1 este s\u00e1bado una serie de actividades con motivo de la fecha patria que iniciar\u00e1 con un desayuno junto a sus ministros en Casa Rosada, con quienes participar\u00e1 del Tedeum en la Catedral Metropolitana de Buenos Aires, y luego partir\u00e1 a C\u00f3rdoba para celebrar el acto oficialista.<\/h3>\n<h3>A menos de veinticuatro horas de la tradicional ceremonia en la que el mandatario comparte chocolate con pastelitos con sus colaboradores en el Sal\u00f3n de los Bustos de Casa de Gobierno, junto a quienes adem\u00e1s recorrer\u00e1 a pie la calle Rivadavia hasta la Catedral, a\u00fan no se han cursado las invitaciones formales y hay cierta incertidumbre por la presencia del jefe de Gabinete, Nicol\u00e1s Posse.<\/h3>\n<h3>La mega celebraci\u00f3n se da en medio de los rumores de su salida anticipada del Gobierno y luego de la revelaci\u00f3n del propio Milei sobre el permanente an\u00e1lisis a los que somete a sus miembros.<\/h3>\n<h3>Desde su entorno aseguraron a la agencia Noticias Argentinas que el titular de ministros tiene previsto asistir al desayuno y al Tedeum, pero por los pasillos de Balcarce 50 ponen en duda las intenciones. Incluso hay quienes descartan que d\u00e9 el presente.<\/h3>\n<h3>Fuentes de la administraci\u00f3n libertaria revelaron que el pasado jueves se realiz\u00f3 una reuni\u00f3n para avanzar en los detalles de los actos del s\u00e1bado, y que el \u00e1rea de ceremonial y protocolo de Jefatura de Gabinete no envi\u00f3 representante.<\/h3>\n<h3>Lo cierto es que lo que Posse resuelva se ver\u00e1 reflejado en la foto de respaldo que obtendr\u00e1 el mandatario camino a la liturgia a cargo del arzobispo Monse\u00f1or Jorge Garc\u00eda Cuerva, que iniciar\u00e1 a las 8.30, a unos pasos de Casa de Gobierno.<\/h3>\n<h3>Al t\u00e9rmino de la homil\u00eda, dos aviones presidenciales partir\u00e1n con el jefe de Estado y la vicepresidenta Victoria Villarruel, quienes por cuestiones de seguridad se ven impedidos a compartir viajes, y el resto de los integrantes del Gabinete rumbo a la provincia de C\u00f3rdoba para celebrar el acto de mayo en el Cabido de la provincia.<\/h3>\n<h3>Sin la Ley Bases, el Gobierno consider\u00f3 que no hab\u00eda sentido para celebrar el Pacto de Mayo junto a gobernadores, por lo que pospuso el acuerdo por tiempo indeterminado. En su lugar, apuesta montar un acto con fuerte presencia de la ciudadan\u00eda que respalda a la administraci\u00f3n.<\/h3>\n<h3>La idea es hacer una especie de reversi\u00f3n del cabildo abierto con formato libertario, en el que el Jefe de Estado, como \u00fanico orador, pronuncie un breve discurso con eje en la defensa de su programa econ\u00f3mico y los principales hitos de su gesti\u00f3n.<\/h3>\n<h3>El gobernador de C\u00f3rdoba, Mart\u00edn Llaryora, anticip\u00f3 que recibir\u00e1 al mandatario que tiene previsto visitar su provincia a las 15, y que encontrar\u00e1 una protesta del gremio ATE que promete bloquear los accesos a la Plaza San Mart\u00edn.<\/h3>\n<h3>En la habitual conferencia de prensa, el vocero presidencial, Manuel Adorni, convoc\u00f3 a \u201clos argentinos a concurrir a la conmemoraci\u00f3n de la Revoluci\u00f3n de Mayo en el Cabildo de C\u00f3rdoba \u201cpara ser part\u00edcipes de la gesta de una de las etapas m\u00e1s maravillosas de nuestra historia\u201d, y reafirm\u00f3 que \u201cla defensa al derecho a la vida, a la libertad y a la propiedad ser\u00e1n los protagonistas de los a\u00f1os venideros\u201d.<\/h3>\n<p>&nbsp;<\/p>\n<p>&nbsp;<\/p>\n<p>&nbsp;<\/p>\n<p>&nbsp;<\/p>\n","protected":false},"excerpt":{"rendered":"<p>Sin el Pacto de Mayo previsto para el 25 del mes, el presidente Javier Milei&#8230;<\/p>\n","protected":false},"author":1,"featured_media":16757,"comment_status":"closed","ping_status":"closed","sticky":false,"template":"","format":"standard","meta":{"footnotes":""},"categories":[5],"tags":[],"class_list":["post-16756","post","type-post","status-publish","format-standard","has-post-thumbnail","hentry","category-nacionales-internacionales"],"yoast_head":"<!-- This site is optimized with the Yoast SEO plugin v26.1.1 - https:\/\/yoast.com\/wordpress\/plugins\/seo\/ -->\n<title>CRONOGRAMA PRESIDENCIAL: DESAYUNO CON EL GABINETE, TEDEUM Y ACTO DE MAYO EN C\u00d3RDOBA - Apuntes de San Luis<\/title>\n<meta name=\"robots\" content=\"index, follow, max-snippet:-1, max-image-preview:large, max-video-preview:-1\" \/>\n<link rel=\"canonical\" href=\"https:\/\/apuntesdesanluis.com\/index.php\/2024\/05\/24\/cronograma-presidencial-desayuno-con-el-gabinete-tedeum-y-acto-de-mayo-en-cordoba\/\" \/>\n<meta property=\"og:locale\" content=\"es_ES\" \/>\n<meta property=\"og:type\" content=\"article\" \/>\n<meta property=\"og:title\" content=\"CRONOGRAMA PRESIDENCIAL: DESAYUNO CON EL GABINETE, TEDEUM Y ACTO DE MAYO EN C\u00d3RDOBA - Apuntes de San Luis\" \/>\n<meta property=\"og:description\" content=\"Sin el Pacto de Mayo previsto para el 25 del mes, el presidente Javier Milei...\" \/>\n<meta property=\"og:url\" content=\"https:\/\/apuntesdesanluis.com\/index.php\/2024\/05\/24\/cronograma-presidencial-desayuno-con-el-gabinete-tedeum-y-acto-de-mayo-en-cordoba\/\" \/>\n<meta property=\"og:site_name\" content=\"Apuntes de San Luis\" \/>\n<meta property=\"article:published_time\" content=\"2024-05-24T22:11:22+00:00\" \/>\n<meta property=\"article:modified_time\" content=\"2024-05-25T02:14:34+00:00\" \/>\n<meta property=\"og:image\" content=\"https:\/\/apuntesdesanluis.com\/wp-content\/uploads\/2024\/05\/milei-en-el-balcon.png\" \/>\n\t<meta property=\"og:image:width\" content=\"929\" \/>\n\t<meta property=\"og:image:height\" content=\"521\" \/>\n\t<meta property=\"og:image:type\" content=\"image\/png\" \/>\n<meta name=\"author\" content=\"apuntesdesanluis.com\" \/>\n<meta name=\"twitter:card\" content=\"summary_large_image\" \/>\n<meta name=\"twitter:label1\" content=\"Escrito por\" \/>\n\t<meta name=\"twitter:data1\" content=\"apuntesdesanluis.com\" \/>\n\t<meta name=\"twitter:label2\" content=\"Tiempo de lectura\" \/>\n\t<meta name=\"twitter:data2\" content=\"3 minutos\" \/>\n<script type=\"application\/ld+json\" class=\"yoast-schema-graph\">{\"@context\":\"https:\/\/schema.org\",\"@graph\":[{\"@type\":\"Article\",\"@id\":\"https:\/\/apuntesdesanluis.com\/index.php\/2024\/05\/24\/cronograma-presidencial-desayuno-con-el-gabinete-tedeum-y-acto-de-mayo-en-cordoba\/#article\",\"isPartOf\":{\"@id\":\"https:\/\/apuntesdesanluis.com\/index.php\/2024\/05\/24\/cronograma-presidencial-desayuno-con-el-gabinete-tedeum-y-acto-de-mayo-en-cordoba\/\"},\"author\":{\"name\":\"apuntesdesanluis.com\",\"@id\":\"https:\/\/apuntesdesanluis.com\/#\/schema\/person\/b55151d52296fcce64d1a72538a70b90\"},\"headline\":\"CRONOGRAMA PRESIDENCIAL: DESAYUNO CON EL GABINETE, TEDEUM Y ACTO DE MAYO EN C\u00d3RDOBA\",\"datePublished\":\"2024-05-24T22:11:22+00:00\",\"dateModified\":\"2024-05-25T02:14:34+00:00\",\"mainEntityOfPage\":{\"@id\":\"https:\/\/apuntesdesanluis.com\/index.php\/2024\/05\/24\/cronograma-presidencial-desayuno-con-el-gabinete-tedeum-y-acto-de-mayo-en-cordoba\/\"},\"wordCount\":590,\"publisher\":{\"@id\":\"https:\/\/apuntesdesanluis.com\/#\/schema\/person\/b55151d52296fcce64d1a72538a70b90\"},\"image\":{\"@id\":\"https:\/\/apuntesdesanluis.com\/index.php\/2024\/05\/24\/cronograma-presidencial-desayuno-con-el-gabinete-tedeum-y-acto-de-mayo-en-cordoba\/#primaryimage\"},\"thumbnailUrl\":\"https:\/\/apuntesdesanluis.com\/wp-content\/uploads\/2024\/05\/milei-en-el-balcon.png\",\"articleSection\":[\"Nacionales\/Internacionales\"],\"inLanguage\":\"es-AR\"},{\"@type\":\"WebPage\",\"@id\":\"https:\/\/apuntesdesanluis.com\/index.php\/2024\/05\/24\/cronograma-presidencial-desayuno-con-el-gabinete-tedeum-y-acto-de-mayo-en-cordoba\/\",\"url\":\"https:\/\/apuntesdesanluis.com\/index.php\/2024\/05\/24\/cronograma-presidencial-desayuno-con-el-gabinete-tedeum-y-acto-de-mayo-en-cordoba\/\",\"name\":\"CRONOGRAMA PRESIDENCIAL: DESAYUNO CON EL GABINETE, TEDEUM Y ACTO DE MAYO EN C\u00d3RDOBA - Apuntes de San Luis\",\"isPartOf\":{\"@id\":\"https:\/\/apuntesdesanluis.com\/#website\"},\"primaryImageOfPage\":{\"@id\":\"https:\/\/apuntesdesanluis.com\/index.php\/2024\/05\/24\/cronograma-presidencial-desayuno-con-el-gabinete-tedeum-y-acto-de-mayo-en-cordoba\/#primaryimage\"},\"image\":{\"@id\":\"https:\/\/apuntesdesanluis.com\/index.php\/2024\/05\/24\/cronograma-presidencial-desayuno-con-el-gabinete-tedeum-y-acto-de-mayo-en-cordoba\/#primaryimage\"},\"thumbnailUrl\":\"https:\/\/apuntesdesanluis.com\/wp-content\/uploads\/2024\/05\/milei-en-el-balcon.png\",\"datePublished\":\"2024-05-24T22:11:22+00:00\",\"dateModified\":\"2024-05-25T02:14:34+00:00\",\"breadcrumb\":{\"@id\":\"https:\/\/apuntesdesanluis.com\/index.php\/2024\/05\/24\/cronograma-presidencial-desayuno-con-el-gabinete-tedeum-y-acto-de-mayo-en-cordoba\/#breadcrumb\"},\"inLanguage\":\"es-AR\",\"potentialAction\":[{\"@type\":\"ReadAction\",\"target\":[\"https:\/\/apuntesdesanluis.com\/index.php\/2024\/05\/24\/cronograma-presidencial-desayuno-con-el-gabinete-tedeum-y-acto-de-mayo-en-cordoba\/\"]}]},{\"@type\":\"ImageObject\",\"inLanguage\":\"es-AR\",\"@id\":\"https:\/\/apuntesdesanluis.com\/index.php\/2024\/05\/24\/cronograma-presidencial-desayuno-con-el-gabinete-tedeum-y-acto-de-mayo-en-cordoba\/#primaryimage\",\"url\":\"https:\/\/apuntesdesanluis.com\/wp-content\/uploads\/2024\/05\/milei-en-el-balcon.png\",\"contentUrl\":\"https:\/\/apuntesdesanluis.com\/wp-content\/uploads\/2024\/05\/milei-en-el-balcon.png\",\"width\":929,\"height\":521},{\"@type\":\"BreadcrumbList\",\"@id\":\"https:\/\/apuntesdesanluis.com\/index.php\/2024\/05\/24\/cronograma-presidencial-desayuno-con-el-gabinete-tedeum-y-acto-de-mayo-en-cordoba\/#breadcrumb\",\"itemListElement\":[{\"@type\":\"ListItem\",\"position\":1,\"name\":\"Inicio\",\"item\":\"https:\/\/apuntesdesanluis.com\/\"},{\"@type\":\"ListItem\",\"position\":2,\"name\":\"CRONOGRAMA PRESIDENCIAL: DESAYUNO CON EL GABINETE, TEDEUM Y ACTO DE MAYO EN C\u00d3RDOBA\"}]},{\"@type\":\"WebSite\",\"@id\":\"https:\/\/apuntesdesanluis.com\/#website\",\"url\":\"https:\/\/apuntesdesanluis.com\/\",\"name\":\"Apuntes de San Luis\",\"description\":\"\",\"publisher\":{\"@id\":\"https:\/\/apuntesdesanluis.com\/#\/schema\/person\/b55151d52296fcce64d1a72538a70b90\"},\"potentialAction\":[{\"@type\":\"SearchAction\",\"target\":{\"@type\":\"EntryPoint\",\"urlTemplate\":\"https:\/\/apuntesdesanluis.com\/?s={search_term_string}\"},\"query-input\":{\"@type\":\"PropertyValueSpecification\",\"valueRequired\":true,\"valueName\":\"search_term_string\"}}],\"inLanguage\":\"es-AR\"},{\"@type\":[\"Person\",\"Organization\"],\"@id\":\"https:\/\/apuntesdesanluis.com\/#\/schema\/person\/b55151d52296fcce64d1a72538a70b90\",\"name\":\"apuntesdesanluis.com\",\"image\":{\"@type\":\"ImageObject\",\"inLanguage\":\"es-AR\",\"@id\":\"https:\/\/apuntesdesanluis.com\/#\/schema\/person\/image\/\",\"url\":\"https:\/\/apuntesdesanluis.com\/wp-content\/uploads\/2023\/07\/cropped-apuntesdesanluis.png\",\"contentUrl\":\"https:\/\/apuntesdesanluis.com\/wp-content\/uploads\/2023\/07\/cropped-apuntesdesanluis.png\",\"width\":450,\"height\":112,\"caption\":\"apuntesdesanluis.com\"},\"logo\":{\"@id\":\"https:\/\/apuntesdesanluis.com\/#\/schema\/person\/image\/\"},\"sameAs\":[\"https:\/\/apuntesdesanluis.com\"],\"url\":\"https:\/\/apuntesdesanluis.com\/index.php\/author\/apuntesdesanluis-com\/\"}]}<\/script>\n<!-- \/ Yoast SEO plugin. -->","yoast_head_json":{"title":"CRONOGRAMA PRESIDENCIAL: DESAYUNO CON EL GABINETE, TEDEUM Y ACTO DE MAYO EN C\u00d3RDOBA - Apuntes de San Luis","robots":{"index":"index","follow":"follow","max-snippet":"max-snippet:-1","max-image-preview":"max-image-preview:large","max-video-preview":"max-video-preview:-1"},"canonical":"https:\/\/apuntesdesanluis.com\/index.php\/2024\/05\/24\/cronograma-presidencial-desayuno-con-el-gabinete-tedeum-y-acto-de-mayo-en-cordoba\/","og_locale":"es_ES","og_type":"article","og_title":"CRONOGRAMA PRESIDENCIAL: DESAYUNO CON EL GABINETE, TEDEUM Y ACTO DE MAYO EN C\u00d3RDOBA - Apuntes de San Luis","og_description":"Sin el Pacto de Mayo previsto para el 25 del mes, el presidente Javier Milei...","og_url":"https:\/\/apuntesdesanluis.com\/index.php\/2024\/05\/24\/cronograma-presidencial-desayuno-con-el-gabinete-tedeum-y-acto-de-mayo-en-cordoba\/","og_site_name":"Apuntes de San Luis","article_published_time":"2024-05-24T22:11:22+00:00","article_modified_time":"2024-05-25T02:14:34+00:00","og_image":[{"width":929,"height":521,"url":"https:\/\/apuntesdesanluis.com\/wp-content\/uploads\/2024\/05\/milei-en-el-balcon.png","type":"image\/png"}],"author":"apuntesdesanluis.com","twitter_card":"summary_large_image","twitter_misc":{"Escrito por":"apuntesdesanluis.com","Tiempo de lectura":"3 minutos"},"schema":{"@context":"https:\/\/schema.org","@graph":[{"@type":"Article","@id":"https:\/\/apuntesdesanluis.com\/index.php\/2024\/05\/24\/cronograma-presidencial-desayuno-con-el-gabinete-tedeum-y-acto-de-mayo-en-cordoba\/#article","isPartOf":{"@id":"https:\/\/apuntesdesanluis.com\/index.php\/2024\/05\/24\/cronograma-presidencial-desayuno-con-el-gabinete-tedeum-y-acto-de-mayo-en-cordoba\/"},"author":{"name":"apuntesdesanluis.com","@id":"https:\/\/apuntesdesanluis.com\/#\/schema\/person\/b55151d52296fcce64d1a72538a70b90"},"headline":"CRONOGRAMA PRESIDENCIAL: DESAYUNO CON EL GABINETE, TEDEUM Y ACTO DE MAYO EN C\u00d3RDOBA","datePublished":"2024-05-24T22:11:22+00:00","dateModified":"2024-05-25T02:14:34+00:00","mainEntityOfPage":{"@id":"https:\/\/apuntesdesanluis.com\/index.php\/2024\/05\/24\/cronograma-presidencial-desayuno-con-el-gabinete-tedeum-y-acto-de-mayo-en-cordoba\/"},"wordCount":590,"publisher":{"@id":"https:\/\/apuntesdesanluis.com\/#\/schema\/person\/b55151d52296fcce64d1a72538a70b90"},"image":{"@id":"https:\/\/apuntesdesanluis.com\/index.php\/2024\/05\/24\/cronograma-presidencial-desayuno-con-el-gabinete-tedeum-y-acto-de-mayo-en-cordoba\/#primaryimage"},"thumbnailUrl":"https:\/\/apuntesdesanluis.com\/wp-content\/uploads\/2024\/05\/milei-en-el-balcon.png","articleSection":["Nacionales\/Internacionales"],"inLanguage":"es-AR"},{"@type":"WebPage","@id":"https:\/\/apuntesdesanluis.com\/index.php\/2024\/05\/24\/cronograma-presidencial-desayuno-con-el-gabinete-tedeum-y-acto-de-mayo-en-cordoba\/","url":"https:\/\/apuntesdesanluis.com\/index.php\/2024\/05\/24\/cronograma-presidencial-desayuno-con-el-gabinete-tedeum-y-acto-de-mayo-en-cordoba\/","name":"CRONOGRAMA PRESIDENCIAL: DESAYUNO CON EL GABINETE, TEDEUM Y ACTO DE MAYO EN C\u00d3RDOBA - Apuntes de San Luis","isPartOf":{"@id":"https:\/\/apuntesdesanluis.com\/#website"},"primaryImageOfPage":{"@id":"https:\/\/apuntesdesanluis.com\/index.php\/2024\/05\/24\/cronograma-presidencial-desayuno-con-el-gabinete-tedeum-y-acto-de-mayo-en-cordoba\/#primaryimage"},"image":{"@id":"https:\/\/apuntesdesanluis.com\/index.php\/2024\/05\/24\/cronograma-presidencial-desayuno-con-el-gabinete-tedeum-y-acto-de-mayo-en-cordoba\/#primaryimage"},"thumbnailUrl":"https:\/\/apuntesdesanluis.com\/wp-content\/uploads\/2024\/05\/milei-en-el-balcon.png","datePublished":"2024-05-24T22:11:22+00:00","dateModified":"2024-05-25T02:14:34+00:00","breadcrumb":{"@id":"https:\/\/apuntesdesanluis.com\/index.php\/2024\/05\/24\/cronograma-presidencial-desayuno-con-el-gabinete-tedeum-y-acto-de-mayo-en-cordoba\/#breadcrumb"},"inLanguage":"es-AR","potentialAction":[{"@type":"ReadAction","target":["https:\/\/apuntesdesanluis.com\/index.php\/2024\/05\/24\/cronograma-presidencial-desayuno-con-el-gabinete-tedeum-y-acto-de-mayo-en-cordoba\/"]}]},{"@type":"ImageObject","inLanguage":"es-AR","@id":"https:\/\/apuntesdesanluis.com\/index.php\/2024\/05\/24\/cronograma-presidencial-desayuno-con-el-gabinete-tedeum-y-acto-de-mayo-en-cordoba\/#primaryimage","url":"https:\/\/apuntesdesanluis.com\/wp-content\/uploads\/2024\/05\/milei-en-el-balcon.png","contentUrl":"https:\/\/apuntesdesanluis.com\/wp-content\/uploads\/2024\/05\/milei-en-el-balcon.png","width":929,"height":521},{"@type":"BreadcrumbList","@id":"https:\/\/apuntesdesanluis.com\/index.php\/2024\/05\/24\/cronograma-presidencial-desayuno-con-el-gabinete-tedeum-y-acto-de-mayo-en-cordoba\/#breadcrumb","itemListElement":[{"@type":"ListItem","position":1,"name":"Inicio","item":"https:\/\/apuntesdesanluis.com\/"},{"@type":"ListItem","position":2,"name":"CRONOGRAMA PRESIDENCIAL: DESAYUNO CON EL GABINETE, TEDEUM Y ACTO DE MAYO EN C\u00d3RDOBA"}]},{"@type":"WebSite","@id":"https:\/\/apuntesdesanluis.com\/#website","url":"https:\/\/apuntesdesanluis.com\/","name":"Apuntes de San Luis","description":"","publisher":{"@id":"https:\/\/apuntesdesanluis.com\/#\/schema\/person\/b55151d52296fcce64d1a72538a70b90"},"potentialAction":[{"@type":"SearchAction","target":{"@type":"EntryPoint","urlTemplate":"https:\/\/apuntesdesanluis.com\/?s={search_term_string}"},"query-input":{"@type":"PropertyValueSpecification","valueRequired":true,"valueName":"search_term_string"}}],"inLanguage":"es-AR"},{"@type":["Person","Organization"],"@id":"https:\/\/apuntesdesanluis.com\/#\/schema\/person\/b55151d52296fcce64d1a72538a70b90","name":"apuntesdesanluis.com","image":{"@type":"ImageObject","inLanguage":"es-AR","@id":"https:\/\/apuntesdesanluis.com\/#\/schema\/person\/image\/","url":"https:\/\/apuntesdesanluis.com\/wp-content\/uploads\/2023\/07\/cropped-apuntesdesanluis.png","contentUrl":"https:\/\/apuntesdesanluis.com\/wp-content\/uploads\/2023\/07\/cropped-apuntesdesanluis.png","width":450,"height":112,"caption":"apuntesdesanluis.com"},"logo":{"@id":"https:\/\/apuntesdesanluis.com\/#\/schema\/person\/image\/"},"sameAs":["https:\/\/apuntesdesanluis.com"],"url":"https:\/\/apuntesdesanluis.com\/index.php\/author\/apuntesdesanluis-com\/"}]}},"featured_image_urls":{"full":["https:\/\/apuntesdesanluis.com\/wp-content\/uploads\/2024\/05\/milei-en-el-balcon.png",929,521,false],"thumbnail":["https:\/\/apuntesdesanluis.com\/wp-content\/uploads\/2024\/05\/milei-en-el-balcon-150x150.png",150,150,true],"medium":["https:\/\/apuntesdesanluis.com\/wp-content\/uploads\/2024\/05\/milei-en-el-balcon-300x168.png",300,168,true],"medium_large":["https:\/\/apuntesdesanluis.com\/wp-content\/uploads\/2024\/05\/milei-en-el-balcon-768x431.png",640,359,true],"large":["https:\/\/apuntesdesanluis.com\/wp-content\/uploads\/2024\/05\/milei-en-el-balcon.png",640,359,false],"1536x1536":["https:\/\/apuntesdesanluis.com\/wp-content\/uploads\/2024\/05\/milei-en-el-balcon.png",929,521,false],"2048x2048":["https:\/\/apuntesdesanluis.com\/wp-content\/uploads\/2024\/05\/milei-en-el-balcon.png",929,521,false],"newsever-slider-full":["https:\/\/apuntesdesanluis.com\/wp-content\/uploads\/2024\/05\/milei-en-el-balcon.png",929,521,false],"newsever-featured":["https:\/\/apuntesdesanluis.com\/wp-content\/uploads\/2024\/05\/milei-en-el-balcon.png",929,521,false],"newsever-medium":["https:\/\/apuntesdesanluis.com\/wp-content\/uploads\/2024\/05\/milei-en-el-balcon-720x475.png",720,475,true]},"author_info":{"display_name":"apuntesdesanluis.com","author_link":"https:\/\/apuntesdesanluis.com\/index.php\/author\/apuntesdesanluis-com\/"},"category_info":"<a href=\"https:\/\/apuntesdesanluis.com\/index.php\/category\/nacionales-internacionales\/\" rel=\"category tag\">Nacionales\/Internacionales<\/a>","tag_info":"Nacionales\/Internacionales","comment_count":"0","_links":{"self":[{"href":"https:\/\/apuntesdesanluis.com\/index.php\/wp-json\/wp\/v2\/posts\/16756","targetHints":{"allow":["GET"]}}],"collection":[{"href":"https:\/\/apuntesdesanluis.com\/index.php\/wp-json\/wp\/v2\/posts"}],"about":[{"href":"https:\/\/apuntesdesanluis.com\/index.php\/wp-json\/wp\/v2\/types\/post"}],"author":[{"embeddable":true,"href":"https:\/\/apuntesdesanluis.com\/index.php\/wp-json\/wp\/v2\/users\/1"}],"replies":[{"embeddable":true,"href":"https:\/\/apuntesdesanluis.com\/index.php\/wp-json\/wp\/v2\/comments?post=16756"}],"version-history":[{"count":2,"href":"https:\/\/apuntesdesanluis.com\/index.php\/wp-json\/wp\/v2\/posts\/16756\/revisions"}],"predecessor-version":[{"id":16759,"href":"https:\/\/apuntesdesanluis.com\/index.php\/wp-json\/wp\/v2\/posts\/16756\/revisions\/16759"}],"wp:featuredmedia":[{"embeddable":true,"href":"https:\/\/apuntesdesanluis.com\/index.php\/wp-json\/wp\/v2\/media\/16757"}],"wp:attachment":[{"href":"https:\/\/apuntesdesanluis.com\/index.php\/wp-json\/wp\/v2\/media?parent=16756"}],"wp:term":[{"taxonomy":"category","embeddable":true,"href":"https:\/\/apuntesdesanluis.com\/index.php\/wp-json\/wp\/v2\/categories?post=16756"},{"taxonomy":"post_tag","embeddable":true,"href":"https:\/\/apuntesdesanluis.com\/index.php\/wp-json\/wp\/v2\/tags?post=16756"}],"curies":[{"name":"wp","href":"https:\/\/api.w.org\/{rel}","templated":true}]}}