{"id":16766,"date":"2024-05-25T12:55:06","date_gmt":"2024-05-25T15:55:06","guid":{"rendered":"https:\/\/apuntesdesanluis.com\/?p=16766"},"modified":"2024-05-25T12:55:06","modified_gmt":"2024-05-25T15:55:06","slug":"patriotismo-y-emocion-en-la-vigilia-por-el-214-aniversario-de-la-revolucion-de-mayo","status":"publish","type":"post","link":"https:\/\/apuntesdesanluis.com\/index.php\/2024\/05\/25\/patriotismo-y-emocion-en-la-vigilia-por-el-214-aniversario-de-la-revolucion-de-mayo\/","title":{"rendered":"PATRIOTISMO Y EMOCI\u00d3N EN LA VIGILIA POR EL 214\u00b0 ANIVERSARIO DE LA REVOLUCI\u00d3N DE MAYO"},"content":{"rendered":"<h3>El acto fue encabezado por el intendente <strong>Maximiliano Frontera<\/strong>, acompa\u00f1ado por la viceintendenta Silvina Galetto, en instalaciones de la Casa de la Cultura, con la participaci\u00f3n de autoridades y legisladores locales y provinciales, los rectores Marcelo Sosa y Rudy C\u00e1mera, excombatientes y veteranos de Malvinas, instituciones y vecinos y vecinas.<\/h3>\n<p><img fetchpriority=\"high\" decoding=\"async\" class=\"wp-image-16778 aligncenter\" src=\"https:\/\/apuntesdesanluis.com\/wp-content\/uploads\/2024\/05\/acto-frontera-300x204.png\" alt=\"\" width=\"590\" height=\"401\" srcset=\"https:\/\/apuntesdesanluis.com\/wp-content\/uploads\/2024\/05\/acto-frontera-300x204.png 300w, https:\/\/apuntesdesanluis.com\/wp-content\/uploads\/2024\/05\/acto-frontera.png 600w\" sizes=\"(max-width: 590px) 100vw, 590px\" \/><\/p>\n<h3>La vigilia se inici\u00f3 a las 22:30 h, con la proyecci\u00f3n de una pel\u00edcula con m\u00fasica en vivo, aportada por los artistas C\u00e9sar Guerberoff, Agustin Mercau y Esteban \u00abToto\u00bb Ramos. Por su parte el cineasta Martin Ochoa coment\u00f3 detalles de la filmaci\u00f3n, en di\u00e1logo con el periodista Daniel Arce.<\/h3>\n<h3><img decoding=\"async\" class=\"wp-image-16779 aligncenter\" src=\"https:\/\/apuntesdesanluis.com\/wp-content\/uploads\/2024\/05\/acto-2-300x217.png\" alt=\"\" width=\"590\" height=\"427\" srcset=\"https:\/\/apuntesdesanluis.com\/wp-content\/uploads\/2024\/05\/acto-2-300x217.png 300w, https:\/\/apuntesdesanluis.com\/wp-content\/uploads\/2024\/05\/acto-2.png 694w\" sizes=\"(max-width: 590px) 100vw, 590px\" \/><\/h3>\n<h3>Tambi\u00e9n dijeron presente las academias de danzas La Patria, IFAL y Semblanza y la presentaci\u00f3n teatral del grupo Federico Garc\u00eda Lorca.<\/h3>\n<h3><img decoding=\"async\" class=\"wp-image-16780 aligncenter\" src=\"https:\/\/apuntesdesanluis.com\/wp-content\/uploads\/2024\/05\/acto-1-300x179.png\" alt=\"\" width=\"590\" height=\"352\" srcset=\"https:\/\/apuntesdesanluis.com\/wp-content\/uploads\/2024\/05\/acto-1-300x179.png 300w, https:\/\/apuntesdesanluis.com\/wp-content\/uploads\/2024\/05\/acto-1.png 692w\" sizes=\"(max-width: 590px) 100vw, 590px\" \/><\/h3>\n<h3>La Banda Musical de la V Brigada A\u00e9rea toc\u00f3 sus canciones y luego el Himno Nacional Argentino junto a la cantante Silvia C\u00e1mara Guillet.<\/h3>\n<h3><img loading=\"lazy\" decoding=\"async\" class=\"wp-image-16781 aligncenter\" src=\"https:\/\/apuntesdesanluis.com\/wp-content\/uploads\/2024\/05\/acto-4-300x185.png\" alt=\"\" width=\"589\" height=\"363\" srcset=\"https:\/\/apuntesdesanluis.com\/wp-content\/uploads\/2024\/05\/acto-4-300x185.png 300w, https:\/\/apuntesdesanluis.com\/wp-content\/uploads\/2024\/05\/acto-4.png 701w\" sizes=\"(max-width: 589px) 100vw, 589px\" \/><\/h3>\n<h3>En la parte final, en la sala central sonaron Los Juglares Folk y el p\u00fablico pudo disfrutar de un rico locro patrio.<\/h3>\n<h3><img loading=\"lazy\" decoding=\"async\" class=\"wp-image-16782 aligncenter\" src=\"https:\/\/apuntesdesanluis.com\/wp-content\/uploads\/2024\/05\/acto-3-300x179.png\" alt=\"\" width=\"590\" height=\"352\" srcset=\"https:\/\/apuntesdesanluis.com\/wp-content\/uploads\/2024\/05\/acto-3-300x179.png 300w, https:\/\/apuntesdesanluis.com\/wp-content\/uploads\/2024\/05\/acto-3.png 742w\" sizes=\"(max-width: 590px) 100vw, 590px\" \/><\/h3>\n<p><img loading=\"lazy\" decoding=\"async\" class=\"wp-image-16784 aligncenter\" src=\"https:\/\/apuntesdesanluis.com\/wp-content\/uploads\/2024\/05\/acto-6-300x189.png\" alt=\"\" width=\"590\" height=\"372\" srcset=\"https:\/\/apuntesdesanluis.com\/wp-content\/uploads\/2024\/05\/acto-6-300x189.png 300w, https:\/\/apuntesdesanluis.com\/wp-content\/uploads\/2024\/05\/acto-6.png 717w\" sizes=\"(max-width: 590px) 100vw, 590px\" \/><\/p>\n<h3>En la oportunidad, tambi\u00e9n se expusieron las obras del artista Carlos S\u00e1nchez Vacca.<\/h3>\n<p><img loading=\"lazy\" decoding=\"async\" class=\"wp-image-16783 aligncenter\" src=\"https:\/\/apuntesdesanluis.com\/wp-content\/uploads\/2024\/05\/acto-5-300x151.png\" alt=\"\" width=\"588\" height=\"296\" srcset=\"https:\/\/apuntesdesanluis.com\/wp-content\/uploads\/2024\/05\/acto-5-300x151.png 300w, https:\/\/apuntesdesanluis.com\/wp-content\/uploads\/2024\/05\/acto-5.png 731w\" sizes=\"(max-width: 588px) 100vw, 588px\" \/><\/p>\n<h3>Este s\u00e1bado 25 el acto central se realizar\u00e1, a diferencia de a\u00f1os anteriores, en el Palacio Municipal de los Deportes, a las 16:00 h.<\/h3>\n<p>&nbsp;<\/p>\n<p>&nbsp;<\/p>\n<p>&nbsp;<\/p>\n","protected":false},"excerpt":{"rendered":"<p>El acto fue encabezado por el intendente Maximiliano Frontera, acompa\u00f1ado por la viceintendenta Silvina Galetto,&#8230;<\/p>\n","protected":false},"author":1,"featured_media":16777,"comment_status":"closed","ping_status":"closed","sticky":false,"template":"","format":"standard","meta":{"footnotes":""},"categories":[6],"tags":[],"class_list":["post-16766","post","type-post","status-publish","format-standard","has-post-thumbnail","hentry","category-ciudad-provincia"],"yoast_head":"<!-- This site is optimized with the Yoast SEO plugin v26.1.1 - https:\/\/yoast.com\/wordpress\/plugins\/seo\/ -->\n<title>PATRIOTISMO Y EMOCI\u00d3N EN LA VIGILIA POR EL 214\u00b0 ANIVERSARIO DE LA REVOLUCI\u00d3N DE MAYO - Apuntes de San Luis<\/title>\n<meta name=\"robots\" content=\"index, follow, max-snippet:-1, max-image-preview:large, max-video-preview:-1\" \/>\n<link rel=\"canonical\" href=\"https:\/\/apuntesdesanluis.com\/index.php\/2024\/05\/25\/patriotismo-y-emocion-en-la-vigilia-por-el-214-aniversario-de-la-revolucion-de-mayo\/\" \/>\n<meta property=\"og:locale\" content=\"es_ES\" \/>\n<meta property=\"og:type\" content=\"article\" \/>\n<meta property=\"og:title\" content=\"PATRIOTISMO Y EMOCI\u00d3N EN LA VIGILIA POR EL 214\u00b0 ANIVERSARIO DE LA REVOLUCI\u00d3N DE MAYO - Apuntes de San Luis\" \/>\n<meta property=\"og:description\" content=\"El acto fue encabezado por el intendente Maximiliano Frontera, acompa\u00f1ado por la viceintendenta Silvina Galetto,...\" \/>\n<meta property=\"og:url\" content=\"https:\/\/apuntesdesanluis.com\/index.php\/2024\/05\/25\/patriotismo-y-emocion-en-la-vigilia-por-el-214-aniversario-de-la-revolucion-de-mayo\/\" \/>\n<meta property=\"og:site_name\" content=\"Apuntes de San Luis\" \/>\n<meta property=\"article:published_time\" content=\"2024-05-25T15:55:06+00:00\" \/>\n<meta property=\"og:image\" content=\"https:\/\/apuntesdesanluis.com\/wp-content\/uploads\/2024\/05\/acto-7.png\" \/>\n\t<meta property=\"og:image:width\" content=\"600\" \/>\n\t<meta property=\"og:image:height\" content=\"380\" \/>\n\t<meta property=\"og:image:type\" content=\"image\/png\" \/>\n<meta name=\"author\" content=\"apuntesdesanluis.com\" \/>\n<meta name=\"twitter:card\" content=\"summary_large_image\" \/>\n<meta name=\"twitter:label1\" content=\"Escrito por\" \/>\n\t<meta name=\"twitter:data1\" content=\"apuntesdesanluis.com\" \/>\n\t<meta name=\"twitter:label2\" content=\"Tiempo de lectura\" \/>\n\t<meta name=\"twitter:data2\" content=\"3 minutos\" \/>\n<script type=\"application\/ld+json\" class=\"yoast-schema-graph\">{\"@context\":\"https:\/\/schema.org\",\"@graph\":[{\"@type\":\"Article\",\"@id\":\"https:\/\/apuntesdesanluis.com\/index.php\/2024\/05\/25\/patriotismo-y-emocion-en-la-vigilia-por-el-214-aniversario-de-la-revolucion-de-mayo\/#article\",\"isPartOf\":{\"@id\":\"https:\/\/apuntesdesanluis.com\/index.php\/2024\/05\/25\/patriotismo-y-emocion-en-la-vigilia-por-el-214-aniversario-de-la-revolucion-de-mayo\/\"},\"author\":{\"name\":\"apuntesdesanluis.com\",\"@id\":\"https:\/\/apuntesdesanluis.com\/#\/schema\/person\/b55151d52296fcce64d1a72538a70b90\"},\"headline\":\"PATRIOTISMO Y EMOCI\u00d3N EN LA VIGILIA POR EL 214\u00b0 ANIVERSARIO DE LA REVOLUCI\u00d3N DE MAYO\",\"datePublished\":\"2024-05-25T15:55:06+00:00\",\"mainEntityOfPage\":{\"@id\":\"https:\/\/apuntesdesanluis.com\/index.php\/2024\/05\/25\/patriotismo-y-emocion-en-la-vigilia-por-el-214-aniversario-de-la-revolucion-de-mayo\/\"},\"wordCount\":238,\"publisher\":{\"@id\":\"https:\/\/apuntesdesanluis.com\/#\/schema\/person\/b55151d52296fcce64d1a72538a70b90\"},\"image\":{\"@id\":\"https:\/\/apuntesdesanluis.com\/index.php\/2024\/05\/25\/patriotismo-y-emocion-en-la-vigilia-por-el-214-aniversario-de-la-revolucion-de-mayo\/#primaryimage\"},\"thumbnailUrl\":\"https:\/\/apuntesdesanluis.com\/wp-content\/uploads\/2024\/05\/acto-7.png\",\"articleSection\":[\"Ciudad\/Provincia\"],\"inLanguage\":\"es-AR\"},{\"@type\":\"WebPage\",\"@id\":\"https:\/\/apuntesdesanluis.com\/index.php\/2024\/05\/25\/patriotismo-y-emocion-en-la-vigilia-por-el-214-aniversario-de-la-revolucion-de-mayo\/\",\"url\":\"https:\/\/apuntesdesanluis.com\/index.php\/2024\/05\/25\/patriotismo-y-emocion-en-la-vigilia-por-el-214-aniversario-de-la-revolucion-de-mayo\/\",\"name\":\"PATRIOTISMO Y EMOCI\u00d3N EN LA VIGILIA POR EL 214\u00b0 ANIVERSARIO DE LA REVOLUCI\u00d3N DE MAYO - Apuntes de San Luis\",\"isPartOf\":{\"@id\":\"https:\/\/apuntesdesanluis.com\/#website\"},\"primaryImageOfPage\":{\"@id\":\"https:\/\/apuntesdesanluis.com\/index.php\/2024\/05\/25\/patriotismo-y-emocion-en-la-vigilia-por-el-214-aniversario-de-la-revolucion-de-mayo\/#primaryimage\"},\"image\":{\"@id\":\"https:\/\/apuntesdesanluis.com\/index.php\/2024\/05\/25\/patriotismo-y-emocion-en-la-vigilia-por-el-214-aniversario-de-la-revolucion-de-mayo\/#primaryimage\"},\"thumbnailUrl\":\"https:\/\/apuntesdesanluis.com\/wp-content\/uploads\/2024\/05\/acto-7.png\",\"datePublished\":\"2024-05-25T15:55:06+00:00\",\"breadcrumb\":{\"@id\":\"https:\/\/apuntesdesanluis.com\/index.php\/2024\/05\/25\/patriotismo-y-emocion-en-la-vigilia-por-el-214-aniversario-de-la-revolucion-de-mayo\/#breadcrumb\"},\"inLanguage\":\"es-AR\",\"potentialAction\":[{\"@type\":\"ReadAction\",\"target\":[\"https:\/\/apuntesdesanluis.com\/index.php\/2024\/05\/25\/patriotismo-y-emocion-en-la-vigilia-por-el-214-aniversario-de-la-revolucion-de-mayo\/\"]}]},{\"@type\":\"ImageObject\",\"inLanguage\":\"es-AR\",\"@id\":\"https:\/\/apuntesdesanluis.com\/index.php\/2024\/05\/25\/patriotismo-y-emocion-en-la-vigilia-por-el-214-aniversario-de-la-revolucion-de-mayo\/#primaryimage\",\"url\":\"https:\/\/apuntesdesanluis.com\/wp-content\/uploads\/2024\/05\/acto-7.png\",\"contentUrl\":\"https:\/\/apuntesdesanluis.com\/wp-content\/uploads\/2024\/05\/acto-7.png\",\"width\":600,\"height\":380},{\"@type\":\"BreadcrumbList\",\"@id\":\"https:\/\/apuntesdesanluis.com\/index.php\/2024\/05\/25\/patriotismo-y-emocion-en-la-vigilia-por-el-214-aniversario-de-la-revolucion-de-mayo\/#breadcrumb\",\"itemListElement\":[{\"@type\":\"ListItem\",\"position\":1,\"name\":\"Inicio\",\"item\":\"https:\/\/apuntesdesanluis.com\/\"},{\"@type\":\"ListItem\",\"position\":2,\"name\":\"PATRIOTISMO Y EMOCI\u00d3N EN LA VIGILIA POR EL 214\u00b0 ANIVERSARIO DE LA REVOLUCI\u00d3N DE MAYO\"}]},{\"@type\":\"WebSite\",\"@id\":\"https:\/\/apuntesdesanluis.com\/#website\",\"url\":\"https:\/\/apuntesdesanluis.com\/\",\"name\":\"Apuntes de San Luis\",\"description\":\"\",\"publisher\":{\"@id\":\"https:\/\/apuntesdesanluis.com\/#\/schema\/person\/b55151d52296fcce64d1a72538a70b90\"},\"potentialAction\":[{\"@type\":\"SearchAction\",\"target\":{\"@type\":\"EntryPoint\",\"urlTemplate\":\"https:\/\/apuntesdesanluis.com\/?s={search_term_string}\"},\"query-input\":{\"@type\":\"PropertyValueSpecification\",\"valueRequired\":true,\"valueName\":\"search_term_string\"}}],\"inLanguage\":\"es-AR\"},{\"@type\":[\"Person\",\"Organization\"],\"@id\":\"https:\/\/apuntesdesanluis.com\/#\/schema\/person\/b55151d52296fcce64d1a72538a70b90\",\"name\":\"apuntesdesanluis.com\",\"image\":{\"@type\":\"ImageObject\",\"inLanguage\":\"es-AR\",\"@id\":\"https:\/\/apuntesdesanluis.com\/#\/schema\/person\/image\/\",\"url\":\"https:\/\/apuntesdesanluis.com\/wp-content\/uploads\/2023\/07\/cropped-apuntesdesanluis.png\",\"contentUrl\":\"https:\/\/apuntesdesanluis.com\/wp-content\/uploads\/2023\/07\/cropped-apuntesdesanluis.png\",\"width\":450,\"height\":112,\"caption\":\"apuntesdesanluis.com\"},\"logo\":{\"@id\":\"https:\/\/apuntesdesanluis.com\/#\/schema\/person\/image\/\"},\"sameAs\":[\"https:\/\/apuntesdesanluis.com\"],\"url\":\"https:\/\/apuntesdesanluis.com\/index.php\/author\/apuntesdesanluis-com\/\"}]}<\/script>\n<!-- \/ Yoast SEO plugin. -->","yoast_head_json":{"title":"PATRIOTISMO Y EMOCI\u00d3N EN LA VIGILIA POR EL 214\u00b0 ANIVERSARIO DE LA REVOLUCI\u00d3N DE MAYO - Apuntes de San Luis","robots":{"index":"index","follow":"follow","max-snippet":"max-snippet:-1","max-image-preview":"max-image-preview:large","max-video-preview":"max-video-preview:-1"},"canonical":"https:\/\/apuntesdesanluis.com\/index.php\/2024\/05\/25\/patriotismo-y-emocion-en-la-vigilia-por-el-214-aniversario-de-la-revolucion-de-mayo\/","og_locale":"es_ES","og_type":"article","og_title":"PATRIOTISMO Y EMOCI\u00d3N EN LA VIGILIA POR EL 214\u00b0 ANIVERSARIO DE LA REVOLUCI\u00d3N DE MAYO - Apuntes de San Luis","og_description":"El acto fue encabezado por el intendente Maximiliano Frontera, acompa\u00f1ado por la viceintendenta Silvina Galetto,...","og_url":"https:\/\/apuntesdesanluis.com\/index.php\/2024\/05\/25\/patriotismo-y-emocion-en-la-vigilia-por-el-214-aniversario-de-la-revolucion-de-mayo\/","og_site_name":"Apuntes de San Luis","article_published_time":"2024-05-25T15:55:06+00:00","og_image":[{"width":600,"height":380,"url":"https:\/\/apuntesdesanluis.com\/wp-content\/uploads\/2024\/05\/acto-7.png","type":"image\/png"}],"author":"apuntesdesanluis.com","twitter_card":"summary_large_image","twitter_misc":{"Escrito por":"apuntesdesanluis.com","Tiempo de lectura":"3 minutos"},"schema":{"@context":"https:\/\/schema.org","@graph":[{"@type":"Article","@id":"https:\/\/apuntesdesanluis.com\/index.php\/2024\/05\/25\/patriotismo-y-emocion-en-la-vigilia-por-el-214-aniversario-de-la-revolucion-de-mayo\/#article","isPartOf":{"@id":"https:\/\/apuntesdesanluis.com\/index.php\/2024\/05\/25\/patriotismo-y-emocion-en-la-vigilia-por-el-214-aniversario-de-la-revolucion-de-mayo\/"},"author":{"name":"apuntesdesanluis.com","@id":"https:\/\/apuntesdesanluis.com\/#\/schema\/person\/b55151d52296fcce64d1a72538a70b90"},"headline":"PATRIOTISMO Y EMOCI\u00d3N EN LA VIGILIA POR EL 214\u00b0 ANIVERSARIO DE LA REVOLUCI\u00d3N DE MAYO","datePublished":"2024-05-25T15:55:06+00:00","mainEntityOfPage":{"@id":"https:\/\/apuntesdesanluis.com\/index.php\/2024\/05\/25\/patriotismo-y-emocion-en-la-vigilia-por-el-214-aniversario-de-la-revolucion-de-mayo\/"},"wordCount":238,"publisher":{"@id":"https:\/\/apuntesdesanluis.com\/#\/schema\/person\/b55151d52296fcce64d1a72538a70b90"},"image":{"@id":"https:\/\/apuntesdesanluis.com\/index.php\/2024\/05\/25\/patriotismo-y-emocion-en-la-vigilia-por-el-214-aniversario-de-la-revolucion-de-mayo\/#primaryimage"},"thumbnailUrl":"https:\/\/apuntesdesanluis.com\/wp-content\/uploads\/2024\/05\/acto-7.png","articleSection":["Ciudad\/Provincia"],"inLanguage":"es-AR"},{"@type":"WebPage","@id":"https:\/\/apuntesdesanluis.com\/index.php\/2024\/05\/25\/patriotismo-y-emocion-en-la-vigilia-por-el-214-aniversario-de-la-revolucion-de-mayo\/","url":"https:\/\/apuntesdesanluis.com\/index.php\/2024\/05\/25\/patriotismo-y-emocion-en-la-vigilia-por-el-214-aniversario-de-la-revolucion-de-mayo\/","name":"PATRIOTISMO Y EMOCI\u00d3N EN LA VIGILIA POR EL 214\u00b0 ANIVERSARIO DE LA REVOLUCI\u00d3N DE MAYO - Apuntes de San Luis","isPartOf":{"@id":"https:\/\/apuntesdesanluis.com\/#website"},"primaryImageOfPage":{"@id":"https:\/\/apuntesdesanluis.com\/index.php\/2024\/05\/25\/patriotismo-y-emocion-en-la-vigilia-por-el-214-aniversario-de-la-revolucion-de-mayo\/#primaryimage"},"image":{"@id":"https:\/\/apuntesdesanluis.com\/index.php\/2024\/05\/25\/patriotismo-y-emocion-en-la-vigilia-por-el-214-aniversario-de-la-revolucion-de-mayo\/#primaryimage"},"thumbnailUrl":"https:\/\/apuntesdesanluis.com\/wp-content\/uploads\/2024\/05\/acto-7.png","datePublished":"2024-05-25T15:55:06+00:00","breadcrumb":{"@id":"https:\/\/apuntesdesanluis.com\/index.php\/2024\/05\/25\/patriotismo-y-emocion-en-la-vigilia-por-el-214-aniversario-de-la-revolucion-de-mayo\/#breadcrumb"},"inLanguage":"es-AR","potentialAction":[{"@type":"ReadAction","target":["https:\/\/apuntesdesanluis.com\/index.php\/2024\/05\/25\/patriotismo-y-emocion-en-la-vigilia-por-el-214-aniversario-de-la-revolucion-de-mayo\/"]}]},{"@type":"ImageObject","inLanguage":"es-AR","@id":"https:\/\/apuntesdesanluis.com\/index.php\/2024\/05\/25\/patriotismo-y-emocion-en-la-vigilia-por-el-214-aniversario-de-la-revolucion-de-mayo\/#primaryimage","url":"https:\/\/apuntesdesanluis.com\/wp-content\/uploads\/2024\/05\/acto-7.png","contentUrl":"https:\/\/apuntesdesanluis.com\/wp-content\/uploads\/2024\/05\/acto-7.png","width":600,"height":380},{"@type":"BreadcrumbList","@id":"https:\/\/apuntesdesanluis.com\/index.php\/2024\/05\/25\/patriotismo-y-emocion-en-la-vigilia-por-el-214-aniversario-de-la-revolucion-de-mayo\/#breadcrumb","itemListElement":[{"@type":"ListItem","position":1,"name":"Inicio","item":"https:\/\/apuntesdesanluis.com\/"},{"@type":"ListItem","position":2,"name":"PATRIOTISMO Y EMOCI\u00d3N EN LA VIGILIA POR EL 214\u00b0 ANIVERSARIO DE LA REVOLUCI\u00d3N DE MAYO"}]},{"@type":"WebSite","@id":"https:\/\/apuntesdesanluis.com\/#website","url":"https:\/\/apuntesdesanluis.com\/","name":"Apuntes de San Luis","description":"","publisher":{"@id":"https:\/\/apuntesdesanluis.com\/#\/schema\/person\/b55151d52296fcce64d1a72538a70b90"},"potentialAction":[{"@type":"SearchAction","target":{"@type":"EntryPoint","urlTemplate":"https:\/\/apuntesdesanluis.com\/?s={search_term_string}"},"query-input":{"@type":"PropertyValueSpecification","valueRequired":true,"valueName":"search_term_string"}}],"inLanguage":"es-AR"},{"@type":["Person","Organization"],"@id":"https:\/\/apuntesdesanluis.com\/#\/schema\/person\/b55151d52296fcce64d1a72538a70b90","name":"apuntesdesanluis.com","image":{"@type":"ImageObject","inLanguage":"es-AR","@id":"https:\/\/apuntesdesanluis.com\/#\/schema\/person\/image\/","url":"https:\/\/apuntesdesanluis.com\/wp-content\/uploads\/2023\/07\/cropped-apuntesdesanluis.png","contentUrl":"https:\/\/apuntesdesanluis.com\/wp-content\/uploads\/2023\/07\/cropped-apuntesdesanluis.png","width":450,"height":112,"caption":"apuntesdesanluis.com"},"logo":{"@id":"https:\/\/apuntesdesanluis.com\/#\/schema\/person\/image\/"},"sameAs":["https:\/\/apuntesdesanluis.com"],"url":"https:\/\/apuntesdesanluis.com\/index.php\/author\/apuntesdesanluis-com\/"}]}},"featured_image_urls":{"full":["https:\/\/apuntesdesanluis.com\/wp-content\/uploads\/2024\/05\/acto-7.png",600,380,false],"thumbnail":["https:\/\/apuntesdesanluis.com\/wp-content\/uploads\/2024\/05\/acto-7-150x150.png",150,150,true],"medium":["https:\/\/apuntesdesanluis.com\/wp-content\/uploads\/2024\/05\/acto-7-300x190.png",300,190,true],"medium_large":["https:\/\/apuntesdesanluis.com\/wp-content\/uploads\/2024\/05\/acto-7.png",600,380,false],"large":["https:\/\/apuntesdesanluis.com\/wp-content\/uploads\/2024\/05\/acto-7.png",600,380,false],"1536x1536":["https:\/\/apuntesdesanluis.com\/wp-content\/uploads\/2024\/05\/acto-7.png",600,380,false],"2048x2048":["https:\/\/apuntesdesanluis.com\/wp-content\/uploads\/2024\/05\/acto-7.png",600,380,false],"newsever-slider-full":["https:\/\/apuntesdesanluis.com\/wp-content\/uploads\/2024\/05\/acto-7.png",600,380,false],"newsever-featured":["https:\/\/apuntesdesanluis.com\/wp-content\/uploads\/2024\/05\/acto-7.png",600,380,false],"newsever-medium":["https:\/\/apuntesdesanluis.com\/wp-content\/uploads\/2024\/05\/acto-7.png",600,380,false]},"author_info":{"display_name":"apuntesdesanluis.com","author_link":"https:\/\/apuntesdesanluis.com\/index.php\/author\/apuntesdesanluis-com\/"},"category_info":"<a href=\"https:\/\/apuntesdesanluis.com\/index.php\/category\/ciudad-provincia\/\" rel=\"category tag\">Ciudad\/Provincia<\/a>","tag_info":"Ciudad\/Provincia","comment_count":"0","_links":{"self":[{"href":"https:\/\/apuntesdesanluis.com\/index.php\/wp-json\/wp\/v2\/posts\/16766","targetHints":{"allow":["GET"]}}],"collection":[{"href":"https:\/\/apuntesdesanluis.com\/index.php\/wp-json\/wp\/v2\/posts"}],"about":[{"href":"https:\/\/apuntesdesanluis.com\/index.php\/wp-json\/wp\/v2\/types\/post"}],"author":[{"embeddable":true,"href":"https:\/\/apuntesdesanluis.com\/index.php\/wp-json\/wp\/v2\/users\/1"}],"replies":[{"embeddable":true,"href":"https:\/\/apuntesdesanluis.com\/index.php\/wp-json\/wp\/v2\/comments?post=16766"}],"version-history":[{"count":2,"href":"https:\/\/apuntesdesanluis.com\/index.php\/wp-json\/wp\/v2\/posts\/16766\/revisions"}],"predecessor-version":[{"id":16785,"href":"https:\/\/apuntesdesanluis.com\/index.php\/wp-json\/wp\/v2\/posts\/16766\/revisions\/16785"}],"wp:featuredmedia":[{"embeddable":true,"href":"https:\/\/apuntesdesanluis.com\/index.php\/wp-json\/wp\/v2\/media\/16777"}],"wp:attachment":[{"href":"https:\/\/apuntesdesanluis.com\/index.php\/wp-json\/wp\/v2\/media?parent=16766"}],"wp:term":[{"taxonomy":"category","embeddable":true,"href":"https:\/\/apuntesdesanluis.com\/index.php\/wp-json\/wp\/v2\/categories?post=16766"},{"taxonomy":"post_tag","embeddable":true,"href":"https:\/\/apuntesdesanluis.com\/index.php\/wp-json\/wp\/v2\/tags?post=16766"}],"curies":[{"name":"wp","href":"https:\/\/api.w.org\/{rel}","templated":true}]}}