{"id":16768,"date":"2024-05-25T12:58:05","date_gmt":"2024-05-25T15:58:05","guid":{"rendered":"https:\/\/apuntesdesanluis.com\/?p=16768"},"modified":"2024-05-25T13:03:56","modified_gmt":"2024-05-25T16:03:56","slug":"hay-que-construir-activamente-la-patria-aqui-y-ahora","status":"publish","type":"post","link":"https:\/\/apuntesdesanluis.com\/index.php\/2024\/05\/25\/hay-que-construir-activamente-la-patria-aqui-y-ahora\/","title":{"rendered":"\u201cHAY QUE CONSTRUIR ACTIVAMENTE LA PATRIA, AQU\u00cd Y AHORA\u201d"},"content":{"rendered":"<h3>\u00c9se fue el mensaje central de la homil\u00eda de monse\u00f1or <strong>Gabriel Barba<\/strong> en el Tedeum por el D\u00eda de la Patria. \u201cTomo las palabras del obispo, que nos sirvan para regenerar este legado y mirar al futuro con esperanza y mucho trabajo para la Argentina\u201d, dijo <strong>Claudio Poggi<\/strong>.<\/h3>\n<h3>A las 9:30, la banda de m\u00fasica del Ej\u00e9rcito Argentino rompi\u00f3 el silencio de la g\u00e9lida ma\u00f1ana en el centro puntano para recibir al gobernador Claudio Poggi, que lleg\u00f3 junto a una comitiva de funcionarios a la Iglesia Catedral para participar del Tedeum en honor al D\u00eda de la Patria.<\/h3>\n<p><img fetchpriority=\"high\" decoding=\"async\" class=\"wp-image-16770 aligncenter\" src=\"https:\/\/apuntesdesanluis.com\/wp-content\/uploads\/2024\/05\/barba-saluda-a-poggi-300x200.jpg\" alt=\"\" width=\"593\" height=\"395\" srcset=\"https:\/\/apuntesdesanluis.com\/wp-content\/uploads\/2024\/05\/barba-saluda-a-poggi-300x200.jpg 300w, https:\/\/apuntesdesanluis.com\/wp-content\/uploads\/2024\/05\/barba-saluda-a-poggi.jpg 700w\" sizes=\"(max-width: 593px) 100vw, 593px\" \/><\/p>\n<h3>En un claro mensaje para quienes nos gobiernan, el obispo de San Luis, monse\u00f1or Gabriel Barba, abog\u00f3 en su homil\u00eda por \u201cel cuidado de la casa com\u00fan, de la humanidad toda, sin distinciones\u2026. No somos due\u00f1os para hacer lo que se nos ocurra, debemos ser fieles administradores de lo que hemos recibido y debemos entregar\u201d.<\/h3>\n<h3>\u201cLos patriotas que hicieron posible estos actos de libertad y de identidad emancipada justamente superaron sus intereses individuales con una visi\u00f3n m\u00e1s grande, que es la del bien com\u00fan, la de la fraternidad. Que se concreta en acciones arriesgadas y decididas hacia un bien mayor\u201d, sostuvo el obispo, y mencion\u00f3 que los gobernantes deben jug\u00e1rsela. Tambi\u00e9n fue cr\u00edtico a los tiempos que corren: \u201cHoy la Patria sufre y nos hace doler porque muchos hermanos y hermanas nuestros sufren. Desde hace muchos a\u00f1os vamos en una direcci\u00f3n que no logra revertir hacia una mejor estabilidad social que incluya el cuidado de cada persona en salud, educaci\u00f3n, acceso al trabajo, vivienda, por lo tanto, en su dignidad, desarrollo y libertad\u201d.<\/h3>\n<h3>Por eso pidi\u00f3 pensar a la celebraci\u00f3n patria como un momento para \u201crecordar el pasado para reconocer nuestras ra\u00edces, pero construyendo activamente la Patria aqu\u00ed y ahora. Proyectando con una mirada amplia y no mezquina comprometidos en la construcci\u00f3n de una sociedad m\u00e1s justa y equitativa. Que no deje a nadie afuera\u201d.<\/h3>\n<h3>Tras cantar el solemne himno Tedeum, Barba cerr\u00f3 la celebraci\u00f3n con un \u201cViva la Patria\u201d, que reson\u00f3 en todo el recinto.<\/h3>\n<h3>\u201cTomo las palabras del obispo, que nos sirvan para regenerar este legado y mirar al futuro con esperanza y mucho trabajo para la Argentina. \u00c9se tiene que ser nuestro ejemplo\u201d, dijo el Primer Mandatario al concluir la celebraci\u00f3n.<\/h3>\n<p><img decoding=\"async\" class=\"wp-image-16771 aligncenter\" src=\"https:\/\/apuntesdesanluis.com\/wp-content\/uploads\/2024\/05\/Poggi-300x188.jpg\" alt=\"\" width=\"594\" height=\"372\" srcset=\"https:\/\/apuntesdesanluis.com\/wp-content\/uploads\/2024\/05\/Poggi-300x188.jpg 300w, https:\/\/apuntesdesanluis.com\/wp-content\/uploads\/2024\/05\/Poggi.jpg 700w\" sizes=\"(max-width: 594px) 100vw, 594px\" \/><\/p>\n<h3>Adem\u00e1s de Poggi estuvieron presentes el vicegobernador, Ricardo Endeiza, el intendente de la ciudad de San Luis, Gaston Hissa, representantes de la C\u00e1mara de Diputados, del Superior Tribunal de Justicia, autoridades militares y policiales y legisladores.<\/h3>\n<h3>Ti\u00f1eron de colores patrios las banderas de ceremonia de los colegios Santa Mar\u00eda, San Luis Gonzaga, Aleluya, Juan Pascual Pringles, Juan Cris\u00f3stomo Lafinur, Paula Dom\u00ednguez de Baz\u00e1n, Don Bosco y del Instituto Santo Tomas de Aquino, sumadas a las del Ej\u00e9rcito, de la Polic\u00eda provincial, de la Polic\u00eda Federal y del Servicio Penitenciario.<\/h3>\n<p><iframe title=\"Claudio Poggi, gobernador de San Luis - Tedeum\" width=\"640\" height=\"360\" src=\"https:\/\/www.youtube.com\/embed\/OVbglYF7eZg?feature=oembed\" frameborder=\"0\" allow=\"accelerometer; autoplay; clipboard-write; encrypted-media; gyroscope; picture-in-picture; web-share\" referrerpolicy=\"strict-origin-when-cross-origin\" allowfullscreen><\/iframe><\/p>\n<h3><strong>ACTOS<\/strong><\/h3>\n<h3>Las actividades comenzaron con el izamiento de la Bandera Argentina en la plaza c\u00edvica de la Casa de Gobierno, a partir de las 8:30.<\/h3>\n<h3><img decoding=\"async\" class=\"wp-image-16772 aligncenter\" src=\"https:\/\/apuntesdesanluis.com\/wp-content\/uploads\/2024\/05\/endeiza-300x182.jpg\" alt=\"\" width=\"640\" height=\"388\" srcset=\"https:\/\/apuntesdesanluis.com\/wp-content\/uploads\/2024\/05\/endeiza-300x182.jpg 300w, https:\/\/apuntesdesanluis.com\/wp-content\/uploads\/2024\/05\/endeiza-768x466.jpg 768w, https:\/\/apuntesdesanluis.com\/wp-content\/uploads\/2024\/05\/endeiza.jpg 946w\" sizes=\"(max-width: 640px) 100vw, 640px\" \/><\/h3>\n<h3>El acto fue encabezado por el Vicegobernador <strong>Ricardo Endeiza<\/strong>, autoridades del Gabinete provincial, legisladores y efectivos de las fuerzas de seguridad. El acto patri\u00f3tico se desarroll\u00f3 al son de las estrofas del Himno Nacional Argentino, interpretado por la Banda de la Polic\u00eda de San Luis.<\/h3>\n<h3><img loading=\"lazy\" decoding=\"async\" class=\"wp-image-16773 aligncenter\" src=\"https:\/\/apuntesdesanluis.com\/wp-content\/uploads\/2024\/05\/terrazas-300x200.jpg\" alt=\"\" width=\"638\" height=\"425\" srcset=\"https:\/\/apuntesdesanluis.com\/wp-content\/uploads\/2024\/05\/terrazas-300x200.jpg 300w, https:\/\/apuntesdesanluis.com\/wp-content\/uploads\/2024\/05\/terrazas.jpg 700w\" sizes=\"(max-width: 638px) 100vw, 638px\" \/><\/h3>\n<h3>Posteriormente a las 09:30 se desarroll\u00f3 el Tedeum en la Iglesia Catedral, oficiado por el obispo Gabriel Barba, con la participaci\u00f3n del gobernador Claudio Poggi y el intendente de San Luis Gast\u00f3n Hissa.<\/h3>\n<h3>A las 11:00 h est\u00e1 previsto el Desfile C\u00edvico Militar en avenida Espa\u00f1a entre San Mart\u00edn y Rivadavia. En tanto que a las 18:00 h est\u00e1 planificado el arr\u00edo de la Bandera Nacional, en la Plaza C\u00edvica de la Casa de Gobierno.<\/h3>\n<h3><img loading=\"lazy\" decoding=\"async\" class=\"wp-image-16774 aligncenter\" src=\"https:\/\/apuntesdesanluis.com\/wp-content\/uploads\/2024\/05\/vigilia-300x200.jpg\" alt=\"\" width=\"638\" height=\"425\" srcset=\"https:\/\/apuntesdesanluis.com\/wp-content\/uploads\/2024\/05\/vigilia-300x200.jpg 300w, https:\/\/apuntesdesanluis.com\/wp-content\/uploads\/2024\/05\/vigilia.jpg 700w\" sizes=\"(max-width: 638px) 100vw, 638px\" \/><\/h3>\n<h3>Los actos conmemorativos comenzaron con una velada que se desarroll\u00f3 en la noche del viernes, en el Cine Teatro San Luis, encabezada por el primer mandatario.<\/h3>\n<h3><img loading=\"lazy\" decoding=\"async\" class=\"wp-image-16775 aligncenter\" src=\"https:\/\/apuntesdesanluis.com\/wp-content\/uploads\/2024\/05\/velada-300x156.png\" alt=\"\" width=\"637\" height=\"331\" srcset=\"https:\/\/apuntesdesanluis.com\/wp-content\/uploads\/2024\/05\/velada-300x156.png 300w, https:\/\/apuntesdesanluis.com\/wp-content\/uploads\/2024\/05\/velada.png 600w\" sizes=\"(max-width: 637px) 100vw, 637px\" \/><\/h3>\n<h3>Participaron la Banda Militar \u2018Juan Pascual Pringles\u2019, grupos musicales y academias de baile.<\/h3>\n<p>&nbsp;<\/p>\n<p>&nbsp;<\/p>\n<p>&nbsp;<\/p>\n","protected":false},"excerpt":{"rendered":"<p>\u00c9se fue el mensaje central de la homil\u00eda de monse\u00f1or Gabriel Barba en el Tedeum&#8230;<\/p>\n","protected":false},"author":1,"featured_media":16769,"comment_status":"closed","ping_status":"closed","sticky":false,"template":"","format":"standard","meta":{"footnotes":""},"categories":[6],"tags":[],"class_list":["post-16768","post","type-post","status-publish","format-standard","has-post-thumbnail","hentry","category-ciudad-provincia"],"yoast_head":"<!-- This site is optimized with the Yoast SEO plugin v26.1.1 - https:\/\/yoast.com\/wordpress\/plugins\/seo\/ -->\n<title>\u201cHAY QUE CONSTRUIR ACTIVAMENTE LA PATRIA, AQU\u00cd Y AHORA\u201d - Apuntes de San Luis<\/title>\n<meta name=\"robots\" content=\"index, follow, max-snippet:-1, max-image-preview:large, max-video-preview:-1\" \/>\n<link rel=\"canonical\" href=\"https:\/\/apuntesdesanluis.com\/index.php\/2024\/05\/25\/hay-que-construir-activamente-la-patria-aqui-y-ahora\/\" \/>\n<meta property=\"og:locale\" content=\"es_ES\" \/>\n<meta property=\"og:type\" content=\"article\" \/>\n<meta property=\"og:title\" content=\"\u201cHAY QUE CONSTRUIR ACTIVAMENTE LA PATRIA, AQU\u00cd Y AHORA\u201d - Apuntes de San Luis\" \/>\n<meta property=\"og:description\" content=\"\u00c9se fue el mensaje central de la homil\u00eda de monse\u00f1or Gabriel Barba en el Tedeum...\" \/>\n<meta property=\"og:url\" content=\"https:\/\/apuntesdesanluis.com\/index.php\/2024\/05\/25\/hay-que-construir-activamente-la-patria-aqui-y-ahora\/\" \/>\n<meta property=\"og:site_name\" content=\"Apuntes de San Luis\" \/>\n<meta property=\"article:published_time\" content=\"2024-05-25T15:58:05+00:00\" \/>\n<meta property=\"article:modified_time\" content=\"2024-05-25T16:03:56+00:00\" \/>\n<meta property=\"og:image\" content=\"https:\/\/apuntesdesanluis.com\/wp-content\/uploads\/2024\/05\/obispo.png\" \/>\n\t<meta property=\"og:image:width\" content=\"700\" \/>\n\t<meta property=\"og:image:height\" content=\"384\" \/>\n\t<meta property=\"og:image:type\" content=\"image\/png\" \/>\n<meta name=\"author\" content=\"apuntesdesanluis.com\" \/>\n<meta name=\"twitter:card\" content=\"summary_large_image\" \/>\n<meta name=\"twitter:label1\" content=\"Escrito por\" \/>\n\t<meta name=\"twitter:data1\" content=\"apuntesdesanluis.com\" \/>\n\t<meta name=\"twitter:label2\" content=\"Tiempo de lectura\" \/>\n\t<meta name=\"twitter:data2\" content=\"5 minutos\" \/>\n<script type=\"application\/ld+json\" class=\"yoast-schema-graph\">{\"@context\":\"https:\/\/schema.org\",\"@graph\":[{\"@type\":\"Article\",\"@id\":\"https:\/\/apuntesdesanluis.com\/index.php\/2024\/05\/25\/hay-que-construir-activamente-la-patria-aqui-y-ahora\/#article\",\"isPartOf\":{\"@id\":\"https:\/\/apuntesdesanluis.com\/index.php\/2024\/05\/25\/hay-que-construir-activamente-la-patria-aqui-y-ahora\/\"},\"author\":{\"name\":\"apuntesdesanluis.com\",\"@id\":\"https:\/\/apuntesdesanluis.com\/#\/schema\/person\/b55151d52296fcce64d1a72538a70b90\"},\"headline\":\"\u201cHAY QUE CONSTRUIR ACTIVAMENTE LA PATRIA, AQU\u00cd Y AHORA\u201d\",\"datePublished\":\"2024-05-25T15:58:05+00:00\",\"dateModified\":\"2024-05-25T16:03:56+00:00\",\"mainEntityOfPage\":{\"@id\":\"https:\/\/apuntesdesanluis.com\/index.php\/2024\/05\/25\/hay-que-construir-activamente-la-patria-aqui-y-ahora\/\"},\"wordCount\":716,\"publisher\":{\"@id\":\"https:\/\/apuntesdesanluis.com\/#\/schema\/person\/b55151d52296fcce64d1a72538a70b90\"},\"image\":{\"@id\":\"https:\/\/apuntesdesanluis.com\/index.php\/2024\/05\/25\/hay-que-construir-activamente-la-patria-aqui-y-ahora\/#primaryimage\"},\"thumbnailUrl\":\"https:\/\/apuntesdesanluis.com\/wp-content\/uploads\/2024\/05\/obispo.png\",\"articleSection\":[\"Ciudad\/Provincia\"],\"inLanguage\":\"es-AR\"},{\"@type\":\"WebPage\",\"@id\":\"https:\/\/apuntesdesanluis.com\/index.php\/2024\/05\/25\/hay-que-construir-activamente-la-patria-aqui-y-ahora\/\",\"url\":\"https:\/\/apuntesdesanluis.com\/index.php\/2024\/05\/25\/hay-que-construir-activamente-la-patria-aqui-y-ahora\/\",\"name\":\"\u201cHAY QUE CONSTRUIR ACTIVAMENTE LA PATRIA, AQU\u00cd Y AHORA\u201d - Apuntes de San Luis\",\"isPartOf\":{\"@id\":\"https:\/\/apuntesdesanluis.com\/#website\"},\"primaryImageOfPage\":{\"@id\":\"https:\/\/apuntesdesanluis.com\/index.php\/2024\/05\/25\/hay-que-construir-activamente-la-patria-aqui-y-ahora\/#primaryimage\"},\"image\":{\"@id\":\"https:\/\/apuntesdesanluis.com\/index.php\/2024\/05\/25\/hay-que-construir-activamente-la-patria-aqui-y-ahora\/#primaryimage\"},\"thumbnailUrl\":\"https:\/\/apuntesdesanluis.com\/wp-content\/uploads\/2024\/05\/obispo.png\",\"datePublished\":\"2024-05-25T15:58:05+00:00\",\"dateModified\":\"2024-05-25T16:03:56+00:00\",\"breadcrumb\":{\"@id\":\"https:\/\/apuntesdesanluis.com\/index.php\/2024\/05\/25\/hay-que-construir-activamente-la-patria-aqui-y-ahora\/#breadcrumb\"},\"inLanguage\":\"es-AR\",\"potentialAction\":[{\"@type\":\"ReadAction\",\"target\":[\"https:\/\/apuntesdesanluis.com\/index.php\/2024\/05\/25\/hay-que-construir-activamente-la-patria-aqui-y-ahora\/\"]}]},{\"@type\":\"ImageObject\",\"inLanguage\":\"es-AR\",\"@id\":\"https:\/\/apuntesdesanluis.com\/index.php\/2024\/05\/25\/hay-que-construir-activamente-la-patria-aqui-y-ahora\/#primaryimage\",\"url\":\"https:\/\/apuntesdesanluis.com\/wp-content\/uploads\/2024\/05\/obispo.png\",\"contentUrl\":\"https:\/\/apuntesdesanluis.com\/wp-content\/uploads\/2024\/05\/obispo.png\",\"width\":700,\"height\":384},{\"@type\":\"BreadcrumbList\",\"@id\":\"https:\/\/apuntesdesanluis.com\/index.php\/2024\/05\/25\/hay-que-construir-activamente-la-patria-aqui-y-ahora\/#breadcrumb\",\"itemListElement\":[{\"@type\":\"ListItem\",\"position\":1,\"name\":\"Inicio\",\"item\":\"https:\/\/apuntesdesanluis.com\/\"},{\"@type\":\"ListItem\",\"position\":2,\"name\":\"\u201cHAY QUE CONSTRUIR ACTIVAMENTE LA PATRIA, AQU\u00cd Y AHORA\u201d\"}]},{\"@type\":\"WebSite\",\"@id\":\"https:\/\/apuntesdesanluis.com\/#website\",\"url\":\"https:\/\/apuntesdesanluis.com\/\",\"name\":\"Apuntes de San Luis\",\"description\":\"\",\"publisher\":{\"@id\":\"https:\/\/apuntesdesanluis.com\/#\/schema\/person\/b55151d52296fcce64d1a72538a70b90\"},\"potentialAction\":[{\"@type\":\"SearchAction\",\"target\":{\"@type\":\"EntryPoint\",\"urlTemplate\":\"https:\/\/apuntesdesanluis.com\/?s={search_term_string}\"},\"query-input\":{\"@type\":\"PropertyValueSpecification\",\"valueRequired\":true,\"valueName\":\"search_term_string\"}}],\"inLanguage\":\"es-AR\"},{\"@type\":[\"Person\",\"Organization\"],\"@id\":\"https:\/\/apuntesdesanluis.com\/#\/schema\/person\/b55151d52296fcce64d1a72538a70b90\",\"name\":\"apuntesdesanluis.com\",\"image\":{\"@type\":\"ImageObject\",\"inLanguage\":\"es-AR\",\"@id\":\"https:\/\/apuntesdesanluis.com\/#\/schema\/person\/image\/\",\"url\":\"https:\/\/apuntesdesanluis.com\/wp-content\/uploads\/2023\/07\/cropped-apuntesdesanluis.png\",\"contentUrl\":\"https:\/\/apuntesdesanluis.com\/wp-content\/uploads\/2023\/07\/cropped-apuntesdesanluis.png\",\"width\":450,\"height\":112,\"caption\":\"apuntesdesanluis.com\"},\"logo\":{\"@id\":\"https:\/\/apuntesdesanluis.com\/#\/schema\/person\/image\/\"},\"sameAs\":[\"https:\/\/apuntesdesanluis.com\"],\"url\":\"https:\/\/apuntesdesanluis.com\/index.php\/author\/apuntesdesanluis-com\/\"}]}<\/script>\n<!-- \/ Yoast SEO plugin. -->","yoast_head_json":{"title":"\u201cHAY QUE CONSTRUIR ACTIVAMENTE LA PATRIA, AQU\u00cd Y AHORA\u201d - Apuntes de San Luis","robots":{"index":"index","follow":"follow","max-snippet":"max-snippet:-1","max-image-preview":"max-image-preview:large","max-video-preview":"max-video-preview:-1"},"canonical":"https:\/\/apuntesdesanluis.com\/index.php\/2024\/05\/25\/hay-que-construir-activamente-la-patria-aqui-y-ahora\/","og_locale":"es_ES","og_type":"article","og_title":"\u201cHAY QUE CONSTRUIR ACTIVAMENTE LA PATRIA, AQU\u00cd Y AHORA\u201d - Apuntes de San Luis","og_description":"\u00c9se fue el mensaje central de la homil\u00eda de monse\u00f1or Gabriel Barba en el Tedeum...","og_url":"https:\/\/apuntesdesanluis.com\/index.php\/2024\/05\/25\/hay-que-construir-activamente-la-patria-aqui-y-ahora\/","og_site_name":"Apuntes de San Luis","article_published_time":"2024-05-25T15:58:05+00:00","article_modified_time":"2024-05-25T16:03:56+00:00","og_image":[{"width":700,"height":384,"url":"https:\/\/apuntesdesanluis.com\/wp-content\/uploads\/2024\/05\/obispo.png","type":"image\/png"}],"author":"apuntesdesanluis.com","twitter_card":"summary_large_image","twitter_misc":{"Escrito por":"apuntesdesanluis.com","Tiempo de lectura":"5 minutos"},"schema":{"@context":"https:\/\/schema.org","@graph":[{"@type":"Article","@id":"https:\/\/apuntesdesanluis.com\/index.php\/2024\/05\/25\/hay-que-construir-activamente-la-patria-aqui-y-ahora\/#article","isPartOf":{"@id":"https:\/\/apuntesdesanluis.com\/index.php\/2024\/05\/25\/hay-que-construir-activamente-la-patria-aqui-y-ahora\/"},"author":{"name":"apuntesdesanluis.com","@id":"https:\/\/apuntesdesanluis.com\/#\/schema\/person\/b55151d52296fcce64d1a72538a70b90"},"headline":"\u201cHAY QUE CONSTRUIR ACTIVAMENTE LA PATRIA, AQU\u00cd Y AHORA\u201d","datePublished":"2024-05-25T15:58:05+00:00","dateModified":"2024-05-25T16:03:56+00:00","mainEntityOfPage":{"@id":"https:\/\/apuntesdesanluis.com\/index.php\/2024\/05\/25\/hay-que-construir-activamente-la-patria-aqui-y-ahora\/"},"wordCount":716,"publisher":{"@id":"https:\/\/apuntesdesanluis.com\/#\/schema\/person\/b55151d52296fcce64d1a72538a70b90"},"image":{"@id":"https:\/\/apuntesdesanluis.com\/index.php\/2024\/05\/25\/hay-que-construir-activamente-la-patria-aqui-y-ahora\/#primaryimage"},"thumbnailUrl":"https:\/\/apuntesdesanluis.com\/wp-content\/uploads\/2024\/05\/obispo.png","articleSection":["Ciudad\/Provincia"],"inLanguage":"es-AR"},{"@type":"WebPage","@id":"https:\/\/apuntesdesanluis.com\/index.php\/2024\/05\/25\/hay-que-construir-activamente-la-patria-aqui-y-ahora\/","url":"https:\/\/apuntesdesanluis.com\/index.php\/2024\/05\/25\/hay-que-construir-activamente-la-patria-aqui-y-ahora\/","name":"\u201cHAY QUE CONSTRUIR ACTIVAMENTE LA PATRIA, AQU\u00cd Y AHORA\u201d - Apuntes de San Luis","isPartOf":{"@id":"https:\/\/apuntesdesanluis.com\/#website"},"primaryImageOfPage":{"@id":"https:\/\/apuntesdesanluis.com\/index.php\/2024\/05\/25\/hay-que-construir-activamente-la-patria-aqui-y-ahora\/#primaryimage"},"image":{"@id":"https:\/\/apuntesdesanluis.com\/index.php\/2024\/05\/25\/hay-que-construir-activamente-la-patria-aqui-y-ahora\/#primaryimage"},"thumbnailUrl":"https:\/\/apuntesdesanluis.com\/wp-content\/uploads\/2024\/05\/obispo.png","datePublished":"2024-05-25T15:58:05+00:00","dateModified":"2024-05-25T16:03:56+00:00","breadcrumb":{"@id":"https:\/\/apuntesdesanluis.com\/index.php\/2024\/05\/25\/hay-que-construir-activamente-la-patria-aqui-y-ahora\/#breadcrumb"},"inLanguage":"es-AR","potentialAction":[{"@type":"ReadAction","target":["https:\/\/apuntesdesanluis.com\/index.php\/2024\/05\/25\/hay-que-construir-activamente-la-patria-aqui-y-ahora\/"]}]},{"@type":"ImageObject","inLanguage":"es-AR","@id":"https:\/\/apuntesdesanluis.com\/index.php\/2024\/05\/25\/hay-que-construir-activamente-la-patria-aqui-y-ahora\/#primaryimage","url":"https:\/\/apuntesdesanluis.com\/wp-content\/uploads\/2024\/05\/obispo.png","contentUrl":"https:\/\/apuntesdesanluis.com\/wp-content\/uploads\/2024\/05\/obispo.png","width":700,"height":384},{"@type":"BreadcrumbList","@id":"https:\/\/apuntesdesanluis.com\/index.php\/2024\/05\/25\/hay-que-construir-activamente-la-patria-aqui-y-ahora\/#breadcrumb","itemListElement":[{"@type":"ListItem","position":1,"name":"Inicio","item":"https:\/\/apuntesdesanluis.com\/"},{"@type":"ListItem","position":2,"name":"\u201cHAY QUE CONSTRUIR ACTIVAMENTE LA PATRIA, AQU\u00cd Y AHORA\u201d"}]},{"@type":"WebSite","@id":"https:\/\/apuntesdesanluis.com\/#website","url":"https:\/\/apuntesdesanluis.com\/","name":"Apuntes de San Luis","description":"","publisher":{"@id":"https:\/\/apuntesdesanluis.com\/#\/schema\/person\/b55151d52296fcce64d1a72538a70b90"},"potentialAction":[{"@type":"SearchAction","target":{"@type":"EntryPoint","urlTemplate":"https:\/\/apuntesdesanluis.com\/?s={search_term_string}"},"query-input":{"@type":"PropertyValueSpecification","valueRequired":true,"valueName":"search_term_string"}}],"inLanguage":"es-AR"},{"@type":["Person","Organization"],"@id":"https:\/\/apuntesdesanluis.com\/#\/schema\/person\/b55151d52296fcce64d1a72538a70b90","name":"apuntesdesanluis.com","image":{"@type":"ImageObject","inLanguage":"es-AR","@id":"https:\/\/apuntesdesanluis.com\/#\/schema\/person\/image\/","url":"https:\/\/apuntesdesanluis.com\/wp-content\/uploads\/2023\/07\/cropped-apuntesdesanluis.png","contentUrl":"https:\/\/apuntesdesanluis.com\/wp-content\/uploads\/2023\/07\/cropped-apuntesdesanluis.png","width":450,"height":112,"caption":"apuntesdesanluis.com"},"logo":{"@id":"https:\/\/apuntesdesanluis.com\/#\/schema\/person\/image\/"},"sameAs":["https:\/\/apuntesdesanluis.com"],"url":"https:\/\/apuntesdesanluis.com\/index.php\/author\/apuntesdesanluis-com\/"}]}},"featured_image_urls":{"full":["https:\/\/apuntesdesanluis.com\/wp-content\/uploads\/2024\/05\/obispo.png",700,384,false],"thumbnail":["https:\/\/apuntesdesanluis.com\/wp-content\/uploads\/2024\/05\/obispo-150x150.png",150,150,true],"medium":["https:\/\/apuntesdesanluis.com\/wp-content\/uploads\/2024\/05\/obispo-300x165.png",300,165,true],"medium_large":["https:\/\/apuntesdesanluis.com\/wp-content\/uploads\/2024\/05\/obispo.png",640,351,false],"large":["https:\/\/apuntesdesanluis.com\/wp-content\/uploads\/2024\/05\/obispo.png",640,351,false],"1536x1536":["https:\/\/apuntesdesanluis.com\/wp-content\/uploads\/2024\/05\/obispo.png",700,384,false],"2048x2048":["https:\/\/apuntesdesanluis.com\/wp-content\/uploads\/2024\/05\/obispo.png",700,384,false],"newsever-slider-full":["https:\/\/apuntesdesanluis.com\/wp-content\/uploads\/2024\/05\/obispo.png",700,384,false],"newsever-featured":["https:\/\/apuntesdesanluis.com\/wp-content\/uploads\/2024\/05\/obispo.png",700,384,false],"newsever-medium":["https:\/\/apuntesdesanluis.com\/wp-content\/uploads\/2024\/05\/obispo.png",700,384,false]},"author_info":{"display_name":"apuntesdesanluis.com","author_link":"https:\/\/apuntesdesanluis.com\/index.php\/author\/apuntesdesanluis-com\/"},"category_info":"<a href=\"https:\/\/apuntesdesanluis.com\/index.php\/category\/ciudad-provincia\/\" rel=\"category tag\">Ciudad\/Provincia<\/a>","tag_info":"Ciudad\/Provincia","comment_count":"0","_links":{"self":[{"href":"https:\/\/apuntesdesanluis.com\/index.php\/wp-json\/wp\/v2\/posts\/16768","targetHints":{"allow":["GET"]}}],"collection":[{"href":"https:\/\/apuntesdesanluis.com\/index.php\/wp-json\/wp\/v2\/posts"}],"about":[{"href":"https:\/\/apuntesdesanluis.com\/index.php\/wp-json\/wp\/v2\/types\/post"}],"author":[{"embeddable":true,"href":"https:\/\/apuntesdesanluis.com\/index.php\/wp-json\/wp\/v2\/users\/1"}],"replies":[{"embeddable":true,"href":"https:\/\/apuntesdesanluis.com\/index.php\/wp-json\/wp\/v2\/comments?post=16768"}],"version-history":[{"count":2,"href":"https:\/\/apuntesdesanluis.com\/index.php\/wp-json\/wp\/v2\/posts\/16768\/revisions"}],"predecessor-version":[{"id":16786,"href":"https:\/\/apuntesdesanluis.com\/index.php\/wp-json\/wp\/v2\/posts\/16768\/revisions\/16786"}],"wp:featuredmedia":[{"embeddable":true,"href":"https:\/\/apuntesdesanluis.com\/index.php\/wp-json\/wp\/v2\/media\/16769"}],"wp:attachment":[{"href":"https:\/\/apuntesdesanluis.com\/index.php\/wp-json\/wp\/v2\/media?parent=16768"}],"wp:term":[{"taxonomy":"category","embeddable":true,"href":"https:\/\/apuntesdesanluis.com\/index.php\/wp-json\/wp\/v2\/categories?post=16768"},{"taxonomy":"post_tag","embeddable":true,"href":"https:\/\/apuntesdesanluis.com\/index.php\/wp-json\/wp\/v2\/tags?post=16768"}],"curies":[{"name":"wp","href":"https:\/\/api.w.org\/{rel}","templated":true}]}}