{"id":1677,"date":"2023-08-16T20:48:04","date_gmt":"2023-08-16T23:48:04","guid":{"rendered":"https:\/\/apuntesdesanluis.com\/?p=1677"},"modified":"2023-08-16T20:48:04","modified_gmt":"2023-08-16T23:48:04","slug":"el-impulsor-de-la-dolarizacion-explico-como-podria-aplicarse-esa-medida-y-la-diferencio-con-la-convertibilidad","status":"publish","type":"post","link":"https:\/\/apuntesdesanluis.com\/index.php\/2023\/08\/16\/el-impulsor-de-la-dolarizacion-explico-como-podria-aplicarse-esa-medida-y-la-diferencio-con-la-convertibilidad\/","title":{"rendered":"EL IMPULSOR DE LA DOLARIZACI\u00d3N EXPLIC\u00d3 C\u00d3MO PODR\u00cdA APLICARSE ESA MEDIDA Y LA DIFERENCI\u00d3 CON LA CONVERTIBILIDAD"},"content":{"rendered":"<h3 class=\"yiv7409174924ydp6329976emsonormal\" style=\"background: white;\"><span style=\"font-family: 'Arial','sans-serif'; color: #1d2228;\">El economista <strong>Emilio Ocampo<\/strong>, asesor de Javier Milei y art\u00edfice del plan de dolarizaci\u00f3n que quiere aplicar el candidato presidencial de La Libertad Avanza, sostuvo que para avanzar con esa medida es necesario eliminar la inflaci\u00f3n &#8220;y estabilizar r\u00e1pidamente las variables econ\u00f3micas, en un plazo que no supere &#8220;abril o mayo de 2025&#8221;.<\/span><\/h3>\n<h3 class=\"yiv7409174924ydp6329976emsonormal\" style=\"background: white;\"><span style=\"font-family: 'Arial','sans-serif'; color: #1d2228;\">\u201cMe llam\u00f3 Javier Milei y me pidi\u00f3 que lo asesorara en los temas relacionados con la dolarizaci\u00f3n. Le respond\u00ed afirmativamente. Me sumo al equipo\u201d. Con ese breve tuit esta ma\u00f1ana Emilio Ocampo, el economista dolarizador preferido de Milei, se sum\u00f3 oficialmente a la La Libertad Avanza.<\/span><\/h3>\n<h3 class=\"yiv7409174924ydp6329976emsonormal\" style=\"background: white;\"><span style=\"font-family: 'Arial','sans-serif'; color: #1d2228;\">Adem\u00e1s, dijo que la dolarizaci\u00f3n &#8220;es la alternativa que tiene menos probabilidad de fracaso&#8221;. A su criterio, &#8220;nuestra adicci\u00f3n al populismo nos llev\u00f3 a no tener capacidad de tener una moneda estable. Estamos como en 1989: en el fin de una era de desorden econ\u00f3mico, por lo cual se necesita una reforma monetaria dura&#8221;.<\/span><\/h3>\n<h3 class=\"yiv7409174924ydp6329976emsonormal\" style=\"background: white;\"><span style=\"font-family: 'Arial','sans-serif'; color: #1d2228;\">&#8220;Una dolarizaci\u00f3n jugar\u00eda el mismo papel de la Convertibilidad en la primera parte de los &#8217;90, para acompa\u00f1ar al resto de las reformas estructurales que hay que hacer&#8221;, a\u00f1adi\u00f3.<\/span><\/h3>\n<h3 class=\"yiv7409174924ydp6329976emsonormal\" style=\"background: white;\"><span style=\"font-family: 'Arial','sans-serif'; color: #1d2228;\">Ocampo se expres\u00f3 as\u00ed en un seminario sobre &#8220;Peso, D\u00f3lar o Real: reconstruir la confianza en la moneda&#8221;, que organiz\u00f3 este mi\u00e9rcoles la Fundaci\u00f3n FIEL.<\/span><\/h3>\n<h3 class=\"yiv7409174924ydp6329976emsonormal\" style=\"background: white;\"><span style=\"font-family: 'Arial','sans-serif'; color: #1d2228;\">En ese marco, el economista explic\u00f3: &#8220;a la dolarizaci\u00f3n se la compara con un ideal que en la Argentina nunca existi\u00f3. No la podemos criticar por no hacer cosas que ninguna de las otras alternativas que est\u00e1n en la mesa puede hacer&#8221;.<\/span><\/h3>\n<h3 class=\"yiv7409174924ydp6329976emsonormal\" style=\"background: white;\"><span style=\"font-family: 'Arial','sans-serif'; color: #1d2228;\">&#8220;Sucede que ahora no tenemos margen para un fracaso. Venimos de m\u00e1s de una d\u00e9cada de estancamiento. Y tener un cambio ef\u00edmero es terrible: tenemos que tener reglas de pol\u00edtica econ\u00f3mica que sobrevivan a un Gobierno malo&#8221;, enfatiz\u00f3.<\/span><\/h3>\n<h3 class=\"yiv7409174924ydp6329976emsonormal\" style=\"background: white;\"><span style=\"font-family: 'Arial','sans-serif'; color: #1d2228;\">A su criterio, la &#8220;econom\u00eda est\u00e1 dolarizada de facto. Pagamos todos los costos pero no tenemos los beneficios. Hablamos nosotros de un cambio de r\u00e9gimen&#8221;.<\/span><\/h3>\n<h3 class=\"yiv7409174924ydp6329976emsonormal\" style=\"background: white;\"><span style=\"font-family: 'Arial','sans-serif'; color: #1d2228;\">Pero aclar\u00f3 que para avanzar con la dolarizaci\u00f3n &#8220;hay que eliminar la inflaci\u00f3n. Y para eso es necesario tener respaldo pol\u00edtico, que permita estabilizar la econom\u00eda muy r\u00e1pidamente, para abril o mayo de 2025&#8221;.<\/span><\/h3>\n<h3 class=\"yiv7409174924ydp6329976emsonormal\" style=\"background: white;\"><span style=\"font-family: 'Arial','sans-serif'; color: #1d2228;\">&#8220;Para estabilizar, las opciones son fijar el tipo de cambio nominal, la base monetaria y la tasa de inter\u00e9s. En el mundo emergente, la estabilidad se consigue con tipo de cambio fijo. Y eso, por decisi\u00f3n del Banco Central o por una Convertibilidad no va a funcionar y nos deja solo a la dolarizaci\u00f3n como esquema&#8221;.<\/span><\/h3>\n<h3 class=\"yiv7409174924ydp6329976emsonormal\" style=\"background: white;\"><span style=\"font-family: 'Arial','sans-serif'; color: #1d2228;\">Tambi\u00e9n dijo que cada pa\u00eds &#8220;dolariza como puede, seg\u00fan sus circunstancias particulares, como sucedi\u00f3 en Am\u00e9rica Latina con El Salvador y Ecuador&#8221;.<\/span><\/h3>\n<h3 class=\"yiv7409174924ydp6329976emsonormal\" style=\"background: white;\"><span style=\"font-family: 'Arial','sans-serif'; color: #1d2228;\">Y en cuanto al Banco Central, asegur\u00f3: &#8220;no cumple ninguna de sus funciones. Su balance est\u00e1 totalmente distorsionado. Por eso es necesario reorganizar a la autoridad monetaria, trasladando ciertas funciones a otras entidades&#8221;. Adem\u00e1s, Ocampo propuso &#8220;revisar&#8221; el swap con China &#8220;porque est\u00e1 cubierto de opacidad&#8221; y crear un fondo de estabilizaci\u00f3n monetaria &#8220;para reorganizar la deuda que tiene el Banco Central&#8221; con las leliqs. <\/span><\/h3>\n<h3 class=\"yiv7409174924ydp6329976emsonormal\" style=\"background: white;\"><span style=\"font-family: 'Arial','sans-serif'; color: #1d2228;\">Por su parte, la economista Diana Mondino, directora de Relaciones Institucionales de la universidad UCEMA y candidata a diputada nacional por La Libertad Avanza, se\u00f1al\u00f3 que la dolarizaci\u00f3n &#8220;es una oportunidad para estudiar&#8221;, pero asegur\u00f3 que &#8220;no solo por eso se van solucionar los problemas argentinos. La clave es tener disciplina fiscal y flexibilidad en la econom\u00eda&#8221;.<\/span><\/h3>\n<h3 class=\"yiv7409174924ydp6329976emsonormal\" style=\"background: white;\"><span style=\"font-family: 'Arial','sans-serif'; color: #1d2228;\">En ese sentido, sostuvo que &#8220;ya hay un avanzado proceso de dolarizaci\u00f3n en la Argentina. Y apuntalado en eso, probablemente sea menos dif\u00edcil una transici\u00f3n, porque va a tener que incorporar una importante flexibilidad en precios, salarios e inter\u00e9s. Es necesario buscar algo m\u00e1s permanente, aunque ser\u00e1 dif\u00edcil y doloroso&#8221;.<\/span><\/h3>\n<h3 class=\"yiv7409174924ydp6329976emsonormal\" style=\"background: white;\"><span style=\"font-family: 'Arial','sans-serif'; color: #1d2228;\">Para Mondino, &#8220;hay que buscar una soluci\u00f3n r\u00e1pida que nos lleve a estabilidad con crecimiento. Porque en la Argentina, la pol\u00edtica monetaria siempre estuvo al servicio del problema fiscal&#8221;. Pero aclar\u00f3: &#8220;no pongamos toda la esperanza o la cr\u00edtica en un tema monetario cuando el gran problema que tenemos es el fiscal&#8221;.<\/span><\/h3>\n<h3 class=\"yiv7409174924ydp6329976emsonormal\" style=\"background: white;\"><span style=\"font-family: 'Arial','sans-serif'; color: #1d2228;\">A contramano, el diputado nacional de Juntos por el Cambio Ricardo L\u00f3pez Murphy cuestion\u00f3 a la dolarizaci\u00f3n, al sostener que lo primero es que quien gobierne sea &#8220;sea capaz de establecer una regla fiscal que tenga mayor\u00edas&#8221;.<\/span><\/h3>\n<h3 class=\"yiv7409174924ydp6329976emsonormal\" style=\"background: white;\"><span style=\"font-family: 'Arial','sans-serif'; color: #1d2228;\">&#8220;Hay que apuntar a un Banco Central independiente con caracter\u00edsticas similares a la de la Corte Suprema, que procure la estabilidad con el arreglo monetario que sea m\u00e1s eficaz y menos costoso para nuestra sociedad&#8221;, evalu\u00f3.<\/span><\/h3>\n<h3 class=\"yiv7409174924ydp6329976emsonormal\" style=\"background: white;\"><span style=\"font-family: 'Arial','sans-serif'; color: #1d2228;\">En ese sentido, indic\u00f3 que &#8220;sin ese control de la moninancia fiscal, todo lo dem\u00e1s no sirve. Poner un patr\u00f3n monetario (como la dolarizaci\u00f3n) no puede aplicarse&#8221;.<\/span><\/h3>\n<h3 class=\"yiv7409174924ydp6329976emsonormal\" style=\"background: white;\"><span style=\"font-family: 'Arial','sans-serif'; color: #1d2228;\">&#8220;El camino es reconstruir un sistema de balance fiscal, lo que requiere una mayor\u00eda pol\u00edtica que se exprese en el Congreso. Sin eso, y sin reformas institucionales, la cuesti\u00f3n monetaria es de un orden distinto&#8221;, subray\u00f3.<\/span><\/h3>\n<h3 class=\"yiv7409174924ydp6329976emsonormal\" style=\"background: white;\"><span style=\"font-family: 'Arial','sans-serif'; color: #1d2228;\">Otro diputado nacional de Juntos por el Cambio, Mart\u00edn Tetaz, sostuvo que la dolarizaci\u00f3n &#8220;no es una buena idea&#8221;, pero reconoci\u00f3 que &#8220;resuelve el problema de la inflaci\u00f3n&#8221;. Como contrapartida, el economista propuso tener un Banco Central &#8220;mucho m\u00e1s independiente&#8221;.<\/span><\/h3>\n<h3 class=\"yiv7409174924ydp6329976emsonormal\" style=\"background: white;\"><span style=\"font-family: 'Arial','sans-serif'; color: #1d2228;\">A su entender, el Gobierno que asuma el 10 de diciembre pr\u00f3ximo deber\u00eda &#8220;independizar de manera absoluta el Banco Central y tener un proyecto de Presupuesto equilibrado&#8221; para poder estabilizar la econom\u00eda.<\/span><\/h3>\n<h3 class=\"yiv7409174924ydp6329976emsonormal\" style=\"background: white;\"><span style=\"font-family: 'Arial','sans-serif'; color: #1d2228;\">Tetaz explic\u00f3 que la Argentina &#8220;no tiene el ciclo econ\u00f3mico de los Estados Unidos, pero s\u00ed est\u00e1 en sinton\u00eda con el de Brasil. As\u00ed que si Brasil devaluara, una Argentina dolarizada terminar\u00eda como en 2001&#8221;.<\/span><\/h3>\n<h3 class=\"yiv7409174924ydp6329976emsonormal\" style=\"background: white;\"><span style=\"font-family: 'Arial','sans-serif'; color: #1d2228;\">&#8220;Estar atado a la pol\u00edtica monetaria de Estados Unidos es una muerte segura. Pero si la Argentina hubiera tenido la Convertibilidad con Brasil, no hubiese existido el 2001 y a lo mejor todav\u00eda tendr\u00edamos ese esquema&#8221;, enfatiz\u00f3.<\/span><\/h3>\n","protected":false},"excerpt":{"rendered":"<p>El economista Emilio Ocampo, asesor de Javier Milei y art\u00edfice del plan de dolarizaci\u00f3n que&#8230;<\/p>\n","protected":false},"author":1,"featured_media":1678,"comment_status":"closed","ping_status":"closed","sticky":false,"template":"","format":"standard","meta":{"footnotes":""},"categories":[5],"tags":[],"class_list":["post-1677","post","type-post","status-publish","format-standard","has-post-thumbnail","hentry","category-nacionales-internacionales"],"yoast_head":"<!-- This site is optimized with the Yoast SEO plugin v26.1.1 - https:\/\/yoast.com\/wordpress\/plugins\/seo\/ -->\n<title>EL IMPULSOR DE LA DOLARIZACI\u00d3N EXPLIC\u00d3 C\u00d3MO PODR\u00cdA APLICARSE ESA MEDIDA Y LA DIFERENCI\u00d3 CON LA CONVERTIBILIDAD - Apuntes de San Luis<\/title>\n<meta name=\"robots\" content=\"index, follow, max-snippet:-1, max-image-preview:large, max-video-preview:-1\" \/>\n<link rel=\"canonical\" href=\"https:\/\/apuntesdesanluis.com\/index.php\/2023\/08\/16\/el-impulsor-de-la-dolarizacion-explico-como-podria-aplicarse-esa-medida-y-la-diferencio-con-la-convertibilidad\/\" \/>\n<meta property=\"og:locale\" content=\"es_ES\" \/>\n<meta property=\"og:type\" content=\"article\" \/>\n<meta property=\"og:title\" content=\"EL IMPULSOR DE LA DOLARIZACI\u00d3N EXPLIC\u00d3 C\u00d3MO PODR\u00cdA APLICARSE ESA MEDIDA Y LA DIFERENCI\u00d3 CON LA CONVERTIBILIDAD - Apuntes de San Luis\" \/>\n<meta property=\"og:description\" content=\"El economista Emilio Ocampo, asesor de Javier Milei y art\u00edfice del plan de dolarizaci\u00f3n que...\" \/>\n<meta property=\"og:url\" content=\"https:\/\/apuntesdesanluis.com\/index.php\/2023\/08\/16\/el-impulsor-de-la-dolarizacion-explico-como-podria-aplicarse-esa-medida-y-la-diferencio-con-la-convertibilidad\/\" \/>\n<meta property=\"og:site_name\" content=\"Apuntes de San Luis\" \/>\n<meta property=\"article:published_time\" content=\"2023-08-16T23:48:04+00:00\" \/>\n<meta property=\"og:image\" content=\"https:\/\/apuntesdesanluis.com\/wp-content\/uploads\/2023\/08\/emilio-ocampo.png\" \/>\n\t<meta property=\"og:image:width\" content=\"803\" \/>\n\t<meta property=\"og:image:height\" content=\"477\" \/>\n\t<meta property=\"og:image:type\" content=\"image\/png\" \/>\n<meta name=\"author\" content=\"apuntesdesanluis.com\" \/>\n<meta name=\"twitter:card\" content=\"summary_large_image\" \/>\n<meta name=\"twitter:label1\" content=\"Escrito por\" \/>\n\t<meta name=\"twitter:data1\" content=\"apuntesdesanluis.com\" \/>\n\t<meta name=\"twitter:label2\" content=\"Tiempo de lectura\" \/>\n\t<meta name=\"twitter:data2\" content=\"5 minutos\" \/>\n<script type=\"application\/ld+json\" class=\"yoast-schema-graph\">{\"@context\":\"https:\/\/schema.org\",\"@graph\":[{\"@type\":\"Article\",\"@id\":\"https:\/\/apuntesdesanluis.com\/index.php\/2023\/08\/16\/el-impulsor-de-la-dolarizacion-explico-como-podria-aplicarse-esa-medida-y-la-diferencio-con-la-convertibilidad\/#article\",\"isPartOf\":{\"@id\":\"https:\/\/apuntesdesanluis.com\/index.php\/2023\/08\/16\/el-impulsor-de-la-dolarizacion-explico-como-podria-aplicarse-esa-medida-y-la-diferencio-con-la-convertibilidad\/\"},\"author\":{\"name\":\"apuntesdesanluis.com\",\"@id\":\"https:\/\/apuntesdesanluis.com\/#\/schema\/person\/b55151d52296fcce64d1a72538a70b90\"},\"headline\":\"EL IMPULSOR DE LA DOLARIZACI\u00d3N EXPLIC\u00d3 C\u00d3MO PODR\u00cdA APLICARSE ESA MEDIDA Y LA DIFERENCI\u00d3 CON LA CONVERTIBILIDAD\",\"datePublished\":\"2023-08-16T23:48:04+00:00\",\"mainEntityOfPage\":{\"@id\":\"https:\/\/apuntesdesanluis.com\/index.php\/2023\/08\/16\/el-impulsor-de-la-dolarizacion-explico-como-podria-aplicarse-esa-medida-y-la-diferencio-con-la-convertibilidad\/\"},\"wordCount\":1020,\"publisher\":{\"@id\":\"https:\/\/apuntesdesanluis.com\/#\/schema\/person\/b55151d52296fcce64d1a72538a70b90\"},\"image\":{\"@id\":\"https:\/\/apuntesdesanluis.com\/index.php\/2023\/08\/16\/el-impulsor-de-la-dolarizacion-explico-como-podria-aplicarse-esa-medida-y-la-diferencio-con-la-convertibilidad\/#primaryimage\"},\"thumbnailUrl\":\"https:\/\/apuntesdesanluis.com\/wp-content\/uploads\/2023\/08\/emilio-ocampo.png\",\"articleSection\":[\"Nacionales\/Internacionales\"],\"inLanguage\":\"es-AR\"},{\"@type\":\"WebPage\",\"@id\":\"https:\/\/apuntesdesanluis.com\/index.php\/2023\/08\/16\/el-impulsor-de-la-dolarizacion-explico-como-podria-aplicarse-esa-medida-y-la-diferencio-con-la-convertibilidad\/\",\"url\":\"https:\/\/apuntesdesanluis.com\/index.php\/2023\/08\/16\/el-impulsor-de-la-dolarizacion-explico-como-podria-aplicarse-esa-medida-y-la-diferencio-con-la-convertibilidad\/\",\"name\":\"EL IMPULSOR DE LA DOLARIZACI\u00d3N EXPLIC\u00d3 C\u00d3MO PODR\u00cdA APLICARSE ESA MEDIDA Y LA DIFERENCI\u00d3 CON LA CONVERTIBILIDAD - Apuntes de San Luis\",\"isPartOf\":{\"@id\":\"https:\/\/apuntesdesanluis.com\/#website\"},\"primaryImageOfPage\":{\"@id\":\"https:\/\/apuntesdesanluis.com\/index.php\/2023\/08\/16\/el-impulsor-de-la-dolarizacion-explico-como-podria-aplicarse-esa-medida-y-la-diferencio-con-la-convertibilidad\/#primaryimage\"},\"image\":{\"@id\":\"https:\/\/apuntesdesanluis.com\/index.php\/2023\/08\/16\/el-impulsor-de-la-dolarizacion-explico-como-podria-aplicarse-esa-medida-y-la-diferencio-con-la-convertibilidad\/#primaryimage\"},\"thumbnailUrl\":\"https:\/\/apuntesdesanluis.com\/wp-content\/uploads\/2023\/08\/emilio-ocampo.png\",\"datePublished\":\"2023-08-16T23:48:04+00:00\",\"breadcrumb\":{\"@id\":\"https:\/\/apuntesdesanluis.com\/index.php\/2023\/08\/16\/el-impulsor-de-la-dolarizacion-explico-como-podria-aplicarse-esa-medida-y-la-diferencio-con-la-convertibilidad\/#breadcrumb\"},\"inLanguage\":\"es-AR\",\"potentialAction\":[{\"@type\":\"ReadAction\",\"target\":[\"https:\/\/apuntesdesanluis.com\/index.php\/2023\/08\/16\/el-impulsor-de-la-dolarizacion-explico-como-podria-aplicarse-esa-medida-y-la-diferencio-con-la-convertibilidad\/\"]}]},{\"@type\":\"ImageObject\",\"inLanguage\":\"es-AR\",\"@id\":\"https:\/\/apuntesdesanluis.com\/index.php\/2023\/08\/16\/el-impulsor-de-la-dolarizacion-explico-como-podria-aplicarse-esa-medida-y-la-diferencio-con-la-convertibilidad\/#primaryimage\",\"url\":\"https:\/\/apuntesdesanluis.com\/wp-content\/uploads\/2023\/08\/emilio-ocampo.png\",\"contentUrl\":\"https:\/\/apuntesdesanluis.com\/wp-content\/uploads\/2023\/08\/emilio-ocampo.png\",\"width\":803,\"height\":477},{\"@type\":\"BreadcrumbList\",\"@id\":\"https:\/\/apuntesdesanluis.com\/index.php\/2023\/08\/16\/el-impulsor-de-la-dolarizacion-explico-como-podria-aplicarse-esa-medida-y-la-diferencio-con-la-convertibilidad\/#breadcrumb\",\"itemListElement\":[{\"@type\":\"ListItem\",\"position\":1,\"name\":\"Inicio\",\"item\":\"https:\/\/apuntesdesanluis.com\/\"},{\"@type\":\"ListItem\",\"position\":2,\"name\":\"EL IMPULSOR DE LA DOLARIZACI\u00d3N EXPLIC\u00d3 C\u00d3MO PODR\u00cdA APLICARSE ESA MEDIDA Y LA DIFERENCI\u00d3 CON LA CONVERTIBILIDAD\"}]},{\"@type\":\"WebSite\",\"@id\":\"https:\/\/apuntesdesanluis.com\/#website\",\"url\":\"https:\/\/apuntesdesanluis.com\/\",\"name\":\"Apuntes de San Luis\",\"description\":\"\",\"publisher\":{\"@id\":\"https:\/\/apuntesdesanluis.com\/#\/schema\/person\/b55151d52296fcce64d1a72538a70b90\"},\"potentialAction\":[{\"@type\":\"SearchAction\",\"target\":{\"@type\":\"EntryPoint\",\"urlTemplate\":\"https:\/\/apuntesdesanluis.com\/?s={search_term_string}\"},\"query-input\":{\"@type\":\"PropertyValueSpecification\",\"valueRequired\":true,\"valueName\":\"search_term_string\"}}],\"inLanguage\":\"es-AR\"},{\"@type\":[\"Person\",\"Organization\"],\"@id\":\"https:\/\/apuntesdesanluis.com\/#\/schema\/person\/b55151d52296fcce64d1a72538a70b90\",\"name\":\"apuntesdesanluis.com\",\"image\":{\"@type\":\"ImageObject\",\"inLanguage\":\"es-AR\",\"@id\":\"https:\/\/apuntesdesanluis.com\/#\/schema\/person\/image\/\",\"url\":\"https:\/\/apuntesdesanluis.com\/wp-content\/uploads\/2023\/07\/cropped-apuntesdesanluis.png\",\"contentUrl\":\"https:\/\/apuntesdesanluis.com\/wp-content\/uploads\/2023\/07\/cropped-apuntesdesanluis.png\",\"width\":450,\"height\":112,\"caption\":\"apuntesdesanluis.com\"},\"logo\":{\"@id\":\"https:\/\/apuntesdesanluis.com\/#\/schema\/person\/image\/\"},\"sameAs\":[\"https:\/\/apuntesdesanluis.com\"],\"url\":\"https:\/\/apuntesdesanluis.com\/index.php\/author\/apuntesdesanluis-com\/\"}]}<\/script>\n<!-- \/ Yoast SEO plugin. -->","yoast_head_json":{"title":"EL IMPULSOR DE LA DOLARIZACI\u00d3N EXPLIC\u00d3 C\u00d3MO PODR\u00cdA APLICARSE ESA MEDIDA Y LA DIFERENCI\u00d3 CON LA CONVERTIBILIDAD - Apuntes de San Luis","robots":{"index":"index","follow":"follow","max-snippet":"max-snippet:-1","max-image-preview":"max-image-preview:large","max-video-preview":"max-video-preview:-1"},"canonical":"https:\/\/apuntesdesanluis.com\/index.php\/2023\/08\/16\/el-impulsor-de-la-dolarizacion-explico-como-podria-aplicarse-esa-medida-y-la-diferencio-con-la-convertibilidad\/","og_locale":"es_ES","og_type":"article","og_title":"EL IMPULSOR DE LA DOLARIZACI\u00d3N EXPLIC\u00d3 C\u00d3MO PODR\u00cdA APLICARSE ESA MEDIDA Y LA DIFERENCI\u00d3 CON LA CONVERTIBILIDAD - Apuntes de San Luis","og_description":"El economista Emilio Ocampo, asesor de Javier Milei y art\u00edfice del plan de dolarizaci\u00f3n que...","og_url":"https:\/\/apuntesdesanluis.com\/index.php\/2023\/08\/16\/el-impulsor-de-la-dolarizacion-explico-como-podria-aplicarse-esa-medida-y-la-diferencio-con-la-convertibilidad\/","og_site_name":"Apuntes de San Luis","article_published_time":"2023-08-16T23:48:04+00:00","og_image":[{"width":803,"height":477,"url":"https:\/\/apuntesdesanluis.com\/wp-content\/uploads\/2023\/08\/emilio-ocampo.png","type":"image\/png"}],"author":"apuntesdesanluis.com","twitter_card":"summary_large_image","twitter_misc":{"Escrito por":"apuntesdesanluis.com","Tiempo de lectura":"5 minutos"},"schema":{"@context":"https:\/\/schema.org","@graph":[{"@type":"Article","@id":"https:\/\/apuntesdesanluis.com\/index.php\/2023\/08\/16\/el-impulsor-de-la-dolarizacion-explico-como-podria-aplicarse-esa-medida-y-la-diferencio-con-la-convertibilidad\/#article","isPartOf":{"@id":"https:\/\/apuntesdesanluis.com\/index.php\/2023\/08\/16\/el-impulsor-de-la-dolarizacion-explico-como-podria-aplicarse-esa-medida-y-la-diferencio-con-la-convertibilidad\/"},"author":{"name":"apuntesdesanluis.com","@id":"https:\/\/apuntesdesanluis.com\/#\/schema\/person\/b55151d52296fcce64d1a72538a70b90"},"headline":"EL IMPULSOR DE LA DOLARIZACI\u00d3N EXPLIC\u00d3 C\u00d3MO PODR\u00cdA APLICARSE ESA MEDIDA Y LA DIFERENCI\u00d3 CON LA CONVERTIBILIDAD","datePublished":"2023-08-16T23:48:04+00:00","mainEntityOfPage":{"@id":"https:\/\/apuntesdesanluis.com\/index.php\/2023\/08\/16\/el-impulsor-de-la-dolarizacion-explico-como-podria-aplicarse-esa-medida-y-la-diferencio-con-la-convertibilidad\/"},"wordCount":1020,"publisher":{"@id":"https:\/\/apuntesdesanluis.com\/#\/schema\/person\/b55151d52296fcce64d1a72538a70b90"},"image":{"@id":"https:\/\/apuntesdesanluis.com\/index.php\/2023\/08\/16\/el-impulsor-de-la-dolarizacion-explico-como-podria-aplicarse-esa-medida-y-la-diferencio-con-la-convertibilidad\/#primaryimage"},"thumbnailUrl":"https:\/\/apuntesdesanluis.com\/wp-content\/uploads\/2023\/08\/emilio-ocampo.png","articleSection":["Nacionales\/Internacionales"],"inLanguage":"es-AR"},{"@type":"WebPage","@id":"https:\/\/apuntesdesanluis.com\/index.php\/2023\/08\/16\/el-impulsor-de-la-dolarizacion-explico-como-podria-aplicarse-esa-medida-y-la-diferencio-con-la-convertibilidad\/","url":"https:\/\/apuntesdesanluis.com\/index.php\/2023\/08\/16\/el-impulsor-de-la-dolarizacion-explico-como-podria-aplicarse-esa-medida-y-la-diferencio-con-la-convertibilidad\/","name":"EL IMPULSOR DE LA DOLARIZACI\u00d3N EXPLIC\u00d3 C\u00d3MO PODR\u00cdA APLICARSE ESA MEDIDA Y LA DIFERENCI\u00d3 CON LA CONVERTIBILIDAD - Apuntes de San Luis","isPartOf":{"@id":"https:\/\/apuntesdesanluis.com\/#website"},"primaryImageOfPage":{"@id":"https:\/\/apuntesdesanluis.com\/index.php\/2023\/08\/16\/el-impulsor-de-la-dolarizacion-explico-como-podria-aplicarse-esa-medida-y-la-diferencio-con-la-convertibilidad\/#primaryimage"},"image":{"@id":"https:\/\/apuntesdesanluis.com\/index.php\/2023\/08\/16\/el-impulsor-de-la-dolarizacion-explico-como-podria-aplicarse-esa-medida-y-la-diferencio-con-la-convertibilidad\/#primaryimage"},"thumbnailUrl":"https:\/\/apuntesdesanluis.com\/wp-content\/uploads\/2023\/08\/emilio-ocampo.png","datePublished":"2023-08-16T23:48:04+00:00","breadcrumb":{"@id":"https:\/\/apuntesdesanluis.com\/index.php\/2023\/08\/16\/el-impulsor-de-la-dolarizacion-explico-como-podria-aplicarse-esa-medida-y-la-diferencio-con-la-convertibilidad\/#breadcrumb"},"inLanguage":"es-AR","potentialAction":[{"@type":"ReadAction","target":["https:\/\/apuntesdesanluis.com\/index.php\/2023\/08\/16\/el-impulsor-de-la-dolarizacion-explico-como-podria-aplicarse-esa-medida-y-la-diferencio-con-la-convertibilidad\/"]}]},{"@type":"ImageObject","inLanguage":"es-AR","@id":"https:\/\/apuntesdesanluis.com\/index.php\/2023\/08\/16\/el-impulsor-de-la-dolarizacion-explico-como-podria-aplicarse-esa-medida-y-la-diferencio-con-la-convertibilidad\/#primaryimage","url":"https:\/\/apuntesdesanluis.com\/wp-content\/uploads\/2023\/08\/emilio-ocampo.png","contentUrl":"https:\/\/apuntesdesanluis.com\/wp-content\/uploads\/2023\/08\/emilio-ocampo.png","width":803,"height":477},{"@type":"BreadcrumbList","@id":"https:\/\/apuntesdesanluis.com\/index.php\/2023\/08\/16\/el-impulsor-de-la-dolarizacion-explico-como-podria-aplicarse-esa-medida-y-la-diferencio-con-la-convertibilidad\/#breadcrumb","itemListElement":[{"@type":"ListItem","position":1,"name":"Inicio","item":"https:\/\/apuntesdesanluis.com\/"},{"@type":"ListItem","position":2,"name":"EL IMPULSOR DE LA DOLARIZACI\u00d3N EXPLIC\u00d3 C\u00d3MO PODR\u00cdA APLICARSE ESA MEDIDA Y LA DIFERENCI\u00d3 CON LA CONVERTIBILIDAD"}]},{"@type":"WebSite","@id":"https:\/\/apuntesdesanluis.com\/#website","url":"https:\/\/apuntesdesanluis.com\/","name":"Apuntes de San Luis","description":"","publisher":{"@id":"https:\/\/apuntesdesanluis.com\/#\/schema\/person\/b55151d52296fcce64d1a72538a70b90"},"potentialAction":[{"@type":"SearchAction","target":{"@type":"EntryPoint","urlTemplate":"https:\/\/apuntesdesanluis.com\/?s={search_term_string}"},"query-input":{"@type":"PropertyValueSpecification","valueRequired":true,"valueName":"search_term_string"}}],"inLanguage":"es-AR"},{"@type":["Person","Organization"],"@id":"https:\/\/apuntesdesanluis.com\/#\/schema\/person\/b55151d52296fcce64d1a72538a70b90","name":"apuntesdesanluis.com","image":{"@type":"ImageObject","inLanguage":"es-AR","@id":"https:\/\/apuntesdesanluis.com\/#\/schema\/person\/image\/","url":"https:\/\/apuntesdesanluis.com\/wp-content\/uploads\/2023\/07\/cropped-apuntesdesanluis.png","contentUrl":"https:\/\/apuntesdesanluis.com\/wp-content\/uploads\/2023\/07\/cropped-apuntesdesanluis.png","width":450,"height":112,"caption":"apuntesdesanluis.com"},"logo":{"@id":"https:\/\/apuntesdesanluis.com\/#\/schema\/person\/image\/"},"sameAs":["https:\/\/apuntesdesanluis.com"],"url":"https:\/\/apuntesdesanluis.com\/index.php\/author\/apuntesdesanluis-com\/"}]}},"featured_image_urls":{"full":["https:\/\/apuntesdesanluis.com\/wp-content\/uploads\/2023\/08\/emilio-ocampo.png",803,477,false],"thumbnail":["https:\/\/apuntesdesanluis.com\/wp-content\/uploads\/2023\/08\/emilio-ocampo-150x150.png",150,150,true],"medium":["https:\/\/apuntesdesanluis.com\/wp-content\/uploads\/2023\/08\/emilio-ocampo-300x178.png",300,178,true],"medium_large":["https:\/\/apuntesdesanluis.com\/wp-content\/uploads\/2023\/08\/emilio-ocampo-768x456.png",640,380,true],"large":["https:\/\/apuntesdesanluis.com\/wp-content\/uploads\/2023\/08\/emilio-ocampo.png",640,380,false],"1536x1536":["https:\/\/apuntesdesanluis.com\/wp-content\/uploads\/2023\/08\/emilio-ocampo.png",803,477,false],"2048x2048":["https:\/\/apuntesdesanluis.com\/wp-content\/uploads\/2023\/08\/emilio-ocampo.png",803,477,false],"newsever-slider-full":["https:\/\/apuntesdesanluis.com\/wp-content\/uploads\/2023\/08\/emilio-ocampo.png",803,477,false],"newsever-featured":["https:\/\/apuntesdesanluis.com\/wp-content\/uploads\/2023\/08\/emilio-ocampo.png",803,477,false],"newsever-medium":["https:\/\/apuntesdesanluis.com\/wp-content\/uploads\/2023\/08\/emilio-ocampo-720x475.png",720,475,true]},"author_info":{"display_name":"apuntesdesanluis.com","author_link":"https:\/\/apuntesdesanluis.com\/index.php\/author\/apuntesdesanluis-com\/"},"category_info":"<a href=\"https:\/\/apuntesdesanluis.com\/index.php\/category\/nacionales-internacionales\/\" rel=\"category tag\">Nacionales\/Internacionales<\/a>","tag_info":"Nacionales\/Internacionales","comment_count":"0","_links":{"self":[{"href":"https:\/\/apuntesdesanluis.com\/index.php\/wp-json\/wp\/v2\/posts\/1677","targetHints":{"allow":["GET"]}}],"collection":[{"href":"https:\/\/apuntesdesanluis.com\/index.php\/wp-json\/wp\/v2\/posts"}],"about":[{"href":"https:\/\/apuntesdesanluis.com\/index.php\/wp-json\/wp\/v2\/types\/post"}],"author":[{"embeddable":true,"href":"https:\/\/apuntesdesanluis.com\/index.php\/wp-json\/wp\/v2\/users\/1"}],"replies":[{"embeddable":true,"href":"https:\/\/apuntesdesanluis.com\/index.php\/wp-json\/wp\/v2\/comments?post=1677"}],"version-history":[{"count":1,"href":"https:\/\/apuntesdesanluis.com\/index.php\/wp-json\/wp\/v2\/posts\/1677\/revisions"}],"predecessor-version":[{"id":1679,"href":"https:\/\/apuntesdesanluis.com\/index.php\/wp-json\/wp\/v2\/posts\/1677\/revisions\/1679"}],"wp:featuredmedia":[{"embeddable":true,"href":"https:\/\/apuntesdesanluis.com\/index.php\/wp-json\/wp\/v2\/media\/1678"}],"wp:attachment":[{"href":"https:\/\/apuntesdesanluis.com\/index.php\/wp-json\/wp\/v2\/media?parent=1677"}],"wp:term":[{"taxonomy":"category","embeddable":true,"href":"https:\/\/apuntesdesanluis.com\/index.php\/wp-json\/wp\/v2\/categories?post=1677"},{"taxonomy":"post_tag","embeddable":true,"href":"https:\/\/apuntesdesanluis.com\/index.php\/wp-json\/wp\/v2\/tags?post=1677"}],"curies":[{"name":"wp","href":"https:\/\/api.w.org\/{rel}","templated":true}]}}