{"id":16787,"date":"2024-05-25T11:04:04","date_gmt":"2024-05-25T14:04:04","guid":{"rendered":"https:\/\/apuntesdesanluis.com\/?p=16787"},"modified":"2024-05-25T13:17:39","modified_gmt":"2024-05-25T16:17:39","slug":"procesion-civica-108-ediciones-manteniendo-encendida-la-llama-de-quienes-hicieron-patria","status":"publish","type":"post","link":"https:\/\/apuntesdesanluis.com\/index.php\/2024\/05\/25\/procesion-civica-108-ediciones-manteniendo-encendida-la-llama-de-quienes-hicieron-patria\/","title":{"rendered":"PROCESI\u00d3N C\u00cdVICA: 108 EDICIONES MANTENIENDO ENCENDIDA LA LLAMA DE QUIENES HICIERON PATRIA"},"content":{"rendered":"<h3>La <strong>Escuela Normal Juan Pascual Pringles<\/strong>, en un contexto de homenajes, record\u00f3 y celebr\u00f3 la v\u00edspera de un nuevo 25 de mayo, sosteniendo como cada a\u00f1o la tradici\u00f3n de peregrinar las calles puntanas. La comunidad acompa\u00f1\u00f3 a la promoci\u00f3n Calevios marchando bajo el lema: <strong>Que el fuego de la juventud mantenga encendida la llama del legado de aquellos que hicieron patria<\/strong>.<\/h3>\n<h3>Adem\u00e1s, este acto trascendental record\u00f3 los 30 a\u00f1os de la Consagraci\u00f3n Constitucional de la Autonom\u00eda de las Universidades en Argentina, lo que signific\u00f3 la independencia pol\u00edtica y administrativa de las universidades p\u00fablicas, respecto a factores externos. \u00abEs nuestro deseo recordar y reconocer la importancia de esta consagraci\u00f3n, fundada en la necesidad de evitar que los vaivenes del poder pol\u00edtico introduzcan cambios arbitrarios en la vida y autoridades universitarias. Sepan que hoy los j\u00f3venes, al igual que nuestros antepasados, nos seguimos levantando con coraje y determinaci\u00f3n para reclamar nuestros derechos\u00bb, expresaron desde la organizaci\u00f3n.<\/h3>\n<h3><img fetchpriority=\"high\" decoding=\"async\" class=\"wp-image-16788 aligncenter\" src=\"https:\/\/apuntesdesanluis.com\/wp-content\/uploads\/2024\/05\/GRANADEROS-300x195.png\" alt=\"\" width=\"589\" height=\"383\" srcset=\"https:\/\/apuntesdesanluis.com\/wp-content\/uploads\/2024\/05\/GRANADEROS-300x195.png 300w, https:\/\/apuntesdesanluis.com\/wp-content\/uploads\/2024\/05\/GRANADEROS.png 600w\" sizes=\"(max-width: 589px) 100vw, 589px\" \/><\/h3>\n<h3>Para dar inicio al encuentro, se procedi\u00f3 al arriamiento de nuestra Ense\u00f1a Patria, por parte de los representantes del Regimiento de Granaderos a Caballo, General San Mart\u00edn, Escuadr\u00f3n Ayacucho. Participaron de este evento autoridades universitarias, provinciales, municipales, militares y eclesi\u00e1sticas, alumnos\/as, exalumnos\/as, docentes, ex docentes, nodocentes, ex nodocentes, comunidad general. Acompa\u00f1aron las promociones 2024 de las escuelas de la ciudad Capital y de los establecimientos educativos invitados.<\/h3>\n<h3><img decoding=\"async\" class=\"wp-image-16790 aligncenter\" src=\"https:\/\/apuntesdesanluis.com\/wp-content\/uploads\/2024\/05\/encendido-300x176.png\" alt=\"\" width=\"591\" height=\"347\" srcset=\"https:\/\/apuntesdesanluis.com\/wp-content\/uploads\/2024\/05\/encendido-300x176.png 300w, https:\/\/apuntesdesanluis.com\/wp-content\/uploads\/2024\/05\/encendido.png 700w\" sizes=\"(max-width: 591px) 100vw, 591px\" \/><\/h3>\n<h3>Seguidamente los estudiantes Nat\u00e1n Trejo Campo y Melina Ruth Cuello entregaron al gobernador de la Provincia, Claudio Poggi; al vicegobernador, Ricardo Endeiza, ex alumno de la Instituci\u00f3n; al intendente de la ciudad de San Luis, Gast\u00f3n Hissa; al rector de la Universidad Nacional de San Luis, V\u00edctor Mori\u00f1igo; y al rector de la Escuela Normal, N\u00e9stor Castro, las antorchas iniciales que resumen el fuego de todas las antorchas juveniles para que enciendan la llama de la argentinidad.<\/h3>\n<p><img decoding=\"async\" class=\"wp-image-16792 aligncenter\" src=\"https:\/\/apuntesdesanluis.com\/wp-content\/uploads\/2024\/05\/ALUMNOS-300x200.jpg\" alt=\"\" width=\"590\" height=\"393\" srcset=\"https:\/\/apuntesdesanluis.com\/wp-content\/uploads\/2024\/05\/ALUMNOS-300x200.jpg 300w, https:\/\/apuntesdesanluis.com\/wp-content\/uploads\/2024\/05\/ALUMNOS.jpg 600w\" sizes=\"(max-width: 590px) 100vw, 590px\" \/><\/p>\n<h3>En este marco, N\u00e9stor Castro comenz\u00f3 su discurso afirmando que mayo es un mes en el que renace el esp\u00edritu de los hombres y mujeres que lucharon por una patria libre y soberana. Agreg\u00f3 que los\/as j\u00f3venes de la \u00abMixta\u00bb, han iluminado las calles de nuestra Provincia con sus lemas y convicciones c\u00edvicas por m\u00e1s de 100 a\u00f1os. \u00abNuestros estudiantes traen consigo un fuego, que es el legado de los h\u00e9roes revolucionarios, el fuego de la esperanza en que se puede construir un pa\u00eds mejor, con m\u00e1s democracia, igualdad de oportunidades, trabajo, ciencia, educaci\u00f3n, soberan\u00eda y derechos (\u2026) Nuestros estudiantes son el faro que nos orienta el camino para seguir y para darles mejores oportunidades\u00bb, dijo.<\/h3>\n<h3>MORI\u00d1IGO<\/h3>\n<h3>Por su parte, el Rector de la UNSL, manifest\u00f3 que quienes se encontraban presentes, deb\u00edan sentirse orgullosos de poder formar parte de esta Procesi\u00f3n C\u00edvica, por tener la particularidad de ser en un tiempo hist\u00f3rico de nuestro pa\u00eds, que es resultante de lo que vivimos. Asimismo, centr\u00f3 su discurso bajo una mirada desde la esperanza. \u00abPero no de esa esperanza de quien cree, tipo pensamiento m\u00e1gico, que alguien se encargar\u00e1, que algo o alguien lo resolver\u00e1, sino una esperanza de salida rumbo a un mejor bien com\u00fan. Esperanza que con trabajo y dedicaci\u00f3n podemos estar mejor\u00bb, resalt\u00f3.<\/h3>\n<p><img loading=\"lazy\" decoding=\"async\" class=\"wp-image-16791 aligncenter\" src=\"https:\/\/apuntesdesanluis.com\/wp-content\/uploads\/2024\/05\/MORINIGO-300x176.png\" alt=\"\" width=\"627\" height=\"368\" srcset=\"https:\/\/apuntesdesanluis.com\/wp-content\/uploads\/2024\/05\/MORINIGO-300x176.png 300w, https:\/\/apuntesdesanluis.com\/wp-content\/uploads\/2024\/05\/MORINIGO.png 519w\" sizes=\"(max-width: 627px) 100vw, 627px\" \/><\/p>\n<h3>Para finalizar, Mori\u00f1igo dej\u00f3 un mensaje a la juventud de San Luis. \u00abMi mensaje va a ustedes, quienes tendr\u00e1n la enorme responsabilidad de hacernos mejores como sociedad. (\u2026) Ustedes son la esperanza que gane la solidaridad, la empat\u00eda, el trabajo mancomunado, el m\u00e9rito con igualdad, el esfuerzo, la equidad, el valor del otro, el respeto, el di\u00e1logo. (\u2026) La salida es, sin dudas, la esperanza; el veh\u00edculo, la educaci\u00f3n. (\u2026) Sin educaci\u00f3n, no hay libertad. (\u2026) Festejemos esta v\u00edspera patria, trabajemos para un pa\u00eds mejor\u00bb, culmin\u00f3.<\/h3>\n<h3>CATEDRAL<\/h3>\n<h3>Luego de la concentraci\u00f3n inicial en la intersecci\u00f3n de Av. Illia y Mitre, los y las personas presentes se dirigieron frente a la Iglesia Catedral donde se hizo el primer alto de esta marcha patri\u00f3tica. All\u00ed, Saada Bentolila, representante del juda\u00edsmo y ex alumna de la Escuela, tom\u00f3 la palabra en representaci\u00f3n de los distintos cultos que fueron invitados a participar de esta celebraci\u00f3n, buscando fomentar la inclusi\u00f3n, la diversidad, el respeto y la uni\u00f3n.<\/h3>\n<h3>Bentolila expres\u00f3 que en estos tiempos de dificultades sociales y econ\u00f3micas, es fundamental recordar la valent\u00eda y el esp\u00edritu de lucha y superaci\u00f3n que nuestros pr\u00f3ceres demostraron. Junto a esto, sostuvo que m\u00e1s all\u00e1 de las diferencias, es necesario buscar el di\u00e1logo y el encuentro y que hoy m\u00e1s que nunca, es importante aferrarnos a la esperanza que nos brinda la gesta de mayo. \u00abAdem\u00e1s de uni\u00f3n y confraternidad, esperanza es la palabra que quiero transmitirles hoy, porque es constructora de ideales, de que trabajando juntos podremos superar las dificultades que enfrentamos (\u2026) al mirar hacia atr\u00e1s y recordar la valent\u00eda de nuestros antepasados, encontraremos inspiraci\u00f3n para seguir adelante\u00bb, dijo.<\/h3>\n<p><img loading=\"lazy\" decoding=\"async\" class=\"wp-image-16794 aligncenter\" src=\"https:\/\/apuntesdesanluis.com\/wp-content\/uploads\/2024\/05\/PROCESION-300x200.jpg\" alt=\"\" width=\"623\" height=\"415\" srcset=\"https:\/\/apuntesdesanluis.com\/wp-content\/uploads\/2024\/05\/PROCESION-300x200.jpg 300w, https:\/\/apuntesdesanluis.com\/wp-content\/uploads\/2024\/05\/PROCESION.jpg 600w\" sizes=\"(max-width: 623px) 100vw, 623px\" \/><\/p>\n<h3>La peregrinaci\u00f3n continu\u00f3 por calle Pringles, girando hacia Col\u00f3n, hasta el solar que perteneci\u00f3 al primer Gobernador Constitucional de la Provincia de San Luis, Justo Daract, descubriendo una placa recordatoria donde funcion\u00f3 la Escuela Normal Juan Pascual Pringles, durante el per\u00edodo 1920- 1928.<\/h3>\n<h3>Siguiendo con el recorrido, la marcha descans\u00f3 en la explanada de uno de los monumentos hist\u00f3ricos de nuestra Ciudad, la ex Casa de Gobierno, actual sede del Superior Tribunal de Justicia. All\u00ed, en representaci\u00f3n del Superior Tribunal de Justicia de la Provincia, fueron recibidos por el presidente, Dr. Eduardo Segundo Allende, quien dedic\u00f3 unas palabras de bienvenida a los y las estudiantes de la Promoci\u00f3n 2024 y a todos\/as los\/as presentes.<\/h3>\n<h3>Ah\u00ed resaltaron la presencia de las 800 antorchas que esta noche iluminaron el andar y engalanaron la jornada. A continuaci\u00f3n, se escuch\u00f3 la voz de la estudiante Morena Victoria Castro Arrieta, quien tom\u00f3 la palabra en representaci\u00f3n de la promoci\u00f3n Calevios. La estudiante expres\u00f3 que hoy nos encontramos ante la vulneraci\u00f3n del derecho al acceso a la educaci\u00f3n p\u00fablica, laica, gratuita y de excelencia acad\u00e9mica y que por ello, es necesario reflexionar sobre la necesidad de recuperar pol\u00edticas p\u00fablicas, que nos forjaron como un pa\u00eds libre y soberano.<\/h3>\n<p>&nbsp;<\/p>\n<p>&nbsp;<\/p>\n<p>&nbsp;<\/p>\n<p>&nbsp;<\/p>\n<p>&nbsp;<\/p>\n<p>&nbsp;<\/p>\n","protected":false},"excerpt":{"rendered":"<p>La Escuela Normal Juan Pascual Pringles, en un contexto de homenajes, record\u00f3 y celebr\u00f3 la&#8230;<\/p>\n","protected":false},"author":1,"featured_media":16793,"comment_status":"closed","ping_status":"closed","sticky":false,"template":"","format":"standard","meta":{"footnotes":""},"categories":[6],"tags":[],"class_list":["post-16787","post","type-post","status-publish","format-standard","has-post-thumbnail","hentry","category-ciudad-provincia"],"yoast_head":"<!-- This site is optimized with the Yoast SEO plugin v26.1.1 - https:\/\/yoast.com\/wordpress\/plugins\/seo\/ -->\n<title>PROCESI\u00d3N C\u00cdVICA: 108 EDICIONES MANTENIENDO ENCENDIDA LA LLAMA DE QUIENES HICIERON PATRIA - Apuntes de San Luis<\/title>\n<meta name=\"robots\" content=\"index, follow, max-snippet:-1, max-image-preview:large, max-video-preview:-1\" \/>\n<link rel=\"canonical\" href=\"https:\/\/apuntesdesanluis.com\/index.php\/2024\/05\/25\/procesion-civica-108-ediciones-manteniendo-encendida-la-llama-de-quienes-hicieron-patria\/\" \/>\n<meta property=\"og:locale\" content=\"es_ES\" \/>\n<meta property=\"og:type\" content=\"article\" \/>\n<meta property=\"og:title\" content=\"PROCESI\u00d3N C\u00cdVICA: 108 EDICIONES MANTENIENDO ENCENDIDA LA LLAMA DE QUIENES HICIERON PATRIA - Apuntes de San Luis\" \/>\n<meta property=\"og:description\" content=\"La Escuela Normal Juan Pascual Pringles, en un contexto de homenajes, record\u00f3 y celebr\u00f3 la...\" \/>\n<meta property=\"og:url\" content=\"https:\/\/apuntesdesanluis.com\/index.php\/2024\/05\/25\/procesion-civica-108-ediciones-manteniendo-encendida-la-llama-de-quienes-hicieron-patria\/\" \/>\n<meta property=\"og:site_name\" content=\"Apuntes de San Luis\" \/>\n<meta property=\"article:published_time\" content=\"2024-05-25T14:04:04+00:00\" \/>\n<meta property=\"article:modified_time\" content=\"2024-05-25T16:17:39+00:00\" \/>\n<meta property=\"og:image\" content=\"https:\/\/apuntesdesanluis.com\/wp-content\/uploads\/2024\/05\/llama-1.png\" \/>\n\t<meta property=\"og:image:width\" content=\"700\" \/>\n\t<meta property=\"og:image:height\" content=\"434\" \/>\n\t<meta property=\"og:image:type\" content=\"image\/png\" \/>\n<meta name=\"author\" content=\"apuntesdesanluis.com\" \/>\n<meta name=\"twitter:card\" content=\"summary_large_image\" \/>\n<meta name=\"twitter:label1\" content=\"Escrito por\" \/>\n\t<meta name=\"twitter:data1\" content=\"apuntesdesanluis.com\" \/>\n\t<meta name=\"twitter:label2\" content=\"Tiempo de lectura\" \/>\n\t<meta name=\"twitter:data2\" content=\"6 minutos\" \/>\n<script type=\"application\/ld+json\" class=\"yoast-schema-graph\">{\"@context\":\"https:\/\/schema.org\",\"@graph\":[{\"@type\":\"Article\",\"@id\":\"https:\/\/apuntesdesanluis.com\/index.php\/2024\/05\/25\/procesion-civica-108-ediciones-manteniendo-encendida-la-llama-de-quienes-hicieron-patria\/#article\",\"isPartOf\":{\"@id\":\"https:\/\/apuntesdesanluis.com\/index.php\/2024\/05\/25\/procesion-civica-108-ediciones-manteniendo-encendida-la-llama-de-quienes-hicieron-patria\/\"},\"author\":{\"name\":\"apuntesdesanluis.com\",\"@id\":\"https:\/\/apuntesdesanluis.com\/#\/schema\/person\/b55151d52296fcce64d1a72538a70b90\"},\"headline\":\"PROCESI\u00d3N C\u00cdVICA: 108 EDICIONES MANTENIENDO ENCENDIDA LA LLAMA DE QUIENES HICIERON PATRIA\",\"datePublished\":\"2024-05-25T14:04:04+00:00\",\"dateModified\":\"2024-05-25T16:17:39+00:00\",\"mainEntityOfPage\":{\"@id\":\"https:\/\/apuntesdesanluis.com\/index.php\/2024\/05\/25\/procesion-civica-108-ediciones-manteniendo-encendida-la-llama-de-quienes-hicieron-patria\/\"},\"wordCount\":1090,\"publisher\":{\"@id\":\"https:\/\/apuntesdesanluis.com\/#\/schema\/person\/b55151d52296fcce64d1a72538a70b90\"},\"image\":{\"@id\":\"https:\/\/apuntesdesanluis.com\/index.php\/2024\/05\/25\/procesion-civica-108-ediciones-manteniendo-encendida-la-llama-de-quienes-hicieron-patria\/#primaryimage\"},\"thumbnailUrl\":\"https:\/\/apuntesdesanluis.com\/wp-content\/uploads\/2024\/05\/llama-1.png\",\"articleSection\":[\"Ciudad\/Provincia\"],\"inLanguage\":\"es-AR\"},{\"@type\":\"WebPage\",\"@id\":\"https:\/\/apuntesdesanluis.com\/index.php\/2024\/05\/25\/procesion-civica-108-ediciones-manteniendo-encendida-la-llama-de-quienes-hicieron-patria\/\",\"url\":\"https:\/\/apuntesdesanluis.com\/index.php\/2024\/05\/25\/procesion-civica-108-ediciones-manteniendo-encendida-la-llama-de-quienes-hicieron-patria\/\",\"name\":\"PROCESI\u00d3N C\u00cdVICA: 108 EDICIONES MANTENIENDO ENCENDIDA LA LLAMA DE QUIENES HICIERON PATRIA - Apuntes de San Luis\",\"isPartOf\":{\"@id\":\"https:\/\/apuntesdesanluis.com\/#website\"},\"primaryImageOfPage\":{\"@id\":\"https:\/\/apuntesdesanluis.com\/index.php\/2024\/05\/25\/procesion-civica-108-ediciones-manteniendo-encendida-la-llama-de-quienes-hicieron-patria\/#primaryimage\"},\"image\":{\"@id\":\"https:\/\/apuntesdesanluis.com\/index.php\/2024\/05\/25\/procesion-civica-108-ediciones-manteniendo-encendida-la-llama-de-quienes-hicieron-patria\/#primaryimage\"},\"thumbnailUrl\":\"https:\/\/apuntesdesanluis.com\/wp-content\/uploads\/2024\/05\/llama-1.png\",\"datePublished\":\"2024-05-25T14:04:04+00:00\",\"dateModified\":\"2024-05-25T16:17:39+00:00\",\"breadcrumb\":{\"@id\":\"https:\/\/apuntesdesanluis.com\/index.php\/2024\/05\/25\/procesion-civica-108-ediciones-manteniendo-encendida-la-llama-de-quienes-hicieron-patria\/#breadcrumb\"},\"inLanguage\":\"es-AR\",\"potentialAction\":[{\"@type\":\"ReadAction\",\"target\":[\"https:\/\/apuntesdesanluis.com\/index.php\/2024\/05\/25\/procesion-civica-108-ediciones-manteniendo-encendida-la-llama-de-quienes-hicieron-patria\/\"]}]},{\"@type\":\"ImageObject\",\"inLanguage\":\"es-AR\",\"@id\":\"https:\/\/apuntesdesanluis.com\/index.php\/2024\/05\/25\/procesion-civica-108-ediciones-manteniendo-encendida-la-llama-de-quienes-hicieron-patria\/#primaryimage\",\"url\":\"https:\/\/apuntesdesanluis.com\/wp-content\/uploads\/2024\/05\/llama-1.png\",\"contentUrl\":\"https:\/\/apuntesdesanluis.com\/wp-content\/uploads\/2024\/05\/llama-1.png\",\"width\":700,\"height\":434},{\"@type\":\"BreadcrumbList\",\"@id\":\"https:\/\/apuntesdesanluis.com\/index.php\/2024\/05\/25\/procesion-civica-108-ediciones-manteniendo-encendida-la-llama-de-quienes-hicieron-patria\/#breadcrumb\",\"itemListElement\":[{\"@type\":\"ListItem\",\"position\":1,\"name\":\"Inicio\",\"item\":\"https:\/\/apuntesdesanluis.com\/\"},{\"@type\":\"ListItem\",\"position\":2,\"name\":\"PROCESI\u00d3N C\u00cdVICA: 108 EDICIONES MANTENIENDO ENCENDIDA LA LLAMA DE QUIENES HICIERON PATRIA\"}]},{\"@type\":\"WebSite\",\"@id\":\"https:\/\/apuntesdesanluis.com\/#website\",\"url\":\"https:\/\/apuntesdesanluis.com\/\",\"name\":\"Apuntes de San Luis\",\"description\":\"\",\"publisher\":{\"@id\":\"https:\/\/apuntesdesanluis.com\/#\/schema\/person\/b55151d52296fcce64d1a72538a70b90\"},\"potentialAction\":[{\"@type\":\"SearchAction\",\"target\":{\"@type\":\"EntryPoint\",\"urlTemplate\":\"https:\/\/apuntesdesanluis.com\/?s={search_term_string}\"},\"query-input\":{\"@type\":\"PropertyValueSpecification\",\"valueRequired\":true,\"valueName\":\"search_term_string\"}}],\"inLanguage\":\"es-AR\"},{\"@type\":[\"Person\",\"Organization\"],\"@id\":\"https:\/\/apuntesdesanluis.com\/#\/schema\/person\/b55151d52296fcce64d1a72538a70b90\",\"name\":\"apuntesdesanluis.com\",\"image\":{\"@type\":\"ImageObject\",\"inLanguage\":\"es-AR\",\"@id\":\"https:\/\/apuntesdesanluis.com\/#\/schema\/person\/image\/\",\"url\":\"https:\/\/apuntesdesanluis.com\/wp-content\/uploads\/2023\/07\/cropped-apuntesdesanluis.png\",\"contentUrl\":\"https:\/\/apuntesdesanluis.com\/wp-content\/uploads\/2023\/07\/cropped-apuntesdesanluis.png\",\"width\":450,\"height\":112,\"caption\":\"apuntesdesanluis.com\"},\"logo\":{\"@id\":\"https:\/\/apuntesdesanluis.com\/#\/schema\/person\/image\/\"},\"sameAs\":[\"https:\/\/apuntesdesanluis.com\"],\"url\":\"https:\/\/apuntesdesanluis.com\/index.php\/author\/apuntesdesanluis-com\/\"}]}<\/script>\n<!-- \/ Yoast SEO plugin. -->","yoast_head_json":{"title":"PROCESI\u00d3N C\u00cdVICA: 108 EDICIONES MANTENIENDO ENCENDIDA LA LLAMA DE QUIENES HICIERON PATRIA - Apuntes de San Luis","robots":{"index":"index","follow":"follow","max-snippet":"max-snippet:-1","max-image-preview":"max-image-preview:large","max-video-preview":"max-video-preview:-1"},"canonical":"https:\/\/apuntesdesanluis.com\/index.php\/2024\/05\/25\/procesion-civica-108-ediciones-manteniendo-encendida-la-llama-de-quienes-hicieron-patria\/","og_locale":"es_ES","og_type":"article","og_title":"PROCESI\u00d3N C\u00cdVICA: 108 EDICIONES MANTENIENDO ENCENDIDA LA LLAMA DE QUIENES HICIERON PATRIA - Apuntes de San Luis","og_description":"La Escuela Normal Juan Pascual Pringles, en un contexto de homenajes, record\u00f3 y celebr\u00f3 la...","og_url":"https:\/\/apuntesdesanluis.com\/index.php\/2024\/05\/25\/procesion-civica-108-ediciones-manteniendo-encendida-la-llama-de-quienes-hicieron-patria\/","og_site_name":"Apuntes de San Luis","article_published_time":"2024-05-25T14:04:04+00:00","article_modified_time":"2024-05-25T16:17:39+00:00","og_image":[{"width":700,"height":434,"url":"https:\/\/apuntesdesanluis.com\/wp-content\/uploads\/2024\/05\/llama-1.png","type":"image\/png"}],"author":"apuntesdesanluis.com","twitter_card":"summary_large_image","twitter_misc":{"Escrito por":"apuntesdesanluis.com","Tiempo de lectura":"6 minutos"},"schema":{"@context":"https:\/\/schema.org","@graph":[{"@type":"Article","@id":"https:\/\/apuntesdesanluis.com\/index.php\/2024\/05\/25\/procesion-civica-108-ediciones-manteniendo-encendida-la-llama-de-quienes-hicieron-patria\/#article","isPartOf":{"@id":"https:\/\/apuntesdesanluis.com\/index.php\/2024\/05\/25\/procesion-civica-108-ediciones-manteniendo-encendida-la-llama-de-quienes-hicieron-patria\/"},"author":{"name":"apuntesdesanluis.com","@id":"https:\/\/apuntesdesanluis.com\/#\/schema\/person\/b55151d52296fcce64d1a72538a70b90"},"headline":"PROCESI\u00d3N C\u00cdVICA: 108 EDICIONES MANTENIENDO ENCENDIDA LA LLAMA DE QUIENES HICIERON PATRIA","datePublished":"2024-05-25T14:04:04+00:00","dateModified":"2024-05-25T16:17:39+00:00","mainEntityOfPage":{"@id":"https:\/\/apuntesdesanluis.com\/index.php\/2024\/05\/25\/procesion-civica-108-ediciones-manteniendo-encendida-la-llama-de-quienes-hicieron-patria\/"},"wordCount":1090,"publisher":{"@id":"https:\/\/apuntesdesanluis.com\/#\/schema\/person\/b55151d52296fcce64d1a72538a70b90"},"image":{"@id":"https:\/\/apuntesdesanluis.com\/index.php\/2024\/05\/25\/procesion-civica-108-ediciones-manteniendo-encendida-la-llama-de-quienes-hicieron-patria\/#primaryimage"},"thumbnailUrl":"https:\/\/apuntesdesanluis.com\/wp-content\/uploads\/2024\/05\/llama-1.png","articleSection":["Ciudad\/Provincia"],"inLanguage":"es-AR"},{"@type":"WebPage","@id":"https:\/\/apuntesdesanluis.com\/index.php\/2024\/05\/25\/procesion-civica-108-ediciones-manteniendo-encendida-la-llama-de-quienes-hicieron-patria\/","url":"https:\/\/apuntesdesanluis.com\/index.php\/2024\/05\/25\/procesion-civica-108-ediciones-manteniendo-encendida-la-llama-de-quienes-hicieron-patria\/","name":"PROCESI\u00d3N C\u00cdVICA: 108 EDICIONES MANTENIENDO ENCENDIDA LA LLAMA DE QUIENES HICIERON PATRIA - Apuntes de San Luis","isPartOf":{"@id":"https:\/\/apuntesdesanluis.com\/#website"},"primaryImageOfPage":{"@id":"https:\/\/apuntesdesanluis.com\/index.php\/2024\/05\/25\/procesion-civica-108-ediciones-manteniendo-encendida-la-llama-de-quienes-hicieron-patria\/#primaryimage"},"image":{"@id":"https:\/\/apuntesdesanluis.com\/index.php\/2024\/05\/25\/procesion-civica-108-ediciones-manteniendo-encendida-la-llama-de-quienes-hicieron-patria\/#primaryimage"},"thumbnailUrl":"https:\/\/apuntesdesanluis.com\/wp-content\/uploads\/2024\/05\/llama-1.png","datePublished":"2024-05-25T14:04:04+00:00","dateModified":"2024-05-25T16:17:39+00:00","breadcrumb":{"@id":"https:\/\/apuntesdesanluis.com\/index.php\/2024\/05\/25\/procesion-civica-108-ediciones-manteniendo-encendida-la-llama-de-quienes-hicieron-patria\/#breadcrumb"},"inLanguage":"es-AR","potentialAction":[{"@type":"ReadAction","target":["https:\/\/apuntesdesanluis.com\/index.php\/2024\/05\/25\/procesion-civica-108-ediciones-manteniendo-encendida-la-llama-de-quienes-hicieron-patria\/"]}]},{"@type":"ImageObject","inLanguage":"es-AR","@id":"https:\/\/apuntesdesanluis.com\/index.php\/2024\/05\/25\/procesion-civica-108-ediciones-manteniendo-encendida-la-llama-de-quienes-hicieron-patria\/#primaryimage","url":"https:\/\/apuntesdesanluis.com\/wp-content\/uploads\/2024\/05\/llama-1.png","contentUrl":"https:\/\/apuntesdesanluis.com\/wp-content\/uploads\/2024\/05\/llama-1.png","width":700,"height":434},{"@type":"BreadcrumbList","@id":"https:\/\/apuntesdesanluis.com\/index.php\/2024\/05\/25\/procesion-civica-108-ediciones-manteniendo-encendida-la-llama-de-quienes-hicieron-patria\/#breadcrumb","itemListElement":[{"@type":"ListItem","position":1,"name":"Inicio","item":"https:\/\/apuntesdesanluis.com\/"},{"@type":"ListItem","position":2,"name":"PROCESI\u00d3N C\u00cdVICA: 108 EDICIONES MANTENIENDO ENCENDIDA LA LLAMA DE QUIENES HICIERON PATRIA"}]},{"@type":"WebSite","@id":"https:\/\/apuntesdesanluis.com\/#website","url":"https:\/\/apuntesdesanluis.com\/","name":"Apuntes de San Luis","description":"","publisher":{"@id":"https:\/\/apuntesdesanluis.com\/#\/schema\/person\/b55151d52296fcce64d1a72538a70b90"},"potentialAction":[{"@type":"SearchAction","target":{"@type":"EntryPoint","urlTemplate":"https:\/\/apuntesdesanluis.com\/?s={search_term_string}"},"query-input":{"@type":"PropertyValueSpecification","valueRequired":true,"valueName":"search_term_string"}}],"inLanguage":"es-AR"},{"@type":["Person","Organization"],"@id":"https:\/\/apuntesdesanluis.com\/#\/schema\/person\/b55151d52296fcce64d1a72538a70b90","name":"apuntesdesanluis.com","image":{"@type":"ImageObject","inLanguage":"es-AR","@id":"https:\/\/apuntesdesanluis.com\/#\/schema\/person\/image\/","url":"https:\/\/apuntesdesanluis.com\/wp-content\/uploads\/2023\/07\/cropped-apuntesdesanluis.png","contentUrl":"https:\/\/apuntesdesanluis.com\/wp-content\/uploads\/2023\/07\/cropped-apuntesdesanluis.png","width":450,"height":112,"caption":"apuntesdesanluis.com"},"logo":{"@id":"https:\/\/apuntesdesanluis.com\/#\/schema\/person\/image\/"},"sameAs":["https:\/\/apuntesdesanluis.com"],"url":"https:\/\/apuntesdesanluis.com\/index.php\/author\/apuntesdesanluis-com\/"}]}},"featured_image_urls":{"full":["https:\/\/apuntesdesanluis.com\/wp-content\/uploads\/2024\/05\/llama-1.png",700,434,false],"thumbnail":["https:\/\/apuntesdesanluis.com\/wp-content\/uploads\/2024\/05\/llama-1-150x150.png",150,150,true],"medium":["https:\/\/apuntesdesanluis.com\/wp-content\/uploads\/2024\/05\/llama-1-300x186.png",300,186,true],"medium_large":["https:\/\/apuntesdesanluis.com\/wp-content\/uploads\/2024\/05\/llama-1.png",640,397,false],"large":["https:\/\/apuntesdesanluis.com\/wp-content\/uploads\/2024\/05\/llama-1.png",640,397,false],"1536x1536":["https:\/\/apuntesdesanluis.com\/wp-content\/uploads\/2024\/05\/llama-1.png",700,434,false],"2048x2048":["https:\/\/apuntesdesanluis.com\/wp-content\/uploads\/2024\/05\/llama-1.png",700,434,false],"newsever-slider-full":["https:\/\/apuntesdesanluis.com\/wp-content\/uploads\/2024\/05\/llama-1.png",700,434,false],"newsever-featured":["https:\/\/apuntesdesanluis.com\/wp-content\/uploads\/2024\/05\/llama-1.png",700,434,false],"newsever-medium":["https:\/\/apuntesdesanluis.com\/wp-content\/uploads\/2024\/05\/llama-1.png",700,434,false]},"author_info":{"display_name":"apuntesdesanluis.com","author_link":"https:\/\/apuntesdesanluis.com\/index.php\/author\/apuntesdesanluis-com\/"},"category_info":"<a href=\"https:\/\/apuntesdesanluis.com\/index.php\/category\/ciudad-provincia\/\" rel=\"category tag\">Ciudad\/Provincia<\/a>","tag_info":"Ciudad\/Provincia","comment_count":"0","_links":{"self":[{"href":"https:\/\/apuntesdesanluis.com\/index.php\/wp-json\/wp\/v2\/posts\/16787","targetHints":{"allow":["GET"]}}],"collection":[{"href":"https:\/\/apuntesdesanluis.com\/index.php\/wp-json\/wp\/v2\/posts"}],"about":[{"href":"https:\/\/apuntesdesanluis.com\/index.php\/wp-json\/wp\/v2\/types\/post"}],"author":[{"embeddable":true,"href":"https:\/\/apuntesdesanluis.com\/index.php\/wp-json\/wp\/v2\/users\/1"}],"replies":[{"embeddable":true,"href":"https:\/\/apuntesdesanluis.com\/index.php\/wp-json\/wp\/v2\/comments?post=16787"}],"version-history":[{"count":1,"href":"https:\/\/apuntesdesanluis.com\/index.php\/wp-json\/wp\/v2\/posts\/16787\/revisions"}],"predecessor-version":[{"id":16795,"href":"https:\/\/apuntesdesanluis.com\/index.php\/wp-json\/wp\/v2\/posts\/16787\/revisions\/16795"}],"wp:featuredmedia":[{"embeddable":true,"href":"https:\/\/apuntesdesanluis.com\/index.php\/wp-json\/wp\/v2\/media\/16793"}],"wp:attachment":[{"href":"https:\/\/apuntesdesanluis.com\/index.php\/wp-json\/wp\/v2\/media?parent=16787"}],"wp:term":[{"taxonomy":"category","embeddable":true,"href":"https:\/\/apuntesdesanluis.com\/index.php\/wp-json\/wp\/v2\/categories?post=16787"},{"taxonomy":"post_tag","embeddable":true,"href":"https:\/\/apuntesdesanluis.com\/index.php\/wp-json\/wp\/v2\/tags?post=16787"}],"curies":[{"name":"wp","href":"https:\/\/api.w.org\/{rel}","templated":true}]}}