{"id":16796,"date":"2024-05-25T19:05:38","date_gmt":"2024-05-25T22:05:38","guid":{"rendered":"https:\/\/apuntesdesanluis.com\/?p=16796"},"modified":"2024-05-25T19:17:03","modified_gmt":"2024-05-25T22:17:03","slug":"el-editor-resentido-y-la-historia-del-cuadro","status":"publish","type":"post","link":"https:\/\/apuntesdesanluis.com\/index.php\/2024\/05\/25\/el-editor-resentido-y-la-historia-del-cuadro\/","title":{"rendered":"EL EDITOR RESENTIDO Y LA HISTORIA DEL CUADRO"},"content":{"rendered":"<h3>Por <strong>Eduardo Gargiulo<\/strong><\/h3>\n<h3>Uno de los principales temas de an\u00e1lisis en cada caf\u00e9 o juntada de gente afecta al an\u00e1lisis pol\u00edtico, es divagar acerca de cu\u00e1les ser\u00e1n los pr\u00f3ximos pasos pol\u00edticos del intendente de Villa Mercedes. El solo hecho de que se haya instalado esta intriga da cuenta que alg\u00fan cambio se espera.<\/h3>\n<h3>Los triunfos sirven para ratificar acciones y virtudes, aunque a veces tambi\u00e9n generan problemas. Lo termin\u00f3 de aprender Frontera el a\u00f1o pasado, cuando obtuvo su reelecci\u00f3n cosechando m\u00e1s votos que el Gato Fern\u00e1ndez y los candidatos de Poggi. En simult\u00e1neo, conclu\u00eda abruptamente el sue\u00f1o reeleccionista de Tamayo en capital.<\/h3>\n<h3>Poco despu\u00e9s, la derrota del entonces oficialismo en la presidencial, terminaba por dejar instalado al &#8220;Maxi\u201d como el dirigente con mayor proyecci\u00f3n provincial, al ser el \u00fanico que salvaba la ropa. Apresuradamente, muchos comenzaron a catapultarlo como el pr\u00f3ximo candidato a gobernador.<\/h3>\n<h3>La evidencia no cay\u00f3 bien en aquellos acostumbrados a \u201cinventar\u201d dirigentes, antes que a reconocerles m\u00e9ritos propios.<\/h3>\n<h3>Fue en el mes de noviembre cuando Frontera tuvo claras las opciones. Ante la instrucci\u00f3n del t\u00edo Alberto de \u201cincendiar la provincia\u201d, opt\u00f3 por asegurar la gobernabilidad durante su segunda gesti\u00f3n. Desde entonces comenz\u00f3 a transitar la senda del respeto institucional y a caminar junto al gobernador, para desagrado de los ultraopositores.<\/h3>\n<h3>No tard\u00f3 en recibir un regalo de vuelta, que a\u00f1os atr\u00e1s le hab\u00eda entregado en manos a su mes\u00edas. Alberto se lo devolvi\u00f3 a trav\u00e9s de un intermediario, muy bien envuelto: se trata del cuadro en el que aparecen junto a Ver\u00f3nica Bailone, escoltando al ex mandatario.<\/h3>\n<h3>La imagen cobr\u00f3 m\u00e1xima notoriedad en tiempos de pandemia, cuando el ex mandatario la incluy\u00f3 en la sobria escenograf\u00eda que lo acompa\u00f1aba durante sus paternales discursos a la ciudadan\u00eda.<\/h3>\n<h3>La devoluci\u00f3n de ese regalo constituy\u00f3 un claro mensaje, en modo cuasi mafioso. La relaci\u00f3n se hab\u00eda roto. As\u00ed lo interpret\u00f3 Frontera, quien comenz\u00f3 a actuar con autonom\u00eda y prescindencia de los mandatos puntanos. Nunca m\u00e1s se abri\u00f3 la sede del PJ departamental. \u00bfPara qu\u00e9?<\/h3>\n<h3>Lo que vino es historia conocida. Los diputados que le responden se escindieron del bloque, ayudaron en algunas votaciones al gobierno, juntaron m\u00e1s adhesiones y hoy suman ocho voluntades, que conduce el ex secretario de Hacienda Nicol\u00e1s Gonz\u00e1lez Ferro. El correlato de la gobernabilidad se visualiza en el Concejo Deliberante local, donde existe una convivencia y tranquilidad pocas veces vista.<\/h3>\n<h3>Cada vez que el gobernador visita Villa Mercedes lo suma a su lado al intendente y juntos visitan instituciones, inauguran obras o participan de actos. En general a nadie le disgusta verlos juntos, y es l\u00f3gico. Al haber ganado cada uno en su categor\u00eda, no hay que ser muy despierto para advertir que una franja mayoritaria del electorado los vot\u00f3 a ambos. Ergo: a ninguno conviene pelearse con el otro, todo lo contrario. Al menos por ahora.<\/h3>\n<h3><strong>EDITOR RESENTIDO<\/strong><\/h3>\n<h3>Mientras en t\u00e9rminos institucionales todo parece fluir de maravillas, desde el rinc\u00f3n de los resentidos comenzaron a fines del a\u00f1o pasado a disparar sus ca\u00f1ones p\u00fablicamente, a trav\u00e9s del ariete que hist\u00f3ricamente usaron para alinear opositores o tirarle orejas a los funcionarios.<\/h3>\n<h3>Aburrido de tanto tiempo libre, el propio Alberto la juega de editor y supervisa cada noticia que se publica en t\u00e9rminos pol\u00edticos. \u00c9l mismo cambia o elige los t\u00edtulos y agrega o elimina p\u00e1rrafos enteros que no se adaptan a su gusto.<\/h3>\n<h3>Cada d\u00eda desde el hist\u00f3rico diario le tira a Poggi y Frontera sus dardos envenenados. Sea sobre sus funcionarios, la gesti\u00f3n o lo que pinte. La consigna es clara y lo saben los periodistas que debieron adaptarse, para conservar el puesto. Lo que antes sufr\u00eda \u00e9l, desde El Chorrillero, ahora lo ejercita contra sus adversarios.<\/h3>\n<h3>As\u00ed se empez\u00f3 a limar la figura de Poggi all\u00e1 por 2015, para bajarle el copete de la reelecci\u00f3n En aqu\u00e9l contexto el berret\u00edn no era el diario sino los micr\u00f3fonos de su radio. Alberto discurr\u00eda en largos editoriales que eran aplaudidos por su s\u00e9quito con devoci\u00f3n profunda y sobreactuada. Poggi, como Frontera, hab\u00eda cometido el involuntario pecado de obtener m\u00e1s votos que los hermanos. Y en su entorno alguien hab\u00eda mencionado la palabra reelecci\u00f3n.<\/h3>\n<h3>La campa\u00f1a contra el actual mandatario fue tan brutal que lo obligaron a irse del PJ, pensando que con ello lo condenaban al ostracismo. Error de c\u00e1lculo que les cost\u00f3 perder varias elecciones posteriores.<\/h3>\n<h3><strong>\u00bfLA HISTORIA SE REPITE?<\/strong><\/h3>\n<h3>Observando la artiller\u00eda que le disparan a Maxi Frontera, y el distanciamiento partidario (adem\u00e1s del regalo devuelto), pareciera que asistimos a la repetici\u00f3n de la historia.<\/h3>\n<h3>En su intimidad, de a ratos Frontera tiene deseos de patear el tablero y armar un nuevo espacio pol\u00edtico, para comenzar a desandar su propio camino, sin padrinos ni patrones. Pero varios de los que lo rodean lo desalientan a m\u00e1s no poder, en desacuerdo con \u201cregalarle el partido al Alberto\u201d.<\/h3>\n<h3>Los tiempos se acortan inexorablemente. El 17 de noviembre est\u00e1 convocada la elecci\u00f3n de nuevas autoridades partidarias. Meses atr\u00e1s Frontera propuso en los medios su idea de una elecci\u00f3n a padr\u00f3n abierto, lo que termin\u00f3 por enfurecer al editor. Tampoco nadie en el PJ lo sali\u00f3 a bancar. Se sinti\u00f3 m\u00e1s solo que nunca e incluso se lo reproch\u00f3 a varios de sus funcionarios pol\u00edticos, por mantenerse en silencio y no salir a defender la gesti\u00f3n.<\/h3>\n<h3>Esta semana Frontera sufri\u00f3 un nuevo disgusto, cuando le hicieron llegar a trav\u00e9s de whatsapp la noticia que public\u00f3 el diario, instalando la sospecha de que ten\u00eda relaci\u00f3n con Yago Nahuel Escobar, el trader villamercedino detenido en San Luis, acusado de pertenecer a una banda dedicada a realizar estafas financieras.<\/h3>\n<h3>No hubo pruebas, claro. Apenas una vieja foto en la que posa con varias personas, entre ellas el rubio dandi, como las miles de im\u00e1genes que Frontera lleva acumuladas en la calle con gente que ni siquiera conoce. Eso alcanz\u00f3 para que el editor supusiera \u201cv\u00ednculos pol\u00edticos\u201d del osado estafador con el intendente villamercedino.<\/h3>\n<h3>Poco para ser serio, suficiente para medir el grado de odio que su figura inspira al editor<\/h3>\n<h3>Cosas como esas son las que alejan a Frontera de la idea de dar batalla interna y lo aproximan al derrotero que sigui\u00f3 Poggi. Algunos que gustan de simplificar los hechos lo imaginan, en cambio, acompa\u00f1ando a \u00e9ste en una misma f\u00f3rmula. O como candidato a diputado nacional.<\/h3>\n<h3>Suena apresurado alimentar elucubraciones semejantes, a tres a\u00f1os de dichas definiciones. La crisis, junto a la escasez de recursos, no permiten distraer la mirada de la gesti\u00f3n. Tampoco es f\u00e1cil relajarse, con el nivel de incertidumbre que aporta Milei a la coyuntura y que desaf\u00eda a diario al entramado pol\u00edtico.<\/h3>\n<h3>Sin ocupaciones de gobierno ni cargos que atender, el editor seguir\u00e1 haciendo de las suyas. Entretenido en tratar de incidir en el armado nacional del justicialismo y hacer punter\u00eda contra los que gobiernan. Desafiando el paso del tiempo, que tampoco juega a su favor.<\/h3>\n<p>&nbsp;<\/p>\n<p>&nbsp;<\/p>\n<p>&nbsp;<\/p>\n<p>&nbsp;<\/p>\n<p>&nbsp;<\/p>\n<p>&nbsp;<\/p>\n<p>&nbsp;<\/p>\n<p>&nbsp;<\/p>\n","protected":false},"excerpt":{"rendered":"<p>Por Eduardo Gargiulo Uno de los principales temas de an\u00e1lisis en cada caf\u00e9 o juntada&#8230;<\/p>\n","protected":false},"author":1,"featured_media":16797,"comment_status":"closed","ping_status":"closed","sticky":false,"template":"","format":"standard","meta":{"footnotes":""},"categories":[9],"tags":[],"class_list":["post-16796","post","type-post","status-publish","format-standard","has-post-thumbnail","hentry","category-opinion"],"yoast_head":"<!-- This site is optimized with the Yoast SEO plugin v26.1.1 - https:\/\/yoast.com\/wordpress\/plugins\/seo\/ -->\n<title>EL EDITOR RESENTIDO Y LA HISTORIA DEL CUADRO - Apuntes de San Luis<\/title>\n<meta name=\"robots\" content=\"index, follow, max-snippet:-1, max-image-preview:large, max-video-preview:-1\" \/>\n<link rel=\"canonical\" href=\"https:\/\/apuntesdesanluis.com\/index.php\/2024\/05\/25\/el-editor-resentido-y-la-historia-del-cuadro\/\" \/>\n<meta property=\"og:locale\" content=\"es_ES\" \/>\n<meta property=\"og:type\" content=\"article\" \/>\n<meta property=\"og:title\" content=\"EL EDITOR RESENTIDO Y LA HISTORIA DEL CUADRO - Apuntes de San Luis\" \/>\n<meta property=\"og:description\" content=\"Por Eduardo Gargiulo Uno de los principales temas de an\u00e1lisis en cada caf\u00e9 o juntada...\" \/>\n<meta property=\"og:url\" content=\"https:\/\/apuntesdesanluis.com\/index.php\/2024\/05\/25\/el-editor-resentido-y-la-historia-del-cuadro\/\" \/>\n<meta property=\"og:site_name\" content=\"Apuntes de San Luis\" \/>\n<meta property=\"article:published_time\" content=\"2024-05-25T22:05:38+00:00\" \/>\n<meta property=\"article:modified_time\" content=\"2024-05-25T22:17:03+00:00\" \/>\n<meta property=\"og:image\" content=\"https:\/\/apuntesdesanluis.com\/wp-content\/uploads\/2024\/05\/cuadro.png\" \/>\n\t<meta property=\"og:image:width\" content=\"700\" \/>\n\t<meta property=\"og:image:height\" content=\"409\" \/>\n\t<meta property=\"og:image:type\" content=\"image\/png\" \/>\n<meta name=\"author\" content=\"apuntesdesanluis.com\" \/>\n<meta name=\"twitter:card\" content=\"summary_large_image\" \/>\n<meta name=\"twitter:label1\" content=\"Escrito por\" \/>\n\t<meta name=\"twitter:data1\" content=\"apuntesdesanluis.com\" \/>\n\t<meta name=\"twitter:label2\" content=\"Tiempo de lectura\" \/>\n\t<meta name=\"twitter:data2\" content=\"6 minutos\" \/>\n<script type=\"application\/ld+json\" class=\"yoast-schema-graph\">{\"@context\":\"https:\/\/schema.org\",\"@graph\":[{\"@type\":\"Article\",\"@id\":\"https:\/\/apuntesdesanluis.com\/index.php\/2024\/05\/25\/el-editor-resentido-y-la-historia-del-cuadro\/#article\",\"isPartOf\":{\"@id\":\"https:\/\/apuntesdesanluis.com\/index.php\/2024\/05\/25\/el-editor-resentido-y-la-historia-del-cuadro\/\"},\"author\":{\"name\":\"apuntesdesanluis.com\",\"@id\":\"https:\/\/apuntesdesanluis.com\/#\/schema\/person\/b55151d52296fcce64d1a72538a70b90\"},\"headline\":\"EL EDITOR RESENTIDO Y LA HISTORIA DEL CUADRO\",\"datePublished\":\"2024-05-25T22:05:38+00:00\",\"dateModified\":\"2024-05-25T22:17:03+00:00\",\"mainEntityOfPage\":{\"@id\":\"https:\/\/apuntesdesanluis.com\/index.php\/2024\/05\/25\/el-editor-resentido-y-la-historia-del-cuadro\/\"},\"wordCount\":1252,\"publisher\":{\"@id\":\"https:\/\/apuntesdesanluis.com\/#\/schema\/person\/b55151d52296fcce64d1a72538a70b90\"},\"image\":{\"@id\":\"https:\/\/apuntesdesanluis.com\/index.php\/2024\/05\/25\/el-editor-resentido-y-la-historia-del-cuadro\/#primaryimage\"},\"thumbnailUrl\":\"https:\/\/apuntesdesanluis.com\/wp-content\/uploads\/2024\/05\/cuadro.png\",\"articleSection\":[\"Opini\u00f3n\"],\"inLanguage\":\"es-AR\"},{\"@type\":\"WebPage\",\"@id\":\"https:\/\/apuntesdesanluis.com\/index.php\/2024\/05\/25\/el-editor-resentido-y-la-historia-del-cuadro\/\",\"url\":\"https:\/\/apuntesdesanluis.com\/index.php\/2024\/05\/25\/el-editor-resentido-y-la-historia-del-cuadro\/\",\"name\":\"EL EDITOR RESENTIDO Y LA HISTORIA DEL CUADRO - Apuntes de San Luis\",\"isPartOf\":{\"@id\":\"https:\/\/apuntesdesanluis.com\/#website\"},\"primaryImageOfPage\":{\"@id\":\"https:\/\/apuntesdesanluis.com\/index.php\/2024\/05\/25\/el-editor-resentido-y-la-historia-del-cuadro\/#primaryimage\"},\"image\":{\"@id\":\"https:\/\/apuntesdesanluis.com\/index.php\/2024\/05\/25\/el-editor-resentido-y-la-historia-del-cuadro\/#primaryimage\"},\"thumbnailUrl\":\"https:\/\/apuntesdesanluis.com\/wp-content\/uploads\/2024\/05\/cuadro.png\",\"datePublished\":\"2024-05-25T22:05:38+00:00\",\"dateModified\":\"2024-05-25T22:17:03+00:00\",\"breadcrumb\":{\"@id\":\"https:\/\/apuntesdesanluis.com\/index.php\/2024\/05\/25\/el-editor-resentido-y-la-historia-del-cuadro\/#breadcrumb\"},\"inLanguage\":\"es-AR\",\"potentialAction\":[{\"@type\":\"ReadAction\",\"target\":[\"https:\/\/apuntesdesanluis.com\/index.php\/2024\/05\/25\/el-editor-resentido-y-la-historia-del-cuadro\/\"]}]},{\"@type\":\"ImageObject\",\"inLanguage\":\"es-AR\",\"@id\":\"https:\/\/apuntesdesanluis.com\/index.php\/2024\/05\/25\/el-editor-resentido-y-la-historia-del-cuadro\/#primaryimage\",\"url\":\"https:\/\/apuntesdesanluis.com\/wp-content\/uploads\/2024\/05\/cuadro.png\",\"contentUrl\":\"https:\/\/apuntesdesanluis.com\/wp-content\/uploads\/2024\/05\/cuadro.png\",\"width\":700,\"height\":409},{\"@type\":\"BreadcrumbList\",\"@id\":\"https:\/\/apuntesdesanluis.com\/index.php\/2024\/05\/25\/el-editor-resentido-y-la-historia-del-cuadro\/#breadcrumb\",\"itemListElement\":[{\"@type\":\"ListItem\",\"position\":1,\"name\":\"Inicio\",\"item\":\"https:\/\/apuntesdesanluis.com\/\"},{\"@type\":\"ListItem\",\"position\":2,\"name\":\"EL EDITOR RESENTIDO Y LA HISTORIA DEL CUADRO\"}]},{\"@type\":\"WebSite\",\"@id\":\"https:\/\/apuntesdesanluis.com\/#website\",\"url\":\"https:\/\/apuntesdesanluis.com\/\",\"name\":\"Apuntes de San Luis\",\"description\":\"\",\"publisher\":{\"@id\":\"https:\/\/apuntesdesanluis.com\/#\/schema\/person\/b55151d52296fcce64d1a72538a70b90\"},\"potentialAction\":[{\"@type\":\"SearchAction\",\"target\":{\"@type\":\"EntryPoint\",\"urlTemplate\":\"https:\/\/apuntesdesanluis.com\/?s={search_term_string}\"},\"query-input\":{\"@type\":\"PropertyValueSpecification\",\"valueRequired\":true,\"valueName\":\"search_term_string\"}}],\"inLanguage\":\"es-AR\"},{\"@type\":[\"Person\",\"Organization\"],\"@id\":\"https:\/\/apuntesdesanluis.com\/#\/schema\/person\/b55151d52296fcce64d1a72538a70b90\",\"name\":\"apuntesdesanluis.com\",\"image\":{\"@type\":\"ImageObject\",\"inLanguage\":\"es-AR\",\"@id\":\"https:\/\/apuntesdesanluis.com\/#\/schema\/person\/image\/\",\"url\":\"https:\/\/apuntesdesanluis.com\/wp-content\/uploads\/2023\/07\/cropped-apuntesdesanluis.png\",\"contentUrl\":\"https:\/\/apuntesdesanluis.com\/wp-content\/uploads\/2023\/07\/cropped-apuntesdesanluis.png\",\"width\":450,\"height\":112,\"caption\":\"apuntesdesanluis.com\"},\"logo\":{\"@id\":\"https:\/\/apuntesdesanluis.com\/#\/schema\/person\/image\/\"},\"sameAs\":[\"https:\/\/apuntesdesanluis.com\"],\"url\":\"https:\/\/apuntesdesanluis.com\/index.php\/author\/apuntesdesanluis-com\/\"}]}<\/script>\n<!-- \/ Yoast SEO plugin. -->","yoast_head_json":{"title":"EL EDITOR RESENTIDO Y LA HISTORIA DEL CUADRO - Apuntes de San Luis","robots":{"index":"index","follow":"follow","max-snippet":"max-snippet:-1","max-image-preview":"max-image-preview:large","max-video-preview":"max-video-preview:-1"},"canonical":"https:\/\/apuntesdesanluis.com\/index.php\/2024\/05\/25\/el-editor-resentido-y-la-historia-del-cuadro\/","og_locale":"es_ES","og_type":"article","og_title":"EL EDITOR RESENTIDO Y LA HISTORIA DEL CUADRO - Apuntes de San Luis","og_description":"Por Eduardo Gargiulo Uno de los principales temas de an\u00e1lisis en cada caf\u00e9 o juntada...","og_url":"https:\/\/apuntesdesanluis.com\/index.php\/2024\/05\/25\/el-editor-resentido-y-la-historia-del-cuadro\/","og_site_name":"Apuntes de San Luis","article_published_time":"2024-05-25T22:05:38+00:00","article_modified_time":"2024-05-25T22:17:03+00:00","og_image":[{"width":700,"height":409,"url":"https:\/\/apuntesdesanluis.com\/wp-content\/uploads\/2024\/05\/cuadro.png","type":"image\/png"}],"author":"apuntesdesanluis.com","twitter_card":"summary_large_image","twitter_misc":{"Escrito por":"apuntesdesanluis.com","Tiempo de lectura":"6 minutos"},"schema":{"@context":"https:\/\/schema.org","@graph":[{"@type":"Article","@id":"https:\/\/apuntesdesanluis.com\/index.php\/2024\/05\/25\/el-editor-resentido-y-la-historia-del-cuadro\/#article","isPartOf":{"@id":"https:\/\/apuntesdesanluis.com\/index.php\/2024\/05\/25\/el-editor-resentido-y-la-historia-del-cuadro\/"},"author":{"name":"apuntesdesanluis.com","@id":"https:\/\/apuntesdesanluis.com\/#\/schema\/person\/b55151d52296fcce64d1a72538a70b90"},"headline":"EL EDITOR RESENTIDO Y LA HISTORIA DEL CUADRO","datePublished":"2024-05-25T22:05:38+00:00","dateModified":"2024-05-25T22:17:03+00:00","mainEntityOfPage":{"@id":"https:\/\/apuntesdesanluis.com\/index.php\/2024\/05\/25\/el-editor-resentido-y-la-historia-del-cuadro\/"},"wordCount":1252,"publisher":{"@id":"https:\/\/apuntesdesanluis.com\/#\/schema\/person\/b55151d52296fcce64d1a72538a70b90"},"image":{"@id":"https:\/\/apuntesdesanluis.com\/index.php\/2024\/05\/25\/el-editor-resentido-y-la-historia-del-cuadro\/#primaryimage"},"thumbnailUrl":"https:\/\/apuntesdesanluis.com\/wp-content\/uploads\/2024\/05\/cuadro.png","articleSection":["Opini\u00f3n"],"inLanguage":"es-AR"},{"@type":"WebPage","@id":"https:\/\/apuntesdesanluis.com\/index.php\/2024\/05\/25\/el-editor-resentido-y-la-historia-del-cuadro\/","url":"https:\/\/apuntesdesanluis.com\/index.php\/2024\/05\/25\/el-editor-resentido-y-la-historia-del-cuadro\/","name":"EL EDITOR RESENTIDO Y LA HISTORIA DEL CUADRO - Apuntes de San Luis","isPartOf":{"@id":"https:\/\/apuntesdesanluis.com\/#website"},"primaryImageOfPage":{"@id":"https:\/\/apuntesdesanluis.com\/index.php\/2024\/05\/25\/el-editor-resentido-y-la-historia-del-cuadro\/#primaryimage"},"image":{"@id":"https:\/\/apuntesdesanluis.com\/index.php\/2024\/05\/25\/el-editor-resentido-y-la-historia-del-cuadro\/#primaryimage"},"thumbnailUrl":"https:\/\/apuntesdesanluis.com\/wp-content\/uploads\/2024\/05\/cuadro.png","datePublished":"2024-05-25T22:05:38+00:00","dateModified":"2024-05-25T22:17:03+00:00","breadcrumb":{"@id":"https:\/\/apuntesdesanluis.com\/index.php\/2024\/05\/25\/el-editor-resentido-y-la-historia-del-cuadro\/#breadcrumb"},"inLanguage":"es-AR","potentialAction":[{"@type":"ReadAction","target":["https:\/\/apuntesdesanluis.com\/index.php\/2024\/05\/25\/el-editor-resentido-y-la-historia-del-cuadro\/"]}]},{"@type":"ImageObject","inLanguage":"es-AR","@id":"https:\/\/apuntesdesanluis.com\/index.php\/2024\/05\/25\/el-editor-resentido-y-la-historia-del-cuadro\/#primaryimage","url":"https:\/\/apuntesdesanluis.com\/wp-content\/uploads\/2024\/05\/cuadro.png","contentUrl":"https:\/\/apuntesdesanluis.com\/wp-content\/uploads\/2024\/05\/cuadro.png","width":700,"height":409},{"@type":"BreadcrumbList","@id":"https:\/\/apuntesdesanluis.com\/index.php\/2024\/05\/25\/el-editor-resentido-y-la-historia-del-cuadro\/#breadcrumb","itemListElement":[{"@type":"ListItem","position":1,"name":"Inicio","item":"https:\/\/apuntesdesanluis.com\/"},{"@type":"ListItem","position":2,"name":"EL EDITOR RESENTIDO Y LA HISTORIA DEL CUADRO"}]},{"@type":"WebSite","@id":"https:\/\/apuntesdesanluis.com\/#website","url":"https:\/\/apuntesdesanluis.com\/","name":"Apuntes de San Luis","description":"","publisher":{"@id":"https:\/\/apuntesdesanluis.com\/#\/schema\/person\/b55151d52296fcce64d1a72538a70b90"},"potentialAction":[{"@type":"SearchAction","target":{"@type":"EntryPoint","urlTemplate":"https:\/\/apuntesdesanluis.com\/?s={search_term_string}"},"query-input":{"@type":"PropertyValueSpecification","valueRequired":true,"valueName":"search_term_string"}}],"inLanguage":"es-AR"},{"@type":["Person","Organization"],"@id":"https:\/\/apuntesdesanluis.com\/#\/schema\/person\/b55151d52296fcce64d1a72538a70b90","name":"apuntesdesanluis.com","image":{"@type":"ImageObject","inLanguage":"es-AR","@id":"https:\/\/apuntesdesanluis.com\/#\/schema\/person\/image\/","url":"https:\/\/apuntesdesanluis.com\/wp-content\/uploads\/2023\/07\/cropped-apuntesdesanluis.png","contentUrl":"https:\/\/apuntesdesanluis.com\/wp-content\/uploads\/2023\/07\/cropped-apuntesdesanluis.png","width":450,"height":112,"caption":"apuntesdesanluis.com"},"logo":{"@id":"https:\/\/apuntesdesanluis.com\/#\/schema\/person\/image\/"},"sameAs":["https:\/\/apuntesdesanluis.com"],"url":"https:\/\/apuntesdesanluis.com\/index.php\/author\/apuntesdesanluis-com\/"}]}},"featured_image_urls":{"full":["https:\/\/apuntesdesanluis.com\/wp-content\/uploads\/2024\/05\/cuadro.png",700,409,false],"thumbnail":["https:\/\/apuntesdesanluis.com\/wp-content\/uploads\/2024\/05\/cuadro-150x150.png",150,150,true],"medium":["https:\/\/apuntesdesanluis.com\/wp-content\/uploads\/2024\/05\/cuadro-300x175.png",300,175,true],"medium_large":["https:\/\/apuntesdesanluis.com\/wp-content\/uploads\/2024\/05\/cuadro.png",640,374,false],"large":["https:\/\/apuntesdesanluis.com\/wp-content\/uploads\/2024\/05\/cuadro.png",640,374,false],"1536x1536":["https:\/\/apuntesdesanluis.com\/wp-content\/uploads\/2024\/05\/cuadro.png",700,409,false],"2048x2048":["https:\/\/apuntesdesanluis.com\/wp-content\/uploads\/2024\/05\/cuadro.png",700,409,false],"newsever-slider-full":["https:\/\/apuntesdesanluis.com\/wp-content\/uploads\/2024\/05\/cuadro.png",700,409,false],"newsever-featured":["https:\/\/apuntesdesanluis.com\/wp-content\/uploads\/2024\/05\/cuadro.png",700,409,false],"newsever-medium":["https:\/\/apuntesdesanluis.com\/wp-content\/uploads\/2024\/05\/cuadro.png",700,409,false]},"author_info":{"display_name":"apuntesdesanluis.com","author_link":"https:\/\/apuntesdesanluis.com\/index.php\/author\/apuntesdesanluis-com\/"},"category_info":"<a href=\"https:\/\/apuntesdesanluis.com\/index.php\/category\/opinion\/\" rel=\"category tag\">Opini\u00f3n<\/a>","tag_info":"Opini\u00f3n","comment_count":"0","_links":{"self":[{"href":"https:\/\/apuntesdesanluis.com\/index.php\/wp-json\/wp\/v2\/posts\/16796","targetHints":{"allow":["GET"]}}],"collection":[{"href":"https:\/\/apuntesdesanluis.com\/index.php\/wp-json\/wp\/v2\/posts"}],"about":[{"href":"https:\/\/apuntesdesanluis.com\/index.php\/wp-json\/wp\/v2\/types\/post"}],"author":[{"embeddable":true,"href":"https:\/\/apuntesdesanluis.com\/index.php\/wp-json\/wp\/v2\/users\/1"}],"replies":[{"embeddable":true,"href":"https:\/\/apuntesdesanluis.com\/index.php\/wp-json\/wp\/v2\/comments?post=16796"}],"version-history":[{"count":12,"href":"https:\/\/apuntesdesanluis.com\/index.php\/wp-json\/wp\/v2\/posts\/16796\/revisions"}],"predecessor-version":[{"id":16809,"href":"https:\/\/apuntesdesanluis.com\/index.php\/wp-json\/wp\/v2\/posts\/16796\/revisions\/16809"}],"wp:featuredmedia":[{"embeddable":true,"href":"https:\/\/apuntesdesanluis.com\/index.php\/wp-json\/wp\/v2\/media\/16797"}],"wp:attachment":[{"href":"https:\/\/apuntesdesanluis.com\/index.php\/wp-json\/wp\/v2\/media?parent=16796"}],"wp:term":[{"taxonomy":"category","embeddable":true,"href":"https:\/\/apuntesdesanluis.com\/index.php\/wp-json\/wp\/v2\/categories?post=16796"},{"taxonomy":"post_tag","embeddable":true,"href":"https:\/\/apuntesdesanluis.com\/index.php\/wp-json\/wp\/v2\/tags?post=16796"}],"curies":[{"name":"wp","href":"https:\/\/api.w.org\/{rel}","templated":true}]}}