{"id":1680,"date":"2023-08-16T20:52:41","date_gmt":"2023-08-16T23:52:41","guid":{"rendered":"https:\/\/apuntesdesanluis.com\/?p=1680"},"modified":"2023-08-16T20:52:41","modified_gmt":"2023-08-16T23:52:41","slug":"mauricio-macri-la-candidata-ahora-es-patricia-y-hay-que-ayudarla","status":"publish","type":"post","link":"https:\/\/apuntesdesanluis.com\/index.php\/2023\/08\/16\/mauricio-macri-la-candidata-ahora-es-patricia-y-hay-que-ayudarla\/","title":{"rendered":"MAURICIO MACRI: \u201cLA CANDIDATA AHORA ES PATRICIA Y HAY QUE AYUDARLA\u201d"},"content":{"rendered":"<h3 class=\"yiv7409174924ydp6329976emsonormal\" style=\"background: white;\"><span style=\"font-family: 'Arial','sans-serif'; color: #1d2228;\">Luego de las elecciones del domingo, en las que Juntos por el Cambio no alcanz\u00f3 los resultados esperados, el ex presidente Maurio Macri sali\u00f3 a apoyar a la ex ministra de Seguridad de cara a las generales de octubre<\/span><\/h3>\n<h3 class=\"yiv7409174924ydp6329976emsonormal\" style=\"background: white;\"><span style=\"font-family: 'Arial','sans-serif'; color: #1d2228;\">Consultado sobre el rol que tendr\u00e1 en lo que resta de campa\u00f1a, Macri dijo que intentar\u00e1 \u201cayudar a llevar claridad\u201d y anticip\u00f3 que ser\u00e1n \u201ccuatro meses muy duros\u201d los que restan hasta la asunci\u00f3n del pr\u00f3ximo presidente. Sin embargo, asegur\u00f3 que el pr\u00f3ximo gobierno no debe tener \u201cdoble comandos\u201d y que las decisiones las debe tomar el presidente. \u201cVa a ser Patricia (Bullrich) y hay que ayudarla. Ella sabr\u00e1 qu\u00e9 necesita de nosotros\u201d, expres\u00f3.<\/span><\/h3>\n<h3 class=\"yiv7409174924ydp6329976emsonormal\" style=\"background: white;\"><span style=\"font-family: 'Arial','sans-serif'; color: #1d2228;\">\u201cLas ideas populistas en Argentina tienen \u00e9xito porque salen cheques y la gente dice: \u2018Esto es una fiesta\u2019. Pero cuando los cheques est\u00e1n afectados por la inflaci\u00f3n y no alcanzan es el final\u201d, plante\u00f3 el ex mandatario.<\/span><\/h3>\n<h3 class=\"yiv7409174924ydp6329976emsonormal\" style=\"background: white;\"><span style=\"font-family: 'Arial','sans-serif'; color: #1d2228;\">Para \u00e9l, la discusi\u00f3n de octubre se focalizar\u00e1 en el \u201ccar\u00e1cter\u201d del cambio que quieren los argentinos. La opci\u00f3n es entre \u201centusiasmo\u201d y \u201cexperiencia con entusiasmo\u201d. \u201cTener experiencia no es poca cosa y es valioso. Todos los que creemos en esta experiencia vamos a tener que estar juntos\u201d, asegur\u00f3 Macri.<\/span><\/h3>\n<h3 class=\"yiv7409174924ydp6329976emsonormal\" style=\"background: white;\"><span style=\"font-family: 'Arial','sans-serif'; color: #1d2228;\">El resultado de las elecciones muestra que los argentinos aspiran a \u201cvivir mejor\u201d y tener un \u201crol importante\u201d. Los a\u00f1os del gobierno peronista dejaron un \u201caprendizaje duro\u201d, que finalmente \u201clleg\u00f3\u201d: \u201cLa gente sabe lo que no quiere. (El peronismo) va a sacar menos en la elecci\u00f3n que viene porque las cosas siguen empeorando\u201d.<\/span><\/h3>\n<h3 class=\"yiv7409174924ydp6329976emsonormal\" style=\"background: white;\"><span style=\"font-family: 'Arial','sans-serif'; color: #1d2228;\">Argentina llega a estas elecciones en \u201ccondiciones distintas\u201d a las de 2019, cuando perdi\u00f3 la reelecci\u00f3n con Alberto Fern\u00e1ndez. \u201cDe a poco vamos a recuperar la esperanza. Hay mucho dolor. Ha sido duro el final del peronismo. Hay una sensaci\u00f3n de caos social\u201d, dijo el fundador del PRO en referencia a los paros que hubo en distintos sectores en Argentina.<\/span><\/h3>\n<h3 class=\"yiv7409174924ydp6329976emsonormal\" style=\"background: white;\"><span style=\"font-family: 'Arial','sans-serif'; color: #1d2228;\">\u201cEstoy convencido que el argentino, el que no se fue, est\u00e1 listo para enfrentar este actuar mafioso y darle batalla\u201d, plante\u00f3 Macri.<\/span><\/h3>\n<h3 class=\"yiv7409174924ydp6329976emsonormal\" style=\"background: white;\"><span style=\"font-family: 'Arial','sans-serif'; color: #1d2228;\">Para el ex presidente, la \u201ctransici\u00f3n\u201d con el kirchnerismo no ser\u00e1 f\u00e1cil porque implicar\u00e1 \u201cdesentra\u00f1ar\u201d los \u201ccomportamientos mafiosos\u201d, al proponer un gasto p\u00fablico con impuestos que los \u201cargentinos est\u00e9n dispuestos a pagar\u201d.<\/span><\/h3>\n<h3 class=\"yiv7409174924ydp6329976emsonormal\" style=\"background: white;\"><span style=\"font-family: 'Arial','sans-serif'; color: #1d2228;\">\u201cVa a haber minor\u00edas que van a luchar por no perder los privilegios que est\u00e1n en el presupuesto p\u00fablico. Pero la regla tiene que ser que todo el mundo tiene que trabajar la misma cantidad de horas, la misma cantidad de d\u00edas\u201d, dijo Macri.<\/span><\/h3>\n<h3 class=\"yiv7409174924ydp6329976emsonormal\" style=\"background: white;\"><span style=\"font-family: 'Arial','sans-serif'; color: #1d2228;\">\u201cSoy optimista, tendremos un inicio conflictivo con esos grupos mafiosos, pero esa mayor\u00eda social para a lograr poner la argentina dentro de la ley. Eso nos hace previsibles y vamos a generar un crecimiento. Y los vamos a ayudar a ustedes no mandando nuestro talento y empresarios como hizo el kirchnerismo sino arrastrando toda la regi\u00f3n. Una cosa mucho m\u00e1s sana\u201d, dijo.<\/span><\/h3>\n<h3 class=\"yiv7409174924ydp6329976emsonormal\" style=\"background: white;\"><span style=\"font-family: 'Arial','sans-serif'; color: #1d2228;\">El ex presidente argentino invit\u00f3 a los empresarios uruguayos a formar una \u201cred contra la narrativa populista\u201d. Para \u00e9l, no alcanza con \u201cun sector de la pol\u00edtica\u201d para dar la \u201cbatalla\u201d y que es necesario que el sector privado \u201cdestine un porcentaje\u201d a esa narrativa.<\/span><\/h3>\n<h3 class=\"yiv7409174924ydp6329976emsonormal\" style=\"background: white;\"><span style=\"font-family: 'Arial','sans-serif'; color: #1d2228;\">\u201cLa narrativa es una parte sustancial. Est\u00e1 en la emotividad de las personas. Tenemos que discutir las ideas abolicionistas del derecho penal, evitar que reescriban la historia, que conquisten la universidad, los medios de comunicaci\u00f3n y las escuelas\u201d, plante\u00f3 el expresidente.<\/span><\/h3>\n<h3 class=\"yiv7409174924ydp6329976emsonormal\" style=\"background: white;\"><span style=\"font-family: 'Arial','sans-serif'; color: #1d2228;\">En otro fragmento de su charla ante empresarios, Macri dijo que hay que hacer \u201clo correcto\u201d y no lo pol\u00edticamente correcto. \u201cEs una mierda\u201d, asegur\u00f3. \u201cLo que pasa es que todo el mundo corre detr\u00e1s del (celular). Si uno tiene que liderar, es importante tener lo que hay que tener para decir que no. Cuando un l\u00edder dice que s\u00ed, destruye el futuro. El populismo te da un gran presente e hipoteca tu futuro\u201d, indic\u00f3.<\/span><\/h3>\n<h3 class=\"yiv7409174924ydp6329976emsonormal\" style=\"background: white;\"><span style=\"font-family: 'Arial','sans-serif'; color: #1d2228;\">Como ejemplo, mencion\u00f3 el caso de la desaparici\u00f3n de Santiago Maldonado. Para \u00e9l, la \u201cprincipal hip\u00f3tesis\u201d era un ahogamiento porque los r\u00edos de la zona son \u201cbravos\u201d. \u201cNo es para cualquier salame\u201d, dijo. Macri record\u00f3 que desde la oposici\u00f3n comenzaron a cuestionar que fue la Gendarmer\u00eda que hizo desaparecer a Maldonado.<\/span><\/h3>\n<h3 class=\"yiv7409174924ydp6329976emsonormal\" style=\"background: white;\"><span style=\"font-family: 'Arial','sans-serif'; color: #1d2228;\">\u201cPatricia, no se va un solo gendarme hasta que no traigan la prueba\u201d, record\u00f3 el ex presidente que le dijo a su entonces ministra de Seguridad. \u201cLa presi\u00f3n de lo pol\u00edticamente correcto no nos movi\u00f3. Y (al final) el tipo se hab\u00eda ahogado en el r\u00edo\u201d, dijo Macri.<\/span><\/h3>\n","protected":false},"excerpt":{"rendered":"<p>Luego de las elecciones del domingo, en las que Juntos por el Cambio no alcanz\u00f3&#8230;<\/p>\n","protected":false},"author":1,"featured_media":1681,"comment_status":"closed","ping_status":"closed","sticky":false,"template":"","format":"standard","meta":{"footnotes":""},"categories":[5],"tags":[],"class_list":["post-1680","post","type-post","status-publish","format-standard","has-post-thumbnail","hentry","category-nacionales-internacionales"],"yoast_head":"<!-- This site is optimized with the Yoast SEO plugin v26.1.1 - https:\/\/yoast.com\/wordpress\/plugins\/seo\/ -->\n<title>MAURICIO MACRI: \u201cLA CANDIDATA AHORA ES PATRICIA Y HAY QUE AYUDARLA\u201d - Apuntes de San Luis<\/title>\n<meta name=\"robots\" content=\"index, follow, max-snippet:-1, max-image-preview:large, max-video-preview:-1\" \/>\n<link rel=\"canonical\" href=\"https:\/\/apuntesdesanluis.com\/index.php\/2023\/08\/16\/mauricio-macri-la-candidata-ahora-es-patricia-y-hay-que-ayudarla\/\" \/>\n<meta property=\"og:locale\" content=\"es_ES\" \/>\n<meta property=\"og:type\" content=\"article\" \/>\n<meta property=\"og:title\" content=\"MAURICIO MACRI: \u201cLA CANDIDATA AHORA ES PATRICIA Y HAY QUE AYUDARLA\u201d - Apuntes de San Luis\" \/>\n<meta property=\"og:description\" content=\"Luego de las elecciones del domingo, en las que Juntos por el Cambio no alcanz\u00f3...\" \/>\n<meta property=\"og:url\" content=\"https:\/\/apuntesdesanluis.com\/index.php\/2023\/08\/16\/mauricio-macri-la-candidata-ahora-es-patricia-y-hay-que-ayudarla\/\" \/>\n<meta property=\"og:site_name\" content=\"Apuntes de San Luis\" \/>\n<meta property=\"article:published_time\" content=\"2023-08-16T23:52:41+00:00\" \/>\n<meta property=\"og:image\" content=\"https:\/\/apuntesdesanluis.com\/wp-content\/uploads\/2023\/08\/macri-bullrich.png\" \/>\n\t<meta property=\"og:image:width\" content=\"842\" \/>\n\t<meta property=\"og:image:height\" content=\"501\" \/>\n\t<meta property=\"og:image:type\" content=\"image\/png\" \/>\n<meta name=\"author\" content=\"apuntesdesanluis.com\" \/>\n<meta name=\"twitter:card\" content=\"summary_large_image\" \/>\n<meta name=\"twitter:label1\" content=\"Escrito por\" \/>\n\t<meta name=\"twitter:data1\" content=\"apuntesdesanluis.com\" \/>\n\t<meta name=\"twitter:label2\" content=\"Tiempo de lectura\" \/>\n\t<meta name=\"twitter:data2\" content=\"4 minutos\" \/>\n<script type=\"application\/ld+json\" class=\"yoast-schema-graph\">{\"@context\":\"https:\/\/schema.org\",\"@graph\":[{\"@type\":\"Article\",\"@id\":\"https:\/\/apuntesdesanluis.com\/index.php\/2023\/08\/16\/mauricio-macri-la-candidata-ahora-es-patricia-y-hay-que-ayudarla\/#article\",\"isPartOf\":{\"@id\":\"https:\/\/apuntesdesanluis.com\/index.php\/2023\/08\/16\/mauricio-macri-la-candidata-ahora-es-patricia-y-hay-que-ayudarla\/\"},\"author\":{\"name\":\"apuntesdesanluis.com\",\"@id\":\"https:\/\/apuntesdesanluis.com\/#\/schema\/person\/b55151d52296fcce64d1a72538a70b90\"},\"headline\":\"MAURICIO MACRI: \u201cLA CANDIDATA AHORA ES PATRICIA Y HAY QUE AYUDARLA\u201d\",\"datePublished\":\"2023-08-16T23:52:41+00:00\",\"mainEntityOfPage\":{\"@id\":\"https:\/\/apuntesdesanluis.com\/index.php\/2023\/08\/16\/mauricio-macri-la-candidata-ahora-es-patricia-y-hay-que-ayudarla\/\"},\"wordCount\":784,\"publisher\":{\"@id\":\"https:\/\/apuntesdesanluis.com\/#\/schema\/person\/b55151d52296fcce64d1a72538a70b90\"},\"image\":{\"@id\":\"https:\/\/apuntesdesanluis.com\/index.php\/2023\/08\/16\/mauricio-macri-la-candidata-ahora-es-patricia-y-hay-que-ayudarla\/#primaryimage\"},\"thumbnailUrl\":\"https:\/\/apuntesdesanluis.com\/wp-content\/uploads\/2023\/08\/macri-bullrich.png\",\"articleSection\":[\"Nacionales\/Internacionales\"],\"inLanguage\":\"es-AR\"},{\"@type\":\"WebPage\",\"@id\":\"https:\/\/apuntesdesanluis.com\/index.php\/2023\/08\/16\/mauricio-macri-la-candidata-ahora-es-patricia-y-hay-que-ayudarla\/\",\"url\":\"https:\/\/apuntesdesanluis.com\/index.php\/2023\/08\/16\/mauricio-macri-la-candidata-ahora-es-patricia-y-hay-que-ayudarla\/\",\"name\":\"MAURICIO MACRI: \u201cLA CANDIDATA AHORA ES PATRICIA Y HAY QUE AYUDARLA\u201d - Apuntes de San Luis\",\"isPartOf\":{\"@id\":\"https:\/\/apuntesdesanluis.com\/#website\"},\"primaryImageOfPage\":{\"@id\":\"https:\/\/apuntesdesanluis.com\/index.php\/2023\/08\/16\/mauricio-macri-la-candidata-ahora-es-patricia-y-hay-que-ayudarla\/#primaryimage\"},\"image\":{\"@id\":\"https:\/\/apuntesdesanluis.com\/index.php\/2023\/08\/16\/mauricio-macri-la-candidata-ahora-es-patricia-y-hay-que-ayudarla\/#primaryimage\"},\"thumbnailUrl\":\"https:\/\/apuntesdesanluis.com\/wp-content\/uploads\/2023\/08\/macri-bullrich.png\",\"datePublished\":\"2023-08-16T23:52:41+00:00\",\"breadcrumb\":{\"@id\":\"https:\/\/apuntesdesanluis.com\/index.php\/2023\/08\/16\/mauricio-macri-la-candidata-ahora-es-patricia-y-hay-que-ayudarla\/#breadcrumb\"},\"inLanguage\":\"es-AR\",\"potentialAction\":[{\"@type\":\"ReadAction\",\"target\":[\"https:\/\/apuntesdesanluis.com\/index.php\/2023\/08\/16\/mauricio-macri-la-candidata-ahora-es-patricia-y-hay-que-ayudarla\/\"]}]},{\"@type\":\"ImageObject\",\"inLanguage\":\"es-AR\",\"@id\":\"https:\/\/apuntesdesanluis.com\/index.php\/2023\/08\/16\/mauricio-macri-la-candidata-ahora-es-patricia-y-hay-que-ayudarla\/#primaryimage\",\"url\":\"https:\/\/apuntesdesanluis.com\/wp-content\/uploads\/2023\/08\/macri-bullrich.png\",\"contentUrl\":\"https:\/\/apuntesdesanluis.com\/wp-content\/uploads\/2023\/08\/macri-bullrich.png\",\"width\":842,\"height\":501},{\"@type\":\"BreadcrumbList\",\"@id\":\"https:\/\/apuntesdesanluis.com\/index.php\/2023\/08\/16\/mauricio-macri-la-candidata-ahora-es-patricia-y-hay-que-ayudarla\/#breadcrumb\",\"itemListElement\":[{\"@type\":\"ListItem\",\"position\":1,\"name\":\"Inicio\",\"item\":\"https:\/\/apuntesdesanluis.com\/\"},{\"@type\":\"ListItem\",\"position\":2,\"name\":\"MAURICIO MACRI: \u201cLA CANDIDATA AHORA ES PATRICIA Y HAY QUE AYUDARLA\u201d\"}]},{\"@type\":\"WebSite\",\"@id\":\"https:\/\/apuntesdesanluis.com\/#website\",\"url\":\"https:\/\/apuntesdesanluis.com\/\",\"name\":\"Apuntes de San Luis\",\"description\":\"\",\"publisher\":{\"@id\":\"https:\/\/apuntesdesanluis.com\/#\/schema\/person\/b55151d52296fcce64d1a72538a70b90\"},\"potentialAction\":[{\"@type\":\"SearchAction\",\"target\":{\"@type\":\"EntryPoint\",\"urlTemplate\":\"https:\/\/apuntesdesanluis.com\/?s={search_term_string}\"},\"query-input\":{\"@type\":\"PropertyValueSpecification\",\"valueRequired\":true,\"valueName\":\"search_term_string\"}}],\"inLanguage\":\"es-AR\"},{\"@type\":[\"Person\",\"Organization\"],\"@id\":\"https:\/\/apuntesdesanluis.com\/#\/schema\/person\/b55151d52296fcce64d1a72538a70b90\",\"name\":\"apuntesdesanluis.com\",\"image\":{\"@type\":\"ImageObject\",\"inLanguage\":\"es-AR\",\"@id\":\"https:\/\/apuntesdesanluis.com\/#\/schema\/person\/image\/\",\"url\":\"https:\/\/apuntesdesanluis.com\/wp-content\/uploads\/2023\/07\/cropped-apuntesdesanluis.png\",\"contentUrl\":\"https:\/\/apuntesdesanluis.com\/wp-content\/uploads\/2023\/07\/cropped-apuntesdesanluis.png\",\"width\":450,\"height\":112,\"caption\":\"apuntesdesanluis.com\"},\"logo\":{\"@id\":\"https:\/\/apuntesdesanluis.com\/#\/schema\/person\/image\/\"},\"sameAs\":[\"https:\/\/apuntesdesanluis.com\"],\"url\":\"https:\/\/apuntesdesanluis.com\/index.php\/author\/apuntesdesanluis-com\/\"}]}<\/script>\n<!-- \/ Yoast SEO plugin. -->","yoast_head_json":{"title":"MAURICIO MACRI: \u201cLA CANDIDATA AHORA ES PATRICIA Y HAY QUE AYUDARLA\u201d - Apuntes de San Luis","robots":{"index":"index","follow":"follow","max-snippet":"max-snippet:-1","max-image-preview":"max-image-preview:large","max-video-preview":"max-video-preview:-1"},"canonical":"https:\/\/apuntesdesanluis.com\/index.php\/2023\/08\/16\/mauricio-macri-la-candidata-ahora-es-patricia-y-hay-que-ayudarla\/","og_locale":"es_ES","og_type":"article","og_title":"MAURICIO MACRI: \u201cLA CANDIDATA AHORA ES PATRICIA Y HAY QUE AYUDARLA\u201d - Apuntes de San Luis","og_description":"Luego de las elecciones del domingo, en las que Juntos por el Cambio no alcanz\u00f3...","og_url":"https:\/\/apuntesdesanluis.com\/index.php\/2023\/08\/16\/mauricio-macri-la-candidata-ahora-es-patricia-y-hay-que-ayudarla\/","og_site_name":"Apuntes de San Luis","article_published_time":"2023-08-16T23:52:41+00:00","og_image":[{"width":842,"height":501,"url":"https:\/\/apuntesdesanluis.com\/wp-content\/uploads\/2023\/08\/macri-bullrich.png","type":"image\/png"}],"author":"apuntesdesanluis.com","twitter_card":"summary_large_image","twitter_misc":{"Escrito por":"apuntesdesanluis.com","Tiempo de lectura":"4 minutos"},"schema":{"@context":"https:\/\/schema.org","@graph":[{"@type":"Article","@id":"https:\/\/apuntesdesanluis.com\/index.php\/2023\/08\/16\/mauricio-macri-la-candidata-ahora-es-patricia-y-hay-que-ayudarla\/#article","isPartOf":{"@id":"https:\/\/apuntesdesanluis.com\/index.php\/2023\/08\/16\/mauricio-macri-la-candidata-ahora-es-patricia-y-hay-que-ayudarla\/"},"author":{"name":"apuntesdesanluis.com","@id":"https:\/\/apuntesdesanluis.com\/#\/schema\/person\/b55151d52296fcce64d1a72538a70b90"},"headline":"MAURICIO MACRI: \u201cLA CANDIDATA AHORA ES PATRICIA Y HAY QUE AYUDARLA\u201d","datePublished":"2023-08-16T23:52:41+00:00","mainEntityOfPage":{"@id":"https:\/\/apuntesdesanluis.com\/index.php\/2023\/08\/16\/mauricio-macri-la-candidata-ahora-es-patricia-y-hay-que-ayudarla\/"},"wordCount":784,"publisher":{"@id":"https:\/\/apuntesdesanluis.com\/#\/schema\/person\/b55151d52296fcce64d1a72538a70b90"},"image":{"@id":"https:\/\/apuntesdesanluis.com\/index.php\/2023\/08\/16\/mauricio-macri-la-candidata-ahora-es-patricia-y-hay-que-ayudarla\/#primaryimage"},"thumbnailUrl":"https:\/\/apuntesdesanluis.com\/wp-content\/uploads\/2023\/08\/macri-bullrich.png","articleSection":["Nacionales\/Internacionales"],"inLanguage":"es-AR"},{"@type":"WebPage","@id":"https:\/\/apuntesdesanluis.com\/index.php\/2023\/08\/16\/mauricio-macri-la-candidata-ahora-es-patricia-y-hay-que-ayudarla\/","url":"https:\/\/apuntesdesanluis.com\/index.php\/2023\/08\/16\/mauricio-macri-la-candidata-ahora-es-patricia-y-hay-que-ayudarla\/","name":"MAURICIO MACRI: \u201cLA CANDIDATA AHORA ES PATRICIA Y HAY QUE AYUDARLA\u201d - Apuntes de San Luis","isPartOf":{"@id":"https:\/\/apuntesdesanluis.com\/#website"},"primaryImageOfPage":{"@id":"https:\/\/apuntesdesanluis.com\/index.php\/2023\/08\/16\/mauricio-macri-la-candidata-ahora-es-patricia-y-hay-que-ayudarla\/#primaryimage"},"image":{"@id":"https:\/\/apuntesdesanluis.com\/index.php\/2023\/08\/16\/mauricio-macri-la-candidata-ahora-es-patricia-y-hay-que-ayudarla\/#primaryimage"},"thumbnailUrl":"https:\/\/apuntesdesanluis.com\/wp-content\/uploads\/2023\/08\/macri-bullrich.png","datePublished":"2023-08-16T23:52:41+00:00","breadcrumb":{"@id":"https:\/\/apuntesdesanluis.com\/index.php\/2023\/08\/16\/mauricio-macri-la-candidata-ahora-es-patricia-y-hay-que-ayudarla\/#breadcrumb"},"inLanguage":"es-AR","potentialAction":[{"@type":"ReadAction","target":["https:\/\/apuntesdesanluis.com\/index.php\/2023\/08\/16\/mauricio-macri-la-candidata-ahora-es-patricia-y-hay-que-ayudarla\/"]}]},{"@type":"ImageObject","inLanguage":"es-AR","@id":"https:\/\/apuntesdesanluis.com\/index.php\/2023\/08\/16\/mauricio-macri-la-candidata-ahora-es-patricia-y-hay-que-ayudarla\/#primaryimage","url":"https:\/\/apuntesdesanluis.com\/wp-content\/uploads\/2023\/08\/macri-bullrich.png","contentUrl":"https:\/\/apuntesdesanluis.com\/wp-content\/uploads\/2023\/08\/macri-bullrich.png","width":842,"height":501},{"@type":"BreadcrumbList","@id":"https:\/\/apuntesdesanluis.com\/index.php\/2023\/08\/16\/mauricio-macri-la-candidata-ahora-es-patricia-y-hay-que-ayudarla\/#breadcrumb","itemListElement":[{"@type":"ListItem","position":1,"name":"Inicio","item":"https:\/\/apuntesdesanluis.com\/"},{"@type":"ListItem","position":2,"name":"MAURICIO MACRI: \u201cLA CANDIDATA AHORA ES PATRICIA Y HAY QUE AYUDARLA\u201d"}]},{"@type":"WebSite","@id":"https:\/\/apuntesdesanluis.com\/#website","url":"https:\/\/apuntesdesanluis.com\/","name":"Apuntes de San Luis","description":"","publisher":{"@id":"https:\/\/apuntesdesanluis.com\/#\/schema\/person\/b55151d52296fcce64d1a72538a70b90"},"potentialAction":[{"@type":"SearchAction","target":{"@type":"EntryPoint","urlTemplate":"https:\/\/apuntesdesanluis.com\/?s={search_term_string}"},"query-input":{"@type":"PropertyValueSpecification","valueRequired":true,"valueName":"search_term_string"}}],"inLanguage":"es-AR"},{"@type":["Person","Organization"],"@id":"https:\/\/apuntesdesanluis.com\/#\/schema\/person\/b55151d52296fcce64d1a72538a70b90","name":"apuntesdesanluis.com","image":{"@type":"ImageObject","inLanguage":"es-AR","@id":"https:\/\/apuntesdesanluis.com\/#\/schema\/person\/image\/","url":"https:\/\/apuntesdesanluis.com\/wp-content\/uploads\/2023\/07\/cropped-apuntesdesanluis.png","contentUrl":"https:\/\/apuntesdesanluis.com\/wp-content\/uploads\/2023\/07\/cropped-apuntesdesanluis.png","width":450,"height":112,"caption":"apuntesdesanluis.com"},"logo":{"@id":"https:\/\/apuntesdesanluis.com\/#\/schema\/person\/image\/"},"sameAs":["https:\/\/apuntesdesanluis.com"],"url":"https:\/\/apuntesdesanluis.com\/index.php\/author\/apuntesdesanluis-com\/"}]}},"featured_image_urls":{"full":["https:\/\/apuntesdesanluis.com\/wp-content\/uploads\/2023\/08\/macri-bullrich.png",842,501,false],"thumbnail":["https:\/\/apuntesdesanluis.com\/wp-content\/uploads\/2023\/08\/macri-bullrich-150x150.png",150,150,true],"medium":["https:\/\/apuntesdesanluis.com\/wp-content\/uploads\/2023\/08\/macri-bullrich-300x179.png",300,179,true],"medium_large":["https:\/\/apuntesdesanluis.com\/wp-content\/uploads\/2023\/08\/macri-bullrich-768x457.png",640,381,true],"large":["https:\/\/apuntesdesanluis.com\/wp-content\/uploads\/2023\/08\/macri-bullrich.png",640,381,false],"1536x1536":["https:\/\/apuntesdesanluis.com\/wp-content\/uploads\/2023\/08\/macri-bullrich.png",842,501,false],"2048x2048":["https:\/\/apuntesdesanluis.com\/wp-content\/uploads\/2023\/08\/macri-bullrich.png",842,501,false],"newsever-slider-full":["https:\/\/apuntesdesanluis.com\/wp-content\/uploads\/2023\/08\/macri-bullrich.png",842,501,false],"newsever-featured":["https:\/\/apuntesdesanluis.com\/wp-content\/uploads\/2023\/08\/macri-bullrich.png",842,501,false],"newsever-medium":["https:\/\/apuntesdesanluis.com\/wp-content\/uploads\/2023\/08\/macri-bullrich-720x475.png",720,475,true]},"author_info":{"display_name":"apuntesdesanluis.com","author_link":"https:\/\/apuntesdesanluis.com\/index.php\/author\/apuntesdesanluis-com\/"},"category_info":"<a href=\"https:\/\/apuntesdesanluis.com\/index.php\/category\/nacionales-internacionales\/\" rel=\"category tag\">Nacionales\/Internacionales<\/a>","tag_info":"Nacionales\/Internacionales","comment_count":"0","_links":{"self":[{"href":"https:\/\/apuntesdesanluis.com\/index.php\/wp-json\/wp\/v2\/posts\/1680","targetHints":{"allow":["GET"]}}],"collection":[{"href":"https:\/\/apuntesdesanluis.com\/index.php\/wp-json\/wp\/v2\/posts"}],"about":[{"href":"https:\/\/apuntesdesanluis.com\/index.php\/wp-json\/wp\/v2\/types\/post"}],"author":[{"embeddable":true,"href":"https:\/\/apuntesdesanluis.com\/index.php\/wp-json\/wp\/v2\/users\/1"}],"replies":[{"embeddable":true,"href":"https:\/\/apuntesdesanluis.com\/index.php\/wp-json\/wp\/v2\/comments?post=1680"}],"version-history":[{"count":1,"href":"https:\/\/apuntesdesanluis.com\/index.php\/wp-json\/wp\/v2\/posts\/1680\/revisions"}],"predecessor-version":[{"id":1682,"href":"https:\/\/apuntesdesanluis.com\/index.php\/wp-json\/wp\/v2\/posts\/1680\/revisions\/1682"}],"wp:featuredmedia":[{"embeddable":true,"href":"https:\/\/apuntesdesanluis.com\/index.php\/wp-json\/wp\/v2\/media\/1681"}],"wp:attachment":[{"href":"https:\/\/apuntesdesanluis.com\/index.php\/wp-json\/wp\/v2\/media?parent=1680"}],"wp:term":[{"taxonomy":"category","embeddable":true,"href":"https:\/\/apuntesdesanluis.com\/index.php\/wp-json\/wp\/v2\/categories?post=1680"},{"taxonomy":"post_tag","embeddable":true,"href":"https:\/\/apuntesdesanluis.com\/index.php\/wp-json\/wp\/v2\/tags?post=1680"}],"curies":[{"name":"wp","href":"https:\/\/api.w.org\/{rel}","templated":true}]}}