{"id":16810,"date":"2024-05-25T19:38:57","date_gmt":"2024-05-25T22:38:57","guid":{"rendered":"https:\/\/apuntesdesanluis.com\/?p=16810"},"modified":"2024-05-25T19:38:57","modified_gmt":"2024-05-25T22:38:57","slug":"en-cordoba-milei-anuncio-la-creacion-del-consejo-de-mayo-y-prometio-bajar-impuestos","status":"publish","type":"post","link":"https:\/\/apuntesdesanluis.com\/index.php\/2024\/05\/25\/en-cordoba-milei-anuncio-la-creacion-del-consejo-de-mayo-y-prometio-bajar-impuestos\/","title":{"rendered":"EN C\u00d3RDOBA, MILEI ANUNCI\u00d3 LA CREACI\u00d3N DEL CONSEJO DE MAYO Y PROMETI\u00d3 BAJAR IMPUESTOS"},"content":{"rendered":"<h3>En el acto central por el 25 de Mayo en la capital de C\u00f3rdoba, el presidente <strong>Javier Milei<\/strong> anunci\u00f3 que una vez que se defina la suerte de la Ley Bases y se firme el Pacto de Mayo, proceder\u00e1 a bajar impuestos y crear un Consejo de Mayo.<\/h3>\n<h3>Junto a sus principales funcionarios y ante una multitud, el mandatario nacional explic\u00f3 que el Consejo estar\u00e1 integrado por un representante del Gobierno, de las provincias, de Poder Ejecutivo, empresarios y sindicalistas.<\/h3>\n<h3>\u201cQuiero anunciar hoy aqu\u00ed en C\u00f3rdoba, no solo que vamos a seguir trabajando para que el acuerdo de Mayo sea una realidad en Argentina, sino que adem\u00e1s, luego de la firma del pacto de Mayo cuando est\u00e9n sancionadas la ley Bases y el paquete fiscal, el Poder Ejecutivo crear\u00e1 el Consejo de Mayo para completar esa sagrada tarea\u201d, resalt\u00f3 el mandatario nacional en su mensaje transmitido en cadena nacional.<\/h3>\n<p><img fetchpriority=\"high\" decoding=\"async\" class=\"wp-image-16811 aligncenter\" src=\"https:\/\/apuntesdesanluis.com\/wp-content\/uploads\/2024\/05\/milei-en-codoba-300x159.png\" alt=\"\" width=\"645\" height=\"342\" srcset=\"https:\/\/apuntesdesanluis.com\/wp-content\/uploads\/2024\/05\/milei-en-codoba-300x159.png 300w, https:\/\/apuntesdesanluis.com\/wp-content\/uploads\/2024\/05\/milei-en-codoba.png 672w\" sizes=\"(max-width: 645px) 100vw, 645px\" \/><\/p>\n<h3>Detall\u00f3 que \u201cel Consejo de Mayo estar\u00e1 integrado por un representante del Gobierno Nacional, uno de las provincias argentinas, un representante de la C\u00e1mara de Diputados, otro de la c\u00e1mara de Senadores, uno de las organizaciones sindicales y uno del empresariado argentino&#8221;.<\/h3>\n<h3>&#8220;Tendr\u00e1 la responsabilidad de trabajar en los proyectos de ley que materializar\u00e1n los principios adoptados en el acuerdo de Mayo\u201d, indic\u00f3 el Presidente, luego de que se frustrara la idea inicial de firmar el Pacto de Mayo en C\u00f3rdoba para esta fecha.<\/h3>\n<h3>A la vez, destall\u00f3 que &#8220;una vez que est\u00e9n aprobadas la ley Bases el paquete fiscal, el Gobierno nacional avanzar\u00e1 en una reducci\u00f3n significativa de impuestos, empezando por el impuesto PAIS, un impuesto extorsivo que atenta contra la producci\u00f3n y el crecimiento econ\u00f3mico\u201d.<\/h3>\n<h3>\u201cEl 25 de mayo es una fecha hist\u00f3rica, pero es una fecha especialmente importante porque mayo es mucho m\u00e1s que una fecha en el calendario es una doctrina es un conjunto de ideas que representan lo mejor de la tradici\u00f3n argentina. Es una idea que se resume en dos principios: libertad y democracia\u201d, asegur\u00f3 Milei.<\/h3>\n<h3>En el inicio del discurso, sostuvo: \u201cUna idea que surgi\u00f3 de la voluntad de un peque\u00f1o grupo de hombres, que decidieron romper con las cadenas de la tiran\u00eda. Aquellos hombres y mujeres que dieron la vida por la patria sab\u00edan que para primero ser libres ten\u00edamos que ser independientes\u201d.<\/h3>\n<h3>\u201cDesde la revoluci\u00f3n misma podemos trazas un hilo conductor hasta la sanci\u00f3n de nuestra Constituci\u00f3n de 1854 inspirada en los principios de Alberdi y Gorostiaga. Dos de los grandes exponentes de la generaci\u00f3n del 37 y tal vez la m\u00e1s representativa de las ideas de mayo. La generaci\u00f3n que marco el norte del modelo de pa\u00eds que nuestros padres fundadores imaginaban\u201d, asegur\u00f3.<\/h3>\n<h3>Y continu\u00f3: &#8220;Cost\u00f3 mucho materializar las ideas de esos grandes hombres, desde la revoluci\u00f3n hasta la Constituci\u00f3n. Argentina se vio en guerras entre aquellos que defend\u00edan las ideas de mayo&#8221;. En ese pasaje, la multitud core\u00f3: &#8220;Ley de Bases, Ley de Bases&#8221;.<\/h3>\n<h3>&#8220;Nuestra \u00fanica ambici\u00f3n es sentar las bases para el futuro de nuestros hijos&#8221;, agreg\u00f3 el Presidente.<\/h3>\n<h3>El Presidente fue recibido en C\u00f3rdoba por el mandatario provincial, Mart\u00edn Llaryora, y al llegar al Cabildo sali\u00f3 al balc\u00f3n principal para saludar a los presentes junto a su hermana y secretaria general de la Presidencia, Karina Milei.<\/h3>\n<p>&nbsp;<\/p>\n<p>&nbsp;<\/p>\n<p>&nbsp;<\/p>\n<p>&nbsp;<\/p>\n<p>&nbsp;<\/p>\n<p>&nbsp;<\/p>\n","protected":false},"excerpt":{"rendered":"<p>En el acto central por el 25 de Mayo en la capital de C\u00f3rdoba, el&#8230;<\/p>\n","protected":false},"author":1,"featured_media":16812,"comment_status":"closed","ping_status":"closed","sticky":false,"template":"","format":"standard","meta":{"footnotes":""},"categories":[5],"tags":[],"class_list":["post-16810","post","type-post","status-publish","format-standard","has-post-thumbnail","hentry","category-nacionales-internacionales"],"yoast_head":"<!-- This site is optimized with the Yoast SEO plugin v26.1.1 - https:\/\/yoast.com\/wordpress\/plugins\/seo\/ -->\n<title>EN C\u00d3RDOBA, MILEI ANUNCI\u00d3 LA CREACI\u00d3N DEL CONSEJO DE MAYO Y PROMETI\u00d3 BAJAR IMPUESTOS - Apuntes de San Luis<\/title>\n<meta name=\"robots\" content=\"index, follow, max-snippet:-1, max-image-preview:large, max-video-preview:-1\" \/>\n<link rel=\"canonical\" href=\"https:\/\/apuntesdesanluis.com\/index.php\/2024\/05\/25\/en-cordoba-milei-anuncio-la-creacion-del-consejo-de-mayo-y-prometio-bajar-impuestos\/\" \/>\n<meta property=\"og:locale\" content=\"es_ES\" \/>\n<meta property=\"og:type\" content=\"article\" \/>\n<meta property=\"og:title\" content=\"EN C\u00d3RDOBA, MILEI ANUNCI\u00d3 LA CREACI\u00d3N DEL CONSEJO DE MAYO Y PROMETI\u00d3 BAJAR IMPUESTOS - Apuntes de San Luis\" \/>\n<meta property=\"og:description\" content=\"En el acto central por el 25 de Mayo en la capital de C\u00f3rdoba, el...\" \/>\n<meta property=\"og:url\" content=\"https:\/\/apuntesdesanluis.com\/index.php\/2024\/05\/25\/en-cordoba-milei-anuncio-la-creacion-del-consejo-de-mayo-y-prometio-bajar-impuestos\/\" \/>\n<meta property=\"og:site_name\" content=\"Apuntes de San Luis\" \/>\n<meta property=\"article:published_time\" content=\"2024-05-25T22:38:57+00:00\" \/>\n<meta property=\"og:image\" content=\"https:\/\/apuntesdesanluis.com\/wp-content\/uploads\/2024\/05\/milei-9.png\" \/>\n\t<meta property=\"og:image:width\" content=\"700\" \/>\n\t<meta property=\"og:image:height\" content=\"431\" \/>\n\t<meta property=\"og:image:type\" content=\"image\/png\" \/>\n<meta name=\"author\" content=\"apuntesdesanluis.com\" \/>\n<meta name=\"twitter:card\" content=\"summary_large_image\" \/>\n<meta name=\"twitter:label1\" content=\"Escrito por\" \/>\n\t<meta name=\"twitter:data1\" content=\"apuntesdesanluis.com\" \/>\n\t<meta name=\"twitter:label2\" content=\"Tiempo de lectura\" \/>\n\t<meta name=\"twitter:data2\" content=\"3 minutos\" \/>\n<script type=\"application\/ld+json\" class=\"yoast-schema-graph\">{\"@context\":\"https:\/\/schema.org\",\"@graph\":[{\"@type\":\"Article\",\"@id\":\"https:\/\/apuntesdesanluis.com\/index.php\/2024\/05\/25\/en-cordoba-milei-anuncio-la-creacion-del-consejo-de-mayo-y-prometio-bajar-impuestos\/#article\",\"isPartOf\":{\"@id\":\"https:\/\/apuntesdesanluis.com\/index.php\/2024\/05\/25\/en-cordoba-milei-anuncio-la-creacion-del-consejo-de-mayo-y-prometio-bajar-impuestos\/\"},\"author\":{\"name\":\"apuntesdesanluis.com\",\"@id\":\"https:\/\/apuntesdesanluis.com\/#\/schema\/person\/b55151d52296fcce64d1a72538a70b90\"},\"headline\":\"EN C\u00d3RDOBA, MILEI ANUNCI\u00d3 LA CREACI\u00d3N DEL CONSEJO DE MAYO Y PROMETI\u00d3 BAJAR IMPUESTOS\",\"datePublished\":\"2024-05-25T22:38:57+00:00\",\"mainEntityOfPage\":{\"@id\":\"https:\/\/apuntesdesanluis.com\/index.php\/2024\/05\/25\/en-cordoba-milei-anuncio-la-creacion-del-consejo-de-mayo-y-prometio-bajar-impuestos\/\"},\"wordCount\":589,\"publisher\":{\"@id\":\"https:\/\/apuntesdesanluis.com\/#\/schema\/person\/b55151d52296fcce64d1a72538a70b90\"},\"image\":{\"@id\":\"https:\/\/apuntesdesanluis.com\/index.php\/2024\/05\/25\/en-cordoba-milei-anuncio-la-creacion-del-consejo-de-mayo-y-prometio-bajar-impuestos\/#primaryimage\"},\"thumbnailUrl\":\"https:\/\/apuntesdesanluis.com\/wp-content\/uploads\/2024\/05\/milei-9.png\",\"articleSection\":[\"Nacionales\/Internacionales\"],\"inLanguage\":\"es-AR\"},{\"@type\":\"WebPage\",\"@id\":\"https:\/\/apuntesdesanluis.com\/index.php\/2024\/05\/25\/en-cordoba-milei-anuncio-la-creacion-del-consejo-de-mayo-y-prometio-bajar-impuestos\/\",\"url\":\"https:\/\/apuntesdesanluis.com\/index.php\/2024\/05\/25\/en-cordoba-milei-anuncio-la-creacion-del-consejo-de-mayo-y-prometio-bajar-impuestos\/\",\"name\":\"EN C\u00d3RDOBA, MILEI ANUNCI\u00d3 LA CREACI\u00d3N DEL CONSEJO DE MAYO Y PROMETI\u00d3 BAJAR IMPUESTOS - Apuntes de San Luis\",\"isPartOf\":{\"@id\":\"https:\/\/apuntesdesanluis.com\/#website\"},\"primaryImageOfPage\":{\"@id\":\"https:\/\/apuntesdesanluis.com\/index.php\/2024\/05\/25\/en-cordoba-milei-anuncio-la-creacion-del-consejo-de-mayo-y-prometio-bajar-impuestos\/#primaryimage\"},\"image\":{\"@id\":\"https:\/\/apuntesdesanluis.com\/index.php\/2024\/05\/25\/en-cordoba-milei-anuncio-la-creacion-del-consejo-de-mayo-y-prometio-bajar-impuestos\/#primaryimage\"},\"thumbnailUrl\":\"https:\/\/apuntesdesanluis.com\/wp-content\/uploads\/2024\/05\/milei-9.png\",\"datePublished\":\"2024-05-25T22:38:57+00:00\",\"breadcrumb\":{\"@id\":\"https:\/\/apuntesdesanluis.com\/index.php\/2024\/05\/25\/en-cordoba-milei-anuncio-la-creacion-del-consejo-de-mayo-y-prometio-bajar-impuestos\/#breadcrumb\"},\"inLanguage\":\"es-AR\",\"potentialAction\":[{\"@type\":\"ReadAction\",\"target\":[\"https:\/\/apuntesdesanluis.com\/index.php\/2024\/05\/25\/en-cordoba-milei-anuncio-la-creacion-del-consejo-de-mayo-y-prometio-bajar-impuestos\/\"]}]},{\"@type\":\"ImageObject\",\"inLanguage\":\"es-AR\",\"@id\":\"https:\/\/apuntesdesanluis.com\/index.php\/2024\/05\/25\/en-cordoba-milei-anuncio-la-creacion-del-consejo-de-mayo-y-prometio-bajar-impuestos\/#primaryimage\",\"url\":\"https:\/\/apuntesdesanluis.com\/wp-content\/uploads\/2024\/05\/milei-9.png\",\"contentUrl\":\"https:\/\/apuntesdesanluis.com\/wp-content\/uploads\/2024\/05\/milei-9.png\",\"width\":700,\"height\":431},{\"@type\":\"BreadcrumbList\",\"@id\":\"https:\/\/apuntesdesanluis.com\/index.php\/2024\/05\/25\/en-cordoba-milei-anuncio-la-creacion-del-consejo-de-mayo-y-prometio-bajar-impuestos\/#breadcrumb\",\"itemListElement\":[{\"@type\":\"ListItem\",\"position\":1,\"name\":\"Inicio\",\"item\":\"https:\/\/apuntesdesanluis.com\/\"},{\"@type\":\"ListItem\",\"position\":2,\"name\":\"EN C\u00d3RDOBA, MILEI ANUNCI\u00d3 LA CREACI\u00d3N DEL CONSEJO DE MAYO Y PROMETI\u00d3 BAJAR IMPUESTOS\"}]},{\"@type\":\"WebSite\",\"@id\":\"https:\/\/apuntesdesanluis.com\/#website\",\"url\":\"https:\/\/apuntesdesanluis.com\/\",\"name\":\"Apuntes de San Luis\",\"description\":\"\",\"publisher\":{\"@id\":\"https:\/\/apuntesdesanluis.com\/#\/schema\/person\/b55151d52296fcce64d1a72538a70b90\"},\"potentialAction\":[{\"@type\":\"SearchAction\",\"target\":{\"@type\":\"EntryPoint\",\"urlTemplate\":\"https:\/\/apuntesdesanluis.com\/?s={search_term_string}\"},\"query-input\":{\"@type\":\"PropertyValueSpecification\",\"valueRequired\":true,\"valueName\":\"search_term_string\"}}],\"inLanguage\":\"es-AR\"},{\"@type\":[\"Person\",\"Organization\"],\"@id\":\"https:\/\/apuntesdesanluis.com\/#\/schema\/person\/b55151d52296fcce64d1a72538a70b90\",\"name\":\"apuntesdesanluis.com\",\"image\":{\"@type\":\"ImageObject\",\"inLanguage\":\"es-AR\",\"@id\":\"https:\/\/apuntesdesanluis.com\/#\/schema\/person\/image\/\",\"url\":\"https:\/\/apuntesdesanluis.com\/wp-content\/uploads\/2023\/07\/cropped-apuntesdesanluis.png\",\"contentUrl\":\"https:\/\/apuntesdesanluis.com\/wp-content\/uploads\/2023\/07\/cropped-apuntesdesanluis.png\",\"width\":450,\"height\":112,\"caption\":\"apuntesdesanluis.com\"},\"logo\":{\"@id\":\"https:\/\/apuntesdesanluis.com\/#\/schema\/person\/image\/\"},\"sameAs\":[\"https:\/\/apuntesdesanluis.com\"],\"url\":\"https:\/\/apuntesdesanluis.com\/index.php\/author\/apuntesdesanluis-com\/\"}]}<\/script>\n<!-- \/ Yoast SEO plugin. -->","yoast_head_json":{"title":"EN C\u00d3RDOBA, MILEI ANUNCI\u00d3 LA CREACI\u00d3N DEL CONSEJO DE MAYO Y PROMETI\u00d3 BAJAR IMPUESTOS - Apuntes de San Luis","robots":{"index":"index","follow":"follow","max-snippet":"max-snippet:-1","max-image-preview":"max-image-preview:large","max-video-preview":"max-video-preview:-1"},"canonical":"https:\/\/apuntesdesanluis.com\/index.php\/2024\/05\/25\/en-cordoba-milei-anuncio-la-creacion-del-consejo-de-mayo-y-prometio-bajar-impuestos\/","og_locale":"es_ES","og_type":"article","og_title":"EN C\u00d3RDOBA, MILEI ANUNCI\u00d3 LA CREACI\u00d3N DEL CONSEJO DE MAYO Y PROMETI\u00d3 BAJAR IMPUESTOS - Apuntes de San Luis","og_description":"En el acto central por el 25 de Mayo en la capital de C\u00f3rdoba, el...","og_url":"https:\/\/apuntesdesanluis.com\/index.php\/2024\/05\/25\/en-cordoba-milei-anuncio-la-creacion-del-consejo-de-mayo-y-prometio-bajar-impuestos\/","og_site_name":"Apuntes de San Luis","article_published_time":"2024-05-25T22:38:57+00:00","og_image":[{"width":700,"height":431,"url":"https:\/\/apuntesdesanluis.com\/wp-content\/uploads\/2024\/05\/milei-9.png","type":"image\/png"}],"author":"apuntesdesanluis.com","twitter_card":"summary_large_image","twitter_misc":{"Escrito por":"apuntesdesanluis.com","Tiempo de lectura":"3 minutos"},"schema":{"@context":"https:\/\/schema.org","@graph":[{"@type":"Article","@id":"https:\/\/apuntesdesanluis.com\/index.php\/2024\/05\/25\/en-cordoba-milei-anuncio-la-creacion-del-consejo-de-mayo-y-prometio-bajar-impuestos\/#article","isPartOf":{"@id":"https:\/\/apuntesdesanluis.com\/index.php\/2024\/05\/25\/en-cordoba-milei-anuncio-la-creacion-del-consejo-de-mayo-y-prometio-bajar-impuestos\/"},"author":{"name":"apuntesdesanluis.com","@id":"https:\/\/apuntesdesanluis.com\/#\/schema\/person\/b55151d52296fcce64d1a72538a70b90"},"headline":"EN C\u00d3RDOBA, MILEI ANUNCI\u00d3 LA CREACI\u00d3N DEL CONSEJO DE MAYO Y PROMETI\u00d3 BAJAR IMPUESTOS","datePublished":"2024-05-25T22:38:57+00:00","mainEntityOfPage":{"@id":"https:\/\/apuntesdesanluis.com\/index.php\/2024\/05\/25\/en-cordoba-milei-anuncio-la-creacion-del-consejo-de-mayo-y-prometio-bajar-impuestos\/"},"wordCount":589,"publisher":{"@id":"https:\/\/apuntesdesanluis.com\/#\/schema\/person\/b55151d52296fcce64d1a72538a70b90"},"image":{"@id":"https:\/\/apuntesdesanluis.com\/index.php\/2024\/05\/25\/en-cordoba-milei-anuncio-la-creacion-del-consejo-de-mayo-y-prometio-bajar-impuestos\/#primaryimage"},"thumbnailUrl":"https:\/\/apuntesdesanluis.com\/wp-content\/uploads\/2024\/05\/milei-9.png","articleSection":["Nacionales\/Internacionales"],"inLanguage":"es-AR"},{"@type":"WebPage","@id":"https:\/\/apuntesdesanluis.com\/index.php\/2024\/05\/25\/en-cordoba-milei-anuncio-la-creacion-del-consejo-de-mayo-y-prometio-bajar-impuestos\/","url":"https:\/\/apuntesdesanluis.com\/index.php\/2024\/05\/25\/en-cordoba-milei-anuncio-la-creacion-del-consejo-de-mayo-y-prometio-bajar-impuestos\/","name":"EN C\u00d3RDOBA, MILEI ANUNCI\u00d3 LA CREACI\u00d3N DEL CONSEJO DE MAYO Y PROMETI\u00d3 BAJAR IMPUESTOS - Apuntes de San Luis","isPartOf":{"@id":"https:\/\/apuntesdesanluis.com\/#website"},"primaryImageOfPage":{"@id":"https:\/\/apuntesdesanluis.com\/index.php\/2024\/05\/25\/en-cordoba-milei-anuncio-la-creacion-del-consejo-de-mayo-y-prometio-bajar-impuestos\/#primaryimage"},"image":{"@id":"https:\/\/apuntesdesanluis.com\/index.php\/2024\/05\/25\/en-cordoba-milei-anuncio-la-creacion-del-consejo-de-mayo-y-prometio-bajar-impuestos\/#primaryimage"},"thumbnailUrl":"https:\/\/apuntesdesanluis.com\/wp-content\/uploads\/2024\/05\/milei-9.png","datePublished":"2024-05-25T22:38:57+00:00","breadcrumb":{"@id":"https:\/\/apuntesdesanluis.com\/index.php\/2024\/05\/25\/en-cordoba-milei-anuncio-la-creacion-del-consejo-de-mayo-y-prometio-bajar-impuestos\/#breadcrumb"},"inLanguage":"es-AR","potentialAction":[{"@type":"ReadAction","target":["https:\/\/apuntesdesanluis.com\/index.php\/2024\/05\/25\/en-cordoba-milei-anuncio-la-creacion-del-consejo-de-mayo-y-prometio-bajar-impuestos\/"]}]},{"@type":"ImageObject","inLanguage":"es-AR","@id":"https:\/\/apuntesdesanluis.com\/index.php\/2024\/05\/25\/en-cordoba-milei-anuncio-la-creacion-del-consejo-de-mayo-y-prometio-bajar-impuestos\/#primaryimage","url":"https:\/\/apuntesdesanluis.com\/wp-content\/uploads\/2024\/05\/milei-9.png","contentUrl":"https:\/\/apuntesdesanluis.com\/wp-content\/uploads\/2024\/05\/milei-9.png","width":700,"height":431},{"@type":"BreadcrumbList","@id":"https:\/\/apuntesdesanluis.com\/index.php\/2024\/05\/25\/en-cordoba-milei-anuncio-la-creacion-del-consejo-de-mayo-y-prometio-bajar-impuestos\/#breadcrumb","itemListElement":[{"@type":"ListItem","position":1,"name":"Inicio","item":"https:\/\/apuntesdesanluis.com\/"},{"@type":"ListItem","position":2,"name":"EN C\u00d3RDOBA, MILEI ANUNCI\u00d3 LA CREACI\u00d3N DEL CONSEJO DE MAYO Y PROMETI\u00d3 BAJAR IMPUESTOS"}]},{"@type":"WebSite","@id":"https:\/\/apuntesdesanluis.com\/#website","url":"https:\/\/apuntesdesanluis.com\/","name":"Apuntes de San Luis","description":"","publisher":{"@id":"https:\/\/apuntesdesanluis.com\/#\/schema\/person\/b55151d52296fcce64d1a72538a70b90"},"potentialAction":[{"@type":"SearchAction","target":{"@type":"EntryPoint","urlTemplate":"https:\/\/apuntesdesanluis.com\/?s={search_term_string}"},"query-input":{"@type":"PropertyValueSpecification","valueRequired":true,"valueName":"search_term_string"}}],"inLanguage":"es-AR"},{"@type":["Person","Organization"],"@id":"https:\/\/apuntesdesanluis.com\/#\/schema\/person\/b55151d52296fcce64d1a72538a70b90","name":"apuntesdesanluis.com","image":{"@type":"ImageObject","inLanguage":"es-AR","@id":"https:\/\/apuntesdesanluis.com\/#\/schema\/person\/image\/","url":"https:\/\/apuntesdesanluis.com\/wp-content\/uploads\/2023\/07\/cropped-apuntesdesanluis.png","contentUrl":"https:\/\/apuntesdesanluis.com\/wp-content\/uploads\/2023\/07\/cropped-apuntesdesanluis.png","width":450,"height":112,"caption":"apuntesdesanluis.com"},"logo":{"@id":"https:\/\/apuntesdesanluis.com\/#\/schema\/person\/image\/"},"sameAs":["https:\/\/apuntesdesanluis.com"],"url":"https:\/\/apuntesdesanluis.com\/index.php\/author\/apuntesdesanluis-com\/"}]}},"featured_image_urls":{"full":["https:\/\/apuntesdesanluis.com\/wp-content\/uploads\/2024\/05\/milei-9.png",700,431,false],"thumbnail":["https:\/\/apuntesdesanluis.com\/wp-content\/uploads\/2024\/05\/milei-9-150x150.png",150,150,true],"medium":["https:\/\/apuntesdesanluis.com\/wp-content\/uploads\/2024\/05\/milei-9-300x185.png",300,185,true],"medium_large":["https:\/\/apuntesdesanluis.com\/wp-content\/uploads\/2024\/05\/milei-9.png",640,394,false],"large":["https:\/\/apuntesdesanluis.com\/wp-content\/uploads\/2024\/05\/milei-9.png",640,394,false],"1536x1536":["https:\/\/apuntesdesanluis.com\/wp-content\/uploads\/2024\/05\/milei-9.png",700,431,false],"2048x2048":["https:\/\/apuntesdesanluis.com\/wp-content\/uploads\/2024\/05\/milei-9.png",700,431,false],"newsever-slider-full":["https:\/\/apuntesdesanluis.com\/wp-content\/uploads\/2024\/05\/milei-9.png",700,431,false],"newsever-featured":["https:\/\/apuntesdesanluis.com\/wp-content\/uploads\/2024\/05\/milei-9.png",700,431,false],"newsever-medium":["https:\/\/apuntesdesanluis.com\/wp-content\/uploads\/2024\/05\/milei-9.png",700,431,false]},"author_info":{"display_name":"apuntesdesanluis.com","author_link":"https:\/\/apuntesdesanluis.com\/index.php\/author\/apuntesdesanluis-com\/"},"category_info":"<a href=\"https:\/\/apuntesdesanluis.com\/index.php\/category\/nacionales-internacionales\/\" rel=\"category tag\">Nacionales\/Internacionales<\/a>","tag_info":"Nacionales\/Internacionales","comment_count":"0","_links":{"self":[{"href":"https:\/\/apuntesdesanluis.com\/index.php\/wp-json\/wp\/v2\/posts\/16810","targetHints":{"allow":["GET"]}}],"collection":[{"href":"https:\/\/apuntesdesanluis.com\/index.php\/wp-json\/wp\/v2\/posts"}],"about":[{"href":"https:\/\/apuntesdesanluis.com\/index.php\/wp-json\/wp\/v2\/types\/post"}],"author":[{"embeddable":true,"href":"https:\/\/apuntesdesanluis.com\/index.php\/wp-json\/wp\/v2\/users\/1"}],"replies":[{"embeddable":true,"href":"https:\/\/apuntesdesanluis.com\/index.php\/wp-json\/wp\/v2\/comments?post=16810"}],"version-history":[{"count":1,"href":"https:\/\/apuntesdesanluis.com\/index.php\/wp-json\/wp\/v2\/posts\/16810\/revisions"}],"predecessor-version":[{"id":16813,"href":"https:\/\/apuntesdesanluis.com\/index.php\/wp-json\/wp\/v2\/posts\/16810\/revisions\/16813"}],"wp:featuredmedia":[{"embeddable":true,"href":"https:\/\/apuntesdesanluis.com\/index.php\/wp-json\/wp\/v2\/media\/16812"}],"wp:attachment":[{"href":"https:\/\/apuntesdesanluis.com\/index.php\/wp-json\/wp\/v2\/media?parent=16810"}],"wp:term":[{"taxonomy":"category","embeddable":true,"href":"https:\/\/apuntesdesanluis.com\/index.php\/wp-json\/wp\/v2\/categories?post=16810"},{"taxonomy":"post_tag","embeddable":true,"href":"https:\/\/apuntesdesanluis.com\/index.php\/wp-json\/wp\/v2\/tags?post=16810"}],"curies":[{"name":"wp","href":"https:\/\/api.w.org\/{rel}","templated":true}]}}