{"id":16818,"date":"2024-05-25T11:00:05","date_gmt":"2024-05-25T14:00:05","guid":{"rendered":"https:\/\/apuntesdesanluis.com\/?p=16818"},"modified":"2024-05-26T13:09:17","modified_gmt":"2024-05-26T16:09:17","slug":"arzobispo-garcia-cuerva-hay-que-acompanar-con-hechos-y-no-solo-con-palabras-el-esfuerzo-de-la-gente","status":"publish","type":"post","link":"https:\/\/apuntesdesanluis.com\/index.php\/2024\/05\/25\/arzobispo-garcia-cuerva-hay-que-acompanar-con-hechos-y-no-solo-con-palabras-el-esfuerzo-de-la-gente\/","title":{"rendered":"ARZOBISPO GARC\u00cdA CUERVA: \u201cHAY QUE ACOMPA\u00d1AR CON HECHOS Y NO SOLO CON PALABRAS EL ESFUERZO DE LA GENTE\u201d"},"content":{"rendered":"<h3>El arzobispo de Buenos Aires y primado de la Argentina, monse\u00f1or Jorge Garc\u00eda Cuerva, advirti\u00f3 hoy durante el tedeum en la Catedral Metropolitana que \u201chay que acompa\u00f1ar con hechos y no solo con palabras el esfuerzo de la gente\u201d, y convoc\u00f3 a una \u201calianza social para la esperanza, inclusiva y no ideol\u00f3gica\u201d.<\/h3>\n<h3>Lo hizo ante el presidente Javier Milei y buena parte de su Gabinete, que participaron de la ceremonia religiosa. El dato pol\u00edtico de la jornada fue la presencia del jefe de Gabinete, Nicol\u00e1s Posse, en medio de la incertidumbre por su futuro en el Gobierno.<\/h3>\n<h3><img fetchpriority=\"high\" decoding=\"async\" class=\"wp-image-16820 aligncenter\" src=\"https:\/\/apuntesdesanluis.com\/wp-content\/uploads\/2024\/05\/abdala-con-milei-300x220.jpg\" alt=\"\" width=\"577\" height=\"423\" srcset=\"https:\/\/apuntesdesanluis.com\/wp-content\/uploads\/2024\/05\/abdala-con-milei-300x220.jpg 300w, https:\/\/apuntesdesanluis.com\/wp-content\/uploads\/2024\/05\/abdala-con-milei.jpg 700w\" sizes=\"(max-width: 577px) 100vw, 577px\" \/><\/h3>\n<h3>Inmediatamente despu\u00e9s de la lectura de la Palabra y al comenzar su mensaje, el arzobispo de Buenos Aires dijo: \u201cEl mensaje que compartir\u00e9 quiere ser un aporte, a la luz de la Palabra de Dios, para la reflexi\u00f3n de todos los actores de la sociedad argentina, convencido que entre todos construimos la Patria, m\u00e1s all\u00e1 de saber que, luego, puedan ser tomadas frases aisladas para querer alimentar la fragmentaci\u00f3n\u201d.<\/h3>\n<h3>En la homil\u00eda de esta celebraci\u00f3n de Acci\u00f3n de Gracias, el arzobispo invit\u00f3 a comenzar la celebraci\u00f3n con profunda \u201cacci\u00f3n de gracias al Se\u00f1or por gestas pasadas que nos constituyeron como Naci\u00f3n y nos ayudan a mantener viva la memoria, custodiando el alma de nuestro Pueblo\u201d. Sobre el tedeum, monse\u00f1or Garc\u00eda Cuerva expres\u00f3 que \u201ces un himno que nos invita a reconocer y regenerar nuestra vida como sociedad, desde la gratitud\u201d.<\/h3>\n<h3>Al iniciar su reflexi\u00f3n sobre el texto b\u00edblico proclamado (Marcos 3, 1-6) comparti\u00f3: \u201cHoy tambi\u00e9n nos ponemos delante de Dios como Naci\u00f3n, y le pedimos que nos cure, porque parecemos tener las manos paralizadas para el encuentro que construye fraternidad, las manos paralizadas para abrazar a los heridos por la soledad y la tristeza, las manos paralizadas para ser solidarios con los que menos tienen; y tambi\u00e9n le pedimos a Dios nos preserve de las manos manchadas de sangre por el narcotr\u00e1fico, las manos sucias de la corrupci\u00f3n y la coima, las manos en el bolsillo del ego\u00edsmo y la indiferencia\u201d.<\/h3>\n<p><img decoding=\"async\" class=\"wp-image-16821 aligncenter\" src=\"https:\/\/apuntesdesanluis.com\/wp-content\/uploads\/2024\/05\/Abdala-y-villarruel-300x213.jpg\" alt=\"\" width=\"636\" height=\"451\" srcset=\"https:\/\/apuntesdesanluis.com\/wp-content\/uploads\/2024\/05\/Abdala-y-villarruel-300x213.jpg 300w, https:\/\/apuntesdesanluis.com\/wp-content\/uploads\/2024\/05\/Abdala-y-villarruel.jpg 766w\" sizes=\"(max-width: 636px) 100vw, 636px\" \/><\/p>\n<h4 style=\"text-align: center;\"><em>La vicepresidenta Victoria Villarruel con el presidente provisional del Senado Bartolom\u00e9 Abdala.<\/em><\/h4>\n<h3>En otro tramo de su mensaje, Garc\u00eda Cuervo afirm\u00f3 que \u201chay par\u00e1lisis que no se pueden procrastinar\u201d, y advirti\u00f3 que \u201csu postergaci\u00f3n, en nombre de un futuro prometedor, generar\u00edan consecuencias nefastas por irreversibles en la vida de las personas y, por tanto, de toda la sociedad. Un precio muy alto a pagar que no nos podemos permitir: la malnutrici\u00f3n en la primera infancia; la falta de escolarizaci\u00f3n y accesibilidad a los servicios de salud; los ancianos y jubilados incapaces de sostenerse diariamente con un m\u00ednimo de dignidad, son algunos de esos ejemplos impostergables\u201d.<\/h3>\n<h3>Enseguida, agreg\u00f3: \u201cTodos sintamos tambi\u00e9n hoy sobre nosotros la mirada fuerte de Jes\u00fas que nos interpela, que nos cuestiona, que nos alerta sobre nuestra insensibilidad con los m\u00e1s desprotegidos, que nos reclama mayor compromiso y cercan\u00eda con los que sufren\u201d.<\/h3>\n<h3>Fue all\u00ed cuando envi\u00f3 un fuerte mensaje: \u201cQue cada uno, y todos a la vez, desde la responsabilidad que tenemos en la comunidad, podamos dejarnos mirar por Dios, dej\u00e1ndonos cuestionar por la conciencia, y nos preguntemos: en estos tiempos tan dif\u00edciles: \u00bfqu\u00e9 estoy haciendo por los m\u00e1s pobres? Porque f\u00e1cilmente nos sale reclamar a otros que se comprometan, pero yo \u00bfqu\u00e9 hago?, \u00bfpodremos mirarnos y responder esa pregunta sin echar culpas como adolescentes, sino desde la responsabilidad de hacernos cargo, incluso si es necesario, realizando una autocr\u00edtica madura que tanto necesita escuchar alguna vez nuestro pueblo? Porque nuestra gente est\u00e1 haciendo un esfuerzo muy grande, no podemos nosotros \u2018hacernos los tontos\u2019. Hay que acompa\u00f1ar con hechos y no solo con palabras ese enorme esfuerzo; por eso siguen doliendo algunas acciones de la dirigencia divorciadas de la ciudadan\u00eda de a pie, como los tan comentados \u201cauto aumentos\u201d de sueldos de hace algunas semanas\u201d.<\/h3>\n<h3>\u201cEl pasado nos ense\u00f1a que todo lo que amamos se puede destruir en base a la instrumentalizaci\u00f3n y el odio, ya que priva al cuerpo social de las defensas naturales contra la desintegraci\u00f3n y la fragmentaci\u00f3n social: r\u00e9dito instant\u00e1neo para los saqueadores de turno e incapacidad presente para pensarnos como Naci\u00f3n. Hay pocas cosas que corrompen y socaban m\u00e1s a un pueblo que el h\u00e1bito de odiar\u201d, a\u00f1adi\u00f3 Garc\u00eda Cuerva.<\/h3>\n<h3>Al finalizar, el obispo, inspirado en el mensaje de Francisco para la misa por los 50 a\u00f1os del asesinato del Padre Carlos Mugica, invit\u00f3 a concretar en la Argentina \u201cuna alianza social para la esperanza, que sea inclusiva y no ideol\u00f3gica\u201d.<\/h3>\n<h3><img decoding=\"async\" class=\"wp-image-16822 aligncenter\" src=\"https:\/\/apuntesdesanluis.com\/wp-content\/uploads\/2024\/05\/milei-con-abdala-300x179.jpg\" alt=\"\" width=\"623\" height=\"372\" srcset=\"https:\/\/apuntesdesanluis.com\/wp-content\/uploads\/2024\/05\/milei-con-abdala-300x179.jpg 300w, https:\/\/apuntesdesanluis.com\/wp-content\/uploads\/2024\/05\/milei-con-abdala.jpg 700w\" sizes=\"(max-width: 623px) 100vw, 623px\" \/><\/h3>\n<h3>Alrededor de las 10:30 de la ma\u00f1ana, el presidente Javier Milei sali\u00f3 de la Catedral de Buenos Aires y subi\u00f3 a una camioneta rumbo a la Quinta de Olivos, antes de viajar a C\u00f3rdoba, donde encabezar\u00e1 el acto oficial por la fecha patria.<\/h3>\n<p>&nbsp;<\/p>\n<p>&nbsp;<\/p>\n<p>&nbsp;<\/p>\n<p>&nbsp;<\/p>\n<p>&nbsp;<\/p>\n<p>&nbsp;<\/p>\n<p>&nbsp;<\/p>\n<p>&nbsp;<\/p>\n","protected":false},"excerpt":{"rendered":"<p>El arzobispo de Buenos Aires y primado de la Argentina, monse\u00f1or Jorge Garc\u00eda Cuerva, advirti\u00f3&#8230;<\/p>\n","protected":false},"author":1,"featured_media":16819,"comment_status":"closed","ping_status":"closed","sticky":false,"template":"","format":"standard","meta":{"footnotes":""},"categories":[5],"tags":[],"class_list":["post-16818","post","type-post","status-publish","format-standard","has-post-thumbnail","hentry","category-nacionales-internacionales"],"yoast_head":"<!-- This site is optimized with the Yoast SEO plugin v26.1.1 - https:\/\/yoast.com\/wordpress\/plugins\/seo\/ -->\n<title>ARZOBISPO GARC\u00cdA CUERVA: \u201cHAY QUE ACOMPA\u00d1AR CON HECHOS Y NO SOLO CON PALABRAS EL ESFUERZO DE LA GENTE\u201d - Apuntes de San Luis<\/title>\n<meta name=\"robots\" content=\"index, follow, max-snippet:-1, max-image-preview:large, max-video-preview:-1\" \/>\n<link rel=\"canonical\" href=\"https:\/\/apuntesdesanluis.com\/index.php\/2024\/05\/25\/arzobispo-garcia-cuerva-hay-que-acompanar-con-hechos-y-no-solo-con-palabras-el-esfuerzo-de-la-gente\/\" \/>\n<meta property=\"og:locale\" content=\"es_ES\" \/>\n<meta property=\"og:type\" content=\"article\" \/>\n<meta property=\"og:title\" content=\"ARZOBISPO GARC\u00cdA CUERVA: \u201cHAY QUE ACOMPA\u00d1AR CON HECHOS Y NO SOLO CON PALABRAS EL ESFUERZO DE LA GENTE\u201d - Apuntes de San Luis\" \/>\n<meta property=\"og:description\" content=\"El arzobispo de Buenos Aires y primado de la Argentina, monse\u00f1or Jorge Garc\u00eda Cuerva, advirti\u00f3...\" \/>\n<meta property=\"og:url\" content=\"https:\/\/apuntesdesanluis.com\/index.php\/2024\/05\/25\/arzobispo-garcia-cuerva-hay-que-acompanar-con-hechos-y-no-solo-con-palabras-el-esfuerzo-de-la-gente\/\" \/>\n<meta property=\"og:site_name\" content=\"Apuntes de San Luis\" \/>\n<meta property=\"article:published_time\" content=\"2024-05-25T14:00:05+00:00\" \/>\n<meta property=\"article:modified_time\" content=\"2024-05-26T16:09:17+00:00\" \/>\n<meta property=\"og:image\" content=\"https:\/\/apuntesdesanluis.com\/wp-content\/uploads\/2024\/05\/garcia-cuerva.png\" \/>\n\t<meta property=\"og:image:width\" content=\"700\" \/>\n\t<meta property=\"og:image:height\" content=\"377\" \/>\n\t<meta property=\"og:image:type\" content=\"image\/png\" \/>\n<meta name=\"author\" content=\"apuntesdesanluis.com\" \/>\n<meta name=\"twitter:card\" content=\"summary_large_image\" \/>\n<meta name=\"twitter:label1\" content=\"Escrito por\" \/>\n\t<meta name=\"twitter:data1\" content=\"apuntesdesanluis.com\" \/>\n\t<meta name=\"twitter:label2\" content=\"Tiempo de lectura\" \/>\n\t<meta name=\"twitter:data2\" content=\"5 minutos\" \/>\n<script type=\"application\/ld+json\" class=\"yoast-schema-graph\">{\"@context\":\"https:\/\/schema.org\",\"@graph\":[{\"@type\":\"Article\",\"@id\":\"https:\/\/apuntesdesanluis.com\/index.php\/2024\/05\/25\/arzobispo-garcia-cuerva-hay-que-acompanar-con-hechos-y-no-solo-con-palabras-el-esfuerzo-de-la-gente\/#article\",\"isPartOf\":{\"@id\":\"https:\/\/apuntesdesanluis.com\/index.php\/2024\/05\/25\/arzobispo-garcia-cuerva-hay-que-acompanar-con-hechos-y-no-solo-con-palabras-el-esfuerzo-de-la-gente\/\"},\"author\":{\"name\":\"apuntesdesanluis.com\",\"@id\":\"https:\/\/apuntesdesanluis.com\/#\/schema\/person\/b55151d52296fcce64d1a72538a70b90\"},\"headline\":\"ARZOBISPO GARC\u00cdA CUERVA: \u201cHAY QUE ACOMPA\u00d1AR CON HECHOS Y NO SOLO CON PALABRAS EL ESFUERZO DE LA GENTE\u201d\",\"datePublished\":\"2024-05-25T14:00:05+00:00\",\"dateModified\":\"2024-05-26T16:09:17+00:00\",\"mainEntityOfPage\":{\"@id\":\"https:\/\/apuntesdesanluis.com\/index.php\/2024\/05\/25\/arzobispo-garcia-cuerva-hay-que-acompanar-con-hechos-y-no-solo-con-palabras-el-esfuerzo-de-la-gente\/\"},\"wordCount\":874,\"publisher\":{\"@id\":\"https:\/\/apuntesdesanluis.com\/#\/schema\/person\/b55151d52296fcce64d1a72538a70b90\"},\"image\":{\"@id\":\"https:\/\/apuntesdesanluis.com\/index.php\/2024\/05\/25\/arzobispo-garcia-cuerva-hay-que-acompanar-con-hechos-y-no-solo-con-palabras-el-esfuerzo-de-la-gente\/#primaryimage\"},\"thumbnailUrl\":\"https:\/\/apuntesdesanluis.com\/wp-content\/uploads\/2024\/05\/garcia-cuerva.png\",\"articleSection\":[\"Nacionales\/Internacionales\"],\"inLanguage\":\"es-AR\"},{\"@type\":\"WebPage\",\"@id\":\"https:\/\/apuntesdesanluis.com\/index.php\/2024\/05\/25\/arzobispo-garcia-cuerva-hay-que-acompanar-con-hechos-y-no-solo-con-palabras-el-esfuerzo-de-la-gente\/\",\"url\":\"https:\/\/apuntesdesanluis.com\/index.php\/2024\/05\/25\/arzobispo-garcia-cuerva-hay-que-acompanar-con-hechos-y-no-solo-con-palabras-el-esfuerzo-de-la-gente\/\",\"name\":\"ARZOBISPO GARC\u00cdA CUERVA: \u201cHAY QUE ACOMPA\u00d1AR CON HECHOS Y NO SOLO CON PALABRAS EL ESFUERZO DE LA GENTE\u201d - Apuntes de San Luis\",\"isPartOf\":{\"@id\":\"https:\/\/apuntesdesanluis.com\/#website\"},\"primaryImageOfPage\":{\"@id\":\"https:\/\/apuntesdesanluis.com\/index.php\/2024\/05\/25\/arzobispo-garcia-cuerva-hay-que-acompanar-con-hechos-y-no-solo-con-palabras-el-esfuerzo-de-la-gente\/#primaryimage\"},\"image\":{\"@id\":\"https:\/\/apuntesdesanluis.com\/index.php\/2024\/05\/25\/arzobispo-garcia-cuerva-hay-que-acompanar-con-hechos-y-no-solo-con-palabras-el-esfuerzo-de-la-gente\/#primaryimage\"},\"thumbnailUrl\":\"https:\/\/apuntesdesanluis.com\/wp-content\/uploads\/2024\/05\/garcia-cuerva.png\",\"datePublished\":\"2024-05-25T14:00:05+00:00\",\"dateModified\":\"2024-05-26T16:09:17+00:00\",\"breadcrumb\":{\"@id\":\"https:\/\/apuntesdesanluis.com\/index.php\/2024\/05\/25\/arzobispo-garcia-cuerva-hay-que-acompanar-con-hechos-y-no-solo-con-palabras-el-esfuerzo-de-la-gente\/#breadcrumb\"},\"inLanguage\":\"es-AR\",\"potentialAction\":[{\"@type\":\"ReadAction\",\"target\":[\"https:\/\/apuntesdesanluis.com\/index.php\/2024\/05\/25\/arzobispo-garcia-cuerva-hay-que-acompanar-con-hechos-y-no-solo-con-palabras-el-esfuerzo-de-la-gente\/\"]}]},{\"@type\":\"ImageObject\",\"inLanguage\":\"es-AR\",\"@id\":\"https:\/\/apuntesdesanluis.com\/index.php\/2024\/05\/25\/arzobispo-garcia-cuerva-hay-que-acompanar-con-hechos-y-no-solo-con-palabras-el-esfuerzo-de-la-gente\/#primaryimage\",\"url\":\"https:\/\/apuntesdesanluis.com\/wp-content\/uploads\/2024\/05\/garcia-cuerva.png\",\"contentUrl\":\"https:\/\/apuntesdesanluis.com\/wp-content\/uploads\/2024\/05\/garcia-cuerva.png\",\"width\":700,\"height\":377},{\"@type\":\"BreadcrumbList\",\"@id\":\"https:\/\/apuntesdesanluis.com\/index.php\/2024\/05\/25\/arzobispo-garcia-cuerva-hay-que-acompanar-con-hechos-y-no-solo-con-palabras-el-esfuerzo-de-la-gente\/#breadcrumb\",\"itemListElement\":[{\"@type\":\"ListItem\",\"position\":1,\"name\":\"Inicio\",\"item\":\"https:\/\/apuntesdesanluis.com\/\"},{\"@type\":\"ListItem\",\"position\":2,\"name\":\"ARZOBISPO GARC\u00cdA CUERVA: \u201cHAY QUE ACOMPA\u00d1AR CON HECHOS Y NO SOLO CON PALABRAS EL ESFUERZO DE LA GENTE\u201d\"}]},{\"@type\":\"WebSite\",\"@id\":\"https:\/\/apuntesdesanluis.com\/#website\",\"url\":\"https:\/\/apuntesdesanluis.com\/\",\"name\":\"Apuntes de San Luis\",\"description\":\"\",\"publisher\":{\"@id\":\"https:\/\/apuntesdesanluis.com\/#\/schema\/person\/b55151d52296fcce64d1a72538a70b90\"},\"potentialAction\":[{\"@type\":\"SearchAction\",\"target\":{\"@type\":\"EntryPoint\",\"urlTemplate\":\"https:\/\/apuntesdesanluis.com\/?s={search_term_string}\"},\"query-input\":{\"@type\":\"PropertyValueSpecification\",\"valueRequired\":true,\"valueName\":\"search_term_string\"}}],\"inLanguage\":\"es-AR\"},{\"@type\":[\"Person\",\"Organization\"],\"@id\":\"https:\/\/apuntesdesanluis.com\/#\/schema\/person\/b55151d52296fcce64d1a72538a70b90\",\"name\":\"apuntesdesanluis.com\",\"image\":{\"@type\":\"ImageObject\",\"inLanguage\":\"es-AR\",\"@id\":\"https:\/\/apuntesdesanluis.com\/#\/schema\/person\/image\/\",\"url\":\"https:\/\/apuntesdesanluis.com\/wp-content\/uploads\/2023\/07\/cropped-apuntesdesanluis.png\",\"contentUrl\":\"https:\/\/apuntesdesanluis.com\/wp-content\/uploads\/2023\/07\/cropped-apuntesdesanluis.png\",\"width\":450,\"height\":112,\"caption\":\"apuntesdesanluis.com\"},\"logo\":{\"@id\":\"https:\/\/apuntesdesanluis.com\/#\/schema\/person\/image\/\"},\"sameAs\":[\"https:\/\/apuntesdesanluis.com\"],\"url\":\"https:\/\/apuntesdesanluis.com\/index.php\/author\/apuntesdesanluis-com\/\"}]}<\/script>\n<!-- \/ Yoast SEO plugin. -->","yoast_head_json":{"title":"ARZOBISPO GARC\u00cdA CUERVA: \u201cHAY QUE ACOMPA\u00d1AR CON HECHOS Y NO SOLO CON PALABRAS EL ESFUERZO DE LA GENTE\u201d - Apuntes de San Luis","robots":{"index":"index","follow":"follow","max-snippet":"max-snippet:-1","max-image-preview":"max-image-preview:large","max-video-preview":"max-video-preview:-1"},"canonical":"https:\/\/apuntesdesanluis.com\/index.php\/2024\/05\/25\/arzobispo-garcia-cuerva-hay-que-acompanar-con-hechos-y-no-solo-con-palabras-el-esfuerzo-de-la-gente\/","og_locale":"es_ES","og_type":"article","og_title":"ARZOBISPO GARC\u00cdA CUERVA: \u201cHAY QUE ACOMPA\u00d1AR CON HECHOS Y NO SOLO CON PALABRAS EL ESFUERZO DE LA GENTE\u201d - Apuntes de San Luis","og_description":"El arzobispo de Buenos Aires y primado de la Argentina, monse\u00f1or Jorge Garc\u00eda Cuerva, advirti\u00f3...","og_url":"https:\/\/apuntesdesanluis.com\/index.php\/2024\/05\/25\/arzobispo-garcia-cuerva-hay-que-acompanar-con-hechos-y-no-solo-con-palabras-el-esfuerzo-de-la-gente\/","og_site_name":"Apuntes de San Luis","article_published_time":"2024-05-25T14:00:05+00:00","article_modified_time":"2024-05-26T16:09:17+00:00","og_image":[{"width":700,"height":377,"url":"https:\/\/apuntesdesanluis.com\/wp-content\/uploads\/2024\/05\/garcia-cuerva.png","type":"image\/png"}],"author":"apuntesdesanluis.com","twitter_card":"summary_large_image","twitter_misc":{"Escrito por":"apuntesdesanluis.com","Tiempo de lectura":"5 minutos"},"schema":{"@context":"https:\/\/schema.org","@graph":[{"@type":"Article","@id":"https:\/\/apuntesdesanluis.com\/index.php\/2024\/05\/25\/arzobispo-garcia-cuerva-hay-que-acompanar-con-hechos-y-no-solo-con-palabras-el-esfuerzo-de-la-gente\/#article","isPartOf":{"@id":"https:\/\/apuntesdesanluis.com\/index.php\/2024\/05\/25\/arzobispo-garcia-cuerva-hay-que-acompanar-con-hechos-y-no-solo-con-palabras-el-esfuerzo-de-la-gente\/"},"author":{"name":"apuntesdesanluis.com","@id":"https:\/\/apuntesdesanluis.com\/#\/schema\/person\/b55151d52296fcce64d1a72538a70b90"},"headline":"ARZOBISPO GARC\u00cdA CUERVA: \u201cHAY QUE ACOMPA\u00d1AR CON HECHOS Y NO SOLO CON PALABRAS EL ESFUERZO DE LA GENTE\u201d","datePublished":"2024-05-25T14:00:05+00:00","dateModified":"2024-05-26T16:09:17+00:00","mainEntityOfPage":{"@id":"https:\/\/apuntesdesanluis.com\/index.php\/2024\/05\/25\/arzobispo-garcia-cuerva-hay-que-acompanar-con-hechos-y-no-solo-con-palabras-el-esfuerzo-de-la-gente\/"},"wordCount":874,"publisher":{"@id":"https:\/\/apuntesdesanluis.com\/#\/schema\/person\/b55151d52296fcce64d1a72538a70b90"},"image":{"@id":"https:\/\/apuntesdesanluis.com\/index.php\/2024\/05\/25\/arzobispo-garcia-cuerva-hay-que-acompanar-con-hechos-y-no-solo-con-palabras-el-esfuerzo-de-la-gente\/#primaryimage"},"thumbnailUrl":"https:\/\/apuntesdesanluis.com\/wp-content\/uploads\/2024\/05\/garcia-cuerva.png","articleSection":["Nacionales\/Internacionales"],"inLanguage":"es-AR"},{"@type":"WebPage","@id":"https:\/\/apuntesdesanluis.com\/index.php\/2024\/05\/25\/arzobispo-garcia-cuerva-hay-que-acompanar-con-hechos-y-no-solo-con-palabras-el-esfuerzo-de-la-gente\/","url":"https:\/\/apuntesdesanluis.com\/index.php\/2024\/05\/25\/arzobispo-garcia-cuerva-hay-que-acompanar-con-hechos-y-no-solo-con-palabras-el-esfuerzo-de-la-gente\/","name":"ARZOBISPO GARC\u00cdA CUERVA: \u201cHAY QUE ACOMPA\u00d1AR CON HECHOS Y NO SOLO CON PALABRAS EL ESFUERZO DE LA GENTE\u201d - Apuntes de San Luis","isPartOf":{"@id":"https:\/\/apuntesdesanluis.com\/#website"},"primaryImageOfPage":{"@id":"https:\/\/apuntesdesanluis.com\/index.php\/2024\/05\/25\/arzobispo-garcia-cuerva-hay-que-acompanar-con-hechos-y-no-solo-con-palabras-el-esfuerzo-de-la-gente\/#primaryimage"},"image":{"@id":"https:\/\/apuntesdesanluis.com\/index.php\/2024\/05\/25\/arzobispo-garcia-cuerva-hay-que-acompanar-con-hechos-y-no-solo-con-palabras-el-esfuerzo-de-la-gente\/#primaryimage"},"thumbnailUrl":"https:\/\/apuntesdesanluis.com\/wp-content\/uploads\/2024\/05\/garcia-cuerva.png","datePublished":"2024-05-25T14:00:05+00:00","dateModified":"2024-05-26T16:09:17+00:00","breadcrumb":{"@id":"https:\/\/apuntesdesanluis.com\/index.php\/2024\/05\/25\/arzobispo-garcia-cuerva-hay-que-acompanar-con-hechos-y-no-solo-con-palabras-el-esfuerzo-de-la-gente\/#breadcrumb"},"inLanguage":"es-AR","potentialAction":[{"@type":"ReadAction","target":["https:\/\/apuntesdesanluis.com\/index.php\/2024\/05\/25\/arzobispo-garcia-cuerva-hay-que-acompanar-con-hechos-y-no-solo-con-palabras-el-esfuerzo-de-la-gente\/"]}]},{"@type":"ImageObject","inLanguage":"es-AR","@id":"https:\/\/apuntesdesanluis.com\/index.php\/2024\/05\/25\/arzobispo-garcia-cuerva-hay-que-acompanar-con-hechos-y-no-solo-con-palabras-el-esfuerzo-de-la-gente\/#primaryimage","url":"https:\/\/apuntesdesanluis.com\/wp-content\/uploads\/2024\/05\/garcia-cuerva.png","contentUrl":"https:\/\/apuntesdesanluis.com\/wp-content\/uploads\/2024\/05\/garcia-cuerva.png","width":700,"height":377},{"@type":"BreadcrumbList","@id":"https:\/\/apuntesdesanluis.com\/index.php\/2024\/05\/25\/arzobispo-garcia-cuerva-hay-que-acompanar-con-hechos-y-no-solo-con-palabras-el-esfuerzo-de-la-gente\/#breadcrumb","itemListElement":[{"@type":"ListItem","position":1,"name":"Inicio","item":"https:\/\/apuntesdesanluis.com\/"},{"@type":"ListItem","position":2,"name":"ARZOBISPO GARC\u00cdA CUERVA: \u201cHAY QUE ACOMPA\u00d1AR CON HECHOS Y NO SOLO CON PALABRAS EL ESFUERZO DE LA GENTE\u201d"}]},{"@type":"WebSite","@id":"https:\/\/apuntesdesanluis.com\/#website","url":"https:\/\/apuntesdesanluis.com\/","name":"Apuntes de San Luis","description":"","publisher":{"@id":"https:\/\/apuntesdesanluis.com\/#\/schema\/person\/b55151d52296fcce64d1a72538a70b90"},"potentialAction":[{"@type":"SearchAction","target":{"@type":"EntryPoint","urlTemplate":"https:\/\/apuntesdesanluis.com\/?s={search_term_string}"},"query-input":{"@type":"PropertyValueSpecification","valueRequired":true,"valueName":"search_term_string"}}],"inLanguage":"es-AR"},{"@type":["Person","Organization"],"@id":"https:\/\/apuntesdesanluis.com\/#\/schema\/person\/b55151d52296fcce64d1a72538a70b90","name":"apuntesdesanluis.com","image":{"@type":"ImageObject","inLanguage":"es-AR","@id":"https:\/\/apuntesdesanluis.com\/#\/schema\/person\/image\/","url":"https:\/\/apuntesdesanluis.com\/wp-content\/uploads\/2023\/07\/cropped-apuntesdesanluis.png","contentUrl":"https:\/\/apuntesdesanluis.com\/wp-content\/uploads\/2023\/07\/cropped-apuntesdesanluis.png","width":450,"height":112,"caption":"apuntesdesanluis.com"},"logo":{"@id":"https:\/\/apuntesdesanluis.com\/#\/schema\/person\/image\/"},"sameAs":["https:\/\/apuntesdesanluis.com"],"url":"https:\/\/apuntesdesanluis.com\/index.php\/author\/apuntesdesanluis-com\/"}]}},"featured_image_urls":{"full":["https:\/\/apuntesdesanluis.com\/wp-content\/uploads\/2024\/05\/garcia-cuerva.png",700,377,false],"thumbnail":["https:\/\/apuntesdesanluis.com\/wp-content\/uploads\/2024\/05\/garcia-cuerva-150x150.png",150,150,true],"medium":["https:\/\/apuntesdesanluis.com\/wp-content\/uploads\/2024\/05\/garcia-cuerva-300x162.png",300,162,true],"medium_large":["https:\/\/apuntesdesanluis.com\/wp-content\/uploads\/2024\/05\/garcia-cuerva.png",640,345,false],"large":["https:\/\/apuntesdesanluis.com\/wp-content\/uploads\/2024\/05\/garcia-cuerva.png",640,345,false],"1536x1536":["https:\/\/apuntesdesanluis.com\/wp-content\/uploads\/2024\/05\/garcia-cuerva.png",700,377,false],"2048x2048":["https:\/\/apuntesdesanluis.com\/wp-content\/uploads\/2024\/05\/garcia-cuerva.png",700,377,false],"newsever-slider-full":["https:\/\/apuntesdesanluis.com\/wp-content\/uploads\/2024\/05\/garcia-cuerva.png",700,377,false],"newsever-featured":["https:\/\/apuntesdesanluis.com\/wp-content\/uploads\/2024\/05\/garcia-cuerva.png",700,377,false],"newsever-medium":["https:\/\/apuntesdesanluis.com\/wp-content\/uploads\/2024\/05\/garcia-cuerva.png",700,377,false]},"author_info":{"display_name":"apuntesdesanluis.com","author_link":"https:\/\/apuntesdesanluis.com\/index.php\/author\/apuntesdesanluis-com\/"},"category_info":"<a href=\"https:\/\/apuntesdesanluis.com\/index.php\/category\/nacionales-internacionales\/\" rel=\"category tag\">Nacionales\/Internacionales<\/a>","tag_info":"Nacionales\/Internacionales","comment_count":"0","_links":{"self":[{"href":"https:\/\/apuntesdesanluis.com\/index.php\/wp-json\/wp\/v2\/posts\/16818","targetHints":{"allow":["GET"]}}],"collection":[{"href":"https:\/\/apuntesdesanluis.com\/index.php\/wp-json\/wp\/v2\/posts"}],"about":[{"href":"https:\/\/apuntesdesanluis.com\/index.php\/wp-json\/wp\/v2\/types\/post"}],"author":[{"embeddable":true,"href":"https:\/\/apuntesdesanluis.com\/index.php\/wp-json\/wp\/v2\/users\/1"}],"replies":[{"embeddable":true,"href":"https:\/\/apuntesdesanluis.com\/index.php\/wp-json\/wp\/v2\/comments?post=16818"}],"version-history":[{"count":1,"href":"https:\/\/apuntesdesanluis.com\/index.php\/wp-json\/wp\/v2\/posts\/16818\/revisions"}],"predecessor-version":[{"id":16823,"href":"https:\/\/apuntesdesanluis.com\/index.php\/wp-json\/wp\/v2\/posts\/16818\/revisions\/16823"}],"wp:featuredmedia":[{"embeddable":true,"href":"https:\/\/apuntesdesanluis.com\/index.php\/wp-json\/wp\/v2\/media\/16819"}],"wp:attachment":[{"href":"https:\/\/apuntesdesanluis.com\/index.php\/wp-json\/wp\/v2\/media?parent=16818"}],"wp:term":[{"taxonomy":"category","embeddable":true,"href":"https:\/\/apuntesdesanluis.com\/index.php\/wp-json\/wp\/v2\/categories?post=16818"},{"taxonomy":"post_tag","embeddable":true,"href":"https:\/\/apuntesdesanluis.com\/index.php\/wp-json\/wp\/v2\/tags?post=16818"}],"curies":[{"name":"wp","href":"https:\/\/api.w.org\/{rel}","templated":true}]}}