{"id":16824,"date":"2024-05-26T13:19:55","date_gmt":"2024-05-26T16:19:55","guid":{"rendered":"https:\/\/apuntesdesanluis.com\/?p=16824"},"modified":"2024-05-26T13:19:55","modified_gmt":"2024-05-26T16:19:55","slug":"por-el-impacto-de-la-recesion-textiles-cierran-plantas-y-despiden-a-mas-de-300-empleados","status":"publish","type":"post","link":"https:\/\/apuntesdesanluis.com\/index.php\/2024\/05\/26\/por-el-impacto-de-la-recesion-textiles-cierran-plantas-y-despiden-a-mas-de-300-empleados\/","title":{"rendered":"POR EL IMPACTO DE LA RECESI\u00d3N, TEXTILES CIERRAN PLANTAS Y DESPIDEN A M\u00c1S DE 300 EMPLEADOS"},"content":{"rendered":"<h3>Son f\u00e1bricas que produc\u00edan para marcas de primera l\u00ednea en <strong>La Rioja<\/strong> y <strong>Catamarca<\/strong>. Las ventas cayeron m\u00e1s del 35%.<\/h3>\n<h3>M\u00e1s de 300 empleados textiles fueron despedidos en La Rioja y Catamarca, en medio de la ca\u00edda de ventas provocada por la fuerte recesi\u00f3n. Hasta ahora son tres las plantas fabriles que cerraron.<\/h3>\n<h3>La crisis afecta a <strong>Textilcom<\/strong>, una compa\u00f1\u00eda que hab\u00eda abierto dos filiales en esas provincias hace unos dos a\u00f1os. Tambi\u00e9n a <strong>AlpaCladd<\/strong>, que empleaba 45 personas en La Rioja.<\/h3>\n<h3>Textilcom tiene 10 a\u00f1os y posee su sede principal en el barrio porte\u00f1o de Villa Soldati.<\/h3>\n<h3>En las plantas produc\u00eda indumentaria para grandes marcas, como Grisino, Crist\u00f3bal Col\u00f3n y Cheeky, debido a que por su capacidad y especializaci\u00f3n realiza tareas de dise\u00f1o, molder\u00eda, confecci\u00f3n, estampado, bordado, apliques y terminaci\u00f3n.<\/h3>\n<h3>Tanto en La Rioja como en Catamarca, de acuerdo a las seccionales de la Asociaci\u00f3n Obrera Textil (AOT), a los empleados les comunicaron de manera sorpresiva que se otorgaban descansos de 48 horas para lunes y martes.<\/h3>\n<h3>Esto gener\u00f3 dudas y los operarios montaron guardias frente a las plantas, que ya ven\u00edan con atrasos en los pagos de sueldos, por lo que tuvieron que mediar el gremio y las secretar\u00edas de Trabajo de ambas provincias.<\/h3>\n<h3>Fueron los propios empleados quienes observaron movimientos durante una de las noches, en las dos f\u00e1bricas, comunicaron esta situaci\u00f3n a la AOT y se autoconvocaron, ante el temor de que se lleven las m\u00e1quinas.<\/h3>\n<h3>En La Rioja, en donde hubo 143 despidos, un delegado provincial del Sindicato de Obreros de la Industria del Vestido y Afines (SOIVA), inform\u00f3 que hicieron la denuncia para evitar un intento de extracci\u00f3n de m\u00e1quinas y materiales.<\/h3>\n<h3>La empresa fabrica tambi\u00e9n para marcas como Cheeky, Mimo, Yagmour o Penguin.<\/h3>\n<h3>La secretaria de Trabajo, Myriam Espinosa, dijo que los propietarios atribuyen los cierres a una fuerte ca\u00edda de las ventas.<\/h3>\n<h3>En Catamarca persiste la toma de la f\u00e1brica de los 124 despedidos que hasta pasan las noches, en turnos, aunque en las puertas hay una guardia policial.<\/h3>\n<h3>La firma estaba pagando en cuotas el sueldo de abril, con haberes que son de cerca de $420.000.<\/h3>\n<h3>La Direcci\u00f3n de Inspecci\u00f3n Laboral (DIL) de Catamarca labr\u00f3 las actas del cierre, documentaci\u00f3n clave para que los gremios textil y del vestido exijan el pago de los salarios ca\u00eddos y el 100% de las indemnizaciones.<\/h3>\n<h3>De acuerdo con un relevamiento realizado por la Fundaci\u00f3n Protejer, en el que se se\u00f1ala que las firmas consultadas tuvieron un retroceso del 35% en la demanda, el 87% de las empresas del sector textil registr\u00f3 en el primer bimestre de este a\u00f1o una ca\u00edda de ventas.<\/h3>\n<h3>La ca\u00edda de las ventas de las textiles est\u00e1 acompa\u00f1ada de una suba de precios. En los primeros tres meses del a\u00f1o el rubro acumula un incremento del 33% contra el 51,6% acumulado, mientras que en marzo subi\u00f3 11%.<\/h3>\n<h3>En 2023 la ropa subi\u00f3 169%, contra una inflaci\u00f3n de 210%, mientras que en 2022 hab\u00eda crecido 120,8% contra una suba general del 94.8%.<\/h3>\n<h3>M\u00e1s del 70% de las empresas disminuyeron la producci\u00f3n de forma interanual.<\/h3>\n<h3>Casi la totalidad lo atribuyen esta din\u00e1mica a la p\u00e9rdida del poder adquisitivo de la poblaci\u00f3n.<\/h3>\n<p>&nbsp;<\/p>\n<p>&nbsp;<\/p>\n<p>&nbsp;<\/p>\n","protected":false},"excerpt":{"rendered":"<p>Son f\u00e1bricas que produc\u00edan para marcas de primera l\u00ednea en La Rioja y Catamarca. Las&#8230;<\/p>\n","protected":false},"author":1,"featured_media":16825,"comment_status":"closed","ping_status":"closed","sticky":false,"template":"","format":"standard","meta":{"footnotes":""},"categories":[5],"tags":[],"class_list":["post-16824","post","type-post","status-publish","format-standard","has-post-thumbnail","hentry","category-nacionales-internacionales"],"yoast_head":"<!-- This site is optimized with the Yoast SEO plugin v26.1.1 - https:\/\/yoast.com\/wordpress\/plugins\/seo\/ -->\n<title>POR EL IMPACTO DE LA RECESI\u00d3N, TEXTILES CIERRAN PLANTAS Y DESPIDEN A M\u00c1S DE 300 EMPLEADOS - Apuntes de San Luis<\/title>\n<meta name=\"robots\" content=\"index, follow, max-snippet:-1, max-image-preview:large, max-video-preview:-1\" \/>\n<link rel=\"canonical\" href=\"https:\/\/apuntesdesanluis.com\/index.php\/2024\/05\/26\/por-el-impacto-de-la-recesion-textiles-cierran-plantas-y-despiden-a-mas-de-300-empleados\/\" \/>\n<meta property=\"og:locale\" content=\"es_ES\" \/>\n<meta property=\"og:type\" content=\"article\" \/>\n<meta property=\"og:title\" content=\"POR EL IMPACTO DE LA RECESI\u00d3N, TEXTILES CIERRAN PLANTAS Y DESPIDEN A M\u00c1S DE 300 EMPLEADOS - Apuntes de San Luis\" \/>\n<meta property=\"og:description\" content=\"Son f\u00e1bricas que produc\u00edan para marcas de primera l\u00ednea en La Rioja y Catamarca. Las...\" \/>\n<meta property=\"og:url\" content=\"https:\/\/apuntesdesanluis.com\/index.php\/2024\/05\/26\/por-el-impacto-de-la-recesion-textiles-cierran-plantas-y-despiden-a-mas-de-300-empleados\/\" \/>\n<meta property=\"og:site_name\" content=\"Apuntes de San Luis\" \/>\n<meta property=\"article:published_time\" content=\"2024-05-26T16:19:55+00:00\" \/>\n<meta property=\"og:image\" content=\"https:\/\/apuntesdesanluis.com\/wp-content\/uploads\/2024\/05\/textiles.png\" \/>\n\t<meta property=\"og:image:width\" content=\"700\" \/>\n\t<meta property=\"og:image:height\" content=\"411\" \/>\n\t<meta property=\"og:image:type\" content=\"image\/png\" \/>\n<meta name=\"author\" content=\"apuntesdesanluis.com\" \/>\n<meta name=\"twitter:card\" content=\"summary_large_image\" \/>\n<meta name=\"twitter:label1\" content=\"Escrito por\" \/>\n\t<meta name=\"twitter:data1\" content=\"apuntesdesanluis.com\" \/>\n\t<meta name=\"twitter:label2\" content=\"Tiempo de lectura\" \/>\n\t<meta name=\"twitter:data2\" content=\"3 minutos\" \/>\n<script type=\"application\/ld+json\" class=\"yoast-schema-graph\">{\"@context\":\"https:\/\/schema.org\",\"@graph\":[{\"@type\":\"Article\",\"@id\":\"https:\/\/apuntesdesanluis.com\/index.php\/2024\/05\/26\/por-el-impacto-de-la-recesion-textiles-cierran-plantas-y-despiden-a-mas-de-300-empleados\/#article\",\"isPartOf\":{\"@id\":\"https:\/\/apuntesdesanluis.com\/index.php\/2024\/05\/26\/por-el-impacto-de-la-recesion-textiles-cierran-plantas-y-despiden-a-mas-de-300-empleados\/\"},\"author\":{\"name\":\"apuntesdesanluis.com\",\"@id\":\"https:\/\/apuntesdesanluis.com\/#\/schema\/person\/b55151d52296fcce64d1a72538a70b90\"},\"headline\":\"POR EL IMPACTO DE LA RECESI\u00d3N, TEXTILES CIERRAN PLANTAS Y DESPIDEN A M\u00c1S DE 300 EMPLEADOS\",\"datePublished\":\"2024-05-26T16:19:55+00:00\",\"mainEntityOfPage\":{\"@id\":\"https:\/\/apuntesdesanluis.com\/index.php\/2024\/05\/26\/por-el-impacto-de-la-recesion-textiles-cierran-plantas-y-despiden-a-mas-de-300-empleados\/\"},\"wordCount\":578,\"publisher\":{\"@id\":\"https:\/\/apuntesdesanluis.com\/#\/schema\/person\/b55151d52296fcce64d1a72538a70b90\"},\"image\":{\"@id\":\"https:\/\/apuntesdesanluis.com\/index.php\/2024\/05\/26\/por-el-impacto-de-la-recesion-textiles-cierran-plantas-y-despiden-a-mas-de-300-empleados\/#primaryimage\"},\"thumbnailUrl\":\"https:\/\/apuntesdesanluis.com\/wp-content\/uploads\/2024\/05\/textiles.png\",\"articleSection\":[\"Nacionales\/Internacionales\"],\"inLanguage\":\"es-AR\"},{\"@type\":\"WebPage\",\"@id\":\"https:\/\/apuntesdesanluis.com\/index.php\/2024\/05\/26\/por-el-impacto-de-la-recesion-textiles-cierran-plantas-y-despiden-a-mas-de-300-empleados\/\",\"url\":\"https:\/\/apuntesdesanluis.com\/index.php\/2024\/05\/26\/por-el-impacto-de-la-recesion-textiles-cierran-plantas-y-despiden-a-mas-de-300-empleados\/\",\"name\":\"POR EL IMPACTO DE LA RECESI\u00d3N, TEXTILES CIERRAN PLANTAS Y DESPIDEN A M\u00c1S DE 300 EMPLEADOS - Apuntes de San Luis\",\"isPartOf\":{\"@id\":\"https:\/\/apuntesdesanluis.com\/#website\"},\"primaryImageOfPage\":{\"@id\":\"https:\/\/apuntesdesanluis.com\/index.php\/2024\/05\/26\/por-el-impacto-de-la-recesion-textiles-cierran-plantas-y-despiden-a-mas-de-300-empleados\/#primaryimage\"},\"image\":{\"@id\":\"https:\/\/apuntesdesanluis.com\/index.php\/2024\/05\/26\/por-el-impacto-de-la-recesion-textiles-cierran-plantas-y-despiden-a-mas-de-300-empleados\/#primaryimage\"},\"thumbnailUrl\":\"https:\/\/apuntesdesanluis.com\/wp-content\/uploads\/2024\/05\/textiles.png\",\"datePublished\":\"2024-05-26T16:19:55+00:00\",\"breadcrumb\":{\"@id\":\"https:\/\/apuntesdesanluis.com\/index.php\/2024\/05\/26\/por-el-impacto-de-la-recesion-textiles-cierran-plantas-y-despiden-a-mas-de-300-empleados\/#breadcrumb\"},\"inLanguage\":\"es-AR\",\"potentialAction\":[{\"@type\":\"ReadAction\",\"target\":[\"https:\/\/apuntesdesanluis.com\/index.php\/2024\/05\/26\/por-el-impacto-de-la-recesion-textiles-cierran-plantas-y-despiden-a-mas-de-300-empleados\/\"]}]},{\"@type\":\"ImageObject\",\"inLanguage\":\"es-AR\",\"@id\":\"https:\/\/apuntesdesanluis.com\/index.php\/2024\/05\/26\/por-el-impacto-de-la-recesion-textiles-cierran-plantas-y-despiden-a-mas-de-300-empleados\/#primaryimage\",\"url\":\"https:\/\/apuntesdesanluis.com\/wp-content\/uploads\/2024\/05\/textiles.png\",\"contentUrl\":\"https:\/\/apuntesdesanluis.com\/wp-content\/uploads\/2024\/05\/textiles.png\",\"width\":700,\"height\":411},{\"@type\":\"BreadcrumbList\",\"@id\":\"https:\/\/apuntesdesanluis.com\/index.php\/2024\/05\/26\/por-el-impacto-de-la-recesion-textiles-cierran-plantas-y-despiden-a-mas-de-300-empleados\/#breadcrumb\",\"itemListElement\":[{\"@type\":\"ListItem\",\"position\":1,\"name\":\"Inicio\",\"item\":\"https:\/\/apuntesdesanluis.com\/\"},{\"@type\":\"ListItem\",\"position\":2,\"name\":\"POR EL IMPACTO DE LA RECESI\u00d3N, TEXTILES CIERRAN PLANTAS Y DESPIDEN A M\u00c1S DE 300 EMPLEADOS\"}]},{\"@type\":\"WebSite\",\"@id\":\"https:\/\/apuntesdesanluis.com\/#website\",\"url\":\"https:\/\/apuntesdesanluis.com\/\",\"name\":\"Apuntes de San Luis\",\"description\":\"\",\"publisher\":{\"@id\":\"https:\/\/apuntesdesanluis.com\/#\/schema\/person\/b55151d52296fcce64d1a72538a70b90\"},\"potentialAction\":[{\"@type\":\"SearchAction\",\"target\":{\"@type\":\"EntryPoint\",\"urlTemplate\":\"https:\/\/apuntesdesanluis.com\/?s={search_term_string}\"},\"query-input\":{\"@type\":\"PropertyValueSpecification\",\"valueRequired\":true,\"valueName\":\"search_term_string\"}}],\"inLanguage\":\"es-AR\"},{\"@type\":[\"Person\",\"Organization\"],\"@id\":\"https:\/\/apuntesdesanluis.com\/#\/schema\/person\/b55151d52296fcce64d1a72538a70b90\",\"name\":\"apuntesdesanluis.com\",\"image\":{\"@type\":\"ImageObject\",\"inLanguage\":\"es-AR\",\"@id\":\"https:\/\/apuntesdesanluis.com\/#\/schema\/person\/image\/\",\"url\":\"https:\/\/apuntesdesanluis.com\/wp-content\/uploads\/2023\/07\/cropped-apuntesdesanluis.png\",\"contentUrl\":\"https:\/\/apuntesdesanluis.com\/wp-content\/uploads\/2023\/07\/cropped-apuntesdesanluis.png\",\"width\":450,\"height\":112,\"caption\":\"apuntesdesanluis.com\"},\"logo\":{\"@id\":\"https:\/\/apuntesdesanluis.com\/#\/schema\/person\/image\/\"},\"sameAs\":[\"https:\/\/apuntesdesanluis.com\"],\"url\":\"https:\/\/apuntesdesanluis.com\/index.php\/author\/apuntesdesanluis-com\/\"}]}<\/script>\n<!-- \/ Yoast SEO plugin. -->","yoast_head_json":{"title":"POR EL IMPACTO DE LA RECESI\u00d3N, TEXTILES CIERRAN PLANTAS Y DESPIDEN A M\u00c1S DE 300 EMPLEADOS - Apuntes de San Luis","robots":{"index":"index","follow":"follow","max-snippet":"max-snippet:-1","max-image-preview":"max-image-preview:large","max-video-preview":"max-video-preview:-1"},"canonical":"https:\/\/apuntesdesanluis.com\/index.php\/2024\/05\/26\/por-el-impacto-de-la-recesion-textiles-cierran-plantas-y-despiden-a-mas-de-300-empleados\/","og_locale":"es_ES","og_type":"article","og_title":"POR EL IMPACTO DE LA RECESI\u00d3N, TEXTILES CIERRAN PLANTAS Y DESPIDEN A M\u00c1S DE 300 EMPLEADOS - Apuntes de San Luis","og_description":"Son f\u00e1bricas que produc\u00edan para marcas de primera l\u00ednea en La Rioja y Catamarca. Las...","og_url":"https:\/\/apuntesdesanluis.com\/index.php\/2024\/05\/26\/por-el-impacto-de-la-recesion-textiles-cierran-plantas-y-despiden-a-mas-de-300-empleados\/","og_site_name":"Apuntes de San Luis","article_published_time":"2024-05-26T16:19:55+00:00","og_image":[{"width":700,"height":411,"url":"https:\/\/apuntesdesanluis.com\/wp-content\/uploads\/2024\/05\/textiles.png","type":"image\/png"}],"author":"apuntesdesanluis.com","twitter_card":"summary_large_image","twitter_misc":{"Escrito por":"apuntesdesanluis.com","Tiempo de lectura":"3 minutos"},"schema":{"@context":"https:\/\/schema.org","@graph":[{"@type":"Article","@id":"https:\/\/apuntesdesanluis.com\/index.php\/2024\/05\/26\/por-el-impacto-de-la-recesion-textiles-cierran-plantas-y-despiden-a-mas-de-300-empleados\/#article","isPartOf":{"@id":"https:\/\/apuntesdesanluis.com\/index.php\/2024\/05\/26\/por-el-impacto-de-la-recesion-textiles-cierran-plantas-y-despiden-a-mas-de-300-empleados\/"},"author":{"name":"apuntesdesanluis.com","@id":"https:\/\/apuntesdesanluis.com\/#\/schema\/person\/b55151d52296fcce64d1a72538a70b90"},"headline":"POR EL IMPACTO DE LA RECESI\u00d3N, TEXTILES CIERRAN PLANTAS Y DESPIDEN A M\u00c1S DE 300 EMPLEADOS","datePublished":"2024-05-26T16:19:55+00:00","mainEntityOfPage":{"@id":"https:\/\/apuntesdesanluis.com\/index.php\/2024\/05\/26\/por-el-impacto-de-la-recesion-textiles-cierran-plantas-y-despiden-a-mas-de-300-empleados\/"},"wordCount":578,"publisher":{"@id":"https:\/\/apuntesdesanluis.com\/#\/schema\/person\/b55151d52296fcce64d1a72538a70b90"},"image":{"@id":"https:\/\/apuntesdesanluis.com\/index.php\/2024\/05\/26\/por-el-impacto-de-la-recesion-textiles-cierran-plantas-y-despiden-a-mas-de-300-empleados\/#primaryimage"},"thumbnailUrl":"https:\/\/apuntesdesanluis.com\/wp-content\/uploads\/2024\/05\/textiles.png","articleSection":["Nacionales\/Internacionales"],"inLanguage":"es-AR"},{"@type":"WebPage","@id":"https:\/\/apuntesdesanluis.com\/index.php\/2024\/05\/26\/por-el-impacto-de-la-recesion-textiles-cierran-plantas-y-despiden-a-mas-de-300-empleados\/","url":"https:\/\/apuntesdesanluis.com\/index.php\/2024\/05\/26\/por-el-impacto-de-la-recesion-textiles-cierran-plantas-y-despiden-a-mas-de-300-empleados\/","name":"POR EL IMPACTO DE LA RECESI\u00d3N, TEXTILES CIERRAN PLANTAS Y DESPIDEN A M\u00c1S DE 300 EMPLEADOS - Apuntes de San Luis","isPartOf":{"@id":"https:\/\/apuntesdesanluis.com\/#website"},"primaryImageOfPage":{"@id":"https:\/\/apuntesdesanluis.com\/index.php\/2024\/05\/26\/por-el-impacto-de-la-recesion-textiles-cierran-plantas-y-despiden-a-mas-de-300-empleados\/#primaryimage"},"image":{"@id":"https:\/\/apuntesdesanluis.com\/index.php\/2024\/05\/26\/por-el-impacto-de-la-recesion-textiles-cierran-plantas-y-despiden-a-mas-de-300-empleados\/#primaryimage"},"thumbnailUrl":"https:\/\/apuntesdesanluis.com\/wp-content\/uploads\/2024\/05\/textiles.png","datePublished":"2024-05-26T16:19:55+00:00","breadcrumb":{"@id":"https:\/\/apuntesdesanluis.com\/index.php\/2024\/05\/26\/por-el-impacto-de-la-recesion-textiles-cierran-plantas-y-despiden-a-mas-de-300-empleados\/#breadcrumb"},"inLanguage":"es-AR","potentialAction":[{"@type":"ReadAction","target":["https:\/\/apuntesdesanluis.com\/index.php\/2024\/05\/26\/por-el-impacto-de-la-recesion-textiles-cierran-plantas-y-despiden-a-mas-de-300-empleados\/"]}]},{"@type":"ImageObject","inLanguage":"es-AR","@id":"https:\/\/apuntesdesanluis.com\/index.php\/2024\/05\/26\/por-el-impacto-de-la-recesion-textiles-cierran-plantas-y-despiden-a-mas-de-300-empleados\/#primaryimage","url":"https:\/\/apuntesdesanluis.com\/wp-content\/uploads\/2024\/05\/textiles.png","contentUrl":"https:\/\/apuntesdesanluis.com\/wp-content\/uploads\/2024\/05\/textiles.png","width":700,"height":411},{"@type":"BreadcrumbList","@id":"https:\/\/apuntesdesanluis.com\/index.php\/2024\/05\/26\/por-el-impacto-de-la-recesion-textiles-cierran-plantas-y-despiden-a-mas-de-300-empleados\/#breadcrumb","itemListElement":[{"@type":"ListItem","position":1,"name":"Inicio","item":"https:\/\/apuntesdesanluis.com\/"},{"@type":"ListItem","position":2,"name":"POR EL IMPACTO DE LA RECESI\u00d3N, TEXTILES CIERRAN PLANTAS Y DESPIDEN A M\u00c1S DE 300 EMPLEADOS"}]},{"@type":"WebSite","@id":"https:\/\/apuntesdesanluis.com\/#website","url":"https:\/\/apuntesdesanluis.com\/","name":"Apuntes de San Luis","description":"","publisher":{"@id":"https:\/\/apuntesdesanluis.com\/#\/schema\/person\/b55151d52296fcce64d1a72538a70b90"},"potentialAction":[{"@type":"SearchAction","target":{"@type":"EntryPoint","urlTemplate":"https:\/\/apuntesdesanluis.com\/?s={search_term_string}"},"query-input":{"@type":"PropertyValueSpecification","valueRequired":true,"valueName":"search_term_string"}}],"inLanguage":"es-AR"},{"@type":["Person","Organization"],"@id":"https:\/\/apuntesdesanluis.com\/#\/schema\/person\/b55151d52296fcce64d1a72538a70b90","name":"apuntesdesanluis.com","image":{"@type":"ImageObject","inLanguage":"es-AR","@id":"https:\/\/apuntesdesanluis.com\/#\/schema\/person\/image\/","url":"https:\/\/apuntesdesanluis.com\/wp-content\/uploads\/2023\/07\/cropped-apuntesdesanluis.png","contentUrl":"https:\/\/apuntesdesanluis.com\/wp-content\/uploads\/2023\/07\/cropped-apuntesdesanluis.png","width":450,"height":112,"caption":"apuntesdesanluis.com"},"logo":{"@id":"https:\/\/apuntesdesanluis.com\/#\/schema\/person\/image\/"},"sameAs":["https:\/\/apuntesdesanluis.com"],"url":"https:\/\/apuntesdesanluis.com\/index.php\/author\/apuntesdesanluis-com\/"}]}},"featured_image_urls":{"full":["https:\/\/apuntesdesanluis.com\/wp-content\/uploads\/2024\/05\/textiles.png",700,411,false],"thumbnail":["https:\/\/apuntesdesanluis.com\/wp-content\/uploads\/2024\/05\/textiles-150x150.png",150,150,true],"medium":["https:\/\/apuntesdesanluis.com\/wp-content\/uploads\/2024\/05\/textiles-300x176.png",300,176,true],"medium_large":["https:\/\/apuntesdesanluis.com\/wp-content\/uploads\/2024\/05\/textiles.png",640,376,false],"large":["https:\/\/apuntesdesanluis.com\/wp-content\/uploads\/2024\/05\/textiles.png",640,376,false],"1536x1536":["https:\/\/apuntesdesanluis.com\/wp-content\/uploads\/2024\/05\/textiles.png",700,411,false],"2048x2048":["https:\/\/apuntesdesanluis.com\/wp-content\/uploads\/2024\/05\/textiles.png",700,411,false],"newsever-slider-full":["https:\/\/apuntesdesanluis.com\/wp-content\/uploads\/2024\/05\/textiles.png",700,411,false],"newsever-featured":["https:\/\/apuntesdesanluis.com\/wp-content\/uploads\/2024\/05\/textiles.png",700,411,false],"newsever-medium":["https:\/\/apuntesdesanluis.com\/wp-content\/uploads\/2024\/05\/textiles.png",700,411,false]},"author_info":{"display_name":"apuntesdesanluis.com","author_link":"https:\/\/apuntesdesanluis.com\/index.php\/author\/apuntesdesanluis-com\/"},"category_info":"<a href=\"https:\/\/apuntesdesanluis.com\/index.php\/category\/nacionales-internacionales\/\" rel=\"category tag\">Nacionales\/Internacionales<\/a>","tag_info":"Nacionales\/Internacionales","comment_count":"0","_links":{"self":[{"href":"https:\/\/apuntesdesanluis.com\/index.php\/wp-json\/wp\/v2\/posts\/16824","targetHints":{"allow":["GET"]}}],"collection":[{"href":"https:\/\/apuntesdesanluis.com\/index.php\/wp-json\/wp\/v2\/posts"}],"about":[{"href":"https:\/\/apuntesdesanluis.com\/index.php\/wp-json\/wp\/v2\/types\/post"}],"author":[{"embeddable":true,"href":"https:\/\/apuntesdesanluis.com\/index.php\/wp-json\/wp\/v2\/users\/1"}],"replies":[{"embeddable":true,"href":"https:\/\/apuntesdesanluis.com\/index.php\/wp-json\/wp\/v2\/comments?post=16824"}],"version-history":[{"count":1,"href":"https:\/\/apuntesdesanluis.com\/index.php\/wp-json\/wp\/v2\/posts\/16824\/revisions"}],"predecessor-version":[{"id":16826,"href":"https:\/\/apuntesdesanluis.com\/index.php\/wp-json\/wp\/v2\/posts\/16824\/revisions\/16826"}],"wp:featuredmedia":[{"embeddable":true,"href":"https:\/\/apuntesdesanluis.com\/index.php\/wp-json\/wp\/v2\/media\/16825"}],"wp:attachment":[{"href":"https:\/\/apuntesdesanluis.com\/index.php\/wp-json\/wp\/v2\/media?parent=16824"}],"wp:term":[{"taxonomy":"category","embeddable":true,"href":"https:\/\/apuntesdesanluis.com\/index.php\/wp-json\/wp\/v2\/categories?post=16824"},{"taxonomy":"post_tag","embeddable":true,"href":"https:\/\/apuntesdesanluis.com\/index.php\/wp-json\/wp\/v2\/tags?post=16824"}],"curies":[{"name":"wp","href":"https:\/\/api.w.org\/{rel}","templated":true}]}}