{"id":1683,"date":"2023-08-16T22:23:05","date_gmt":"2023-08-17T01:23:05","guid":{"rendered":"https:\/\/apuntesdesanluis.com\/?p=1683"},"modified":"2023-08-17T08:49:41","modified_gmt":"2023-08-17T11:49:41","slug":"marcelo-sosa-se-impuso-en-las-elecciones-de-la-unvime-y-sera-el-proximo-rector","status":"publish","type":"post","link":"https:\/\/apuntesdesanluis.com\/index.php\/2023\/08\/16\/marcelo-sosa-se-impuso-en-las-elecciones-de-la-unvime-y-sera-el-proximo-rector\/","title":{"rendered":"MARCELO SOSA SE IMPUSO EN LAS ELECCIONES DE LA UNVIME Y SER\u00c1 EL PR\u00d3XIMO RECTOR"},"content":{"rendered":"<h3 class=\"yiv7409174924ydp6329976emsonormal\" style=\"background: white;\"><span style=\"font-family: 'Arial','sans-serif'; color: #1d2228;\">En unas re\u00f1idas elecciones celebradas este mi\u00e9rcoles, la f\u00f3rmula <strong>Marcelo Sosa-Santiago Farenga<\/strong> de &#8220;Universitarios Unidos&#8221; se impuso ajustadamente a la lista oficialista &#8220;Acci\u00f3n Plural&#8221;, que postulaba la reelecci\u00f3n del actual rector <strong>David Rivarola<\/strong> y la vicerrectora <strong>Graciela Balanza<\/strong>, al frente de la Universidad Nacional de Villa Mercedes.<\/span><\/h3>\n<h3 class=\"yiv7409174924ydp6329976emsonormal\" style=\"background: white;\"><span style=\"font-family: 'Arial','sans-serif'; color: #1d2228;\">Seg\u00fan los primeros c\u00f3mputos que trascendieron, Sosa obtuvo un resonante triunfo gracias a vencer claramente en los claustros de alumnos, graduados y no docentes, que le permitieron compensar la derrota en el estamento de los docentes, que fue 157 a 126.<\/span><\/h3>\n<h3 class=\"yiv7409174924ydp6329976emsonormal\" style=\"background: white;\"><span style=\"font-family: 'Arial','sans-serif'; color: #1d2228;\">Para dimensionar lo ajustado que fue el resultado, de las cuatro escuelas, el rector electo se habr\u00eda impuesto en dos (Ingenier\u00eda y Ciencias Ambientales y Gesti\u00f3n de Empresas y Econom\u00eda), en tanto que el oficialismo en las otras dos (Ciencias de la Salud y Ciencias Sociales y Educaci\u00f3n, aunque en esta \u00faltima todav\u00eda se estaban contando los votos).<\/span><\/h3>\n<h3 class=\"yiv7409174924ydp6329976emsonormal\" style=\"background: white;\"><span style=\"font-family: 'Arial','sans-serif'; color: #1d2228;\">Por lo que pudo conocerse, fue la clara diferencia que obtuvo la lista opositora en el claustro alumnos lo que termin\u00f3 por inclinar la balanza hacia la oposici\u00f3n, m\u00e1s la sumatoria de los votos obtenidos en nodocentes y graduados, que le dieron la espalda a la actual gesti\u00f3n.<\/span><\/h3>\n<h3 class=\"yiv7409174924ydp6329976emsonormal\" style=\"background: white;\"><span style=\"font-family: 'Arial','sans-serif'; color: #1d2228;\">\u00abVamos a hacer una transici\u00f3n ordenada -le dijo Rivarola al sitio DePol\u00edtica\u2013, le voy a pasar todas las cosas que est\u00e1n en la Universidad, todos los programas, los proyectos que est\u00e1n gestionando. Le dije que lo espero por el rectorado y le deseo el mayor de los \u00e9xitos para que la UNViMe siga en su curso de crecimiento, como la ha tenido estos seis a\u00f1os\u00bb.<\/span><\/h3>\n<h3 class=\"yiv7409174924ydp6329976emsonormal\" style=\"background: white;\"><span style=\"font-family: 'Arial','sans-serif'; color: #1d2228;\">El actual rector cuyo mandato finaliza el 30 de octubre asegur\u00f3 que dio \u00abtodo lo que ten\u00eda por la universidad\u00bb y calific\u00f3 esa tarea como \u00abuna experiencia extraordinaria, he hecho un trabajo muy bueno, he conocido much\u00edsima gente ac\u00e1 muy buena, pero ya me vuelvo a casa. El 30 de octubre entrego el rectorado y me vuelvo a casa\u00bb.<\/span><\/h3>\n<p><img fetchpriority=\"high\" decoding=\"async\" class=\"wp-image-1685 aligncenter\" src=\"https:\/\/apuntesdesanluis.com\/wp-content\/uploads\/2023\/08\/docentes-300x190.png\" alt=\"\" width=\"781\" height=\"495\" srcset=\"https:\/\/apuntesdesanluis.com\/wp-content\/uploads\/2023\/08\/docentes-300x190.png 300w, https:\/\/apuntesdesanluis.com\/wp-content\/uploads\/2023\/08\/docentes.png 600w\" sizes=\"(max-width: 781px) 100vw, 781px\" \/><\/p>\n<h3><\/h3>\n<h3 class=\"yiv7409174924ydp6329976emsonormal\" style=\"background: white;\"><span style=\"font-family: 'Arial','sans-serif'; color: #1d2228;\">LA PALABRA DEL RECTOR ELECTO<\/span><\/h3>\n<h3 class=\"yiv7409174924ydp6329976emsonormal\" style=\"background: white;\"><span style=\"font-family: 'Arial','sans-serif'; color: #1d2228;\">Por su parte <strong>Marcelo Sosa<\/strong>, en sus primeras declaraciones como rector electo de la UNViMe, se mostr\u00f3 sereno y expres\u00f3 su agradecimiento \u201ca todos los que confiaron en nuestra propuesta y en nuestros compromisos. A los estudiantes sobre todo, que en numerosas reuniones nos contaron todos los problemas que tienen desde siempre, especialmente la falta de aulas, no tener un comedor universitario donde no solo comer sino tambi\u00e9n socializar, ni una fotocopiadora con precios accesibles. Ellos son nuestra raz\u00f3n de ser como universidad, a ellos nos debemos y ser\u00e1n nuestra prioridad\u201d.<\/span><\/h3>\n<h3 class=\"yiv7409174924ydp6329976emsonormal\" style=\"background: white;\"><span style=\"font-family: 'Arial','sans-serif'; color: #1d2228;\">Agreg\u00f3 tambi\u00e9n su reconocimiento \u201ca los compa\u00f1eros nodocentes, que hicieron una gran elecci\u00f3n, soportando las presiones y persecuciones, hasta las amenazas. He tenido la oportunidad de conocerlos y se los he dicho: son la verdadera estructura en la que se asienta la universidad. Los funcionarios, los alumnos, hasta los docentes, podemos estar y luego irnos, pero ellos siguen. Mi compromiso hacia ellos es respetar el estatuto, llamar a concursos, facilitarles que contin\u00faen su carrera administrativa. Pero sobre todo, respetarlos. En m\u00ed encontrar\u00e1n una persona siempre abierta al di\u00e1logo y la escucha, no un funcionario que les grita, amenaza o maltrata\u201d.<\/span><\/h3>\n<h3 class=\"yiv7409174924ydp6329976emsonormal\" style=\"background: white;\"><span style=\"font-family: 'Arial','sans-serif'; color: #1d2228;\">&#8220;Deseo agradecer a los colegas docentes que apostaron a un cambio y nos confiaron su apoyo y tambi\u00e9n a los que no lo hicieron. Trataremos con humildad de ganarnos su confianza. El 30 de octubre comienza una nueva etapa. Miramos hacia adelante, con el objetivo de hacer m\u00e1s fuerte, creativa, inclusiva y de calidad nuestra universidad, m\u00e1s integrada a la comunidad, que es lo que desean todos los villamercedinos que lucharon por ella. A todos, decirles que se acab\u00f3 el gobierno unipersonal, porque la gesti\u00f3n de una universidad es responsabilidad de todos, eso es lo que nos distingue de otros ejecutivos y lo que imaginaron los reformistas del \u00b418. Juntos, porque eso es la universidad y lo que establecen sus estatutos: una instituci\u00f3n en la que existe y se debe respetar el co-gobierno de todos los claustros, que es un sistema absolutamente democr\u00e1tico y horizontal\u201d, sostuvo.<\/span><\/h3>\n<h3 class=\"yiv7409174924ydp6329976emsonormal\" style=\"background: white;\"><span style=\"font-family: 'Arial','sans-serif'; color: #1d2228;\">Tambi\u00e9n tuvo palabras de reconocimiento hacia el claustro de graduados, que respald\u00f3 la nueva conducci\u00f3n. \u201cLos egresados votaron por primera vez y tambi\u00e9n nos apoyaron. Eso indica el gran descontento que ten\u00edan antes, cuando eran estudiantes, y ahora, que no se los integra. Ellos son parte de la comunidad universitaria. Hay que llamarlos, hacer un seguimiento, saber c\u00f3mo se encuentran, qu\u00e9 hacen, si pudieron integrarse al mercado laboral. La universidad tiene que ayudarlos en su nueva etapa, no desconocerlos y olvidarse de ellos. La UNViMe tiene un Observatorio del Graduado hace varios a\u00f1os, pero que ha hecho muy poco por ellos, por no decir nada\u201d.<\/span><\/h3>\n<h3 class=\"yiv7409174924ydp6329976emsonormal\" style=\"background: white;\"><span style=\"font-family: 'Arial','sans-serif'; color: #1d2228;\">\u201cSe viene un nuevo tiempo con tremendos desaf\u00edos pero me siento con toda la fuerza para llevarlos adelante. La prioridad, insisto, es resolver el tema del edificio propio. S\u00e9 que algo se ha avanzado, con el llamado a licitaci\u00f3n del m\u00f3dulo 1. Me voy a interiorizar del estado de esas gestiones. Viajar\u00e9 a Buenos Aires para acelerar todo lo que se pueda eso. Y me reunir\u00e9 con quien sea necesario, de Naci\u00f3n y de provincia, para resolver esta cuesti\u00f3n\u201d, se comprometi\u00f3.<\/span><\/h3>\n<p>&nbsp;<\/p>\n<h3 class=\"yiv7409174924ydp6329976emsonormal\" style=\"background: white;\"><span style=\"font-family: 'Arial','sans-serif'; color: #1d2228;\">A la sede de la obra social de los nodocentes (OSFATUN) de calle Pescadores, en donde los ganadores se concentraron para festejar, tambi\u00e9n se acerc\u00f3 el intendente <strong>Maximiliano Frontera<\/strong>, quien se fundi\u00f3 en un abrazo con Marcelo Sosa, le dese\u00f3 \u00e9xito en su futura gesti\u00f3n y se comprometi\u00f3 &#8220;a trabajar codo a codo por la universidad, para el bien de Villa Mercedes, sus estudiantes y su gente&#8221;.<\/span><\/h3>\n<p><img decoding=\"async\" class=\"wp-image-1725 aligncenter\" src=\"https:\/\/apuntesdesanluis.com\/wp-content\/uploads\/2023\/08\/los-tres-300x214.png\" alt=\"\" width=\"521\" height=\"372\" srcset=\"https:\/\/apuntesdesanluis.com\/wp-content\/uploads\/2023\/08\/los-tres-300x214.png 300w, https:\/\/apuntesdesanluis.com\/wp-content\/uploads\/2023\/08\/los-tres.png 462w\" sizes=\"(max-width: 521px) 100vw, 521px\" \/><\/p>\n<h3 class=\"yiv7409174924ydp6329976emsonormal\" style=\"background: white;\"><span style=\"font-family: 'Arial','sans-serif'; color: #1d2228;\">Finalmente agradeci\u00f3 el llamado que recibi\u00f3 del rector David Rivarola. \u201cS\u00ed, me llam\u00f3 para felicitarme e indicarme su predisposici\u00f3n a que nos juntemos para iniciar una transici\u00f3n ordenada. Es un buen gesto. Le agradec\u00ed y expres\u00e9 mi respeto hacia \u00e9l y sus funcionarios. Seguramente nos juntaremos en los pr\u00f3ximos d\u00edas. La elecci\u00f3n ya termin\u00f3 y ahora con mi compa\u00f1ero vicerrector electo, Santiago Farenga, tenemos mucho trabajo por delante. Agradezco nuevamente a la comunidad universitaria que me ha dado su apoyo, para que asuma el lunes 30 de octubre este cargo que me llena de orgullo y me genera un tremendo compromiso y responsabilidad\u201d, concluy\u00f3. <\/span><\/h3>\n<h3 class=\"yiv7409174924ydp6329976emsonormal\" style=\"background: white;\"><span style=\"font-family: 'Arial','sans-serif'; color: #1d2228;\">En las redes tambi\u00e9n hubo expresiones de apoyo hacia el nuevo rector electo.<\/span><\/h3>\n<h3><img decoding=\"async\" class=\"wp-image-1721 aligncenter\" src=\"https:\/\/apuntesdesanluis.com\/wp-content\/uploads\/2023\/08\/posteo-300x168.png\" alt=\"\" width=\"484\" height=\"271\" srcset=\"https:\/\/apuntesdesanluis.com\/wp-content\/uploads\/2023\/08\/posteo-300x168.png 300w, https:\/\/apuntesdesanluis.com\/wp-content\/uploads\/2023\/08\/posteo.png 496w\" sizes=\"(max-width: 484px) 100vw, 484px\" \/><\/h3>\n<p><img loading=\"lazy\" decoding=\"async\" class=\"wp-image-1722 aligncenter\" src=\"https:\/\/apuntesdesanluis.com\/wp-content\/uploads\/2023\/08\/dos-1-287x300.png\" alt=\"\" width=\"460\" height=\"480\" srcset=\"https:\/\/apuntesdesanluis.com\/wp-content\/uploads\/2023\/08\/dos-1-287x300.png 287w, https:\/\/apuntesdesanluis.com\/wp-content\/uploads\/2023\/08\/dos-1.png 497w\" sizes=\"(max-width: 460px) 100vw, 460px\" \/><\/p>\n<h3 class=\"yiv7409174924ydp6329976emsonormal\" style=\"background: white;\"><\/h3>\n<h3><\/h3>\n<p>&nbsp;<\/p>\n<p>&nbsp;<\/p>\n<p>&nbsp;<\/p>\n<p>&nbsp;<\/p>\n<p>&nbsp;<\/p>\n","protected":false},"excerpt":{"rendered":"<p>En unas re\u00f1idas elecciones celebradas este mi\u00e9rcoles, la f\u00f3rmula Marcelo Sosa-Santiago Farenga de &#8220;Universitarios Unidos&#8221;&#8230;<\/p>\n","protected":false},"author":1,"featured_media":1687,"comment_status":"closed","ping_status":"closed","sticky":false,"template":"","format":"standard","meta":{"footnotes":""},"categories":[6],"tags":[],"class_list":["post-1683","post","type-post","status-publish","format-standard","has-post-thumbnail","hentry","category-ciudad-provincia"],"yoast_head":"<!-- This site is optimized with the Yoast SEO plugin v26.1.1 - https:\/\/yoast.com\/wordpress\/plugins\/seo\/ -->\n<title>MARCELO SOSA SE IMPUSO EN LAS ELECCIONES DE LA UNVIME Y SER\u00c1 EL PR\u00d3XIMO RECTOR - Apuntes de San Luis<\/title>\n<meta name=\"robots\" content=\"index, follow, max-snippet:-1, max-image-preview:large, max-video-preview:-1\" \/>\n<link rel=\"canonical\" href=\"https:\/\/apuntesdesanluis.com\/index.php\/2023\/08\/16\/marcelo-sosa-se-impuso-en-las-elecciones-de-la-unvime-y-sera-el-proximo-rector\/\" \/>\n<meta property=\"og:locale\" content=\"es_ES\" \/>\n<meta property=\"og:type\" content=\"article\" \/>\n<meta property=\"og:title\" content=\"MARCELO SOSA SE IMPUSO EN LAS ELECCIONES DE LA UNVIME Y SER\u00c1 EL PR\u00d3XIMO RECTOR - Apuntes de San Luis\" \/>\n<meta property=\"og:description\" content=\"En unas re\u00f1idas elecciones celebradas este mi\u00e9rcoles, la f\u00f3rmula Marcelo Sosa-Santiago Farenga de &#8220;Universitarios Unidos&#8221;...\" \/>\n<meta property=\"og:url\" content=\"https:\/\/apuntesdesanluis.com\/index.php\/2023\/08\/16\/marcelo-sosa-se-impuso-en-las-elecciones-de-la-unvime-y-sera-el-proximo-rector\/\" \/>\n<meta property=\"og:site_name\" content=\"Apuntes de San Luis\" \/>\n<meta property=\"article:published_time\" content=\"2023-08-17T01:23:05+00:00\" \/>\n<meta property=\"article:modified_time\" content=\"2023-08-17T11:49:41+00:00\" \/>\n<meta property=\"og:image\" content=\"https:\/\/apuntesdesanluis.com\/wp-content\/uploads\/2023\/08\/farenga-y-sosa.png\" \/>\n\t<meta property=\"og:image:width\" content=\"600\" \/>\n\t<meta property=\"og:image:height\" content=\"321\" \/>\n\t<meta property=\"og:image:type\" content=\"image\/png\" \/>\n<meta name=\"author\" content=\"apuntesdesanluis.com\" \/>\n<meta name=\"twitter:card\" content=\"summary_large_image\" \/>\n<meta name=\"twitter:label1\" content=\"Escrito por\" \/>\n\t<meta name=\"twitter:data1\" content=\"apuntesdesanluis.com\" \/>\n\t<meta name=\"twitter:label2\" content=\"Tiempo de lectura\" \/>\n\t<meta name=\"twitter:data2\" content=\"6 minutos\" \/>\n<script type=\"application\/ld+json\" class=\"yoast-schema-graph\">{\"@context\":\"https:\/\/schema.org\",\"@graph\":[{\"@type\":\"Article\",\"@id\":\"https:\/\/apuntesdesanluis.com\/index.php\/2023\/08\/16\/marcelo-sosa-se-impuso-en-las-elecciones-de-la-unvime-y-sera-el-proximo-rector\/#article\",\"isPartOf\":{\"@id\":\"https:\/\/apuntesdesanluis.com\/index.php\/2023\/08\/16\/marcelo-sosa-se-impuso-en-las-elecciones-de-la-unvime-y-sera-el-proximo-rector\/\"},\"author\":{\"name\":\"apuntesdesanluis.com\",\"@id\":\"https:\/\/apuntesdesanluis.com\/#\/schema\/person\/b55151d52296fcce64d1a72538a70b90\"},\"headline\":\"MARCELO SOSA SE IMPUSO EN LAS ELECCIONES DE LA UNVIME Y SER\u00c1 EL PR\u00d3XIMO RECTOR\",\"datePublished\":\"2023-08-17T01:23:05+00:00\",\"dateModified\":\"2023-08-17T11:49:41+00:00\",\"mainEntityOfPage\":{\"@id\":\"https:\/\/apuntesdesanluis.com\/index.php\/2023\/08\/16\/marcelo-sosa-se-impuso-en-las-elecciones-de-la-unvime-y-sera-el-proximo-rector\/\"},\"wordCount\":1102,\"publisher\":{\"@id\":\"https:\/\/apuntesdesanluis.com\/#\/schema\/person\/b55151d52296fcce64d1a72538a70b90\"},\"image\":{\"@id\":\"https:\/\/apuntesdesanluis.com\/index.php\/2023\/08\/16\/marcelo-sosa-se-impuso-en-las-elecciones-de-la-unvime-y-sera-el-proximo-rector\/#primaryimage\"},\"thumbnailUrl\":\"https:\/\/apuntesdesanluis.com\/wp-content\/uploads\/2023\/08\/farenga-y-sosa.png\",\"articleSection\":[\"Ciudad\/Provincia\"],\"inLanguage\":\"es-AR\"},{\"@type\":\"WebPage\",\"@id\":\"https:\/\/apuntesdesanluis.com\/index.php\/2023\/08\/16\/marcelo-sosa-se-impuso-en-las-elecciones-de-la-unvime-y-sera-el-proximo-rector\/\",\"url\":\"https:\/\/apuntesdesanluis.com\/index.php\/2023\/08\/16\/marcelo-sosa-se-impuso-en-las-elecciones-de-la-unvime-y-sera-el-proximo-rector\/\",\"name\":\"MARCELO SOSA SE IMPUSO EN LAS ELECCIONES DE LA UNVIME Y SER\u00c1 EL PR\u00d3XIMO RECTOR - Apuntes de San Luis\",\"isPartOf\":{\"@id\":\"https:\/\/apuntesdesanluis.com\/#website\"},\"primaryImageOfPage\":{\"@id\":\"https:\/\/apuntesdesanluis.com\/index.php\/2023\/08\/16\/marcelo-sosa-se-impuso-en-las-elecciones-de-la-unvime-y-sera-el-proximo-rector\/#primaryimage\"},\"image\":{\"@id\":\"https:\/\/apuntesdesanluis.com\/index.php\/2023\/08\/16\/marcelo-sosa-se-impuso-en-las-elecciones-de-la-unvime-y-sera-el-proximo-rector\/#primaryimage\"},\"thumbnailUrl\":\"https:\/\/apuntesdesanluis.com\/wp-content\/uploads\/2023\/08\/farenga-y-sosa.png\",\"datePublished\":\"2023-08-17T01:23:05+00:00\",\"dateModified\":\"2023-08-17T11:49:41+00:00\",\"breadcrumb\":{\"@id\":\"https:\/\/apuntesdesanluis.com\/index.php\/2023\/08\/16\/marcelo-sosa-se-impuso-en-las-elecciones-de-la-unvime-y-sera-el-proximo-rector\/#breadcrumb\"},\"inLanguage\":\"es-AR\",\"potentialAction\":[{\"@type\":\"ReadAction\",\"target\":[\"https:\/\/apuntesdesanluis.com\/index.php\/2023\/08\/16\/marcelo-sosa-se-impuso-en-las-elecciones-de-la-unvime-y-sera-el-proximo-rector\/\"]}]},{\"@type\":\"ImageObject\",\"inLanguage\":\"es-AR\",\"@id\":\"https:\/\/apuntesdesanluis.com\/index.php\/2023\/08\/16\/marcelo-sosa-se-impuso-en-las-elecciones-de-la-unvime-y-sera-el-proximo-rector\/#primaryimage\",\"url\":\"https:\/\/apuntesdesanluis.com\/wp-content\/uploads\/2023\/08\/farenga-y-sosa.png\",\"contentUrl\":\"https:\/\/apuntesdesanluis.com\/wp-content\/uploads\/2023\/08\/farenga-y-sosa.png\",\"width\":600,\"height\":321},{\"@type\":\"BreadcrumbList\",\"@id\":\"https:\/\/apuntesdesanluis.com\/index.php\/2023\/08\/16\/marcelo-sosa-se-impuso-en-las-elecciones-de-la-unvime-y-sera-el-proximo-rector\/#breadcrumb\",\"itemListElement\":[{\"@type\":\"ListItem\",\"position\":1,\"name\":\"Inicio\",\"item\":\"https:\/\/apuntesdesanluis.com\/\"},{\"@type\":\"ListItem\",\"position\":2,\"name\":\"MARCELO SOSA SE IMPUSO EN LAS ELECCIONES DE LA UNVIME Y SER\u00c1 EL PR\u00d3XIMO RECTOR\"}]},{\"@type\":\"WebSite\",\"@id\":\"https:\/\/apuntesdesanluis.com\/#website\",\"url\":\"https:\/\/apuntesdesanluis.com\/\",\"name\":\"Apuntes de San Luis\",\"description\":\"\",\"publisher\":{\"@id\":\"https:\/\/apuntesdesanluis.com\/#\/schema\/person\/b55151d52296fcce64d1a72538a70b90\"},\"potentialAction\":[{\"@type\":\"SearchAction\",\"target\":{\"@type\":\"EntryPoint\",\"urlTemplate\":\"https:\/\/apuntesdesanluis.com\/?s={search_term_string}\"},\"query-input\":{\"@type\":\"PropertyValueSpecification\",\"valueRequired\":true,\"valueName\":\"search_term_string\"}}],\"inLanguage\":\"es-AR\"},{\"@type\":[\"Person\",\"Organization\"],\"@id\":\"https:\/\/apuntesdesanluis.com\/#\/schema\/person\/b55151d52296fcce64d1a72538a70b90\",\"name\":\"apuntesdesanluis.com\",\"image\":{\"@type\":\"ImageObject\",\"inLanguage\":\"es-AR\",\"@id\":\"https:\/\/apuntesdesanluis.com\/#\/schema\/person\/image\/\",\"url\":\"https:\/\/apuntesdesanluis.com\/wp-content\/uploads\/2023\/07\/cropped-apuntesdesanluis.png\",\"contentUrl\":\"https:\/\/apuntesdesanluis.com\/wp-content\/uploads\/2023\/07\/cropped-apuntesdesanluis.png\",\"width\":450,\"height\":112,\"caption\":\"apuntesdesanluis.com\"},\"logo\":{\"@id\":\"https:\/\/apuntesdesanluis.com\/#\/schema\/person\/image\/\"},\"sameAs\":[\"https:\/\/apuntesdesanluis.com\"],\"url\":\"https:\/\/apuntesdesanluis.com\/index.php\/author\/apuntesdesanluis-com\/\"}]}<\/script>\n<!-- \/ Yoast SEO plugin. -->","yoast_head_json":{"title":"MARCELO SOSA SE IMPUSO EN LAS ELECCIONES DE LA UNVIME Y SER\u00c1 EL PR\u00d3XIMO RECTOR - Apuntes de San Luis","robots":{"index":"index","follow":"follow","max-snippet":"max-snippet:-1","max-image-preview":"max-image-preview:large","max-video-preview":"max-video-preview:-1"},"canonical":"https:\/\/apuntesdesanluis.com\/index.php\/2023\/08\/16\/marcelo-sosa-se-impuso-en-las-elecciones-de-la-unvime-y-sera-el-proximo-rector\/","og_locale":"es_ES","og_type":"article","og_title":"MARCELO SOSA SE IMPUSO EN LAS ELECCIONES DE LA UNVIME Y SER\u00c1 EL PR\u00d3XIMO RECTOR - Apuntes de San Luis","og_description":"En unas re\u00f1idas elecciones celebradas este mi\u00e9rcoles, la f\u00f3rmula Marcelo Sosa-Santiago Farenga de &#8220;Universitarios Unidos&#8221;...","og_url":"https:\/\/apuntesdesanluis.com\/index.php\/2023\/08\/16\/marcelo-sosa-se-impuso-en-las-elecciones-de-la-unvime-y-sera-el-proximo-rector\/","og_site_name":"Apuntes de San Luis","article_published_time":"2023-08-17T01:23:05+00:00","article_modified_time":"2023-08-17T11:49:41+00:00","og_image":[{"width":600,"height":321,"url":"https:\/\/apuntesdesanluis.com\/wp-content\/uploads\/2023\/08\/farenga-y-sosa.png","type":"image\/png"}],"author":"apuntesdesanluis.com","twitter_card":"summary_large_image","twitter_misc":{"Escrito por":"apuntesdesanluis.com","Tiempo de lectura":"6 minutos"},"schema":{"@context":"https:\/\/schema.org","@graph":[{"@type":"Article","@id":"https:\/\/apuntesdesanluis.com\/index.php\/2023\/08\/16\/marcelo-sosa-se-impuso-en-las-elecciones-de-la-unvime-y-sera-el-proximo-rector\/#article","isPartOf":{"@id":"https:\/\/apuntesdesanluis.com\/index.php\/2023\/08\/16\/marcelo-sosa-se-impuso-en-las-elecciones-de-la-unvime-y-sera-el-proximo-rector\/"},"author":{"name":"apuntesdesanluis.com","@id":"https:\/\/apuntesdesanluis.com\/#\/schema\/person\/b55151d52296fcce64d1a72538a70b90"},"headline":"MARCELO SOSA SE IMPUSO EN LAS ELECCIONES DE LA UNVIME Y SER\u00c1 EL PR\u00d3XIMO RECTOR","datePublished":"2023-08-17T01:23:05+00:00","dateModified":"2023-08-17T11:49:41+00:00","mainEntityOfPage":{"@id":"https:\/\/apuntesdesanluis.com\/index.php\/2023\/08\/16\/marcelo-sosa-se-impuso-en-las-elecciones-de-la-unvime-y-sera-el-proximo-rector\/"},"wordCount":1102,"publisher":{"@id":"https:\/\/apuntesdesanluis.com\/#\/schema\/person\/b55151d52296fcce64d1a72538a70b90"},"image":{"@id":"https:\/\/apuntesdesanluis.com\/index.php\/2023\/08\/16\/marcelo-sosa-se-impuso-en-las-elecciones-de-la-unvime-y-sera-el-proximo-rector\/#primaryimage"},"thumbnailUrl":"https:\/\/apuntesdesanluis.com\/wp-content\/uploads\/2023\/08\/farenga-y-sosa.png","articleSection":["Ciudad\/Provincia"],"inLanguage":"es-AR"},{"@type":"WebPage","@id":"https:\/\/apuntesdesanluis.com\/index.php\/2023\/08\/16\/marcelo-sosa-se-impuso-en-las-elecciones-de-la-unvime-y-sera-el-proximo-rector\/","url":"https:\/\/apuntesdesanluis.com\/index.php\/2023\/08\/16\/marcelo-sosa-se-impuso-en-las-elecciones-de-la-unvime-y-sera-el-proximo-rector\/","name":"MARCELO SOSA SE IMPUSO EN LAS ELECCIONES DE LA UNVIME Y SER\u00c1 EL PR\u00d3XIMO RECTOR - Apuntes de San Luis","isPartOf":{"@id":"https:\/\/apuntesdesanluis.com\/#website"},"primaryImageOfPage":{"@id":"https:\/\/apuntesdesanluis.com\/index.php\/2023\/08\/16\/marcelo-sosa-se-impuso-en-las-elecciones-de-la-unvime-y-sera-el-proximo-rector\/#primaryimage"},"image":{"@id":"https:\/\/apuntesdesanluis.com\/index.php\/2023\/08\/16\/marcelo-sosa-se-impuso-en-las-elecciones-de-la-unvime-y-sera-el-proximo-rector\/#primaryimage"},"thumbnailUrl":"https:\/\/apuntesdesanluis.com\/wp-content\/uploads\/2023\/08\/farenga-y-sosa.png","datePublished":"2023-08-17T01:23:05+00:00","dateModified":"2023-08-17T11:49:41+00:00","breadcrumb":{"@id":"https:\/\/apuntesdesanluis.com\/index.php\/2023\/08\/16\/marcelo-sosa-se-impuso-en-las-elecciones-de-la-unvime-y-sera-el-proximo-rector\/#breadcrumb"},"inLanguage":"es-AR","potentialAction":[{"@type":"ReadAction","target":["https:\/\/apuntesdesanluis.com\/index.php\/2023\/08\/16\/marcelo-sosa-se-impuso-en-las-elecciones-de-la-unvime-y-sera-el-proximo-rector\/"]}]},{"@type":"ImageObject","inLanguage":"es-AR","@id":"https:\/\/apuntesdesanluis.com\/index.php\/2023\/08\/16\/marcelo-sosa-se-impuso-en-las-elecciones-de-la-unvime-y-sera-el-proximo-rector\/#primaryimage","url":"https:\/\/apuntesdesanluis.com\/wp-content\/uploads\/2023\/08\/farenga-y-sosa.png","contentUrl":"https:\/\/apuntesdesanluis.com\/wp-content\/uploads\/2023\/08\/farenga-y-sosa.png","width":600,"height":321},{"@type":"BreadcrumbList","@id":"https:\/\/apuntesdesanluis.com\/index.php\/2023\/08\/16\/marcelo-sosa-se-impuso-en-las-elecciones-de-la-unvime-y-sera-el-proximo-rector\/#breadcrumb","itemListElement":[{"@type":"ListItem","position":1,"name":"Inicio","item":"https:\/\/apuntesdesanluis.com\/"},{"@type":"ListItem","position":2,"name":"MARCELO SOSA SE IMPUSO EN LAS ELECCIONES DE LA UNVIME Y SER\u00c1 EL PR\u00d3XIMO RECTOR"}]},{"@type":"WebSite","@id":"https:\/\/apuntesdesanluis.com\/#website","url":"https:\/\/apuntesdesanluis.com\/","name":"Apuntes de San Luis","description":"","publisher":{"@id":"https:\/\/apuntesdesanluis.com\/#\/schema\/person\/b55151d52296fcce64d1a72538a70b90"},"potentialAction":[{"@type":"SearchAction","target":{"@type":"EntryPoint","urlTemplate":"https:\/\/apuntesdesanluis.com\/?s={search_term_string}"},"query-input":{"@type":"PropertyValueSpecification","valueRequired":true,"valueName":"search_term_string"}}],"inLanguage":"es-AR"},{"@type":["Person","Organization"],"@id":"https:\/\/apuntesdesanluis.com\/#\/schema\/person\/b55151d52296fcce64d1a72538a70b90","name":"apuntesdesanluis.com","image":{"@type":"ImageObject","inLanguage":"es-AR","@id":"https:\/\/apuntesdesanluis.com\/#\/schema\/person\/image\/","url":"https:\/\/apuntesdesanluis.com\/wp-content\/uploads\/2023\/07\/cropped-apuntesdesanluis.png","contentUrl":"https:\/\/apuntesdesanluis.com\/wp-content\/uploads\/2023\/07\/cropped-apuntesdesanluis.png","width":450,"height":112,"caption":"apuntesdesanluis.com"},"logo":{"@id":"https:\/\/apuntesdesanluis.com\/#\/schema\/person\/image\/"},"sameAs":["https:\/\/apuntesdesanluis.com"],"url":"https:\/\/apuntesdesanluis.com\/index.php\/author\/apuntesdesanluis-com\/"}]}},"featured_image_urls":{"full":["https:\/\/apuntesdesanluis.com\/wp-content\/uploads\/2023\/08\/farenga-y-sosa.png",600,321,false],"thumbnail":["https:\/\/apuntesdesanluis.com\/wp-content\/uploads\/2023\/08\/farenga-y-sosa-150x150.png",150,150,true],"medium":["https:\/\/apuntesdesanluis.com\/wp-content\/uploads\/2023\/08\/farenga-y-sosa-300x161.png",300,161,true],"medium_large":["https:\/\/apuntesdesanluis.com\/wp-content\/uploads\/2023\/08\/farenga-y-sosa.png",600,321,false],"large":["https:\/\/apuntesdesanluis.com\/wp-content\/uploads\/2023\/08\/farenga-y-sosa.png",600,321,false],"1536x1536":["https:\/\/apuntesdesanluis.com\/wp-content\/uploads\/2023\/08\/farenga-y-sosa.png",600,321,false],"2048x2048":["https:\/\/apuntesdesanluis.com\/wp-content\/uploads\/2023\/08\/farenga-y-sosa.png",600,321,false],"newsever-slider-full":["https:\/\/apuntesdesanluis.com\/wp-content\/uploads\/2023\/08\/farenga-y-sosa.png",600,321,false],"newsever-featured":["https:\/\/apuntesdesanluis.com\/wp-content\/uploads\/2023\/08\/farenga-y-sosa.png",600,321,false],"newsever-medium":["https:\/\/apuntesdesanluis.com\/wp-content\/uploads\/2023\/08\/farenga-y-sosa.png",600,321,false]},"author_info":{"display_name":"apuntesdesanluis.com","author_link":"https:\/\/apuntesdesanluis.com\/index.php\/author\/apuntesdesanluis-com\/"},"category_info":"<a href=\"https:\/\/apuntesdesanluis.com\/index.php\/category\/ciudad-provincia\/\" rel=\"category tag\">Ciudad\/Provincia<\/a>","tag_info":"Ciudad\/Provincia","comment_count":"0","_links":{"self":[{"href":"https:\/\/apuntesdesanluis.com\/index.php\/wp-json\/wp\/v2\/posts\/1683","targetHints":{"allow":["GET"]}}],"collection":[{"href":"https:\/\/apuntesdesanluis.com\/index.php\/wp-json\/wp\/v2\/posts"}],"about":[{"href":"https:\/\/apuntesdesanluis.com\/index.php\/wp-json\/wp\/v2\/types\/post"}],"author":[{"embeddable":true,"href":"https:\/\/apuntesdesanluis.com\/index.php\/wp-json\/wp\/v2\/users\/1"}],"replies":[{"embeddable":true,"href":"https:\/\/apuntesdesanluis.com\/index.php\/wp-json\/wp\/v2\/comments?post=1683"}],"version-history":[{"count":22,"href":"https:\/\/apuntesdesanluis.com\/index.php\/wp-json\/wp\/v2\/posts\/1683\/revisions"}],"predecessor-version":[{"id":1726,"href":"https:\/\/apuntesdesanluis.com\/index.php\/wp-json\/wp\/v2\/posts\/1683\/revisions\/1726"}],"wp:featuredmedia":[{"embeddable":true,"href":"https:\/\/apuntesdesanluis.com\/index.php\/wp-json\/wp\/v2\/media\/1687"}],"wp:attachment":[{"href":"https:\/\/apuntesdesanluis.com\/index.php\/wp-json\/wp\/v2\/media?parent=1683"}],"wp:term":[{"taxonomy":"category","embeddable":true,"href":"https:\/\/apuntesdesanluis.com\/index.php\/wp-json\/wp\/v2\/categories?post=1683"},{"taxonomy":"post_tag","embeddable":true,"href":"https:\/\/apuntesdesanluis.com\/index.php\/wp-json\/wp\/v2\/tags?post=1683"}],"curies":[{"name":"wp","href":"https:\/\/api.w.org\/{rel}","templated":true}]}}