{"id":16834,"date":"2024-05-25T11:17:53","date_gmt":"2024-05-25T14:17:53","guid":{"rendered":"https:\/\/apuntesdesanluis.com\/?p=16834"},"modified":"2024-05-26T18:19:00","modified_gmt":"2024-05-26T21:19:00","slug":"el-municipio-de-merlo-celebro-el-dia-de-la-patria-en-cerro-de-oro","status":"publish","type":"post","link":"https:\/\/apuntesdesanluis.com\/index.php\/2024\/05\/25\/el-municipio-de-merlo-celebro-el-dia-de-la-patria-en-cerro-de-oro\/","title":{"rendered":"EL MUNICIPIO DE MERLO CELEBR\u00d3 EL D\u00cdA DE LA PATRIA EN CERRO DE ORO"},"content":{"rendered":"<h3>El acto por los 214 a\u00f1os de la Revoluci\u00f3n de Mayo se llev\u00f3 a cabo este s\u00e1bado por la ma\u00f1ana en la Escuela N\u00b0 221 \u201cIrma Romero de Pachecho\u201d, con una gran concurrencia de alumnos, instituciones, familias y vecinos de la zona.<\/h3>\n<h3>Los festejos por el D\u00eda de la Patria tambi\u00e9n contaron con la presencia del intendente de la Villa de Merlo, Juan \u00c1lvarez Pinto, junto a gran parte de su gabinete, la diputada provincial, Gabriela Mancilla, el senador provincial, Sergio Guardia, el presidente del Concejo Deliberante, Leonardo Rodriguez y las concejales Virginia Morand\u00e9 y Mar\u00eda Jos\u00e9 \u00c1lvarez, y representantes del Centro de Veteranos del Valle del Conlara.<\/h3>\n<p><img fetchpriority=\"high\" decoding=\"async\" class=\"wp-image-16836 aligncenter\" src=\"https:\/\/apuntesdesanluis.com\/wp-content\/uploads\/2024\/05\/PUBLICO-300x158.jpg\" alt=\"\" width=\"589\" height=\"310\" srcset=\"https:\/\/apuntesdesanluis.com\/wp-content\/uploads\/2024\/05\/PUBLICO-300x158.jpg 300w, https:\/\/apuntesdesanluis.com\/wp-content\/uploads\/2024\/05\/PUBLICO.jpg 600w\" sizes=\"(max-width: 589px) 100vw, 589px\" \/><\/p>\n<h3>La parte art\u00edstica estuvo a cargo de Daniel Gonz\u00e1lez y Pablo Aphalo, que interpretaron el himno a Merlo, el Ballet de Folclore Inclusivo y los alumnos de la escuela anfitriona: Nivel inicial realiz\u00f3 actuaciones alusivas a la fecha, los de primaria interpretaron variadas actuaciones y los estudiantes de segundo ciclo realizaron una obra de teatro.<\/h3>\n<p><img decoding=\"async\" class=\"wp-image-16837 aligncenter\" src=\"https:\/\/apuntesdesanluis.com\/wp-content\/uploads\/2024\/05\/BANDERAS-300x192.jpg\" alt=\"\" width=\"588\" height=\"376\" srcset=\"https:\/\/apuntesdesanluis.com\/wp-content\/uploads\/2024\/05\/BANDERAS-300x192.jpg 300w, https:\/\/apuntesdesanluis.com\/wp-content\/uploads\/2024\/05\/BANDERAS.jpg 600w\" sizes=\"(max-width: 588px) 100vw, 588px\" \/><\/p>\n<h3>\u201cNo dejemos que se pierda la costumbre de celebrar el inicio de nuestra libertad, de darle significado a la palabra patria, de disfrutar nuestras comidas t\u00edpicas y de ver c\u00f3mo Argentina resuena en el mundo, reflejando los a\u00f1os de lucha de nuestros pr\u00f3ceres.\u201d, manifest\u00f3 el intendente, Juan \u00c1lvarez Pinto.<\/h3>\n<p><img decoding=\"async\" class=\"wp-image-16838 aligncenter\" src=\"https:\/\/apuntesdesanluis.com\/wp-content\/uploads\/2024\/05\/458a48c2-568b-47dd-b765-1d12278035ed-300x164.jpg\" alt=\"\" width=\"587\" height=\"321\" srcset=\"https:\/\/apuntesdesanluis.com\/wp-content\/uploads\/2024\/05\/458a48c2-568b-47dd-b765-1d12278035ed-300x164.jpg 300w, https:\/\/apuntesdesanluis.com\/wp-content\/uploads\/2024\/05\/458a48c2-568b-47dd-b765-1d12278035ed.jpg 600w\" sizes=\"(max-width: 587px) 100vw, 587px\" \/><\/p>\n<p>&nbsp;<\/p>\n<p>&nbsp;<\/p>\n<p>&nbsp;<\/p>\n<p>&nbsp;<\/p>\n<h3><\/h3>\n<h3><\/h3>\n<h3><\/h3>\n","protected":false},"excerpt":{"rendered":"<p>El acto por los 214 a\u00f1os de la Revoluci\u00f3n de Mayo se llev\u00f3 a cabo&#8230;<\/p>\n","protected":false},"author":1,"featured_media":16835,"comment_status":"closed","ping_status":"closed","sticky":false,"template":"","format":"standard","meta":{"footnotes":""},"categories":[6],"tags":[],"class_list":["post-16834","post","type-post","status-publish","format-standard","has-post-thumbnail","hentry","category-ciudad-provincia"],"yoast_head":"<!-- This site is optimized with the Yoast SEO plugin v26.1.1 - https:\/\/yoast.com\/wordpress\/plugins\/seo\/ -->\n<title>EL MUNICIPIO DE MERLO CELEBR\u00d3 EL D\u00cdA DE LA PATRIA EN CERRO DE ORO - Apuntes de San Luis<\/title>\n<meta name=\"robots\" content=\"index, follow, max-snippet:-1, max-image-preview:large, max-video-preview:-1\" \/>\n<link rel=\"canonical\" href=\"https:\/\/apuntesdesanluis.com\/index.php\/2024\/05\/25\/el-municipio-de-merlo-celebro-el-dia-de-la-patria-en-cerro-de-oro\/\" \/>\n<meta property=\"og:locale\" content=\"es_ES\" \/>\n<meta property=\"og:type\" content=\"article\" \/>\n<meta property=\"og:title\" content=\"EL MUNICIPIO DE MERLO CELEBR\u00d3 EL D\u00cdA DE LA PATRIA EN CERRO DE ORO - Apuntes de San Luis\" \/>\n<meta property=\"og:description\" content=\"El acto por los 214 a\u00f1os de la Revoluci\u00f3n de Mayo se llev\u00f3 a cabo...\" \/>\n<meta property=\"og:url\" content=\"https:\/\/apuntesdesanluis.com\/index.php\/2024\/05\/25\/el-municipio-de-merlo-celebro-el-dia-de-la-patria-en-cerro-de-oro\/\" \/>\n<meta property=\"og:site_name\" content=\"Apuntes de San Luis\" \/>\n<meta property=\"article:published_time\" content=\"2024-05-25T14:17:53+00:00\" \/>\n<meta property=\"article:modified_time\" content=\"2024-05-26T21:19:00+00:00\" \/>\n<meta property=\"og:image\" content=\"https:\/\/apuntesdesanluis.com\/wp-content\/uploads\/2024\/05\/NINOS.jpg\" \/>\n\t<meta property=\"og:image:width\" content=\"500\" \/>\n\t<meta property=\"og:image:height\" content=\"333\" \/>\n\t<meta property=\"og:image:type\" content=\"image\/jpeg\" \/>\n<meta name=\"author\" content=\"apuntesdesanluis.com\" \/>\n<meta name=\"twitter:card\" content=\"summary_large_image\" \/>\n<meta name=\"twitter:label1\" content=\"Escrito por\" \/>\n\t<meta name=\"twitter:data1\" content=\"apuntesdesanluis.com\" \/>\n\t<meta name=\"twitter:label2\" content=\"Tiempo de lectura\" \/>\n\t<meta name=\"twitter:data2\" content=\"2 minutos\" \/>\n<script type=\"application\/ld+json\" class=\"yoast-schema-graph\">{\"@context\":\"https:\/\/schema.org\",\"@graph\":[{\"@type\":\"Article\",\"@id\":\"https:\/\/apuntesdesanluis.com\/index.php\/2024\/05\/25\/el-municipio-de-merlo-celebro-el-dia-de-la-patria-en-cerro-de-oro\/#article\",\"isPartOf\":{\"@id\":\"https:\/\/apuntesdesanluis.com\/index.php\/2024\/05\/25\/el-municipio-de-merlo-celebro-el-dia-de-la-patria-en-cerro-de-oro\/\"},\"author\":{\"name\":\"apuntesdesanluis.com\",\"@id\":\"https:\/\/apuntesdesanluis.com\/#\/schema\/person\/b55151d52296fcce64d1a72538a70b90\"},\"headline\":\"EL MUNICIPIO DE MERLO CELEBR\u00d3 EL D\u00cdA DE LA PATRIA EN CERRO DE ORO\",\"datePublished\":\"2024-05-25T14:17:53+00:00\",\"dateModified\":\"2024-05-26T21:19:00+00:00\",\"mainEntityOfPage\":{\"@id\":\"https:\/\/apuntesdesanluis.com\/index.php\/2024\/05\/25\/el-municipio-de-merlo-celebro-el-dia-de-la-patria-en-cerro-de-oro\/\"},\"wordCount\":242,\"publisher\":{\"@id\":\"https:\/\/apuntesdesanluis.com\/#\/schema\/person\/b55151d52296fcce64d1a72538a70b90\"},\"image\":{\"@id\":\"https:\/\/apuntesdesanluis.com\/index.php\/2024\/05\/25\/el-municipio-de-merlo-celebro-el-dia-de-la-patria-en-cerro-de-oro\/#primaryimage\"},\"thumbnailUrl\":\"https:\/\/apuntesdesanluis.com\/wp-content\/uploads\/2024\/05\/NINOS.jpg\",\"articleSection\":[\"Ciudad\/Provincia\"],\"inLanguage\":\"es-AR\"},{\"@type\":\"WebPage\",\"@id\":\"https:\/\/apuntesdesanluis.com\/index.php\/2024\/05\/25\/el-municipio-de-merlo-celebro-el-dia-de-la-patria-en-cerro-de-oro\/\",\"url\":\"https:\/\/apuntesdesanluis.com\/index.php\/2024\/05\/25\/el-municipio-de-merlo-celebro-el-dia-de-la-patria-en-cerro-de-oro\/\",\"name\":\"EL MUNICIPIO DE MERLO CELEBR\u00d3 EL D\u00cdA DE LA PATRIA EN CERRO DE ORO - Apuntes de San Luis\",\"isPartOf\":{\"@id\":\"https:\/\/apuntesdesanluis.com\/#website\"},\"primaryImageOfPage\":{\"@id\":\"https:\/\/apuntesdesanluis.com\/index.php\/2024\/05\/25\/el-municipio-de-merlo-celebro-el-dia-de-la-patria-en-cerro-de-oro\/#primaryimage\"},\"image\":{\"@id\":\"https:\/\/apuntesdesanluis.com\/index.php\/2024\/05\/25\/el-municipio-de-merlo-celebro-el-dia-de-la-patria-en-cerro-de-oro\/#primaryimage\"},\"thumbnailUrl\":\"https:\/\/apuntesdesanluis.com\/wp-content\/uploads\/2024\/05\/NINOS.jpg\",\"datePublished\":\"2024-05-25T14:17:53+00:00\",\"dateModified\":\"2024-05-26T21:19:00+00:00\",\"breadcrumb\":{\"@id\":\"https:\/\/apuntesdesanluis.com\/index.php\/2024\/05\/25\/el-municipio-de-merlo-celebro-el-dia-de-la-patria-en-cerro-de-oro\/#breadcrumb\"},\"inLanguage\":\"es-AR\",\"potentialAction\":[{\"@type\":\"ReadAction\",\"target\":[\"https:\/\/apuntesdesanluis.com\/index.php\/2024\/05\/25\/el-municipio-de-merlo-celebro-el-dia-de-la-patria-en-cerro-de-oro\/\"]}]},{\"@type\":\"ImageObject\",\"inLanguage\":\"es-AR\",\"@id\":\"https:\/\/apuntesdesanluis.com\/index.php\/2024\/05\/25\/el-municipio-de-merlo-celebro-el-dia-de-la-patria-en-cerro-de-oro\/#primaryimage\",\"url\":\"https:\/\/apuntesdesanluis.com\/wp-content\/uploads\/2024\/05\/NINOS.jpg\",\"contentUrl\":\"https:\/\/apuntesdesanluis.com\/wp-content\/uploads\/2024\/05\/NINOS.jpg\",\"width\":500,\"height\":333},{\"@type\":\"BreadcrumbList\",\"@id\":\"https:\/\/apuntesdesanluis.com\/index.php\/2024\/05\/25\/el-municipio-de-merlo-celebro-el-dia-de-la-patria-en-cerro-de-oro\/#breadcrumb\",\"itemListElement\":[{\"@type\":\"ListItem\",\"position\":1,\"name\":\"Inicio\",\"item\":\"https:\/\/apuntesdesanluis.com\/\"},{\"@type\":\"ListItem\",\"position\":2,\"name\":\"EL MUNICIPIO DE MERLO CELEBR\u00d3 EL D\u00cdA DE LA PATRIA EN CERRO DE ORO\"}]},{\"@type\":\"WebSite\",\"@id\":\"https:\/\/apuntesdesanluis.com\/#website\",\"url\":\"https:\/\/apuntesdesanluis.com\/\",\"name\":\"Apuntes de San Luis\",\"description\":\"\",\"publisher\":{\"@id\":\"https:\/\/apuntesdesanluis.com\/#\/schema\/person\/b55151d52296fcce64d1a72538a70b90\"},\"potentialAction\":[{\"@type\":\"SearchAction\",\"target\":{\"@type\":\"EntryPoint\",\"urlTemplate\":\"https:\/\/apuntesdesanluis.com\/?s={search_term_string}\"},\"query-input\":{\"@type\":\"PropertyValueSpecification\",\"valueRequired\":true,\"valueName\":\"search_term_string\"}}],\"inLanguage\":\"es-AR\"},{\"@type\":[\"Person\",\"Organization\"],\"@id\":\"https:\/\/apuntesdesanluis.com\/#\/schema\/person\/b55151d52296fcce64d1a72538a70b90\",\"name\":\"apuntesdesanluis.com\",\"image\":{\"@type\":\"ImageObject\",\"inLanguage\":\"es-AR\",\"@id\":\"https:\/\/apuntesdesanluis.com\/#\/schema\/person\/image\/\",\"url\":\"https:\/\/apuntesdesanluis.com\/wp-content\/uploads\/2023\/07\/cropped-apuntesdesanluis.png\",\"contentUrl\":\"https:\/\/apuntesdesanluis.com\/wp-content\/uploads\/2023\/07\/cropped-apuntesdesanluis.png\",\"width\":450,\"height\":112,\"caption\":\"apuntesdesanluis.com\"},\"logo\":{\"@id\":\"https:\/\/apuntesdesanluis.com\/#\/schema\/person\/image\/\"},\"sameAs\":[\"https:\/\/apuntesdesanluis.com\"],\"url\":\"https:\/\/apuntesdesanluis.com\/index.php\/author\/apuntesdesanluis-com\/\"}]}<\/script>\n<!-- \/ Yoast SEO plugin. -->","yoast_head_json":{"title":"EL MUNICIPIO DE MERLO CELEBR\u00d3 EL D\u00cdA DE LA PATRIA EN CERRO DE ORO - Apuntes de San Luis","robots":{"index":"index","follow":"follow","max-snippet":"max-snippet:-1","max-image-preview":"max-image-preview:large","max-video-preview":"max-video-preview:-1"},"canonical":"https:\/\/apuntesdesanluis.com\/index.php\/2024\/05\/25\/el-municipio-de-merlo-celebro-el-dia-de-la-patria-en-cerro-de-oro\/","og_locale":"es_ES","og_type":"article","og_title":"EL MUNICIPIO DE MERLO CELEBR\u00d3 EL D\u00cdA DE LA PATRIA EN CERRO DE ORO - Apuntes de San Luis","og_description":"El acto por los 214 a\u00f1os de la Revoluci\u00f3n de Mayo se llev\u00f3 a cabo...","og_url":"https:\/\/apuntesdesanluis.com\/index.php\/2024\/05\/25\/el-municipio-de-merlo-celebro-el-dia-de-la-patria-en-cerro-de-oro\/","og_site_name":"Apuntes de San Luis","article_published_time":"2024-05-25T14:17:53+00:00","article_modified_time":"2024-05-26T21:19:00+00:00","og_image":[{"width":500,"height":333,"url":"https:\/\/apuntesdesanluis.com\/wp-content\/uploads\/2024\/05\/NINOS.jpg","type":"image\/jpeg"}],"author":"apuntesdesanluis.com","twitter_card":"summary_large_image","twitter_misc":{"Escrito por":"apuntesdesanluis.com","Tiempo de lectura":"2 minutos"},"schema":{"@context":"https:\/\/schema.org","@graph":[{"@type":"Article","@id":"https:\/\/apuntesdesanluis.com\/index.php\/2024\/05\/25\/el-municipio-de-merlo-celebro-el-dia-de-la-patria-en-cerro-de-oro\/#article","isPartOf":{"@id":"https:\/\/apuntesdesanluis.com\/index.php\/2024\/05\/25\/el-municipio-de-merlo-celebro-el-dia-de-la-patria-en-cerro-de-oro\/"},"author":{"name":"apuntesdesanluis.com","@id":"https:\/\/apuntesdesanluis.com\/#\/schema\/person\/b55151d52296fcce64d1a72538a70b90"},"headline":"EL MUNICIPIO DE MERLO CELEBR\u00d3 EL D\u00cdA DE LA PATRIA EN CERRO DE ORO","datePublished":"2024-05-25T14:17:53+00:00","dateModified":"2024-05-26T21:19:00+00:00","mainEntityOfPage":{"@id":"https:\/\/apuntesdesanluis.com\/index.php\/2024\/05\/25\/el-municipio-de-merlo-celebro-el-dia-de-la-patria-en-cerro-de-oro\/"},"wordCount":242,"publisher":{"@id":"https:\/\/apuntesdesanluis.com\/#\/schema\/person\/b55151d52296fcce64d1a72538a70b90"},"image":{"@id":"https:\/\/apuntesdesanluis.com\/index.php\/2024\/05\/25\/el-municipio-de-merlo-celebro-el-dia-de-la-patria-en-cerro-de-oro\/#primaryimage"},"thumbnailUrl":"https:\/\/apuntesdesanluis.com\/wp-content\/uploads\/2024\/05\/NINOS.jpg","articleSection":["Ciudad\/Provincia"],"inLanguage":"es-AR"},{"@type":"WebPage","@id":"https:\/\/apuntesdesanluis.com\/index.php\/2024\/05\/25\/el-municipio-de-merlo-celebro-el-dia-de-la-patria-en-cerro-de-oro\/","url":"https:\/\/apuntesdesanluis.com\/index.php\/2024\/05\/25\/el-municipio-de-merlo-celebro-el-dia-de-la-patria-en-cerro-de-oro\/","name":"EL MUNICIPIO DE MERLO CELEBR\u00d3 EL D\u00cdA DE LA PATRIA EN CERRO DE ORO - Apuntes de San Luis","isPartOf":{"@id":"https:\/\/apuntesdesanluis.com\/#website"},"primaryImageOfPage":{"@id":"https:\/\/apuntesdesanluis.com\/index.php\/2024\/05\/25\/el-municipio-de-merlo-celebro-el-dia-de-la-patria-en-cerro-de-oro\/#primaryimage"},"image":{"@id":"https:\/\/apuntesdesanluis.com\/index.php\/2024\/05\/25\/el-municipio-de-merlo-celebro-el-dia-de-la-patria-en-cerro-de-oro\/#primaryimage"},"thumbnailUrl":"https:\/\/apuntesdesanluis.com\/wp-content\/uploads\/2024\/05\/NINOS.jpg","datePublished":"2024-05-25T14:17:53+00:00","dateModified":"2024-05-26T21:19:00+00:00","breadcrumb":{"@id":"https:\/\/apuntesdesanluis.com\/index.php\/2024\/05\/25\/el-municipio-de-merlo-celebro-el-dia-de-la-patria-en-cerro-de-oro\/#breadcrumb"},"inLanguage":"es-AR","potentialAction":[{"@type":"ReadAction","target":["https:\/\/apuntesdesanluis.com\/index.php\/2024\/05\/25\/el-municipio-de-merlo-celebro-el-dia-de-la-patria-en-cerro-de-oro\/"]}]},{"@type":"ImageObject","inLanguage":"es-AR","@id":"https:\/\/apuntesdesanluis.com\/index.php\/2024\/05\/25\/el-municipio-de-merlo-celebro-el-dia-de-la-patria-en-cerro-de-oro\/#primaryimage","url":"https:\/\/apuntesdesanluis.com\/wp-content\/uploads\/2024\/05\/NINOS.jpg","contentUrl":"https:\/\/apuntesdesanluis.com\/wp-content\/uploads\/2024\/05\/NINOS.jpg","width":500,"height":333},{"@type":"BreadcrumbList","@id":"https:\/\/apuntesdesanluis.com\/index.php\/2024\/05\/25\/el-municipio-de-merlo-celebro-el-dia-de-la-patria-en-cerro-de-oro\/#breadcrumb","itemListElement":[{"@type":"ListItem","position":1,"name":"Inicio","item":"https:\/\/apuntesdesanluis.com\/"},{"@type":"ListItem","position":2,"name":"EL MUNICIPIO DE MERLO CELEBR\u00d3 EL D\u00cdA DE LA PATRIA EN CERRO DE ORO"}]},{"@type":"WebSite","@id":"https:\/\/apuntesdesanluis.com\/#website","url":"https:\/\/apuntesdesanluis.com\/","name":"Apuntes de San Luis","description":"","publisher":{"@id":"https:\/\/apuntesdesanluis.com\/#\/schema\/person\/b55151d52296fcce64d1a72538a70b90"},"potentialAction":[{"@type":"SearchAction","target":{"@type":"EntryPoint","urlTemplate":"https:\/\/apuntesdesanluis.com\/?s={search_term_string}"},"query-input":{"@type":"PropertyValueSpecification","valueRequired":true,"valueName":"search_term_string"}}],"inLanguage":"es-AR"},{"@type":["Person","Organization"],"@id":"https:\/\/apuntesdesanluis.com\/#\/schema\/person\/b55151d52296fcce64d1a72538a70b90","name":"apuntesdesanluis.com","image":{"@type":"ImageObject","inLanguage":"es-AR","@id":"https:\/\/apuntesdesanluis.com\/#\/schema\/person\/image\/","url":"https:\/\/apuntesdesanluis.com\/wp-content\/uploads\/2023\/07\/cropped-apuntesdesanluis.png","contentUrl":"https:\/\/apuntesdesanluis.com\/wp-content\/uploads\/2023\/07\/cropped-apuntesdesanluis.png","width":450,"height":112,"caption":"apuntesdesanluis.com"},"logo":{"@id":"https:\/\/apuntesdesanluis.com\/#\/schema\/person\/image\/"},"sameAs":["https:\/\/apuntesdesanluis.com"],"url":"https:\/\/apuntesdesanluis.com\/index.php\/author\/apuntesdesanluis-com\/"}]}},"featured_image_urls":{"full":["https:\/\/apuntesdesanluis.com\/wp-content\/uploads\/2024\/05\/NINOS.jpg",500,333,false],"thumbnail":["https:\/\/apuntesdesanluis.com\/wp-content\/uploads\/2024\/05\/NINOS-150x150.jpg",150,150,true],"medium":["https:\/\/apuntesdesanluis.com\/wp-content\/uploads\/2024\/05\/NINOS-300x200.jpg",300,200,true],"medium_large":["https:\/\/apuntesdesanluis.com\/wp-content\/uploads\/2024\/05\/NINOS.jpg",500,333,false],"large":["https:\/\/apuntesdesanluis.com\/wp-content\/uploads\/2024\/05\/NINOS.jpg",500,333,false],"1536x1536":["https:\/\/apuntesdesanluis.com\/wp-content\/uploads\/2024\/05\/NINOS.jpg",500,333,false],"2048x2048":["https:\/\/apuntesdesanluis.com\/wp-content\/uploads\/2024\/05\/NINOS.jpg",500,333,false],"newsever-slider-full":["https:\/\/apuntesdesanluis.com\/wp-content\/uploads\/2024\/05\/NINOS.jpg",500,333,false],"newsever-featured":["https:\/\/apuntesdesanluis.com\/wp-content\/uploads\/2024\/05\/NINOS.jpg",500,333,false],"newsever-medium":["https:\/\/apuntesdesanluis.com\/wp-content\/uploads\/2024\/05\/NINOS.jpg",500,333,false]},"author_info":{"display_name":"apuntesdesanluis.com","author_link":"https:\/\/apuntesdesanluis.com\/index.php\/author\/apuntesdesanluis-com\/"},"category_info":"<a href=\"https:\/\/apuntesdesanluis.com\/index.php\/category\/ciudad-provincia\/\" rel=\"category tag\">Ciudad\/Provincia<\/a>","tag_info":"Ciudad\/Provincia","comment_count":"0","_links":{"self":[{"href":"https:\/\/apuntesdesanluis.com\/index.php\/wp-json\/wp\/v2\/posts\/16834","targetHints":{"allow":["GET"]}}],"collection":[{"href":"https:\/\/apuntesdesanluis.com\/index.php\/wp-json\/wp\/v2\/posts"}],"about":[{"href":"https:\/\/apuntesdesanluis.com\/index.php\/wp-json\/wp\/v2\/types\/post"}],"author":[{"embeddable":true,"href":"https:\/\/apuntesdesanluis.com\/index.php\/wp-json\/wp\/v2\/users\/1"}],"replies":[{"embeddable":true,"href":"https:\/\/apuntesdesanluis.com\/index.php\/wp-json\/wp\/v2\/comments?post=16834"}],"version-history":[{"count":2,"href":"https:\/\/apuntesdesanluis.com\/index.php\/wp-json\/wp\/v2\/posts\/16834\/revisions"}],"predecessor-version":[{"id":16840,"href":"https:\/\/apuntesdesanluis.com\/index.php\/wp-json\/wp\/v2\/posts\/16834\/revisions\/16840"}],"wp:featuredmedia":[{"embeddable":true,"href":"https:\/\/apuntesdesanluis.com\/index.php\/wp-json\/wp\/v2\/media\/16835"}],"wp:attachment":[{"href":"https:\/\/apuntesdesanluis.com\/index.php\/wp-json\/wp\/v2\/media?parent=16834"}],"wp:term":[{"taxonomy":"category","embeddable":true,"href":"https:\/\/apuntesdesanluis.com\/index.php\/wp-json\/wp\/v2\/categories?post=16834"},{"taxonomy":"post_tag","embeddable":true,"href":"https:\/\/apuntesdesanluis.com\/index.php\/wp-json\/wp\/v2\/tags?post=16834"}],"curies":[{"name":"wp","href":"https:\/\/api.w.org\/{rel}","templated":true}]}}