{"id":16866,"date":"2024-05-27T08:40:59","date_gmt":"2024-05-27T11:40:59","guid":{"rendered":"https:\/\/apuntesdesanluis.com\/?p=16866"},"modified":"2024-05-27T08:40:59","modified_gmt":"2024-05-27T11:40:59","slug":"milei-suma-un-nuevo-viaje-a-estados-unidos-y-asistira-a-la-asuncion-de-bukele-en-el-salvador","status":"publish","type":"post","link":"https:\/\/apuntesdesanluis.com\/index.php\/2024\/05\/27\/milei-suma-un-nuevo-viaje-a-estados-unidos-y-asistira-a-la-asuncion-de-bukele-en-el-salvador\/","title":{"rendered":"MILEI SUMA UN NUEVO VIAJE A ESTADOS UNIDOS Y ASISTIR\u00c1 A LA ASUNCI\u00d3N DE BUKELE EN EL SALVADOR"},"content":{"rendered":"<h3>El presidente <strong>Javier Milei<\/strong> volver\u00e1 esta semana a Estados Unidos por lo que resta de mayo y el 1\u00b0 de junio dar\u00e1 el presente en la renovaci\u00f3n del mando de <strong>Nayib Bukele<\/strong> en El Salvador.<\/h3>\n<h3>El mandatario viajar\u00e1 a Estados Unidos por cuarta vez desde el inicio de su mandato, con intenciones de reunirse el director de Meta, Mark Zuckerberg, y asistir el 30 de mayo a la reuni\u00f3n tecnol\u00f3gica en Silicon Valley, zona sur del \u00c1rea de la Bah\u00eda de San Francisco.<\/h3>\n<h3>Entre los eventos de la agenda presidencial figuran reuniones con representantes de OpenAI, Apple, Google de Alphabet, entre otras firmas de la industria tecnol\u00f3gica, entre los que destacan un nuevo intercambio con Elon Musk, el magnate multimillonario due\u00f1o de la empresa Tesla con quien el mandatario se reuni\u00f3 en dos oportunidades.<\/h3>\n<h3>Si bien el cronograma de la visita a\u00fan no est\u00e1 cerrado, no hay previstos encuentros con el gobierno de Estados Unidos.<\/h3>\n<h3>La comitiva presidencial partir\u00e1 el lunes por la noche, con intenciones de avanzar en el desarrollo de Inteligencia Artificial en la Argentina y en la recolecci\u00f3n de inversiones.<\/h3>\n<h3>El 1\u00b0 de junio, Milei tiene previsto presenciar el acto de renovaci\u00f3n del mando de Nayin Bukele en El Salvador, quien fue reelecto con el 85% de los votos por sobre Manuel Flores, aspirante del FLMN, y conquist\u00f3 58 de 60 diputados de la Asamblea Legislativa.<\/h3>\n<h3>A pesar de que el salvadore\u00f1o no asisti\u00f3 a la ceremonia de asunci\u00f3n de asunci\u00f3n del libertario, envi\u00f3 a su ministro de Hacienda y Seguridad P\u00fablica, H\u00e9ctor Villatoro.<\/h3>\n<h3>En junio, el jefe de Estado visitar\u00e1 Borgo Egnazia, Italia, para participar de la Cumbre del Grupo de los 7, conformado por Estados Unidos, Alemania, Jap\u00f3n, Canad\u00e1, Francia, Reino Unido e Italia que sesionar\u00e1 entre el 13 y el 15 de junio.<\/h3>\n<h3>Como segunda parada de su vuelta a Europa, y a pesar de la escalada de conflicto con su par de Espa\u00f1a, Pedro S\u00e1nchez, tiene previsto regresar a Madrid a mediados de junio para ser premiado por el Instituto Juan de Mariana.<\/h3>\n<h3>Lo har\u00e1 el 21 del mes, en el marco de la Cena de la Libertad que tendr\u00e1 lugar en el Casino de Madrid, durante la Semana de la Libertad.<\/h3>\n<h3>El \u00faltimo destino ser\u00e1 Hamburgo, Alemania, donde su m\u00e1ximo exponente ser\u00e1 galardonado con la medalla Hayek, que se otorga en referencia al Nobel de econom\u00eda Frederic von Hayek el 22 de junio.<\/h3>\n<p>&nbsp;<\/p>\n<p>&nbsp;<\/p>\n<p>&nbsp;<\/p>\n<p>&nbsp;<\/p>\n<p>&nbsp;<\/p>\n<p>&nbsp;<\/p>\n","protected":false},"excerpt":{"rendered":"<p>El presidente Javier Milei volver\u00e1 esta semana a Estados Unidos por lo que resta de&#8230;<\/p>\n","protected":false},"author":1,"featured_media":16867,"comment_status":"closed","ping_status":"closed","sticky":false,"template":"","format":"standard","meta":{"footnotes":""},"categories":[5],"tags":[],"class_list":["post-16866","post","type-post","status-publish","format-standard","has-post-thumbnail","hentry","category-nacionales-internacionales"],"yoast_head":"<!-- This site is optimized with the Yoast SEO plugin v26.1.1 - https:\/\/yoast.com\/wordpress\/plugins\/seo\/ -->\n<title>MILEI SUMA UN NUEVO VIAJE A ESTADOS UNIDOS Y ASISTIR\u00c1 A LA ASUNCI\u00d3N DE BUKELE EN EL SALVADOR - Apuntes de San Luis<\/title>\n<meta name=\"robots\" content=\"index, follow, max-snippet:-1, max-image-preview:large, max-video-preview:-1\" \/>\n<link rel=\"canonical\" href=\"https:\/\/apuntesdesanluis.com\/index.php\/2024\/05\/27\/milei-suma-un-nuevo-viaje-a-estados-unidos-y-asistira-a-la-asuncion-de-bukele-en-el-salvador\/\" \/>\n<meta property=\"og:locale\" content=\"es_ES\" \/>\n<meta property=\"og:type\" content=\"article\" \/>\n<meta property=\"og:title\" content=\"MILEI SUMA UN NUEVO VIAJE A ESTADOS UNIDOS Y ASISTIR\u00c1 A LA ASUNCI\u00d3N DE BUKELE EN EL SALVADOR - Apuntes de San Luis\" \/>\n<meta property=\"og:description\" content=\"El presidente Javier Milei volver\u00e1 esta semana a Estados Unidos por lo que resta de...\" \/>\n<meta property=\"og:url\" content=\"https:\/\/apuntesdesanluis.com\/index.php\/2024\/05\/27\/milei-suma-un-nuevo-viaje-a-estados-unidos-y-asistira-a-la-asuncion-de-bukele-en-el-salvador\/\" \/>\n<meta property=\"og:site_name\" content=\"Apuntes de San Luis\" \/>\n<meta property=\"article:published_time\" content=\"2024-05-27T11:40:59+00:00\" \/>\n<meta property=\"og:image\" content=\"https:\/\/apuntesdesanluis.com\/wp-content\/uploads\/2024\/05\/milei-11.png\" \/>\n\t<meta property=\"og:image:width\" content=\"700\" \/>\n\t<meta property=\"og:image:height\" content=\"428\" \/>\n\t<meta property=\"og:image:type\" content=\"image\/png\" \/>\n<meta name=\"author\" content=\"apuntesdesanluis.com\" \/>\n<meta name=\"twitter:card\" content=\"summary_large_image\" \/>\n<meta name=\"twitter:label1\" content=\"Escrito por\" \/>\n\t<meta name=\"twitter:data1\" content=\"apuntesdesanluis.com\" \/>\n\t<meta name=\"twitter:label2\" content=\"Tiempo de lectura\" \/>\n\t<meta name=\"twitter:data2\" content=\"3 minutos\" \/>\n<script type=\"application\/ld+json\" class=\"yoast-schema-graph\">{\"@context\":\"https:\/\/schema.org\",\"@graph\":[{\"@type\":\"Article\",\"@id\":\"https:\/\/apuntesdesanluis.com\/index.php\/2024\/05\/27\/milei-suma-un-nuevo-viaje-a-estados-unidos-y-asistira-a-la-asuncion-de-bukele-en-el-salvador\/#article\",\"isPartOf\":{\"@id\":\"https:\/\/apuntesdesanluis.com\/index.php\/2024\/05\/27\/milei-suma-un-nuevo-viaje-a-estados-unidos-y-asistira-a-la-asuncion-de-bukele-en-el-salvador\/\"},\"author\":{\"name\":\"apuntesdesanluis.com\",\"@id\":\"https:\/\/apuntesdesanluis.com\/#\/schema\/person\/b55151d52296fcce64d1a72538a70b90\"},\"headline\":\"MILEI SUMA UN NUEVO VIAJE A ESTADOS UNIDOS Y ASISTIR\u00c1 A LA ASUNCI\u00d3N DE BUKELE EN EL SALVADOR\",\"datePublished\":\"2024-05-27T11:40:59+00:00\",\"mainEntityOfPage\":{\"@id\":\"https:\/\/apuntesdesanluis.com\/index.php\/2024\/05\/27\/milei-suma-un-nuevo-viaje-a-estados-unidos-y-asistira-a-la-asuncion-de-bukele-en-el-salvador\/\"},\"wordCount\":434,\"publisher\":{\"@id\":\"https:\/\/apuntesdesanluis.com\/#\/schema\/person\/b55151d52296fcce64d1a72538a70b90\"},\"image\":{\"@id\":\"https:\/\/apuntesdesanluis.com\/index.php\/2024\/05\/27\/milei-suma-un-nuevo-viaje-a-estados-unidos-y-asistira-a-la-asuncion-de-bukele-en-el-salvador\/#primaryimage\"},\"thumbnailUrl\":\"https:\/\/apuntesdesanluis.com\/wp-content\/uploads\/2024\/05\/milei-11.png\",\"articleSection\":[\"Nacionales\/Internacionales\"],\"inLanguage\":\"es-AR\"},{\"@type\":\"WebPage\",\"@id\":\"https:\/\/apuntesdesanluis.com\/index.php\/2024\/05\/27\/milei-suma-un-nuevo-viaje-a-estados-unidos-y-asistira-a-la-asuncion-de-bukele-en-el-salvador\/\",\"url\":\"https:\/\/apuntesdesanluis.com\/index.php\/2024\/05\/27\/milei-suma-un-nuevo-viaje-a-estados-unidos-y-asistira-a-la-asuncion-de-bukele-en-el-salvador\/\",\"name\":\"MILEI SUMA UN NUEVO VIAJE A ESTADOS UNIDOS Y ASISTIR\u00c1 A LA ASUNCI\u00d3N DE BUKELE EN EL SALVADOR - Apuntes de San Luis\",\"isPartOf\":{\"@id\":\"https:\/\/apuntesdesanluis.com\/#website\"},\"primaryImageOfPage\":{\"@id\":\"https:\/\/apuntesdesanluis.com\/index.php\/2024\/05\/27\/milei-suma-un-nuevo-viaje-a-estados-unidos-y-asistira-a-la-asuncion-de-bukele-en-el-salvador\/#primaryimage\"},\"image\":{\"@id\":\"https:\/\/apuntesdesanluis.com\/index.php\/2024\/05\/27\/milei-suma-un-nuevo-viaje-a-estados-unidos-y-asistira-a-la-asuncion-de-bukele-en-el-salvador\/#primaryimage\"},\"thumbnailUrl\":\"https:\/\/apuntesdesanluis.com\/wp-content\/uploads\/2024\/05\/milei-11.png\",\"datePublished\":\"2024-05-27T11:40:59+00:00\",\"breadcrumb\":{\"@id\":\"https:\/\/apuntesdesanluis.com\/index.php\/2024\/05\/27\/milei-suma-un-nuevo-viaje-a-estados-unidos-y-asistira-a-la-asuncion-de-bukele-en-el-salvador\/#breadcrumb\"},\"inLanguage\":\"es-AR\",\"potentialAction\":[{\"@type\":\"ReadAction\",\"target\":[\"https:\/\/apuntesdesanluis.com\/index.php\/2024\/05\/27\/milei-suma-un-nuevo-viaje-a-estados-unidos-y-asistira-a-la-asuncion-de-bukele-en-el-salvador\/\"]}]},{\"@type\":\"ImageObject\",\"inLanguage\":\"es-AR\",\"@id\":\"https:\/\/apuntesdesanluis.com\/index.php\/2024\/05\/27\/milei-suma-un-nuevo-viaje-a-estados-unidos-y-asistira-a-la-asuncion-de-bukele-en-el-salvador\/#primaryimage\",\"url\":\"https:\/\/apuntesdesanluis.com\/wp-content\/uploads\/2024\/05\/milei-11.png\",\"contentUrl\":\"https:\/\/apuntesdesanluis.com\/wp-content\/uploads\/2024\/05\/milei-11.png\",\"width\":700,\"height\":428},{\"@type\":\"BreadcrumbList\",\"@id\":\"https:\/\/apuntesdesanluis.com\/index.php\/2024\/05\/27\/milei-suma-un-nuevo-viaje-a-estados-unidos-y-asistira-a-la-asuncion-de-bukele-en-el-salvador\/#breadcrumb\",\"itemListElement\":[{\"@type\":\"ListItem\",\"position\":1,\"name\":\"Inicio\",\"item\":\"https:\/\/apuntesdesanluis.com\/\"},{\"@type\":\"ListItem\",\"position\":2,\"name\":\"MILEI SUMA UN NUEVO VIAJE A ESTADOS UNIDOS Y ASISTIR\u00c1 A LA ASUNCI\u00d3N DE BUKELE EN EL SALVADOR\"}]},{\"@type\":\"WebSite\",\"@id\":\"https:\/\/apuntesdesanluis.com\/#website\",\"url\":\"https:\/\/apuntesdesanluis.com\/\",\"name\":\"Apuntes de San Luis\",\"description\":\"\",\"publisher\":{\"@id\":\"https:\/\/apuntesdesanluis.com\/#\/schema\/person\/b55151d52296fcce64d1a72538a70b90\"},\"potentialAction\":[{\"@type\":\"SearchAction\",\"target\":{\"@type\":\"EntryPoint\",\"urlTemplate\":\"https:\/\/apuntesdesanluis.com\/?s={search_term_string}\"},\"query-input\":{\"@type\":\"PropertyValueSpecification\",\"valueRequired\":true,\"valueName\":\"search_term_string\"}}],\"inLanguage\":\"es-AR\"},{\"@type\":[\"Person\",\"Organization\"],\"@id\":\"https:\/\/apuntesdesanluis.com\/#\/schema\/person\/b55151d52296fcce64d1a72538a70b90\",\"name\":\"apuntesdesanluis.com\",\"image\":{\"@type\":\"ImageObject\",\"inLanguage\":\"es-AR\",\"@id\":\"https:\/\/apuntesdesanluis.com\/#\/schema\/person\/image\/\",\"url\":\"https:\/\/apuntesdesanluis.com\/wp-content\/uploads\/2023\/07\/cropped-apuntesdesanluis.png\",\"contentUrl\":\"https:\/\/apuntesdesanluis.com\/wp-content\/uploads\/2023\/07\/cropped-apuntesdesanluis.png\",\"width\":450,\"height\":112,\"caption\":\"apuntesdesanluis.com\"},\"logo\":{\"@id\":\"https:\/\/apuntesdesanluis.com\/#\/schema\/person\/image\/\"},\"sameAs\":[\"https:\/\/apuntesdesanluis.com\"],\"url\":\"https:\/\/apuntesdesanluis.com\/index.php\/author\/apuntesdesanluis-com\/\"}]}<\/script>\n<!-- \/ Yoast SEO plugin. -->","yoast_head_json":{"title":"MILEI SUMA UN NUEVO VIAJE A ESTADOS UNIDOS Y ASISTIR\u00c1 A LA ASUNCI\u00d3N DE BUKELE EN EL SALVADOR - Apuntes de San Luis","robots":{"index":"index","follow":"follow","max-snippet":"max-snippet:-1","max-image-preview":"max-image-preview:large","max-video-preview":"max-video-preview:-1"},"canonical":"https:\/\/apuntesdesanluis.com\/index.php\/2024\/05\/27\/milei-suma-un-nuevo-viaje-a-estados-unidos-y-asistira-a-la-asuncion-de-bukele-en-el-salvador\/","og_locale":"es_ES","og_type":"article","og_title":"MILEI SUMA UN NUEVO VIAJE A ESTADOS UNIDOS Y ASISTIR\u00c1 A LA ASUNCI\u00d3N DE BUKELE EN EL SALVADOR - Apuntes de San Luis","og_description":"El presidente Javier Milei volver\u00e1 esta semana a Estados Unidos por lo que resta de...","og_url":"https:\/\/apuntesdesanluis.com\/index.php\/2024\/05\/27\/milei-suma-un-nuevo-viaje-a-estados-unidos-y-asistira-a-la-asuncion-de-bukele-en-el-salvador\/","og_site_name":"Apuntes de San Luis","article_published_time":"2024-05-27T11:40:59+00:00","og_image":[{"width":700,"height":428,"url":"https:\/\/apuntesdesanluis.com\/wp-content\/uploads\/2024\/05\/milei-11.png","type":"image\/png"}],"author":"apuntesdesanluis.com","twitter_card":"summary_large_image","twitter_misc":{"Escrito por":"apuntesdesanluis.com","Tiempo de lectura":"3 minutos"},"schema":{"@context":"https:\/\/schema.org","@graph":[{"@type":"Article","@id":"https:\/\/apuntesdesanluis.com\/index.php\/2024\/05\/27\/milei-suma-un-nuevo-viaje-a-estados-unidos-y-asistira-a-la-asuncion-de-bukele-en-el-salvador\/#article","isPartOf":{"@id":"https:\/\/apuntesdesanluis.com\/index.php\/2024\/05\/27\/milei-suma-un-nuevo-viaje-a-estados-unidos-y-asistira-a-la-asuncion-de-bukele-en-el-salvador\/"},"author":{"name":"apuntesdesanluis.com","@id":"https:\/\/apuntesdesanluis.com\/#\/schema\/person\/b55151d52296fcce64d1a72538a70b90"},"headline":"MILEI SUMA UN NUEVO VIAJE A ESTADOS UNIDOS Y ASISTIR\u00c1 A LA ASUNCI\u00d3N DE BUKELE EN EL SALVADOR","datePublished":"2024-05-27T11:40:59+00:00","mainEntityOfPage":{"@id":"https:\/\/apuntesdesanluis.com\/index.php\/2024\/05\/27\/milei-suma-un-nuevo-viaje-a-estados-unidos-y-asistira-a-la-asuncion-de-bukele-en-el-salvador\/"},"wordCount":434,"publisher":{"@id":"https:\/\/apuntesdesanluis.com\/#\/schema\/person\/b55151d52296fcce64d1a72538a70b90"},"image":{"@id":"https:\/\/apuntesdesanluis.com\/index.php\/2024\/05\/27\/milei-suma-un-nuevo-viaje-a-estados-unidos-y-asistira-a-la-asuncion-de-bukele-en-el-salvador\/#primaryimage"},"thumbnailUrl":"https:\/\/apuntesdesanluis.com\/wp-content\/uploads\/2024\/05\/milei-11.png","articleSection":["Nacionales\/Internacionales"],"inLanguage":"es-AR"},{"@type":"WebPage","@id":"https:\/\/apuntesdesanluis.com\/index.php\/2024\/05\/27\/milei-suma-un-nuevo-viaje-a-estados-unidos-y-asistira-a-la-asuncion-de-bukele-en-el-salvador\/","url":"https:\/\/apuntesdesanluis.com\/index.php\/2024\/05\/27\/milei-suma-un-nuevo-viaje-a-estados-unidos-y-asistira-a-la-asuncion-de-bukele-en-el-salvador\/","name":"MILEI SUMA UN NUEVO VIAJE A ESTADOS UNIDOS Y ASISTIR\u00c1 A LA ASUNCI\u00d3N DE BUKELE EN EL SALVADOR - Apuntes de San Luis","isPartOf":{"@id":"https:\/\/apuntesdesanluis.com\/#website"},"primaryImageOfPage":{"@id":"https:\/\/apuntesdesanluis.com\/index.php\/2024\/05\/27\/milei-suma-un-nuevo-viaje-a-estados-unidos-y-asistira-a-la-asuncion-de-bukele-en-el-salvador\/#primaryimage"},"image":{"@id":"https:\/\/apuntesdesanluis.com\/index.php\/2024\/05\/27\/milei-suma-un-nuevo-viaje-a-estados-unidos-y-asistira-a-la-asuncion-de-bukele-en-el-salvador\/#primaryimage"},"thumbnailUrl":"https:\/\/apuntesdesanluis.com\/wp-content\/uploads\/2024\/05\/milei-11.png","datePublished":"2024-05-27T11:40:59+00:00","breadcrumb":{"@id":"https:\/\/apuntesdesanluis.com\/index.php\/2024\/05\/27\/milei-suma-un-nuevo-viaje-a-estados-unidos-y-asistira-a-la-asuncion-de-bukele-en-el-salvador\/#breadcrumb"},"inLanguage":"es-AR","potentialAction":[{"@type":"ReadAction","target":["https:\/\/apuntesdesanluis.com\/index.php\/2024\/05\/27\/milei-suma-un-nuevo-viaje-a-estados-unidos-y-asistira-a-la-asuncion-de-bukele-en-el-salvador\/"]}]},{"@type":"ImageObject","inLanguage":"es-AR","@id":"https:\/\/apuntesdesanluis.com\/index.php\/2024\/05\/27\/milei-suma-un-nuevo-viaje-a-estados-unidos-y-asistira-a-la-asuncion-de-bukele-en-el-salvador\/#primaryimage","url":"https:\/\/apuntesdesanluis.com\/wp-content\/uploads\/2024\/05\/milei-11.png","contentUrl":"https:\/\/apuntesdesanluis.com\/wp-content\/uploads\/2024\/05\/milei-11.png","width":700,"height":428},{"@type":"BreadcrumbList","@id":"https:\/\/apuntesdesanluis.com\/index.php\/2024\/05\/27\/milei-suma-un-nuevo-viaje-a-estados-unidos-y-asistira-a-la-asuncion-de-bukele-en-el-salvador\/#breadcrumb","itemListElement":[{"@type":"ListItem","position":1,"name":"Inicio","item":"https:\/\/apuntesdesanluis.com\/"},{"@type":"ListItem","position":2,"name":"MILEI SUMA UN NUEVO VIAJE A ESTADOS UNIDOS Y ASISTIR\u00c1 A LA ASUNCI\u00d3N DE BUKELE EN EL SALVADOR"}]},{"@type":"WebSite","@id":"https:\/\/apuntesdesanluis.com\/#website","url":"https:\/\/apuntesdesanluis.com\/","name":"Apuntes de San Luis","description":"","publisher":{"@id":"https:\/\/apuntesdesanluis.com\/#\/schema\/person\/b55151d52296fcce64d1a72538a70b90"},"potentialAction":[{"@type":"SearchAction","target":{"@type":"EntryPoint","urlTemplate":"https:\/\/apuntesdesanluis.com\/?s={search_term_string}"},"query-input":{"@type":"PropertyValueSpecification","valueRequired":true,"valueName":"search_term_string"}}],"inLanguage":"es-AR"},{"@type":["Person","Organization"],"@id":"https:\/\/apuntesdesanluis.com\/#\/schema\/person\/b55151d52296fcce64d1a72538a70b90","name":"apuntesdesanluis.com","image":{"@type":"ImageObject","inLanguage":"es-AR","@id":"https:\/\/apuntesdesanluis.com\/#\/schema\/person\/image\/","url":"https:\/\/apuntesdesanluis.com\/wp-content\/uploads\/2023\/07\/cropped-apuntesdesanluis.png","contentUrl":"https:\/\/apuntesdesanluis.com\/wp-content\/uploads\/2023\/07\/cropped-apuntesdesanluis.png","width":450,"height":112,"caption":"apuntesdesanluis.com"},"logo":{"@id":"https:\/\/apuntesdesanluis.com\/#\/schema\/person\/image\/"},"sameAs":["https:\/\/apuntesdesanluis.com"],"url":"https:\/\/apuntesdesanluis.com\/index.php\/author\/apuntesdesanluis-com\/"}]}},"featured_image_urls":{"full":["https:\/\/apuntesdesanluis.com\/wp-content\/uploads\/2024\/05\/milei-11.png",700,428,false],"thumbnail":["https:\/\/apuntesdesanluis.com\/wp-content\/uploads\/2024\/05\/milei-11-150x150.png",150,150,true],"medium":["https:\/\/apuntesdesanluis.com\/wp-content\/uploads\/2024\/05\/milei-11-300x183.png",300,183,true],"medium_large":["https:\/\/apuntesdesanluis.com\/wp-content\/uploads\/2024\/05\/milei-11.png",640,391,false],"large":["https:\/\/apuntesdesanluis.com\/wp-content\/uploads\/2024\/05\/milei-11.png",640,391,false],"1536x1536":["https:\/\/apuntesdesanluis.com\/wp-content\/uploads\/2024\/05\/milei-11.png",700,428,false],"2048x2048":["https:\/\/apuntesdesanluis.com\/wp-content\/uploads\/2024\/05\/milei-11.png",700,428,false],"newsever-slider-full":["https:\/\/apuntesdesanluis.com\/wp-content\/uploads\/2024\/05\/milei-11.png",700,428,false],"newsever-featured":["https:\/\/apuntesdesanluis.com\/wp-content\/uploads\/2024\/05\/milei-11.png",700,428,false],"newsever-medium":["https:\/\/apuntesdesanluis.com\/wp-content\/uploads\/2024\/05\/milei-11.png",700,428,false]},"author_info":{"display_name":"apuntesdesanluis.com","author_link":"https:\/\/apuntesdesanluis.com\/index.php\/author\/apuntesdesanluis-com\/"},"category_info":"<a href=\"https:\/\/apuntesdesanluis.com\/index.php\/category\/nacionales-internacionales\/\" rel=\"category tag\">Nacionales\/Internacionales<\/a>","tag_info":"Nacionales\/Internacionales","comment_count":"0","_links":{"self":[{"href":"https:\/\/apuntesdesanluis.com\/index.php\/wp-json\/wp\/v2\/posts\/16866","targetHints":{"allow":["GET"]}}],"collection":[{"href":"https:\/\/apuntesdesanluis.com\/index.php\/wp-json\/wp\/v2\/posts"}],"about":[{"href":"https:\/\/apuntesdesanluis.com\/index.php\/wp-json\/wp\/v2\/types\/post"}],"author":[{"embeddable":true,"href":"https:\/\/apuntesdesanluis.com\/index.php\/wp-json\/wp\/v2\/users\/1"}],"replies":[{"embeddable":true,"href":"https:\/\/apuntesdesanluis.com\/index.php\/wp-json\/wp\/v2\/comments?post=16866"}],"version-history":[{"count":1,"href":"https:\/\/apuntesdesanluis.com\/index.php\/wp-json\/wp\/v2\/posts\/16866\/revisions"}],"predecessor-version":[{"id":16868,"href":"https:\/\/apuntesdesanluis.com\/index.php\/wp-json\/wp\/v2\/posts\/16866\/revisions\/16868"}],"wp:featuredmedia":[{"embeddable":true,"href":"https:\/\/apuntesdesanluis.com\/index.php\/wp-json\/wp\/v2\/media\/16867"}],"wp:attachment":[{"href":"https:\/\/apuntesdesanluis.com\/index.php\/wp-json\/wp\/v2\/media?parent=16866"}],"wp:term":[{"taxonomy":"category","embeddable":true,"href":"https:\/\/apuntesdesanluis.com\/index.php\/wp-json\/wp\/v2\/categories?post=16866"},{"taxonomy":"post_tag","embeddable":true,"href":"https:\/\/apuntesdesanluis.com\/index.php\/wp-json\/wp\/v2\/tags?post=16866"}],"curies":[{"name":"wp","href":"https:\/\/api.w.org\/{rel}","templated":true}]}}