{"id":16898,"date":"2024-05-27T14:55:30","date_gmt":"2024-05-27T17:55:30","guid":{"rendered":"https:\/\/apuntesdesanluis.com\/?p=16898"},"modified":"2024-05-27T13:16:30","modified_gmt":"2024-05-27T16:16:30","slug":"prorrogan-detencion-del-acusado-de-matricidio-en-villa-mercedes","status":"publish","type":"post","link":"https:\/\/apuntesdesanluis.com\/index.php\/2024\/05\/27\/prorrogan-detencion-del-acusado-de-matricidio-en-villa-mercedes\/","title":{"rendered":"PRORROGAN DETENCI\u00d3N DEL ACUSADO DE MATRICIDIO EN VILLA MERCEDES"},"content":{"rendered":"<h3>El imputado continuar\u00e1 con prisi\u00f3n preventiva en el Servicio Penitenciario Provincial. Adem\u00e1s se orden\u00f3 la realizaci\u00f3n de una nueva pericia.<\/h3>\n<h3>El viernes pasado, en el Juzgado de Garant\u00eda N\u00ba 4 de la Segunda Circunscripci\u00f3n Judicial, se desarroll\u00f3 una audiencia donde el Dr. Santiago Ortiz dispuso la pr\u00f3rroga de la prisi\u00f3n preventiva del imputado, en marco de la causa donde se investiga el homicidio de <strong>Marta Magall\u00e1n<\/strong>, ocurrido el pasado 29 de enero en Villa Mercedes.<\/h3>\n<h3>Asimismo, el magistrado dispuso la realizaci\u00f3n de una prueba de ADN.<\/h3>\n<p><img fetchpriority=\"high\" decoding=\"async\" class=\"wp-image-16900 aligncenter\" src=\"https:\/\/apuntesdesanluis.com\/wp-content\/uploads\/2024\/05\/dETENIDO-1-300x244.png\" alt=\"\" width=\"556\" height=\"452\" srcset=\"https:\/\/apuntesdesanluis.com\/wp-content\/uploads\/2024\/05\/dETENIDO-1-300x244.png 300w, https:\/\/apuntesdesanluis.com\/wp-content\/uploads\/2024\/05\/dETENIDO-1.png 600w\" sizes=\"(max-width: 556px) 100vw, 556px\" \/><\/p>\n<h3>Cedida la palabra al Ministerio P\u00fablico Fiscal \u2013 representado por el Dr. Jos\u00e9 Olgu\u00edn y por la Dra. Andrea Court -, el Fiscal de Instrucci\u00f3n manifest\u00f3 que Fiscal\u00eda de C\u00e1mara solicit\u00f3 como prueba fundamental la determinaci\u00f3n del hallazgo de material gen\u00e9tico para poder resolver la causa.<\/h3>\n<h3>Asimismo, Fiscal\u00eda solicit\u00f3 la pr\u00f3rroga de la prisi\u00f3n preventiva del imputado por el plazo de 60 d\u00edas, pedido que fue rechazado por la Defensa, representada por las Dras. Cecilia Mithiaux y Noelia P\u00e1ez.<\/h3>\n<h3>Luego de escuchar a las partes, el Dr. Santiago Ortiz dispuso la realizaci\u00f3n de la extracci\u00f3n de la muestra de ADN en los t\u00e9rminos solicitados por Fiscal\u00eda e hizo lugar al pedido de pr\u00f3rroga de detenci\u00f3n, ordenando el traslado del imputado al Servicio Penitenciario Provincial.<\/h3>\n<h3>Marta Magall\u00e1n fue hallada sin vida en su domicilio del Barrio Santa Rita de Casia en Villa Mercedes. Seg\u00fan el relato efectuado por el Ministerio P\u00fablico Fiscal en la audiencia de formulaci\u00f3n de cargos, el hecho se produjo el pasado 29 de enero, cuando el imputado \u2013 hijo de la v\u00edctima \u2013\u00a0\u00a0 le habr\u00eda quitado la vida ejerciendo violencia f\u00edsica y maniobras de compresi\u00f3n en el cuello, provocando la fractura del mismo y el consecuente edema pulmonar que le caus\u00f3 la muerte.<\/h3>\n<h3>Para obtener m\u00e1s informaci\u00f3n sobre este caso ingrese al siguiente enlace: <a href=\"https:\/\/www.periodicojudicial.gov.ar\/prision-preventiva-para-un-hombre-imputado-por-el-presunto-homicidio-de-su-madre\/\">https:\/\/www.periodicojudicial.gov.ar\/prision-preventiva-para-un-hombre-imputado-por-el-presunto-homicidio-de-su-madre\/<\/a><\/h3>\n<p>&nbsp;<\/p>\n<p>&nbsp;<\/p>\n<p>&nbsp;<\/p>\n<p>&nbsp;<\/p>\n<p>&nbsp;<\/p>\n<p>&nbsp;<\/p>\n","protected":false},"excerpt":{"rendered":"<p>El imputado continuar\u00e1 con prisi\u00f3n preventiva en el Servicio Penitenciario Provincial. Adem\u00e1s se orden\u00f3 la&#8230;<\/p>\n","protected":false},"author":1,"featured_media":16899,"comment_status":"closed","ping_status":"closed","sticky":false,"template":"","format":"standard","meta":{"footnotes":""},"categories":[6],"tags":[],"class_list":["post-16898","post","type-post","status-publish","format-standard","has-post-thumbnail","hentry","category-ciudad-provincia"],"yoast_head":"<!-- This site is optimized with the Yoast SEO plugin v26.1.1 - https:\/\/yoast.com\/wordpress\/plugins\/seo\/ -->\n<title>PRORROGAN DETENCI\u00d3N DEL ACUSADO DE MATRICIDIO EN VILLA MERCEDES - Apuntes de San Luis<\/title>\n<meta name=\"robots\" content=\"index, follow, max-snippet:-1, max-image-preview:large, max-video-preview:-1\" \/>\n<link rel=\"canonical\" href=\"https:\/\/apuntesdesanluis.com\/index.php\/2024\/05\/27\/prorrogan-detencion-del-acusado-de-matricidio-en-villa-mercedes\/\" \/>\n<meta property=\"og:locale\" content=\"es_ES\" \/>\n<meta property=\"og:type\" content=\"article\" \/>\n<meta property=\"og:title\" content=\"PRORROGAN DETENCI\u00d3N DEL ACUSADO DE MATRICIDIO EN VILLA MERCEDES - Apuntes de San Luis\" \/>\n<meta property=\"og:description\" content=\"El imputado continuar\u00e1 con prisi\u00f3n preventiva en el Servicio Penitenciario Provincial. Adem\u00e1s se orden\u00f3 la...\" \/>\n<meta property=\"og:url\" content=\"https:\/\/apuntesdesanluis.com\/index.php\/2024\/05\/27\/prorrogan-detencion-del-acusado-de-matricidio-en-villa-mercedes\/\" \/>\n<meta property=\"og:site_name\" content=\"Apuntes de San Luis\" \/>\n<meta property=\"article:published_time\" content=\"2024-05-27T17:55:30+00:00\" \/>\n<meta property=\"og:image\" content=\"https:\/\/apuntesdesanluis.com\/wp-content\/uploads\/2024\/05\/MAGALLAN.png\" \/>\n\t<meta property=\"og:image:width\" content=\"600\" \/>\n\t<meta property=\"og:image:height\" content=\"337\" \/>\n\t<meta property=\"og:image:type\" content=\"image\/png\" \/>\n<meta name=\"author\" content=\"apuntesdesanluis.com\" \/>\n<meta name=\"twitter:card\" content=\"summary_large_image\" \/>\n<meta name=\"twitter:label1\" content=\"Escrito por\" \/>\n\t<meta name=\"twitter:data1\" content=\"apuntesdesanluis.com\" \/>\n\t<meta name=\"twitter:label2\" content=\"Tiempo de lectura\" \/>\n\t<meta name=\"twitter:data2\" content=\"2 minutos\" \/>\n<script type=\"application\/ld+json\" class=\"yoast-schema-graph\">{\"@context\":\"https:\/\/schema.org\",\"@graph\":[{\"@type\":\"Article\",\"@id\":\"https:\/\/apuntesdesanluis.com\/index.php\/2024\/05\/27\/prorrogan-detencion-del-acusado-de-matricidio-en-villa-mercedes\/#article\",\"isPartOf\":{\"@id\":\"https:\/\/apuntesdesanluis.com\/index.php\/2024\/05\/27\/prorrogan-detencion-del-acusado-de-matricidio-en-villa-mercedes\/\"},\"author\":{\"name\":\"apuntesdesanluis.com\",\"@id\":\"https:\/\/apuntesdesanluis.com\/#\/schema\/person\/b55151d52296fcce64d1a72538a70b90\"},\"headline\":\"PRORROGAN DETENCI\u00d3N DEL ACUSADO DE MATRICIDIO EN VILLA MERCEDES\",\"datePublished\":\"2024-05-27T17:55:30+00:00\",\"mainEntityOfPage\":{\"@id\":\"https:\/\/apuntesdesanluis.com\/index.php\/2024\/05\/27\/prorrogan-detencion-del-acusado-de-matricidio-en-villa-mercedes\/\"},\"wordCount\":355,\"publisher\":{\"@id\":\"https:\/\/apuntesdesanluis.com\/#\/schema\/person\/b55151d52296fcce64d1a72538a70b90\"},\"image\":{\"@id\":\"https:\/\/apuntesdesanluis.com\/index.php\/2024\/05\/27\/prorrogan-detencion-del-acusado-de-matricidio-en-villa-mercedes\/#primaryimage\"},\"thumbnailUrl\":\"https:\/\/apuntesdesanluis.com\/wp-content\/uploads\/2024\/05\/MAGALLAN.png\",\"articleSection\":[\"Ciudad\/Provincia\"],\"inLanguage\":\"es-AR\"},{\"@type\":\"WebPage\",\"@id\":\"https:\/\/apuntesdesanluis.com\/index.php\/2024\/05\/27\/prorrogan-detencion-del-acusado-de-matricidio-en-villa-mercedes\/\",\"url\":\"https:\/\/apuntesdesanluis.com\/index.php\/2024\/05\/27\/prorrogan-detencion-del-acusado-de-matricidio-en-villa-mercedes\/\",\"name\":\"PRORROGAN DETENCI\u00d3N DEL ACUSADO DE MATRICIDIO EN VILLA MERCEDES - Apuntes de San Luis\",\"isPartOf\":{\"@id\":\"https:\/\/apuntesdesanluis.com\/#website\"},\"primaryImageOfPage\":{\"@id\":\"https:\/\/apuntesdesanluis.com\/index.php\/2024\/05\/27\/prorrogan-detencion-del-acusado-de-matricidio-en-villa-mercedes\/#primaryimage\"},\"image\":{\"@id\":\"https:\/\/apuntesdesanluis.com\/index.php\/2024\/05\/27\/prorrogan-detencion-del-acusado-de-matricidio-en-villa-mercedes\/#primaryimage\"},\"thumbnailUrl\":\"https:\/\/apuntesdesanluis.com\/wp-content\/uploads\/2024\/05\/MAGALLAN.png\",\"datePublished\":\"2024-05-27T17:55:30+00:00\",\"breadcrumb\":{\"@id\":\"https:\/\/apuntesdesanluis.com\/index.php\/2024\/05\/27\/prorrogan-detencion-del-acusado-de-matricidio-en-villa-mercedes\/#breadcrumb\"},\"inLanguage\":\"es-AR\",\"potentialAction\":[{\"@type\":\"ReadAction\",\"target\":[\"https:\/\/apuntesdesanluis.com\/index.php\/2024\/05\/27\/prorrogan-detencion-del-acusado-de-matricidio-en-villa-mercedes\/\"]}]},{\"@type\":\"ImageObject\",\"inLanguage\":\"es-AR\",\"@id\":\"https:\/\/apuntesdesanluis.com\/index.php\/2024\/05\/27\/prorrogan-detencion-del-acusado-de-matricidio-en-villa-mercedes\/#primaryimage\",\"url\":\"https:\/\/apuntesdesanluis.com\/wp-content\/uploads\/2024\/05\/MAGALLAN.png\",\"contentUrl\":\"https:\/\/apuntesdesanluis.com\/wp-content\/uploads\/2024\/05\/MAGALLAN.png\",\"width\":600,\"height\":337},{\"@type\":\"BreadcrumbList\",\"@id\":\"https:\/\/apuntesdesanluis.com\/index.php\/2024\/05\/27\/prorrogan-detencion-del-acusado-de-matricidio-en-villa-mercedes\/#breadcrumb\",\"itemListElement\":[{\"@type\":\"ListItem\",\"position\":1,\"name\":\"Inicio\",\"item\":\"https:\/\/apuntesdesanluis.com\/\"},{\"@type\":\"ListItem\",\"position\":2,\"name\":\"PRORROGAN DETENCI\u00d3N DEL ACUSADO DE MATRICIDIO EN VILLA MERCEDES\"}]},{\"@type\":\"WebSite\",\"@id\":\"https:\/\/apuntesdesanluis.com\/#website\",\"url\":\"https:\/\/apuntesdesanluis.com\/\",\"name\":\"Apuntes de San Luis\",\"description\":\"\",\"publisher\":{\"@id\":\"https:\/\/apuntesdesanluis.com\/#\/schema\/person\/b55151d52296fcce64d1a72538a70b90\"},\"potentialAction\":[{\"@type\":\"SearchAction\",\"target\":{\"@type\":\"EntryPoint\",\"urlTemplate\":\"https:\/\/apuntesdesanluis.com\/?s={search_term_string}\"},\"query-input\":{\"@type\":\"PropertyValueSpecification\",\"valueRequired\":true,\"valueName\":\"search_term_string\"}}],\"inLanguage\":\"es-AR\"},{\"@type\":[\"Person\",\"Organization\"],\"@id\":\"https:\/\/apuntesdesanluis.com\/#\/schema\/person\/b55151d52296fcce64d1a72538a70b90\",\"name\":\"apuntesdesanluis.com\",\"image\":{\"@type\":\"ImageObject\",\"inLanguage\":\"es-AR\",\"@id\":\"https:\/\/apuntesdesanluis.com\/#\/schema\/person\/image\/\",\"url\":\"https:\/\/apuntesdesanluis.com\/wp-content\/uploads\/2023\/07\/cropped-apuntesdesanluis.png\",\"contentUrl\":\"https:\/\/apuntesdesanluis.com\/wp-content\/uploads\/2023\/07\/cropped-apuntesdesanluis.png\",\"width\":450,\"height\":112,\"caption\":\"apuntesdesanluis.com\"},\"logo\":{\"@id\":\"https:\/\/apuntesdesanluis.com\/#\/schema\/person\/image\/\"},\"sameAs\":[\"https:\/\/apuntesdesanluis.com\"],\"url\":\"https:\/\/apuntesdesanluis.com\/index.php\/author\/apuntesdesanluis-com\/\"}]}<\/script>\n<!-- \/ Yoast SEO plugin. -->","yoast_head_json":{"title":"PRORROGAN DETENCI\u00d3N DEL ACUSADO DE MATRICIDIO EN VILLA MERCEDES - Apuntes de San Luis","robots":{"index":"index","follow":"follow","max-snippet":"max-snippet:-1","max-image-preview":"max-image-preview:large","max-video-preview":"max-video-preview:-1"},"canonical":"https:\/\/apuntesdesanluis.com\/index.php\/2024\/05\/27\/prorrogan-detencion-del-acusado-de-matricidio-en-villa-mercedes\/","og_locale":"es_ES","og_type":"article","og_title":"PRORROGAN DETENCI\u00d3N DEL ACUSADO DE MATRICIDIO EN VILLA MERCEDES - Apuntes de San Luis","og_description":"El imputado continuar\u00e1 con prisi\u00f3n preventiva en el Servicio Penitenciario Provincial. Adem\u00e1s se orden\u00f3 la...","og_url":"https:\/\/apuntesdesanluis.com\/index.php\/2024\/05\/27\/prorrogan-detencion-del-acusado-de-matricidio-en-villa-mercedes\/","og_site_name":"Apuntes de San Luis","article_published_time":"2024-05-27T17:55:30+00:00","og_image":[{"width":600,"height":337,"url":"https:\/\/apuntesdesanluis.com\/wp-content\/uploads\/2024\/05\/MAGALLAN.png","type":"image\/png"}],"author":"apuntesdesanluis.com","twitter_card":"summary_large_image","twitter_misc":{"Escrito por":"apuntesdesanluis.com","Tiempo de lectura":"2 minutos"},"schema":{"@context":"https:\/\/schema.org","@graph":[{"@type":"Article","@id":"https:\/\/apuntesdesanluis.com\/index.php\/2024\/05\/27\/prorrogan-detencion-del-acusado-de-matricidio-en-villa-mercedes\/#article","isPartOf":{"@id":"https:\/\/apuntesdesanluis.com\/index.php\/2024\/05\/27\/prorrogan-detencion-del-acusado-de-matricidio-en-villa-mercedes\/"},"author":{"name":"apuntesdesanluis.com","@id":"https:\/\/apuntesdesanluis.com\/#\/schema\/person\/b55151d52296fcce64d1a72538a70b90"},"headline":"PRORROGAN DETENCI\u00d3N DEL ACUSADO DE MATRICIDIO EN VILLA MERCEDES","datePublished":"2024-05-27T17:55:30+00:00","mainEntityOfPage":{"@id":"https:\/\/apuntesdesanluis.com\/index.php\/2024\/05\/27\/prorrogan-detencion-del-acusado-de-matricidio-en-villa-mercedes\/"},"wordCount":355,"publisher":{"@id":"https:\/\/apuntesdesanluis.com\/#\/schema\/person\/b55151d52296fcce64d1a72538a70b90"},"image":{"@id":"https:\/\/apuntesdesanluis.com\/index.php\/2024\/05\/27\/prorrogan-detencion-del-acusado-de-matricidio-en-villa-mercedes\/#primaryimage"},"thumbnailUrl":"https:\/\/apuntesdesanluis.com\/wp-content\/uploads\/2024\/05\/MAGALLAN.png","articleSection":["Ciudad\/Provincia"],"inLanguage":"es-AR"},{"@type":"WebPage","@id":"https:\/\/apuntesdesanluis.com\/index.php\/2024\/05\/27\/prorrogan-detencion-del-acusado-de-matricidio-en-villa-mercedes\/","url":"https:\/\/apuntesdesanluis.com\/index.php\/2024\/05\/27\/prorrogan-detencion-del-acusado-de-matricidio-en-villa-mercedes\/","name":"PRORROGAN DETENCI\u00d3N DEL ACUSADO DE MATRICIDIO EN VILLA MERCEDES - Apuntes de San Luis","isPartOf":{"@id":"https:\/\/apuntesdesanluis.com\/#website"},"primaryImageOfPage":{"@id":"https:\/\/apuntesdesanluis.com\/index.php\/2024\/05\/27\/prorrogan-detencion-del-acusado-de-matricidio-en-villa-mercedes\/#primaryimage"},"image":{"@id":"https:\/\/apuntesdesanluis.com\/index.php\/2024\/05\/27\/prorrogan-detencion-del-acusado-de-matricidio-en-villa-mercedes\/#primaryimage"},"thumbnailUrl":"https:\/\/apuntesdesanluis.com\/wp-content\/uploads\/2024\/05\/MAGALLAN.png","datePublished":"2024-05-27T17:55:30+00:00","breadcrumb":{"@id":"https:\/\/apuntesdesanluis.com\/index.php\/2024\/05\/27\/prorrogan-detencion-del-acusado-de-matricidio-en-villa-mercedes\/#breadcrumb"},"inLanguage":"es-AR","potentialAction":[{"@type":"ReadAction","target":["https:\/\/apuntesdesanluis.com\/index.php\/2024\/05\/27\/prorrogan-detencion-del-acusado-de-matricidio-en-villa-mercedes\/"]}]},{"@type":"ImageObject","inLanguage":"es-AR","@id":"https:\/\/apuntesdesanluis.com\/index.php\/2024\/05\/27\/prorrogan-detencion-del-acusado-de-matricidio-en-villa-mercedes\/#primaryimage","url":"https:\/\/apuntesdesanluis.com\/wp-content\/uploads\/2024\/05\/MAGALLAN.png","contentUrl":"https:\/\/apuntesdesanluis.com\/wp-content\/uploads\/2024\/05\/MAGALLAN.png","width":600,"height":337},{"@type":"BreadcrumbList","@id":"https:\/\/apuntesdesanluis.com\/index.php\/2024\/05\/27\/prorrogan-detencion-del-acusado-de-matricidio-en-villa-mercedes\/#breadcrumb","itemListElement":[{"@type":"ListItem","position":1,"name":"Inicio","item":"https:\/\/apuntesdesanluis.com\/"},{"@type":"ListItem","position":2,"name":"PRORROGAN DETENCI\u00d3N DEL ACUSADO DE MATRICIDIO EN VILLA MERCEDES"}]},{"@type":"WebSite","@id":"https:\/\/apuntesdesanluis.com\/#website","url":"https:\/\/apuntesdesanluis.com\/","name":"Apuntes de San Luis","description":"","publisher":{"@id":"https:\/\/apuntesdesanluis.com\/#\/schema\/person\/b55151d52296fcce64d1a72538a70b90"},"potentialAction":[{"@type":"SearchAction","target":{"@type":"EntryPoint","urlTemplate":"https:\/\/apuntesdesanluis.com\/?s={search_term_string}"},"query-input":{"@type":"PropertyValueSpecification","valueRequired":true,"valueName":"search_term_string"}}],"inLanguage":"es-AR"},{"@type":["Person","Organization"],"@id":"https:\/\/apuntesdesanluis.com\/#\/schema\/person\/b55151d52296fcce64d1a72538a70b90","name":"apuntesdesanluis.com","image":{"@type":"ImageObject","inLanguage":"es-AR","@id":"https:\/\/apuntesdesanluis.com\/#\/schema\/person\/image\/","url":"https:\/\/apuntesdesanluis.com\/wp-content\/uploads\/2023\/07\/cropped-apuntesdesanluis.png","contentUrl":"https:\/\/apuntesdesanluis.com\/wp-content\/uploads\/2023\/07\/cropped-apuntesdesanluis.png","width":450,"height":112,"caption":"apuntesdesanluis.com"},"logo":{"@id":"https:\/\/apuntesdesanluis.com\/#\/schema\/person\/image\/"},"sameAs":["https:\/\/apuntesdesanluis.com"],"url":"https:\/\/apuntesdesanluis.com\/index.php\/author\/apuntesdesanluis-com\/"}]}},"featured_image_urls":{"full":["https:\/\/apuntesdesanluis.com\/wp-content\/uploads\/2024\/05\/MAGALLAN.png",600,337,false],"thumbnail":["https:\/\/apuntesdesanluis.com\/wp-content\/uploads\/2024\/05\/MAGALLAN-150x150.png",150,150,true],"medium":["https:\/\/apuntesdesanluis.com\/wp-content\/uploads\/2024\/05\/MAGALLAN-300x169.png",300,169,true],"medium_large":["https:\/\/apuntesdesanluis.com\/wp-content\/uploads\/2024\/05\/MAGALLAN.png",600,337,false],"large":["https:\/\/apuntesdesanluis.com\/wp-content\/uploads\/2024\/05\/MAGALLAN.png",600,337,false],"1536x1536":["https:\/\/apuntesdesanluis.com\/wp-content\/uploads\/2024\/05\/MAGALLAN.png",600,337,false],"2048x2048":["https:\/\/apuntesdesanluis.com\/wp-content\/uploads\/2024\/05\/MAGALLAN.png",600,337,false],"newsever-slider-full":["https:\/\/apuntesdesanluis.com\/wp-content\/uploads\/2024\/05\/MAGALLAN.png",600,337,false],"newsever-featured":["https:\/\/apuntesdesanluis.com\/wp-content\/uploads\/2024\/05\/MAGALLAN.png",600,337,false],"newsever-medium":["https:\/\/apuntesdesanluis.com\/wp-content\/uploads\/2024\/05\/MAGALLAN.png",600,337,false]},"author_info":{"display_name":"apuntesdesanluis.com","author_link":"https:\/\/apuntesdesanluis.com\/index.php\/author\/apuntesdesanluis-com\/"},"category_info":"<a href=\"https:\/\/apuntesdesanluis.com\/index.php\/category\/ciudad-provincia\/\" rel=\"category tag\">Ciudad\/Provincia<\/a>","tag_info":"Ciudad\/Provincia","comment_count":"0","_links":{"self":[{"href":"https:\/\/apuntesdesanluis.com\/index.php\/wp-json\/wp\/v2\/posts\/16898","targetHints":{"allow":["GET"]}}],"collection":[{"href":"https:\/\/apuntesdesanluis.com\/index.php\/wp-json\/wp\/v2\/posts"}],"about":[{"href":"https:\/\/apuntesdesanluis.com\/index.php\/wp-json\/wp\/v2\/types\/post"}],"author":[{"embeddable":true,"href":"https:\/\/apuntesdesanluis.com\/index.php\/wp-json\/wp\/v2\/users\/1"}],"replies":[{"embeddable":true,"href":"https:\/\/apuntesdesanluis.com\/index.php\/wp-json\/wp\/v2\/comments?post=16898"}],"version-history":[{"count":1,"href":"https:\/\/apuntesdesanluis.com\/index.php\/wp-json\/wp\/v2\/posts\/16898\/revisions"}],"predecessor-version":[{"id":16901,"href":"https:\/\/apuntesdesanluis.com\/index.php\/wp-json\/wp\/v2\/posts\/16898\/revisions\/16901"}],"wp:featuredmedia":[{"embeddable":true,"href":"https:\/\/apuntesdesanluis.com\/index.php\/wp-json\/wp\/v2\/media\/16899"}],"wp:attachment":[{"href":"https:\/\/apuntesdesanluis.com\/index.php\/wp-json\/wp\/v2\/media?parent=16898"}],"wp:term":[{"taxonomy":"category","embeddable":true,"href":"https:\/\/apuntesdesanluis.com\/index.php\/wp-json\/wp\/v2\/categories?post=16898"},{"taxonomy":"post_tag","embeddable":true,"href":"https:\/\/apuntesdesanluis.com\/index.php\/wp-json\/wp\/v2\/tags?post=16898"}],"curies":[{"name":"wp","href":"https:\/\/api.w.org\/{rel}","templated":true}]}}