{"id":16917,"date":"2024-05-27T20:00:00","date_gmt":"2024-05-27T23:00:00","guid":{"rendered":"https:\/\/apuntesdesanluis.com\/?p=16917"},"modified":"2024-05-27T20:00:00","modified_gmt":"2024-05-27T23:00:00","slug":"la-confianza-en-milei-es-menor-que-la-que-tenian-fernandez-y-macri-en-los-primeros-meses-de-gobierno","status":"publish","type":"post","link":"https:\/\/apuntesdesanluis.com\/index.php\/2024\/05\/27\/la-confianza-en-milei-es-menor-que-la-que-tenian-fernandez-y-macri-en-los-primeros-meses-de-gobierno\/","title":{"rendered":"LA CONFIANZA EN MILEI ES MENOR QUE LA QUE TEN\u00cdAN FERN\u00c1NDEZ Y MACRI EN LOS PRIMEROS MESES DE GOBIERNO"},"content":{"rendered":"<h3>Un estudio de la Escuela de Gobierno de la <strong>Universidad Torcuato Di Tella<\/strong> (UTDT) concluy\u00f3 que el \u00cdndice de Confianza en el Gobierno (ICG) de <strong>Javier Milei<\/strong> aument\u00f3 en mayo con 2,51 puntos, luego de tener cuatro meses consecutivos en ca\u00edda.<\/h3>\n<h3>Sin embargo, contin\u00faa siendo menor que cuando asumi\u00f3 el pasado diciembre, siendo que en ese entonces se ubicaba en 2,86 puntos.<\/h3>\n<h3>Los datos se desprenden del informe publicado por la UTDT, a partir de una encuesta realizada por Poliarqu\u00eda Consultores. El sondeo se realiz\u00f3 de manera telef\u00f3nica entre el 3 y 14 de mayo a 1.002 ciudadanos mayores de 18 a\u00f1os, residentes en ciudades de m\u00e1s de 10.000 habitantes. El error est\u00e1ndar para el total de la muestra es de +\/- 0,062% y el intervalo de confianza es del 95%. El ICG se mide en una escala de 0 a 5.<\/h3>\n<h3>&#8220;El ICG de mayo fue de 2,51 puntos, con un crecimiento de 2,7% respecto a abril de 2024. En t\u00e9rminos interanuales el \u00edndice tuvo una variaci\u00f3n positiva de 122,03%. El nivel de confianza actual es 4,1% menor al de la medici\u00f3n de mayo 2016 al comienzo del gobierno de Mauricio Macri, y 16,2% menor al de la medici\u00f3n de mayo 2020, al comienzo de la gesti\u00f3n de Alberto Fern\u00e1ndez&#8221;, explica el estudio.<\/h3>\n<h3>En esa l\u00ednea, indica que, en cuanto a per\u00edodos iniciales de mandatos, &#8220;el ICG actual presenta mayores niveles de estabilidad en el intervalo desde los inicios de gobierno hasta mayo&#8221;, siendo que la diferencia entre el valor m\u00e1ximo y m\u00ednimo de confianza desde diciembre de 2023 hasta mayo de 2024 es de 0,41 puntos.<\/h3>\n<h3>Compar\u00e1ndolo con las gestiones anteriores, Macri tuvo una diferencia en los valores de 0,52 puntos, mientras que en el caso de Fern\u00e1ndez fue de 1,07 puntos. &#8220;Esto quiere decir que el ICG mantiene una menor sensibilidad de cambio mensual respecto de los 2 per\u00edodos de inicio de gobierno que lo preceden, con una diferencia m\u00e1s peque\u00f1a con respecto al rango de Macri&#8221;, a\u00f1ade la universidad.<\/h3>\n<h3>En el desglose por componentes, la variaci\u00f3n del ICG de mayo respecto de abril fue positiva en cada uno de ellos: Evaluaci\u00f3n general del gobierno (2,08 puntos contra 3,5%), Preocupaci\u00f3n por el inter\u00e9s general (2,14 puntos frente 0,4%), Eficiencia en la administraci\u00f3n del gasto p\u00fablico (2,50 puntos y 3,1%), Honestidad de los funcionarios (2,81 puntos ante 2,6%), y, por \u00faltimo, Capacidad para resolver los problemas del pa\u00eds (3,03 puntos y 3%).<\/h3>\n<h3><strong>LOS GRUPOS QUE MAYOR CONFIANZA TIENEN<\/strong><\/h3>\n<h3>En cuanto a los sectores que mostraron m\u00e1s apoyo al gobierno libertario en el \u00faltimo mes, se destacaron los hombres, la franja etaria entre 18 y 29 a\u00f1os, los residentes del interior, personas que alcanzaron hasta educaci\u00f3n terciaria y\/o universitaria, individuos que dicen no haber sido (ellos o sus familias) v\u00edctimas de delitos en los \u00faltimos 12 meses y, finalmente, entre quienes creen que la situaci\u00f3n econ\u00f3mica del pa\u00eds dentro de un a\u00f1o ser\u00e1 mejor que la actual.<\/h3>\n<h3>Respecto al g\u00e9nero, al igual que lo registrado en marzo y en abril, el ICG de mayo fue mayor entre los hombres (2,64 puntos, con una ca\u00edda de 4%) que entre las mujeres (2,39 puntos, con un aumento de 9%).<\/h3>\n<h3>En tanto, por edad, la mayor confianza fue en el segmento integrado por j\u00f3venes de entre 18 a 29 a\u00f1os (2,67 puntos, con una ca\u00edda del 1%), seguido por el compuesto por mayores de 50 a\u00f1os (2,63 puntos, con un crecimiento de 2%). Por \u00faltimo, se ubic\u00f3 el grupo integrado por personas de entre 30 a 49 a\u00f1os (2,36 puntos, con un aumento de 7%).<\/h3>\n<h3>Sobre la zona geogr\u00e1fica, a diferencia de abril, el ICG de mayo registr\u00f3 su mayor valor entre quienes residen en el interior (2,70 puntos, con un aumento de 6%). Luego se posicionaron quienes viven en la Ciudad de Buenos Aires (2,64 puntos, sin variaci\u00f3n con respecto a abril) y, en \u00faltimo lugar, quienes residen en el Gran Buenos Aires (2,09 puntos, con una ca\u00edda de 5%).<\/h3>\n<h3>En cuanto al nivel de instrucci\u00f3n, el \u00edndice registr\u00f3 su mayor valor entre quienes alcanzaron hasta educaci\u00f3n terciaria y\/o universitaria (2,70 puntos, con un crecimiento de 9%). En segundo lugar se encontraron quienes alcanzaron hasta educaci\u00f3n secundaria (2,36 puntos, con una ca\u00edda de 5%), seguidos de quienes alcanzaron hasta educaci\u00f3n primaria (2,11 puntos, con un aumento de 2%).<\/h3>\n<h3>El sexto punto analizado fue sobre las v\u00edctimas de delitos. A diferencia del mes anterior, el ICG de mayo fue mayor entre aquellos entrevistados que dicen no haber sido (ellos o sus familias) v\u00edctimas de delitos en los \u00faltimos 12 meses (2,55 puntos, con una variaci\u00f3n positiva de 6%), que entre quienes s\u00ed lo fueron (2,41 puntos, con una ca\u00edda de 8%).<\/h3>\n<h3>Finalmente, se analiz\u00f3 la confianza de acuerdo a las perspectivas econ\u00f3micas del pa\u00eds. Al igual que en meses previos, la confianza en el gobierno fue &#8220;considerablemente m\u00e1s elevada&#8221; entre quienes creen que la situaci\u00f3n econ\u00f3mica mejorar\u00e1 dentro de un a\u00f1o (4,09 puntos, con un aumento del 1%) en comparaci\u00f3n de quienes opinan que se mantendr\u00e1 igual (2,08 puntos, con una variaci\u00f3n negativa significativa de 13%) o que empeorar\u00e1 (0,54 puntos, con una disminuci\u00f3n de 11%).<\/h3>\n<p>&nbsp;<\/p>\n<p>&nbsp;<\/p>\n<p>&nbsp;<\/p>\n<p>&nbsp;<\/p>\n","protected":false},"excerpt":{"rendered":"<p>Un estudio de la Escuela de Gobierno de la Universidad Torcuato Di Tella (UTDT) concluy\u00f3&#8230;<\/p>\n","protected":false},"author":1,"featured_media":15560,"comment_status":"closed","ping_status":"closed","sticky":false,"template":"","format":"standard","meta":{"footnotes":""},"categories":[5],"tags":[],"class_list":["post-16917","post","type-post","status-publish","format-standard","has-post-thumbnail","hentry","category-nacionales-internacionales"],"yoast_head":"<!-- This site is optimized with the Yoast SEO plugin v26.1.1 - https:\/\/yoast.com\/wordpress\/plugins\/seo\/ -->\n<title>LA CONFIANZA EN MILEI ES MENOR QUE LA QUE TEN\u00cdAN FERN\u00c1NDEZ Y MACRI EN LOS PRIMEROS MESES DE GOBIERNO - Apuntes de San Luis<\/title>\n<meta name=\"robots\" content=\"index, follow, max-snippet:-1, max-image-preview:large, max-video-preview:-1\" \/>\n<link rel=\"canonical\" href=\"https:\/\/apuntesdesanluis.com\/index.php\/2024\/05\/27\/la-confianza-en-milei-es-menor-que-la-que-tenian-fernandez-y-macri-en-los-primeros-meses-de-gobierno\/\" \/>\n<meta property=\"og:locale\" content=\"es_ES\" \/>\n<meta property=\"og:type\" content=\"article\" \/>\n<meta property=\"og:title\" content=\"LA CONFIANZA EN MILEI ES MENOR QUE LA QUE TEN\u00cdAN FERN\u00c1NDEZ Y MACRI EN LOS PRIMEROS MESES DE GOBIERNO - Apuntes de San Luis\" \/>\n<meta property=\"og:description\" content=\"Un estudio de la Escuela de Gobierno de la Universidad Torcuato Di Tella (UTDT) concluy\u00f3...\" \/>\n<meta property=\"og:url\" content=\"https:\/\/apuntesdesanluis.com\/index.php\/2024\/05\/27\/la-confianza-en-milei-es-menor-que-la-que-tenian-fernandez-y-macri-en-los-primeros-meses-de-gobierno\/\" \/>\n<meta property=\"og:site_name\" content=\"Apuntes de San Luis\" \/>\n<meta property=\"article:published_time\" content=\"2024-05-27T23:00:00+00:00\" \/>\n<meta property=\"og:image\" content=\"https:\/\/apuntesdesanluis.com\/wp-content\/uploads\/2024\/04\/milei-7.png\" \/>\n\t<meta property=\"og:image:width\" content=\"720\" \/>\n\t<meta property=\"og:image:height\" content=\"441\" \/>\n\t<meta property=\"og:image:type\" content=\"image\/png\" \/>\n<meta name=\"author\" content=\"apuntesdesanluis.com\" \/>\n<meta name=\"twitter:card\" content=\"summary_large_image\" \/>\n<meta name=\"twitter:label1\" content=\"Escrito por\" \/>\n\t<meta name=\"twitter:data1\" content=\"apuntesdesanluis.com\" \/>\n\t<meta name=\"twitter:label2\" content=\"Tiempo de lectura\" \/>\n\t<meta name=\"twitter:data2\" content=\"5 minutos\" \/>\n<script type=\"application\/ld+json\" class=\"yoast-schema-graph\">{\"@context\":\"https:\/\/schema.org\",\"@graph\":[{\"@type\":\"Article\",\"@id\":\"https:\/\/apuntesdesanluis.com\/index.php\/2024\/05\/27\/la-confianza-en-milei-es-menor-que-la-que-tenian-fernandez-y-macri-en-los-primeros-meses-de-gobierno\/#article\",\"isPartOf\":{\"@id\":\"https:\/\/apuntesdesanluis.com\/index.php\/2024\/05\/27\/la-confianza-en-milei-es-menor-que-la-que-tenian-fernandez-y-macri-en-los-primeros-meses-de-gobierno\/\"},\"author\":{\"name\":\"apuntesdesanluis.com\",\"@id\":\"https:\/\/apuntesdesanluis.com\/#\/schema\/person\/b55151d52296fcce64d1a72538a70b90\"},\"headline\":\"LA CONFIANZA EN MILEI ES MENOR QUE LA QUE TEN\u00cdAN FERN\u00c1NDEZ Y MACRI EN LOS PRIMEROS MESES DE GOBIERNO\",\"datePublished\":\"2024-05-27T23:00:00+00:00\",\"mainEntityOfPage\":{\"@id\":\"https:\/\/apuntesdesanluis.com\/index.php\/2024\/05\/27\/la-confianza-en-milei-es-menor-que-la-que-tenian-fernandez-y-macri-en-los-primeros-meses-de-gobierno\/\"},\"wordCount\":872,\"publisher\":{\"@id\":\"https:\/\/apuntesdesanluis.com\/#\/schema\/person\/b55151d52296fcce64d1a72538a70b90\"},\"image\":{\"@id\":\"https:\/\/apuntesdesanluis.com\/index.php\/2024\/05\/27\/la-confianza-en-milei-es-menor-que-la-que-tenian-fernandez-y-macri-en-los-primeros-meses-de-gobierno\/#primaryimage\"},\"thumbnailUrl\":\"https:\/\/apuntesdesanluis.com\/wp-content\/uploads\/2024\/04\/milei-7.png\",\"articleSection\":[\"Nacionales\/Internacionales\"],\"inLanguage\":\"es-AR\"},{\"@type\":\"WebPage\",\"@id\":\"https:\/\/apuntesdesanluis.com\/index.php\/2024\/05\/27\/la-confianza-en-milei-es-menor-que-la-que-tenian-fernandez-y-macri-en-los-primeros-meses-de-gobierno\/\",\"url\":\"https:\/\/apuntesdesanluis.com\/index.php\/2024\/05\/27\/la-confianza-en-milei-es-menor-que-la-que-tenian-fernandez-y-macri-en-los-primeros-meses-de-gobierno\/\",\"name\":\"LA CONFIANZA EN MILEI ES MENOR QUE LA QUE TEN\u00cdAN FERN\u00c1NDEZ Y MACRI EN LOS PRIMEROS MESES DE GOBIERNO - Apuntes de San Luis\",\"isPartOf\":{\"@id\":\"https:\/\/apuntesdesanluis.com\/#website\"},\"primaryImageOfPage\":{\"@id\":\"https:\/\/apuntesdesanluis.com\/index.php\/2024\/05\/27\/la-confianza-en-milei-es-menor-que-la-que-tenian-fernandez-y-macri-en-los-primeros-meses-de-gobierno\/#primaryimage\"},\"image\":{\"@id\":\"https:\/\/apuntesdesanluis.com\/index.php\/2024\/05\/27\/la-confianza-en-milei-es-menor-que-la-que-tenian-fernandez-y-macri-en-los-primeros-meses-de-gobierno\/#primaryimage\"},\"thumbnailUrl\":\"https:\/\/apuntesdesanluis.com\/wp-content\/uploads\/2024\/04\/milei-7.png\",\"datePublished\":\"2024-05-27T23:00:00+00:00\",\"breadcrumb\":{\"@id\":\"https:\/\/apuntesdesanluis.com\/index.php\/2024\/05\/27\/la-confianza-en-milei-es-menor-que-la-que-tenian-fernandez-y-macri-en-los-primeros-meses-de-gobierno\/#breadcrumb\"},\"inLanguage\":\"es-AR\",\"potentialAction\":[{\"@type\":\"ReadAction\",\"target\":[\"https:\/\/apuntesdesanluis.com\/index.php\/2024\/05\/27\/la-confianza-en-milei-es-menor-que-la-que-tenian-fernandez-y-macri-en-los-primeros-meses-de-gobierno\/\"]}]},{\"@type\":\"ImageObject\",\"inLanguage\":\"es-AR\",\"@id\":\"https:\/\/apuntesdesanluis.com\/index.php\/2024\/05\/27\/la-confianza-en-milei-es-menor-que-la-que-tenian-fernandez-y-macri-en-los-primeros-meses-de-gobierno\/#primaryimage\",\"url\":\"https:\/\/apuntesdesanluis.com\/wp-content\/uploads\/2024\/04\/milei-7.png\",\"contentUrl\":\"https:\/\/apuntesdesanluis.com\/wp-content\/uploads\/2024\/04\/milei-7.png\",\"width\":720,\"height\":441},{\"@type\":\"BreadcrumbList\",\"@id\":\"https:\/\/apuntesdesanluis.com\/index.php\/2024\/05\/27\/la-confianza-en-milei-es-menor-que-la-que-tenian-fernandez-y-macri-en-los-primeros-meses-de-gobierno\/#breadcrumb\",\"itemListElement\":[{\"@type\":\"ListItem\",\"position\":1,\"name\":\"Inicio\",\"item\":\"https:\/\/apuntesdesanluis.com\/\"},{\"@type\":\"ListItem\",\"position\":2,\"name\":\"LA CONFIANZA EN MILEI ES MENOR QUE LA QUE TEN\u00cdAN FERN\u00c1NDEZ Y MACRI EN LOS PRIMEROS MESES DE GOBIERNO\"}]},{\"@type\":\"WebSite\",\"@id\":\"https:\/\/apuntesdesanluis.com\/#website\",\"url\":\"https:\/\/apuntesdesanluis.com\/\",\"name\":\"Apuntes de San Luis\",\"description\":\"\",\"publisher\":{\"@id\":\"https:\/\/apuntesdesanluis.com\/#\/schema\/person\/b55151d52296fcce64d1a72538a70b90\"},\"potentialAction\":[{\"@type\":\"SearchAction\",\"target\":{\"@type\":\"EntryPoint\",\"urlTemplate\":\"https:\/\/apuntesdesanluis.com\/?s={search_term_string}\"},\"query-input\":{\"@type\":\"PropertyValueSpecification\",\"valueRequired\":true,\"valueName\":\"search_term_string\"}}],\"inLanguage\":\"es-AR\"},{\"@type\":[\"Person\",\"Organization\"],\"@id\":\"https:\/\/apuntesdesanluis.com\/#\/schema\/person\/b55151d52296fcce64d1a72538a70b90\",\"name\":\"apuntesdesanluis.com\",\"image\":{\"@type\":\"ImageObject\",\"inLanguage\":\"es-AR\",\"@id\":\"https:\/\/apuntesdesanluis.com\/#\/schema\/person\/image\/\",\"url\":\"https:\/\/apuntesdesanluis.com\/wp-content\/uploads\/2023\/07\/cropped-apuntesdesanluis.png\",\"contentUrl\":\"https:\/\/apuntesdesanluis.com\/wp-content\/uploads\/2023\/07\/cropped-apuntesdesanluis.png\",\"width\":450,\"height\":112,\"caption\":\"apuntesdesanluis.com\"},\"logo\":{\"@id\":\"https:\/\/apuntesdesanluis.com\/#\/schema\/person\/image\/\"},\"sameAs\":[\"https:\/\/apuntesdesanluis.com\"],\"url\":\"https:\/\/apuntesdesanluis.com\/index.php\/author\/apuntesdesanluis-com\/\"}]}<\/script>\n<!-- \/ Yoast SEO plugin. -->","yoast_head_json":{"title":"LA CONFIANZA EN MILEI ES MENOR QUE LA QUE TEN\u00cdAN FERN\u00c1NDEZ Y MACRI EN LOS PRIMEROS MESES DE GOBIERNO - Apuntes de San Luis","robots":{"index":"index","follow":"follow","max-snippet":"max-snippet:-1","max-image-preview":"max-image-preview:large","max-video-preview":"max-video-preview:-1"},"canonical":"https:\/\/apuntesdesanluis.com\/index.php\/2024\/05\/27\/la-confianza-en-milei-es-menor-que-la-que-tenian-fernandez-y-macri-en-los-primeros-meses-de-gobierno\/","og_locale":"es_ES","og_type":"article","og_title":"LA CONFIANZA EN MILEI ES MENOR QUE LA QUE TEN\u00cdAN FERN\u00c1NDEZ Y MACRI EN LOS PRIMEROS MESES DE GOBIERNO - Apuntes de San Luis","og_description":"Un estudio de la Escuela de Gobierno de la Universidad Torcuato Di Tella (UTDT) concluy\u00f3...","og_url":"https:\/\/apuntesdesanluis.com\/index.php\/2024\/05\/27\/la-confianza-en-milei-es-menor-que-la-que-tenian-fernandez-y-macri-en-los-primeros-meses-de-gobierno\/","og_site_name":"Apuntes de San Luis","article_published_time":"2024-05-27T23:00:00+00:00","og_image":[{"width":720,"height":441,"url":"https:\/\/apuntesdesanluis.com\/wp-content\/uploads\/2024\/04\/milei-7.png","type":"image\/png"}],"author":"apuntesdesanluis.com","twitter_card":"summary_large_image","twitter_misc":{"Escrito por":"apuntesdesanluis.com","Tiempo de lectura":"5 minutos"},"schema":{"@context":"https:\/\/schema.org","@graph":[{"@type":"Article","@id":"https:\/\/apuntesdesanluis.com\/index.php\/2024\/05\/27\/la-confianza-en-milei-es-menor-que-la-que-tenian-fernandez-y-macri-en-los-primeros-meses-de-gobierno\/#article","isPartOf":{"@id":"https:\/\/apuntesdesanluis.com\/index.php\/2024\/05\/27\/la-confianza-en-milei-es-menor-que-la-que-tenian-fernandez-y-macri-en-los-primeros-meses-de-gobierno\/"},"author":{"name":"apuntesdesanluis.com","@id":"https:\/\/apuntesdesanluis.com\/#\/schema\/person\/b55151d52296fcce64d1a72538a70b90"},"headline":"LA CONFIANZA EN MILEI ES MENOR QUE LA QUE TEN\u00cdAN FERN\u00c1NDEZ Y MACRI EN LOS PRIMEROS MESES DE GOBIERNO","datePublished":"2024-05-27T23:00:00+00:00","mainEntityOfPage":{"@id":"https:\/\/apuntesdesanluis.com\/index.php\/2024\/05\/27\/la-confianza-en-milei-es-menor-que-la-que-tenian-fernandez-y-macri-en-los-primeros-meses-de-gobierno\/"},"wordCount":872,"publisher":{"@id":"https:\/\/apuntesdesanluis.com\/#\/schema\/person\/b55151d52296fcce64d1a72538a70b90"},"image":{"@id":"https:\/\/apuntesdesanluis.com\/index.php\/2024\/05\/27\/la-confianza-en-milei-es-menor-que-la-que-tenian-fernandez-y-macri-en-los-primeros-meses-de-gobierno\/#primaryimage"},"thumbnailUrl":"https:\/\/apuntesdesanluis.com\/wp-content\/uploads\/2024\/04\/milei-7.png","articleSection":["Nacionales\/Internacionales"],"inLanguage":"es-AR"},{"@type":"WebPage","@id":"https:\/\/apuntesdesanluis.com\/index.php\/2024\/05\/27\/la-confianza-en-milei-es-menor-que-la-que-tenian-fernandez-y-macri-en-los-primeros-meses-de-gobierno\/","url":"https:\/\/apuntesdesanluis.com\/index.php\/2024\/05\/27\/la-confianza-en-milei-es-menor-que-la-que-tenian-fernandez-y-macri-en-los-primeros-meses-de-gobierno\/","name":"LA CONFIANZA EN MILEI ES MENOR QUE LA QUE TEN\u00cdAN FERN\u00c1NDEZ Y MACRI EN LOS PRIMEROS MESES DE GOBIERNO - Apuntes de San Luis","isPartOf":{"@id":"https:\/\/apuntesdesanluis.com\/#website"},"primaryImageOfPage":{"@id":"https:\/\/apuntesdesanluis.com\/index.php\/2024\/05\/27\/la-confianza-en-milei-es-menor-que-la-que-tenian-fernandez-y-macri-en-los-primeros-meses-de-gobierno\/#primaryimage"},"image":{"@id":"https:\/\/apuntesdesanluis.com\/index.php\/2024\/05\/27\/la-confianza-en-milei-es-menor-que-la-que-tenian-fernandez-y-macri-en-los-primeros-meses-de-gobierno\/#primaryimage"},"thumbnailUrl":"https:\/\/apuntesdesanluis.com\/wp-content\/uploads\/2024\/04\/milei-7.png","datePublished":"2024-05-27T23:00:00+00:00","breadcrumb":{"@id":"https:\/\/apuntesdesanluis.com\/index.php\/2024\/05\/27\/la-confianza-en-milei-es-menor-que-la-que-tenian-fernandez-y-macri-en-los-primeros-meses-de-gobierno\/#breadcrumb"},"inLanguage":"es-AR","potentialAction":[{"@type":"ReadAction","target":["https:\/\/apuntesdesanluis.com\/index.php\/2024\/05\/27\/la-confianza-en-milei-es-menor-que-la-que-tenian-fernandez-y-macri-en-los-primeros-meses-de-gobierno\/"]}]},{"@type":"ImageObject","inLanguage":"es-AR","@id":"https:\/\/apuntesdesanluis.com\/index.php\/2024\/05\/27\/la-confianza-en-milei-es-menor-que-la-que-tenian-fernandez-y-macri-en-los-primeros-meses-de-gobierno\/#primaryimage","url":"https:\/\/apuntesdesanluis.com\/wp-content\/uploads\/2024\/04\/milei-7.png","contentUrl":"https:\/\/apuntesdesanluis.com\/wp-content\/uploads\/2024\/04\/milei-7.png","width":720,"height":441},{"@type":"BreadcrumbList","@id":"https:\/\/apuntesdesanluis.com\/index.php\/2024\/05\/27\/la-confianza-en-milei-es-menor-que-la-que-tenian-fernandez-y-macri-en-los-primeros-meses-de-gobierno\/#breadcrumb","itemListElement":[{"@type":"ListItem","position":1,"name":"Inicio","item":"https:\/\/apuntesdesanluis.com\/"},{"@type":"ListItem","position":2,"name":"LA CONFIANZA EN MILEI ES MENOR QUE LA QUE TEN\u00cdAN FERN\u00c1NDEZ Y MACRI EN LOS PRIMEROS MESES DE GOBIERNO"}]},{"@type":"WebSite","@id":"https:\/\/apuntesdesanluis.com\/#website","url":"https:\/\/apuntesdesanluis.com\/","name":"Apuntes de San Luis","description":"","publisher":{"@id":"https:\/\/apuntesdesanluis.com\/#\/schema\/person\/b55151d52296fcce64d1a72538a70b90"},"potentialAction":[{"@type":"SearchAction","target":{"@type":"EntryPoint","urlTemplate":"https:\/\/apuntesdesanluis.com\/?s={search_term_string}"},"query-input":{"@type":"PropertyValueSpecification","valueRequired":true,"valueName":"search_term_string"}}],"inLanguage":"es-AR"},{"@type":["Person","Organization"],"@id":"https:\/\/apuntesdesanluis.com\/#\/schema\/person\/b55151d52296fcce64d1a72538a70b90","name":"apuntesdesanluis.com","image":{"@type":"ImageObject","inLanguage":"es-AR","@id":"https:\/\/apuntesdesanluis.com\/#\/schema\/person\/image\/","url":"https:\/\/apuntesdesanluis.com\/wp-content\/uploads\/2023\/07\/cropped-apuntesdesanluis.png","contentUrl":"https:\/\/apuntesdesanluis.com\/wp-content\/uploads\/2023\/07\/cropped-apuntesdesanluis.png","width":450,"height":112,"caption":"apuntesdesanluis.com"},"logo":{"@id":"https:\/\/apuntesdesanluis.com\/#\/schema\/person\/image\/"},"sameAs":["https:\/\/apuntesdesanluis.com"],"url":"https:\/\/apuntesdesanluis.com\/index.php\/author\/apuntesdesanluis-com\/"}]}},"featured_image_urls":{"full":["https:\/\/apuntesdesanluis.com\/wp-content\/uploads\/2024\/04\/milei-7.png",720,441,false],"thumbnail":["https:\/\/apuntesdesanluis.com\/wp-content\/uploads\/2024\/04\/milei-7-150x150.png",150,150,true],"medium":["https:\/\/apuntesdesanluis.com\/wp-content\/uploads\/2024\/04\/milei-7-300x184.png",300,184,true],"medium_large":["https:\/\/apuntesdesanluis.com\/wp-content\/uploads\/2024\/04\/milei-7.png",640,392,false],"large":["https:\/\/apuntesdesanluis.com\/wp-content\/uploads\/2024\/04\/milei-7.png",640,392,false],"1536x1536":["https:\/\/apuntesdesanluis.com\/wp-content\/uploads\/2024\/04\/milei-7.png",720,441,false],"2048x2048":["https:\/\/apuntesdesanluis.com\/wp-content\/uploads\/2024\/04\/milei-7.png",720,441,false],"newsever-slider-full":["https:\/\/apuntesdesanluis.com\/wp-content\/uploads\/2024\/04\/milei-7.png",720,441,false],"newsever-featured":["https:\/\/apuntesdesanluis.com\/wp-content\/uploads\/2024\/04\/milei-7.png",720,441,false],"newsever-medium":["https:\/\/apuntesdesanluis.com\/wp-content\/uploads\/2024\/04\/milei-7.png",720,441,false]},"author_info":{"display_name":"apuntesdesanluis.com","author_link":"https:\/\/apuntesdesanluis.com\/index.php\/author\/apuntesdesanluis-com\/"},"category_info":"<a href=\"https:\/\/apuntesdesanluis.com\/index.php\/category\/nacionales-internacionales\/\" rel=\"category tag\">Nacionales\/Internacionales<\/a>","tag_info":"Nacionales\/Internacionales","comment_count":"0","_links":{"self":[{"href":"https:\/\/apuntesdesanluis.com\/index.php\/wp-json\/wp\/v2\/posts\/16917","targetHints":{"allow":["GET"]}}],"collection":[{"href":"https:\/\/apuntesdesanluis.com\/index.php\/wp-json\/wp\/v2\/posts"}],"about":[{"href":"https:\/\/apuntesdesanluis.com\/index.php\/wp-json\/wp\/v2\/types\/post"}],"author":[{"embeddable":true,"href":"https:\/\/apuntesdesanluis.com\/index.php\/wp-json\/wp\/v2\/users\/1"}],"replies":[{"embeddable":true,"href":"https:\/\/apuntesdesanluis.com\/index.php\/wp-json\/wp\/v2\/comments?post=16917"}],"version-history":[{"count":1,"href":"https:\/\/apuntesdesanluis.com\/index.php\/wp-json\/wp\/v2\/posts\/16917\/revisions"}],"predecessor-version":[{"id":16918,"href":"https:\/\/apuntesdesanluis.com\/index.php\/wp-json\/wp\/v2\/posts\/16917\/revisions\/16918"}],"wp:featuredmedia":[{"embeddable":true,"href":"https:\/\/apuntesdesanluis.com\/index.php\/wp-json\/wp\/v2\/media\/15560"}],"wp:attachment":[{"href":"https:\/\/apuntesdesanluis.com\/index.php\/wp-json\/wp\/v2\/media?parent=16917"}],"wp:term":[{"taxonomy":"category","embeddable":true,"href":"https:\/\/apuntesdesanluis.com\/index.php\/wp-json\/wp\/v2\/categories?post=16917"},{"taxonomy":"post_tag","embeddable":true,"href":"https:\/\/apuntesdesanluis.com\/index.php\/wp-json\/wp\/v2\/tags?post=16917"}],"curies":[{"name":"wp","href":"https:\/\/api.w.org\/{rel}","templated":true}]}}