{"id":16919,"date":"2024-05-27T20:36:52","date_gmt":"2024-05-27T23:36:52","guid":{"rendered":"https:\/\/apuntesdesanluis.com\/?p=16919"},"modified":"2024-05-27T20:37:09","modified_gmt":"2024-05-27T23:37:09","slug":"rectores-afirmaron-que-el-gobierno-comienza-a-atender-el-reclamo-de-las-universidades-nacionales","status":"publish","type":"post","link":"https:\/\/apuntesdesanluis.com\/index.php\/2024\/05\/27\/rectores-afirmaron-que-el-gobierno-comienza-a-atender-el-reclamo-de-las-universidades-nacionales\/","title":{"rendered":"RECTORES AFIRMARON QUE \u201cEL GOBIERNO COMIENZA A ATENDER EL RECLAMO DE LAS UNIVERSIDADES NACIONALES\u201d"},"content":{"rendered":"<h3>Fue ra\u00edz del anuncio que efectu\u00f3 el gobierno nacional, que dar\u00e1 el mismo trato que a la UBA al resto de las universidades nacionales, confirmando un ajuste por inflaci\u00f3n del 270 % para gastos de funcionamiento, con el consecuente cronograma de pagos hasta fin de a\u00f1o.<\/h3>\n<h3>El comunicado textual del Consejo Interuniversitario Nacional (CIN), expresa lo siguiente:<\/h3>\n<h3>&#8220;El Comit\u00e9 Ejecutivo ampliado del Consejo Interuniversitario Nacional (CIN), reunido el 27 de mayo a los efectos de analizar el resultado de la reuni\u00f3n con las autoridades nacionales, manifiesta:<\/h3>\n<h3>1. Las propuestas trasladadas el d\u00eda de hoy por el Gobierno nacional comienzan a atender los reclamos que sostenemos desde principios de a\u00f1o el conjunto de las universidades p\u00fablicas del pa\u00eds, agenda que diera origen a la extraordinaria manifestaci\u00f3n del pasado 23 de abril. 2. En el marco de dicho encuentro, el Gobierno nacional confirm\u00f3 un ajuste por inflaci\u00f3n del 270 % para gastos de funcionamiento con el consecuente cronograma de pagos hasta fin de a\u00f1o.<\/h3>\n<h3>2. Se acord\u00f3 establecer mesas de trabajo para los siguientes temas que se encuentran a\u00fan pendientes de resoluci\u00f3n:<\/h3>\n<ul>\n<li>\n<h3>Resoluciones 2023 pendientes de pago y asignaci\u00f3n de fondos de ejecuci\u00f3n 2024 para programas con financiamiento especifico denominados bajo la l\u00ednea.<\/h3>\n<\/li>\n<li>\n<h3>Obras universitarias suspendidas.<\/h3>\n<\/li>\n<li>\n<h3>C\u00e1lculo de presupuesto universitario 2025.<\/h3>\n<\/li>\n<li>\n<h3>Programas de becas y asistencia estudiantil.<\/h3>\n<\/li>\n<li>\n<h3>Situaci\u00f3n del sistema cient\u00edfico tecnol\u00f3gico y coordinaci\u00f3n con las universidades nacionales.<\/h3>\n<\/li>\n<li>\n<h3>Monitoreo de la situaci\u00f3n salarial docente y nodocente.<\/h3>\n<\/li>\n<li>\n<h3>Monitoreo de la ejecuci\u00f3n de los fondos.<\/h3>\n<\/li>\n<li>\n<h3>Otros temas de inter\u00e9s del Gobierno que son el Art. 33 de la Ley de Educaci\u00f3n Superior, las medidas de transparencia y de rendici\u00f3n de cuentas de las universidades y el programa de alfabetizaci\u00f3n.<\/h3>\n<\/li>\n<\/ul>\n<h3><img fetchpriority=\"high\" decoding=\"async\" class=\"wp-image-14942 aligncenter\" src=\"https:\/\/apuntesdesanluis.com\/wp-content\/uploads\/2024\/04\/cin-1-300x107.png\" alt=\"\" width=\"603\" height=\"215\" srcset=\"https:\/\/apuntesdesanluis.com\/wp-content\/uploads\/2024\/04\/cin-1-300x107.png 300w, https:\/\/apuntesdesanluis.com\/wp-content\/uploads\/2024\/04\/cin-1.png 564w\" sizes=\"(max-width: 603px) 100vw, 603px\" \/><\/h3>\n<h3>El Comit\u00e9 Ejecutivo ampliado encomienda a los Sres. Presidente y Vicepresidente del CIN el monitoreo y el control de los avances de las mesas de trabajo de manera que permitan avanzar en soluciones que otorguen previsibilidad al sistema universitario para planificar lo que resta del a\u00f1o.<\/h3>\n<h3>Reiteramos nuestro agradecimiento a la sociedad argentina por su masivo y conmovedor acompa\u00f1amiento en defensa de la universidad p\u00fablica que ha permitido comenzar a encontrar un principio de soluci\u00f3n para la grave situaci\u00f3n presupuestaria del sistema p\u00fablico universitario a la que nunca debimos haber llegado. Este Consejo seguir\u00e1 trabajando en unidad por la fortaleza del sistema, con el convencimiento del rol transformador de la universidad p\u00fablica y de que los problemas estructurales del pa\u00eds se resuelven con m\u00e1s y mejor educaci\u00f3n, con formaci\u00f3n universitaria p\u00fablica de excelencia y con un sistema cient\u00edfico al servicio del desarrollo de la Naci\u00f3n.<\/h3>\n<h3>27 de mayo de 2024<\/h3>\n<h3><strong>Comit\u00e9 Ejecutivo ampliado <\/strong><\/h3>\n<h3><strong>Consejo Interuniversitario Nacional (CIN)<\/strong><\/h3>\n<p>&nbsp;<\/p>\n<p>&nbsp;<\/p>\n<p>&nbsp;<\/p>\n<p>&nbsp;<\/p>\n<p>&nbsp;<\/p>\n","protected":false},"excerpt":{"rendered":"<p>Fue ra\u00edz del anuncio que efectu\u00f3 el gobierno nacional, que dar\u00e1 el mismo trato que&#8230;<\/p>\n","protected":false},"author":1,"featured_media":16920,"comment_status":"closed","ping_status":"closed","sticky":false,"template":"","format":"standard","meta":{"footnotes":""},"categories":[5],"tags":[],"class_list":["post-16919","post","type-post","status-publish","format-standard","has-post-thumbnail","hentry","category-nacionales-internacionales"],"yoast_head":"<!-- This site is optimized with the Yoast SEO plugin v26.1.1 - https:\/\/yoast.com\/wordpress\/plugins\/seo\/ -->\n<title>RECTORES AFIRMARON QUE \u201cEL GOBIERNO COMIENZA A ATENDER EL RECLAMO DE LAS UNIVERSIDADES NACIONALES\u201d - Apuntes de San Luis<\/title>\n<meta name=\"robots\" content=\"index, follow, max-snippet:-1, max-image-preview:large, max-video-preview:-1\" \/>\n<link rel=\"canonical\" href=\"https:\/\/apuntesdesanluis.com\/index.php\/2024\/05\/27\/rectores-afirmaron-que-el-gobierno-comienza-a-atender-el-reclamo-de-las-universidades-nacionales\/\" \/>\n<meta property=\"og:locale\" content=\"es_ES\" \/>\n<meta property=\"og:type\" content=\"article\" \/>\n<meta property=\"og:title\" content=\"RECTORES AFIRMARON QUE \u201cEL GOBIERNO COMIENZA A ATENDER EL RECLAMO DE LAS UNIVERSIDADES NACIONALES\u201d - Apuntes de San Luis\" \/>\n<meta property=\"og:description\" content=\"Fue ra\u00edz del anuncio que efectu\u00f3 el gobierno nacional, que dar\u00e1 el mismo trato que...\" \/>\n<meta property=\"og:url\" content=\"https:\/\/apuntesdesanluis.com\/index.php\/2024\/05\/27\/rectores-afirmaron-que-el-gobierno-comienza-a-atender-el-reclamo-de-las-universidades-nacionales\/\" \/>\n<meta property=\"og:site_name\" content=\"Apuntes de San Luis\" \/>\n<meta property=\"article:published_time\" content=\"2024-05-27T23:36:52+00:00\" \/>\n<meta property=\"article:modified_time\" content=\"2024-05-27T23:37:09+00:00\" \/>\n<meta property=\"og:image\" content=\"https:\/\/apuntesdesanluis.com\/wp-content\/uploads\/2024\/05\/adorni-1.png\" \/>\n\t<meta property=\"og:image:width\" content=\"760\" \/>\n\t<meta property=\"og:image:height\" content=\"436\" \/>\n\t<meta property=\"og:image:type\" content=\"image\/png\" \/>\n<meta name=\"author\" content=\"apuntesdesanluis.com\" \/>\n<meta name=\"twitter:card\" content=\"summary_large_image\" \/>\n<meta name=\"twitter:label1\" content=\"Escrito por\" \/>\n\t<meta name=\"twitter:data1\" content=\"apuntesdesanluis.com\" \/>\n\t<meta name=\"twitter:label2\" content=\"Tiempo de lectura\" \/>\n\t<meta name=\"twitter:data2\" content=\"3 minutos\" \/>\n<script type=\"application\/ld+json\" class=\"yoast-schema-graph\">{\"@context\":\"https:\/\/schema.org\",\"@graph\":[{\"@type\":\"Article\",\"@id\":\"https:\/\/apuntesdesanluis.com\/index.php\/2024\/05\/27\/rectores-afirmaron-que-el-gobierno-comienza-a-atender-el-reclamo-de-las-universidades-nacionales\/#article\",\"isPartOf\":{\"@id\":\"https:\/\/apuntesdesanluis.com\/index.php\/2024\/05\/27\/rectores-afirmaron-que-el-gobierno-comienza-a-atender-el-reclamo-de-las-universidades-nacionales\/\"},\"author\":{\"name\":\"apuntesdesanluis.com\",\"@id\":\"https:\/\/apuntesdesanluis.com\/#\/schema\/person\/b55151d52296fcce64d1a72538a70b90\"},\"headline\":\"RECTORES AFIRMARON QUE \u201cEL GOBIERNO COMIENZA A ATENDER EL RECLAMO DE LAS UNIVERSIDADES NACIONALES\u201d\",\"datePublished\":\"2024-05-27T23:36:52+00:00\",\"dateModified\":\"2024-05-27T23:37:09+00:00\",\"mainEntityOfPage\":{\"@id\":\"https:\/\/apuntesdesanluis.com\/index.php\/2024\/05\/27\/rectores-afirmaron-que-el-gobierno-comienza-a-atender-el-reclamo-de-las-universidades-nacionales\/\"},\"wordCount\":477,\"publisher\":{\"@id\":\"https:\/\/apuntesdesanluis.com\/#\/schema\/person\/b55151d52296fcce64d1a72538a70b90\"},\"image\":{\"@id\":\"https:\/\/apuntesdesanluis.com\/index.php\/2024\/05\/27\/rectores-afirmaron-que-el-gobierno-comienza-a-atender-el-reclamo-de-las-universidades-nacionales\/#primaryimage\"},\"thumbnailUrl\":\"https:\/\/apuntesdesanluis.com\/wp-content\/uploads\/2024\/05\/adorni-1.png\",\"articleSection\":[\"Nacionales\/Internacionales\"],\"inLanguage\":\"es-AR\"},{\"@type\":\"WebPage\",\"@id\":\"https:\/\/apuntesdesanluis.com\/index.php\/2024\/05\/27\/rectores-afirmaron-que-el-gobierno-comienza-a-atender-el-reclamo-de-las-universidades-nacionales\/\",\"url\":\"https:\/\/apuntesdesanluis.com\/index.php\/2024\/05\/27\/rectores-afirmaron-que-el-gobierno-comienza-a-atender-el-reclamo-de-las-universidades-nacionales\/\",\"name\":\"RECTORES AFIRMARON QUE \u201cEL GOBIERNO COMIENZA A ATENDER EL RECLAMO DE LAS UNIVERSIDADES NACIONALES\u201d - Apuntes de San Luis\",\"isPartOf\":{\"@id\":\"https:\/\/apuntesdesanluis.com\/#website\"},\"primaryImageOfPage\":{\"@id\":\"https:\/\/apuntesdesanluis.com\/index.php\/2024\/05\/27\/rectores-afirmaron-que-el-gobierno-comienza-a-atender-el-reclamo-de-las-universidades-nacionales\/#primaryimage\"},\"image\":{\"@id\":\"https:\/\/apuntesdesanluis.com\/index.php\/2024\/05\/27\/rectores-afirmaron-que-el-gobierno-comienza-a-atender-el-reclamo-de-las-universidades-nacionales\/#primaryimage\"},\"thumbnailUrl\":\"https:\/\/apuntesdesanluis.com\/wp-content\/uploads\/2024\/05\/adorni-1.png\",\"datePublished\":\"2024-05-27T23:36:52+00:00\",\"dateModified\":\"2024-05-27T23:37:09+00:00\",\"breadcrumb\":{\"@id\":\"https:\/\/apuntesdesanluis.com\/index.php\/2024\/05\/27\/rectores-afirmaron-que-el-gobierno-comienza-a-atender-el-reclamo-de-las-universidades-nacionales\/#breadcrumb\"},\"inLanguage\":\"es-AR\",\"potentialAction\":[{\"@type\":\"ReadAction\",\"target\":[\"https:\/\/apuntesdesanluis.com\/index.php\/2024\/05\/27\/rectores-afirmaron-que-el-gobierno-comienza-a-atender-el-reclamo-de-las-universidades-nacionales\/\"]}]},{\"@type\":\"ImageObject\",\"inLanguage\":\"es-AR\",\"@id\":\"https:\/\/apuntesdesanluis.com\/index.php\/2024\/05\/27\/rectores-afirmaron-que-el-gobierno-comienza-a-atender-el-reclamo-de-las-universidades-nacionales\/#primaryimage\",\"url\":\"https:\/\/apuntesdesanluis.com\/wp-content\/uploads\/2024\/05\/adorni-1.png\",\"contentUrl\":\"https:\/\/apuntesdesanluis.com\/wp-content\/uploads\/2024\/05\/adorni-1.png\",\"width\":760,\"height\":436},{\"@type\":\"BreadcrumbList\",\"@id\":\"https:\/\/apuntesdesanluis.com\/index.php\/2024\/05\/27\/rectores-afirmaron-que-el-gobierno-comienza-a-atender-el-reclamo-de-las-universidades-nacionales\/#breadcrumb\",\"itemListElement\":[{\"@type\":\"ListItem\",\"position\":1,\"name\":\"Inicio\",\"item\":\"https:\/\/apuntesdesanluis.com\/\"},{\"@type\":\"ListItem\",\"position\":2,\"name\":\"RECTORES AFIRMARON QUE \u201cEL GOBIERNO COMIENZA A ATENDER EL RECLAMO DE LAS UNIVERSIDADES NACIONALES\u201d\"}]},{\"@type\":\"WebSite\",\"@id\":\"https:\/\/apuntesdesanluis.com\/#website\",\"url\":\"https:\/\/apuntesdesanluis.com\/\",\"name\":\"Apuntes de San Luis\",\"description\":\"\",\"publisher\":{\"@id\":\"https:\/\/apuntesdesanluis.com\/#\/schema\/person\/b55151d52296fcce64d1a72538a70b90\"},\"potentialAction\":[{\"@type\":\"SearchAction\",\"target\":{\"@type\":\"EntryPoint\",\"urlTemplate\":\"https:\/\/apuntesdesanluis.com\/?s={search_term_string}\"},\"query-input\":{\"@type\":\"PropertyValueSpecification\",\"valueRequired\":true,\"valueName\":\"search_term_string\"}}],\"inLanguage\":\"es-AR\"},{\"@type\":[\"Person\",\"Organization\"],\"@id\":\"https:\/\/apuntesdesanluis.com\/#\/schema\/person\/b55151d52296fcce64d1a72538a70b90\",\"name\":\"apuntesdesanluis.com\",\"image\":{\"@type\":\"ImageObject\",\"inLanguage\":\"es-AR\",\"@id\":\"https:\/\/apuntesdesanluis.com\/#\/schema\/person\/image\/\",\"url\":\"https:\/\/apuntesdesanluis.com\/wp-content\/uploads\/2023\/07\/cropped-apuntesdesanluis.png\",\"contentUrl\":\"https:\/\/apuntesdesanluis.com\/wp-content\/uploads\/2023\/07\/cropped-apuntesdesanluis.png\",\"width\":450,\"height\":112,\"caption\":\"apuntesdesanluis.com\"},\"logo\":{\"@id\":\"https:\/\/apuntesdesanluis.com\/#\/schema\/person\/image\/\"},\"sameAs\":[\"https:\/\/apuntesdesanluis.com\"],\"url\":\"https:\/\/apuntesdesanluis.com\/index.php\/author\/apuntesdesanluis-com\/\"}]}<\/script>\n<!-- \/ Yoast SEO plugin. -->","yoast_head_json":{"title":"RECTORES AFIRMARON QUE \u201cEL GOBIERNO COMIENZA A ATENDER EL RECLAMO DE LAS UNIVERSIDADES NACIONALES\u201d - Apuntes de San Luis","robots":{"index":"index","follow":"follow","max-snippet":"max-snippet:-1","max-image-preview":"max-image-preview:large","max-video-preview":"max-video-preview:-1"},"canonical":"https:\/\/apuntesdesanluis.com\/index.php\/2024\/05\/27\/rectores-afirmaron-que-el-gobierno-comienza-a-atender-el-reclamo-de-las-universidades-nacionales\/","og_locale":"es_ES","og_type":"article","og_title":"RECTORES AFIRMARON QUE \u201cEL GOBIERNO COMIENZA A ATENDER EL RECLAMO DE LAS UNIVERSIDADES NACIONALES\u201d - Apuntes de San Luis","og_description":"Fue ra\u00edz del anuncio que efectu\u00f3 el gobierno nacional, que dar\u00e1 el mismo trato que...","og_url":"https:\/\/apuntesdesanluis.com\/index.php\/2024\/05\/27\/rectores-afirmaron-que-el-gobierno-comienza-a-atender-el-reclamo-de-las-universidades-nacionales\/","og_site_name":"Apuntes de San Luis","article_published_time":"2024-05-27T23:36:52+00:00","article_modified_time":"2024-05-27T23:37:09+00:00","og_image":[{"width":760,"height":436,"url":"https:\/\/apuntesdesanluis.com\/wp-content\/uploads\/2024\/05\/adorni-1.png","type":"image\/png"}],"author":"apuntesdesanluis.com","twitter_card":"summary_large_image","twitter_misc":{"Escrito por":"apuntesdesanluis.com","Tiempo de lectura":"3 minutos"},"schema":{"@context":"https:\/\/schema.org","@graph":[{"@type":"Article","@id":"https:\/\/apuntesdesanluis.com\/index.php\/2024\/05\/27\/rectores-afirmaron-que-el-gobierno-comienza-a-atender-el-reclamo-de-las-universidades-nacionales\/#article","isPartOf":{"@id":"https:\/\/apuntesdesanluis.com\/index.php\/2024\/05\/27\/rectores-afirmaron-que-el-gobierno-comienza-a-atender-el-reclamo-de-las-universidades-nacionales\/"},"author":{"name":"apuntesdesanluis.com","@id":"https:\/\/apuntesdesanluis.com\/#\/schema\/person\/b55151d52296fcce64d1a72538a70b90"},"headline":"RECTORES AFIRMARON QUE \u201cEL GOBIERNO COMIENZA A ATENDER EL RECLAMO DE LAS UNIVERSIDADES NACIONALES\u201d","datePublished":"2024-05-27T23:36:52+00:00","dateModified":"2024-05-27T23:37:09+00:00","mainEntityOfPage":{"@id":"https:\/\/apuntesdesanluis.com\/index.php\/2024\/05\/27\/rectores-afirmaron-que-el-gobierno-comienza-a-atender-el-reclamo-de-las-universidades-nacionales\/"},"wordCount":477,"publisher":{"@id":"https:\/\/apuntesdesanluis.com\/#\/schema\/person\/b55151d52296fcce64d1a72538a70b90"},"image":{"@id":"https:\/\/apuntesdesanluis.com\/index.php\/2024\/05\/27\/rectores-afirmaron-que-el-gobierno-comienza-a-atender-el-reclamo-de-las-universidades-nacionales\/#primaryimage"},"thumbnailUrl":"https:\/\/apuntesdesanluis.com\/wp-content\/uploads\/2024\/05\/adorni-1.png","articleSection":["Nacionales\/Internacionales"],"inLanguage":"es-AR"},{"@type":"WebPage","@id":"https:\/\/apuntesdesanluis.com\/index.php\/2024\/05\/27\/rectores-afirmaron-que-el-gobierno-comienza-a-atender-el-reclamo-de-las-universidades-nacionales\/","url":"https:\/\/apuntesdesanluis.com\/index.php\/2024\/05\/27\/rectores-afirmaron-que-el-gobierno-comienza-a-atender-el-reclamo-de-las-universidades-nacionales\/","name":"RECTORES AFIRMARON QUE \u201cEL GOBIERNO COMIENZA A ATENDER EL RECLAMO DE LAS UNIVERSIDADES NACIONALES\u201d - Apuntes de San Luis","isPartOf":{"@id":"https:\/\/apuntesdesanluis.com\/#website"},"primaryImageOfPage":{"@id":"https:\/\/apuntesdesanluis.com\/index.php\/2024\/05\/27\/rectores-afirmaron-que-el-gobierno-comienza-a-atender-el-reclamo-de-las-universidades-nacionales\/#primaryimage"},"image":{"@id":"https:\/\/apuntesdesanluis.com\/index.php\/2024\/05\/27\/rectores-afirmaron-que-el-gobierno-comienza-a-atender-el-reclamo-de-las-universidades-nacionales\/#primaryimage"},"thumbnailUrl":"https:\/\/apuntesdesanluis.com\/wp-content\/uploads\/2024\/05\/adorni-1.png","datePublished":"2024-05-27T23:36:52+00:00","dateModified":"2024-05-27T23:37:09+00:00","breadcrumb":{"@id":"https:\/\/apuntesdesanluis.com\/index.php\/2024\/05\/27\/rectores-afirmaron-que-el-gobierno-comienza-a-atender-el-reclamo-de-las-universidades-nacionales\/#breadcrumb"},"inLanguage":"es-AR","potentialAction":[{"@type":"ReadAction","target":["https:\/\/apuntesdesanluis.com\/index.php\/2024\/05\/27\/rectores-afirmaron-que-el-gobierno-comienza-a-atender-el-reclamo-de-las-universidades-nacionales\/"]}]},{"@type":"ImageObject","inLanguage":"es-AR","@id":"https:\/\/apuntesdesanluis.com\/index.php\/2024\/05\/27\/rectores-afirmaron-que-el-gobierno-comienza-a-atender-el-reclamo-de-las-universidades-nacionales\/#primaryimage","url":"https:\/\/apuntesdesanluis.com\/wp-content\/uploads\/2024\/05\/adorni-1.png","contentUrl":"https:\/\/apuntesdesanluis.com\/wp-content\/uploads\/2024\/05\/adorni-1.png","width":760,"height":436},{"@type":"BreadcrumbList","@id":"https:\/\/apuntesdesanluis.com\/index.php\/2024\/05\/27\/rectores-afirmaron-que-el-gobierno-comienza-a-atender-el-reclamo-de-las-universidades-nacionales\/#breadcrumb","itemListElement":[{"@type":"ListItem","position":1,"name":"Inicio","item":"https:\/\/apuntesdesanluis.com\/"},{"@type":"ListItem","position":2,"name":"RECTORES AFIRMARON QUE \u201cEL GOBIERNO COMIENZA A ATENDER EL RECLAMO DE LAS UNIVERSIDADES NACIONALES\u201d"}]},{"@type":"WebSite","@id":"https:\/\/apuntesdesanluis.com\/#website","url":"https:\/\/apuntesdesanluis.com\/","name":"Apuntes de San Luis","description":"","publisher":{"@id":"https:\/\/apuntesdesanluis.com\/#\/schema\/person\/b55151d52296fcce64d1a72538a70b90"},"potentialAction":[{"@type":"SearchAction","target":{"@type":"EntryPoint","urlTemplate":"https:\/\/apuntesdesanluis.com\/?s={search_term_string}"},"query-input":{"@type":"PropertyValueSpecification","valueRequired":true,"valueName":"search_term_string"}}],"inLanguage":"es-AR"},{"@type":["Person","Organization"],"@id":"https:\/\/apuntesdesanluis.com\/#\/schema\/person\/b55151d52296fcce64d1a72538a70b90","name":"apuntesdesanluis.com","image":{"@type":"ImageObject","inLanguage":"es-AR","@id":"https:\/\/apuntesdesanluis.com\/#\/schema\/person\/image\/","url":"https:\/\/apuntesdesanluis.com\/wp-content\/uploads\/2023\/07\/cropped-apuntesdesanluis.png","contentUrl":"https:\/\/apuntesdesanluis.com\/wp-content\/uploads\/2023\/07\/cropped-apuntesdesanluis.png","width":450,"height":112,"caption":"apuntesdesanluis.com"},"logo":{"@id":"https:\/\/apuntesdesanluis.com\/#\/schema\/person\/image\/"},"sameAs":["https:\/\/apuntesdesanluis.com"],"url":"https:\/\/apuntesdesanluis.com\/index.php\/author\/apuntesdesanluis-com\/"}]}},"featured_image_urls":{"full":["https:\/\/apuntesdesanluis.com\/wp-content\/uploads\/2024\/05\/adorni-1.png",760,436,false],"thumbnail":["https:\/\/apuntesdesanluis.com\/wp-content\/uploads\/2024\/05\/adorni-1-150x150.png",150,150,true],"medium":["https:\/\/apuntesdesanluis.com\/wp-content\/uploads\/2024\/05\/adorni-1-300x172.png",300,172,true],"medium_large":["https:\/\/apuntesdesanluis.com\/wp-content\/uploads\/2024\/05\/adorni-1.png",640,367,false],"large":["https:\/\/apuntesdesanluis.com\/wp-content\/uploads\/2024\/05\/adorni-1.png",640,367,false],"1536x1536":["https:\/\/apuntesdesanluis.com\/wp-content\/uploads\/2024\/05\/adorni-1.png",760,436,false],"2048x2048":["https:\/\/apuntesdesanluis.com\/wp-content\/uploads\/2024\/05\/adorni-1.png",760,436,false],"newsever-slider-full":["https:\/\/apuntesdesanluis.com\/wp-content\/uploads\/2024\/05\/adorni-1.png",760,436,false],"newsever-featured":["https:\/\/apuntesdesanluis.com\/wp-content\/uploads\/2024\/05\/adorni-1.png",760,436,false],"newsever-medium":["https:\/\/apuntesdesanluis.com\/wp-content\/uploads\/2024\/05\/adorni-1-720x436.png",720,436,true]},"author_info":{"display_name":"apuntesdesanluis.com","author_link":"https:\/\/apuntesdesanluis.com\/index.php\/author\/apuntesdesanluis-com\/"},"category_info":"<a href=\"https:\/\/apuntesdesanluis.com\/index.php\/category\/nacionales-internacionales\/\" rel=\"category tag\">Nacionales\/Internacionales<\/a>","tag_info":"Nacionales\/Internacionales","comment_count":"0","_links":{"self":[{"href":"https:\/\/apuntesdesanluis.com\/index.php\/wp-json\/wp\/v2\/posts\/16919","targetHints":{"allow":["GET"]}}],"collection":[{"href":"https:\/\/apuntesdesanluis.com\/index.php\/wp-json\/wp\/v2\/posts"}],"about":[{"href":"https:\/\/apuntesdesanluis.com\/index.php\/wp-json\/wp\/v2\/types\/post"}],"author":[{"embeddable":true,"href":"https:\/\/apuntesdesanluis.com\/index.php\/wp-json\/wp\/v2\/users\/1"}],"replies":[{"embeddable":true,"href":"https:\/\/apuntesdesanluis.com\/index.php\/wp-json\/wp\/v2\/comments?post=16919"}],"version-history":[{"count":2,"href":"https:\/\/apuntesdesanluis.com\/index.php\/wp-json\/wp\/v2\/posts\/16919\/revisions"}],"predecessor-version":[{"id":16922,"href":"https:\/\/apuntesdesanluis.com\/index.php\/wp-json\/wp\/v2\/posts\/16919\/revisions\/16922"}],"wp:featuredmedia":[{"embeddable":true,"href":"https:\/\/apuntesdesanluis.com\/index.php\/wp-json\/wp\/v2\/media\/16920"}],"wp:attachment":[{"href":"https:\/\/apuntesdesanluis.com\/index.php\/wp-json\/wp\/v2\/media?parent=16919"}],"wp:term":[{"taxonomy":"category","embeddable":true,"href":"https:\/\/apuntesdesanluis.com\/index.php\/wp-json\/wp\/v2\/categories?post=16919"},{"taxonomy":"post_tag","embeddable":true,"href":"https:\/\/apuntesdesanluis.com\/index.php\/wp-json\/wp\/v2\/tags?post=16919"}],"curies":[{"name":"wp","href":"https:\/\/api.w.org\/{rel}","templated":true}]}}