{"id":16940,"date":"2024-05-27T23:40:57","date_gmt":"2024-05-28T02:40:57","guid":{"rendered":"https:\/\/apuntesdesanluis.com\/?p=16940"},"modified":"2024-05-28T08:41:45","modified_gmt":"2024-05-28T11:41:45","slug":"poggi-reitero-al-presidente-hay-que-darle-las-herramientas-para-gobernar","status":"publish","type":"post","link":"https:\/\/apuntesdesanluis.com\/index.php\/2024\/05\/27\/poggi-reitero-al-presidente-hay-que-darle-las-herramientas-para-gobernar\/","title":{"rendered":"POGGI REITER\u00d3 QUE \u201cAL PRESIDENTE HAY QUE DARLE LAS HERRAMIENTAS PARA GOBERNAR\u201d"},"content":{"rendered":"<h3>El gobernador, <strong>Claudio Poggi<\/strong>, aprovech\u00f3 la presencia de la ministra de Seguridad de la Naci\u00f3n, Patricia Bullrich, para manifestar su acompa\u00f1amiento al presidente, Javier Milei, en su gesti\u00f3n y dar su parecer sobre temas actuales de la agenda pol\u00edtica: la Ley Bases y el paquete fiscal.<\/h3>\n<h3>\u201cDe su \u00e9xito depende el de las provincias argentinas, el de San Luis \u2013dijo Poggi sobre Milei\u2013. Hay que darle las herramientas al Presidente de la Naci\u00f3n para poder gobernar\u201d, consider\u00f3.<\/h3>\n<h3>Y abund\u00f3: \u201cLa famosa Ley Bases, que ustedes la escuchar\u00e1n todos los santos d\u00edas por la tele, que va y viene, va a permitir un desarrollo de la econom\u00eda, va a alentar las inversiones en San Luis. Y cada inversi\u00f3n que se produce genera un puesto de trabajo nuevo. Lo que tenemos que generar en San Luis son puestos de trabajo\u201d, dijo, en sinton\u00eda con lo que manifiesta en cada oportunidad que visita o se re\u00fane con referentes del sector privado, emprendedores y pymes.<\/h3>\n<h3>\u201cLa otra ley, que es el paquete fiscal, tambi\u00e9n le conviene a San Luis, porque vamos a recomponer parte de los recursos de coparticipaci\u00f3n que la provincia perdi\u00f3 el a\u00f1o pasado. Entonces, Dios quiera en estos d\u00edas o por estas horas esas leyes salgan. No solamente va a mejorar la situaci\u00f3n de la Argentina y de las provincias, sino que tambi\u00e9n va a ser un mensaje hacia el mundo, que en la Argentina vivimos en democracia y las leyes se dictan y salen\u201d, refiri\u00f3.<\/h3>\n<p><iframe title=\"Claudio Poggi, Gobernador de San Luis\" width=\"640\" height=\"360\" src=\"https:\/\/www.youtube.com\/embed\/RlTfGBszSPk?feature=oembed\" frameborder=\"0\" allow=\"accelerometer; autoplay; clipboard-write; encrypted-media; gyroscope; picture-in-picture; web-share\" referrerpolicy=\"strict-origin-when-cross-origin\" allowfullscreen><\/iframe><\/p>\n<p>&nbsp;<\/p>\n<p>&nbsp;<\/p>\n<p>&nbsp;<\/p>\n<p>&nbsp;<\/p>\n<p>&nbsp;<\/p>\n<p>&nbsp;<\/p>\n<p>&nbsp;<\/p>\n<p>&nbsp;<\/p>\n","protected":false},"excerpt":{"rendered":"<p>El gobernador, Claudio Poggi, aprovech\u00f3 la presencia de la ministra de Seguridad de la Naci\u00f3n,&#8230;<\/p>\n","protected":false},"author":1,"featured_media":16941,"comment_status":"closed","ping_status":"closed","sticky":false,"template":"","format":"standard","meta":{"footnotes":""},"categories":[6],"tags":[],"class_list":["post-16940","post","type-post","status-publish","format-standard","has-post-thumbnail","hentry","category-ciudad-provincia"],"yoast_head":"<!-- This site is optimized with the Yoast SEO plugin v26.1.1 - https:\/\/yoast.com\/wordpress\/plugins\/seo\/ -->\n<title>POGGI REITER\u00d3 QUE \u201cAL PRESIDENTE HAY QUE DARLE LAS HERRAMIENTAS PARA GOBERNAR\u201d - Apuntes de San Luis<\/title>\n<meta name=\"robots\" content=\"index, follow, max-snippet:-1, max-image-preview:large, max-video-preview:-1\" \/>\n<link rel=\"canonical\" href=\"https:\/\/apuntesdesanluis.com\/index.php\/2024\/05\/27\/poggi-reitero-al-presidente-hay-que-darle-las-herramientas-para-gobernar\/\" \/>\n<meta property=\"og:locale\" content=\"es_ES\" \/>\n<meta property=\"og:type\" content=\"article\" \/>\n<meta property=\"og:title\" content=\"POGGI REITER\u00d3 QUE \u201cAL PRESIDENTE HAY QUE DARLE LAS HERRAMIENTAS PARA GOBERNAR\u201d - Apuntes de San Luis\" \/>\n<meta property=\"og:description\" content=\"El gobernador, Claudio Poggi, aprovech\u00f3 la presencia de la ministra de Seguridad de la Naci\u00f3n,...\" \/>\n<meta property=\"og:url\" content=\"https:\/\/apuntesdesanluis.com\/index.php\/2024\/05\/27\/poggi-reitero-al-presidente-hay-que-darle-las-herramientas-para-gobernar\/\" \/>\n<meta property=\"og:site_name\" content=\"Apuntes de San Luis\" \/>\n<meta property=\"article:published_time\" content=\"2024-05-28T02:40:57+00:00\" \/>\n<meta property=\"article:modified_time\" content=\"2024-05-28T11:41:45+00:00\" \/>\n<meta property=\"og:image\" content=\"https:\/\/apuntesdesanluis.com\/wp-content\/uploads\/2024\/05\/DIEGO-POGGI.png\" \/>\n\t<meta property=\"og:image:width\" content=\"500\" \/>\n\t<meta property=\"og:image:height\" content=\"318\" \/>\n\t<meta property=\"og:image:type\" content=\"image\/png\" \/>\n<meta name=\"author\" content=\"apuntesdesanluis.com\" \/>\n<meta name=\"twitter:card\" content=\"summary_large_image\" \/>\n<meta name=\"twitter:label1\" content=\"Escrito por\" \/>\n\t<meta name=\"twitter:data1\" content=\"apuntesdesanluis.com\" \/>\n\t<meta name=\"twitter:label2\" content=\"Tiempo de lectura\" \/>\n\t<meta name=\"twitter:data2\" content=\"2 minutos\" \/>\n<script type=\"application\/ld+json\" class=\"yoast-schema-graph\">{\"@context\":\"https:\/\/schema.org\",\"@graph\":[{\"@type\":\"Article\",\"@id\":\"https:\/\/apuntesdesanluis.com\/index.php\/2024\/05\/27\/poggi-reitero-al-presidente-hay-que-darle-las-herramientas-para-gobernar\/#article\",\"isPartOf\":{\"@id\":\"https:\/\/apuntesdesanluis.com\/index.php\/2024\/05\/27\/poggi-reitero-al-presidente-hay-que-darle-las-herramientas-para-gobernar\/\"},\"author\":{\"name\":\"apuntesdesanluis.com\",\"@id\":\"https:\/\/apuntesdesanluis.com\/#\/schema\/person\/b55151d52296fcce64d1a72538a70b90\"},\"headline\":\"POGGI REITER\u00d3 QUE \u201cAL PRESIDENTE HAY QUE DARLE LAS HERRAMIENTAS PARA GOBERNAR\u201d\",\"datePublished\":\"2024-05-28T02:40:57+00:00\",\"dateModified\":\"2024-05-28T11:41:45+00:00\",\"mainEntityOfPage\":{\"@id\":\"https:\/\/apuntesdesanluis.com\/index.php\/2024\/05\/27\/poggi-reitero-al-presidente-hay-que-darle-las-herramientas-para-gobernar\/\"},\"wordCount\":288,\"publisher\":{\"@id\":\"https:\/\/apuntesdesanluis.com\/#\/schema\/person\/b55151d52296fcce64d1a72538a70b90\"},\"image\":{\"@id\":\"https:\/\/apuntesdesanluis.com\/index.php\/2024\/05\/27\/poggi-reitero-al-presidente-hay-que-darle-las-herramientas-para-gobernar\/#primaryimage\"},\"thumbnailUrl\":\"https:\/\/apuntesdesanluis.com\/wp-content\/uploads\/2024\/05\/DIEGO-POGGI.png\",\"articleSection\":[\"Ciudad\/Provincia\"],\"inLanguage\":\"es-AR\"},{\"@type\":\"WebPage\",\"@id\":\"https:\/\/apuntesdesanluis.com\/index.php\/2024\/05\/27\/poggi-reitero-al-presidente-hay-que-darle-las-herramientas-para-gobernar\/\",\"url\":\"https:\/\/apuntesdesanluis.com\/index.php\/2024\/05\/27\/poggi-reitero-al-presidente-hay-que-darle-las-herramientas-para-gobernar\/\",\"name\":\"POGGI REITER\u00d3 QUE \u201cAL PRESIDENTE HAY QUE DARLE LAS HERRAMIENTAS PARA GOBERNAR\u201d - Apuntes de San Luis\",\"isPartOf\":{\"@id\":\"https:\/\/apuntesdesanluis.com\/#website\"},\"primaryImageOfPage\":{\"@id\":\"https:\/\/apuntesdesanluis.com\/index.php\/2024\/05\/27\/poggi-reitero-al-presidente-hay-que-darle-las-herramientas-para-gobernar\/#primaryimage\"},\"image\":{\"@id\":\"https:\/\/apuntesdesanluis.com\/index.php\/2024\/05\/27\/poggi-reitero-al-presidente-hay-que-darle-las-herramientas-para-gobernar\/#primaryimage\"},\"thumbnailUrl\":\"https:\/\/apuntesdesanluis.com\/wp-content\/uploads\/2024\/05\/DIEGO-POGGI.png\",\"datePublished\":\"2024-05-28T02:40:57+00:00\",\"dateModified\":\"2024-05-28T11:41:45+00:00\",\"breadcrumb\":{\"@id\":\"https:\/\/apuntesdesanluis.com\/index.php\/2024\/05\/27\/poggi-reitero-al-presidente-hay-que-darle-las-herramientas-para-gobernar\/#breadcrumb\"},\"inLanguage\":\"es-AR\",\"potentialAction\":[{\"@type\":\"ReadAction\",\"target\":[\"https:\/\/apuntesdesanluis.com\/index.php\/2024\/05\/27\/poggi-reitero-al-presidente-hay-que-darle-las-herramientas-para-gobernar\/\"]}]},{\"@type\":\"ImageObject\",\"inLanguage\":\"es-AR\",\"@id\":\"https:\/\/apuntesdesanluis.com\/index.php\/2024\/05\/27\/poggi-reitero-al-presidente-hay-que-darle-las-herramientas-para-gobernar\/#primaryimage\",\"url\":\"https:\/\/apuntesdesanluis.com\/wp-content\/uploads\/2024\/05\/DIEGO-POGGI.png\",\"contentUrl\":\"https:\/\/apuntesdesanluis.com\/wp-content\/uploads\/2024\/05\/DIEGO-POGGI.png\",\"width\":500,\"height\":318},{\"@type\":\"BreadcrumbList\",\"@id\":\"https:\/\/apuntesdesanluis.com\/index.php\/2024\/05\/27\/poggi-reitero-al-presidente-hay-que-darle-las-herramientas-para-gobernar\/#breadcrumb\",\"itemListElement\":[{\"@type\":\"ListItem\",\"position\":1,\"name\":\"Inicio\",\"item\":\"https:\/\/apuntesdesanluis.com\/\"},{\"@type\":\"ListItem\",\"position\":2,\"name\":\"POGGI REITER\u00d3 QUE \u201cAL PRESIDENTE HAY QUE DARLE LAS HERRAMIENTAS PARA GOBERNAR\u201d\"}]},{\"@type\":\"WebSite\",\"@id\":\"https:\/\/apuntesdesanluis.com\/#website\",\"url\":\"https:\/\/apuntesdesanluis.com\/\",\"name\":\"Apuntes de San Luis\",\"description\":\"\",\"publisher\":{\"@id\":\"https:\/\/apuntesdesanluis.com\/#\/schema\/person\/b55151d52296fcce64d1a72538a70b90\"},\"potentialAction\":[{\"@type\":\"SearchAction\",\"target\":{\"@type\":\"EntryPoint\",\"urlTemplate\":\"https:\/\/apuntesdesanluis.com\/?s={search_term_string}\"},\"query-input\":{\"@type\":\"PropertyValueSpecification\",\"valueRequired\":true,\"valueName\":\"search_term_string\"}}],\"inLanguage\":\"es-AR\"},{\"@type\":[\"Person\",\"Organization\"],\"@id\":\"https:\/\/apuntesdesanluis.com\/#\/schema\/person\/b55151d52296fcce64d1a72538a70b90\",\"name\":\"apuntesdesanluis.com\",\"image\":{\"@type\":\"ImageObject\",\"inLanguage\":\"es-AR\",\"@id\":\"https:\/\/apuntesdesanluis.com\/#\/schema\/person\/image\/\",\"url\":\"https:\/\/apuntesdesanluis.com\/wp-content\/uploads\/2023\/07\/cropped-apuntesdesanluis.png\",\"contentUrl\":\"https:\/\/apuntesdesanluis.com\/wp-content\/uploads\/2023\/07\/cropped-apuntesdesanluis.png\",\"width\":450,\"height\":112,\"caption\":\"apuntesdesanluis.com\"},\"logo\":{\"@id\":\"https:\/\/apuntesdesanluis.com\/#\/schema\/person\/image\/\"},\"sameAs\":[\"https:\/\/apuntesdesanluis.com\"],\"url\":\"https:\/\/apuntesdesanluis.com\/index.php\/author\/apuntesdesanluis-com\/\"}]}<\/script>\n<!-- \/ Yoast SEO plugin. -->","yoast_head_json":{"title":"POGGI REITER\u00d3 QUE \u201cAL PRESIDENTE HAY QUE DARLE LAS HERRAMIENTAS PARA GOBERNAR\u201d - Apuntes de San Luis","robots":{"index":"index","follow":"follow","max-snippet":"max-snippet:-1","max-image-preview":"max-image-preview:large","max-video-preview":"max-video-preview:-1"},"canonical":"https:\/\/apuntesdesanluis.com\/index.php\/2024\/05\/27\/poggi-reitero-al-presidente-hay-que-darle-las-herramientas-para-gobernar\/","og_locale":"es_ES","og_type":"article","og_title":"POGGI REITER\u00d3 QUE \u201cAL PRESIDENTE HAY QUE DARLE LAS HERRAMIENTAS PARA GOBERNAR\u201d - Apuntes de San Luis","og_description":"El gobernador, Claudio Poggi, aprovech\u00f3 la presencia de la ministra de Seguridad de la Naci\u00f3n,...","og_url":"https:\/\/apuntesdesanluis.com\/index.php\/2024\/05\/27\/poggi-reitero-al-presidente-hay-que-darle-las-herramientas-para-gobernar\/","og_site_name":"Apuntes de San Luis","article_published_time":"2024-05-28T02:40:57+00:00","article_modified_time":"2024-05-28T11:41:45+00:00","og_image":[{"width":500,"height":318,"url":"https:\/\/apuntesdesanluis.com\/wp-content\/uploads\/2024\/05\/DIEGO-POGGI.png","type":"image\/png"}],"author":"apuntesdesanluis.com","twitter_card":"summary_large_image","twitter_misc":{"Escrito por":"apuntesdesanluis.com","Tiempo de lectura":"2 minutos"},"schema":{"@context":"https:\/\/schema.org","@graph":[{"@type":"Article","@id":"https:\/\/apuntesdesanluis.com\/index.php\/2024\/05\/27\/poggi-reitero-al-presidente-hay-que-darle-las-herramientas-para-gobernar\/#article","isPartOf":{"@id":"https:\/\/apuntesdesanluis.com\/index.php\/2024\/05\/27\/poggi-reitero-al-presidente-hay-que-darle-las-herramientas-para-gobernar\/"},"author":{"name":"apuntesdesanluis.com","@id":"https:\/\/apuntesdesanluis.com\/#\/schema\/person\/b55151d52296fcce64d1a72538a70b90"},"headline":"POGGI REITER\u00d3 QUE \u201cAL PRESIDENTE HAY QUE DARLE LAS HERRAMIENTAS PARA GOBERNAR\u201d","datePublished":"2024-05-28T02:40:57+00:00","dateModified":"2024-05-28T11:41:45+00:00","mainEntityOfPage":{"@id":"https:\/\/apuntesdesanluis.com\/index.php\/2024\/05\/27\/poggi-reitero-al-presidente-hay-que-darle-las-herramientas-para-gobernar\/"},"wordCount":288,"publisher":{"@id":"https:\/\/apuntesdesanluis.com\/#\/schema\/person\/b55151d52296fcce64d1a72538a70b90"},"image":{"@id":"https:\/\/apuntesdesanluis.com\/index.php\/2024\/05\/27\/poggi-reitero-al-presidente-hay-que-darle-las-herramientas-para-gobernar\/#primaryimage"},"thumbnailUrl":"https:\/\/apuntesdesanluis.com\/wp-content\/uploads\/2024\/05\/DIEGO-POGGI.png","articleSection":["Ciudad\/Provincia"],"inLanguage":"es-AR"},{"@type":"WebPage","@id":"https:\/\/apuntesdesanluis.com\/index.php\/2024\/05\/27\/poggi-reitero-al-presidente-hay-que-darle-las-herramientas-para-gobernar\/","url":"https:\/\/apuntesdesanluis.com\/index.php\/2024\/05\/27\/poggi-reitero-al-presidente-hay-que-darle-las-herramientas-para-gobernar\/","name":"POGGI REITER\u00d3 QUE \u201cAL PRESIDENTE HAY QUE DARLE LAS HERRAMIENTAS PARA GOBERNAR\u201d - Apuntes de San Luis","isPartOf":{"@id":"https:\/\/apuntesdesanluis.com\/#website"},"primaryImageOfPage":{"@id":"https:\/\/apuntesdesanluis.com\/index.php\/2024\/05\/27\/poggi-reitero-al-presidente-hay-que-darle-las-herramientas-para-gobernar\/#primaryimage"},"image":{"@id":"https:\/\/apuntesdesanluis.com\/index.php\/2024\/05\/27\/poggi-reitero-al-presidente-hay-que-darle-las-herramientas-para-gobernar\/#primaryimage"},"thumbnailUrl":"https:\/\/apuntesdesanluis.com\/wp-content\/uploads\/2024\/05\/DIEGO-POGGI.png","datePublished":"2024-05-28T02:40:57+00:00","dateModified":"2024-05-28T11:41:45+00:00","breadcrumb":{"@id":"https:\/\/apuntesdesanluis.com\/index.php\/2024\/05\/27\/poggi-reitero-al-presidente-hay-que-darle-las-herramientas-para-gobernar\/#breadcrumb"},"inLanguage":"es-AR","potentialAction":[{"@type":"ReadAction","target":["https:\/\/apuntesdesanluis.com\/index.php\/2024\/05\/27\/poggi-reitero-al-presidente-hay-que-darle-las-herramientas-para-gobernar\/"]}]},{"@type":"ImageObject","inLanguage":"es-AR","@id":"https:\/\/apuntesdesanluis.com\/index.php\/2024\/05\/27\/poggi-reitero-al-presidente-hay-que-darle-las-herramientas-para-gobernar\/#primaryimage","url":"https:\/\/apuntesdesanluis.com\/wp-content\/uploads\/2024\/05\/DIEGO-POGGI.png","contentUrl":"https:\/\/apuntesdesanluis.com\/wp-content\/uploads\/2024\/05\/DIEGO-POGGI.png","width":500,"height":318},{"@type":"BreadcrumbList","@id":"https:\/\/apuntesdesanluis.com\/index.php\/2024\/05\/27\/poggi-reitero-al-presidente-hay-que-darle-las-herramientas-para-gobernar\/#breadcrumb","itemListElement":[{"@type":"ListItem","position":1,"name":"Inicio","item":"https:\/\/apuntesdesanluis.com\/"},{"@type":"ListItem","position":2,"name":"POGGI REITER\u00d3 QUE \u201cAL PRESIDENTE HAY QUE DARLE LAS HERRAMIENTAS PARA GOBERNAR\u201d"}]},{"@type":"WebSite","@id":"https:\/\/apuntesdesanluis.com\/#website","url":"https:\/\/apuntesdesanluis.com\/","name":"Apuntes de San Luis","description":"","publisher":{"@id":"https:\/\/apuntesdesanluis.com\/#\/schema\/person\/b55151d52296fcce64d1a72538a70b90"},"potentialAction":[{"@type":"SearchAction","target":{"@type":"EntryPoint","urlTemplate":"https:\/\/apuntesdesanluis.com\/?s={search_term_string}"},"query-input":{"@type":"PropertyValueSpecification","valueRequired":true,"valueName":"search_term_string"}}],"inLanguage":"es-AR"},{"@type":["Person","Organization"],"@id":"https:\/\/apuntesdesanluis.com\/#\/schema\/person\/b55151d52296fcce64d1a72538a70b90","name":"apuntesdesanluis.com","image":{"@type":"ImageObject","inLanguage":"es-AR","@id":"https:\/\/apuntesdesanluis.com\/#\/schema\/person\/image\/","url":"https:\/\/apuntesdesanluis.com\/wp-content\/uploads\/2023\/07\/cropped-apuntesdesanluis.png","contentUrl":"https:\/\/apuntesdesanluis.com\/wp-content\/uploads\/2023\/07\/cropped-apuntesdesanluis.png","width":450,"height":112,"caption":"apuntesdesanluis.com"},"logo":{"@id":"https:\/\/apuntesdesanluis.com\/#\/schema\/person\/image\/"},"sameAs":["https:\/\/apuntesdesanluis.com"],"url":"https:\/\/apuntesdesanluis.com\/index.php\/author\/apuntesdesanluis-com\/"}]}},"featured_image_urls":{"full":["https:\/\/apuntesdesanluis.com\/wp-content\/uploads\/2024\/05\/DIEGO-POGGI.png",500,318,false],"thumbnail":["https:\/\/apuntesdesanluis.com\/wp-content\/uploads\/2024\/05\/DIEGO-POGGI-150x150.png",150,150,true],"medium":["https:\/\/apuntesdesanluis.com\/wp-content\/uploads\/2024\/05\/DIEGO-POGGI-300x191.png",300,191,true],"medium_large":["https:\/\/apuntesdesanluis.com\/wp-content\/uploads\/2024\/05\/DIEGO-POGGI.png",500,318,false],"large":["https:\/\/apuntesdesanluis.com\/wp-content\/uploads\/2024\/05\/DIEGO-POGGI.png",500,318,false],"1536x1536":["https:\/\/apuntesdesanluis.com\/wp-content\/uploads\/2024\/05\/DIEGO-POGGI.png",500,318,false],"2048x2048":["https:\/\/apuntesdesanluis.com\/wp-content\/uploads\/2024\/05\/DIEGO-POGGI.png",500,318,false],"newsever-slider-full":["https:\/\/apuntesdesanluis.com\/wp-content\/uploads\/2024\/05\/DIEGO-POGGI.png",500,318,false],"newsever-featured":["https:\/\/apuntesdesanluis.com\/wp-content\/uploads\/2024\/05\/DIEGO-POGGI.png",500,318,false],"newsever-medium":["https:\/\/apuntesdesanluis.com\/wp-content\/uploads\/2024\/05\/DIEGO-POGGI.png",500,318,false]},"author_info":{"display_name":"apuntesdesanluis.com","author_link":"https:\/\/apuntesdesanluis.com\/index.php\/author\/apuntesdesanluis-com\/"},"category_info":"<a href=\"https:\/\/apuntesdesanluis.com\/index.php\/category\/ciudad-provincia\/\" rel=\"category tag\">Ciudad\/Provincia<\/a>","tag_info":"Ciudad\/Provincia","comment_count":"0","_links":{"self":[{"href":"https:\/\/apuntesdesanluis.com\/index.php\/wp-json\/wp\/v2\/posts\/16940","targetHints":{"allow":["GET"]}}],"collection":[{"href":"https:\/\/apuntesdesanluis.com\/index.php\/wp-json\/wp\/v2\/posts"}],"about":[{"href":"https:\/\/apuntesdesanluis.com\/index.php\/wp-json\/wp\/v2\/types\/post"}],"author":[{"embeddable":true,"href":"https:\/\/apuntesdesanluis.com\/index.php\/wp-json\/wp\/v2\/users\/1"}],"replies":[{"embeddable":true,"href":"https:\/\/apuntesdesanluis.com\/index.php\/wp-json\/wp\/v2\/comments?post=16940"}],"version-history":[{"count":2,"href":"https:\/\/apuntesdesanluis.com\/index.php\/wp-json\/wp\/v2\/posts\/16940\/revisions"}],"predecessor-version":[{"id":16943,"href":"https:\/\/apuntesdesanluis.com\/index.php\/wp-json\/wp\/v2\/posts\/16940\/revisions\/16943"}],"wp:featuredmedia":[{"embeddable":true,"href":"https:\/\/apuntesdesanluis.com\/index.php\/wp-json\/wp\/v2\/media\/16941"}],"wp:attachment":[{"href":"https:\/\/apuntesdesanluis.com\/index.php\/wp-json\/wp\/v2\/media?parent=16940"}],"wp:term":[{"taxonomy":"category","embeddable":true,"href":"https:\/\/apuntesdesanluis.com\/index.php\/wp-json\/wp\/v2\/categories?post=16940"},{"taxonomy":"post_tag","embeddable":true,"href":"https:\/\/apuntesdesanluis.com\/index.php\/wp-json\/wp\/v2\/tags?post=16940"}],"curies":[{"name":"wp","href":"https:\/\/api.w.org\/{rel}","templated":true}]}}