{"id":16944,"date":"2024-05-27T21:46:11","date_gmt":"2024-05-28T00:46:11","guid":{"rendered":"https:\/\/apuntesdesanluis.com\/?p=16944"},"modified":"2024-05-28T08:48:31","modified_gmt":"2024-05-28T11:48:31","slug":"el-papa-francisco-revelo-cuando-podria-visitar-la-argentina","status":"publish","type":"post","link":"https:\/\/apuntesdesanluis.com\/index.php\/2024\/05\/27\/el-papa-francisco-revelo-cuando-podria-visitar-la-argentina\/","title":{"rendered":"EL PAPA FRANCISCO REVEL\u00d3 CU\u00c1NDO PODR\u00cdA VISITAR LA ARGENTINA"},"content":{"rendered":"<h3>El <strong>Papa Francisco<\/strong> coment\u00f3 hoy que est\u00e1 en sus planes viajar a la Argentina ya sea a finales de noviembre o a comienzos del a\u00f1o pr\u00f3ximo.<\/h3>\n<h3>Si bien ya hab\u00eda manifestado sus intenciones de regresar -por primera vez desde que es Sumo Pont\u00edfice- a la tierra que lo vio nacer, esta es la primera vez que pone fechas m\u00e1s concretas.<\/h3>\n<h3>As\u00ed se desprende de la respuesta que le brind\u00f3 a tres ni\u00f1os de parroquias de Villa Lugano y Mataderos que lo fueron a visitar al Vaticano. \u201c\u00bfCu\u00e1ndo ven\u00eds a la Argentina?\u201d, le preguntaron con inter\u00e9s, seg\u00fan inform\u00f3 la Agencia Informativa Cat\u00f3lica Argentina (AICA).<\/h3>\n<h3>&#8220;Me gustar\u00eda ir para fines de noviembre o principios del a\u00f1o que viene&#8221;, respondi\u00f3 el Papa a los chicos, que lo fueron a conocer a la Santa Sede junto a sus madres, con la compa\u00f1\u00eda del presb\u00edtero Iv\u00e1n Dornelles, secretario ejecutivo de la Vicar\u00eda de Ni\u00f1os de la arquidi\u00f3cesis de Buenos Aires.<\/h3>\n<h3>En febrero pasado, el Papa recibi\u00f3 en Roma al presidente Javier Milei, quien aprovech\u00f3 la ocasi\u00f3n para extenderle una invitaci\u00f3n al pa\u00eds, comprometi\u00e9ndose a recibirlo con los honores de un jefe de Estado.<\/h3>\n<h3>Durante la visita de las familias argentinas en la Santa Sede, el Papa recibi\u00f3 como obsequio un ejemplar del libro del periodista y escritor Ceferino Reato sobre el padre Carlos Mugica.<\/h3>\n<h3><strong>PEDIDO DE RENUNCIA AL ARZOBISPO DE LA PLATA<\/strong><\/h3>\n<h3>En otro orden, Francisco le pidi\u00f3 la renuncia al arzobispo de La Plata, monse\u00f1or Gabriel Mestre, noticia que gener\u00f3 un fuerte cimbronazo en el Episcopado argentino.<\/h3>\n<h3>A los 55 a\u00f1os, Mestre se vio obligado a presentar su renuncia, que fue aceptada este lunes por el Sumo Pont\u00edfice, seg\u00fan anunci\u00f3 este lunes el bolet\u00edn diario del Vaticano.<\/h3>\n<h3>\u201cEl Santo Padre acept\u00f3 la renuncia al gobierno pastoral de la Arquidi\u00f3cesis Metropolitana de La Plata (Argentina), presentada por su Excelencia -Reverend\u00edsima monse\u00f1or Gabriel Antonio Mestre\u201d, se indic\u00f3.<\/h3>\n<h3>Mestre hab\u00eda sido proclamado el 28 de julio del a\u00f1o pasado el propio Papa como arzobispo de la segunda di\u00f3cesis m\u00e1s importante del pa\u00eds, para reemplazar al hoy cardenal V\u00edctor Manuel \u201cTucho\u201d Fern\u00e1ndez, que llev\u00f3 a Roma para presidir el Dicasterio para la Doctrina de la Fe.<\/h3>\n<h3>Apenas un a\u00f1o dur\u00f3 en el cargo ahora que fue desplazado por razones que se desconocen. Normalmente los reemplazos se producen por llegar al l\u00edmite de edad de 75 a\u00f1os, por enfermedad, muerte o bien por promoci\u00f3n a un cargo de mayor jerarqu\u00eda, pero nada de eso sucedi\u00f3 con Mestre.<\/h3>\n<h3>\u201cEn la Ciudad Eterna, despu\u00e9s de confrontar algunas percepciones distintas con lo acontecido en la di\u00f3cesis de Mar del Plata desde noviembre de 2023 hasta la actualidad, el papa Francisco me pidi\u00f3 la renuncia a la sede platense\u201d, explic\u00f3 Mestre.<\/h3>\n<h3>\u201cCon profunda paz y total rectitud de conciencia ante Dios por c\u00f3mo obr\u00e9, confiando en que la Verdad nos hace libres y con obediencia filial y teologal al Santo Padre, inmediatamente redact\u00e9 mi renuncia, que fue aceptada y hecha p\u00fablica el d\u00eda de hoy\u201d, agreg\u00f3.<\/h3>\n<h3>Antes de asumir en el arzobispado platense, Mestre hab\u00eda sido designado obispo de Mar del Plata el 18 de julio de 2017, cuando se convirti\u00f3 en el primer marplatense en ocupar ese cargo. Fue reemplazado primero de forma interina por el Padre Luis Alb\u00f3niga, que se hab\u00eda desempe\u00f1ado como su vicario general, y luego por monse\u00f1or Jos\u00e9 Mar\u00eda Bali\u00f1a, hasta entonces obispo auxiliar de Buenos Aires.<\/h3>\n<h3>Por problemas de salud, el Papa debi\u00f3 hacer una nueva designaci\u00f3n para ocupar el obispado de Mar del Plata, y coloc\u00f3 all\u00ed a monse\u00f1or Gustavo Manuel Larraz\u00e1bal.<\/h3>\n<p>&nbsp;<\/p>\n<p>&nbsp;<\/p>\n<p>&nbsp;<\/p>\n<h3><\/h3>\n<h3><\/h3>\n<h3><\/h3>\n","protected":false},"excerpt":{"rendered":"<p>El Papa Francisco coment\u00f3 hoy que est\u00e1 en sus planes viajar a la Argentina ya&#8230;<\/p>\n","protected":false},"author":1,"featured_media":16945,"comment_status":"closed","ping_status":"closed","sticky":false,"template":"","format":"standard","meta":{"footnotes":""},"categories":[5],"tags":[],"class_list":["post-16944","post","type-post","status-publish","format-standard","has-post-thumbnail","hentry","category-nacionales-internacionales"],"yoast_head":"<!-- This site is optimized with the Yoast SEO plugin v26.1.1 - https:\/\/yoast.com\/wordpress\/plugins\/seo\/ -->\n<title>EL PAPA FRANCISCO REVEL\u00d3 CU\u00c1NDO PODR\u00cdA VISITAR LA ARGENTINA - Apuntes de San Luis<\/title>\n<meta name=\"robots\" content=\"index, follow, max-snippet:-1, max-image-preview:large, max-video-preview:-1\" \/>\n<link rel=\"canonical\" href=\"https:\/\/apuntesdesanluis.com\/index.php\/2024\/05\/27\/el-papa-francisco-revelo-cuando-podria-visitar-la-argentina\/\" \/>\n<meta property=\"og:locale\" content=\"es_ES\" \/>\n<meta property=\"og:type\" content=\"article\" \/>\n<meta property=\"og:title\" content=\"EL PAPA FRANCISCO REVEL\u00d3 CU\u00c1NDO PODR\u00cdA VISITAR LA ARGENTINA - Apuntes de San Luis\" \/>\n<meta property=\"og:description\" content=\"El Papa Francisco coment\u00f3 hoy que est\u00e1 en sus planes viajar a la Argentina ya...\" \/>\n<meta property=\"og:url\" content=\"https:\/\/apuntesdesanluis.com\/index.php\/2024\/05\/27\/el-papa-francisco-revelo-cuando-podria-visitar-la-argentina\/\" \/>\n<meta property=\"og:site_name\" content=\"Apuntes de San Luis\" \/>\n<meta property=\"article:published_time\" content=\"2024-05-28T00:46:11+00:00\" \/>\n<meta property=\"article:modified_time\" content=\"2024-05-28T11:48:31+00:00\" \/>\n<meta property=\"og:image\" content=\"https:\/\/apuntesdesanluis.com\/wp-content\/uploads\/2024\/05\/PAPA-FRANCISCO.png\" \/>\n\t<meta property=\"og:image:width\" content=\"625\" \/>\n\t<meta property=\"og:image:height\" content=\"367\" \/>\n\t<meta property=\"og:image:type\" content=\"image\/png\" \/>\n<meta name=\"author\" content=\"apuntesdesanluis.com\" \/>\n<meta name=\"twitter:card\" content=\"summary_large_image\" \/>\n<meta name=\"twitter:label1\" content=\"Escrito por\" \/>\n\t<meta name=\"twitter:data1\" content=\"apuntesdesanluis.com\" \/>\n\t<meta name=\"twitter:label2\" content=\"Tiempo de lectura\" \/>\n\t<meta name=\"twitter:data2\" content=\"3 minutos\" \/>\n<script type=\"application\/ld+json\" class=\"yoast-schema-graph\">{\"@context\":\"https:\/\/schema.org\",\"@graph\":[{\"@type\":\"Article\",\"@id\":\"https:\/\/apuntesdesanluis.com\/index.php\/2024\/05\/27\/el-papa-francisco-revelo-cuando-podria-visitar-la-argentina\/#article\",\"isPartOf\":{\"@id\":\"https:\/\/apuntesdesanluis.com\/index.php\/2024\/05\/27\/el-papa-francisco-revelo-cuando-podria-visitar-la-argentina\/\"},\"author\":{\"name\":\"apuntesdesanluis.com\",\"@id\":\"https:\/\/apuntesdesanluis.com\/#\/schema\/person\/b55151d52296fcce64d1a72538a70b90\"},\"headline\":\"EL PAPA FRANCISCO REVEL\u00d3 CU\u00c1NDO PODR\u00cdA VISITAR LA ARGENTINA\",\"datePublished\":\"2024-05-28T00:46:11+00:00\",\"dateModified\":\"2024-05-28T11:48:31+00:00\",\"mainEntityOfPage\":{\"@id\":\"https:\/\/apuntesdesanluis.com\/index.php\/2024\/05\/27\/el-papa-francisco-revelo-cuando-podria-visitar-la-argentina\/\"},\"wordCount\":652,\"publisher\":{\"@id\":\"https:\/\/apuntesdesanluis.com\/#\/schema\/person\/b55151d52296fcce64d1a72538a70b90\"},\"image\":{\"@id\":\"https:\/\/apuntesdesanluis.com\/index.php\/2024\/05\/27\/el-papa-francisco-revelo-cuando-podria-visitar-la-argentina\/#primaryimage\"},\"thumbnailUrl\":\"https:\/\/apuntesdesanluis.com\/wp-content\/uploads\/2024\/05\/PAPA-FRANCISCO.png\",\"articleSection\":[\"Nacionales\/Internacionales\"],\"inLanguage\":\"es-AR\"},{\"@type\":\"WebPage\",\"@id\":\"https:\/\/apuntesdesanluis.com\/index.php\/2024\/05\/27\/el-papa-francisco-revelo-cuando-podria-visitar-la-argentina\/\",\"url\":\"https:\/\/apuntesdesanluis.com\/index.php\/2024\/05\/27\/el-papa-francisco-revelo-cuando-podria-visitar-la-argentina\/\",\"name\":\"EL PAPA FRANCISCO REVEL\u00d3 CU\u00c1NDO PODR\u00cdA VISITAR LA ARGENTINA - Apuntes de San Luis\",\"isPartOf\":{\"@id\":\"https:\/\/apuntesdesanluis.com\/#website\"},\"primaryImageOfPage\":{\"@id\":\"https:\/\/apuntesdesanluis.com\/index.php\/2024\/05\/27\/el-papa-francisco-revelo-cuando-podria-visitar-la-argentina\/#primaryimage\"},\"image\":{\"@id\":\"https:\/\/apuntesdesanluis.com\/index.php\/2024\/05\/27\/el-papa-francisco-revelo-cuando-podria-visitar-la-argentina\/#primaryimage\"},\"thumbnailUrl\":\"https:\/\/apuntesdesanluis.com\/wp-content\/uploads\/2024\/05\/PAPA-FRANCISCO.png\",\"datePublished\":\"2024-05-28T00:46:11+00:00\",\"dateModified\":\"2024-05-28T11:48:31+00:00\",\"breadcrumb\":{\"@id\":\"https:\/\/apuntesdesanluis.com\/index.php\/2024\/05\/27\/el-papa-francisco-revelo-cuando-podria-visitar-la-argentina\/#breadcrumb\"},\"inLanguage\":\"es-AR\",\"potentialAction\":[{\"@type\":\"ReadAction\",\"target\":[\"https:\/\/apuntesdesanluis.com\/index.php\/2024\/05\/27\/el-papa-francisco-revelo-cuando-podria-visitar-la-argentina\/\"]}]},{\"@type\":\"ImageObject\",\"inLanguage\":\"es-AR\",\"@id\":\"https:\/\/apuntesdesanluis.com\/index.php\/2024\/05\/27\/el-papa-francisco-revelo-cuando-podria-visitar-la-argentina\/#primaryimage\",\"url\":\"https:\/\/apuntesdesanluis.com\/wp-content\/uploads\/2024\/05\/PAPA-FRANCISCO.png\",\"contentUrl\":\"https:\/\/apuntesdesanluis.com\/wp-content\/uploads\/2024\/05\/PAPA-FRANCISCO.png\",\"width\":625,\"height\":367},{\"@type\":\"BreadcrumbList\",\"@id\":\"https:\/\/apuntesdesanluis.com\/index.php\/2024\/05\/27\/el-papa-francisco-revelo-cuando-podria-visitar-la-argentina\/#breadcrumb\",\"itemListElement\":[{\"@type\":\"ListItem\",\"position\":1,\"name\":\"Inicio\",\"item\":\"https:\/\/apuntesdesanluis.com\/\"},{\"@type\":\"ListItem\",\"position\":2,\"name\":\"EL PAPA FRANCISCO REVEL\u00d3 CU\u00c1NDO PODR\u00cdA VISITAR LA ARGENTINA\"}]},{\"@type\":\"WebSite\",\"@id\":\"https:\/\/apuntesdesanluis.com\/#website\",\"url\":\"https:\/\/apuntesdesanluis.com\/\",\"name\":\"Apuntes de San Luis\",\"description\":\"\",\"publisher\":{\"@id\":\"https:\/\/apuntesdesanluis.com\/#\/schema\/person\/b55151d52296fcce64d1a72538a70b90\"},\"potentialAction\":[{\"@type\":\"SearchAction\",\"target\":{\"@type\":\"EntryPoint\",\"urlTemplate\":\"https:\/\/apuntesdesanluis.com\/?s={search_term_string}\"},\"query-input\":{\"@type\":\"PropertyValueSpecification\",\"valueRequired\":true,\"valueName\":\"search_term_string\"}}],\"inLanguage\":\"es-AR\"},{\"@type\":[\"Person\",\"Organization\"],\"@id\":\"https:\/\/apuntesdesanluis.com\/#\/schema\/person\/b55151d52296fcce64d1a72538a70b90\",\"name\":\"apuntesdesanluis.com\",\"image\":{\"@type\":\"ImageObject\",\"inLanguage\":\"es-AR\",\"@id\":\"https:\/\/apuntesdesanluis.com\/#\/schema\/person\/image\/\",\"url\":\"https:\/\/apuntesdesanluis.com\/wp-content\/uploads\/2023\/07\/cropped-apuntesdesanluis.png\",\"contentUrl\":\"https:\/\/apuntesdesanluis.com\/wp-content\/uploads\/2023\/07\/cropped-apuntesdesanluis.png\",\"width\":450,\"height\":112,\"caption\":\"apuntesdesanluis.com\"},\"logo\":{\"@id\":\"https:\/\/apuntesdesanluis.com\/#\/schema\/person\/image\/\"},\"sameAs\":[\"https:\/\/apuntesdesanluis.com\"],\"url\":\"https:\/\/apuntesdesanluis.com\/index.php\/author\/apuntesdesanluis-com\/\"}]}<\/script>\n<!-- \/ Yoast SEO plugin. -->","yoast_head_json":{"title":"EL PAPA FRANCISCO REVEL\u00d3 CU\u00c1NDO PODR\u00cdA VISITAR LA ARGENTINA - Apuntes de San Luis","robots":{"index":"index","follow":"follow","max-snippet":"max-snippet:-1","max-image-preview":"max-image-preview:large","max-video-preview":"max-video-preview:-1"},"canonical":"https:\/\/apuntesdesanluis.com\/index.php\/2024\/05\/27\/el-papa-francisco-revelo-cuando-podria-visitar-la-argentina\/","og_locale":"es_ES","og_type":"article","og_title":"EL PAPA FRANCISCO REVEL\u00d3 CU\u00c1NDO PODR\u00cdA VISITAR LA ARGENTINA - Apuntes de San Luis","og_description":"El Papa Francisco coment\u00f3 hoy que est\u00e1 en sus planes viajar a la Argentina ya...","og_url":"https:\/\/apuntesdesanluis.com\/index.php\/2024\/05\/27\/el-papa-francisco-revelo-cuando-podria-visitar-la-argentina\/","og_site_name":"Apuntes de San Luis","article_published_time":"2024-05-28T00:46:11+00:00","article_modified_time":"2024-05-28T11:48:31+00:00","og_image":[{"width":625,"height":367,"url":"https:\/\/apuntesdesanluis.com\/wp-content\/uploads\/2024\/05\/PAPA-FRANCISCO.png","type":"image\/png"}],"author":"apuntesdesanluis.com","twitter_card":"summary_large_image","twitter_misc":{"Escrito por":"apuntesdesanluis.com","Tiempo de lectura":"3 minutos"},"schema":{"@context":"https:\/\/schema.org","@graph":[{"@type":"Article","@id":"https:\/\/apuntesdesanluis.com\/index.php\/2024\/05\/27\/el-papa-francisco-revelo-cuando-podria-visitar-la-argentina\/#article","isPartOf":{"@id":"https:\/\/apuntesdesanluis.com\/index.php\/2024\/05\/27\/el-papa-francisco-revelo-cuando-podria-visitar-la-argentina\/"},"author":{"name":"apuntesdesanluis.com","@id":"https:\/\/apuntesdesanluis.com\/#\/schema\/person\/b55151d52296fcce64d1a72538a70b90"},"headline":"EL PAPA FRANCISCO REVEL\u00d3 CU\u00c1NDO PODR\u00cdA VISITAR LA ARGENTINA","datePublished":"2024-05-28T00:46:11+00:00","dateModified":"2024-05-28T11:48:31+00:00","mainEntityOfPage":{"@id":"https:\/\/apuntesdesanluis.com\/index.php\/2024\/05\/27\/el-papa-francisco-revelo-cuando-podria-visitar-la-argentina\/"},"wordCount":652,"publisher":{"@id":"https:\/\/apuntesdesanluis.com\/#\/schema\/person\/b55151d52296fcce64d1a72538a70b90"},"image":{"@id":"https:\/\/apuntesdesanluis.com\/index.php\/2024\/05\/27\/el-papa-francisco-revelo-cuando-podria-visitar-la-argentina\/#primaryimage"},"thumbnailUrl":"https:\/\/apuntesdesanluis.com\/wp-content\/uploads\/2024\/05\/PAPA-FRANCISCO.png","articleSection":["Nacionales\/Internacionales"],"inLanguage":"es-AR"},{"@type":"WebPage","@id":"https:\/\/apuntesdesanluis.com\/index.php\/2024\/05\/27\/el-papa-francisco-revelo-cuando-podria-visitar-la-argentina\/","url":"https:\/\/apuntesdesanluis.com\/index.php\/2024\/05\/27\/el-papa-francisco-revelo-cuando-podria-visitar-la-argentina\/","name":"EL PAPA FRANCISCO REVEL\u00d3 CU\u00c1NDO PODR\u00cdA VISITAR LA ARGENTINA - Apuntes de San Luis","isPartOf":{"@id":"https:\/\/apuntesdesanluis.com\/#website"},"primaryImageOfPage":{"@id":"https:\/\/apuntesdesanluis.com\/index.php\/2024\/05\/27\/el-papa-francisco-revelo-cuando-podria-visitar-la-argentina\/#primaryimage"},"image":{"@id":"https:\/\/apuntesdesanluis.com\/index.php\/2024\/05\/27\/el-papa-francisco-revelo-cuando-podria-visitar-la-argentina\/#primaryimage"},"thumbnailUrl":"https:\/\/apuntesdesanluis.com\/wp-content\/uploads\/2024\/05\/PAPA-FRANCISCO.png","datePublished":"2024-05-28T00:46:11+00:00","dateModified":"2024-05-28T11:48:31+00:00","breadcrumb":{"@id":"https:\/\/apuntesdesanluis.com\/index.php\/2024\/05\/27\/el-papa-francisco-revelo-cuando-podria-visitar-la-argentina\/#breadcrumb"},"inLanguage":"es-AR","potentialAction":[{"@type":"ReadAction","target":["https:\/\/apuntesdesanluis.com\/index.php\/2024\/05\/27\/el-papa-francisco-revelo-cuando-podria-visitar-la-argentina\/"]}]},{"@type":"ImageObject","inLanguage":"es-AR","@id":"https:\/\/apuntesdesanluis.com\/index.php\/2024\/05\/27\/el-papa-francisco-revelo-cuando-podria-visitar-la-argentina\/#primaryimage","url":"https:\/\/apuntesdesanluis.com\/wp-content\/uploads\/2024\/05\/PAPA-FRANCISCO.png","contentUrl":"https:\/\/apuntesdesanluis.com\/wp-content\/uploads\/2024\/05\/PAPA-FRANCISCO.png","width":625,"height":367},{"@type":"BreadcrumbList","@id":"https:\/\/apuntesdesanluis.com\/index.php\/2024\/05\/27\/el-papa-francisco-revelo-cuando-podria-visitar-la-argentina\/#breadcrumb","itemListElement":[{"@type":"ListItem","position":1,"name":"Inicio","item":"https:\/\/apuntesdesanluis.com\/"},{"@type":"ListItem","position":2,"name":"EL PAPA FRANCISCO REVEL\u00d3 CU\u00c1NDO PODR\u00cdA VISITAR LA ARGENTINA"}]},{"@type":"WebSite","@id":"https:\/\/apuntesdesanluis.com\/#website","url":"https:\/\/apuntesdesanluis.com\/","name":"Apuntes de San Luis","description":"","publisher":{"@id":"https:\/\/apuntesdesanluis.com\/#\/schema\/person\/b55151d52296fcce64d1a72538a70b90"},"potentialAction":[{"@type":"SearchAction","target":{"@type":"EntryPoint","urlTemplate":"https:\/\/apuntesdesanluis.com\/?s={search_term_string}"},"query-input":{"@type":"PropertyValueSpecification","valueRequired":true,"valueName":"search_term_string"}}],"inLanguage":"es-AR"},{"@type":["Person","Organization"],"@id":"https:\/\/apuntesdesanluis.com\/#\/schema\/person\/b55151d52296fcce64d1a72538a70b90","name":"apuntesdesanluis.com","image":{"@type":"ImageObject","inLanguage":"es-AR","@id":"https:\/\/apuntesdesanluis.com\/#\/schema\/person\/image\/","url":"https:\/\/apuntesdesanluis.com\/wp-content\/uploads\/2023\/07\/cropped-apuntesdesanluis.png","contentUrl":"https:\/\/apuntesdesanluis.com\/wp-content\/uploads\/2023\/07\/cropped-apuntesdesanluis.png","width":450,"height":112,"caption":"apuntesdesanluis.com"},"logo":{"@id":"https:\/\/apuntesdesanluis.com\/#\/schema\/person\/image\/"},"sameAs":["https:\/\/apuntesdesanluis.com"],"url":"https:\/\/apuntesdesanluis.com\/index.php\/author\/apuntesdesanluis-com\/"}]}},"featured_image_urls":{"full":["https:\/\/apuntesdesanluis.com\/wp-content\/uploads\/2024\/05\/PAPA-FRANCISCO.png",625,367,false],"thumbnail":["https:\/\/apuntesdesanluis.com\/wp-content\/uploads\/2024\/05\/PAPA-FRANCISCO-150x150.png",150,150,true],"medium":["https:\/\/apuntesdesanluis.com\/wp-content\/uploads\/2024\/05\/PAPA-FRANCISCO-300x176.png",300,176,true],"medium_large":["https:\/\/apuntesdesanluis.com\/wp-content\/uploads\/2024\/05\/PAPA-FRANCISCO.png",625,367,false],"large":["https:\/\/apuntesdesanluis.com\/wp-content\/uploads\/2024\/05\/PAPA-FRANCISCO.png",625,367,false],"1536x1536":["https:\/\/apuntesdesanluis.com\/wp-content\/uploads\/2024\/05\/PAPA-FRANCISCO.png",625,367,false],"2048x2048":["https:\/\/apuntesdesanluis.com\/wp-content\/uploads\/2024\/05\/PAPA-FRANCISCO.png",625,367,false],"newsever-slider-full":["https:\/\/apuntesdesanluis.com\/wp-content\/uploads\/2024\/05\/PAPA-FRANCISCO.png",625,367,false],"newsever-featured":["https:\/\/apuntesdesanluis.com\/wp-content\/uploads\/2024\/05\/PAPA-FRANCISCO.png",625,367,false],"newsever-medium":["https:\/\/apuntesdesanluis.com\/wp-content\/uploads\/2024\/05\/PAPA-FRANCISCO.png",625,367,false]},"author_info":{"display_name":"apuntesdesanluis.com","author_link":"https:\/\/apuntesdesanluis.com\/index.php\/author\/apuntesdesanluis-com\/"},"category_info":"<a href=\"https:\/\/apuntesdesanluis.com\/index.php\/category\/nacionales-internacionales\/\" rel=\"category tag\">Nacionales\/Internacionales<\/a>","tag_info":"Nacionales\/Internacionales","comment_count":"0","_links":{"self":[{"href":"https:\/\/apuntesdesanluis.com\/index.php\/wp-json\/wp\/v2\/posts\/16944","targetHints":{"allow":["GET"]}}],"collection":[{"href":"https:\/\/apuntesdesanluis.com\/index.php\/wp-json\/wp\/v2\/posts"}],"about":[{"href":"https:\/\/apuntesdesanluis.com\/index.php\/wp-json\/wp\/v2\/types\/post"}],"author":[{"embeddable":true,"href":"https:\/\/apuntesdesanluis.com\/index.php\/wp-json\/wp\/v2\/users\/1"}],"replies":[{"embeddable":true,"href":"https:\/\/apuntesdesanluis.com\/index.php\/wp-json\/wp\/v2\/comments?post=16944"}],"version-history":[{"count":1,"href":"https:\/\/apuntesdesanluis.com\/index.php\/wp-json\/wp\/v2\/posts\/16944\/revisions"}],"predecessor-version":[{"id":16946,"href":"https:\/\/apuntesdesanluis.com\/index.php\/wp-json\/wp\/v2\/posts\/16944\/revisions\/16946"}],"wp:featuredmedia":[{"embeddable":true,"href":"https:\/\/apuntesdesanluis.com\/index.php\/wp-json\/wp\/v2\/media\/16945"}],"wp:attachment":[{"href":"https:\/\/apuntesdesanluis.com\/index.php\/wp-json\/wp\/v2\/media?parent=16944"}],"wp:term":[{"taxonomy":"category","embeddable":true,"href":"https:\/\/apuntesdesanluis.com\/index.php\/wp-json\/wp\/v2\/categories?post=16944"},{"taxonomy":"post_tag","embeddable":true,"href":"https:\/\/apuntesdesanluis.com\/index.php\/wp-json\/wp\/v2\/tags?post=16944"}],"curies":[{"name":"wp","href":"https:\/\/api.w.org\/{rel}","templated":true}]}}