{"id":16966,"date":"2024-05-28T23:12:58","date_gmt":"2024-05-29T02:12:58","guid":{"rendered":"https:\/\/apuntesdesanluis.com\/?p=16966"},"modified":"2024-05-28T23:12:58","modified_gmt":"2024-05-29T02:12:58","slug":"conflicto-judicial-abogados-amenazan-con-pedir-la-intervencion-federal","status":"publish","type":"post","link":"https:\/\/apuntesdesanluis.com\/index.php\/2024\/05\/28\/conflicto-judicial-abogados-amenazan-con-pedir-la-intervencion-federal\/","title":{"rendered":"CONFLICTO JUDICIAL: ABOGADOS AMENAZAN CON PEDIR LA INTERVENCI\u00d3N FEDERAL"},"content":{"rendered":"<h3>En los \u00faltimos d\u00edas aument\u00f3 la tensi\u00f3n generada por el conflicto judicial, que llev\u00f3 a un duro pronunciamiento del Colegio de Abogados y Procuradores de la Segunda Circunscripci\u00f3n Judicial, amenazando a la c\u00fapula del Poder Judicial de pedir la intervenci\u00f3n federal al Congreso de la Naci\u00f3n.<\/h3>\n<h3>En la nota que le enviaron el lunes a <strong>Eduardo Allende<\/strong>,\u00a0 presidente del STJ, la titular del Colegio de Abogados <strong>Mariela Blengino<\/strong> manifiesta la imposibilidad de los abogados de \u201cejercer la profesi\u00f3n en el contexto actual de paralizaci\u00f3n de la justicia, solicitando arbitre y agote todos los medios necesarios para asegurar el servicio de justicia a la sociedad\u201d.<\/h3>\n<h3>Agrega que \u201cencontr\u00e1ndose la provincia de San Luis en grave riesgo institucional, inmersos en un estadio de incertidumbre y caos social, en donde los profesionales del derecho y la sociedad toda se encuentran en una situaci\u00f3n de afectaci\u00f3n directa de las garant\u00edas b\u00e1sicas y de raigambre constitucional\u201d, se hace saber que se puso en conocimiento de la Federaci\u00f3n Argentina de Colegios de Abogados de esta situaci\u00f3n de crisis para solicitar apoyo.<\/h3>\n<h3>Comunica adem\u00e1s que \u201cse pondr\u00e1 en marcha una Acci\u00f3n de Amparo por Denegaci\u00f3n de Justicia y Mora en el servicio de la misma y eventualmente para el hipot\u00e9tico caso de que las medidas de paralizaci\u00f3n de la justicia contin\u00faen, no nos dejar\u00e1 m\u00e1s alternativa que solicitar la intervenci\u00f3n federal del Poder Judicial por ante el Congreso de la Naci\u00f3n\u201d.<\/h3>\n<h3>En otro pronunciamiento p\u00fablico, el Colegio de Abogados expres\u00f3 su \u201capoyo y solidaridad en la lucha por la recomposici\u00f3n salarial que lleva cabo empleados del poder judicial\u201d.<\/h3>\n<h3>No obstante agrega que \u201cesto ha tra\u00eddo como consecuencia la paralizaci\u00f3n casi total del servicio de, justicia, que nos profundiza en la grave y escandalosa situaci\u00f3n de crisis institucional que comenzara con los cambios introducidos por la ley org\u00e1nica y que hoy llega a su punto culmine, con las medidas de fuerza implementadas por empleados judiciales, que reprimen el ejercicio de nuestra profesi\u00f3n y que requieren inmediata soluci\u00f3n\u201d.<\/h3>\n<h3>En otro p\u00e1rrafo los abogados de Villa Mercedes expresan: \u201cNos encontramos frente a una crisis que se ha sostenido a lo largo de casi dos a\u00f1os, que alcanza su punto culmine el d\u00eda de hoy, donde los juzgados est\u00e1n sin funcionamiento por las leg\u00edtimas medidas de fuerza adoptadas por empleados judiciales, resultando una quimera pretender que jueces y secretarios mantengan unilateralmente el servicio de justicia, por no poseer recursos humanos ni econ\u00f3micos, colocando esta situaci\u00f3n de lucha a los abogados en un plano de indefensi\u00f3n que nos impide ejercer nuestra profesi\u00f3n, cuando se nos afecta nuestro derecho a trabajar y percibir nuestros emolumentos dignamente, a ra\u00edz de todas las medidas adoptadas por ambos sectores respecto de los cuales dependemos, esto es STJ y SIJUPU, conflictos que conculcan nuestra \u00e9tica y responsabilidad profesional por ser el eslab\u00f3n directo e inmediato con la sociedad\u201d.<\/h3>\n<h3>\u201cSe informa que se llama a REUNI\u00d3N AMPLIADA a todos los matriculados de este Colegio de Abogados para aunar criterios de lucha y b\u00fasqueda de soluciones para paliar esta crisis institucional\u201d.<\/h3>\n<h3>\u201cSiendo el colegio de abogados el \u00f3rgano legitimado para canalizar la problem\u00e1tica que presenta la profesi\u00f3n, exhortamos al honorable Superior Tribunal de Justicia, arbitre y agudice las medidas de colaboraci\u00f3n y abastecimiento de soluciones dignas para paliar esta conflictiva (situaci\u00f3n) que atenta contra los derechos constitucionales de todos los ciudadanos, entendiendo que es el \u00f3rgano responsable y competente para interceder en los aumentos de las partidas presupuestarias de cada a\u00f1o judicial y por ende el \u00f3rgano id\u00f3neo para brindar salidas dignas y potables a los reclamos realizados por empleados judiciales y abogados de toda la provincia\u201d, enfatiza.<\/h3>\n<p>&nbsp;<\/p>\n<p>&nbsp;<\/p>\n<p>&nbsp;<\/p>\n<p>&nbsp;<\/p>\n<p>&nbsp;<\/p>\n<p>&nbsp;<\/p>\n","protected":false},"excerpt":{"rendered":"<p>En los \u00faltimos d\u00edas aument\u00f3 la tensi\u00f3n generada por el conflicto judicial, que llev\u00f3 a&#8230;<\/p>\n","protected":false},"author":1,"featured_media":16971,"comment_status":"closed","ping_status":"closed","sticky":false,"template":"","format":"standard","meta":{"footnotes":""},"categories":[6],"tags":[],"class_list":["post-16966","post","type-post","status-publish","format-standard","has-post-thumbnail","hentry","category-ciudad-provincia"],"yoast_head":"<!-- This site is optimized with the Yoast SEO plugin v26.1.1 - https:\/\/yoast.com\/wordpress\/plugins\/seo\/ -->\n<title>CONFLICTO JUDICIAL: ABOGADOS AMENAZAN CON PEDIR LA INTERVENCI\u00d3N FEDERAL - Apuntes de San Luis<\/title>\n<meta name=\"robots\" content=\"index, follow, max-snippet:-1, max-image-preview:large, max-video-preview:-1\" \/>\n<link rel=\"canonical\" href=\"https:\/\/apuntesdesanluis.com\/index.php\/2024\/05\/28\/conflicto-judicial-abogados-amenazan-con-pedir-la-intervencion-federal\/\" \/>\n<meta property=\"og:locale\" content=\"es_ES\" \/>\n<meta property=\"og:type\" content=\"article\" \/>\n<meta property=\"og:title\" content=\"CONFLICTO JUDICIAL: ABOGADOS AMENAZAN CON PEDIR LA INTERVENCI\u00d3N FEDERAL - Apuntes de San Luis\" \/>\n<meta property=\"og:description\" content=\"En los \u00faltimos d\u00edas aument\u00f3 la tensi\u00f3n generada por el conflicto judicial, que llev\u00f3 a...\" \/>\n<meta property=\"og:url\" content=\"https:\/\/apuntesdesanluis.com\/index.php\/2024\/05\/28\/conflicto-judicial-abogados-amenazan-con-pedir-la-intervencion-federal\/\" \/>\n<meta property=\"og:site_name\" content=\"Apuntes de San Luis\" \/>\n<meta property=\"article:published_time\" content=\"2024-05-29T02:12:58+00:00\" \/>\n<meta property=\"og:image\" content=\"https:\/\/apuntesdesanluis.com\/wp-content\/uploads\/2024\/05\/ABOGADOS.png\" \/>\n\t<meta property=\"og:image:width\" content=\"718\" \/>\n\t<meta property=\"og:image:height\" content=\"433\" \/>\n\t<meta property=\"og:image:type\" content=\"image\/png\" \/>\n<meta name=\"author\" content=\"apuntesdesanluis.com\" \/>\n<meta name=\"twitter:card\" content=\"summary_large_image\" \/>\n<meta name=\"twitter:label1\" content=\"Escrito por\" \/>\n\t<meta name=\"twitter:data1\" content=\"apuntesdesanluis.com\" \/>\n\t<meta name=\"twitter:label2\" content=\"Tiempo de lectura\" \/>\n\t<meta name=\"twitter:data2\" content=\"3 minutos\" \/>\n<script type=\"application\/ld+json\" class=\"yoast-schema-graph\">{\"@context\":\"https:\/\/schema.org\",\"@graph\":[{\"@type\":\"Article\",\"@id\":\"https:\/\/apuntesdesanluis.com\/index.php\/2024\/05\/28\/conflicto-judicial-abogados-amenazan-con-pedir-la-intervencion-federal\/#article\",\"isPartOf\":{\"@id\":\"https:\/\/apuntesdesanluis.com\/index.php\/2024\/05\/28\/conflicto-judicial-abogados-amenazan-con-pedir-la-intervencion-federal\/\"},\"author\":{\"name\":\"apuntesdesanluis.com\",\"@id\":\"https:\/\/apuntesdesanluis.com\/#\/schema\/person\/b55151d52296fcce64d1a72538a70b90\"},\"headline\":\"CONFLICTO JUDICIAL: ABOGADOS AMENAZAN CON PEDIR LA INTERVENCI\u00d3N FEDERAL\",\"datePublished\":\"2024-05-29T02:12:58+00:00\",\"mainEntityOfPage\":{\"@id\":\"https:\/\/apuntesdesanluis.com\/index.php\/2024\/05\/28\/conflicto-judicial-abogados-amenazan-con-pedir-la-intervencion-federal\/\"},\"wordCount\":666,\"publisher\":{\"@id\":\"https:\/\/apuntesdesanluis.com\/#\/schema\/person\/b55151d52296fcce64d1a72538a70b90\"},\"image\":{\"@id\":\"https:\/\/apuntesdesanluis.com\/index.php\/2024\/05\/28\/conflicto-judicial-abogados-amenazan-con-pedir-la-intervencion-federal\/#primaryimage\"},\"thumbnailUrl\":\"https:\/\/apuntesdesanluis.com\/wp-content\/uploads\/2024\/05\/ABOGADOS.png\",\"articleSection\":[\"Ciudad\/Provincia\"],\"inLanguage\":\"es-AR\"},{\"@type\":\"WebPage\",\"@id\":\"https:\/\/apuntesdesanluis.com\/index.php\/2024\/05\/28\/conflicto-judicial-abogados-amenazan-con-pedir-la-intervencion-federal\/\",\"url\":\"https:\/\/apuntesdesanluis.com\/index.php\/2024\/05\/28\/conflicto-judicial-abogados-amenazan-con-pedir-la-intervencion-federal\/\",\"name\":\"CONFLICTO JUDICIAL: ABOGADOS AMENAZAN CON PEDIR LA INTERVENCI\u00d3N FEDERAL - Apuntes de San Luis\",\"isPartOf\":{\"@id\":\"https:\/\/apuntesdesanluis.com\/#website\"},\"primaryImageOfPage\":{\"@id\":\"https:\/\/apuntesdesanluis.com\/index.php\/2024\/05\/28\/conflicto-judicial-abogados-amenazan-con-pedir-la-intervencion-federal\/#primaryimage\"},\"image\":{\"@id\":\"https:\/\/apuntesdesanluis.com\/index.php\/2024\/05\/28\/conflicto-judicial-abogados-amenazan-con-pedir-la-intervencion-federal\/#primaryimage\"},\"thumbnailUrl\":\"https:\/\/apuntesdesanluis.com\/wp-content\/uploads\/2024\/05\/ABOGADOS.png\",\"datePublished\":\"2024-05-29T02:12:58+00:00\",\"breadcrumb\":{\"@id\":\"https:\/\/apuntesdesanluis.com\/index.php\/2024\/05\/28\/conflicto-judicial-abogados-amenazan-con-pedir-la-intervencion-federal\/#breadcrumb\"},\"inLanguage\":\"es-AR\",\"potentialAction\":[{\"@type\":\"ReadAction\",\"target\":[\"https:\/\/apuntesdesanluis.com\/index.php\/2024\/05\/28\/conflicto-judicial-abogados-amenazan-con-pedir-la-intervencion-federal\/\"]}]},{\"@type\":\"ImageObject\",\"inLanguage\":\"es-AR\",\"@id\":\"https:\/\/apuntesdesanluis.com\/index.php\/2024\/05\/28\/conflicto-judicial-abogados-amenazan-con-pedir-la-intervencion-federal\/#primaryimage\",\"url\":\"https:\/\/apuntesdesanluis.com\/wp-content\/uploads\/2024\/05\/ABOGADOS.png\",\"contentUrl\":\"https:\/\/apuntesdesanluis.com\/wp-content\/uploads\/2024\/05\/ABOGADOS.png\",\"width\":718,\"height\":433},{\"@type\":\"BreadcrumbList\",\"@id\":\"https:\/\/apuntesdesanluis.com\/index.php\/2024\/05\/28\/conflicto-judicial-abogados-amenazan-con-pedir-la-intervencion-federal\/#breadcrumb\",\"itemListElement\":[{\"@type\":\"ListItem\",\"position\":1,\"name\":\"Inicio\",\"item\":\"https:\/\/apuntesdesanluis.com\/\"},{\"@type\":\"ListItem\",\"position\":2,\"name\":\"CONFLICTO JUDICIAL: ABOGADOS AMENAZAN CON PEDIR LA INTERVENCI\u00d3N FEDERAL\"}]},{\"@type\":\"WebSite\",\"@id\":\"https:\/\/apuntesdesanluis.com\/#website\",\"url\":\"https:\/\/apuntesdesanluis.com\/\",\"name\":\"Apuntes de San Luis\",\"description\":\"\",\"publisher\":{\"@id\":\"https:\/\/apuntesdesanluis.com\/#\/schema\/person\/b55151d52296fcce64d1a72538a70b90\"},\"potentialAction\":[{\"@type\":\"SearchAction\",\"target\":{\"@type\":\"EntryPoint\",\"urlTemplate\":\"https:\/\/apuntesdesanluis.com\/?s={search_term_string}\"},\"query-input\":{\"@type\":\"PropertyValueSpecification\",\"valueRequired\":true,\"valueName\":\"search_term_string\"}}],\"inLanguage\":\"es-AR\"},{\"@type\":[\"Person\",\"Organization\"],\"@id\":\"https:\/\/apuntesdesanluis.com\/#\/schema\/person\/b55151d52296fcce64d1a72538a70b90\",\"name\":\"apuntesdesanluis.com\",\"image\":{\"@type\":\"ImageObject\",\"inLanguage\":\"es-AR\",\"@id\":\"https:\/\/apuntesdesanluis.com\/#\/schema\/person\/image\/\",\"url\":\"https:\/\/apuntesdesanluis.com\/wp-content\/uploads\/2023\/07\/cropped-apuntesdesanluis.png\",\"contentUrl\":\"https:\/\/apuntesdesanluis.com\/wp-content\/uploads\/2023\/07\/cropped-apuntesdesanluis.png\",\"width\":450,\"height\":112,\"caption\":\"apuntesdesanluis.com\"},\"logo\":{\"@id\":\"https:\/\/apuntesdesanluis.com\/#\/schema\/person\/image\/\"},\"sameAs\":[\"https:\/\/apuntesdesanluis.com\"],\"url\":\"https:\/\/apuntesdesanluis.com\/index.php\/author\/apuntesdesanluis-com\/\"}]}<\/script>\n<!-- \/ Yoast SEO plugin. -->","yoast_head_json":{"title":"CONFLICTO JUDICIAL: ABOGADOS AMENAZAN CON PEDIR LA INTERVENCI\u00d3N FEDERAL - Apuntes de San Luis","robots":{"index":"index","follow":"follow","max-snippet":"max-snippet:-1","max-image-preview":"max-image-preview:large","max-video-preview":"max-video-preview:-1"},"canonical":"https:\/\/apuntesdesanluis.com\/index.php\/2024\/05\/28\/conflicto-judicial-abogados-amenazan-con-pedir-la-intervencion-federal\/","og_locale":"es_ES","og_type":"article","og_title":"CONFLICTO JUDICIAL: ABOGADOS AMENAZAN CON PEDIR LA INTERVENCI\u00d3N FEDERAL - Apuntes de San Luis","og_description":"En los \u00faltimos d\u00edas aument\u00f3 la tensi\u00f3n generada por el conflicto judicial, que llev\u00f3 a...","og_url":"https:\/\/apuntesdesanluis.com\/index.php\/2024\/05\/28\/conflicto-judicial-abogados-amenazan-con-pedir-la-intervencion-federal\/","og_site_name":"Apuntes de San Luis","article_published_time":"2024-05-29T02:12:58+00:00","og_image":[{"width":718,"height":433,"url":"https:\/\/apuntesdesanluis.com\/wp-content\/uploads\/2024\/05\/ABOGADOS.png","type":"image\/png"}],"author":"apuntesdesanluis.com","twitter_card":"summary_large_image","twitter_misc":{"Escrito por":"apuntesdesanluis.com","Tiempo de lectura":"3 minutos"},"schema":{"@context":"https:\/\/schema.org","@graph":[{"@type":"Article","@id":"https:\/\/apuntesdesanluis.com\/index.php\/2024\/05\/28\/conflicto-judicial-abogados-amenazan-con-pedir-la-intervencion-federal\/#article","isPartOf":{"@id":"https:\/\/apuntesdesanluis.com\/index.php\/2024\/05\/28\/conflicto-judicial-abogados-amenazan-con-pedir-la-intervencion-federal\/"},"author":{"name":"apuntesdesanluis.com","@id":"https:\/\/apuntesdesanluis.com\/#\/schema\/person\/b55151d52296fcce64d1a72538a70b90"},"headline":"CONFLICTO JUDICIAL: ABOGADOS AMENAZAN CON PEDIR LA INTERVENCI\u00d3N FEDERAL","datePublished":"2024-05-29T02:12:58+00:00","mainEntityOfPage":{"@id":"https:\/\/apuntesdesanluis.com\/index.php\/2024\/05\/28\/conflicto-judicial-abogados-amenazan-con-pedir-la-intervencion-federal\/"},"wordCount":666,"publisher":{"@id":"https:\/\/apuntesdesanluis.com\/#\/schema\/person\/b55151d52296fcce64d1a72538a70b90"},"image":{"@id":"https:\/\/apuntesdesanluis.com\/index.php\/2024\/05\/28\/conflicto-judicial-abogados-amenazan-con-pedir-la-intervencion-federal\/#primaryimage"},"thumbnailUrl":"https:\/\/apuntesdesanluis.com\/wp-content\/uploads\/2024\/05\/ABOGADOS.png","articleSection":["Ciudad\/Provincia"],"inLanguage":"es-AR"},{"@type":"WebPage","@id":"https:\/\/apuntesdesanluis.com\/index.php\/2024\/05\/28\/conflicto-judicial-abogados-amenazan-con-pedir-la-intervencion-federal\/","url":"https:\/\/apuntesdesanluis.com\/index.php\/2024\/05\/28\/conflicto-judicial-abogados-amenazan-con-pedir-la-intervencion-federal\/","name":"CONFLICTO JUDICIAL: ABOGADOS AMENAZAN CON PEDIR LA INTERVENCI\u00d3N FEDERAL - Apuntes de San Luis","isPartOf":{"@id":"https:\/\/apuntesdesanluis.com\/#website"},"primaryImageOfPage":{"@id":"https:\/\/apuntesdesanluis.com\/index.php\/2024\/05\/28\/conflicto-judicial-abogados-amenazan-con-pedir-la-intervencion-federal\/#primaryimage"},"image":{"@id":"https:\/\/apuntesdesanluis.com\/index.php\/2024\/05\/28\/conflicto-judicial-abogados-amenazan-con-pedir-la-intervencion-federal\/#primaryimage"},"thumbnailUrl":"https:\/\/apuntesdesanluis.com\/wp-content\/uploads\/2024\/05\/ABOGADOS.png","datePublished":"2024-05-29T02:12:58+00:00","breadcrumb":{"@id":"https:\/\/apuntesdesanluis.com\/index.php\/2024\/05\/28\/conflicto-judicial-abogados-amenazan-con-pedir-la-intervencion-federal\/#breadcrumb"},"inLanguage":"es-AR","potentialAction":[{"@type":"ReadAction","target":["https:\/\/apuntesdesanluis.com\/index.php\/2024\/05\/28\/conflicto-judicial-abogados-amenazan-con-pedir-la-intervencion-federal\/"]}]},{"@type":"ImageObject","inLanguage":"es-AR","@id":"https:\/\/apuntesdesanluis.com\/index.php\/2024\/05\/28\/conflicto-judicial-abogados-amenazan-con-pedir-la-intervencion-federal\/#primaryimage","url":"https:\/\/apuntesdesanluis.com\/wp-content\/uploads\/2024\/05\/ABOGADOS.png","contentUrl":"https:\/\/apuntesdesanluis.com\/wp-content\/uploads\/2024\/05\/ABOGADOS.png","width":718,"height":433},{"@type":"BreadcrumbList","@id":"https:\/\/apuntesdesanluis.com\/index.php\/2024\/05\/28\/conflicto-judicial-abogados-amenazan-con-pedir-la-intervencion-federal\/#breadcrumb","itemListElement":[{"@type":"ListItem","position":1,"name":"Inicio","item":"https:\/\/apuntesdesanluis.com\/"},{"@type":"ListItem","position":2,"name":"CONFLICTO JUDICIAL: ABOGADOS AMENAZAN CON PEDIR LA INTERVENCI\u00d3N FEDERAL"}]},{"@type":"WebSite","@id":"https:\/\/apuntesdesanluis.com\/#website","url":"https:\/\/apuntesdesanluis.com\/","name":"Apuntes de San Luis","description":"","publisher":{"@id":"https:\/\/apuntesdesanluis.com\/#\/schema\/person\/b55151d52296fcce64d1a72538a70b90"},"potentialAction":[{"@type":"SearchAction","target":{"@type":"EntryPoint","urlTemplate":"https:\/\/apuntesdesanluis.com\/?s={search_term_string}"},"query-input":{"@type":"PropertyValueSpecification","valueRequired":true,"valueName":"search_term_string"}}],"inLanguage":"es-AR"},{"@type":["Person","Organization"],"@id":"https:\/\/apuntesdesanluis.com\/#\/schema\/person\/b55151d52296fcce64d1a72538a70b90","name":"apuntesdesanluis.com","image":{"@type":"ImageObject","inLanguage":"es-AR","@id":"https:\/\/apuntesdesanluis.com\/#\/schema\/person\/image\/","url":"https:\/\/apuntesdesanluis.com\/wp-content\/uploads\/2023\/07\/cropped-apuntesdesanluis.png","contentUrl":"https:\/\/apuntesdesanluis.com\/wp-content\/uploads\/2023\/07\/cropped-apuntesdesanluis.png","width":450,"height":112,"caption":"apuntesdesanluis.com"},"logo":{"@id":"https:\/\/apuntesdesanluis.com\/#\/schema\/person\/image\/"},"sameAs":["https:\/\/apuntesdesanluis.com"],"url":"https:\/\/apuntesdesanluis.com\/index.php\/author\/apuntesdesanluis-com\/"}]}},"featured_image_urls":{"full":["https:\/\/apuntesdesanluis.com\/wp-content\/uploads\/2024\/05\/ABOGADOS.png",718,433,false],"thumbnail":["https:\/\/apuntesdesanluis.com\/wp-content\/uploads\/2024\/05\/ABOGADOS-150x150.png",150,150,true],"medium":["https:\/\/apuntesdesanluis.com\/wp-content\/uploads\/2024\/05\/ABOGADOS-300x181.png",300,181,true],"medium_large":["https:\/\/apuntesdesanluis.com\/wp-content\/uploads\/2024\/05\/ABOGADOS.png",640,386,false],"large":["https:\/\/apuntesdesanluis.com\/wp-content\/uploads\/2024\/05\/ABOGADOS.png",640,386,false],"1536x1536":["https:\/\/apuntesdesanluis.com\/wp-content\/uploads\/2024\/05\/ABOGADOS.png",718,433,false],"2048x2048":["https:\/\/apuntesdesanluis.com\/wp-content\/uploads\/2024\/05\/ABOGADOS.png",718,433,false],"newsever-slider-full":["https:\/\/apuntesdesanluis.com\/wp-content\/uploads\/2024\/05\/ABOGADOS.png",718,433,false],"newsever-featured":["https:\/\/apuntesdesanluis.com\/wp-content\/uploads\/2024\/05\/ABOGADOS.png",718,433,false],"newsever-medium":["https:\/\/apuntesdesanluis.com\/wp-content\/uploads\/2024\/05\/ABOGADOS.png",718,433,false]},"author_info":{"display_name":"apuntesdesanluis.com","author_link":"https:\/\/apuntesdesanluis.com\/index.php\/author\/apuntesdesanluis-com\/"},"category_info":"<a href=\"https:\/\/apuntesdesanluis.com\/index.php\/category\/ciudad-provincia\/\" rel=\"category tag\">Ciudad\/Provincia<\/a>","tag_info":"Ciudad\/Provincia","comment_count":"0","_links":{"self":[{"href":"https:\/\/apuntesdesanluis.com\/index.php\/wp-json\/wp\/v2\/posts\/16966","targetHints":{"allow":["GET"]}}],"collection":[{"href":"https:\/\/apuntesdesanluis.com\/index.php\/wp-json\/wp\/v2\/posts"}],"about":[{"href":"https:\/\/apuntesdesanluis.com\/index.php\/wp-json\/wp\/v2\/types\/post"}],"author":[{"embeddable":true,"href":"https:\/\/apuntesdesanluis.com\/index.php\/wp-json\/wp\/v2\/users\/1"}],"replies":[{"embeddable":true,"href":"https:\/\/apuntesdesanluis.com\/index.php\/wp-json\/wp\/v2\/comments?post=16966"}],"version-history":[{"count":3,"href":"https:\/\/apuntesdesanluis.com\/index.php\/wp-json\/wp\/v2\/posts\/16966\/revisions"}],"predecessor-version":[{"id":16977,"href":"https:\/\/apuntesdesanluis.com\/index.php\/wp-json\/wp\/v2\/posts\/16966\/revisions\/16977"}],"wp:featuredmedia":[{"embeddable":true,"href":"https:\/\/apuntesdesanluis.com\/index.php\/wp-json\/wp\/v2\/media\/16971"}],"wp:attachment":[{"href":"https:\/\/apuntesdesanluis.com\/index.php\/wp-json\/wp\/v2\/media?parent=16966"}],"wp:term":[{"taxonomy":"category","embeddable":true,"href":"https:\/\/apuntesdesanluis.com\/index.php\/wp-json\/wp\/v2\/categories?post=16966"},{"taxonomy":"post_tag","embeddable":true,"href":"https:\/\/apuntesdesanluis.com\/index.php\/wp-json\/wp\/v2\/tags?post=16966"}],"curies":[{"name":"wp","href":"https:\/\/api.w.org\/{rel}","templated":true}]}}