{"id":16968,"date":"2024-05-28T23:31:30","date_gmt":"2024-05-29T02:31:30","guid":{"rendered":"https:\/\/apuntesdesanluis.com\/?p=16968"},"modified":"2024-05-28T23:48:40","modified_gmt":"2024-05-29T02:48:40","slug":"respuesta-de-allende-es-falaz-decir-que-el-servicio-de-justicia-esta-paralizado","status":"publish","type":"post","link":"https:\/\/apuntesdesanluis.com\/index.php\/2024\/05\/28\/respuesta-de-allende-es-falaz-decir-que-el-servicio-de-justicia-esta-paralizado\/","title":{"rendered":"RESPUESTA DE ALLENDE: \u201cES FALAZ DECIR QUE EL SERVICIO DE JUSTICIA EST\u00c1 PARALIZADO\u201d"},"content":{"rendered":"<h3>El pasado viernes el Presidente del Superior Tribunal de Justicia, Dr. <strong>Eduardo Allende<\/strong>, envi\u00f3 una nota en respuesta a la presentaci\u00f3n efectuada por el <strong>Colegio de Abogados y Procuradores de la Segunda Circunscripci\u00f3n Judicial<\/strong>, el pasado 20 de mayo, en relaci\u00f3n al reclamo salarial que el Sindicato Judiciales Puntanos -SIJUPU- est\u00e1 llevando adelante en toda la provincia.<\/h3>\n<h3>En su nota el ministro del Poder Judicial tambi\u00e9n lamenta que los abogados \u201cestimen como una soluci\u00f3n la intervenci\u00f3n federal luego de las nefastas consecuencias que han tenido como ejemplos en nuestra historia\u201d.<\/h3>\n<h3>A tales efectos, el titular del Alto Cuerpo Judicial contest\u00f3 todos los puntos planteados en la misiva firmada por la titular del referido Colegio, Dra. Mariela Bettina Blengino, calificando de \u201cfalaz\u201d la aseveraci\u00f3n de una \u201cparalizaci\u00f3n total de la justicia\u201d, la que fundament\u00f3 con los siguientes datos:<\/h3>\n<h3>&#8211; De los registros inform\u00e1ticos p\u00fablicos del Poder Judicial de San Luis, surge que, desde inicio de las medidas de fuerza dispuestas por el SIJUPU, la cantidad de despachos diarios tiene un promedio de 2.000 actuaciones, significando una reducci\u00f3n aproximadamente del 30% en relaci\u00f3n a las 3.000 diarias que se publican durante las jornadas de normal actividad.<\/h3>\n<h3>\u201cCabe recordar a los letrados que nos encontramos frente a una medida de fuerza dispuesta por el sindicato en ejercicio de las id\u00e9nticas garant\u00edas b\u00e1sicas y de raigambre constitucional que son citadas por ustedes en el libelo que se responde\u201d.<\/h3>\n<h3>&#8211; El Colegio de Magistrados y Funcionarios de Villa Mercedes ha informado que se encuentra asegurado el servicio esencial de justicia, se cubren las guardias m\u00ednimas (en muchos casos por secretarios y\/o magistrados) en el horario de 9.00 a 11.00hs en todos los juzgados y dependencias judiciales; se atienden y proveen todas las urgencias en materia penal, violencia, alimentos y, dem\u00e1s planteos debidamente fundados.<\/h3>\n<h3>\u201cEn todos los fueros tambi\u00e9n se provee despacho normal, en raz\u00f3n que de 8.00 a 9.00 y de 11.00 a 14.00hs. se trabaja casi con normalidad (audiencias-despacho). La atenci\u00f3n al p\u00fablico es permanente\u201d.<\/h3>\n<h3>En similar sentido, se ha expedido el SIJUPU en cuanto a la prestaci\u00f3n del servicio de justicia durante las jornadas de reclamo.<\/h3>\n<h3>En definitiva, se encuentra garantizado el servicio esencial de justicia con un despacho diario de actuaciones que representa aproximadamente el 60% de la producci\u00f3n en jornadas de normalidad, a lo que se suma la celebraci\u00f3n de audiencias.<\/h3>\n<h3>\u201cNos encontramos frente a un reclamo de recomposici\u00f3n salarial un\u00e1nime de todos los agentes judiciales\u201d.<\/h3>\n<h3>Asimismo, el Presidente record\u00f3 que, desde el Superior Tribunal de Justicia, se mantiene un di\u00e1logo institucional con el Poder Ejecutivo -en su car\u00e1cter de administrador del Tesoro Provincial-, desde principio de a\u00f1os, a efectos de lograr la actualizaci\u00f3n presupuestaria necesaria para garantizar un efectivo servicio de justicia.<\/h3>\n<h3>\u201cEl presupuesto de este a\u00f1o fue elaborado en junio de 2023, luego de lo cual hemos atravesado un proceso h\u00edper inflacionario de p\u00fablico conocimiento\u201d.<\/h3>\n<h3>Cabe recordar que la recomposici\u00f3n salarial no es solo un reclamo del Sindicato Judiciales Puntanos, sino tambi\u00e9n de los Colegios de Magistrados y Funcionarios de esta provincia con el formal y expreso respaldo de la Federaci\u00f3n Argentina de la Magistratura y la Funci\u00f3n Judicial -FAM-.<\/h3>\n<p>&nbsp;<\/p>\n<h2><strong>LEER:<\/strong> <span style=\"color: #3366ff;\"><a style=\"color: #3366ff;\" href=\"https:\/\/apuntesdesanluis.com\/wp-content\/uploads\/2024\/05\/Nota-ADM-434.pdf\">Nota ADM 434<\/a><\/span><\/h2>\n<p>&nbsp;<\/p>\n<p>&nbsp;<\/p>\n<p>&nbsp;<\/p>\n<p>&nbsp;<\/p>\n<p>&nbsp;<\/p>\n<p>&nbsp;<\/p>\n<p>&nbsp;<\/p>\n","protected":false},"excerpt":{"rendered":"<p>El pasado viernes el Presidente del Superior Tribunal de Justicia, Dr. Eduardo Allende, envi\u00f3 una&#8230;<\/p>\n","protected":false},"author":1,"featured_media":16969,"comment_status":"closed","ping_status":"closed","sticky":false,"template":"","format":"standard","meta":{"footnotes":""},"categories":[6],"tags":[],"class_list":["post-16968","post","type-post","status-publish","format-standard","has-post-thumbnail","hentry","category-ciudad-provincia"],"yoast_head":"<!-- This site is optimized with the Yoast SEO plugin v26.1.1 - https:\/\/yoast.com\/wordpress\/plugins\/seo\/ -->\n<title>RESPUESTA DE ALLENDE: \u201cES FALAZ DECIR QUE EL SERVICIO DE JUSTICIA EST\u00c1 PARALIZADO\u201d - Apuntes de San Luis<\/title>\n<meta name=\"robots\" content=\"index, follow, max-snippet:-1, max-image-preview:large, max-video-preview:-1\" \/>\n<link rel=\"canonical\" href=\"https:\/\/apuntesdesanluis.com\/index.php\/2024\/05\/28\/respuesta-de-allende-es-falaz-decir-que-el-servicio-de-justicia-esta-paralizado\/\" \/>\n<meta property=\"og:locale\" content=\"es_ES\" \/>\n<meta property=\"og:type\" content=\"article\" \/>\n<meta property=\"og:title\" content=\"RESPUESTA DE ALLENDE: \u201cES FALAZ DECIR QUE EL SERVICIO DE JUSTICIA EST\u00c1 PARALIZADO\u201d - Apuntes de San Luis\" \/>\n<meta property=\"og:description\" content=\"El pasado viernes el Presidente del Superior Tribunal de Justicia, Dr. Eduardo Allende, envi\u00f3 una...\" \/>\n<meta property=\"og:url\" content=\"https:\/\/apuntesdesanluis.com\/index.php\/2024\/05\/28\/respuesta-de-allende-es-falaz-decir-que-el-servicio-de-justicia-esta-paralizado\/\" \/>\n<meta property=\"og:site_name\" content=\"Apuntes de San Luis\" \/>\n<meta property=\"article:published_time\" content=\"2024-05-29T02:31:30+00:00\" \/>\n<meta property=\"article:modified_time\" content=\"2024-05-29T02:48:40+00:00\" \/>\n<meta property=\"og:image\" content=\"https:\/\/apuntesdesanluis.com\/wp-content\/uploads\/2024\/05\/eduardo-allende.png\" \/>\n\t<meta property=\"og:image:width\" content=\"772\" \/>\n\t<meta property=\"og:image:height\" content=\"451\" \/>\n\t<meta property=\"og:image:type\" content=\"image\/png\" \/>\n<meta name=\"author\" content=\"apuntesdesanluis.com\" \/>\n<meta name=\"twitter:card\" content=\"summary_large_image\" \/>\n<meta name=\"twitter:label1\" content=\"Escrito por\" \/>\n\t<meta name=\"twitter:data1\" content=\"apuntesdesanluis.com\" \/>\n\t<meta name=\"twitter:label2\" content=\"Tiempo de lectura\" \/>\n\t<meta name=\"twitter:data2\" content=\"3 minutos\" \/>\n<script type=\"application\/ld+json\" class=\"yoast-schema-graph\">{\"@context\":\"https:\/\/schema.org\",\"@graph\":[{\"@type\":\"Article\",\"@id\":\"https:\/\/apuntesdesanluis.com\/index.php\/2024\/05\/28\/respuesta-de-allende-es-falaz-decir-que-el-servicio-de-justicia-esta-paralizado\/#article\",\"isPartOf\":{\"@id\":\"https:\/\/apuntesdesanluis.com\/index.php\/2024\/05\/28\/respuesta-de-allende-es-falaz-decir-que-el-servicio-de-justicia-esta-paralizado\/\"},\"author\":{\"name\":\"apuntesdesanluis.com\",\"@id\":\"https:\/\/apuntesdesanluis.com\/#\/schema\/person\/b55151d52296fcce64d1a72538a70b90\"},\"headline\":\"RESPUESTA DE ALLENDE: \u201cES FALAZ DECIR QUE EL SERVICIO DE JUSTICIA EST\u00c1 PARALIZADO\u201d\",\"datePublished\":\"2024-05-29T02:31:30+00:00\",\"dateModified\":\"2024-05-29T02:48:40+00:00\",\"mainEntityOfPage\":{\"@id\":\"https:\/\/apuntesdesanluis.com\/index.php\/2024\/05\/28\/respuesta-de-allende-es-falaz-decir-que-el-servicio-de-justicia-esta-paralizado\/\"},\"wordCount\":573,\"publisher\":{\"@id\":\"https:\/\/apuntesdesanluis.com\/#\/schema\/person\/b55151d52296fcce64d1a72538a70b90\"},\"image\":{\"@id\":\"https:\/\/apuntesdesanluis.com\/index.php\/2024\/05\/28\/respuesta-de-allende-es-falaz-decir-que-el-servicio-de-justicia-esta-paralizado\/#primaryimage\"},\"thumbnailUrl\":\"https:\/\/apuntesdesanluis.com\/wp-content\/uploads\/2024\/05\/eduardo-allende.png\",\"articleSection\":[\"Ciudad\/Provincia\"],\"inLanguage\":\"es-AR\"},{\"@type\":\"WebPage\",\"@id\":\"https:\/\/apuntesdesanluis.com\/index.php\/2024\/05\/28\/respuesta-de-allende-es-falaz-decir-que-el-servicio-de-justicia-esta-paralizado\/\",\"url\":\"https:\/\/apuntesdesanluis.com\/index.php\/2024\/05\/28\/respuesta-de-allende-es-falaz-decir-que-el-servicio-de-justicia-esta-paralizado\/\",\"name\":\"RESPUESTA DE ALLENDE: \u201cES FALAZ DECIR QUE EL SERVICIO DE JUSTICIA EST\u00c1 PARALIZADO\u201d - Apuntes de San Luis\",\"isPartOf\":{\"@id\":\"https:\/\/apuntesdesanluis.com\/#website\"},\"primaryImageOfPage\":{\"@id\":\"https:\/\/apuntesdesanluis.com\/index.php\/2024\/05\/28\/respuesta-de-allende-es-falaz-decir-que-el-servicio-de-justicia-esta-paralizado\/#primaryimage\"},\"image\":{\"@id\":\"https:\/\/apuntesdesanluis.com\/index.php\/2024\/05\/28\/respuesta-de-allende-es-falaz-decir-que-el-servicio-de-justicia-esta-paralizado\/#primaryimage\"},\"thumbnailUrl\":\"https:\/\/apuntesdesanluis.com\/wp-content\/uploads\/2024\/05\/eduardo-allende.png\",\"datePublished\":\"2024-05-29T02:31:30+00:00\",\"dateModified\":\"2024-05-29T02:48:40+00:00\",\"breadcrumb\":{\"@id\":\"https:\/\/apuntesdesanluis.com\/index.php\/2024\/05\/28\/respuesta-de-allende-es-falaz-decir-que-el-servicio-de-justicia-esta-paralizado\/#breadcrumb\"},\"inLanguage\":\"es-AR\",\"potentialAction\":[{\"@type\":\"ReadAction\",\"target\":[\"https:\/\/apuntesdesanluis.com\/index.php\/2024\/05\/28\/respuesta-de-allende-es-falaz-decir-que-el-servicio-de-justicia-esta-paralizado\/\"]}]},{\"@type\":\"ImageObject\",\"inLanguage\":\"es-AR\",\"@id\":\"https:\/\/apuntesdesanluis.com\/index.php\/2024\/05\/28\/respuesta-de-allende-es-falaz-decir-que-el-servicio-de-justicia-esta-paralizado\/#primaryimage\",\"url\":\"https:\/\/apuntesdesanluis.com\/wp-content\/uploads\/2024\/05\/eduardo-allende.png\",\"contentUrl\":\"https:\/\/apuntesdesanluis.com\/wp-content\/uploads\/2024\/05\/eduardo-allende.png\",\"width\":772,\"height\":451},{\"@type\":\"BreadcrumbList\",\"@id\":\"https:\/\/apuntesdesanluis.com\/index.php\/2024\/05\/28\/respuesta-de-allende-es-falaz-decir-que-el-servicio-de-justicia-esta-paralizado\/#breadcrumb\",\"itemListElement\":[{\"@type\":\"ListItem\",\"position\":1,\"name\":\"Inicio\",\"item\":\"https:\/\/apuntesdesanluis.com\/\"},{\"@type\":\"ListItem\",\"position\":2,\"name\":\"RESPUESTA DE ALLENDE: \u201cES FALAZ DECIR QUE EL SERVICIO DE JUSTICIA EST\u00c1 PARALIZADO\u201d\"}]},{\"@type\":\"WebSite\",\"@id\":\"https:\/\/apuntesdesanluis.com\/#website\",\"url\":\"https:\/\/apuntesdesanluis.com\/\",\"name\":\"Apuntes de San Luis\",\"description\":\"\",\"publisher\":{\"@id\":\"https:\/\/apuntesdesanluis.com\/#\/schema\/person\/b55151d52296fcce64d1a72538a70b90\"},\"potentialAction\":[{\"@type\":\"SearchAction\",\"target\":{\"@type\":\"EntryPoint\",\"urlTemplate\":\"https:\/\/apuntesdesanluis.com\/?s={search_term_string}\"},\"query-input\":{\"@type\":\"PropertyValueSpecification\",\"valueRequired\":true,\"valueName\":\"search_term_string\"}}],\"inLanguage\":\"es-AR\"},{\"@type\":[\"Person\",\"Organization\"],\"@id\":\"https:\/\/apuntesdesanluis.com\/#\/schema\/person\/b55151d52296fcce64d1a72538a70b90\",\"name\":\"apuntesdesanluis.com\",\"image\":{\"@type\":\"ImageObject\",\"inLanguage\":\"es-AR\",\"@id\":\"https:\/\/apuntesdesanluis.com\/#\/schema\/person\/image\/\",\"url\":\"https:\/\/apuntesdesanluis.com\/wp-content\/uploads\/2023\/07\/cropped-apuntesdesanluis.png\",\"contentUrl\":\"https:\/\/apuntesdesanluis.com\/wp-content\/uploads\/2023\/07\/cropped-apuntesdesanluis.png\",\"width\":450,\"height\":112,\"caption\":\"apuntesdesanluis.com\"},\"logo\":{\"@id\":\"https:\/\/apuntesdesanluis.com\/#\/schema\/person\/image\/\"},\"sameAs\":[\"https:\/\/apuntesdesanluis.com\"],\"url\":\"https:\/\/apuntesdesanluis.com\/index.php\/author\/apuntesdesanluis-com\/\"}]}<\/script>\n<!-- \/ Yoast SEO plugin. -->","yoast_head_json":{"title":"RESPUESTA DE ALLENDE: \u201cES FALAZ DECIR QUE EL SERVICIO DE JUSTICIA EST\u00c1 PARALIZADO\u201d - Apuntes de San Luis","robots":{"index":"index","follow":"follow","max-snippet":"max-snippet:-1","max-image-preview":"max-image-preview:large","max-video-preview":"max-video-preview:-1"},"canonical":"https:\/\/apuntesdesanluis.com\/index.php\/2024\/05\/28\/respuesta-de-allende-es-falaz-decir-que-el-servicio-de-justicia-esta-paralizado\/","og_locale":"es_ES","og_type":"article","og_title":"RESPUESTA DE ALLENDE: \u201cES FALAZ DECIR QUE EL SERVICIO DE JUSTICIA EST\u00c1 PARALIZADO\u201d - Apuntes de San Luis","og_description":"El pasado viernes el Presidente del Superior Tribunal de Justicia, Dr. Eduardo Allende, envi\u00f3 una...","og_url":"https:\/\/apuntesdesanluis.com\/index.php\/2024\/05\/28\/respuesta-de-allende-es-falaz-decir-que-el-servicio-de-justicia-esta-paralizado\/","og_site_name":"Apuntes de San Luis","article_published_time":"2024-05-29T02:31:30+00:00","article_modified_time":"2024-05-29T02:48:40+00:00","og_image":[{"width":772,"height":451,"url":"https:\/\/apuntesdesanluis.com\/wp-content\/uploads\/2024\/05\/eduardo-allende.png","type":"image\/png"}],"author":"apuntesdesanluis.com","twitter_card":"summary_large_image","twitter_misc":{"Escrito por":"apuntesdesanluis.com","Tiempo de lectura":"3 minutos"},"schema":{"@context":"https:\/\/schema.org","@graph":[{"@type":"Article","@id":"https:\/\/apuntesdesanluis.com\/index.php\/2024\/05\/28\/respuesta-de-allende-es-falaz-decir-que-el-servicio-de-justicia-esta-paralizado\/#article","isPartOf":{"@id":"https:\/\/apuntesdesanluis.com\/index.php\/2024\/05\/28\/respuesta-de-allende-es-falaz-decir-que-el-servicio-de-justicia-esta-paralizado\/"},"author":{"name":"apuntesdesanluis.com","@id":"https:\/\/apuntesdesanluis.com\/#\/schema\/person\/b55151d52296fcce64d1a72538a70b90"},"headline":"RESPUESTA DE ALLENDE: \u201cES FALAZ DECIR QUE EL SERVICIO DE JUSTICIA EST\u00c1 PARALIZADO\u201d","datePublished":"2024-05-29T02:31:30+00:00","dateModified":"2024-05-29T02:48:40+00:00","mainEntityOfPage":{"@id":"https:\/\/apuntesdesanluis.com\/index.php\/2024\/05\/28\/respuesta-de-allende-es-falaz-decir-que-el-servicio-de-justicia-esta-paralizado\/"},"wordCount":573,"publisher":{"@id":"https:\/\/apuntesdesanluis.com\/#\/schema\/person\/b55151d52296fcce64d1a72538a70b90"},"image":{"@id":"https:\/\/apuntesdesanluis.com\/index.php\/2024\/05\/28\/respuesta-de-allende-es-falaz-decir-que-el-servicio-de-justicia-esta-paralizado\/#primaryimage"},"thumbnailUrl":"https:\/\/apuntesdesanluis.com\/wp-content\/uploads\/2024\/05\/eduardo-allende.png","articleSection":["Ciudad\/Provincia"],"inLanguage":"es-AR"},{"@type":"WebPage","@id":"https:\/\/apuntesdesanluis.com\/index.php\/2024\/05\/28\/respuesta-de-allende-es-falaz-decir-que-el-servicio-de-justicia-esta-paralizado\/","url":"https:\/\/apuntesdesanluis.com\/index.php\/2024\/05\/28\/respuesta-de-allende-es-falaz-decir-que-el-servicio-de-justicia-esta-paralizado\/","name":"RESPUESTA DE ALLENDE: \u201cES FALAZ DECIR QUE EL SERVICIO DE JUSTICIA EST\u00c1 PARALIZADO\u201d - Apuntes de San Luis","isPartOf":{"@id":"https:\/\/apuntesdesanluis.com\/#website"},"primaryImageOfPage":{"@id":"https:\/\/apuntesdesanluis.com\/index.php\/2024\/05\/28\/respuesta-de-allende-es-falaz-decir-que-el-servicio-de-justicia-esta-paralizado\/#primaryimage"},"image":{"@id":"https:\/\/apuntesdesanluis.com\/index.php\/2024\/05\/28\/respuesta-de-allende-es-falaz-decir-que-el-servicio-de-justicia-esta-paralizado\/#primaryimage"},"thumbnailUrl":"https:\/\/apuntesdesanluis.com\/wp-content\/uploads\/2024\/05\/eduardo-allende.png","datePublished":"2024-05-29T02:31:30+00:00","dateModified":"2024-05-29T02:48:40+00:00","breadcrumb":{"@id":"https:\/\/apuntesdesanluis.com\/index.php\/2024\/05\/28\/respuesta-de-allende-es-falaz-decir-que-el-servicio-de-justicia-esta-paralizado\/#breadcrumb"},"inLanguage":"es-AR","potentialAction":[{"@type":"ReadAction","target":["https:\/\/apuntesdesanluis.com\/index.php\/2024\/05\/28\/respuesta-de-allende-es-falaz-decir-que-el-servicio-de-justicia-esta-paralizado\/"]}]},{"@type":"ImageObject","inLanguage":"es-AR","@id":"https:\/\/apuntesdesanluis.com\/index.php\/2024\/05\/28\/respuesta-de-allende-es-falaz-decir-que-el-servicio-de-justicia-esta-paralizado\/#primaryimage","url":"https:\/\/apuntesdesanluis.com\/wp-content\/uploads\/2024\/05\/eduardo-allende.png","contentUrl":"https:\/\/apuntesdesanluis.com\/wp-content\/uploads\/2024\/05\/eduardo-allende.png","width":772,"height":451},{"@type":"BreadcrumbList","@id":"https:\/\/apuntesdesanluis.com\/index.php\/2024\/05\/28\/respuesta-de-allende-es-falaz-decir-que-el-servicio-de-justicia-esta-paralizado\/#breadcrumb","itemListElement":[{"@type":"ListItem","position":1,"name":"Inicio","item":"https:\/\/apuntesdesanluis.com\/"},{"@type":"ListItem","position":2,"name":"RESPUESTA DE ALLENDE: \u201cES FALAZ DECIR QUE EL SERVICIO DE JUSTICIA EST\u00c1 PARALIZADO\u201d"}]},{"@type":"WebSite","@id":"https:\/\/apuntesdesanluis.com\/#website","url":"https:\/\/apuntesdesanluis.com\/","name":"Apuntes de San Luis","description":"","publisher":{"@id":"https:\/\/apuntesdesanluis.com\/#\/schema\/person\/b55151d52296fcce64d1a72538a70b90"},"potentialAction":[{"@type":"SearchAction","target":{"@type":"EntryPoint","urlTemplate":"https:\/\/apuntesdesanluis.com\/?s={search_term_string}"},"query-input":{"@type":"PropertyValueSpecification","valueRequired":true,"valueName":"search_term_string"}}],"inLanguage":"es-AR"},{"@type":["Person","Organization"],"@id":"https:\/\/apuntesdesanluis.com\/#\/schema\/person\/b55151d52296fcce64d1a72538a70b90","name":"apuntesdesanluis.com","image":{"@type":"ImageObject","inLanguage":"es-AR","@id":"https:\/\/apuntesdesanluis.com\/#\/schema\/person\/image\/","url":"https:\/\/apuntesdesanluis.com\/wp-content\/uploads\/2023\/07\/cropped-apuntesdesanluis.png","contentUrl":"https:\/\/apuntesdesanluis.com\/wp-content\/uploads\/2023\/07\/cropped-apuntesdesanluis.png","width":450,"height":112,"caption":"apuntesdesanluis.com"},"logo":{"@id":"https:\/\/apuntesdesanluis.com\/#\/schema\/person\/image\/"},"sameAs":["https:\/\/apuntesdesanluis.com"],"url":"https:\/\/apuntesdesanluis.com\/index.php\/author\/apuntesdesanluis-com\/"}]}},"featured_image_urls":{"full":["https:\/\/apuntesdesanluis.com\/wp-content\/uploads\/2024\/05\/eduardo-allende.png",772,451,false],"thumbnail":["https:\/\/apuntesdesanluis.com\/wp-content\/uploads\/2024\/05\/eduardo-allende-150x150.png",150,150,true],"medium":["https:\/\/apuntesdesanluis.com\/wp-content\/uploads\/2024\/05\/eduardo-allende-300x175.png",300,175,true],"medium_large":["https:\/\/apuntesdesanluis.com\/wp-content\/uploads\/2024\/05\/eduardo-allende-768x449.png",640,374,true],"large":["https:\/\/apuntesdesanluis.com\/wp-content\/uploads\/2024\/05\/eduardo-allende.png",640,374,false],"1536x1536":["https:\/\/apuntesdesanluis.com\/wp-content\/uploads\/2024\/05\/eduardo-allende.png",772,451,false],"2048x2048":["https:\/\/apuntesdesanluis.com\/wp-content\/uploads\/2024\/05\/eduardo-allende.png",772,451,false],"newsever-slider-full":["https:\/\/apuntesdesanluis.com\/wp-content\/uploads\/2024\/05\/eduardo-allende.png",772,451,false],"newsever-featured":["https:\/\/apuntesdesanluis.com\/wp-content\/uploads\/2024\/05\/eduardo-allende.png",772,451,false],"newsever-medium":["https:\/\/apuntesdesanluis.com\/wp-content\/uploads\/2024\/05\/eduardo-allende-720x451.png",720,451,true]},"author_info":{"display_name":"apuntesdesanluis.com","author_link":"https:\/\/apuntesdesanluis.com\/index.php\/author\/apuntesdesanluis-com\/"},"category_info":"<a href=\"https:\/\/apuntesdesanluis.com\/index.php\/category\/ciudad-provincia\/\" rel=\"category tag\">Ciudad\/Provincia<\/a>","tag_info":"Ciudad\/Provincia","comment_count":"0","_links":{"self":[{"href":"https:\/\/apuntesdesanluis.com\/index.php\/wp-json\/wp\/v2\/posts\/16968","targetHints":{"allow":["GET"]}}],"collection":[{"href":"https:\/\/apuntesdesanluis.com\/index.php\/wp-json\/wp\/v2\/posts"}],"about":[{"href":"https:\/\/apuntesdesanluis.com\/index.php\/wp-json\/wp\/v2\/types\/post"}],"author":[{"embeddable":true,"href":"https:\/\/apuntesdesanluis.com\/index.php\/wp-json\/wp\/v2\/users\/1"}],"replies":[{"embeddable":true,"href":"https:\/\/apuntesdesanluis.com\/index.php\/wp-json\/wp\/v2\/comments?post=16968"}],"version-history":[{"count":3,"href":"https:\/\/apuntesdesanluis.com\/index.php\/wp-json\/wp\/v2\/posts\/16968\/revisions"}],"predecessor-version":[{"id":16992,"href":"https:\/\/apuntesdesanluis.com\/index.php\/wp-json\/wp\/v2\/posts\/16968\/revisions\/16992"}],"wp:featuredmedia":[{"embeddable":true,"href":"https:\/\/apuntesdesanluis.com\/index.php\/wp-json\/wp\/v2\/media\/16969"}],"wp:attachment":[{"href":"https:\/\/apuntesdesanluis.com\/index.php\/wp-json\/wp\/v2\/media?parent=16968"}],"wp:term":[{"taxonomy":"category","embeddable":true,"href":"https:\/\/apuntesdesanluis.com\/index.php\/wp-json\/wp\/v2\/categories?post=16968"},{"taxonomy":"post_tag","embeddable":true,"href":"https:\/\/apuntesdesanluis.com\/index.php\/wp-json\/wp\/v2\/tags?post=16968"}],"curies":[{"name":"wp","href":"https:\/\/api.w.org\/{rel}","templated":true}]}}