{"id":16973,"date":"2024-05-28T23:16:35","date_gmt":"2024-05-29T02:16:35","guid":{"rendered":"https:\/\/apuntesdesanluis.com\/?p=16973"},"modified":"2024-05-28T23:19:53","modified_gmt":"2024-05-29T02:19:53","slug":"la-faca-declaro-su-apoyo-al-colegio-de-abogados-de-villa-mercedes","status":"publish","type":"post","link":"https:\/\/apuntesdesanluis.com\/index.php\/2024\/05\/28\/la-faca-declaro-su-apoyo-al-colegio-de-abogados-de-villa-mercedes\/","title":{"rendered":"LA FACA DECLAR\u00d3 SU APOYO AL COLEGIO DE ABOGADOS DE VILLA MERCEDES"},"content":{"rendered":"<h3>En medio del conflicto judicial y el enfrentamiento entre los abogados de la segunda circunscripci\u00f3n y el Superior Tribunal de Justicia, la <strong>Federaci\u00f3n Argentina de Colegios de Abogados (FACA<\/strong>) emiti\u00f3 un pronunciamiento en apoyo a sus colegas.<\/h3>\n<h3>En su declaraci\u00f3n sostiene que \u201cla creciente y elevada morosidad judicial, reconoce diversas causas, entre otras, tardanza excesiva en los despachos diarios, cambios introducidos por la ley org\u00e1nica y acordadas del S.T.J. las cuales a\u00fan no resultan eficaces para agilizar y modernizar el servicio de justicia, medidas de fuerza de los empleados judiciales, quienes vienen ejerciendo su derecho de huelga desde hace aproximadamente un mes, todo lo cual provoca grave afectaci\u00f3n en los derechos de los Justiciables\u201d.<\/h3>\n<h3>Luego de otras consideraciones, la FACA entiende que \u201cresulta necesario apoyar y acompa\u00f1ar al Colegio de Abogados de Villa Mercedes, que, en representaci\u00f3n de los abogados, lleva adelante gestiones tendientes a obtener una respuesta adecuada, de los poderes del Estado provincial\u201d.<\/h3>\n<h3>Por lo tanto, resuelve:<\/h3>\n<h3>1.- Brindar amplio apoyo y acompa\u00f1amiento al Colegio de Abogados de Villa Mercedes, en las acciones que lleva adelante en beneficio de todos sus matriculados y en defensa de las incumbencias profesiona- les.<\/h3>\n<h3>2.- Declarar el estado de alerta por los acontecimientos que se suscitan en el servicio de Justicia de la Pcia. de San Luis con asiento en la segunda circunscripci\u00f3n judicial en ocasi\u00f3n de los hechos relatados.<\/h3>\n<h3>3.-Exhortar a los poderes del Estado de la Provincia de San Luis a garantizar el efectivo y eficiente servicio de Justicia, como \u00fanico camino posible para respetar las garant\u00edas constituciones de los ciudadanos y de los Abogados que ejercen la profesi\u00f3n.<\/h3>\n<h3><span style=\"color: #3366ff;\"><a style=\"color: #3366ff;\" href=\"https:\/\/apuntesdesanluis.com\/wp-content\/uploads\/2024\/05\/FACA-DECLARACION-VILLA-MERCEDES.pdf\" target=\"_blank\" rel=\"noopener\">FACA &#8211; DECLARACI\u00d3N VILLA MERCEDES<\/a><\/span><\/h3>\n<p>&nbsp;<\/p>\n<p>&nbsp;<\/p>\n<p>&nbsp;<\/p>\n<p>&nbsp;<\/p>\n<p>&nbsp;<\/p>\n<p>&nbsp;<\/p>\n<p>&nbsp;<\/p>\n","protected":false},"excerpt":{"rendered":"<p>En medio del conflicto judicial y el enfrentamiento entre los abogados de la segunda circunscripci\u00f3n&#8230;<\/p>\n","protected":false},"author":1,"featured_media":16978,"comment_status":"closed","ping_status":"closed","sticky":false,"template":"","format":"standard","meta":{"footnotes":""},"categories":[6],"tags":[],"class_list":["post-16973","post","type-post","status-publish","format-standard","has-post-thumbnail","hentry","category-ciudad-provincia"],"yoast_head":"<!-- This site is optimized with the Yoast SEO plugin v26.1.1 - https:\/\/yoast.com\/wordpress\/plugins\/seo\/ -->\n<title>LA FACA DECLAR\u00d3 SU APOYO AL COLEGIO DE ABOGADOS DE VILLA MERCEDES - Apuntes de San Luis<\/title>\n<meta name=\"robots\" content=\"index, follow, max-snippet:-1, max-image-preview:large, max-video-preview:-1\" \/>\n<link rel=\"canonical\" href=\"https:\/\/apuntesdesanluis.com\/index.php\/2024\/05\/28\/la-faca-declaro-su-apoyo-al-colegio-de-abogados-de-villa-mercedes\/\" \/>\n<meta property=\"og:locale\" content=\"es_ES\" \/>\n<meta property=\"og:type\" content=\"article\" \/>\n<meta property=\"og:title\" content=\"LA FACA DECLAR\u00d3 SU APOYO AL COLEGIO DE ABOGADOS DE VILLA MERCEDES - Apuntes de San Luis\" \/>\n<meta property=\"og:description\" content=\"En medio del conflicto judicial y el enfrentamiento entre los abogados de la segunda circunscripci\u00f3n...\" \/>\n<meta property=\"og:url\" content=\"https:\/\/apuntesdesanluis.com\/index.php\/2024\/05\/28\/la-faca-declaro-su-apoyo-al-colegio-de-abogados-de-villa-mercedes\/\" \/>\n<meta property=\"og:site_name\" content=\"Apuntes de San Luis\" \/>\n<meta property=\"article:published_time\" content=\"2024-05-29T02:16:35+00:00\" \/>\n<meta property=\"article:modified_time\" content=\"2024-05-29T02:19:53+00:00\" \/>\n<meta property=\"og:image\" content=\"https:\/\/apuntesdesanluis.com\/wp-content\/uploads\/2024\/05\/FACA.png\" \/>\n\t<meta property=\"og:image:width\" content=\"601\" \/>\n\t<meta property=\"og:image:height\" content=\"310\" \/>\n\t<meta property=\"og:image:type\" content=\"image\/png\" \/>\n<meta name=\"author\" content=\"apuntesdesanluis.com\" \/>\n<meta name=\"twitter:card\" content=\"summary_large_image\" \/>\n<meta name=\"twitter:label1\" content=\"Escrito por\" \/>\n\t<meta name=\"twitter:data1\" content=\"apuntesdesanluis.com\" \/>\n\t<meta name=\"twitter:label2\" content=\"Tiempo de lectura\" \/>\n\t<meta name=\"twitter:data2\" content=\"2 minutos\" \/>\n<script type=\"application\/ld+json\" class=\"yoast-schema-graph\">{\"@context\":\"https:\/\/schema.org\",\"@graph\":[{\"@type\":\"Article\",\"@id\":\"https:\/\/apuntesdesanluis.com\/index.php\/2024\/05\/28\/la-faca-declaro-su-apoyo-al-colegio-de-abogados-de-villa-mercedes\/#article\",\"isPartOf\":{\"@id\":\"https:\/\/apuntesdesanluis.com\/index.php\/2024\/05\/28\/la-faca-declaro-su-apoyo-al-colegio-de-abogados-de-villa-mercedes\/\"},\"author\":{\"name\":\"apuntesdesanluis.com\",\"@id\":\"https:\/\/apuntesdesanluis.com\/#\/schema\/person\/b55151d52296fcce64d1a72538a70b90\"},\"headline\":\"LA FACA DECLAR\u00d3 SU APOYO AL COLEGIO DE ABOGADOS DE VILLA MERCEDES\",\"datePublished\":\"2024-05-29T02:16:35+00:00\",\"dateModified\":\"2024-05-29T02:19:53+00:00\",\"mainEntityOfPage\":{\"@id\":\"https:\/\/apuntesdesanluis.com\/index.php\/2024\/05\/28\/la-faca-declaro-su-apoyo-al-colegio-de-abogados-de-villa-mercedes\/\"},\"wordCount\":309,\"publisher\":{\"@id\":\"https:\/\/apuntesdesanluis.com\/#\/schema\/person\/b55151d52296fcce64d1a72538a70b90\"},\"image\":{\"@id\":\"https:\/\/apuntesdesanluis.com\/index.php\/2024\/05\/28\/la-faca-declaro-su-apoyo-al-colegio-de-abogados-de-villa-mercedes\/#primaryimage\"},\"thumbnailUrl\":\"https:\/\/apuntesdesanluis.com\/wp-content\/uploads\/2024\/05\/FACA.png\",\"articleSection\":[\"Ciudad\/Provincia\"],\"inLanguage\":\"es-AR\"},{\"@type\":\"WebPage\",\"@id\":\"https:\/\/apuntesdesanluis.com\/index.php\/2024\/05\/28\/la-faca-declaro-su-apoyo-al-colegio-de-abogados-de-villa-mercedes\/\",\"url\":\"https:\/\/apuntesdesanluis.com\/index.php\/2024\/05\/28\/la-faca-declaro-su-apoyo-al-colegio-de-abogados-de-villa-mercedes\/\",\"name\":\"LA FACA DECLAR\u00d3 SU APOYO AL COLEGIO DE ABOGADOS DE VILLA MERCEDES - Apuntes de San Luis\",\"isPartOf\":{\"@id\":\"https:\/\/apuntesdesanluis.com\/#website\"},\"primaryImageOfPage\":{\"@id\":\"https:\/\/apuntesdesanluis.com\/index.php\/2024\/05\/28\/la-faca-declaro-su-apoyo-al-colegio-de-abogados-de-villa-mercedes\/#primaryimage\"},\"image\":{\"@id\":\"https:\/\/apuntesdesanluis.com\/index.php\/2024\/05\/28\/la-faca-declaro-su-apoyo-al-colegio-de-abogados-de-villa-mercedes\/#primaryimage\"},\"thumbnailUrl\":\"https:\/\/apuntesdesanluis.com\/wp-content\/uploads\/2024\/05\/FACA.png\",\"datePublished\":\"2024-05-29T02:16:35+00:00\",\"dateModified\":\"2024-05-29T02:19:53+00:00\",\"breadcrumb\":{\"@id\":\"https:\/\/apuntesdesanluis.com\/index.php\/2024\/05\/28\/la-faca-declaro-su-apoyo-al-colegio-de-abogados-de-villa-mercedes\/#breadcrumb\"},\"inLanguage\":\"es-AR\",\"potentialAction\":[{\"@type\":\"ReadAction\",\"target\":[\"https:\/\/apuntesdesanluis.com\/index.php\/2024\/05\/28\/la-faca-declaro-su-apoyo-al-colegio-de-abogados-de-villa-mercedes\/\"]}]},{\"@type\":\"ImageObject\",\"inLanguage\":\"es-AR\",\"@id\":\"https:\/\/apuntesdesanluis.com\/index.php\/2024\/05\/28\/la-faca-declaro-su-apoyo-al-colegio-de-abogados-de-villa-mercedes\/#primaryimage\",\"url\":\"https:\/\/apuntesdesanluis.com\/wp-content\/uploads\/2024\/05\/FACA.png\",\"contentUrl\":\"https:\/\/apuntesdesanluis.com\/wp-content\/uploads\/2024\/05\/FACA.png\",\"width\":601,\"height\":310},{\"@type\":\"BreadcrumbList\",\"@id\":\"https:\/\/apuntesdesanluis.com\/index.php\/2024\/05\/28\/la-faca-declaro-su-apoyo-al-colegio-de-abogados-de-villa-mercedes\/#breadcrumb\",\"itemListElement\":[{\"@type\":\"ListItem\",\"position\":1,\"name\":\"Inicio\",\"item\":\"https:\/\/apuntesdesanluis.com\/\"},{\"@type\":\"ListItem\",\"position\":2,\"name\":\"LA FACA DECLAR\u00d3 SU APOYO AL COLEGIO DE ABOGADOS DE VILLA MERCEDES\"}]},{\"@type\":\"WebSite\",\"@id\":\"https:\/\/apuntesdesanluis.com\/#website\",\"url\":\"https:\/\/apuntesdesanluis.com\/\",\"name\":\"Apuntes de San Luis\",\"description\":\"\",\"publisher\":{\"@id\":\"https:\/\/apuntesdesanluis.com\/#\/schema\/person\/b55151d52296fcce64d1a72538a70b90\"},\"potentialAction\":[{\"@type\":\"SearchAction\",\"target\":{\"@type\":\"EntryPoint\",\"urlTemplate\":\"https:\/\/apuntesdesanluis.com\/?s={search_term_string}\"},\"query-input\":{\"@type\":\"PropertyValueSpecification\",\"valueRequired\":true,\"valueName\":\"search_term_string\"}}],\"inLanguage\":\"es-AR\"},{\"@type\":[\"Person\",\"Organization\"],\"@id\":\"https:\/\/apuntesdesanluis.com\/#\/schema\/person\/b55151d52296fcce64d1a72538a70b90\",\"name\":\"apuntesdesanluis.com\",\"image\":{\"@type\":\"ImageObject\",\"inLanguage\":\"es-AR\",\"@id\":\"https:\/\/apuntesdesanluis.com\/#\/schema\/person\/image\/\",\"url\":\"https:\/\/apuntesdesanluis.com\/wp-content\/uploads\/2023\/07\/cropped-apuntesdesanluis.png\",\"contentUrl\":\"https:\/\/apuntesdesanluis.com\/wp-content\/uploads\/2023\/07\/cropped-apuntesdesanluis.png\",\"width\":450,\"height\":112,\"caption\":\"apuntesdesanluis.com\"},\"logo\":{\"@id\":\"https:\/\/apuntesdesanluis.com\/#\/schema\/person\/image\/\"},\"sameAs\":[\"https:\/\/apuntesdesanluis.com\"],\"url\":\"https:\/\/apuntesdesanluis.com\/index.php\/author\/apuntesdesanluis-com\/\"}]}<\/script>\n<!-- \/ Yoast SEO plugin. -->","yoast_head_json":{"title":"LA FACA DECLAR\u00d3 SU APOYO AL COLEGIO DE ABOGADOS DE VILLA MERCEDES - Apuntes de San Luis","robots":{"index":"index","follow":"follow","max-snippet":"max-snippet:-1","max-image-preview":"max-image-preview:large","max-video-preview":"max-video-preview:-1"},"canonical":"https:\/\/apuntesdesanluis.com\/index.php\/2024\/05\/28\/la-faca-declaro-su-apoyo-al-colegio-de-abogados-de-villa-mercedes\/","og_locale":"es_ES","og_type":"article","og_title":"LA FACA DECLAR\u00d3 SU APOYO AL COLEGIO DE ABOGADOS DE VILLA MERCEDES - Apuntes de San Luis","og_description":"En medio del conflicto judicial y el enfrentamiento entre los abogados de la segunda circunscripci\u00f3n...","og_url":"https:\/\/apuntesdesanluis.com\/index.php\/2024\/05\/28\/la-faca-declaro-su-apoyo-al-colegio-de-abogados-de-villa-mercedes\/","og_site_name":"Apuntes de San Luis","article_published_time":"2024-05-29T02:16:35+00:00","article_modified_time":"2024-05-29T02:19:53+00:00","og_image":[{"width":601,"height":310,"url":"https:\/\/apuntesdesanluis.com\/wp-content\/uploads\/2024\/05\/FACA.png","type":"image\/png"}],"author":"apuntesdesanluis.com","twitter_card":"summary_large_image","twitter_misc":{"Escrito por":"apuntesdesanluis.com","Tiempo de lectura":"2 minutos"},"schema":{"@context":"https:\/\/schema.org","@graph":[{"@type":"Article","@id":"https:\/\/apuntesdesanluis.com\/index.php\/2024\/05\/28\/la-faca-declaro-su-apoyo-al-colegio-de-abogados-de-villa-mercedes\/#article","isPartOf":{"@id":"https:\/\/apuntesdesanluis.com\/index.php\/2024\/05\/28\/la-faca-declaro-su-apoyo-al-colegio-de-abogados-de-villa-mercedes\/"},"author":{"name":"apuntesdesanluis.com","@id":"https:\/\/apuntesdesanluis.com\/#\/schema\/person\/b55151d52296fcce64d1a72538a70b90"},"headline":"LA FACA DECLAR\u00d3 SU APOYO AL COLEGIO DE ABOGADOS DE VILLA MERCEDES","datePublished":"2024-05-29T02:16:35+00:00","dateModified":"2024-05-29T02:19:53+00:00","mainEntityOfPage":{"@id":"https:\/\/apuntesdesanluis.com\/index.php\/2024\/05\/28\/la-faca-declaro-su-apoyo-al-colegio-de-abogados-de-villa-mercedes\/"},"wordCount":309,"publisher":{"@id":"https:\/\/apuntesdesanluis.com\/#\/schema\/person\/b55151d52296fcce64d1a72538a70b90"},"image":{"@id":"https:\/\/apuntesdesanluis.com\/index.php\/2024\/05\/28\/la-faca-declaro-su-apoyo-al-colegio-de-abogados-de-villa-mercedes\/#primaryimage"},"thumbnailUrl":"https:\/\/apuntesdesanluis.com\/wp-content\/uploads\/2024\/05\/FACA.png","articleSection":["Ciudad\/Provincia"],"inLanguage":"es-AR"},{"@type":"WebPage","@id":"https:\/\/apuntesdesanluis.com\/index.php\/2024\/05\/28\/la-faca-declaro-su-apoyo-al-colegio-de-abogados-de-villa-mercedes\/","url":"https:\/\/apuntesdesanluis.com\/index.php\/2024\/05\/28\/la-faca-declaro-su-apoyo-al-colegio-de-abogados-de-villa-mercedes\/","name":"LA FACA DECLAR\u00d3 SU APOYO AL COLEGIO DE ABOGADOS DE VILLA MERCEDES - Apuntes de San Luis","isPartOf":{"@id":"https:\/\/apuntesdesanluis.com\/#website"},"primaryImageOfPage":{"@id":"https:\/\/apuntesdesanluis.com\/index.php\/2024\/05\/28\/la-faca-declaro-su-apoyo-al-colegio-de-abogados-de-villa-mercedes\/#primaryimage"},"image":{"@id":"https:\/\/apuntesdesanluis.com\/index.php\/2024\/05\/28\/la-faca-declaro-su-apoyo-al-colegio-de-abogados-de-villa-mercedes\/#primaryimage"},"thumbnailUrl":"https:\/\/apuntesdesanluis.com\/wp-content\/uploads\/2024\/05\/FACA.png","datePublished":"2024-05-29T02:16:35+00:00","dateModified":"2024-05-29T02:19:53+00:00","breadcrumb":{"@id":"https:\/\/apuntesdesanluis.com\/index.php\/2024\/05\/28\/la-faca-declaro-su-apoyo-al-colegio-de-abogados-de-villa-mercedes\/#breadcrumb"},"inLanguage":"es-AR","potentialAction":[{"@type":"ReadAction","target":["https:\/\/apuntesdesanluis.com\/index.php\/2024\/05\/28\/la-faca-declaro-su-apoyo-al-colegio-de-abogados-de-villa-mercedes\/"]}]},{"@type":"ImageObject","inLanguage":"es-AR","@id":"https:\/\/apuntesdesanluis.com\/index.php\/2024\/05\/28\/la-faca-declaro-su-apoyo-al-colegio-de-abogados-de-villa-mercedes\/#primaryimage","url":"https:\/\/apuntesdesanluis.com\/wp-content\/uploads\/2024\/05\/FACA.png","contentUrl":"https:\/\/apuntesdesanluis.com\/wp-content\/uploads\/2024\/05\/FACA.png","width":601,"height":310},{"@type":"BreadcrumbList","@id":"https:\/\/apuntesdesanluis.com\/index.php\/2024\/05\/28\/la-faca-declaro-su-apoyo-al-colegio-de-abogados-de-villa-mercedes\/#breadcrumb","itemListElement":[{"@type":"ListItem","position":1,"name":"Inicio","item":"https:\/\/apuntesdesanluis.com\/"},{"@type":"ListItem","position":2,"name":"LA FACA DECLAR\u00d3 SU APOYO AL COLEGIO DE ABOGADOS DE VILLA MERCEDES"}]},{"@type":"WebSite","@id":"https:\/\/apuntesdesanluis.com\/#website","url":"https:\/\/apuntesdesanluis.com\/","name":"Apuntes de San Luis","description":"","publisher":{"@id":"https:\/\/apuntesdesanluis.com\/#\/schema\/person\/b55151d52296fcce64d1a72538a70b90"},"potentialAction":[{"@type":"SearchAction","target":{"@type":"EntryPoint","urlTemplate":"https:\/\/apuntesdesanluis.com\/?s={search_term_string}"},"query-input":{"@type":"PropertyValueSpecification","valueRequired":true,"valueName":"search_term_string"}}],"inLanguage":"es-AR"},{"@type":["Person","Organization"],"@id":"https:\/\/apuntesdesanluis.com\/#\/schema\/person\/b55151d52296fcce64d1a72538a70b90","name":"apuntesdesanluis.com","image":{"@type":"ImageObject","inLanguage":"es-AR","@id":"https:\/\/apuntesdesanluis.com\/#\/schema\/person\/image\/","url":"https:\/\/apuntesdesanluis.com\/wp-content\/uploads\/2023\/07\/cropped-apuntesdesanluis.png","contentUrl":"https:\/\/apuntesdesanluis.com\/wp-content\/uploads\/2023\/07\/cropped-apuntesdesanluis.png","width":450,"height":112,"caption":"apuntesdesanluis.com"},"logo":{"@id":"https:\/\/apuntesdesanluis.com\/#\/schema\/person\/image\/"},"sameAs":["https:\/\/apuntesdesanluis.com"],"url":"https:\/\/apuntesdesanluis.com\/index.php\/author\/apuntesdesanluis-com\/"}]}},"featured_image_urls":{"full":["https:\/\/apuntesdesanluis.com\/wp-content\/uploads\/2024\/05\/FACA.png",601,310,false],"thumbnail":["https:\/\/apuntesdesanluis.com\/wp-content\/uploads\/2024\/05\/FACA-150x150.png",150,150,true],"medium":["https:\/\/apuntesdesanluis.com\/wp-content\/uploads\/2024\/05\/FACA-300x155.png",300,155,true],"medium_large":["https:\/\/apuntesdesanluis.com\/wp-content\/uploads\/2024\/05\/FACA.png",601,310,false],"large":["https:\/\/apuntesdesanluis.com\/wp-content\/uploads\/2024\/05\/FACA.png",601,310,false],"1536x1536":["https:\/\/apuntesdesanluis.com\/wp-content\/uploads\/2024\/05\/FACA.png",601,310,false],"2048x2048":["https:\/\/apuntesdesanluis.com\/wp-content\/uploads\/2024\/05\/FACA.png",601,310,false],"newsever-slider-full":["https:\/\/apuntesdesanluis.com\/wp-content\/uploads\/2024\/05\/FACA.png",601,310,false],"newsever-featured":["https:\/\/apuntesdesanluis.com\/wp-content\/uploads\/2024\/05\/FACA.png",601,310,false],"newsever-medium":["https:\/\/apuntesdesanluis.com\/wp-content\/uploads\/2024\/05\/FACA.png",601,310,false]},"author_info":{"display_name":"apuntesdesanluis.com","author_link":"https:\/\/apuntesdesanluis.com\/index.php\/author\/apuntesdesanluis-com\/"},"category_info":"<a href=\"https:\/\/apuntesdesanluis.com\/index.php\/category\/ciudad-provincia\/\" rel=\"category tag\">Ciudad\/Provincia<\/a>","tag_info":"Ciudad\/Provincia","comment_count":"0","_links":{"self":[{"href":"https:\/\/apuntesdesanluis.com\/index.php\/wp-json\/wp\/v2\/posts\/16973","targetHints":{"allow":["GET"]}}],"collection":[{"href":"https:\/\/apuntesdesanluis.com\/index.php\/wp-json\/wp\/v2\/posts"}],"about":[{"href":"https:\/\/apuntesdesanluis.com\/index.php\/wp-json\/wp\/v2\/types\/post"}],"author":[{"embeddable":true,"href":"https:\/\/apuntesdesanluis.com\/index.php\/wp-json\/wp\/v2\/users\/1"}],"replies":[{"embeddable":true,"href":"https:\/\/apuntesdesanluis.com\/index.php\/wp-json\/wp\/v2\/comments?post=16973"}],"version-history":[{"count":5,"href":"https:\/\/apuntesdesanluis.com\/index.php\/wp-json\/wp\/v2\/posts\/16973\/revisions"}],"predecessor-version":[{"id":16983,"href":"https:\/\/apuntesdesanluis.com\/index.php\/wp-json\/wp\/v2\/posts\/16973\/revisions\/16983"}],"wp:featuredmedia":[{"embeddable":true,"href":"https:\/\/apuntesdesanluis.com\/index.php\/wp-json\/wp\/v2\/media\/16978"}],"wp:attachment":[{"href":"https:\/\/apuntesdesanluis.com\/index.php\/wp-json\/wp\/v2\/media?parent=16973"}],"wp:term":[{"taxonomy":"category","embeddable":true,"href":"https:\/\/apuntesdesanluis.com\/index.php\/wp-json\/wp\/v2\/categories?post=16973"},{"taxonomy":"post_tag","embeddable":true,"href":"https:\/\/apuntesdesanluis.com\/index.php\/wp-json\/wp\/v2\/tags?post=16973"}],"curies":[{"name":"wp","href":"https:\/\/api.w.org\/{rel}","templated":true}]}}