{"id":16975,"date":"2024-05-28T23:25:19","date_gmt":"2024-05-29T02:25:19","guid":{"rendered":"https:\/\/apuntesdesanluis.com\/?p=16975"},"modified":"2024-05-28T23:28:20","modified_gmt":"2024-05-29T02:28:20","slug":"el-sijupu-indico-que-no-se-justifica-la-intervencion-federal-al-poder-judicial","status":"publish","type":"post","link":"https:\/\/apuntesdesanluis.com\/index.php\/2024\/05\/28\/el-sijupu-indico-que-no-se-justifica-la-intervencion-federal-al-poder-judicial\/","title":{"rendered":"EL SIJUPU INDIC\u00d3 QUE &#8220;NO SE JUSTIFICA LA INTERVENCI\u00d3N FEDERAL&#8221; AL PODER JUDICIAL"},"content":{"rendered":"<h3>\u201cExisten mecanismos legales y administrativos adecuados para resolver conflictos salariales y funcionales, como la negociaci\u00f3n colectiva, la mediaci\u00f3n y el arbitraje. Estos m\u00e9todos son m\u00e1s adecuados y respetan la autonom\u00eda provincial y los derechos de los trabajadores. La intervenci\u00f3n federal debe ser una medida de \u00faltima instancia y proporcional a la gravedad de la situaci\u00f3n y que la prueba as\u00ed lo amerite. En un conflicto salarial y funcional con guardias m\u00ednimas aseguradas, no se justifica una intervenci\u00f3n de esta naturaleza, ya que la administraci\u00f3n de justicia est\u00e1 siendo garantizada y estamos muy lejos de caer en una denegaci\u00f3n, como se quiere amedrentar\u201d.<\/h3>\n<h3>Ese p\u00e1rrafo est\u00e1 contenido en una larga nota que envi\u00f3 el <strong>Sindicato Judiciales Puntanos <\/strong>que conduce <strong>Luciano Cardarelli,<\/strong>\u00a0al Superior Tribunal de Justicia y al Procurador <strong>Luis Martinez<\/strong>, \u201cen referencia a la nota presentada por el Colegio de Abogados de Villa Mercedes, en el contexto de la lucha de reclamo salarial y funcional que estamos llevando a cabo\u201d.<\/h3>\n<h3>\u201cEn primer lugar, queremos enfatizar que las medidas de fuerza adoptadas por nuestro sindicato han sido cuidadosamente planificadas y ejecutadas para garantizar la prestaci\u00f3n del servicio de justicia. Aunque no se realiza de manera normal, se asegura el funcionamiento adecuado de las cuestiones urgentes, habilitadas, y de aquellas previstas en el Art\u00edculo 20 de la Ley Org\u00e1nica de Administraci\u00f3n de Justicia. Adem\u00e1s, los distintos actos procesales, en horario de oficina y atenci\u00f3n al p\u00fablico, y las cuestiones de mero tr\u00e1mite est\u00e1n siendo llevados a cabo por aquellos que no acatan las medidas del sindicato o no est\u00e1n afiliados al mismo. Prueba de ello son los despachos diarios publicados, actuaciones de audiencias y las distintas diligencias realizadas, que demuestran una prestaci\u00f3n de servicio garantizada en todos sus aspectos, salvo durante las dos horas de cese de actividades (que se realizan solo cuestiones habilitadas por parte de la guardia m\u00ednima que acata la medida), luego la atenci\u00f3n al p\u00fablico en las mesas de entradas se retoma con normalidad\u201d, sostiene el SIJUPU m\u00e1s adelante.<\/h3>\n<h3>A\u00f1ade adem\u00e1s: \u201cEs importante subrayar que las medidas de fuerza adoptadas por nuestros afiliados\/as implican el ejercicio de un derecho constitucional. La Constituci\u00f3n Nacional (Art. 14 bis) reconoce el derecho de los trabajadores a la huelga como una herramienta leg\u00edtima para la defensa de sus intereses. Intervenir en este conflicto salarial ser\u00eda una violaci\u00f3n de este derecho fundamental. Mientras se mantengan las guardias m\u00ednimas, cumplimos con nuestro deber de garantizar la prestaci\u00f3n de servicio por ser de car\u00e1cter esenciales, equilibrando as\u00ed nuestro derecho a la huelga con la necesidad de no afectar gravemente el servicio de justicia\u201d.<\/h3>\n<h3>\u201cEl conflicto salarial que estamos atravesando se da en un marco donde el Poder Judicial no es un ente aut\u00e1rquico, ya que depende en un 80% del Tesoro Provincial y con un presupuesto devaluado y carente de partidas extraordinaria para cumplir con lo establecido por nuestra Ley de \u201cEscala Salarial\u201d, debido a que la misma fue aprobada posteriori a la presentaci\u00f3n del correspondiente presupuesto 2024. Nuestro reclamo salarial se lleva adelante con la profunda solidaridad de todos los estamentos judiciales, entendiendo que es una lucha justa ante los salarios indigentes de los trabajadores\u201d.<\/h3>\n<p>&nbsp;<\/p>\n<h3><\/h3>\n<h2>VER: <span style=\"color: #3366ff;\"><a style=\"color: #3366ff;\" href=\"https:\/\/apuntesdesanluis.com\/wp-content\/uploads\/2024\/05\/Informe-nota-Colegio-de-Abogados.pdf\" target=\"_blank\" rel=\"noopener\">Informe nota Colegio de Abogados<\/a><\/span><\/h2>\n<p>&nbsp;<\/p>\n<p>&nbsp;<\/p>\n<p>&nbsp;<\/p>\n<p>&nbsp;<\/p>\n<p>&nbsp;<\/p>\n<p>&nbsp;<\/p>\n<p>&nbsp;<\/p>\n","protected":false},"excerpt":{"rendered":"<p>\u201cExisten mecanismos legales y administrativos adecuados para resolver conflictos salariales y funcionales, como la negociaci\u00f3n&#8230;<\/p>\n","protected":false},"author":1,"featured_media":4862,"comment_status":"closed","ping_status":"closed","sticky":false,"template":"","format":"standard","meta":{"footnotes":""},"categories":[6],"tags":[],"class_list":["post-16975","post","type-post","status-publish","format-standard","has-post-thumbnail","hentry","category-ciudad-provincia"],"yoast_head":"<!-- This site is optimized with the Yoast SEO plugin v26.1.1 - https:\/\/yoast.com\/wordpress\/plugins\/seo\/ -->\n<title>EL SIJUPU INDIC\u00d3 QUE &quot;NO SE JUSTIFICA LA INTERVENCI\u00d3N FEDERAL&quot; AL PODER JUDICIAL - Apuntes de San Luis<\/title>\n<meta name=\"robots\" content=\"index, follow, max-snippet:-1, max-image-preview:large, max-video-preview:-1\" \/>\n<link rel=\"canonical\" href=\"https:\/\/apuntesdesanluis.com\/index.php\/2024\/05\/28\/el-sijupu-indico-que-no-se-justifica-la-intervencion-federal-al-poder-judicial\/\" \/>\n<meta property=\"og:locale\" content=\"es_ES\" \/>\n<meta property=\"og:type\" content=\"article\" \/>\n<meta property=\"og:title\" content=\"EL SIJUPU INDIC\u00d3 QUE &quot;NO SE JUSTIFICA LA INTERVENCI\u00d3N FEDERAL&quot; AL PODER JUDICIAL - Apuntes de San Luis\" \/>\n<meta property=\"og:description\" content=\"\u201cExisten mecanismos legales y administrativos adecuados para resolver conflictos salariales y funcionales, como la negociaci\u00f3n...\" \/>\n<meta property=\"og:url\" content=\"https:\/\/apuntesdesanluis.com\/index.php\/2024\/05\/28\/el-sijupu-indico-que-no-se-justifica-la-intervencion-federal-al-poder-judicial\/\" \/>\n<meta property=\"og:site_name\" content=\"Apuntes de San Luis\" \/>\n<meta property=\"article:published_time\" content=\"2024-05-29T02:25:19+00:00\" \/>\n<meta property=\"article:modified_time\" content=\"2024-05-29T02:28:20+00:00\" \/>\n<meta property=\"og:image\" content=\"https:\/\/apuntesdesanluis.com\/wp-content\/uploads\/2023\/10\/cardarelli.png\" \/>\n\t<meta property=\"og:image:width\" content=\"600\" \/>\n\t<meta property=\"og:image:height\" content=\"384\" \/>\n\t<meta property=\"og:image:type\" content=\"image\/png\" \/>\n<meta name=\"author\" content=\"apuntesdesanluis.com\" \/>\n<meta name=\"twitter:card\" content=\"summary_large_image\" \/>\n<meta name=\"twitter:label1\" content=\"Escrito por\" \/>\n\t<meta name=\"twitter:data1\" content=\"apuntesdesanluis.com\" \/>\n\t<meta name=\"twitter:label2\" content=\"Tiempo de lectura\" \/>\n\t<meta name=\"twitter:data2\" content=\"3 minutos\" \/>\n<script type=\"application\/ld+json\" class=\"yoast-schema-graph\">{\"@context\":\"https:\/\/schema.org\",\"@graph\":[{\"@type\":\"Article\",\"@id\":\"https:\/\/apuntesdesanluis.com\/index.php\/2024\/05\/28\/el-sijupu-indico-que-no-se-justifica-la-intervencion-federal-al-poder-judicial\/#article\",\"isPartOf\":{\"@id\":\"https:\/\/apuntesdesanluis.com\/index.php\/2024\/05\/28\/el-sijupu-indico-que-no-se-justifica-la-intervencion-federal-al-poder-judicial\/\"},\"author\":{\"name\":\"apuntesdesanluis.com\",\"@id\":\"https:\/\/apuntesdesanluis.com\/#\/schema\/person\/b55151d52296fcce64d1a72538a70b90\"},\"headline\":\"EL SIJUPU INDIC\u00d3 QUE &#8220;NO SE JUSTIFICA LA INTERVENCI\u00d3N FEDERAL&#8221; AL PODER JUDICIAL\",\"datePublished\":\"2024-05-29T02:25:19+00:00\",\"dateModified\":\"2024-05-29T02:28:20+00:00\",\"mainEntityOfPage\":{\"@id\":\"https:\/\/apuntesdesanluis.com\/index.php\/2024\/05\/28\/el-sijupu-indico-que-no-se-justifica-la-intervencion-federal-al-poder-judicial\/\"},\"wordCount\":584,\"publisher\":{\"@id\":\"https:\/\/apuntesdesanluis.com\/#\/schema\/person\/b55151d52296fcce64d1a72538a70b90\"},\"image\":{\"@id\":\"https:\/\/apuntesdesanluis.com\/index.php\/2024\/05\/28\/el-sijupu-indico-que-no-se-justifica-la-intervencion-federal-al-poder-judicial\/#primaryimage\"},\"thumbnailUrl\":\"https:\/\/apuntesdesanluis.com\/wp-content\/uploads\/2023\/10\/cardarelli.png\",\"articleSection\":[\"Ciudad\/Provincia\"],\"inLanguage\":\"es-AR\"},{\"@type\":\"WebPage\",\"@id\":\"https:\/\/apuntesdesanluis.com\/index.php\/2024\/05\/28\/el-sijupu-indico-que-no-se-justifica-la-intervencion-federal-al-poder-judicial\/\",\"url\":\"https:\/\/apuntesdesanluis.com\/index.php\/2024\/05\/28\/el-sijupu-indico-que-no-se-justifica-la-intervencion-federal-al-poder-judicial\/\",\"name\":\"EL SIJUPU INDIC\u00d3 QUE \\\"NO SE JUSTIFICA LA INTERVENCI\u00d3N FEDERAL\\\" AL PODER JUDICIAL - Apuntes de San Luis\",\"isPartOf\":{\"@id\":\"https:\/\/apuntesdesanluis.com\/#website\"},\"primaryImageOfPage\":{\"@id\":\"https:\/\/apuntesdesanluis.com\/index.php\/2024\/05\/28\/el-sijupu-indico-que-no-se-justifica-la-intervencion-federal-al-poder-judicial\/#primaryimage\"},\"image\":{\"@id\":\"https:\/\/apuntesdesanluis.com\/index.php\/2024\/05\/28\/el-sijupu-indico-que-no-se-justifica-la-intervencion-federal-al-poder-judicial\/#primaryimage\"},\"thumbnailUrl\":\"https:\/\/apuntesdesanluis.com\/wp-content\/uploads\/2023\/10\/cardarelli.png\",\"datePublished\":\"2024-05-29T02:25:19+00:00\",\"dateModified\":\"2024-05-29T02:28:20+00:00\",\"breadcrumb\":{\"@id\":\"https:\/\/apuntesdesanluis.com\/index.php\/2024\/05\/28\/el-sijupu-indico-que-no-se-justifica-la-intervencion-federal-al-poder-judicial\/#breadcrumb\"},\"inLanguage\":\"es-AR\",\"potentialAction\":[{\"@type\":\"ReadAction\",\"target\":[\"https:\/\/apuntesdesanluis.com\/index.php\/2024\/05\/28\/el-sijupu-indico-que-no-se-justifica-la-intervencion-federal-al-poder-judicial\/\"]}]},{\"@type\":\"ImageObject\",\"inLanguage\":\"es-AR\",\"@id\":\"https:\/\/apuntesdesanluis.com\/index.php\/2024\/05\/28\/el-sijupu-indico-que-no-se-justifica-la-intervencion-federal-al-poder-judicial\/#primaryimage\",\"url\":\"https:\/\/apuntesdesanluis.com\/wp-content\/uploads\/2023\/10\/cardarelli.png\",\"contentUrl\":\"https:\/\/apuntesdesanluis.com\/wp-content\/uploads\/2023\/10\/cardarelli.png\",\"width\":600,\"height\":384},{\"@type\":\"BreadcrumbList\",\"@id\":\"https:\/\/apuntesdesanluis.com\/index.php\/2024\/05\/28\/el-sijupu-indico-que-no-se-justifica-la-intervencion-federal-al-poder-judicial\/#breadcrumb\",\"itemListElement\":[{\"@type\":\"ListItem\",\"position\":1,\"name\":\"Inicio\",\"item\":\"https:\/\/apuntesdesanluis.com\/\"},{\"@type\":\"ListItem\",\"position\":2,\"name\":\"EL SIJUPU INDIC\u00d3 QUE &#8220;NO SE JUSTIFICA LA INTERVENCI\u00d3N FEDERAL&#8221; AL PODER JUDICIAL\"}]},{\"@type\":\"WebSite\",\"@id\":\"https:\/\/apuntesdesanluis.com\/#website\",\"url\":\"https:\/\/apuntesdesanluis.com\/\",\"name\":\"Apuntes de San Luis\",\"description\":\"\",\"publisher\":{\"@id\":\"https:\/\/apuntesdesanluis.com\/#\/schema\/person\/b55151d52296fcce64d1a72538a70b90\"},\"potentialAction\":[{\"@type\":\"SearchAction\",\"target\":{\"@type\":\"EntryPoint\",\"urlTemplate\":\"https:\/\/apuntesdesanluis.com\/?s={search_term_string}\"},\"query-input\":{\"@type\":\"PropertyValueSpecification\",\"valueRequired\":true,\"valueName\":\"search_term_string\"}}],\"inLanguage\":\"es-AR\"},{\"@type\":[\"Person\",\"Organization\"],\"@id\":\"https:\/\/apuntesdesanluis.com\/#\/schema\/person\/b55151d52296fcce64d1a72538a70b90\",\"name\":\"apuntesdesanluis.com\",\"image\":{\"@type\":\"ImageObject\",\"inLanguage\":\"es-AR\",\"@id\":\"https:\/\/apuntesdesanluis.com\/#\/schema\/person\/image\/\",\"url\":\"https:\/\/apuntesdesanluis.com\/wp-content\/uploads\/2023\/07\/cropped-apuntesdesanluis.png\",\"contentUrl\":\"https:\/\/apuntesdesanluis.com\/wp-content\/uploads\/2023\/07\/cropped-apuntesdesanluis.png\",\"width\":450,\"height\":112,\"caption\":\"apuntesdesanluis.com\"},\"logo\":{\"@id\":\"https:\/\/apuntesdesanluis.com\/#\/schema\/person\/image\/\"},\"sameAs\":[\"https:\/\/apuntesdesanluis.com\"],\"url\":\"https:\/\/apuntesdesanluis.com\/index.php\/author\/apuntesdesanluis-com\/\"}]}<\/script>\n<!-- \/ Yoast SEO plugin. -->","yoast_head_json":{"title":"EL SIJUPU INDIC\u00d3 QUE \"NO SE JUSTIFICA LA INTERVENCI\u00d3N FEDERAL\" AL PODER JUDICIAL - Apuntes de San Luis","robots":{"index":"index","follow":"follow","max-snippet":"max-snippet:-1","max-image-preview":"max-image-preview:large","max-video-preview":"max-video-preview:-1"},"canonical":"https:\/\/apuntesdesanluis.com\/index.php\/2024\/05\/28\/el-sijupu-indico-que-no-se-justifica-la-intervencion-federal-al-poder-judicial\/","og_locale":"es_ES","og_type":"article","og_title":"EL SIJUPU INDIC\u00d3 QUE \"NO SE JUSTIFICA LA INTERVENCI\u00d3N FEDERAL\" AL PODER JUDICIAL - Apuntes de San Luis","og_description":"\u201cExisten mecanismos legales y administrativos adecuados para resolver conflictos salariales y funcionales, como la negociaci\u00f3n...","og_url":"https:\/\/apuntesdesanluis.com\/index.php\/2024\/05\/28\/el-sijupu-indico-que-no-se-justifica-la-intervencion-federal-al-poder-judicial\/","og_site_name":"Apuntes de San Luis","article_published_time":"2024-05-29T02:25:19+00:00","article_modified_time":"2024-05-29T02:28:20+00:00","og_image":[{"width":600,"height":384,"url":"https:\/\/apuntesdesanluis.com\/wp-content\/uploads\/2023\/10\/cardarelli.png","type":"image\/png"}],"author":"apuntesdesanluis.com","twitter_card":"summary_large_image","twitter_misc":{"Escrito por":"apuntesdesanluis.com","Tiempo de lectura":"3 minutos"},"schema":{"@context":"https:\/\/schema.org","@graph":[{"@type":"Article","@id":"https:\/\/apuntesdesanluis.com\/index.php\/2024\/05\/28\/el-sijupu-indico-que-no-se-justifica-la-intervencion-federal-al-poder-judicial\/#article","isPartOf":{"@id":"https:\/\/apuntesdesanluis.com\/index.php\/2024\/05\/28\/el-sijupu-indico-que-no-se-justifica-la-intervencion-federal-al-poder-judicial\/"},"author":{"name":"apuntesdesanluis.com","@id":"https:\/\/apuntesdesanluis.com\/#\/schema\/person\/b55151d52296fcce64d1a72538a70b90"},"headline":"EL SIJUPU INDIC\u00d3 QUE &#8220;NO SE JUSTIFICA LA INTERVENCI\u00d3N FEDERAL&#8221; AL PODER JUDICIAL","datePublished":"2024-05-29T02:25:19+00:00","dateModified":"2024-05-29T02:28:20+00:00","mainEntityOfPage":{"@id":"https:\/\/apuntesdesanluis.com\/index.php\/2024\/05\/28\/el-sijupu-indico-que-no-se-justifica-la-intervencion-federal-al-poder-judicial\/"},"wordCount":584,"publisher":{"@id":"https:\/\/apuntesdesanluis.com\/#\/schema\/person\/b55151d52296fcce64d1a72538a70b90"},"image":{"@id":"https:\/\/apuntesdesanluis.com\/index.php\/2024\/05\/28\/el-sijupu-indico-que-no-se-justifica-la-intervencion-federal-al-poder-judicial\/#primaryimage"},"thumbnailUrl":"https:\/\/apuntesdesanluis.com\/wp-content\/uploads\/2023\/10\/cardarelli.png","articleSection":["Ciudad\/Provincia"],"inLanguage":"es-AR"},{"@type":"WebPage","@id":"https:\/\/apuntesdesanluis.com\/index.php\/2024\/05\/28\/el-sijupu-indico-que-no-se-justifica-la-intervencion-federal-al-poder-judicial\/","url":"https:\/\/apuntesdesanluis.com\/index.php\/2024\/05\/28\/el-sijupu-indico-que-no-se-justifica-la-intervencion-federal-al-poder-judicial\/","name":"EL SIJUPU INDIC\u00d3 QUE \"NO SE JUSTIFICA LA INTERVENCI\u00d3N FEDERAL\" AL PODER JUDICIAL - Apuntes de San Luis","isPartOf":{"@id":"https:\/\/apuntesdesanluis.com\/#website"},"primaryImageOfPage":{"@id":"https:\/\/apuntesdesanluis.com\/index.php\/2024\/05\/28\/el-sijupu-indico-que-no-se-justifica-la-intervencion-federal-al-poder-judicial\/#primaryimage"},"image":{"@id":"https:\/\/apuntesdesanluis.com\/index.php\/2024\/05\/28\/el-sijupu-indico-que-no-se-justifica-la-intervencion-federal-al-poder-judicial\/#primaryimage"},"thumbnailUrl":"https:\/\/apuntesdesanluis.com\/wp-content\/uploads\/2023\/10\/cardarelli.png","datePublished":"2024-05-29T02:25:19+00:00","dateModified":"2024-05-29T02:28:20+00:00","breadcrumb":{"@id":"https:\/\/apuntesdesanluis.com\/index.php\/2024\/05\/28\/el-sijupu-indico-que-no-se-justifica-la-intervencion-federal-al-poder-judicial\/#breadcrumb"},"inLanguage":"es-AR","potentialAction":[{"@type":"ReadAction","target":["https:\/\/apuntesdesanluis.com\/index.php\/2024\/05\/28\/el-sijupu-indico-que-no-se-justifica-la-intervencion-federal-al-poder-judicial\/"]}]},{"@type":"ImageObject","inLanguage":"es-AR","@id":"https:\/\/apuntesdesanluis.com\/index.php\/2024\/05\/28\/el-sijupu-indico-que-no-se-justifica-la-intervencion-federal-al-poder-judicial\/#primaryimage","url":"https:\/\/apuntesdesanluis.com\/wp-content\/uploads\/2023\/10\/cardarelli.png","contentUrl":"https:\/\/apuntesdesanluis.com\/wp-content\/uploads\/2023\/10\/cardarelli.png","width":600,"height":384},{"@type":"BreadcrumbList","@id":"https:\/\/apuntesdesanluis.com\/index.php\/2024\/05\/28\/el-sijupu-indico-que-no-se-justifica-la-intervencion-federal-al-poder-judicial\/#breadcrumb","itemListElement":[{"@type":"ListItem","position":1,"name":"Inicio","item":"https:\/\/apuntesdesanluis.com\/"},{"@type":"ListItem","position":2,"name":"EL SIJUPU INDIC\u00d3 QUE &#8220;NO SE JUSTIFICA LA INTERVENCI\u00d3N FEDERAL&#8221; AL PODER JUDICIAL"}]},{"@type":"WebSite","@id":"https:\/\/apuntesdesanluis.com\/#website","url":"https:\/\/apuntesdesanluis.com\/","name":"Apuntes de San Luis","description":"","publisher":{"@id":"https:\/\/apuntesdesanluis.com\/#\/schema\/person\/b55151d52296fcce64d1a72538a70b90"},"potentialAction":[{"@type":"SearchAction","target":{"@type":"EntryPoint","urlTemplate":"https:\/\/apuntesdesanluis.com\/?s={search_term_string}"},"query-input":{"@type":"PropertyValueSpecification","valueRequired":true,"valueName":"search_term_string"}}],"inLanguage":"es-AR"},{"@type":["Person","Organization"],"@id":"https:\/\/apuntesdesanluis.com\/#\/schema\/person\/b55151d52296fcce64d1a72538a70b90","name":"apuntesdesanluis.com","image":{"@type":"ImageObject","inLanguage":"es-AR","@id":"https:\/\/apuntesdesanluis.com\/#\/schema\/person\/image\/","url":"https:\/\/apuntesdesanluis.com\/wp-content\/uploads\/2023\/07\/cropped-apuntesdesanluis.png","contentUrl":"https:\/\/apuntesdesanluis.com\/wp-content\/uploads\/2023\/07\/cropped-apuntesdesanluis.png","width":450,"height":112,"caption":"apuntesdesanluis.com"},"logo":{"@id":"https:\/\/apuntesdesanluis.com\/#\/schema\/person\/image\/"},"sameAs":["https:\/\/apuntesdesanluis.com"],"url":"https:\/\/apuntesdesanluis.com\/index.php\/author\/apuntesdesanluis-com\/"}]}},"featured_image_urls":{"full":["https:\/\/apuntesdesanluis.com\/wp-content\/uploads\/2023\/10\/cardarelli.png",600,384,false],"thumbnail":["https:\/\/apuntesdesanluis.com\/wp-content\/uploads\/2023\/10\/cardarelli-150x150.png",150,150,true],"medium":["https:\/\/apuntesdesanluis.com\/wp-content\/uploads\/2023\/10\/cardarelli-300x192.png",300,192,true],"medium_large":["https:\/\/apuntesdesanluis.com\/wp-content\/uploads\/2023\/10\/cardarelli.png",600,384,false],"large":["https:\/\/apuntesdesanluis.com\/wp-content\/uploads\/2023\/10\/cardarelli.png",600,384,false],"1536x1536":["https:\/\/apuntesdesanluis.com\/wp-content\/uploads\/2023\/10\/cardarelli.png",600,384,false],"2048x2048":["https:\/\/apuntesdesanluis.com\/wp-content\/uploads\/2023\/10\/cardarelli.png",600,384,false],"newsever-slider-full":["https:\/\/apuntesdesanluis.com\/wp-content\/uploads\/2023\/10\/cardarelli.png",600,384,false],"newsever-featured":["https:\/\/apuntesdesanluis.com\/wp-content\/uploads\/2023\/10\/cardarelli.png",600,384,false],"newsever-medium":["https:\/\/apuntesdesanluis.com\/wp-content\/uploads\/2023\/10\/cardarelli.png",600,384,false]},"author_info":{"display_name":"apuntesdesanluis.com","author_link":"https:\/\/apuntesdesanluis.com\/index.php\/author\/apuntesdesanluis-com\/"},"category_info":"<a href=\"https:\/\/apuntesdesanluis.com\/index.php\/category\/ciudad-provincia\/\" rel=\"category tag\">Ciudad\/Provincia<\/a>","tag_info":"Ciudad\/Provincia","comment_count":"0","_links":{"self":[{"href":"https:\/\/apuntesdesanluis.com\/index.php\/wp-json\/wp\/v2\/posts\/16975","targetHints":{"allow":["GET"]}}],"collection":[{"href":"https:\/\/apuntesdesanluis.com\/index.php\/wp-json\/wp\/v2\/posts"}],"about":[{"href":"https:\/\/apuntesdesanluis.com\/index.php\/wp-json\/wp\/v2\/types\/post"}],"author":[{"embeddable":true,"href":"https:\/\/apuntesdesanluis.com\/index.php\/wp-json\/wp\/v2\/users\/1"}],"replies":[{"embeddable":true,"href":"https:\/\/apuntesdesanluis.com\/index.php\/wp-json\/wp\/v2\/comments?post=16975"}],"version-history":[{"count":6,"href":"https:\/\/apuntesdesanluis.com\/index.php\/wp-json\/wp\/v2\/posts\/16975\/revisions"}],"predecessor-version":[{"id":16989,"href":"https:\/\/apuntesdesanluis.com\/index.php\/wp-json\/wp\/v2\/posts\/16975\/revisions\/16989"}],"wp:featuredmedia":[{"embeddable":true,"href":"https:\/\/apuntesdesanluis.com\/index.php\/wp-json\/wp\/v2\/media\/4862"}],"wp:attachment":[{"href":"https:\/\/apuntesdesanluis.com\/index.php\/wp-json\/wp\/v2\/media?parent=16975"}],"wp:term":[{"taxonomy":"category","embeddable":true,"href":"https:\/\/apuntesdesanluis.com\/index.php\/wp-json\/wp\/v2\/categories?post=16975"},{"taxonomy":"post_tag","embeddable":true,"href":"https:\/\/apuntesdesanluis.com\/index.php\/wp-json\/wp\/v2\/tags?post=16975"}],"curies":[{"name":"wp","href":"https:\/\/api.w.org\/{rel}","templated":true}]}}