{"id":17010,"date":"2024-05-29T00:40:47","date_gmt":"2024-05-29T03:40:47","guid":{"rendered":"https:\/\/apuntesdesanluis.com\/?p=17010"},"modified":"2024-05-29T00:41:13","modified_gmt":"2024-05-29T03:41:13","slug":"la-recesion-golpea-con-mas-fuerza-a-las-pymes-siete-de-cada-diez-informan-caida-del-consumo","status":"publish","type":"post","link":"https:\/\/apuntesdesanluis.com\/index.php\/2024\/05\/29\/la-recesion-golpea-con-mas-fuerza-a-las-pymes-siete-de-cada-diez-informan-caida-del-consumo\/","title":{"rendered":"LA RECESI\u00d3N GOLPEA CON M\u00c1S FUERZA A LAS PYMES: SIETE DE CADA DIEZ INFORMAN CA\u00cdDA DEL CONSUMO"},"content":{"rendered":"<h3>El sector peque\u00f1o y mediano de la econom\u00eda es el que m\u00e1s empleo genera en etapas de crecimiento, pero ahora analiza achicar planteles.<\/h3>\n<h3>La recesi\u00f3n instalada en la econom\u00eda argentina golpea con m\u00e1s dureza al sector pyme, donde siete de cada diez empresas informan ca\u00edda del consumo.<\/h3>\n<h3>Adem\u00e1s, las peque\u00f1as y medianas empresas creen que la crisis se profundizar\u00e1 en los pr\u00f3ximos 12 meses.<\/h3>\n<h3>Casi el 70% de las Pymes industriales est\u00e1n atravesando una crisis provocada por el derrumbe del consumo en el mercado interno.<\/h3>\n<h3>La permanencia de esa crisis empieza a afectar el empleo. Los datos surgen de la encuesta realizada por Industriales Pymes Argentinos (IPA) entre sus asociados.<\/h3>\n<h3>Casi el 80% de los industriales manufactureros se mostraron pesimistas sobre el futuro de sus negocios durante los pr\u00f3ximos doce meses, lo cual puede agravar el panorama laboral, que ya refleja despidos en el rubro textil.<\/h3>\n<h3>El 31% de las pymes consultadas calific\u00f3 de \u201cmuy mala\u201d su situaci\u00f3n.<\/h3>\n<h3>Y otro 38% la calific\u00f3 de \u201cmala\u201d. Estos datos redondean casi un 70% de una delicada coyuntura.<\/h3>\n<h3>En cuanto a las expectativas para los pr\u00f3ximos doce meses, el 55% estim\u00f3 un \u201cpeor\u201d escenario para la actividad.<\/h3>\n<h3>Solamente un 21% aguarda que las condiciones de producci\u00f3n sean \u201cmejores\u201d.<\/h3>\n<h3>El 62% de las pymes industriales dijo que su evoluci\u00f3n depende de la pol\u00edtica econ\u00f3mica del Gobierno, que por ahora les resulta muy negativa.<\/h3>\n<h3>Otro dato que agrava el cuadro de crisis es que el 35% de las pymes eval\u00faa despedir personal.<\/h3>\n<h3>El dato clave de la ca\u00edda del sector es la baja de la demanda del mercado interno (70%).<\/h3>\n<h3>A eso se suma una elevada carga tributaria (48,4%).<\/h3>\n<h3>Pero tambi\u00e9n adjudican la crisis a la \u201cincertidumbre respecto de la pol\u00edtica econ\u00f3mica\u201d (39%).<\/h3>\n<p>&nbsp;<\/p>\n<p>&nbsp;<\/p>\n<p>&nbsp;<\/p>\n<p>&nbsp;<\/p>\n<p>&nbsp;<\/p>\n<p>&nbsp;<\/p>\n","protected":false},"excerpt":{"rendered":"<p>El sector peque\u00f1o y mediano de la econom\u00eda es el que m\u00e1s empleo genera en&#8230;<\/p>\n","protected":false},"author":1,"featured_media":17011,"comment_status":"closed","ping_status":"closed","sticky":false,"template":"","format":"standard","meta":{"footnotes":""},"categories":[5],"tags":[],"class_list":["post-17010","post","type-post","status-publish","format-standard","has-post-thumbnail","hentry","category-nacionales-internacionales"],"yoast_head":"<!-- This site is optimized with the Yoast SEO plugin v26.1.1 - https:\/\/yoast.com\/wordpress\/plugins\/seo\/ -->\n<title>LA RECESI\u00d3N GOLPEA CON M\u00c1S FUERZA A LAS PYMES: SIETE DE CADA DIEZ INFORMAN CA\u00cdDA DEL CONSUMO - Apuntes de San Luis<\/title>\n<meta name=\"robots\" content=\"index, follow, max-snippet:-1, max-image-preview:large, max-video-preview:-1\" \/>\n<link rel=\"canonical\" href=\"https:\/\/apuntesdesanluis.com\/index.php\/2024\/05\/29\/la-recesion-golpea-con-mas-fuerza-a-las-pymes-siete-de-cada-diez-informan-caida-del-consumo\/\" \/>\n<meta property=\"og:locale\" content=\"es_ES\" \/>\n<meta property=\"og:type\" content=\"article\" \/>\n<meta property=\"og:title\" content=\"LA RECESI\u00d3N GOLPEA CON M\u00c1S FUERZA A LAS PYMES: SIETE DE CADA DIEZ INFORMAN CA\u00cdDA DEL CONSUMO - Apuntes de San Luis\" \/>\n<meta property=\"og:description\" content=\"El sector peque\u00f1o y mediano de la econom\u00eda es el que m\u00e1s empleo genera en...\" \/>\n<meta property=\"og:url\" content=\"https:\/\/apuntesdesanluis.com\/index.php\/2024\/05\/29\/la-recesion-golpea-con-mas-fuerza-a-las-pymes-siete-de-cada-diez-informan-caida-del-consumo\/\" \/>\n<meta property=\"og:site_name\" content=\"Apuntes de San Luis\" \/>\n<meta property=\"article:published_time\" content=\"2024-05-29T03:40:47+00:00\" \/>\n<meta property=\"article:modified_time\" content=\"2024-05-29T03:41:13+00:00\" \/>\n<meta property=\"og:image\" content=\"https:\/\/apuntesdesanluis.com\/wp-content\/uploads\/2024\/05\/PYMES.png\" \/>\n\t<meta property=\"og:image:width\" content=\"700\" \/>\n\t<meta property=\"og:image:height\" content=\"444\" \/>\n\t<meta property=\"og:image:type\" content=\"image\/png\" \/>\n<meta name=\"author\" content=\"apuntesdesanluis.com\" \/>\n<meta name=\"twitter:card\" content=\"summary_large_image\" \/>\n<meta name=\"twitter:label1\" content=\"Escrito por\" \/>\n\t<meta name=\"twitter:data1\" content=\"apuntesdesanluis.com\" \/>\n\t<meta name=\"twitter:label2\" content=\"Tiempo de lectura\" \/>\n\t<meta name=\"twitter:data2\" content=\"2 minutos\" \/>\n<script type=\"application\/ld+json\" class=\"yoast-schema-graph\">{\"@context\":\"https:\/\/schema.org\",\"@graph\":[{\"@type\":\"Article\",\"@id\":\"https:\/\/apuntesdesanluis.com\/index.php\/2024\/05\/29\/la-recesion-golpea-con-mas-fuerza-a-las-pymes-siete-de-cada-diez-informan-caida-del-consumo\/#article\",\"isPartOf\":{\"@id\":\"https:\/\/apuntesdesanluis.com\/index.php\/2024\/05\/29\/la-recesion-golpea-con-mas-fuerza-a-las-pymes-siete-de-cada-diez-informan-caida-del-consumo\/\"},\"author\":{\"name\":\"apuntesdesanluis.com\",\"@id\":\"https:\/\/apuntesdesanluis.com\/#\/schema\/person\/b55151d52296fcce64d1a72538a70b90\"},\"headline\":\"LA RECESI\u00d3N GOLPEA CON M\u00c1S FUERZA A LAS PYMES: SIETE DE CADA DIEZ INFORMAN CA\u00cdDA DEL CONSUMO\",\"datePublished\":\"2024-05-29T03:40:47+00:00\",\"dateModified\":\"2024-05-29T03:41:13+00:00\",\"mainEntityOfPage\":{\"@id\":\"https:\/\/apuntesdesanluis.com\/index.php\/2024\/05\/29\/la-recesion-golpea-con-mas-fuerza-a-las-pymes-siete-de-cada-diez-informan-caida-del-consumo\/\"},\"wordCount\":324,\"publisher\":{\"@id\":\"https:\/\/apuntesdesanluis.com\/#\/schema\/person\/b55151d52296fcce64d1a72538a70b90\"},\"image\":{\"@id\":\"https:\/\/apuntesdesanluis.com\/index.php\/2024\/05\/29\/la-recesion-golpea-con-mas-fuerza-a-las-pymes-siete-de-cada-diez-informan-caida-del-consumo\/#primaryimage\"},\"thumbnailUrl\":\"https:\/\/apuntesdesanluis.com\/wp-content\/uploads\/2024\/05\/PYMES.png\",\"articleSection\":[\"Nacionales\/Internacionales\"],\"inLanguage\":\"es-AR\"},{\"@type\":\"WebPage\",\"@id\":\"https:\/\/apuntesdesanluis.com\/index.php\/2024\/05\/29\/la-recesion-golpea-con-mas-fuerza-a-las-pymes-siete-de-cada-diez-informan-caida-del-consumo\/\",\"url\":\"https:\/\/apuntesdesanluis.com\/index.php\/2024\/05\/29\/la-recesion-golpea-con-mas-fuerza-a-las-pymes-siete-de-cada-diez-informan-caida-del-consumo\/\",\"name\":\"LA RECESI\u00d3N GOLPEA CON M\u00c1S FUERZA A LAS PYMES: SIETE DE CADA DIEZ INFORMAN CA\u00cdDA DEL CONSUMO - Apuntes de San Luis\",\"isPartOf\":{\"@id\":\"https:\/\/apuntesdesanluis.com\/#website\"},\"primaryImageOfPage\":{\"@id\":\"https:\/\/apuntesdesanluis.com\/index.php\/2024\/05\/29\/la-recesion-golpea-con-mas-fuerza-a-las-pymes-siete-de-cada-diez-informan-caida-del-consumo\/#primaryimage\"},\"image\":{\"@id\":\"https:\/\/apuntesdesanluis.com\/index.php\/2024\/05\/29\/la-recesion-golpea-con-mas-fuerza-a-las-pymes-siete-de-cada-diez-informan-caida-del-consumo\/#primaryimage\"},\"thumbnailUrl\":\"https:\/\/apuntesdesanluis.com\/wp-content\/uploads\/2024\/05\/PYMES.png\",\"datePublished\":\"2024-05-29T03:40:47+00:00\",\"dateModified\":\"2024-05-29T03:41:13+00:00\",\"breadcrumb\":{\"@id\":\"https:\/\/apuntesdesanluis.com\/index.php\/2024\/05\/29\/la-recesion-golpea-con-mas-fuerza-a-las-pymes-siete-de-cada-diez-informan-caida-del-consumo\/#breadcrumb\"},\"inLanguage\":\"es-AR\",\"potentialAction\":[{\"@type\":\"ReadAction\",\"target\":[\"https:\/\/apuntesdesanluis.com\/index.php\/2024\/05\/29\/la-recesion-golpea-con-mas-fuerza-a-las-pymes-siete-de-cada-diez-informan-caida-del-consumo\/\"]}]},{\"@type\":\"ImageObject\",\"inLanguage\":\"es-AR\",\"@id\":\"https:\/\/apuntesdesanluis.com\/index.php\/2024\/05\/29\/la-recesion-golpea-con-mas-fuerza-a-las-pymes-siete-de-cada-diez-informan-caida-del-consumo\/#primaryimage\",\"url\":\"https:\/\/apuntesdesanluis.com\/wp-content\/uploads\/2024\/05\/PYMES.png\",\"contentUrl\":\"https:\/\/apuntesdesanluis.com\/wp-content\/uploads\/2024\/05\/PYMES.png\",\"width\":700,\"height\":444},{\"@type\":\"BreadcrumbList\",\"@id\":\"https:\/\/apuntesdesanluis.com\/index.php\/2024\/05\/29\/la-recesion-golpea-con-mas-fuerza-a-las-pymes-siete-de-cada-diez-informan-caida-del-consumo\/#breadcrumb\",\"itemListElement\":[{\"@type\":\"ListItem\",\"position\":1,\"name\":\"Inicio\",\"item\":\"https:\/\/apuntesdesanluis.com\/\"},{\"@type\":\"ListItem\",\"position\":2,\"name\":\"LA RECESI\u00d3N GOLPEA CON M\u00c1S FUERZA A LAS PYMES: SIETE DE CADA DIEZ INFORMAN CA\u00cdDA DEL CONSUMO\"}]},{\"@type\":\"WebSite\",\"@id\":\"https:\/\/apuntesdesanluis.com\/#website\",\"url\":\"https:\/\/apuntesdesanluis.com\/\",\"name\":\"Apuntes de San Luis\",\"description\":\"\",\"publisher\":{\"@id\":\"https:\/\/apuntesdesanluis.com\/#\/schema\/person\/b55151d52296fcce64d1a72538a70b90\"},\"potentialAction\":[{\"@type\":\"SearchAction\",\"target\":{\"@type\":\"EntryPoint\",\"urlTemplate\":\"https:\/\/apuntesdesanluis.com\/?s={search_term_string}\"},\"query-input\":{\"@type\":\"PropertyValueSpecification\",\"valueRequired\":true,\"valueName\":\"search_term_string\"}}],\"inLanguage\":\"es-AR\"},{\"@type\":[\"Person\",\"Organization\"],\"@id\":\"https:\/\/apuntesdesanluis.com\/#\/schema\/person\/b55151d52296fcce64d1a72538a70b90\",\"name\":\"apuntesdesanluis.com\",\"image\":{\"@type\":\"ImageObject\",\"inLanguage\":\"es-AR\",\"@id\":\"https:\/\/apuntesdesanluis.com\/#\/schema\/person\/image\/\",\"url\":\"https:\/\/apuntesdesanluis.com\/wp-content\/uploads\/2023\/07\/cropped-apuntesdesanluis.png\",\"contentUrl\":\"https:\/\/apuntesdesanluis.com\/wp-content\/uploads\/2023\/07\/cropped-apuntesdesanluis.png\",\"width\":450,\"height\":112,\"caption\":\"apuntesdesanluis.com\"},\"logo\":{\"@id\":\"https:\/\/apuntesdesanluis.com\/#\/schema\/person\/image\/\"},\"sameAs\":[\"https:\/\/apuntesdesanluis.com\"],\"url\":\"https:\/\/apuntesdesanluis.com\/index.php\/author\/apuntesdesanluis-com\/\"}]}<\/script>\n<!-- \/ Yoast SEO plugin. -->","yoast_head_json":{"title":"LA RECESI\u00d3N GOLPEA CON M\u00c1S FUERZA A LAS PYMES: SIETE DE CADA DIEZ INFORMAN CA\u00cdDA DEL CONSUMO - Apuntes de San Luis","robots":{"index":"index","follow":"follow","max-snippet":"max-snippet:-1","max-image-preview":"max-image-preview:large","max-video-preview":"max-video-preview:-1"},"canonical":"https:\/\/apuntesdesanluis.com\/index.php\/2024\/05\/29\/la-recesion-golpea-con-mas-fuerza-a-las-pymes-siete-de-cada-diez-informan-caida-del-consumo\/","og_locale":"es_ES","og_type":"article","og_title":"LA RECESI\u00d3N GOLPEA CON M\u00c1S FUERZA A LAS PYMES: SIETE DE CADA DIEZ INFORMAN CA\u00cdDA DEL CONSUMO - Apuntes de San Luis","og_description":"El sector peque\u00f1o y mediano de la econom\u00eda es el que m\u00e1s empleo genera en...","og_url":"https:\/\/apuntesdesanluis.com\/index.php\/2024\/05\/29\/la-recesion-golpea-con-mas-fuerza-a-las-pymes-siete-de-cada-diez-informan-caida-del-consumo\/","og_site_name":"Apuntes de San Luis","article_published_time":"2024-05-29T03:40:47+00:00","article_modified_time":"2024-05-29T03:41:13+00:00","og_image":[{"width":700,"height":444,"url":"https:\/\/apuntesdesanluis.com\/wp-content\/uploads\/2024\/05\/PYMES.png","type":"image\/png"}],"author":"apuntesdesanluis.com","twitter_card":"summary_large_image","twitter_misc":{"Escrito por":"apuntesdesanluis.com","Tiempo de lectura":"2 minutos"},"schema":{"@context":"https:\/\/schema.org","@graph":[{"@type":"Article","@id":"https:\/\/apuntesdesanluis.com\/index.php\/2024\/05\/29\/la-recesion-golpea-con-mas-fuerza-a-las-pymes-siete-de-cada-diez-informan-caida-del-consumo\/#article","isPartOf":{"@id":"https:\/\/apuntesdesanluis.com\/index.php\/2024\/05\/29\/la-recesion-golpea-con-mas-fuerza-a-las-pymes-siete-de-cada-diez-informan-caida-del-consumo\/"},"author":{"name":"apuntesdesanluis.com","@id":"https:\/\/apuntesdesanluis.com\/#\/schema\/person\/b55151d52296fcce64d1a72538a70b90"},"headline":"LA RECESI\u00d3N GOLPEA CON M\u00c1S FUERZA A LAS PYMES: SIETE DE CADA DIEZ INFORMAN CA\u00cdDA DEL CONSUMO","datePublished":"2024-05-29T03:40:47+00:00","dateModified":"2024-05-29T03:41:13+00:00","mainEntityOfPage":{"@id":"https:\/\/apuntesdesanluis.com\/index.php\/2024\/05\/29\/la-recesion-golpea-con-mas-fuerza-a-las-pymes-siete-de-cada-diez-informan-caida-del-consumo\/"},"wordCount":324,"publisher":{"@id":"https:\/\/apuntesdesanluis.com\/#\/schema\/person\/b55151d52296fcce64d1a72538a70b90"},"image":{"@id":"https:\/\/apuntesdesanluis.com\/index.php\/2024\/05\/29\/la-recesion-golpea-con-mas-fuerza-a-las-pymes-siete-de-cada-diez-informan-caida-del-consumo\/#primaryimage"},"thumbnailUrl":"https:\/\/apuntesdesanluis.com\/wp-content\/uploads\/2024\/05\/PYMES.png","articleSection":["Nacionales\/Internacionales"],"inLanguage":"es-AR"},{"@type":"WebPage","@id":"https:\/\/apuntesdesanluis.com\/index.php\/2024\/05\/29\/la-recesion-golpea-con-mas-fuerza-a-las-pymes-siete-de-cada-diez-informan-caida-del-consumo\/","url":"https:\/\/apuntesdesanluis.com\/index.php\/2024\/05\/29\/la-recesion-golpea-con-mas-fuerza-a-las-pymes-siete-de-cada-diez-informan-caida-del-consumo\/","name":"LA RECESI\u00d3N GOLPEA CON M\u00c1S FUERZA A LAS PYMES: SIETE DE CADA DIEZ INFORMAN CA\u00cdDA DEL CONSUMO - Apuntes de San Luis","isPartOf":{"@id":"https:\/\/apuntesdesanluis.com\/#website"},"primaryImageOfPage":{"@id":"https:\/\/apuntesdesanluis.com\/index.php\/2024\/05\/29\/la-recesion-golpea-con-mas-fuerza-a-las-pymes-siete-de-cada-diez-informan-caida-del-consumo\/#primaryimage"},"image":{"@id":"https:\/\/apuntesdesanluis.com\/index.php\/2024\/05\/29\/la-recesion-golpea-con-mas-fuerza-a-las-pymes-siete-de-cada-diez-informan-caida-del-consumo\/#primaryimage"},"thumbnailUrl":"https:\/\/apuntesdesanluis.com\/wp-content\/uploads\/2024\/05\/PYMES.png","datePublished":"2024-05-29T03:40:47+00:00","dateModified":"2024-05-29T03:41:13+00:00","breadcrumb":{"@id":"https:\/\/apuntesdesanluis.com\/index.php\/2024\/05\/29\/la-recesion-golpea-con-mas-fuerza-a-las-pymes-siete-de-cada-diez-informan-caida-del-consumo\/#breadcrumb"},"inLanguage":"es-AR","potentialAction":[{"@type":"ReadAction","target":["https:\/\/apuntesdesanluis.com\/index.php\/2024\/05\/29\/la-recesion-golpea-con-mas-fuerza-a-las-pymes-siete-de-cada-diez-informan-caida-del-consumo\/"]}]},{"@type":"ImageObject","inLanguage":"es-AR","@id":"https:\/\/apuntesdesanluis.com\/index.php\/2024\/05\/29\/la-recesion-golpea-con-mas-fuerza-a-las-pymes-siete-de-cada-diez-informan-caida-del-consumo\/#primaryimage","url":"https:\/\/apuntesdesanluis.com\/wp-content\/uploads\/2024\/05\/PYMES.png","contentUrl":"https:\/\/apuntesdesanluis.com\/wp-content\/uploads\/2024\/05\/PYMES.png","width":700,"height":444},{"@type":"BreadcrumbList","@id":"https:\/\/apuntesdesanluis.com\/index.php\/2024\/05\/29\/la-recesion-golpea-con-mas-fuerza-a-las-pymes-siete-de-cada-diez-informan-caida-del-consumo\/#breadcrumb","itemListElement":[{"@type":"ListItem","position":1,"name":"Inicio","item":"https:\/\/apuntesdesanluis.com\/"},{"@type":"ListItem","position":2,"name":"LA RECESI\u00d3N GOLPEA CON M\u00c1S FUERZA A LAS PYMES: SIETE DE CADA DIEZ INFORMAN CA\u00cdDA DEL CONSUMO"}]},{"@type":"WebSite","@id":"https:\/\/apuntesdesanluis.com\/#website","url":"https:\/\/apuntesdesanluis.com\/","name":"Apuntes de San Luis","description":"","publisher":{"@id":"https:\/\/apuntesdesanluis.com\/#\/schema\/person\/b55151d52296fcce64d1a72538a70b90"},"potentialAction":[{"@type":"SearchAction","target":{"@type":"EntryPoint","urlTemplate":"https:\/\/apuntesdesanluis.com\/?s={search_term_string}"},"query-input":{"@type":"PropertyValueSpecification","valueRequired":true,"valueName":"search_term_string"}}],"inLanguage":"es-AR"},{"@type":["Person","Organization"],"@id":"https:\/\/apuntesdesanluis.com\/#\/schema\/person\/b55151d52296fcce64d1a72538a70b90","name":"apuntesdesanluis.com","image":{"@type":"ImageObject","inLanguage":"es-AR","@id":"https:\/\/apuntesdesanluis.com\/#\/schema\/person\/image\/","url":"https:\/\/apuntesdesanluis.com\/wp-content\/uploads\/2023\/07\/cropped-apuntesdesanluis.png","contentUrl":"https:\/\/apuntesdesanluis.com\/wp-content\/uploads\/2023\/07\/cropped-apuntesdesanluis.png","width":450,"height":112,"caption":"apuntesdesanluis.com"},"logo":{"@id":"https:\/\/apuntesdesanluis.com\/#\/schema\/person\/image\/"},"sameAs":["https:\/\/apuntesdesanluis.com"],"url":"https:\/\/apuntesdesanluis.com\/index.php\/author\/apuntesdesanluis-com\/"}]}},"featured_image_urls":{"full":["https:\/\/apuntesdesanluis.com\/wp-content\/uploads\/2024\/05\/PYMES.png",700,444,false],"thumbnail":["https:\/\/apuntesdesanluis.com\/wp-content\/uploads\/2024\/05\/PYMES-150x150.png",150,150,true],"medium":["https:\/\/apuntesdesanluis.com\/wp-content\/uploads\/2024\/05\/PYMES-300x190.png",300,190,true],"medium_large":["https:\/\/apuntesdesanluis.com\/wp-content\/uploads\/2024\/05\/PYMES.png",640,406,false],"large":["https:\/\/apuntesdesanluis.com\/wp-content\/uploads\/2024\/05\/PYMES.png",640,406,false],"1536x1536":["https:\/\/apuntesdesanluis.com\/wp-content\/uploads\/2024\/05\/PYMES.png",700,444,false],"2048x2048":["https:\/\/apuntesdesanluis.com\/wp-content\/uploads\/2024\/05\/PYMES.png",700,444,false],"newsever-slider-full":["https:\/\/apuntesdesanluis.com\/wp-content\/uploads\/2024\/05\/PYMES.png",700,444,false],"newsever-featured":["https:\/\/apuntesdesanluis.com\/wp-content\/uploads\/2024\/05\/PYMES.png",700,444,false],"newsever-medium":["https:\/\/apuntesdesanluis.com\/wp-content\/uploads\/2024\/05\/PYMES.png",700,444,false]},"author_info":{"display_name":"apuntesdesanluis.com","author_link":"https:\/\/apuntesdesanluis.com\/index.php\/author\/apuntesdesanluis-com\/"},"category_info":"<a href=\"https:\/\/apuntesdesanluis.com\/index.php\/category\/nacionales-internacionales\/\" rel=\"category tag\">Nacionales\/Internacionales<\/a>","tag_info":"Nacionales\/Internacionales","comment_count":"0","_links":{"self":[{"href":"https:\/\/apuntesdesanluis.com\/index.php\/wp-json\/wp\/v2\/posts\/17010","targetHints":{"allow":["GET"]}}],"collection":[{"href":"https:\/\/apuntesdesanluis.com\/index.php\/wp-json\/wp\/v2\/posts"}],"about":[{"href":"https:\/\/apuntesdesanluis.com\/index.php\/wp-json\/wp\/v2\/types\/post"}],"author":[{"embeddable":true,"href":"https:\/\/apuntesdesanluis.com\/index.php\/wp-json\/wp\/v2\/users\/1"}],"replies":[{"embeddable":true,"href":"https:\/\/apuntesdesanluis.com\/index.php\/wp-json\/wp\/v2\/comments?post=17010"}],"version-history":[{"count":2,"href":"https:\/\/apuntesdesanluis.com\/index.php\/wp-json\/wp\/v2\/posts\/17010\/revisions"}],"predecessor-version":[{"id":17013,"href":"https:\/\/apuntesdesanluis.com\/index.php\/wp-json\/wp\/v2\/posts\/17010\/revisions\/17013"}],"wp:featuredmedia":[{"embeddable":true,"href":"https:\/\/apuntesdesanluis.com\/index.php\/wp-json\/wp\/v2\/media\/17011"}],"wp:attachment":[{"href":"https:\/\/apuntesdesanluis.com\/index.php\/wp-json\/wp\/v2\/media?parent=17010"}],"wp:term":[{"taxonomy":"category","embeddable":true,"href":"https:\/\/apuntesdesanluis.com\/index.php\/wp-json\/wp\/v2\/categories?post=17010"},{"taxonomy":"post_tag","embeddable":true,"href":"https:\/\/apuntesdesanluis.com\/index.php\/wp-json\/wp\/v2\/tags?post=17010"}],"curies":[{"name":"wp","href":"https:\/\/api.w.org\/{rel}","templated":true}]}}