{"id":17020,"date":"2024-05-29T01:06:03","date_gmt":"2024-05-29T04:06:03","guid":{"rendered":"https:\/\/apuntesdesanluis.com\/?p=17020"},"modified":"2024-05-29T01:06:03","modified_gmt":"2024-05-29T04:06:03","slug":"milei-se-reunio-con-sam-altman-creador-de-chatgpt-para-proponer-a-la-argentina-como-polo-de-la-inteligencia-artificial","status":"publish","type":"post","link":"https:\/\/apuntesdesanluis.com\/index.php\/2024\/05\/29\/milei-se-reunio-con-sam-altman-creador-de-chatgpt-para-proponer-a-la-argentina-como-polo-de-la-inteligencia-artificial\/","title":{"rendered":"MILEI SE REUNI\u00d3 CON SAM ALTMAN, CREADOR DE CHATGPT, PARA PROPONER A LA ARGENTINA COMO POLO DE LA INTELIGENCIA ARTIFICIAL"},"content":{"rendered":"<h3><strong>Javier Milei<\/strong> se encontr\u00f3 con <strong>Sam Altman<\/strong> para hablar de Inteligencia Artificial (IA) y el impacto de las nuevas tecnolog\u00edas en la sociedad global. La reuni\u00f3n dur\u00f3 cerca de una hora, y el presidente public\u00f3 en X su balance personal despu\u00e9s de reunirse con el joven empresario que revolucion\u00f3 al mundo con sus desarrollos en Inteligencia Artificial.<\/h3>\n<h3>\u201cAqu\u00ed foto con Sam Altman luego de una maravillosa reuni\u00f3n sobre AI y las enormes posibilidades que brinda una Argentina libertaria&#8230;!!! VIVA LA LIBERTAD CARAJO\u201d, poste\u00f3 Milei en su cuenta oficial.<\/h3>\n<p><img fetchpriority=\"high\" decoding=\"async\" class=\"wp-image-17022 aligncenter\" src=\"https:\/\/apuntesdesanluis.com\/wp-content\/uploads\/2024\/05\/posteo-1-300x244.png\" alt=\"\" width=\"631\" height=\"513\" srcset=\"https:\/\/apuntesdesanluis.com\/wp-content\/uploads\/2024\/05\/posteo-1-300x244.png 300w, https:\/\/apuntesdesanluis.com\/wp-content\/uploads\/2024\/05\/posteo-1.png 600w\" sizes=\"(max-width: 631px) 100vw, 631px\" \/><\/p>\n<h3>Altman con la Inteligencia Artificial (IA) es a J. Robert Oppenheimer con la bomba at\u00f3mica. Altman firm\u00f3 una declaraci\u00f3n -junto a Bill Gates y otros- que alerta \u201csobre el riesgo de extinci\u00f3n debido a la IA\u201d, como en su momento hizo Oppenheimer respecto al poder de la energ\u00eda nuclear y su capacidad para poner a la humanidad cerca del abismo.<\/h3>\n<h3>Este protagonista clave de la sociedad global, que pidi\u00f3 al Congreso que se estableciera l\u00edmites a la IA y enfrenta un conflicto legal con Scarlett Johansson, se encontr\u00f3 con Milei para analizar el impacto de las nuevas tecnolog\u00edas en el tablero internacional.<\/h3>\n<h3>Altman evita el contacto formal con los presidentes, pero con Milei hizo la excepci\u00f3n por su discurso disruptivo y su defensa de la libertad a ultranza. \u201cCreo que ganar dinero es algo bueno. Creo que el capitalismo es algo bueno\u201d, dijo Altman durante una charla que ofreci\u00f3 en el auditorio de NVIDIA, una reconocida compa\u00f1\u00eda de software.<\/h3>\n<h3>El jefe de Estado conoce el pensamiento de Altman, y por eso estaba expectante respecto al c\u00f3nclave que inici\u00f3 a las 21.00 (cuatro horas menos en California). Milei concurri\u00f3 a la cita con Luis Caputo -ministro de Econom\u00eda- Karina Milei -secretaria General de la Presidencia-, Demian Reibel -titular del Consejo de Asesores Econ\u00f3micos- y Gerardo Werthein, embajador en Estados Unidos.<\/h3>\n<h3>Reidel es un protagonista clave en la agenda tecnol\u00f3gica que emprende Milei en San Francisco. El economista educado en Harvard hace a\u00f1os que estudia la IA, y hace una aplicaci\u00f3n geopol\u00edtica al momento de establecer la ventana de oportunidad que tiene la Argentina en la actual coyuntura internacional.<\/h3>\n<h3>Europa aprob\u00f3 una legislaci\u00f3n restrictiva sobre la Inteligencia Artificial. China es una dictadura y dejar\u00e1 hacer mientras sirva a la ofensiva global que dise\u00f1o Xi Jinping para ocupar nuevos espacios de poder. Y Estados Unidos oscila entre las normas europeas y cierta libertad de mercado que es resistida por el ala progresista del partido dem\u00f3crata.<\/h3>\n<h3>En este contexto, Reidel argumenta que Argentina tiene una oportunidad extraordinaria para convertirse en un polo de Inteligencia Artificial sostenido por las principales empresas tecnol\u00f3gicas de Silicon Valley. Milei comparte esta mirada, y por eso viaj\u00f3 tres d\u00edas a San Francisco.<\/h3>\n<h3>\u201cComo siempre en Europa hacen todo mal, sobreregulan y est\u00e1n matando toda la innovaci\u00f3n. Por eso no hay grandes empresas de esto en Europa: que van a hacer nada. China van a hacer lo que se les de la gana. Por lo tanto, van a tener una ventaja comparativa contra nosotros, y el resto del mundo. Y si esto no mata todo, ellos (China) tiene el revolver m\u00e1s grande. Estados Unidos est\u00e1 tratando el Congreso, que no saben, no tienen idea como regular esto\u201d, asegur\u00f3 Reidel.<\/h3>\n<h3>Y complet\u00f3 el asesor presidencial hablando sobre Argentina: \u201cEl tema m\u00e1s importante del mundo, en un pa\u00eds adonde hay grandes extensiones de tierra, con clima fr\u00edo y reserva de energ\u00eda. Y adonde se est\u00e1n impulsando las ideas de la libertad, de baja regulaci\u00f3n, de libre empresa, y todo lo que quiere hacer \u00e9l (Milei). Mir\u00e1 si hay cuatro en vez de tres. Mira si es China, Estados Unidos, Europa y Argentina&#8230;\u201d.<\/h3>\n<h3>Adem\u00e1s del encuentro con Altman, el presidente se reunir\u00e1 con Sundar Pichai, CEO de Google; Tim Cook, CEO de Apple y Mark Zuckerberg, due\u00f1o de Meta. En estas tres citas, Milei explicar\u00e1 que Argentina ofrece energ\u00eda, territorio y una legislaci\u00f3n que promueve las inversiones tecnol\u00f3gicas a largo plazo.<\/h3>\n<h3><strong>&#8211; \u00bfCu\u00e1l es su objetivo frente a los principales due\u00f1os de empresas tecnol\u00f3gicas de Estados Unidos?-, pregunt\u00f3 Infobae a Milei.<\/strong><\/h3>\n<h3>-Crear el cuarto polo de inteligencia artificial del mundo en Argentina-, contest\u00f3 el presidente.<\/h3>\n<h3>&#8211; \u00bfY para competir con qu\u00e9 pa\u00edses?<\/h3>\n<h3>&#8211; Para competir con Estados Unidos, China y Europa.<\/h3>\n<p>&nbsp;<\/p>\n<p>&nbsp;<\/p>\n<p>&nbsp;<\/p>\n<p>&nbsp;<\/p>\n<p>&nbsp;<\/p>\n<p>&nbsp;<\/p>\n","protected":false},"excerpt":{"rendered":"<p>Javier Milei se encontr\u00f3 con Sam Altman para hablar de Inteligencia Artificial (IA) y el&#8230;<\/p>\n","protected":false},"author":1,"featured_media":17021,"comment_status":"closed","ping_status":"closed","sticky":false,"template":"","format":"standard","meta":{"footnotes":""},"categories":[5],"tags":[],"class_list":["post-17020","post","type-post","status-publish","format-standard","has-post-thumbnail","hentry","category-nacionales-internacionales"],"yoast_head":"<!-- This site is optimized with the Yoast SEO plugin v26.1.1 - https:\/\/yoast.com\/wordpress\/plugins\/seo\/ -->\n<title>MILEI SE REUNI\u00d3 CON SAM ALTMAN, CREADOR DE CHATGPT, PARA PROPONER A LA ARGENTINA COMO POLO DE LA INTELIGENCIA ARTIFICIAL - Apuntes de San Luis<\/title>\n<meta name=\"robots\" content=\"index, follow, max-snippet:-1, max-image-preview:large, max-video-preview:-1\" \/>\n<link rel=\"canonical\" href=\"https:\/\/apuntesdesanluis.com\/index.php\/2024\/05\/29\/milei-se-reunio-con-sam-altman-creador-de-chatgpt-para-proponer-a-la-argentina-como-polo-de-la-inteligencia-artificial\/\" \/>\n<meta property=\"og:locale\" content=\"es_ES\" \/>\n<meta property=\"og:type\" content=\"article\" \/>\n<meta property=\"og:title\" content=\"MILEI SE REUNI\u00d3 CON SAM ALTMAN, CREADOR DE CHATGPT, PARA PROPONER A LA ARGENTINA COMO POLO DE LA INTELIGENCIA ARTIFICIAL - Apuntes de San Luis\" \/>\n<meta property=\"og:description\" content=\"Javier Milei se encontr\u00f3 con Sam Altman para hablar de Inteligencia Artificial (IA) y el...\" \/>\n<meta property=\"og:url\" content=\"https:\/\/apuntesdesanluis.com\/index.php\/2024\/05\/29\/milei-se-reunio-con-sam-altman-creador-de-chatgpt-para-proponer-a-la-argentina-como-polo-de-la-inteligencia-artificial\/\" \/>\n<meta property=\"og:site_name\" content=\"Apuntes de San Luis\" \/>\n<meta property=\"article:published_time\" content=\"2024-05-29T04:06:03+00:00\" \/>\n<meta property=\"og:image\" content=\"https:\/\/apuntesdesanluis.com\/wp-content\/uploads\/2024\/05\/milei-con-altman.png\" \/>\n\t<meta property=\"og:image:width\" content=\"834\" \/>\n\t<meta property=\"og:image:height\" content=\"478\" \/>\n\t<meta property=\"og:image:type\" content=\"image\/png\" \/>\n<meta name=\"author\" content=\"apuntesdesanluis.com\" \/>\n<meta name=\"twitter:card\" content=\"summary_large_image\" \/>\n<meta name=\"twitter:label1\" content=\"Escrito por\" \/>\n\t<meta name=\"twitter:data1\" content=\"apuntesdesanluis.com\" \/>\n\t<meta name=\"twitter:label2\" content=\"Tiempo de lectura\" \/>\n\t<meta name=\"twitter:data2\" content=\"4 minutos\" \/>\n<script type=\"application\/ld+json\" class=\"yoast-schema-graph\">{\"@context\":\"https:\/\/schema.org\",\"@graph\":[{\"@type\":\"Article\",\"@id\":\"https:\/\/apuntesdesanluis.com\/index.php\/2024\/05\/29\/milei-se-reunio-con-sam-altman-creador-de-chatgpt-para-proponer-a-la-argentina-como-polo-de-la-inteligencia-artificial\/#article\",\"isPartOf\":{\"@id\":\"https:\/\/apuntesdesanluis.com\/index.php\/2024\/05\/29\/milei-se-reunio-con-sam-altman-creador-de-chatgpt-para-proponer-a-la-argentina-como-polo-de-la-inteligencia-artificial\/\"},\"author\":{\"name\":\"apuntesdesanluis.com\",\"@id\":\"https:\/\/apuntesdesanluis.com\/#\/schema\/person\/b55151d52296fcce64d1a72538a70b90\"},\"headline\":\"MILEI SE REUNI\u00d3 CON SAM ALTMAN, CREADOR DE CHATGPT, PARA PROPONER A LA ARGENTINA COMO POLO DE LA INTELIGENCIA ARTIFICIAL\",\"datePublished\":\"2024-05-29T04:06:03+00:00\",\"mainEntityOfPage\":{\"@id\":\"https:\/\/apuntesdesanluis.com\/index.php\/2024\/05\/29\/milei-se-reunio-con-sam-altman-creador-de-chatgpt-para-proponer-a-la-argentina-como-polo-de-la-inteligencia-artificial\/\"},\"wordCount\":774,\"publisher\":{\"@id\":\"https:\/\/apuntesdesanluis.com\/#\/schema\/person\/b55151d52296fcce64d1a72538a70b90\"},\"image\":{\"@id\":\"https:\/\/apuntesdesanluis.com\/index.php\/2024\/05\/29\/milei-se-reunio-con-sam-altman-creador-de-chatgpt-para-proponer-a-la-argentina-como-polo-de-la-inteligencia-artificial\/#primaryimage\"},\"thumbnailUrl\":\"https:\/\/apuntesdesanluis.com\/wp-content\/uploads\/2024\/05\/milei-con-altman.png\",\"articleSection\":[\"Nacionales\/Internacionales\"],\"inLanguage\":\"es-AR\"},{\"@type\":\"WebPage\",\"@id\":\"https:\/\/apuntesdesanluis.com\/index.php\/2024\/05\/29\/milei-se-reunio-con-sam-altman-creador-de-chatgpt-para-proponer-a-la-argentina-como-polo-de-la-inteligencia-artificial\/\",\"url\":\"https:\/\/apuntesdesanluis.com\/index.php\/2024\/05\/29\/milei-se-reunio-con-sam-altman-creador-de-chatgpt-para-proponer-a-la-argentina-como-polo-de-la-inteligencia-artificial\/\",\"name\":\"MILEI SE REUNI\u00d3 CON SAM ALTMAN, CREADOR DE CHATGPT, PARA PROPONER A LA ARGENTINA COMO POLO DE LA INTELIGENCIA ARTIFICIAL - Apuntes de San Luis\",\"isPartOf\":{\"@id\":\"https:\/\/apuntesdesanluis.com\/#website\"},\"primaryImageOfPage\":{\"@id\":\"https:\/\/apuntesdesanluis.com\/index.php\/2024\/05\/29\/milei-se-reunio-con-sam-altman-creador-de-chatgpt-para-proponer-a-la-argentina-como-polo-de-la-inteligencia-artificial\/#primaryimage\"},\"image\":{\"@id\":\"https:\/\/apuntesdesanluis.com\/index.php\/2024\/05\/29\/milei-se-reunio-con-sam-altman-creador-de-chatgpt-para-proponer-a-la-argentina-como-polo-de-la-inteligencia-artificial\/#primaryimage\"},\"thumbnailUrl\":\"https:\/\/apuntesdesanluis.com\/wp-content\/uploads\/2024\/05\/milei-con-altman.png\",\"datePublished\":\"2024-05-29T04:06:03+00:00\",\"breadcrumb\":{\"@id\":\"https:\/\/apuntesdesanluis.com\/index.php\/2024\/05\/29\/milei-se-reunio-con-sam-altman-creador-de-chatgpt-para-proponer-a-la-argentina-como-polo-de-la-inteligencia-artificial\/#breadcrumb\"},\"inLanguage\":\"es-AR\",\"potentialAction\":[{\"@type\":\"ReadAction\",\"target\":[\"https:\/\/apuntesdesanluis.com\/index.php\/2024\/05\/29\/milei-se-reunio-con-sam-altman-creador-de-chatgpt-para-proponer-a-la-argentina-como-polo-de-la-inteligencia-artificial\/\"]}]},{\"@type\":\"ImageObject\",\"inLanguage\":\"es-AR\",\"@id\":\"https:\/\/apuntesdesanluis.com\/index.php\/2024\/05\/29\/milei-se-reunio-con-sam-altman-creador-de-chatgpt-para-proponer-a-la-argentina-como-polo-de-la-inteligencia-artificial\/#primaryimage\",\"url\":\"https:\/\/apuntesdesanluis.com\/wp-content\/uploads\/2024\/05\/milei-con-altman.png\",\"contentUrl\":\"https:\/\/apuntesdesanluis.com\/wp-content\/uploads\/2024\/05\/milei-con-altman.png\",\"width\":834,\"height\":478},{\"@type\":\"BreadcrumbList\",\"@id\":\"https:\/\/apuntesdesanluis.com\/index.php\/2024\/05\/29\/milei-se-reunio-con-sam-altman-creador-de-chatgpt-para-proponer-a-la-argentina-como-polo-de-la-inteligencia-artificial\/#breadcrumb\",\"itemListElement\":[{\"@type\":\"ListItem\",\"position\":1,\"name\":\"Inicio\",\"item\":\"https:\/\/apuntesdesanluis.com\/\"},{\"@type\":\"ListItem\",\"position\":2,\"name\":\"MILEI SE REUNI\u00d3 CON SAM ALTMAN, CREADOR DE CHATGPT, PARA PROPONER A LA ARGENTINA COMO POLO DE LA INTELIGENCIA ARTIFICIAL\"}]},{\"@type\":\"WebSite\",\"@id\":\"https:\/\/apuntesdesanluis.com\/#website\",\"url\":\"https:\/\/apuntesdesanluis.com\/\",\"name\":\"Apuntes de San Luis\",\"description\":\"\",\"publisher\":{\"@id\":\"https:\/\/apuntesdesanluis.com\/#\/schema\/person\/b55151d52296fcce64d1a72538a70b90\"},\"potentialAction\":[{\"@type\":\"SearchAction\",\"target\":{\"@type\":\"EntryPoint\",\"urlTemplate\":\"https:\/\/apuntesdesanluis.com\/?s={search_term_string}\"},\"query-input\":{\"@type\":\"PropertyValueSpecification\",\"valueRequired\":true,\"valueName\":\"search_term_string\"}}],\"inLanguage\":\"es-AR\"},{\"@type\":[\"Person\",\"Organization\"],\"@id\":\"https:\/\/apuntesdesanluis.com\/#\/schema\/person\/b55151d52296fcce64d1a72538a70b90\",\"name\":\"apuntesdesanluis.com\",\"image\":{\"@type\":\"ImageObject\",\"inLanguage\":\"es-AR\",\"@id\":\"https:\/\/apuntesdesanluis.com\/#\/schema\/person\/image\/\",\"url\":\"https:\/\/apuntesdesanluis.com\/wp-content\/uploads\/2023\/07\/cropped-apuntesdesanluis.png\",\"contentUrl\":\"https:\/\/apuntesdesanluis.com\/wp-content\/uploads\/2023\/07\/cropped-apuntesdesanluis.png\",\"width\":450,\"height\":112,\"caption\":\"apuntesdesanluis.com\"},\"logo\":{\"@id\":\"https:\/\/apuntesdesanluis.com\/#\/schema\/person\/image\/\"},\"sameAs\":[\"https:\/\/apuntesdesanluis.com\"],\"url\":\"https:\/\/apuntesdesanluis.com\/index.php\/author\/apuntesdesanluis-com\/\"}]}<\/script>\n<!-- \/ Yoast SEO plugin. -->","yoast_head_json":{"title":"MILEI SE REUNI\u00d3 CON SAM ALTMAN, CREADOR DE CHATGPT, PARA PROPONER A LA ARGENTINA COMO POLO DE LA INTELIGENCIA ARTIFICIAL - Apuntes de San Luis","robots":{"index":"index","follow":"follow","max-snippet":"max-snippet:-1","max-image-preview":"max-image-preview:large","max-video-preview":"max-video-preview:-1"},"canonical":"https:\/\/apuntesdesanluis.com\/index.php\/2024\/05\/29\/milei-se-reunio-con-sam-altman-creador-de-chatgpt-para-proponer-a-la-argentina-como-polo-de-la-inteligencia-artificial\/","og_locale":"es_ES","og_type":"article","og_title":"MILEI SE REUNI\u00d3 CON SAM ALTMAN, CREADOR DE CHATGPT, PARA PROPONER A LA ARGENTINA COMO POLO DE LA INTELIGENCIA ARTIFICIAL - Apuntes de San Luis","og_description":"Javier Milei se encontr\u00f3 con Sam Altman para hablar de Inteligencia Artificial (IA) y el...","og_url":"https:\/\/apuntesdesanluis.com\/index.php\/2024\/05\/29\/milei-se-reunio-con-sam-altman-creador-de-chatgpt-para-proponer-a-la-argentina-como-polo-de-la-inteligencia-artificial\/","og_site_name":"Apuntes de San Luis","article_published_time":"2024-05-29T04:06:03+00:00","og_image":[{"width":834,"height":478,"url":"https:\/\/apuntesdesanluis.com\/wp-content\/uploads\/2024\/05\/milei-con-altman.png","type":"image\/png"}],"author":"apuntesdesanluis.com","twitter_card":"summary_large_image","twitter_misc":{"Escrito por":"apuntesdesanluis.com","Tiempo de lectura":"4 minutos"},"schema":{"@context":"https:\/\/schema.org","@graph":[{"@type":"Article","@id":"https:\/\/apuntesdesanluis.com\/index.php\/2024\/05\/29\/milei-se-reunio-con-sam-altman-creador-de-chatgpt-para-proponer-a-la-argentina-como-polo-de-la-inteligencia-artificial\/#article","isPartOf":{"@id":"https:\/\/apuntesdesanluis.com\/index.php\/2024\/05\/29\/milei-se-reunio-con-sam-altman-creador-de-chatgpt-para-proponer-a-la-argentina-como-polo-de-la-inteligencia-artificial\/"},"author":{"name":"apuntesdesanluis.com","@id":"https:\/\/apuntesdesanluis.com\/#\/schema\/person\/b55151d52296fcce64d1a72538a70b90"},"headline":"MILEI SE REUNI\u00d3 CON SAM ALTMAN, CREADOR DE CHATGPT, PARA PROPONER A LA ARGENTINA COMO POLO DE LA INTELIGENCIA ARTIFICIAL","datePublished":"2024-05-29T04:06:03+00:00","mainEntityOfPage":{"@id":"https:\/\/apuntesdesanluis.com\/index.php\/2024\/05\/29\/milei-se-reunio-con-sam-altman-creador-de-chatgpt-para-proponer-a-la-argentina-como-polo-de-la-inteligencia-artificial\/"},"wordCount":774,"publisher":{"@id":"https:\/\/apuntesdesanluis.com\/#\/schema\/person\/b55151d52296fcce64d1a72538a70b90"},"image":{"@id":"https:\/\/apuntesdesanluis.com\/index.php\/2024\/05\/29\/milei-se-reunio-con-sam-altman-creador-de-chatgpt-para-proponer-a-la-argentina-como-polo-de-la-inteligencia-artificial\/#primaryimage"},"thumbnailUrl":"https:\/\/apuntesdesanluis.com\/wp-content\/uploads\/2024\/05\/milei-con-altman.png","articleSection":["Nacionales\/Internacionales"],"inLanguage":"es-AR"},{"@type":"WebPage","@id":"https:\/\/apuntesdesanluis.com\/index.php\/2024\/05\/29\/milei-se-reunio-con-sam-altman-creador-de-chatgpt-para-proponer-a-la-argentina-como-polo-de-la-inteligencia-artificial\/","url":"https:\/\/apuntesdesanluis.com\/index.php\/2024\/05\/29\/milei-se-reunio-con-sam-altman-creador-de-chatgpt-para-proponer-a-la-argentina-como-polo-de-la-inteligencia-artificial\/","name":"MILEI SE REUNI\u00d3 CON SAM ALTMAN, CREADOR DE CHATGPT, PARA PROPONER A LA ARGENTINA COMO POLO DE LA INTELIGENCIA ARTIFICIAL - Apuntes de San Luis","isPartOf":{"@id":"https:\/\/apuntesdesanluis.com\/#website"},"primaryImageOfPage":{"@id":"https:\/\/apuntesdesanluis.com\/index.php\/2024\/05\/29\/milei-se-reunio-con-sam-altman-creador-de-chatgpt-para-proponer-a-la-argentina-como-polo-de-la-inteligencia-artificial\/#primaryimage"},"image":{"@id":"https:\/\/apuntesdesanluis.com\/index.php\/2024\/05\/29\/milei-se-reunio-con-sam-altman-creador-de-chatgpt-para-proponer-a-la-argentina-como-polo-de-la-inteligencia-artificial\/#primaryimage"},"thumbnailUrl":"https:\/\/apuntesdesanluis.com\/wp-content\/uploads\/2024\/05\/milei-con-altman.png","datePublished":"2024-05-29T04:06:03+00:00","breadcrumb":{"@id":"https:\/\/apuntesdesanluis.com\/index.php\/2024\/05\/29\/milei-se-reunio-con-sam-altman-creador-de-chatgpt-para-proponer-a-la-argentina-como-polo-de-la-inteligencia-artificial\/#breadcrumb"},"inLanguage":"es-AR","potentialAction":[{"@type":"ReadAction","target":["https:\/\/apuntesdesanluis.com\/index.php\/2024\/05\/29\/milei-se-reunio-con-sam-altman-creador-de-chatgpt-para-proponer-a-la-argentina-como-polo-de-la-inteligencia-artificial\/"]}]},{"@type":"ImageObject","inLanguage":"es-AR","@id":"https:\/\/apuntesdesanluis.com\/index.php\/2024\/05\/29\/milei-se-reunio-con-sam-altman-creador-de-chatgpt-para-proponer-a-la-argentina-como-polo-de-la-inteligencia-artificial\/#primaryimage","url":"https:\/\/apuntesdesanluis.com\/wp-content\/uploads\/2024\/05\/milei-con-altman.png","contentUrl":"https:\/\/apuntesdesanluis.com\/wp-content\/uploads\/2024\/05\/milei-con-altman.png","width":834,"height":478},{"@type":"BreadcrumbList","@id":"https:\/\/apuntesdesanluis.com\/index.php\/2024\/05\/29\/milei-se-reunio-con-sam-altman-creador-de-chatgpt-para-proponer-a-la-argentina-como-polo-de-la-inteligencia-artificial\/#breadcrumb","itemListElement":[{"@type":"ListItem","position":1,"name":"Inicio","item":"https:\/\/apuntesdesanluis.com\/"},{"@type":"ListItem","position":2,"name":"MILEI SE REUNI\u00d3 CON SAM ALTMAN, CREADOR DE CHATGPT, PARA PROPONER A LA ARGENTINA COMO POLO DE LA INTELIGENCIA ARTIFICIAL"}]},{"@type":"WebSite","@id":"https:\/\/apuntesdesanluis.com\/#website","url":"https:\/\/apuntesdesanluis.com\/","name":"Apuntes de San Luis","description":"","publisher":{"@id":"https:\/\/apuntesdesanluis.com\/#\/schema\/person\/b55151d52296fcce64d1a72538a70b90"},"potentialAction":[{"@type":"SearchAction","target":{"@type":"EntryPoint","urlTemplate":"https:\/\/apuntesdesanluis.com\/?s={search_term_string}"},"query-input":{"@type":"PropertyValueSpecification","valueRequired":true,"valueName":"search_term_string"}}],"inLanguage":"es-AR"},{"@type":["Person","Organization"],"@id":"https:\/\/apuntesdesanluis.com\/#\/schema\/person\/b55151d52296fcce64d1a72538a70b90","name":"apuntesdesanluis.com","image":{"@type":"ImageObject","inLanguage":"es-AR","@id":"https:\/\/apuntesdesanluis.com\/#\/schema\/person\/image\/","url":"https:\/\/apuntesdesanluis.com\/wp-content\/uploads\/2023\/07\/cropped-apuntesdesanluis.png","contentUrl":"https:\/\/apuntesdesanluis.com\/wp-content\/uploads\/2023\/07\/cropped-apuntesdesanluis.png","width":450,"height":112,"caption":"apuntesdesanluis.com"},"logo":{"@id":"https:\/\/apuntesdesanluis.com\/#\/schema\/person\/image\/"},"sameAs":["https:\/\/apuntesdesanluis.com"],"url":"https:\/\/apuntesdesanluis.com\/index.php\/author\/apuntesdesanluis-com\/"}]}},"featured_image_urls":{"full":["https:\/\/apuntesdesanluis.com\/wp-content\/uploads\/2024\/05\/milei-con-altman.png",834,478,false],"thumbnail":["https:\/\/apuntesdesanluis.com\/wp-content\/uploads\/2024\/05\/milei-con-altman-150x150.png",150,150,true],"medium":["https:\/\/apuntesdesanluis.com\/wp-content\/uploads\/2024\/05\/milei-con-altman-300x172.png",300,172,true],"medium_large":["https:\/\/apuntesdesanluis.com\/wp-content\/uploads\/2024\/05\/milei-con-altman-768x440.png",640,367,true],"large":["https:\/\/apuntesdesanluis.com\/wp-content\/uploads\/2024\/05\/milei-con-altman.png",640,367,false],"1536x1536":["https:\/\/apuntesdesanluis.com\/wp-content\/uploads\/2024\/05\/milei-con-altman.png",834,478,false],"2048x2048":["https:\/\/apuntesdesanluis.com\/wp-content\/uploads\/2024\/05\/milei-con-altman.png",834,478,false],"newsever-slider-full":["https:\/\/apuntesdesanluis.com\/wp-content\/uploads\/2024\/05\/milei-con-altman.png",834,478,false],"newsever-featured":["https:\/\/apuntesdesanluis.com\/wp-content\/uploads\/2024\/05\/milei-con-altman.png",834,478,false],"newsever-medium":["https:\/\/apuntesdesanluis.com\/wp-content\/uploads\/2024\/05\/milei-con-altman-720x475.png",720,475,true]},"author_info":{"display_name":"apuntesdesanluis.com","author_link":"https:\/\/apuntesdesanluis.com\/index.php\/author\/apuntesdesanluis-com\/"},"category_info":"<a href=\"https:\/\/apuntesdesanluis.com\/index.php\/category\/nacionales-internacionales\/\" rel=\"category tag\">Nacionales\/Internacionales<\/a>","tag_info":"Nacionales\/Internacionales","comment_count":"0","_links":{"self":[{"href":"https:\/\/apuntesdesanluis.com\/index.php\/wp-json\/wp\/v2\/posts\/17020","targetHints":{"allow":["GET"]}}],"collection":[{"href":"https:\/\/apuntesdesanluis.com\/index.php\/wp-json\/wp\/v2\/posts"}],"about":[{"href":"https:\/\/apuntesdesanluis.com\/index.php\/wp-json\/wp\/v2\/types\/post"}],"author":[{"embeddable":true,"href":"https:\/\/apuntesdesanluis.com\/index.php\/wp-json\/wp\/v2\/users\/1"}],"replies":[{"embeddable":true,"href":"https:\/\/apuntesdesanluis.com\/index.php\/wp-json\/wp\/v2\/comments?post=17020"}],"version-history":[{"count":1,"href":"https:\/\/apuntesdesanluis.com\/index.php\/wp-json\/wp\/v2\/posts\/17020\/revisions"}],"predecessor-version":[{"id":17023,"href":"https:\/\/apuntesdesanluis.com\/index.php\/wp-json\/wp\/v2\/posts\/17020\/revisions\/17023"}],"wp:featuredmedia":[{"embeddable":true,"href":"https:\/\/apuntesdesanluis.com\/index.php\/wp-json\/wp\/v2\/media\/17021"}],"wp:attachment":[{"href":"https:\/\/apuntesdesanluis.com\/index.php\/wp-json\/wp\/v2\/media?parent=17020"}],"wp:term":[{"taxonomy":"category","embeddable":true,"href":"https:\/\/apuntesdesanluis.com\/index.php\/wp-json\/wp\/v2\/categories?post=17020"},{"taxonomy":"post_tag","embeddable":true,"href":"https:\/\/apuntesdesanluis.com\/index.php\/wp-json\/wp\/v2\/tags?post=17020"}],"curies":[{"name":"wp","href":"https:\/\/api.w.org\/{rel}","templated":true}]}}