{"id":17025,"date":"2024-05-29T10:24:49","date_gmt":"2024-05-29T13:24:49","guid":{"rendered":"https:\/\/apuntesdesanluis.com\/?p=17025"},"modified":"2024-05-29T10:25:40","modified_gmt":"2024-05-29T13:25:40","slug":"un-selecto-auditorio-asistio-a-la-presentacion-del-libro-sobre-pichana-britos","status":"publish","type":"post","link":"https:\/\/apuntesdesanluis.com\/index.php\/2024\/05\/29\/un-selecto-auditorio-asistio-a-la-presentacion-del-libro-sobre-pichana-britos\/","title":{"rendered":"UN SELECTO AUDITORIO ASISTI\u00d3 A LA PRESENTACI\u00d3N DEL LIBRO SOBRE &#8220;PICHANA BRITOS&#8221;"},"content":{"rendered":"<h3>Fue en la fr\u00eda noche del martes, en los Bajos del Caff\u00e9 de la Plaza, el m\u00edtico pub del centro de Villa Mercedes, propiedad de <strong>Rodolfo \u201cPelusa\u201d Luque<\/strong>, uno de los organizadores del conversatorio que se arm\u00f3 para presentar el libro digital <strong>\u201cPichana Britos. Una vida peronista\u201d<\/strong>, autor\u00eda del daractense <strong>Gabriel Rodr\u00edguez<\/strong>.<\/h3>\n<h3>Con la presencia del nonagenario dirigente <strong>Oscar Felipe Britos<\/strong> (91) y parte de su familia, la presentaci\u00f3n del libro sobre su persona convoc\u00f3 a figuras de todos los colores. Estuvieron desde el intendente <strong>Maximiliano Frontera<\/strong> y su vice, <strong>Silvina Galetto<\/strong>; hasta el ex intendente <strong>Miguel Angel Bonino<\/strong>; el Defensor del Pueblo de la provincia <strong>Enrique Ponce<\/strong>; el rector de la Universidad Nacional de Villa Mercedes, <strong>Marcelo Sosa<\/strong>, el ex diputado nacional <strong>Pedro Carlos Maranguello<\/strong>, el secretario de \u00c9tica P\u00fablica, <strong>Ricardo Bazla<\/strong>; el profesor <strong>Tochi Moreno<\/strong>, adem\u00e1s de ex legisladores provinciales y municipales, dirigentes gremiales y pol\u00edticos, periodistas y militantes de diferentes partidos.<\/h3>\n<p><img fetchpriority=\"high\" decoding=\"async\" class=\"wp-image-17029 aligncenter\" src=\"https:\/\/apuntesdesanluis.com\/wp-content\/uploads\/2024\/05\/pichana-bonino-300x208.jpg\" alt=\"\" width=\"482\" height=\"334\" srcset=\"https:\/\/apuntesdesanluis.com\/wp-content\/uploads\/2024\/05\/pichana-bonino-300x208.jpg 300w, https:\/\/apuntesdesanluis.com\/wp-content\/uploads\/2024\/05\/pichana-bonino.jpg 600w\" sizes=\"(max-width: 482px) 100vw, 482px\" \/><\/p>\n<h3>Al principio de la \u201cjuntada\u201d el senador del Departamento Pedernera, <strong>Adolfo Castro Luna<\/strong>, hizo entrega del pronunciamiento aprobado el mismo martes por la C\u00e1mara Alta de la provincia, declarando \u201cde inter\u00e9s legislativo\u201d el libro,<\/h3>\n<h3>Junto al nonagenario dirigente se encontraba otro de los impulsores de la obra, el ex intendente Eduardo <strong>Gast\u00f3n Mones Ruiz<\/strong>, con quien ha cultivado una amistad durante casi tres d\u00e9cadas.<\/h3>\n<h3>El escribano reconoci\u00f3 que al principio fueron \u201cadversarios pol\u00edticos\u201d, por encontrarse enrolados en corrientes internas diferentes del peronismo, pero luego estrecharon su relaci\u00f3n. \u201cDesde hace 27 a\u00f1os nos reunimos todas las semanas, los viernes en horario ferroviario, a las 7 y media de la tarde, llueva, caiga piedra o nieve, casi como si fuera un rito. Y hablamos de todos los temas\u201d, confes\u00f3 en tono intimista. \u201c\u00c9l es una buena persona y es mi amigo\u201d, ratific\u00f3.<\/h3>\n<h3>Por su parte el autor de la obra, Gabriel Rodr\u00edguez, agradeci\u00f3 la presencia del p\u00fablico, explic\u00f3 c\u00f3mo surgi\u00f3 la idea de hacer el libro, el formato period\u00edstico que eligi\u00f3, a trav\u00e9s de preguntas y respuestas, y resalt\u00f3 el apoyo de quienes lo ayudaron, entre ellas su esposa, que actu\u00f3 de correctora y lo acompa\u00f1\u00f3 durante las entrevistas.<\/h3>\n<p><img decoding=\"async\" class=\"wp-image-17030 aligncenter\" src=\"https:\/\/apuntesdesanluis.com\/wp-content\/uploads\/2024\/05\/pichana-rodriguez-300x225.jpg\" alt=\"\" width=\"510\" height=\"383\" srcset=\"https:\/\/apuntesdesanluis.com\/wp-content\/uploads\/2024\/05\/pichana-rodriguez-300x225.jpg 300w, https:\/\/apuntesdesanluis.com\/wp-content\/uploads\/2024\/05\/pichana-rodriguez.jpg 600w\" sizes=\"(max-width: 510px) 100vw, 510px\" \/><\/p>\n<h3>Por su parte Pichana se mostr\u00f3 emocionado y a cada rato agradeci\u00f3 el \u201chalago\u201d que significaba para su persona lo que se transform\u00f3 en un homenaje a su trayectoria, aunque repiti\u00f3 que le parec\u00eda \u201cinmerecido\u201d.<\/h3>\n<h3>No pensaron lo mismo las cerca de 90 personas que lo acompa\u00f1aron, quienes destacaron sus valores, convicciones y honestidad, durante una trayectoria pol\u00edtica que se extiende m\u00e1s de 70 a\u00f1os.<\/h3>\n<h3 style=\"text-align: center;\">&#8230;&#8230;&#8230;&#8230;&#8230;&#8230;&#8230;<\/h3>\n<h3><em><strong>NOTA:<\/strong> para quienes deseen adquirir el libro digital, pueden comunicarse con el autor, <span style=\"color: #3366ff;\"><strong>Gabriel Rodr\u00edguez: 2657-249192<\/strong><\/span>.<\/em><\/h3>\n<p>&nbsp;<\/p>\n<p>&nbsp;<\/p>\n<p>&nbsp;<\/p>\n","protected":false},"excerpt":{"rendered":"<p>Fue en la fr\u00eda noche del martes, en los Bajos del Caff\u00e9 de la Plaza,&#8230;<\/p>\n","protected":false},"author":1,"featured_media":17028,"comment_status":"closed","ping_status":"closed","sticky":false,"template":"","format":"standard","meta":{"footnotes":""},"categories":[6],"tags":[],"class_list":["post-17025","post","type-post","status-publish","format-standard","has-post-thumbnail","hentry","category-ciudad-provincia"],"yoast_head":"<!-- This site is optimized with the Yoast SEO plugin v26.1.1 - https:\/\/yoast.com\/wordpress\/plugins\/seo\/ -->\n<title>UN SELECTO AUDITORIO ASISTI\u00d3 A LA PRESENTACI\u00d3N DEL LIBRO SOBRE &quot;PICHANA BRITOS&quot; - Apuntes de San Luis<\/title>\n<meta name=\"robots\" content=\"index, follow, max-snippet:-1, max-image-preview:large, max-video-preview:-1\" \/>\n<link rel=\"canonical\" href=\"https:\/\/apuntesdesanluis.com\/index.php\/2024\/05\/29\/un-selecto-auditorio-asistio-a-la-presentacion-del-libro-sobre-pichana-britos\/\" \/>\n<meta property=\"og:locale\" content=\"es_ES\" \/>\n<meta property=\"og:type\" content=\"article\" \/>\n<meta property=\"og:title\" content=\"UN SELECTO AUDITORIO ASISTI\u00d3 A LA PRESENTACI\u00d3N DEL LIBRO SOBRE &quot;PICHANA BRITOS&quot; - Apuntes de San Luis\" \/>\n<meta property=\"og:description\" content=\"Fue en la fr\u00eda noche del martes, en los Bajos del Caff\u00e9 de la Plaza,...\" \/>\n<meta property=\"og:url\" content=\"https:\/\/apuntesdesanluis.com\/index.php\/2024\/05\/29\/un-selecto-auditorio-asistio-a-la-presentacion-del-libro-sobre-pichana-britos\/\" \/>\n<meta property=\"og:site_name\" content=\"Apuntes de San Luis\" \/>\n<meta property=\"article:published_time\" content=\"2024-05-29T13:24:49+00:00\" \/>\n<meta property=\"article:modified_time\" content=\"2024-05-29T13:25:40+00:00\" \/>\n<meta property=\"og:image\" content=\"https:\/\/apuntesdesanluis.com\/wp-content\/uploads\/2024\/05\/Pichana-portada.jpg\" \/>\n\t<meta property=\"og:image:width\" content=\"600\" \/>\n\t<meta property=\"og:image:height\" content=\"395\" \/>\n\t<meta property=\"og:image:type\" content=\"image\/jpeg\" \/>\n<meta name=\"author\" content=\"apuntesdesanluis.com\" \/>\n<meta name=\"twitter:card\" content=\"summary_large_image\" \/>\n<meta name=\"twitter:label1\" content=\"Escrito por\" \/>\n\t<meta name=\"twitter:data1\" content=\"apuntesdesanluis.com\" \/>\n\t<meta name=\"twitter:label2\" content=\"Tiempo de lectura\" \/>\n\t<meta name=\"twitter:data2\" content=\"3 minutos\" \/>\n<script type=\"application\/ld+json\" class=\"yoast-schema-graph\">{\"@context\":\"https:\/\/schema.org\",\"@graph\":[{\"@type\":\"Article\",\"@id\":\"https:\/\/apuntesdesanluis.com\/index.php\/2024\/05\/29\/un-selecto-auditorio-asistio-a-la-presentacion-del-libro-sobre-pichana-britos\/#article\",\"isPartOf\":{\"@id\":\"https:\/\/apuntesdesanluis.com\/index.php\/2024\/05\/29\/un-selecto-auditorio-asistio-a-la-presentacion-del-libro-sobre-pichana-britos\/\"},\"author\":{\"name\":\"apuntesdesanluis.com\",\"@id\":\"https:\/\/apuntesdesanluis.com\/#\/schema\/person\/b55151d52296fcce64d1a72538a70b90\"},\"headline\":\"UN SELECTO AUDITORIO ASISTI\u00d3 A LA PRESENTACI\u00d3N DEL LIBRO SOBRE &#8220;PICHANA BRITOS&#8221;\",\"datePublished\":\"2024-05-29T13:24:49+00:00\",\"dateModified\":\"2024-05-29T13:25:40+00:00\",\"mainEntityOfPage\":{\"@id\":\"https:\/\/apuntesdesanluis.com\/index.php\/2024\/05\/29\/un-selecto-auditorio-asistio-a-la-presentacion-del-libro-sobre-pichana-britos\/\"},\"wordCount\":469,\"publisher\":{\"@id\":\"https:\/\/apuntesdesanluis.com\/#\/schema\/person\/b55151d52296fcce64d1a72538a70b90\"},\"image\":{\"@id\":\"https:\/\/apuntesdesanluis.com\/index.php\/2024\/05\/29\/un-selecto-auditorio-asistio-a-la-presentacion-del-libro-sobre-pichana-britos\/#primaryimage\"},\"thumbnailUrl\":\"https:\/\/apuntesdesanluis.com\/wp-content\/uploads\/2024\/05\/Pichana-portada.jpg\",\"articleSection\":[\"Ciudad\/Provincia\"],\"inLanguage\":\"es-AR\"},{\"@type\":\"WebPage\",\"@id\":\"https:\/\/apuntesdesanluis.com\/index.php\/2024\/05\/29\/un-selecto-auditorio-asistio-a-la-presentacion-del-libro-sobre-pichana-britos\/\",\"url\":\"https:\/\/apuntesdesanluis.com\/index.php\/2024\/05\/29\/un-selecto-auditorio-asistio-a-la-presentacion-del-libro-sobre-pichana-britos\/\",\"name\":\"UN SELECTO AUDITORIO ASISTI\u00d3 A LA PRESENTACI\u00d3N DEL LIBRO SOBRE \\\"PICHANA BRITOS\\\" - Apuntes de San Luis\",\"isPartOf\":{\"@id\":\"https:\/\/apuntesdesanluis.com\/#website\"},\"primaryImageOfPage\":{\"@id\":\"https:\/\/apuntesdesanluis.com\/index.php\/2024\/05\/29\/un-selecto-auditorio-asistio-a-la-presentacion-del-libro-sobre-pichana-britos\/#primaryimage\"},\"image\":{\"@id\":\"https:\/\/apuntesdesanluis.com\/index.php\/2024\/05\/29\/un-selecto-auditorio-asistio-a-la-presentacion-del-libro-sobre-pichana-britos\/#primaryimage\"},\"thumbnailUrl\":\"https:\/\/apuntesdesanluis.com\/wp-content\/uploads\/2024\/05\/Pichana-portada.jpg\",\"datePublished\":\"2024-05-29T13:24:49+00:00\",\"dateModified\":\"2024-05-29T13:25:40+00:00\",\"breadcrumb\":{\"@id\":\"https:\/\/apuntesdesanluis.com\/index.php\/2024\/05\/29\/un-selecto-auditorio-asistio-a-la-presentacion-del-libro-sobre-pichana-britos\/#breadcrumb\"},\"inLanguage\":\"es-AR\",\"potentialAction\":[{\"@type\":\"ReadAction\",\"target\":[\"https:\/\/apuntesdesanluis.com\/index.php\/2024\/05\/29\/un-selecto-auditorio-asistio-a-la-presentacion-del-libro-sobre-pichana-britos\/\"]}]},{\"@type\":\"ImageObject\",\"inLanguage\":\"es-AR\",\"@id\":\"https:\/\/apuntesdesanluis.com\/index.php\/2024\/05\/29\/un-selecto-auditorio-asistio-a-la-presentacion-del-libro-sobre-pichana-britos\/#primaryimage\",\"url\":\"https:\/\/apuntesdesanluis.com\/wp-content\/uploads\/2024\/05\/Pichana-portada.jpg\",\"contentUrl\":\"https:\/\/apuntesdesanluis.com\/wp-content\/uploads\/2024\/05\/Pichana-portada.jpg\",\"width\":600,\"height\":395},{\"@type\":\"BreadcrumbList\",\"@id\":\"https:\/\/apuntesdesanluis.com\/index.php\/2024\/05\/29\/un-selecto-auditorio-asistio-a-la-presentacion-del-libro-sobre-pichana-britos\/#breadcrumb\",\"itemListElement\":[{\"@type\":\"ListItem\",\"position\":1,\"name\":\"Inicio\",\"item\":\"https:\/\/apuntesdesanluis.com\/\"},{\"@type\":\"ListItem\",\"position\":2,\"name\":\"UN SELECTO AUDITORIO ASISTI\u00d3 A LA PRESENTACI\u00d3N DEL LIBRO SOBRE &#8220;PICHANA BRITOS&#8221;\"}]},{\"@type\":\"WebSite\",\"@id\":\"https:\/\/apuntesdesanluis.com\/#website\",\"url\":\"https:\/\/apuntesdesanluis.com\/\",\"name\":\"Apuntes de San Luis\",\"description\":\"\",\"publisher\":{\"@id\":\"https:\/\/apuntesdesanluis.com\/#\/schema\/person\/b55151d52296fcce64d1a72538a70b90\"},\"potentialAction\":[{\"@type\":\"SearchAction\",\"target\":{\"@type\":\"EntryPoint\",\"urlTemplate\":\"https:\/\/apuntesdesanluis.com\/?s={search_term_string}\"},\"query-input\":{\"@type\":\"PropertyValueSpecification\",\"valueRequired\":true,\"valueName\":\"search_term_string\"}}],\"inLanguage\":\"es-AR\"},{\"@type\":[\"Person\",\"Organization\"],\"@id\":\"https:\/\/apuntesdesanluis.com\/#\/schema\/person\/b55151d52296fcce64d1a72538a70b90\",\"name\":\"apuntesdesanluis.com\",\"image\":{\"@type\":\"ImageObject\",\"inLanguage\":\"es-AR\",\"@id\":\"https:\/\/apuntesdesanluis.com\/#\/schema\/person\/image\/\",\"url\":\"https:\/\/apuntesdesanluis.com\/wp-content\/uploads\/2023\/07\/cropped-apuntesdesanluis.png\",\"contentUrl\":\"https:\/\/apuntesdesanluis.com\/wp-content\/uploads\/2023\/07\/cropped-apuntesdesanluis.png\",\"width\":450,\"height\":112,\"caption\":\"apuntesdesanluis.com\"},\"logo\":{\"@id\":\"https:\/\/apuntesdesanluis.com\/#\/schema\/person\/image\/\"},\"sameAs\":[\"https:\/\/apuntesdesanluis.com\"],\"url\":\"https:\/\/apuntesdesanluis.com\/index.php\/author\/apuntesdesanluis-com\/\"}]}<\/script>\n<!-- \/ Yoast SEO plugin. -->","yoast_head_json":{"title":"UN SELECTO AUDITORIO ASISTI\u00d3 A LA PRESENTACI\u00d3N DEL LIBRO SOBRE \"PICHANA BRITOS\" - Apuntes de San Luis","robots":{"index":"index","follow":"follow","max-snippet":"max-snippet:-1","max-image-preview":"max-image-preview:large","max-video-preview":"max-video-preview:-1"},"canonical":"https:\/\/apuntesdesanluis.com\/index.php\/2024\/05\/29\/un-selecto-auditorio-asistio-a-la-presentacion-del-libro-sobre-pichana-britos\/","og_locale":"es_ES","og_type":"article","og_title":"UN SELECTO AUDITORIO ASISTI\u00d3 A LA PRESENTACI\u00d3N DEL LIBRO SOBRE \"PICHANA BRITOS\" - Apuntes de San Luis","og_description":"Fue en la fr\u00eda noche del martes, en los Bajos del Caff\u00e9 de la Plaza,...","og_url":"https:\/\/apuntesdesanluis.com\/index.php\/2024\/05\/29\/un-selecto-auditorio-asistio-a-la-presentacion-del-libro-sobre-pichana-britos\/","og_site_name":"Apuntes de San Luis","article_published_time":"2024-05-29T13:24:49+00:00","article_modified_time":"2024-05-29T13:25:40+00:00","og_image":[{"width":600,"height":395,"url":"https:\/\/apuntesdesanluis.com\/wp-content\/uploads\/2024\/05\/Pichana-portada.jpg","type":"image\/jpeg"}],"author":"apuntesdesanluis.com","twitter_card":"summary_large_image","twitter_misc":{"Escrito por":"apuntesdesanluis.com","Tiempo de lectura":"3 minutos"},"schema":{"@context":"https:\/\/schema.org","@graph":[{"@type":"Article","@id":"https:\/\/apuntesdesanluis.com\/index.php\/2024\/05\/29\/un-selecto-auditorio-asistio-a-la-presentacion-del-libro-sobre-pichana-britos\/#article","isPartOf":{"@id":"https:\/\/apuntesdesanluis.com\/index.php\/2024\/05\/29\/un-selecto-auditorio-asistio-a-la-presentacion-del-libro-sobre-pichana-britos\/"},"author":{"name":"apuntesdesanluis.com","@id":"https:\/\/apuntesdesanluis.com\/#\/schema\/person\/b55151d52296fcce64d1a72538a70b90"},"headline":"UN SELECTO AUDITORIO ASISTI\u00d3 A LA PRESENTACI\u00d3N DEL LIBRO SOBRE &#8220;PICHANA BRITOS&#8221;","datePublished":"2024-05-29T13:24:49+00:00","dateModified":"2024-05-29T13:25:40+00:00","mainEntityOfPage":{"@id":"https:\/\/apuntesdesanluis.com\/index.php\/2024\/05\/29\/un-selecto-auditorio-asistio-a-la-presentacion-del-libro-sobre-pichana-britos\/"},"wordCount":469,"publisher":{"@id":"https:\/\/apuntesdesanluis.com\/#\/schema\/person\/b55151d52296fcce64d1a72538a70b90"},"image":{"@id":"https:\/\/apuntesdesanluis.com\/index.php\/2024\/05\/29\/un-selecto-auditorio-asistio-a-la-presentacion-del-libro-sobre-pichana-britos\/#primaryimage"},"thumbnailUrl":"https:\/\/apuntesdesanluis.com\/wp-content\/uploads\/2024\/05\/Pichana-portada.jpg","articleSection":["Ciudad\/Provincia"],"inLanguage":"es-AR"},{"@type":"WebPage","@id":"https:\/\/apuntesdesanluis.com\/index.php\/2024\/05\/29\/un-selecto-auditorio-asistio-a-la-presentacion-del-libro-sobre-pichana-britos\/","url":"https:\/\/apuntesdesanluis.com\/index.php\/2024\/05\/29\/un-selecto-auditorio-asistio-a-la-presentacion-del-libro-sobre-pichana-britos\/","name":"UN SELECTO AUDITORIO ASISTI\u00d3 A LA PRESENTACI\u00d3N DEL LIBRO SOBRE \"PICHANA BRITOS\" - Apuntes de San Luis","isPartOf":{"@id":"https:\/\/apuntesdesanluis.com\/#website"},"primaryImageOfPage":{"@id":"https:\/\/apuntesdesanluis.com\/index.php\/2024\/05\/29\/un-selecto-auditorio-asistio-a-la-presentacion-del-libro-sobre-pichana-britos\/#primaryimage"},"image":{"@id":"https:\/\/apuntesdesanluis.com\/index.php\/2024\/05\/29\/un-selecto-auditorio-asistio-a-la-presentacion-del-libro-sobre-pichana-britos\/#primaryimage"},"thumbnailUrl":"https:\/\/apuntesdesanluis.com\/wp-content\/uploads\/2024\/05\/Pichana-portada.jpg","datePublished":"2024-05-29T13:24:49+00:00","dateModified":"2024-05-29T13:25:40+00:00","breadcrumb":{"@id":"https:\/\/apuntesdesanluis.com\/index.php\/2024\/05\/29\/un-selecto-auditorio-asistio-a-la-presentacion-del-libro-sobre-pichana-britos\/#breadcrumb"},"inLanguage":"es-AR","potentialAction":[{"@type":"ReadAction","target":["https:\/\/apuntesdesanluis.com\/index.php\/2024\/05\/29\/un-selecto-auditorio-asistio-a-la-presentacion-del-libro-sobre-pichana-britos\/"]}]},{"@type":"ImageObject","inLanguage":"es-AR","@id":"https:\/\/apuntesdesanluis.com\/index.php\/2024\/05\/29\/un-selecto-auditorio-asistio-a-la-presentacion-del-libro-sobre-pichana-britos\/#primaryimage","url":"https:\/\/apuntesdesanluis.com\/wp-content\/uploads\/2024\/05\/Pichana-portada.jpg","contentUrl":"https:\/\/apuntesdesanluis.com\/wp-content\/uploads\/2024\/05\/Pichana-portada.jpg","width":600,"height":395},{"@type":"BreadcrumbList","@id":"https:\/\/apuntesdesanluis.com\/index.php\/2024\/05\/29\/un-selecto-auditorio-asistio-a-la-presentacion-del-libro-sobre-pichana-britos\/#breadcrumb","itemListElement":[{"@type":"ListItem","position":1,"name":"Inicio","item":"https:\/\/apuntesdesanluis.com\/"},{"@type":"ListItem","position":2,"name":"UN SELECTO AUDITORIO ASISTI\u00d3 A LA PRESENTACI\u00d3N DEL LIBRO SOBRE &#8220;PICHANA BRITOS&#8221;"}]},{"@type":"WebSite","@id":"https:\/\/apuntesdesanluis.com\/#website","url":"https:\/\/apuntesdesanluis.com\/","name":"Apuntes de San Luis","description":"","publisher":{"@id":"https:\/\/apuntesdesanluis.com\/#\/schema\/person\/b55151d52296fcce64d1a72538a70b90"},"potentialAction":[{"@type":"SearchAction","target":{"@type":"EntryPoint","urlTemplate":"https:\/\/apuntesdesanluis.com\/?s={search_term_string}"},"query-input":{"@type":"PropertyValueSpecification","valueRequired":true,"valueName":"search_term_string"}}],"inLanguage":"es-AR"},{"@type":["Person","Organization"],"@id":"https:\/\/apuntesdesanluis.com\/#\/schema\/person\/b55151d52296fcce64d1a72538a70b90","name":"apuntesdesanluis.com","image":{"@type":"ImageObject","inLanguage":"es-AR","@id":"https:\/\/apuntesdesanluis.com\/#\/schema\/person\/image\/","url":"https:\/\/apuntesdesanluis.com\/wp-content\/uploads\/2023\/07\/cropped-apuntesdesanluis.png","contentUrl":"https:\/\/apuntesdesanluis.com\/wp-content\/uploads\/2023\/07\/cropped-apuntesdesanluis.png","width":450,"height":112,"caption":"apuntesdesanluis.com"},"logo":{"@id":"https:\/\/apuntesdesanluis.com\/#\/schema\/person\/image\/"},"sameAs":["https:\/\/apuntesdesanluis.com"],"url":"https:\/\/apuntesdesanluis.com\/index.php\/author\/apuntesdesanluis-com\/"}]}},"featured_image_urls":{"full":["https:\/\/apuntesdesanluis.com\/wp-content\/uploads\/2024\/05\/Pichana-portada.jpg",600,395,false],"thumbnail":["https:\/\/apuntesdesanluis.com\/wp-content\/uploads\/2024\/05\/Pichana-portada-150x150.jpg",150,150,true],"medium":["https:\/\/apuntesdesanluis.com\/wp-content\/uploads\/2024\/05\/Pichana-portada-300x198.jpg",300,198,true],"medium_large":["https:\/\/apuntesdesanluis.com\/wp-content\/uploads\/2024\/05\/Pichana-portada.jpg",600,395,false],"large":["https:\/\/apuntesdesanluis.com\/wp-content\/uploads\/2024\/05\/Pichana-portada.jpg",600,395,false],"1536x1536":["https:\/\/apuntesdesanluis.com\/wp-content\/uploads\/2024\/05\/Pichana-portada.jpg",600,395,false],"2048x2048":["https:\/\/apuntesdesanluis.com\/wp-content\/uploads\/2024\/05\/Pichana-portada.jpg",600,395,false],"newsever-slider-full":["https:\/\/apuntesdesanluis.com\/wp-content\/uploads\/2024\/05\/Pichana-portada.jpg",600,395,false],"newsever-featured":["https:\/\/apuntesdesanluis.com\/wp-content\/uploads\/2024\/05\/Pichana-portada.jpg",600,395,false],"newsever-medium":["https:\/\/apuntesdesanluis.com\/wp-content\/uploads\/2024\/05\/Pichana-portada.jpg",600,395,false]},"author_info":{"display_name":"apuntesdesanluis.com","author_link":"https:\/\/apuntesdesanluis.com\/index.php\/author\/apuntesdesanluis-com\/"},"category_info":"<a href=\"https:\/\/apuntesdesanluis.com\/index.php\/category\/ciudad-provincia\/\" rel=\"category tag\">Ciudad\/Provincia<\/a>","tag_info":"Ciudad\/Provincia","comment_count":"0","_links":{"self":[{"href":"https:\/\/apuntesdesanluis.com\/index.php\/wp-json\/wp\/v2\/posts\/17025","targetHints":{"allow":["GET"]}}],"collection":[{"href":"https:\/\/apuntesdesanluis.com\/index.php\/wp-json\/wp\/v2\/posts"}],"about":[{"href":"https:\/\/apuntesdesanluis.com\/index.php\/wp-json\/wp\/v2\/types\/post"}],"author":[{"embeddable":true,"href":"https:\/\/apuntesdesanluis.com\/index.php\/wp-json\/wp\/v2\/users\/1"}],"replies":[{"embeddable":true,"href":"https:\/\/apuntesdesanluis.com\/index.php\/wp-json\/wp\/v2\/comments?post=17025"}],"version-history":[{"count":4,"href":"https:\/\/apuntesdesanluis.com\/index.php\/wp-json\/wp\/v2\/posts\/17025\/revisions"}],"predecessor-version":[{"id":17032,"href":"https:\/\/apuntesdesanluis.com\/index.php\/wp-json\/wp\/v2\/posts\/17025\/revisions\/17032"}],"wp:featuredmedia":[{"embeddable":true,"href":"https:\/\/apuntesdesanluis.com\/index.php\/wp-json\/wp\/v2\/media\/17028"}],"wp:attachment":[{"href":"https:\/\/apuntesdesanluis.com\/index.php\/wp-json\/wp\/v2\/media?parent=17025"}],"wp:term":[{"taxonomy":"category","embeddable":true,"href":"https:\/\/apuntesdesanluis.com\/index.php\/wp-json\/wp\/v2\/categories?post=17025"},{"taxonomy":"post_tag","embeddable":true,"href":"https:\/\/apuntesdesanluis.com\/index.php\/wp-json\/wp\/v2\/tags?post=17025"}],"curies":[{"name":"wp","href":"https:\/\/api.w.org\/{rel}","templated":true}]}}