{"id":17045,"date":"2024-05-29T18:38:51","date_gmt":"2024-05-29T21:38:51","guid":{"rendered":"https:\/\/apuntesdesanluis.com\/?p=17045"},"modified":"2024-05-29T18:38:51","modified_gmt":"2024-05-29T21:38:51","slug":"fallo-en-la-justicia-civil-aplican-categoria-de-consumidora-a-damnificada-de-un-contrato-de-seguro","status":"publish","type":"post","link":"https:\/\/apuntesdesanluis.com\/index.php\/2024\/05\/29\/fallo-en-la-justicia-civil-aplican-categoria-de-consumidora-a-damnificada-de-un-contrato-de-seguro\/","title":{"rendered":"FALLO EN LA JUSTICIA CIVIL: APLICAN CATEGOR\u00cdA DE CONSUMIDORA A DAMNIFICADA DE UN CONTRATO DE SEGURO"},"content":{"rendered":"<h3>La Jueza Civil N\u00ba 2 de la ciudad de San Luis, <strong>Geraldina In\u00e9s Ib\u00e1\u00f1ez<\/strong>, consider\u00f3 que un contrato de seguro es un contrato de consumo y que la actora es una tercera expuesta o \u201cdamnificada\u201d, es decir, equiparada a un consumidor. Por lo tanto, aplic\u00f3 la tutela preferencial y protectoria prevista en la Constituci\u00f3n Nacional, el nuevo C\u00f3digo Civil y Comercial y la Ley de Defensa del Consumidor. La Jueza utiliz\u00f3 este encuadre para resolver una prescripci\u00f3n en una causa por da\u00f1os y perjuicios a ra\u00edz de un accidente de tr\u00e1nsito.<\/h3>\n<h3>El choque ocurri\u00f3 en febrero del 2015 entre un taxista y un motociclista en las intersecciones de las calles Almirante Brown e Italia. A ra\u00edz de la colisi\u00f3n, la damnificada, una mujer de 28 a\u00f1os que iba como acompa\u00f1ante del conductor del taxi, sufri\u00f3 una deformaci\u00f3n de rostro y posteriormente present\u00f3 una incapacidad como consecuencia del siniestro vial. La mujer demand\u00f3 al seguro del taxista el 7 de marzo de 2017, es decir, dos a\u00f1os y un mes despu\u00e9s del accidente.<\/h3>\n<h3>El representante del seguro solicit\u00f3 la prescripci\u00f3n de la acci\u00f3n pidiendo la aplicaci\u00f3n del Art. 4037 del C\u00f3digo Civil ya derogado, el que establece un plazo para accionar legalmente de 2 a\u00f1os desde la fecha del siniestro.<\/h3>\n<h3>La Magistrada rechaz\u00f3 el pedido del seguro e hizo lugar a la acci\u00f3n indemnizatoria ya que tuvo en cuenta la calidad de \u201ctercera expuesta\u201d en una relaci\u00f3n de consumo de la damnificada con una clara protecci\u00f3n de jerarqu\u00eda constitucional. Si Ib\u00e1\u00f1ez hac\u00eda lugar a la prescripci\u00f3n, la mujer perd\u00eda la posibilidad de acceder a una indemnizaci\u00f3n integral por los da\u00f1os que reclamaba.<\/h3>\n<h3>\u201cConsider\u00e9 que en el caso resulta de aplicaci\u00f3n las normas de Defensa del Consumidor Ley 24.240 en un di\u00e1logo de fuentes con los arts. 1092 y 1096 del C\u00f3digo Civil y Comercial, por los cuales toda persona afectada en su integridad como la damnificada, son equiparadas a consumidores constituy\u00e9ndose as\u00ed una relaci\u00f3n de consumo limitada con la consiguiente protecci\u00f3n constitucional. Teniendo en cuenta que el derecho del consumidor es un derecho protectorio, su integraci\u00f3n e interpretaci\u00f3n permite que, ante la duda, prevalezca la m\u00e1s favorable al consumidor. En esta inteligencia el plazo m\u00e1s beneficioso para el caso es de 3 a\u00f1os, previsto en el Art. 50 de la Ley de Defensa del Consumidor (LDC)\u201d sostuvo la Jueza.<\/h3>\n<h3>De esta forma realiz\u00f3 un an\u00e1lisis armonioso y global del ordenamiento jur\u00eddico aplicando en primer lugar la Constituci\u00f3n Nacional, que en su art\u00edculo 43 otorga una tutela preferencial al consumidor; en segundo lugar, el nuevo C\u00f3digo Civil y Comercial, que ampara a los damnificados de los contratos de seguro como consumidores y en un tercer lugar, la LDC que en su Art. 3 establece que, en caso de colisi\u00f3n de normas de distintos ordenamientos, prevalece la interpretaci\u00f3n m\u00e1s favorable al consumidor.<\/h3>\n<h3><strong>IN DUBIO PRO CONSUMIDOR<\/strong><\/h3>\n<h3>Se trata de una locuci\u00f3n latina que significa que en caso de duda se favorecer\u00e1 al consumidor.<\/h3>\n<h3>\u201cIn dubio pro consumidor es un principio que rige todos los procesos de consumo, cuya ley es de orden p\u00fablico y teniendo en cuenta la vulnerabilidad estructural que tiene una consumidora frente a una gran empresa, como en este caso una empresa de seguros, hago esa interpretaci\u00f3n arm\u00f3nica del sistema protectorio, para as\u00ed lograr que el justiciable pueda acceder a una tutela judicial efectiva de los derechos conculcados, por estar as\u00ed establecido en la ley de aplicaci\u00f3n obligatoria para el int\u00e9rprete (jueces)\u201d, concluy\u00f3 la magistrada.<\/h3>\n<p>&nbsp;<\/p>\n<p>&nbsp;<\/p>\n<p>&nbsp;<\/p>\n<p>&nbsp;<\/p>\n<p>&nbsp;<\/p>\n<p>&nbsp;<\/p>\n","protected":false},"excerpt":{"rendered":"<p>La Jueza Civil N\u00ba 2 de la ciudad de San Luis, Geraldina In\u00e9s Ib\u00e1\u00f1ez, consider\u00f3&#8230;<\/p>\n","protected":false},"author":1,"featured_media":17046,"comment_status":"closed","ping_status":"closed","sticky":false,"template":"","format":"standard","meta":{"footnotes":""},"categories":[6],"tags":[],"class_list":["post-17045","post","type-post","status-publish","format-standard","has-post-thumbnail","hentry","category-ciudad-provincia"],"yoast_head":"<!-- This site is optimized with the Yoast SEO plugin v26.1.1 - https:\/\/yoast.com\/wordpress\/plugins\/seo\/ -->\n<title>FALLO EN LA JUSTICIA CIVIL: APLICAN CATEGOR\u00cdA DE CONSUMIDORA A DAMNIFICADA DE UN CONTRATO DE SEGURO - Apuntes de San Luis<\/title>\n<meta name=\"robots\" content=\"index, follow, max-snippet:-1, max-image-preview:large, max-video-preview:-1\" \/>\n<link rel=\"canonical\" href=\"https:\/\/apuntesdesanluis.com\/index.php\/2024\/05\/29\/fallo-en-la-justicia-civil-aplican-categoria-de-consumidora-a-damnificada-de-un-contrato-de-seguro\/\" \/>\n<meta property=\"og:locale\" content=\"es_ES\" \/>\n<meta property=\"og:type\" content=\"article\" \/>\n<meta property=\"og:title\" content=\"FALLO EN LA JUSTICIA CIVIL: APLICAN CATEGOR\u00cdA DE CONSUMIDORA A DAMNIFICADA DE UN CONTRATO DE SEGURO - Apuntes de San Luis\" \/>\n<meta property=\"og:description\" content=\"La Jueza Civil N\u00ba 2 de la ciudad de San Luis, Geraldina In\u00e9s Ib\u00e1\u00f1ez, consider\u00f3...\" \/>\n<meta property=\"og:url\" content=\"https:\/\/apuntesdesanluis.com\/index.php\/2024\/05\/29\/fallo-en-la-justicia-civil-aplican-categoria-de-consumidora-a-damnificada-de-un-contrato-de-seguro\/\" \/>\n<meta property=\"og:site_name\" content=\"Apuntes de San Luis\" \/>\n<meta property=\"article:published_time\" content=\"2024-05-29T21:38:51+00:00\" \/>\n<meta property=\"og:image\" content=\"https:\/\/apuntesdesanluis.com\/wp-content\/uploads\/2024\/05\/JUEZA-GERALDINE-IBANEZ.png\" \/>\n\t<meta property=\"og:image:width\" content=\"600\" \/>\n\t<meta property=\"og:image:height\" content=\"355\" \/>\n\t<meta property=\"og:image:type\" content=\"image\/png\" \/>\n<meta name=\"author\" content=\"apuntesdesanluis.com\" \/>\n<meta name=\"twitter:card\" content=\"summary_large_image\" \/>\n<meta name=\"twitter:label1\" content=\"Escrito por\" \/>\n\t<meta name=\"twitter:data1\" content=\"apuntesdesanluis.com\" \/>\n\t<meta name=\"twitter:label2\" content=\"Tiempo de lectura\" \/>\n\t<meta name=\"twitter:data2\" content=\"3 minutos\" \/>\n<script type=\"application\/ld+json\" class=\"yoast-schema-graph\">{\"@context\":\"https:\/\/schema.org\",\"@graph\":[{\"@type\":\"Article\",\"@id\":\"https:\/\/apuntesdesanluis.com\/index.php\/2024\/05\/29\/fallo-en-la-justicia-civil-aplican-categoria-de-consumidora-a-damnificada-de-un-contrato-de-seguro\/#article\",\"isPartOf\":{\"@id\":\"https:\/\/apuntesdesanluis.com\/index.php\/2024\/05\/29\/fallo-en-la-justicia-civil-aplican-categoria-de-consumidora-a-damnificada-de-un-contrato-de-seguro\/\"},\"author\":{\"name\":\"apuntesdesanluis.com\",\"@id\":\"https:\/\/apuntesdesanluis.com\/#\/schema\/person\/b55151d52296fcce64d1a72538a70b90\"},\"headline\":\"FALLO EN LA JUSTICIA CIVIL: APLICAN CATEGOR\u00cdA DE CONSUMIDORA A DAMNIFICADA DE UN CONTRATO DE SEGURO\",\"datePublished\":\"2024-05-29T21:38:51+00:00\",\"mainEntityOfPage\":{\"@id\":\"https:\/\/apuntesdesanluis.com\/index.php\/2024\/05\/29\/fallo-en-la-justicia-civil-aplican-categoria-de-consumidora-a-damnificada-de-un-contrato-de-seguro\/\"},\"wordCount\":639,\"publisher\":{\"@id\":\"https:\/\/apuntesdesanluis.com\/#\/schema\/person\/b55151d52296fcce64d1a72538a70b90\"},\"image\":{\"@id\":\"https:\/\/apuntesdesanluis.com\/index.php\/2024\/05\/29\/fallo-en-la-justicia-civil-aplican-categoria-de-consumidora-a-damnificada-de-un-contrato-de-seguro\/#primaryimage\"},\"thumbnailUrl\":\"https:\/\/apuntesdesanluis.com\/wp-content\/uploads\/2024\/05\/JUEZA-GERALDINE-IBANEZ.png\",\"articleSection\":[\"Ciudad\/Provincia\"],\"inLanguage\":\"es-AR\"},{\"@type\":\"WebPage\",\"@id\":\"https:\/\/apuntesdesanluis.com\/index.php\/2024\/05\/29\/fallo-en-la-justicia-civil-aplican-categoria-de-consumidora-a-damnificada-de-un-contrato-de-seguro\/\",\"url\":\"https:\/\/apuntesdesanluis.com\/index.php\/2024\/05\/29\/fallo-en-la-justicia-civil-aplican-categoria-de-consumidora-a-damnificada-de-un-contrato-de-seguro\/\",\"name\":\"FALLO EN LA JUSTICIA CIVIL: APLICAN CATEGOR\u00cdA DE CONSUMIDORA A DAMNIFICADA DE UN CONTRATO DE SEGURO - Apuntes de San Luis\",\"isPartOf\":{\"@id\":\"https:\/\/apuntesdesanluis.com\/#website\"},\"primaryImageOfPage\":{\"@id\":\"https:\/\/apuntesdesanluis.com\/index.php\/2024\/05\/29\/fallo-en-la-justicia-civil-aplican-categoria-de-consumidora-a-damnificada-de-un-contrato-de-seguro\/#primaryimage\"},\"image\":{\"@id\":\"https:\/\/apuntesdesanluis.com\/index.php\/2024\/05\/29\/fallo-en-la-justicia-civil-aplican-categoria-de-consumidora-a-damnificada-de-un-contrato-de-seguro\/#primaryimage\"},\"thumbnailUrl\":\"https:\/\/apuntesdesanluis.com\/wp-content\/uploads\/2024\/05\/JUEZA-GERALDINE-IBANEZ.png\",\"datePublished\":\"2024-05-29T21:38:51+00:00\",\"breadcrumb\":{\"@id\":\"https:\/\/apuntesdesanluis.com\/index.php\/2024\/05\/29\/fallo-en-la-justicia-civil-aplican-categoria-de-consumidora-a-damnificada-de-un-contrato-de-seguro\/#breadcrumb\"},\"inLanguage\":\"es-AR\",\"potentialAction\":[{\"@type\":\"ReadAction\",\"target\":[\"https:\/\/apuntesdesanluis.com\/index.php\/2024\/05\/29\/fallo-en-la-justicia-civil-aplican-categoria-de-consumidora-a-damnificada-de-un-contrato-de-seguro\/\"]}]},{\"@type\":\"ImageObject\",\"inLanguage\":\"es-AR\",\"@id\":\"https:\/\/apuntesdesanluis.com\/index.php\/2024\/05\/29\/fallo-en-la-justicia-civil-aplican-categoria-de-consumidora-a-damnificada-de-un-contrato-de-seguro\/#primaryimage\",\"url\":\"https:\/\/apuntesdesanluis.com\/wp-content\/uploads\/2024\/05\/JUEZA-GERALDINE-IBANEZ.png\",\"contentUrl\":\"https:\/\/apuntesdesanluis.com\/wp-content\/uploads\/2024\/05\/JUEZA-GERALDINE-IBANEZ.png\",\"width\":600,\"height\":355},{\"@type\":\"BreadcrumbList\",\"@id\":\"https:\/\/apuntesdesanluis.com\/index.php\/2024\/05\/29\/fallo-en-la-justicia-civil-aplican-categoria-de-consumidora-a-damnificada-de-un-contrato-de-seguro\/#breadcrumb\",\"itemListElement\":[{\"@type\":\"ListItem\",\"position\":1,\"name\":\"Inicio\",\"item\":\"https:\/\/apuntesdesanluis.com\/\"},{\"@type\":\"ListItem\",\"position\":2,\"name\":\"FALLO EN LA JUSTICIA CIVIL: APLICAN CATEGOR\u00cdA DE CONSUMIDORA A DAMNIFICADA DE UN CONTRATO DE SEGURO\"}]},{\"@type\":\"WebSite\",\"@id\":\"https:\/\/apuntesdesanluis.com\/#website\",\"url\":\"https:\/\/apuntesdesanluis.com\/\",\"name\":\"Apuntes de San Luis\",\"description\":\"\",\"publisher\":{\"@id\":\"https:\/\/apuntesdesanluis.com\/#\/schema\/person\/b55151d52296fcce64d1a72538a70b90\"},\"potentialAction\":[{\"@type\":\"SearchAction\",\"target\":{\"@type\":\"EntryPoint\",\"urlTemplate\":\"https:\/\/apuntesdesanluis.com\/?s={search_term_string}\"},\"query-input\":{\"@type\":\"PropertyValueSpecification\",\"valueRequired\":true,\"valueName\":\"search_term_string\"}}],\"inLanguage\":\"es-AR\"},{\"@type\":[\"Person\",\"Organization\"],\"@id\":\"https:\/\/apuntesdesanluis.com\/#\/schema\/person\/b55151d52296fcce64d1a72538a70b90\",\"name\":\"apuntesdesanluis.com\",\"image\":{\"@type\":\"ImageObject\",\"inLanguage\":\"es-AR\",\"@id\":\"https:\/\/apuntesdesanluis.com\/#\/schema\/person\/image\/\",\"url\":\"https:\/\/apuntesdesanluis.com\/wp-content\/uploads\/2023\/07\/cropped-apuntesdesanluis.png\",\"contentUrl\":\"https:\/\/apuntesdesanluis.com\/wp-content\/uploads\/2023\/07\/cropped-apuntesdesanluis.png\",\"width\":450,\"height\":112,\"caption\":\"apuntesdesanluis.com\"},\"logo\":{\"@id\":\"https:\/\/apuntesdesanluis.com\/#\/schema\/person\/image\/\"},\"sameAs\":[\"https:\/\/apuntesdesanluis.com\"],\"url\":\"https:\/\/apuntesdesanluis.com\/index.php\/author\/apuntesdesanluis-com\/\"}]}<\/script>\n<!-- \/ Yoast SEO plugin. -->","yoast_head_json":{"title":"FALLO EN LA JUSTICIA CIVIL: APLICAN CATEGOR\u00cdA DE CONSUMIDORA A DAMNIFICADA DE UN CONTRATO DE SEGURO - Apuntes de San Luis","robots":{"index":"index","follow":"follow","max-snippet":"max-snippet:-1","max-image-preview":"max-image-preview:large","max-video-preview":"max-video-preview:-1"},"canonical":"https:\/\/apuntesdesanluis.com\/index.php\/2024\/05\/29\/fallo-en-la-justicia-civil-aplican-categoria-de-consumidora-a-damnificada-de-un-contrato-de-seguro\/","og_locale":"es_ES","og_type":"article","og_title":"FALLO EN LA JUSTICIA CIVIL: APLICAN CATEGOR\u00cdA DE CONSUMIDORA A DAMNIFICADA DE UN CONTRATO DE SEGURO - Apuntes de San Luis","og_description":"La Jueza Civil N\u00ba 2 de la ciudad de San Luis, Geraldina In\u00e9s Ib\u00e1\u00f1ez, consider\u00f3...","og_url":"https:\/\/apuntesdesanluis.com\/index.php\/2024\/05\/29\/fallo-en-la-justicia-civil-aplican-categoria-de-consumidora-a-damnificada-de-un-contrato-de-seguro\/","og_site_name":"Apuntes de San Luis","article_published_time":"2024-05-29T21:38:51+00:00","og_image":[{"width":600,"height":355,"url":"https:\/\/apuntesdesanluis.com\/wp-content\/uploads\/2024\/05\/JUEZA-GERALDINE-IBANEZ.png","type":"image\/png"}],"author":"apuntesdesanluis.com","twitter_card":"summary_large_image","twitter_misc":{"Escrito por":"apuntesdesanluis.com","Tiempo de lectura":"3 minutos"},"schema":{"@context":"https:\/\/schema.org","@graph":[{"@type":"Article","@id":"https:\/\/apuntesdesanluis.com\/index.php\/2024\/05\/29\/fallo-en-la-justicia-civil-aplican-categoria-de-consumidora-a-damnificada-de-un-contrato-de-seguro\/#article","isPartOf":{"@id":"https:\/\/apuntesdesanluis.com\/index.php\/2024\/05\/29\/fallo-en-la-justicia-civil-aplican-categoria-de-consumidora-a-damnificada-de-un-contrato-de-seguro\/"},"author":{"name":"apuntesdesanluis.com","@id":"https:\/\/apuntesdesanluis.com\/#\/schema\/person\/b55151d52296fcce64d1a72538a70b90"},"headline":"FALLO EN LA JUSTICIA CIVIL: APLICAN CATEGOR\u00cdA DE CONSUMIDORA A DAMNIFICADA DE UN CONTRATO DE SEGURO","datePublished":"2024-05-29T21:38:51+00:00","mainEntityOfPage":{"@id":"https:\/\/apuntesdesanluis.com\/index.php\/2024\/05\/29\/fallo-en-la-justicia-civil-aplican-categoria-de-consumidora-a-damnificada-de-un-contrato-de-seguro\/"},"wordCount":639,"publisher":{"@id":"https:\/\/apuntesdesanluis.com\/#\/schema\/person\/b55151d52296fcce64d1a72538a70b90"},"image":{"@id":"https:\/\/apuntesdesanluis.com\/index.php\/2024\/05\/29\/fallo-en-la-justicia-civil-aplican-categoria-de-consumidora-a-damnificada-de-un-contrato-de-seguro\/#primaryimage"},"thumbnailUrl":"https:\/\/apuntesdesanluis.com\/wp-content\/uploads\/2024\/05\/JUEZA-GERALDINE-IBANEZ.png","articleSection":["Ciudad\/Provincia"],"inLanguage":"es-AR"},{"@type":"WebPage","@id":"https:\/\/apuntesdesanluis.com\/index.php\/2024\/05\/29\/fallo-en-la-justicia-civil-aplican-categoria-de-consumidora-a-damnificada-de-un-contrato-de-seguro\/","url":"https:\/\/apuntesdesanluis.com\/index.php\/2024\/05\/29\/fallo-en-la-justicia-civil-aplican-categoria-de-consumidora-a-damnificada-de-un-contrato-de-seguro\/","name":"FALLO EN LA JUSTICIA CIVIL: APLICAN CATEGOR\u00cdA DE CONSUMIDORA A DAMNIFICADA DE UN CONTRATO DE SEGURO - Apuntes de San Luis","isPartOf":{"@id":"https:\/\/apuntesdesanluis.com\/#website"},"primaryImageOfPage":{"@id":"https:\/\/apuntesdesanluis.com\/index.php\/2024\/05\/29\/fallo-en-la-justicia-civil-aplican-categoria-de-consumidora-a-damnificada-de-un-contrato-de-seguro\/#primaryimage"},"image":{"@id":"https:\/\/apuntesdesanluis.com\/index.php\/2024\/05\/29\/fallo-en-la-justicia-civil-aplican-categoria-de-consumidora-a-damnificada-de-un-contrato-de-seguro\/#primaryimage"},"thumbnailUrl":"https:\/\/apuntesdesanluis.com\/wp-content\/uploads\/2024\/05\/JUEZA-GERALDINE-IBANEZ.png","datePublished":"2024-05-29T21:38:51+00:00","breadcrumb":{"@id":"https:\/\/apuntesdesanluis.com\/index.php\/2024\/05\/29\/fallo-en-la-justicia-civil-aplican-categoria-de-consumidora-a-damnificada-de-un-contrato-de-seguro\/#breadcrumb"},"inLanguage":"es-AR","potentialAction":[{"@type":"ReadAction","target":["https:\/\/apuntesdesanluis.com\/index.php\/2024\/05\/29\/fallo-en-la-justicia-civil-aplican-categoria-de-consumidora-a-damnificada-de-un-contrato-de-seguro\/"]}]},{"@type":"ImageObject","inLanguage":"es-AR","@id":"https:\/\/apuntesdesanluis.com\/index.php\/2024\/05\/29\/fallo-en-la-justicia-civil-aplican-categoria-de-consumidora-a-damnificada-de-un-contrato-de-seguro\/#primaryimage","url":"https:\/\/apuntesdesanluis.com\/wp-content\/uploads\/2024\/05\/JUEZA-GERALDINE-IBANEZ.png","contentUrl":"https:\/\/apuntesdesanluis.com\/wp-content\/uploads\/2024\/05\/JUEZA-GERALDINE-IBANEZ.png","width":600,"height":355},{"@type":"BreadcrumbList","@id":"https:\/\/apuntesdesanluis.com\/index.php\/2024\/05\/29\/fallo-en-la-justicia-civil-aplican-categoria-de-consumidora-a-damnificada-de-un-contrato-de-seguro\/#breadcrumb","itemListElement":[{"@type":"ListItem","position":1,"name":"Inicio","item":"https:\/\/apuntesdesanluis.com\/"},{"@type":"ListItem","position":2,"name":"FALLO EN LA JUSTICIA CIVIL: APLICAN CATEGOR\u00cdA DE CONSUMIDORA A DAMNIFICADA DE UN CONTRATO DE SEGURO"}]},{"@type":"WebSite","@id":"https:\/\/apuntesdesanluis.com\/#website","url":"https:\/\/apuntesdesanluis.com\/","name":"Apuntes de San Luis","description":"","publisher":{"@id":"https:\/\/apuntesdesanluis.com\/#\/schema\/person\/b55151d52296fcce64d1a72538a70b90"},"potentialAction":[{"@type":"SearchAction","target":{"@type":"EntryPoint","urlTemplate":"https:\/\/apuntesdesanluis.com\/?s={search_term_string}"},"query-input":{"@type":"PropertyValueSpecification","valueRequired":true,"valueName":"search_term_string"}}],"inLanguage":"es-AR"},{"@type":["Person","Organization"],"@id":"https:\/\/apuntesdesanluis.com\/#\/schema\/person\/b55151d52296fcce64d1a72538a70b90","name":"apuntesdesanluis.com","image":{"@type":"ImageObject","inLanguage":"es-AR","@id":"https:\/\/apuntesdesanluis.com\/#\/schema\/person\/image\/","url":"https:\/\/apuntesdesanluis.com\/wp-content\/uploads\/2023\/07\/cropped-apuntesdesanluis.png","contentUrl":"https:\/\/apuntesdesanluis.com\/wp-content\/uploads\/2023\/07\/cropped-apuntesdesanluis.png","width":450,"height":112,"caption":"apuntesdesanluis.com"},"logo":{"@id":"https:\/\/apuntesdesanluis.com\/#\/schema\/person\/image\/"},"sameAs":["https:\/\/apuntesdesanluis.com"],"url":"https:\/\/apuntesdesanluis.com\/index.php\/author\/apuntesdesanluis-com\/"}]}},"featured_image_urls":{"full":["https:\/\/apuntesdesanluis.com\/wp-content\/uploads\/2024\/05\/JUEZA-GERALDINE-IBANEZ.png",600,355,false],"thumbnail":["https:\/\/apuntesdesanluis.com\/wp-content\/uploads\/2024\/05\/JUEZA-GERALDINE-IBANEZ-150x150.png",150,150,true],"medium":["https:\/\/apuntesdesanluis.com\/wp-content\/uploads\/2024\/05\/JUEZA-GERALDINE-IBANEZ-300x178.png",300,178,true],"medium_large":["https:\/\/apuntesdesanluis.com\/wp-content\/uploads\/2024\/05\/JUEZA-GERALDINE-IBANEZ.png",600,355,false],"large":["https:\/\/apuntesdesanluis.com\/wp-content\/uploads\/2024\/05\/JUEZA-GERALDINE-IBANEZ.png",600,355,false],"1536x1536":["https:\/\/apuntesdesanluis.com\/wp-content\/uploads\/2024\/05\/JUEZA-GERALDINE-IBANEZ.png",600,355,false],"2048x2048":["https:\/\/apuntesdesanluis.com\/wp-content\/uploads\/2024\/05\/JUEZA-GERALDINE-IBANEZ.png",600,355,false],"newsever-slider-full":["https:\/\/apuntesdesanluis.com\/wp-content\/uploads\/2024\/05\/JUEZA-GERALDINE-IBANEZ.png",600,355,false],"newsever-featured":["https:\/\/apuntesdesanluis.com\/wp-content\/uploads\/2024\/05\/JUEZA-GERALDINE-IBANEZ.png",600,355,false],"newsever-medium":["https:\/\/apuntesdesanluis.com\/wp-content\/uploads\/2024\/05\/JUEZA-GERALDINE-IBANEZ.png",600,355,false]},"author_info":{"display_name":"apuntesdesanluis.com","author_link":"https:\/\/apuntesdesanluis.com\/index.php\/author\/apuntesdesanluis-com\/"},"category_info":"<a href=\"https:\/\/apuntesdesanluis.com\/index.php\/category\/ciudad-provincia\/\" rel=\"category tag\">Ciudad\/Provincia<\/a>","tag_info":"Ciudad\/Provincia","comment_count":"0","_links":{"self":[{"href":"https:\/\/apuntesdesanluis.com\/index.php\/wp-json\/wp\/v2\/posts\/17045","targetHints":{"allow":["GET"]}}],"collection":[{"href":"https:\/\/apuntesdesanluis.com\/index.php\/wp-json\/wp\/v2\/posts"}],"about":[{"href":"https:\/\/apuntesdesanluis.com\/index.php\/wp-json\/wp\/v2\/types\/post"}],"author":[{"embeddable":true,"href":"https:\/\/apuntesdesanluis.com\/index.php\/wp-json\/wp\/v2\/users\/1"}],"replies":[{"embeddable":true,"href":"https:\/\/apuntesdesanluis.com\/index.php\/wp-json\/wp\/v2\/comments?post=17045"}],"version-history":[{"count":1,"href":"https:\/\/apuntesdesanluis.com\/index.php\/wp-json\/wp\/v2\/posts\/17045\/revisions"}],"predecessor-version":[{"id":17047,"href":"https:\/\/apuntesdesanluis.com\/index.php\/wp-json\/wp\/v2\/posts\/17045\/revisions\/17047"}],"wp:featuredmedia":[{"embeddable":true,"href":"https:\/\/apuntesdesanluis.com\/index.php\/wp-json\/wp\/v2\/media\/17046"}],"wp:attachment":[{"href":"https:\/\/apuntesdesanluis.com\/index.php\/wp-json\/wp\/v2\/media?parent=17045"}],"wp:term":[{"taxonomy":"category","embeddable":true,"href":"https:\/\/apuntesdesanluis.com\/index.php\/wp-json\/wp\/v2\/categories?post=17045"},{"taxonomy":"post_tag","embeddable":true,"href":"https:\/\/apuntesdesanluis.com\/index.php\/wp-json\/wp\/v2\/tags?post=17045"}],"curies":[{"name":"wp","href":"https:\/\/api.w.org\/{rel}","templated":true}]}}