{"id":17048,"date":"2024-05-29T18:50:53","date_gmt":"2024-05-29T21:50:53","guid":{"rendered":"https:\/\/apuntesdesanluis.com\/?p=17048"},"modified":"2024-05-29T18:52:57","modified_gmt":"2024-05-29T21:52:57","slug":"villa-mercedes-multitudinario-festejo-del-dia-de-los-jardines-de-infantes","status":"publish","type":"post","link":"https:\/\/apuntesdesanluis.com\/index.php\/2024\/05\/29\/villa-mercedes-multitudinario-festejo-del-dia-de-los-jardines-de-infantes\/","title":{"rendered":"VILLA MERCEDES: MULTITUDINARIO FESTEJO DEL D\u00cdA DE LOS JARDINES DE INFANTES"},"content":{"rendered":"<h3>El evento, que se ha convertido en una tradici\u00f3n que re\u00fane a toda la comunidad educativa de nivel Inicial, cont\u00f3 en esta ocasi\u00f3n con la participaci\u00f3n del gobernador <strong>Claudio Poggi<\/strong> y m\u00e1s de 40 instituciones del departamento Pedernera que se dieron cita junto con sus m\u00e1s de 3.500 peque\u00f1os estudiantes, en el predio Calle Angosta.<\/h3>\n<h3>Tambi\u00e9n participaron el ministro de Educaci\u00f3n, Guillermo Araujo; el intendente de Villa Mercedes, Maximiliano Frontera; la subdirectora de Nivel Inicial, Mar\u00eda Medero; la titular de la subdirecci\u00f3n de Nivel Primario, Raquel Acosta, y la referente en la ciudad cabecera del departamento Pedernera de la Uni\u00f3n Nacional Argentina de Educadores de Nivel Inicial (Unadeni), Marcela Dominella.<\/h3>\n<p><img fetchpriority=\"high\" decoding=\"async\" class=\"wp-image-17050 aligncenter\" src=\"https:\/\/apuntesdesanluis.com\/wp-content\/uploads\/2024\/05\/JARDINES-DE-INFANTES-300x174.png\" alt=\"\" width=\"602\" height=\"349\" srcset=\"https:\/\/apuntesdesanluis.com\/wp-content\/uploads\/2024\/05\/JARDINES-DE-INFANTES-300x174.png 300w, https:\/\/apuntesdesanluis.com\/wp-content\/uploads\/2024\/05\/JARDINES-DE-INFANTES.png 700w\" sizes=\"(max-width: 602px) 100vw, 602px\" \/><\/p>\n<h3>Justamente fue Dominella quien abri\u00f3 el acto, destacando que el D\u00eda de los Jardines de Infantes y de las Maestras Jardineras es una efem\u00e9ride que se conmemora en homenaje a Rosario Vera Pe\u00f1aloza, docente riojana de Nivel Inicial conocida como \u2018La maestra de la Patria\u2019. En su vasto legado, se destac\u00f3 por ser la fundadora del primer jard\u00edn de infantes de la Argentina.<\/h3>\n<h3>Seguidamente, el Primer Mandatario provincial agradeci\u00f3 la invitaci\u00f3n y les dese\u00f3 un feliz d\u00eda a todas los jardines de infantes y a todas las maestras jardineras. \u201cRecuerdo como si fuera hoy, aqu\u00ed en el Molino F\u00e9nix, har\u00e1 ocho o nueve a\u00f1os, cuando dictamos la normativa para la autonom\u00eda directiva de los niveles iniciales del sistema educativo provincial, all\u00ed comenzaron\u201d, coment\u00f3 el Jefe de Estado, y a\u00f1adi\u00f3: \u201cComo pol\u00edtica fuerte educativa para estos cuatro a\u00f1os tenemos la apertura en toda la provincia de la sala de tres a\u00f1os para adelantar la escolarizaci\u00f3n. Eso va a significar nuevos puestos de trabajo para nuevas maestras jardineras y muchos m\u00e1s chicos de tres a\u00f1os escolarizados en la provincia\u201d.<\/h3>\n<p><img decoding=\"async\" class=\"wp-image-17051 aligncenter\" src=\"https:\/\/apuntesdesanluis.com\/wp-content\/uploads\/2024\/05\/MAXI-300x183.png\" alt=\"\" width=\"602\" height=\"367\" srcset=\"https:\/\/apuntesdesanluis.com\/wp-content\/uploads\/2024\/05\/MAXI-300x183.png 300w, https:\/\/apuntesdesanluis.com\/wp-content\/uploads\/2024\/05\/MAXI.png 600w\" sizes=\"(max-width: 602px) 100vw, 602px\" \/><\/p>\n<h3>Luego procedieron a la entrega de kits de t\u00edteres, para ser utilizados como elementos l\u00fadicos y pedag\u00f3gicos con los ni\u00f1os. Unadeni tambi\u00e9n otorg\u00f3 presentes a las autoridades. \u201cEs muy lindo que nos reconozcan, que piensen en nosotras porque es un nivel sumamente importante en la educaci\u00f3n\u201d, mencion\u00f3 la se\u00f1o Mariela, de la escuela \u2018Mariano Moreno\u2019 de Villa Mercedes. La se\u00f1o Gaby, de Fraga, por su parte, expres\u00f3 alegr\u00eda por sus alumnitos. \u201cEst\u00e1n muy felices porque es una experiencia que ellos no viven a diario. Es maravilloso\u201d, manifest\u00f3.<\/h3>\n<p>&nbsp;<\/p>\n<p>&nbsp;<\/p>\n<p>&nbsp;<\/p>\n<p>&nbsp;<\/p>\n<p>&nbsp;<\/p>\n<p>&nbsp;<\/p>\n","protected":false},"excerpt":{"rendered":"<p>El evento, que se ha convertido en una tradici\u00f3n que re\u00fane a toda la comunidad&#8230;<\/p>\n","protected":false},"author":1,"featured_media":17049,"comment_status":"closed","ping_status":"closed","sticky":false,"template":"","format":"standard","meta":{"footnotes":""},"categories":[6],"tags":[],"class_list":["post-17048","post","type-post","status-publish","format-standard","has-post-thumbnail","hentry","category-ciudad-provincia"],"yoast_head":"<!-- This site is optimized with the Yoast SEO plugin v26.1.1 - https:\/\/yoast.com\/wordpress\/plugins\/seo\/ -->\n<title>VILLA MERCEDES: MULTITUDINARIO FESTEJO DEL D\u00cdA DE LOS JARDINES DE INFANTES - Apuntes de San Luis<\/title>\n<meta name=\"robots\" content=\"index, follow, max-snippet:-1, max-image-preview:large, max-video-preview:-1\" \/>\n<link rel=\"canonical\" href=\"https:\/\/apuntesdesanluis.com\/index.php\/2024\/05\/29\/villa-mercedes-multitudinario-festejo-del-dia-de-los-jardines-de-infantes\/\" \/>\n<meta property=\"og:locale\" content=\"es_ES\" \/>\n<meta property=\"og:type\" content=\"article\" \/>\n<meta property=\"og:title\" content=\"VILLA MERCEDES: MULTITUDINARIO FESTEJO DEL D\u00cdA DE LOS JARDINES DE INFANTES - Apuntes de San Luis\" \/>\n<meta property=\"og:description\" content=\"El evento, que se ha convertido en una tradici\u00f3n que re\u00fane a toda la comunidad...\" \/>\n<meta property=\"og:url\" content=\"https:\/\/apuntesdesanluis.com\/index.php\/2024\/05\/29\/villa-mercedes-multitudinario-festejo-del-dia-de-los-jardines-de-infantes\/\" \/>\n<meta property=\"og:site_name\" content=\"Apuntes de San Luis\" \/>\n<meta property=\"article:published_time\" content=\"2024-05-29T21:50:53+00:00\" \/>\n<meta property=\"article:modified_time\" content=\"2024-05-29T21:52:57+00:00\" \/>\n<meta property=\"og:image\" content=\"https:\/\/apuntesdesanluis.com\/wp-content\/uploads\/2024\/05\/JARDINES-DE-INFANTES-1.png\" \/>\n\t<meta property=\"og:image:width\" content=\"700\" \/>\n\t<meta property=\"og:image:height\" content=\"435\" \/>\n\t<meta property=\"og:image:type\" content=\"image\/png\" \/>\n<meta name=\"author\" content=\"apuntesdesanluis.com\" \/>\n<meta name=\"twitter:card\" content=\"summary_large_image\" \/>\n<meta name=\"twitter:label1\" content=\"Escrito por\" \/>\n\t<meta name=\"twitter:data1\" content=\"apuntesdesanluis.com\" \/>\n\t<meta name=\"twitter:label2\" content=\"Tiempo de lectura\" \/>\n\t<meta name=\"twitter:data2\" content=\"3 minutos\" \/>\n<script type=\"application\/ld+json\" class=\"yoast-schema-graph\">{\"@context\":\"https:\/\/schema.org\",\"@graph\":[{\"@type\":\"Article\",\"@id\":\"https:\/\/apuntesdesanluis.com\/index.php\/2024\/05\/29\/villa-mercedes-multitudinario-festejo-del-dia-de-los-jardines-de-infantes\/#article\",\"isPartOf\":{\"@id\":\"https:\/\/apuntesdesanluis.com\/index.php\/2024\/05\/29\/villa-mercedes-multitudinario-festejo-del-dia-de-los-jardines-de-infantes\/\"},\"author\":{\"name\":\"apuntesdesanluis.com\",\"@id\":\"https:\/\/apuntesdesanluis.com\/#\/schema\/person\/b55151d52296fcce64d1a72538a70b90\"},\"headline\":\"VILLA MERCEDES: MULTITUDINARIO FESTEJO DEL D\u00cdA DE LOS JARDINES DE INFANTES\",\"datePublished\":\"2024-05-29T21:50:53+00:00\",\"dateModified\":\"2024-05-29T21:52:57+00:00\",\"mainEntityOfPage\":{\"@id\":\"https:\/\/apuntesdesanluis.com\/index.php\/2024\/05\/29\/villa-mercedes-multitudinario-festejo-del-dia-de-los-jardines-de-infantes\/\"},\"wordCount\":428,\"publisher\":{\"@id\":\"https:\/\/apuntesdesanluis.com\/#\/schema\/person\/b55151d52296fcce64d1a72538a70b90\"},\"image\":{\"@id\":\"https:\/\/apuntesdesanluis.com\/index.php\/2024\/05\/29\/villa-mercedes-multitudinario-festejo-del-dia-de-los-jardines-de-infantes\/#primaryimage\"},\"thumbnailUrl\":\"https:\/\/apuntesdesanluis.com\/wp-content\/uploads\/2024\/05\/JARDINES-DE-INFANTES-1.png\",\"articleSection\":[\"Ciudad\/Provincia\"],\"inLanguage\":\"es-AR\"},{\"@type\":\"WebPage\",\"@id\":\"https:\/\/apuntesdesanluis.com\/index.php\/2024\/05\/29\/villa-mercedes-multitudinario-festejo-del-dia-de-los-jardines-de-infantes\/\",\"url\":\"https:\/\/apuntesdesanluis.com\/index.php\/2024\/05\/29\/villa-mercedes-multitudinario-festejo-del-dia-de-los-jardines-de-infantes\/\",\"name\":\"VILLA MERCEDES: MULTITUDINARIO FESTEJO DEL D\u00cdA DE LOS JARDINES DE INFANTES - Apuntes de San Luis\",\"isPartOf\":{\"@id\":\"https:\/\/apuntesdesanluis.com\/#website\"},\"primaryImageOfPage\":{\"@id\":\"https:\/\/apuntesdesanluis.com\/index.php\/2024\/05\/29\/villa-mercedes-multitudinario-festejo-del-dia-de-los-jardines-de-infantes\/#primaryimage\"},\"image\":{\"@id\":\"https:\/\/apuntesdesanluis.com\/index.php\/2024\/05\/29\/villa-mercedes-multitudinario-festejo-del-dia-de-los-jardines-de-infantes\/#primaryimage\"},\"thumbnailUrl\":\"https:\/\/apuntesdesanluis.com\/wp-content\/uploads\/2024\/05\/JARDINES-DE-INFANTES-1.png\",\"datePublished\":\"2024-05-29T21:50:53+00:00\",\"dateModified\":\"2024-05-29T21:52:57+00:00\",\"breadcrumb\":{\"@id\":\"https:\/\/apuntesdesanluis.com\/index.php\/2024\/05\/29\/villa-mercedes-multitudinario-festejo-del-dia-de-los-jardines-de-infantes\/#breadcrumb\"},\"inLanguage\":\"es-AR\",\"potentialAction\":[{\"@type\":\"ReadAction\",\"target\":[\"https:\/\/apuntesdesanluis.com\/index.php\/2024\/05\/29\/villa-mercedes-multitudinario-festejo-del-dia-de-los-jardines-de-infantes\/\"]}]},{\"@type\":\"ImageObject\",\"inLanguage\":\"es-AR\",\"@id\":\"https:\/\/apuntesdesanluis.com\/index.php\/2024\/05\/29\/villa-mercedes-multitudinario-festejo-del-dia-de-los-jardines-de-infantes\/#primaryimage\",\"url\":\"https:\/\/apuntesdesanluis.com\/wp-content\/uploads\/2024\/05\/JARDINES-DE-INFANTES-1.png\",\"contentUrl\":\"https:\/\/apuntesdesanluis.com\/wp-content\/uploads\/2024\/05\/JARDINES-DE-INFANTES-1.png\",\"width\":700,\"height\":435},{\"@type\":\"BreadcrumbList\",\"@id\":\"https:\/\/apuntesdesanluis.com\/index.php\/2024\/05\/29\/villa-mercedes-multitudinario-festejo-del-dia-de-los-jardines-de-infantes\/#breadcrumb\",\"itemListElement\":[{\"@type\":\"ListItem\",\"position\":1,\"name\":\"Inicio\",\"item\":\"https:\/\/apuntesdesanluis.com\/\"},{\"@type\":\"ListItem\",\"position\":2,\"name\":\"VILLA MERCEDES: MULTITUDINARIO FESTEJO DEL D\u00cdA DE LOS JARDINES DE INFANTES\"}]},{\"@type\":\"WebSite\",\"@id\":\"https:\/\/apuntesdesanluis.com\/#website\",\"url\":\"https:\/\/apuntesdesanluis.com\/\",\"name\":\"Apuntes de San Luis\",\"description\":\"\",\"publisher\":{\"@id\":\"https:\/\/apuntesdesanluis.com\/#\/schema\/person\/b55151d52296fcce64d1a72538a70b90\"},\"potentialAction\":[{\"@type\":\"SearchAction\",\"target\":{\"@type\":\"EntryPoint\",\"urlTemplate\":\"https:\/\/apuntesdesanluis.com\/?s={search_term_string}\"},\"query-input\":{\"@type\":\"PropertyValueSpecification\",\"valueRequired\":true,\"valueName\":\"search_term_string\"}}],\"inLanguage\":\"es-AR\"},{\"@type\":[\"Person\",\"Organization\"],\"@id\":\"https:\/\/apuntesdesanluis.com\/#\/schema\/person\/b55151d52296fcce64d1a72538a70b90\",\"name\":\"apuntesdesanluis.com\",\"image\":{\"@type\":\"ImageObject\",\"inLanguage\":\"es-AR\",\"@id\":\"https:\/\/apuntesdesanluis.com\/#\/schema\/person\/image\/\",\"url\":\"https:\/\/apuntesdesanluis.com\/wp-content\/uploads\/2023\/07\/cropped-apuntesdesanluis.png\",\"contentUrl\":\"https:\/\/apuntesdesanluis.com\/wp-content\/uploads\/2023\/07\/cropped-apuntesdesanluis.png\",\"width\":450,\"height\":112,\"caption\":\"apuntesdesanluis.com\"},\"logo\":{\"@id\":\"https:\/\/apuntesdesanluis.com\/#\/schema\/person\/image\/\"},\"sameAs\":[\"https:\/\/apuntesdesanluis.com\"],\"url\":\"https:\/\/apuntesdesanluis.com\/index.php\/author\/apuntesdesanluis-com\/\"}]}<\/script>\n<!-- \/ Yoast SEO plugin. -->","yoast_head_json":{"title":"VILLA MERCEDES: MULTITUDINARIO FESTEJO DEL D\u00cdA DE LOS JARDINES DE INFANTES - Apuntes de San Luis","robots":{"index":"index","follow":"follow","max-snippet":"max-snippet:-1","max-image-preview":"max-image-preview:large","max-video-preview":"max-video-preview:-1"},"canonical":"https:\/\/apuntesdesanluis.com\/index.php\/2024\/05\/29\/villa-mercedes-multitudinario-festejo-del-dia-de-los-jardines-de-infantes\/","og_locale":"es_ES","og_type":"article","og_title":"VILLA MERCEDES: MULTITUDINARIO FESTEJO DEL D\u00cdA DE LOS JARDINES DE INFANTES - Apuntes de San Luis","og_description":"El evento, que se ha convertido en una tradici\u00f3n que re\u00fane a toda la comunidad...","og_url":"https:\/\/apuntesdesanluis.com\/index.php\/2024\/05\/29\/villa-mercedes-multitudinario-festejo-del-dia-de-los-jardines-de-infantes\/","og_site_name":"Apuntes de San Luis","article_published_time":"2024-05-29T21:50:53+00:00","article_modified_time":"2024-05-29T21:52:57+00:00","og_image":[{"width":700,"height":435,"url":"https:\/\/apuntesdesanluis.com\/wp-content\/uploads\/2024\/05\/JARDINES-DE-INFANTES-1.png","type":"image\/png"}],"author":"apuntesdesanluis.com","twitter_card":"summary_large_image","twitter_misc":{"Escrito por":"apuntesdesanluis.com","Tiempo de lectura":"3 minutos"},"schema":{"@context":"https:\/\/schema.org","@graph":[{"@type":"Article","@id":"https:\/\/apuntesdesanluis.com\/index.php\/2024\/05\/29\/villa-mercedes-multitudinario-festejo-del-dia-de-los-jardines-de-infantes\/#article","isPartOf":{"@id":"https:\/\/apuntesdesanluis.com\/index.php\/2024\/05\/29\/villa-mercedes-multitudinario-festejo-del-dia-de-los-jardines-de-infantes\/"},"author":{"name":"apuntesdesanluis.com","@id":"https:\/\/apuntesdesanluis.com\/#\/schema\/person\/b55151d52296fcce64d1a72538a70b90"},"headline":"VILLA MERCEDES: MULTITUDINARIO FESTEJO DEL D\u00cdA DE LOS JARDINES DE INFANTES","datePublished":"2024-05-29T21:50:53+00:00","dateModified":"2024-05-29T21:52:57+00:00","mainEntityOfPage":{"@id":"https:\/\/apuntesdesanluis.com\/index.php\/2024\/05\/29\/villa-mercedes-multitudinario-festejo-del-dia-de-los-jardines-de-infantes\/"},"wordCount":428,"publisher":{"@id":"https:\/\/apuntesdesanluis.com\/#\/schema\/person\/b55151d52296fcce64d1a72538a70b90"},"image":{"@id":"https:\/\/apuntesdesanluis.com\/index.php\/2024\/05\/29\/villa-mercedes-multitudinario-festejo-del-dia-de-los-jardines-de-infantes\/#primaryimage"},"thumbnailUrl":"https:\/\/apuntesdesanluis.com\/wp-content\/uploads\/2024\/05\/JARDINES-DE-INFANTES-1.png","articleSection":["Ciudad\/Provincia"],"inLanguage":"es-AR"},{"@type":"WebPage","@id":"https:\/\/apuntesdesanluis.com\/index.php\/2024\/05\/29\/villa-mercedes-multitudinario-festejo-del-dia-de-los-jardines-de-infantes\/","url":"https:\/\/apuntesdesanluis.com\/index.php\/2024\/05\/29\/villa-mercedes-multitudinario-festejo-del-dia-de-los-jardines-de-infantes\/","name":"VILLA MERCEDES: MULTITUDINARIO FESTEJO DEL D\u00cdA DE LOS JARDINES DE INFANTES - Apuntes de San Luis","isPartOf":{"@id":"https:\/\/apuntesdesanluis.com\/#website"},"primaryImageOfPage":{"@id":"https:\/\/apuntesdesanluis.com\/index.php\/2024\/05\/29\/villa-mercedes-multitudinario-festejo-del-dia-de-los-jardines-de-infantes\/#primaryimage"},"image":{"@id":"https:\/\/apuntesdesanluis.com\/index.php\/2024\/05\/29\/villa-mercedes-multitudinario-festejo-del-dia-de-los-jardines-de-infantes\/#primaryimage"},"thumbnailUrl":"https:\/\/apuntesdesanluis.com\/wp-content\/uploads\/2024\/05\/JARDINES-DE-INFANTES-1.png","datePublished":"2024-05-29T21:50:53+00:00","dateModified":"2024-05-29T21:52:57+00:00","breadcrumb":{"@id":"https:\/\/apuntesdesanluis.com\/index.php\/2024\/05\/29\/villa-mercedes-multitudinario-festejo-del-dia-de-los-jardines-de-infantes\/#breadcrumb"},"inLanguage":"es-AR","potentialAction":[{"@type":"ReadAction","target":["https:\/\/apuntesdesanluis.com\/index.php\/2024\/05\/29\/villa-mercedes-multitudinario-festejo-del-dia-de-los-jardines-de-infantes\/"]}]},{"@type":"ImageObject","inLanguage":"es-AR","@id":"https:\/\/apuntesdesanluis.com\/index.php\/2024\/05\/29\/villa-mercedes-multitudinario-festejo-del-dia-de-los-jardines-de-infantes\/#primaryimage","url":"https:\/\/apuntesdesanluis.com\/wp-content\/uploads\/2024\/05\/JARDINES-DE-INFANTES-1.png","contentUrl":"https:\/\/apuntesdesanluis.com\/wp-content\/uploads\/2024\/05\/JARDINES-DE-INFANTES-1.png","width":700,"height":435},{"@type":"BreadcrumbList","@id":"https:\/\/apuntesdesanluis.com\/index.php\/2024\/05\/29\/villa-mercedes-multitudinario-festejo-del-dia-de-los-jardines-de-infantes\/#breadcrumb","itemListElement":[{"@type":"ListItem","position":1,"name":"Inicio","item":"https:\/\/apuntesdesanluis.com\/"},{"@type":"ListItem","position":2,"name":"VILLA MERCEDES: MULTITUDINARIO FESTEJO DEL D\u00cdA DE LOS JARDINES DE INFANTES"}]},{"@type":"WebSite","@id":"https:\/\/apuntesdesanluis.com\/#website","url":"https:\/\/apuntesdesanluis.com\/","name":"Apuntes de San Luis","description":"","publisher":{"@id":"https:\/\/apuntesdesanluis.com\/#\/schema\/person\/b55151d52296fcce64d1a72538a70b90"},"potentialAction":[{"@type":"SearchAction","target":{"@type":"EntryPoint","urlTemplate":"https:\/\/apuntesdesanluis.com\/?s={search_term_string}"},"query-input":{"@type":"PropertyValueSpecification","valueRequired":true,"valueName":"search_term_string"}}],"inLanguage":"es-AR"},{"@type":["Person","Organization"],"@id":"https:\/\/apuntesdesanluis.com\/#\/schema\/person\/b55151d52296fcce64d1a72538a70b90","name":"apuntesdesanluis.com","image":{"@type":"ImageObject","inLanguage":"es-AR","@id":"https:\/\/apuntesdesanluis.com\/#\/schema\/person\/image\/","url":"https:\/\/apuntesdesanluis.com\/wp-content\/uploads\/2023\/07\/cropped-apuntesdesanluis.png","contentUrl":"https:\/\/apuntesdesanluis.com\/wp-content\/uploads\/2023\/07\/cropped-apuntesdesanluis.png","width":450,"height":112,"caption":"apuntesdesanluis.com"},"logo":{"@id":"https:\/\/apuntesdesanluis.com\/#\/schema\/person\/image\/"},"sameAs":["https:\/\/apuntesdesanluis.com"],"url":"https:\/\/apuntesdesanluis.com\/index.php\/author\/apuntesdesanluis-com\/"}]}},"featured_image_urls":{"full":["https:\/\/apuntesdesanluis.com\/wp-content\/uploads\/2024\/05\/JARDINES-DE-INFANTES-1.png",700,435,false],"thumbnail":["https:\/\/apuntesdesanluis.com\/wp-content\/uploads\/2024\/05\/JARDINES-DE-INFANTES-1-150x150.png",150,150,true],"medium":["https:\/\/apuntesdesanluis.com\/wp-content\/uploads\/2024\/05\/JARDINES-DE-INFANTES-1-300x186.png",300,186,true],"medium_large":["https:\/\/apuntesdesanluis.com\/wp-content\/uploads\/2024\/05\/JARDINES-DE-INFANTES-1.png",640,398,false],"large":["https:\/\/apuntesdesanluis.com\/wp-content\/uploads\/2024\/05\/JARDINES-DE-INFANTES-1.png",640,398,false],"1536x1536":["https:\/\/apuntesdesanluis.com\/wp-content\/uploads\/2024\/05\/JARDINES-DE-INFANTES-1.png",700,435,false],"2048x2048":["https:\/\/apuntesdesanluis.com\/wp-content\/uploads\/2024\/05\/JARDINES-DE-INFANTES-1.png",700,435,false],"newsever-slider-full":["https:\/\/apuntesdesanluis.com\/wp-content\/uploads\/2024\/05\/JARDINES-DE-INFANTES-1.png",700,435,false],"newsever-featured":["https:\/\/apuntesdesanluis.com\/wp-content\/uploads\/2024\/05\/JARDINES-DE-INFANTES-1.png",700,435,false],"newsever-medium":["https:\/\/apuntesdesanluis.com\/wp-content\/uploads\/2024\/05\/JARDINES-DE-INFANTES-1.png",700,435,false]},"author_info":{"display_name":"apuntesdesanluis.com","author_link":"https:\/\/apuntesdesanluis.com\/index.php\/author\/apuntesdesanluis-com\/"},"category_info":"<a href=\"https:\/\/apuntesdesanluis.com\/index.php\/category\/ciudad-provincia\/\" rel=\"category tag\">Ciudad\/Provincia<\/a>","tag_info":"Ciudad\/Provincia","comment_count":"0","_links":{"self":[{"href":"https:\/\/apuntesdesanluis.com\/index.php\/wp-json\/wp\/v2\/posts\/17048","targetHints":{"allow":["GET"]}}],"collection":[{"href":"https:\/\/apuntesdesanluis.com\/index.php\/wp-json\/wp\/v2\/posts"}],"about":[{"href":"https:\/\/apuntesdesanluis.com\/index.php\/wp-json\/wp\/v2\/types\/post"}],"author":[{"embeddable":true,"href":"https:\/\/apuntesdesanluis.com\/index.php\/wp-json\/wp\/v2\/users\/1"}],"replies":[{"embeddable":true,"href":"https:\/\/apuntesdesanluis.com\/index.php\/wp-json\/wp\/v2\/comments?post=17048"}],"version-history":[{"count":2,"href":"https:\/\/apuntesdesanluis.com\/index.php\/wp-json\/wp\/v2\/posts\/17048\/revisions"}],"predecessor-version":[{"id":17053,"href":"https:\/\/apuntesdesanluis.com\/index.php\/wp-json\/wp\/v2\/posts\/17048\/revisions\/17053"}],"wp:featuredmedia":[{"embeddable":true,"href":"https:\/\/apuntesdesanluis.com\/index.php\/wp-json\/wp\/v2\/media\/17049"}],"wp:attachment":[{"href":"https:\/\/apuntesdesanluis.com\/index.php\/wp-json\/wp\/v2\/media?parent=17048"}],"wp:term":[{"taxonomy":"category","embeddable":true,"href":"https:\/\/apuntesdesanluis.com\/index.php\/wp-json\/wp\/v2\/categories?post=17048"},{"taxonomy":"post_tag","embeddable":true,"href":"https:\/\/apuntesdesanluis.com\/index.php\/wp-json\/wp\/v2\/tags?post=17048"}],"curies":[{"name":"wp","href":"https:\/\/api.w.org\/{rel}","templated":true}]}}