{"id":17059,"date":"2024-05-29T20:30:36","date_gmt":"2024-05-29T23:30:36","guid":{"rendered":"https:\/\/apuntesdesanluis.com\/?p=17059"},"modified":"2024-05-29T20:39:33","modified_gmt":"2024-05-29T23:39:33","slug":"insolito-el-presidente-del-concejo-deliberante-de-la-punta-de-avanzar-rompio-el-bloque","status":"publish","type":"post","link":"https:\/\/apuntesdesanluis.com\/index.php\/2024\/05\/29\/insolito-el-presidente-del-concejo-deliberante-de-la-punta-de-avanzar-rompio-el-bloque\/","title":{"rendered":"INS\u00d3LITO: EL PRESIDENTE DEL CONCEJO DELIBERANTE DE LA PUNTA, DE AVANZAR, ROMPI\u00d3 EL BLOQUE"},"content":{"rendered":"<h3>La controversia se gener\u00f3 en la sesi\u00f3n de este mi\u00e9rcoles por la tarde, en que la \u201cnueva mayor\u00eda\u201d constituida por el PJ y el presidente del HCD, <strong>Mario Gil<\/strong>, procedieron a rechazar el veto del intendente <strong>Luciano Ayala<\/strong> sobre la Ordenanza 504\u20132024, que plantea la adhesi\u00f3n de la ciudad de La Punta al Registro de Deudores Alimentarios Morosos.<\/h3>\n<h3>Para ponerlo en contexto, en el cuerpo deliberativo <strong>Avanzar<\/strong> ostenta mayor\u00eda, puesto que sobre 4 concejales dispone de dos: el nombrado <strong>Mario Gil<\/strong> (foto) que preside el cuerpo y <strong>Roxana Oros<\/strong>. A los que se agregan dos monobloques que integran <strong>Fernando Orozco<\/strong> (MOVIPRO) y <strong>Roc\u00edo Rold\u00e1n<\/strong> (PJ).<\/h3>\n<p><img fetchpriority=\"high\" decoding=\"async\" class=\"wp-image-17062 aligncenter\" src=\"https:\/\/apuntesdesanluis.com\/wp-content\/uploads\/2024\/05\/mario-gil-300x183.png\" alt=\"\" width=\"589\" height=\"359\" srcset=\"https:\/\/apuntesdesanluis.com\/wp-content\/uploads\/2024\/05\/mario-gil-300x183.png 300w, https:\/\/apuntesdesanluis.com\/wp-content\/uploads\/2024\/05\/mario-gil.png 700w\" sizes=\"(max-width: 589px) 100vw, 589px\" \/><\/p>\n<h3>Durante la sesi\u00f3n se dio an\u00e1lisis al veto del Ejecutivo Municipal, a un art\u00edculo de la citada ordenanza, que dispon\u00eda la exigencia de contar con el \u201clibre deuda\u201d del Registro de Deudores Alimentarios Morosos a funcionarios y tambi\u00e9n a personal que contratara el municipio.<\/h3>\n<h3>Si bien en un principio la norma se hab\u00eda aprobado por unanimidad, el intendente consider\u00f3 que era correcto exigir ese cumplimiento a los funcionarios, pero no a las personas que pudieran ser contratadas, motivo por el cual efectu\u00f3 el veto parcial de la ordenanza, que volvi\u00f3 al Concejo Deliberante.<\/h3>\n<h3>Al momento de la sesi\u00f3n, con la ausencia del representante del MOVIPO, Gil argument\u00f3 a favor de insistir con la aprobaci\u00f3n del texto original y recogi\u00f3 la adhesi\u00f3n de la representante del PJ, con lo cual se rechaz\u00f3 el criterio del intendente Luciano Ayala, del mismo partido al que pertenece el titular del cuerpo, provocando en la pr\u00e1ctica la ruptura de la bancada y el distanciamiento con el ejecutivo.<\/h3>\n<h3>Posteriormente, en un posteo en Facebook, Gil argument\u00f3 las razones por las que no acompa\u00f1\u00f3 el veto, afirmando que \u00e9l impuls\u00f3 la ordenanza y cree \u201cfirmemente en que todo derecho que ponga el inter\u00e9s superior del ni\u00f1o debe ser cumplido\u201d.<\/h3>\n<h3>\u201cLa Ordenanza tiene precedentes con la misma tem\u00e1tica en Juana Koslay, Merlo y San Luis. Siguiendo el camino que el Gobernador Claudio Poggi marc\u00f3, en base al cuidado de los ni\u00f1os, ni\u00f1as y adolescentes y teniendo en cuenta que no perjudica al municipio de la Ciudad de La Punta, y considerando que lo \u00fanico que esta norma cuida, es el cumplimiento y\/o responsabilidad de sus progenitores, sobre los m\u00e1s vulnerables, y por el valor moral y \u00e9tico que me antecede, es que decid\u00ed rechazar el veto a la norma\u201d, sostuvo.<\/h3>\n<h3><strong>CONTRAARGUMENTO<\/strong><\/h3>\n<h3>Desde el entorno de Ayala el rechazo al veto cay\u00f3 como una bomba, porque entienden que \u201ces ins\u00f3lito que estando de acuerdo con el esp\u00edritu del proyecto\u201d, el propio concejal no haya entendido las razones por las cuales se vet\u00f3 parcialmente.<\/h3>\n<h3>\u201cHay una cuesti\u00f3n de sentido com\u00fan que Gil evidentemente no entiende o se hace el distra\u00eddo. Est\u00e1 bien que se le exija el cumplimiento a los funcionarios, que tienen determinados ingresos, pero hacerlo con quienes se encuentran desocupados y vienen a pedir trabajo es una locura\u201d, dijo una fuente que pidi\u00f3 reserva de identidad.<\/h3>\n<h3>Luego ampli\u00f3: \u201cVos pens\u00e1, si alguien viene a buscar trabajo es porque se encuentra desempleado, por lo que si est\u00e1 separado, seguramente no puede cumplir con la cuota alimentaria. Si el municipio le exige el libre deuda, lo excluye a \u00e9l de acceder a un laburo, pero tambi\u00e9n perjudica a la ex mujer. Lo que el intendente propone es no requerirlo para el ingreso, pero s\u00ed exigirle al postulante que si es contratado cumpla con su obligaci\u00f3n. \u00bfTan dif\u00edcil es de entender?\u201d, pregunt\u00f3.<\/h3>\n<h3><strong>\u00bfINTERNA?<\/strong><\/h3>\n<h3>En cercan\u00edas de Ayala observan con preocupaci\u00f3n las repercusiones y consecuencias pol\u00edticas que puede acarrear esta ruptura y deslizan sus sospechas de que \u201calguien de Terrazas\u201d la est\u00e9 alentando.<\/h3>\n<h3>\u201cComo si el gobierno estuviera tan bien y no atraves\u00e1ramos una situaci\u00f3n econ\u00f3mica jodida, algunos p\u00edcaros se divierten con estas internitas\u201d, fustigan por lo bajo, sin dar nombres.<\/h3>\n<h3>Suena realmete ins\u00f3lito lo acontecido, porque generalmente estas rupturas se provocan cuando alg\u00fan representante de la oposici\u00f3n &#8220;se pasa&#8221; al oficialismo. En este caso, el oficialismo tanto municipal como provincial es Avanzar. Con su giro, Gil protagoniza toda una novedad: se pasa a la oposici\u00f3n siendo oficialista, eval\u00faan.<\/h3>\n<h3>En las redes, claro est\u00e1, no faltaron aquellos que salieron a fusilar a Gil\u2026<\/h3>\n<p>&nbsp;<\/p>\n<p><img decoding=\"async\" class=\"wp-image-17060 aligncenter\" src=\"https:\/\/apuntesdesanluis.com\/wp-content\/uploads\/2024\/05\/posteo-gil-300x251.png\" alt=\"\" width=\"580\" height=\"485\" srcset=\"https:\/\/apuntesdesanluis.com\/wp-content\/uploads\/2024\/05\/posteo-gil-300x251.png 300w, https:\/\/apuntesdesanluis.com\/wp-content\/uploads\/2024\/05\/posteo-gil.png 700w\" sizes=\"(max-width: 580px) 100vw, 580px\" \/><\/p>\n<p>&nbsp;<\/p>\n<p>&nbsp;<\/p>\n<p>&nbsp;<\/p>\n<p>&nbsp;<\/p>\n","protected":false},"excerpt":{"rendered":"<p>La controversia se gener\u00f3 en la sesi\u00f3n de este mi\u00e9rcoles por la tarde, en que&#8230;<\/p>\n","protected":false},"author":1,"featured_media":17061,"comment_status":"closed","ping_status":"closed","sticky":false,"template":"","format":"standard","meta":{"footnotes":""},"categories":[6],"tags":[],"class_list":["post-17059","post","type-post","status-publish","format-standard","has-post-thumbnail","hentry","category-ciudad-provincia"],"yoast_head":"<!-- This site is optimized with the Yoast SEO plugin v26.1.1 - https:\/\/yoast.com\/wordpress\/plugins\/seo\/ -->\n<title>INS\u00d3LITO: EL PRESIDENTE DEL CONCEJO DELIBERANTE DE LA PUNTA, DE AVANZAR, ROMPI\u00d3 EL BLOQUE - Apuntes de San Luis<\/title>\n<meta name=\"robots\" content=\"index, follow, max-snippet:-1, max-image-preview:large, max-video-preview:-1\" \/>\n<link rel=\"canonical\" href=\"https:\/\/apuntesdesanluis.com\/index.php\/2024\/05\/29\/insolito-el-presidente-del-concejo-deliberante-de-la-punta-de-avanzar-rompio-el-bloque\/\" \/>\n<meta property=\"og:locale\" content=\"es_ES\" \/>\n<meta property=\"og:type\" content=\"article\" \/>\n<meta property=\"og:title\" content=\"INS\u00d3LITO: EL PRESIDENTE DEL CONCEJO DELIBERANTE DE LA PUNTA, DE AVANZAR, ROMPI\u00d3 EL BLOQUE - Apuntes de San Luis\" \/>\n<meta property=\"og:description\" content=\"La controversia se gener\u00f3 en la sesi\u00f3n de este mi\u00e9rcoles por la tarde, en que...\" \/>\n<meta property=\"og:url\" content=\"https:\/\/apuntesdesanluis.com\/index.php\/2024\/05\/29\/insolito-el-presidente-del-concejo-deliberante-de-la-punta-de-avanzar-rompio-el-bloque\/\" \/>\n<meta property=\"og:site_name\" content=\"Apuntes de San Luis\" \/>\n<meta property=\"article:published_time\" content=\"2024-05-29T23:30:36+00:00\" \/>\n<meta property=\"article:modified_time\" content=\"2024-05-29T23:39:33+00:00\" \/>\n<meta property=\"og:image\" content=\"https:\/\/apuntesdesanluis.com\/wp-content\/uploads\/2024\/05\/sesion-del-concejo-deliberante.png\" \/>\n\t<meta property=\"og:image:width\" content=\"600\" \/>\n\t<meta property=\"og:image:height\" content=\"384\" \/>\n\t<meta property=\"og:image:type\" content=\"image\/png\" \/>\n<meta name=\"author\" content=\"apuntesdesanluis.com\" \/>\n<meta name=\"twitter:card\" content=\"summary_large_image\" \/>\n<meta name=\"twitter:label1\" content=\"Escrito por\" \/>\n\t<meta name=\"twitter:data1\" content=\"apuntesdesanluis.com\" \/>\n\t<meta name=\"twitter:label2\" content=\"Tiempo de lectura\" \/>\n\t<meta name=\"twitter:data2\" content=\"4 minutos\" \/>\n<script type=\"application\/ld+json\" class=\"yoast-schema-graph\">{\"@context\":\"https:\/\/schema.org\",\"@graph\":[{\"@type\":\"Article\",\"@id\":\"https:\/\/apuntesdesanluis.com\/index.php\/2024\/05\/29\/insolito-el-presidente-del-concejo-deliberante-de-la-punta-de-avanzar-rompio-el-bloque\/#article\",\"isPartOf\":{\"@id\":\"https:\/\/apuntesdesanluis.com\/index.php\/2024\/05\/29\/insolito-el-presidente-del-concejo-deliberante-de-la-punta-de-avanzar-rompio-el-bloque\/\"},\"author\":{\"name\":\"apuntesdesanluis.com\",\"@id\":\"https:\/\/apuntesdesanluis.com\/#\/schema\/person\/b55151d52296fcce64d1a72538a70b90\"},\"headline\":\"INS\u00d3LITO: EL PRESIDENTE DEL CONCEJO DELIBERANTE DE LA PUNTA, DE AVANZAR, ROMPI\u00d3 EL BLOQUE\",\"datePublished\":\"2024-05-29T23:30:36+00:00\",\"dateModified\":\"2024-05-29T23:39:33+00:00\",\"mainEntityOfPage\":{\"@id\":\"https:\/\/apuntesdesanluis.com\/index.php\/2024\/05\/29\/insolito-el-presidente-del-concejo-deliberante-de-la-punta-de-avanzar-rompio-el-bloque\/\"},\"wordCount\":758,\"publisher\":{\"@id\":\"https:\/\/apuntesdesanluis.com\/#\/schema\/person\/b55151d52296fcce64d1a72538a70b90\"},\"image\":{\"@id\":\"https:\/\/apuntesdesanluis.com\/index.php\/2024\/05\/29\/insolito-el-presidente-del-concejo-deliberante-de-la-punta-de-avanzar-rompio-el-bloque\/#primaryimage\"},\"thumbnailUrl\":\"https:\/\/apuntesdesanluis.com\/wp-content\/uploads\/2024\/05\/sesion-del-concejo-deliberante.png\",\"articleSection\":[\"Ciudad\/Provincia\"],\"inLanguage\":\"es-AR\"},{\"@type\":\"WebPage\",\"@id\":\"https:\/\/apuntesdesanluis.com\/index.php\/2024\/05\/29\/insolito-el-presidente-del-concejo-deliberante-de-la-punta-de-avanzar-rompio-el-bloque\/\",\"url\":\"https:\/\/apuntesdesanluis.com\/index.php\/2024\/05\/29\/insolito-el-presidente-del-concejo-deliberante-de-la-punta-de-avanzar-rompio-el-bloque\/\",\"name\":\"INS\u00d3LITO: EL PRESIDENTE DEL CONCEJO DELIBERANTE DE LA PUNTA, DE AVANZAR, ROMPI\u00d3 EL BLOQUE - Apuntes de San Luis\",\"isPartOf\":{\"@id\":\"https:\/\/apuntesdesanluis.com\/#website\"},\"primaryImageOfPage\":{\"@id\":\"https:\/\/apuntesdesanluis.com\/index.php\/2024\/05\/29\/insolito-el-presidente-del-concejo-deliberante-de-la-punta-de-avanzar-rompio-el-bloque\/#primaryimage\"},\"image\":{\"@id\":\"https:\/\/apuntesdesanluis.com\/index.php\/2024\/05\/29\/insolito-el-presidente-del-concejo-deliberante-de-la-punta-de-avanzar-rompio-el-bloque\/#primaryimage\"},\"thumbnailUrl\":\"https:\/\/apuntesdesanluis.com\/wp-content\/uploads\/2024\/05\/sesion-del-concejo-deliberante.png\",\"datePublished\":\"2024-05-29T23:30:36+00:00\",\"dateModified\":\"2024-05-29T23:39:33+00:00\",\"breadcrumb\":{\"@id\":\"https:\/\/apuntesdesanluis.com\/index.php\/2024\/05\/29\/insolito-el-presidente-del-concejo-deliberante-de-la-punta-de-avanzar-rompio-el-bloque\/#breadcrumb\"},\"inLanguage\":\"es-AR\",\"potentialAction\":[{\"@type\":\"ReadAction\",\"target\":[\"https:\/\/apuntesdesanluis.com\/index.php\/2024\/05\/29\/insolito-el-presidente-del-concejo-deliberante-de-la-punta-de-avanzar-rompio-el-bloque\/\"]}]},{\"@type\":\"ImageObject\",\"inLanguage\":\"es-AR\",\"@id\":\"https:\/\/apuntesdesanluis.com\/index.php\/2024\/05\/29\/insolito-el-presidente-del-concejo-deliberante-de-la-punta-de-avanzar-rompio-el-bloque\/#primaryimage\",\"url\":\"https:\/\/apuntesdesanluis.com\/wp-content\/uploads\/2024\/05\/sesion-del-concejo-deliberante.png\",\"contentUrl\":\"https:\/\/apuntesdesanluis.com\/wp-content\/uploads\/2024\/05\/sesion-del-concejo-deliberante.png\",\"width\":600,\"height\":384},{\"@type\":\"BreadcrumbList\",\"@id\":\"https:\/\/apuntesdesanluis.com\/index.php\/2024\/05\/29\/insolito-el-presidente-del-concejo-deliberante-de-la-punta-de-avanzar-rompio-el-bloque\/#breadcrumb\",\"itemListElement\":[{\"@type\":\"ListItem\",\"position\":1,\"name\":\"Inicio\",\"item\":\"https:\/\/apuntesdesanluis.com\/\"},{\"@type\":\"ListItem\",\"position\":2,\"name\":\"INS\u00d3LITO: EL PRESIDENTE DEL CONCEJO DELIBERANTE DE LA PUNTA, DE AVANZAR, ROMPI\u00d3 EL BLOQUE\"}]},{\"@type\":\"WebSite\",\"@id\":\"https:\/\/apuntesdesanluis.com\/#website\",\"url\":\"https:\/\/apuntesdesanluis.com\/\",\"name\":\"Apuntes de San Luis\",\"description\":\"\",\"publisher\":{\"@id\":\"https:\/\/apuntesdesanluis.com\/#\/schema\/person\/b55151d52296fcce64d1a72538a70b90\"},\"potentialAction\":[{\"@type\":\"SearchAction\",\"target\":{\"@type\":\"EntryPoint\",\"urlTemplate\":\"https:\/\/apuntesdesanluis.com\/?s={search_term_string}\"},\"query-input\":{\"@type\":\"PropertyValueSpecification\",\"valueRequired\":true,\"valueName\":\"search_term_string\"}}],\"inLanguage\":\"es-AR\"},{\"@type\":[\"Person\",\"Organization\"],\"@id\":\"https:\/\/apuntesdesanluis.com\/#\/schema\/person\/b55151d52296fcce64d1a72538a70b90\",\"name\":\"apuntesdesanluis.com\",\"image\":{\"@type\":\"ImageObject\",\"inLanguage\":\"es-AR\",\"@id\":\"https:\/\/apuntesdesanluis.com\/#\/schema\/person\/image\/\",\"url\":\"https:\/\/apuntesdesanluis.com\/wp-content\/uploads\/2023\/07\/cropped-apuntesdesanluis.png\",\"contentUrl\":\"https:\/\/apuntesdesanluis.com\/wp-content\/uploads\/2023\/07\/cropped-apuntesdesanluis.png\",\"width\":450,\"height\":112,\"caption\":\"apuntesdesanluis.com\"},\"logo\":{\"@id\":\"https:\/\/apuntesdesanluis.com\/#\/schema\/person\/image\/\"},\"sameAs\":[\"https:\/\/apuntesdesanluis.com\"],\"url\":\"https:\/\/apuntesdesanluis.com\/index.php\/author\/apuntesdesanluis-com\/\"}]}<\/script>\n<!-- \/ Yoast SEO plugin. -->","yoast_head_json":{"title":"INS\u00d3LITO: EL PRESIDENTE DEL CONCEJO DELIBERANTE DE LA PUNTA, DE AVANZAR, ROMPI\u00d3 EL BLOQUE - Apuntes de San Luis","robots":{"index":"index","follow":"follow","max-snippet":"max-snippet:-1","max-image-preview":"max-image-preview:large","max-video-preview":"max-video-preview:-1"},"canonical":"https:\/\/apuntesdesanluis.com\/index.php\/2024\/05\/29\/insolito-el-presidente-del-concejo-deliberante-de-la-punta-de-avanzar-rompio-el-bloque\/","og_locale":"es_ES","og_type":"article","og_title":"INS\u00d3LITO: EL PRESIDENTE DEL CONCEJO DELIBERANTE DE LA PUNTA, DE AVANZAR, ROMPI\u00d3 EL BLOQUE - Apuntes de San Luis","og_description":"La controversia se gener\u00f3 en la sesi\u00f3n de este mi\u00e9rcoles por la tarde, en que...","og_url":"https:\/\/apuntesdesanluis.com\/index.php\/2024\/05\/29\/insolito-el-presidente-del-concejo-deliberante-de-la-punta-de-avanzar-rompio-el-bloque\/","og_site_name":"Apuntes de San Luis","article_published_time":"2024-05-29T23:30:36+00:00","article_modified_time":"2024-05-29T23:39:33+00:00","og_image":[{"width":600,"height":384,"url":"https:\/\/apuntesdesanluis.com\/wp-content\/uploads\/2024\/05\/sesion-del-concejo-deliberante.png","type":"image\/png"}],"author":"apuntesdesanluis.com","twitter_card":"summary_large_image","twitter_misc":{"Escrito por":"apuntesdesanluis.com","Tiempo de lectura":"4 minutos"},"schema":{"@context":"https:\/\/schema.org","@graph":[{"@type":"Article","@id":"https:\/\/apuntesdesanluis.com\/index.php\/2024\/05\/29\/insolito-el-presidente-del-concejo-deliberante-de-la-punta-de-avanzar-rompio-el-bloque\/#article","isPartOf":{"@id":"https:\/\/apuntesdesanluis.com\/index.php\/2024\/05\/29\/insolito-el-presidente-del-concejo-deliberante-de-la-punta-de-avanzar-rompio-el-bloque\/"},"author":{"name":"apuntesdesanluis.com","@id":"https:\/\/apuntesdesanluis.com\/#\/schema\/person\/b55151d52296fcce64d1a72538a70b90"},"headline":"INS\u00d3LITO: EL PRESIDENTE DEL CONCEJO DELIBERANTE DE LA PUNTA, DE AVANZAR, ROMPI\u00d3 EL BLOQUE","datePublished":"2024-05-29T23:30:36+00:00","dateModified":"2024-05-29T23:39:33+00:00","mainEntityOfPage":{"@id":"https:\/\/apuntesdesanluis.com\/index.php\/2024\/05\/29\/insolito-el-presidente-del-concejo-deliberante-de-la-punta-de-avanzar-rompio-el-bloque\/"},"wordCount":758,"publisher":{"@id":"https:\/\/apuntesdesanluis.com\/#\/schema\/person\/b55151d52296fcce64d1a72538a70b90"},"image":{"@id":"https:\/\/apuntesdesanluis.com\/index.php\/2024\/05\/29\/insolito-el-presidente-del-concejo-deliberante-de-la-punta-de-avanzar-rompio-el-bloque\/#primaryimage"},"thumbnailUrl":"https:\/\/apuntesdesanluis.com\/wp-content\/uploads\/2024\/05\/sesion-del-concejo-deliberante.png","articleSection":["Ciudad\/Provincia"],"inLanguage":"es-AR"},{"@type":"WebPage","@id":"https:\/\/apuntesdesanluis.com\/index.php\/2024\/05\/29\/insolito-el-presidente-del-concejo-deliberante-de-la-punta-de-avanzar-rompio-el-bloque\/","url":"https:\/\/apuntesdesanluis.com\/index.php\/2024\/05\/29\/insolito-el-presidente-del-concejo-deliberante-de-la-punta-de-avanzar-rompio-el-bloque\/","name":"INS\u00d3LITO: EL PRESIDENTE DEL CONCEJO DELIBERANTE DE LA PUNTA, DE AVANZAR, ROMPI\u00d3 EL BLOQUE - Apuntes de San Luis","isPartOf":{"@id":"https:\/\/apuntesdesanluis.com\/#website"},"primaryImageOfPage":{"@id":"https:\/\/apuntesdesanluis.com\/index.php\/2024\/05\/29\/insolito-el-presidente-del-concejo-deliberante-de-la-punta-de-avanzar-rompio-el-bloque\/#primaryimage"},"image":{"@id":"https:\/\/apuntesdesanluis.com\/index.php\/2024\/05\/29\/insolito-el-presidente-del-concejo-deliberante-de-la-punta-de-avanzar-rompio-el-bloque\/#primaryimage"},"thumbnailUrl":"https:\/\/apuntesdesanluis.com\/wp-content\/uploads\/2024\/05\/sesion-del-concejo-deliberante.png","datePublished":"2024-05-29T23:30:36+00:00","dateModified":"2024-05-29T23:39:33+00:00","breadcrumb":{"@id":"https:\/\/apuntesdesanluis.com\/index.php\/2024\/05\/29\/insolito-el-presidente-del-concejo-deliberante-de-la-punta-de-avanzar-rompio-el-bloque\/#breadcrumb"},"inLanguage":"es-AR","potentialAction":[{"@type":"ReadAction","target":["https:\/\/apuntesdesanluis.com\/index.php\/2024\/05\/29\/insolito-el-presidente-del-concejo-deliberante-de-la-punta-de-avanzar-rompio-el-bloque\/"]}]},{"@type":"ImageObject","inLanguage":"es-AR","@id":"https:\/\/apuntesdesanluis.com\/index.php\/2024\/05\/29\/insolito-el-presidente-del-concejo-deliberante-de-la-punta-de-avanzar-rompio-el-bloque\/#primaryimage","url":"https:\/\/apuntesdesanluis.com\/wp-content\/uploads\/2024\/05\/sesion-del-concejo-deliberante.png","contentUrl":"https:\/\/apuntesdesanluis.com\/wp-content\/uploads\/2024\/05\/sesion-del-concejo-deliberante.png","width":600,"height":384},{"@type":"BreadcrumbList","@id":"https:\/\/apuntesdesanluis.com\/index.php\/2024\/05\/29\/insolito-el-presidente-del-concejo-deliberante-de-la-punta-de-avanzar-rompio-el-bloque\/#breadcrumb","itemListElement":[{"@type":"ListItem","position":1,"name":"Inicio","item":"https:\/\/apuntesdesanluis.com\/"},{"@type":"ListItem","position":2,"name":"INS\u00d3LITO: EL PRESIDENTE DEL CONCEJO DELIBERANTE DE LA PUNTA, DE AVANZAR, ROMPI\u00d3 EL BLOQUE"}]},{"@type":"WebSite","@id":"https:\/\/apuntesdesanluis.com\/#website","url":"https:\/\/apuntesdesanluis.com\/","name":"Apuntes de San Luis","description":"","publisher":{"@id":"https:\/\/apuntesdesanluis.com\/#\/schema\/person\/b55151d52296fcce64d1a72538a70b90"},"potentialAction":[{"@type":"SearchAction","target":{"@type":"EntryPoint","urlTemplate":"https:\/\/apuntesdesanluis.com\/?s={search_term_string}"},"query-input":{"@type":"PropertyValueSpecification","valueRequired":true,"valueName":"search_term_string"}}],"inLanguage":"es-AR"},{"@type":["Person","Organization"],"@id":"https:\/\/apuntesdesanluis.com\/#\/schema\/person\/b55151d52296fcce64d1a72538a70b90","name":"apuntesdesanluis.com","image":{"@type":"ImageObject","inLanguage":"es-AR","@id":"https:\/\/apuntesdesanluis.com\/#\/schema\/person\/image\/","url":"https:\/\/apuntesdesanluis.com\/wp-content\/uploads\/2023\/07\/cropped-apuntesdesanluis.png","contentUrl":"https:\/\/apuntesdesanluis.com\/wp-content\/uploads\/2023\/07\/cropped-apuntesdesanluis.png","width":450,"height":112,"caption":"apuntesdesanluis.com"},"logo":{"@id":"https:\/\/apuntesdesanluis.com\/#\/schema\/person\/image\/"},"sameAs":["https:\/\/apuntesdesanluis.com"],"url":"https:\/\/apuntesdesanluis.com\/index.php\/author\/apuntesdesanluis-com\/"}]}},"featured_image_urls":{"full":["https:\/\/apuntesdesanluis.com\/wp-content\/uploads\/2024\/05\/sesion-del-concejo-deliberante.png",600,384,false],"thumbnail":["https:\/\/apuntesdesanluis.com\/wp-content\/uploads\/2024\/05\/sesion-del-concejo-deliberante-150x150.png",150,150,true],"medium":["https:\/\/apuntesdesanluis.com\/wp-content\/uploads\/2024\/05\/sesion-del-concejo-deliberante-300x192.png",300,192,true],"medium_large":["https:\/\/apuntesdesanluis.com\/wp-content\/uploads\/2024\/05\/sesion-del-concejo-deliberante.png",600,384,false],"large":["https:\/\/apuntesdesanluis.com\/wp-content\/uploads\/2024\/05\/sesion-del-concejo-deliberante.png",600,384,false],"1536x1536":["https:\/\/apuntesdesanluis.com\/wp-content\/uploads\/2024\/05\/sesion-del-concejo-deliberante.png",600,384,false],"2048x2048":["https:\/\/apuntesdesanluis.com\/wp-content\/uploads\/2024\/05\/sesion-del-concejo-deliberante.png",600,384,false],"newsever-slider-full":["https:\/\/apuntesdesanluis.com\/wp-content\/uploads\/2024\/05\/sesion-del-concejo-deliberante.png",600,384,false],"newsever-featured":["https:\/\/apuntesdesanluis.com\/wp-content\/uploads\/2024\/05\/sesion-del-concejo-deliberante.png",600,384,false],"newsever-medium":["https:\/\/apuntesdesanluis.com\/wp-content\/uploads\/2024\/05\/sesion-del-concejo-deliberante.png",600,384,false]},"author_info":{"display_name":"apuntesdesanluis.com","author_link":"https:\/\/apuntesdesanluis.com\/index.php\/author\/apuntesdesanluis-com\/"},"category_info":"<a href=\"https:\/\/apuntesdesanluis.com\/index.php\/category\/ciudad-provincia\/\" rel=\"category tag\">Ciudad\/Provincia<\/a>","tag_info":"Ciudad\/Provincia","comment_count":"0","_links":{"self":[{"href":"https:\/\/apuntesdesanluis.com\/index.php\/wp-json\/wp\/v2\/posts\/17059","targetHints":{"allow":["GET"]}}],"collection":[{"href":"https:\/\/apuntesdesanluis.com\/index.php\/wp-json\/wp\/v2\/posts"}],"about":[{"href":"https:\/\/apuntesdesanluis.com\/index.php\/wp-json\/wp\/v2\/types\/post"}],"author":[{"embeddable":true,"href":"https:\/\/apuntesdesanluis.com\/index.php\/wp-json\/wp\/v2\/users\/1"}],"replies":[{"embeddable":true,"href":"https:\/\/apuntesdesanluis.com\/index.php\/wp-json\/wp\/v2\/comments?post=17059"}],"version-history":[{"count":5,"href":"https:\/\/apuntesdesanluis.com\/index.php\/wp-json\/wp\/v2\/posts\/17059\/revisions"}],"predecessor-version":[{"id":17067,"href":"https:\/\/apuntesdesanluis.com\/index.php\/wp-json\/wp\/v2\/posts\/17059\/revisions\/17067"}],"wp:featuredmedia":[{"embeddable":true,"href":"https:\/\/apuntesdesanluis.com\/index.php\/wp-json\/wp\/v2\/media\/17061"}],"wp:attachment":[{"href":"https:\/\/apuntesdesanluis.com\/index.php\/wp-json\/wp\/v2\/media?parent=17059"}],"wp:term":[{"taxonomy":"category","embeddable":true,"href":"https:\/\/apuntesdesanluis.com\/index.php\/wp-json\/wp\/v2\/categories?post=17059"},{"taxonomy":"post_tag","embeddable":true,"href":"https:\/\/apuntesdesanluis.com\/index.php\/wp-json\/wp\/v2\/tags?post=17059"}],"curies":[{"name":"wp","href":"https:\/\/api.w.org\/{rel}","templated":true}]}}