{"id":1706,"date":"2023-08-17T00:14:16","date_gmt":"2023-08-17T03:14:16","guid":{"rendered":"https:\/\/apuntesdesanluis.com\/?p=1706"},"modified":"2023-08-17T00:14:16","modified_gmt":"2023-08-17T03:14:16","slug":"juzgan-a-un-hombre-y-una-mujer-por-lesiones-y-amenazas","status":"publish","type":"post","link":"https:\/\/apuntesdesanluis.com\/index.php\/2023\/08\/17\/juzgan-a-un-hombre-y-una-mujer-por-lesiones-y-amenazas\/","title":{"rendered":"JUZGAN A UN HOMBRE Y UNA MUJER POR LESIONES Y AMENAZAS"},"content":{"rendered":"<h3>El debate comenz\u00f3 este mi\u00e9rcoles y tramita en la Oficina Judicial del Colegio de Jueces de la Segunda Circunscripci\u00f3n Judicial.<\/h3>\n<h3>El tribunal integrado por el Dr. Mauro Germ\u00e1n D`Agata Henriquez y las Dras. Daniela Estrada y Sandra Ehrlich dio inicio al debate donde se juzgar\u00e1 a un hombre y a una mujer por lesiones y amenazas. Asimismo, al hombre se lo juzgar\u00e1 tambi\u00e9n por homicidio en grado de tentativa.<\/h3>\n<h3>En los alegatos de apertura, el Fiscal de Juicio, Dr. Ernesto Lutens relat\u00f3 los hechos por los cuales ser\u00e1n juzgados. Uno de los hechos \u2013donde resulta acusado solamente el hombre- sucedi\u00f3 el 26 de febrero pasado, cuando el imputado le ocasion\u00f3 lesiones en la zona abdominal a una persona con un arma blanca.<\/h3>\n<h3>El otro hecho \u2013donde resultan acusados el hombre y la mujer- sucedi\u00f3 el pasado 2 de abril, cuando los imputados interceptaron a bordo de una motocicleta a una mujer que circulaba tambi\u00e9n en una moto junto a un amigo. Le propinaron amenazas y la imputada habr\u00eda utilizado un cuchillo. Asimismo, el imputado realiz\u00f3 amenazas al d\u00eda siguiente a la mam\u00e1 de la damnificada cuando \u00e9sta se encontraba\u00a0 en el edificio de tribunales dando un testimonio ante el Ministerio P\u00fablico Fiscal.<\/h3>\n<h3>El Dr. Lutens expres\u00f3 que demostrar\u00e1 durante el debate la autor\u00eda y la responsabilidad penal de los imputados. Mencion\u00f3 la prueba.<\/h3>\n<h3>Al hombre se lo acusa del delito de homicidio en grado de tentativa y por lesiones leves calificadas por el v\u00ednculo por mediar una relaci\u00f3n de pareja, amenazas calificadas por el empleo de un arma y amenazas simples (tres hechos en concurso real).<\/h3>\n<h3>Y a la mujer se la juzgar\u00e1 por el delito de lesiones leves calificadas por el v\u00ednculo por mediar una relaci\u00f3n de pareja, amenazas calificadas por el empleo de un arma (dos hechos en concurso real).<\/h3>\n<h3>Por su parte, la defensa de los acusados, Dr. Pascual Celdr\u00e1n se opuso a lo expresado por el fiscal en relaci\u00f3n a los hechos y dijo que se trata de disputas familiares y que tienen como consecuencia una persecuci\u00f3n hacia su defendido debido a los conflictos familiares.<\/h3>\n<h3>El debate continu\u00f3 con la etapa probatoria.<\/h3>\n","protected":false},"excerpt":{"rendered":"<p>El debate comenz\u00f3 este mi\u00e9rcoles y tramita en la Oficina Judicial del Colegio de Jueces&#8230;<\/p>\n","protected":false},"author":1,"featured_media":1707,"comment_status":"closed","ping_status":"closed","sticky":false,"template":"","format":"standard","meta":{"footnotes":""},"categories":[6],"tags":[],"class_list":["post-1706","post","type-post","status-publish","format-standard","has-post-thumbnail","hentry","category-ciudad-provincia"],"yoast_head":"<!-- This site is optimized with the Yoast SEO plugin v26.1.1 - https:\/\/yoast.com\/wordpress\/plugins\/seo\/ -->\n<title>JUZGAN A UN HOMBRE Y UNA MUJER POR LESIONES Y AMENAZAS - Apuntes de San Luis<\/title>\n<meta name=\"robots\" content=\"index, follow, max-snippet:-1, max-image-preview:large, max-video-preview:-1\" \/>\n<link rel=\"canonical\" href=\"https:\/\/apuntesdesanluis.com\/index.php\/2023\/08\/17\/juzgan-a-un-hombre-y-una-mujer-por-lesiones-y-amenazas\/\" \/>\n<meta property=\"og:locale\" content=\"es_ES\" \/>\n<meta property=\"og:type\" content=\"article\" \/>\n<meta property=\"og:title\" content=\"JUZGAN A UN HOMBRE Y UNA MUJER POR LESIONES Y AMENAZAS - Apuntes de San Luis\" \/>\n<meta property=\"og:description\" content=\"El debate comenz\u00f3 este mi\u00e9rcoles y tramita en la Oficina Judicial del Colegio de Jueces...\" \/>\n<meta property=\"og:url\" content=\"https:\/\/apuntesdesanluis.com\/index.php\/2023\/08\/17\/juzgan-a-un-hombre-y-una-mujer-por-lesiones-y-amenazas\/\" \/>\n<meta property=\"og:site_name\" content=\"Apuntes de San Luis\" \/>\n<meta property=\"article:published_time\" content=\"2023-08-17T03:14:16+00:00\" \/>\n<meta property=\"og:image\" content=\"https:\/\/apuntesdesanluis.com\/wp-content\/uploads\/2023\/08\/AUDIENCIA.png\" \/>\n\t<meta property=\"og:image:width\" content=\"867\" \/>\n\t<meta property=\"og:image:height\" content=\"502\" \/>\n\t<meta property=\"og:image:type\" content=\"image\/png\" \/>\n<meta name=\"author\" content=\"apuntesdesanluis.com\" \/>\n<meta name=\"twitter:card\" content=\"summary_large_image\" \/>\n<meta name=\"twitter:label1\" content=\"Escrito por\" \/>\n\t<meta name=\"twitter:data1\" content=\"apuntesdesanluis.com\" \/>\n\t<meta name=\"twitter:label2\" content=\"Tiempo de lectura\" \/>\n\t<meta name=\"twitter:data2\" content=\"2 minutos\" \/>\n<script type=\"application\/ld+json\" class=\"yoast-schema-graph\">{\"@context\":\"https:\/\/schema.org\",\"@graph\":[{\"@type\":\"Article\",\"@id\":\"https:\/\/apuntesdesanluis.com\/index.php\/2023\/08\/17\/juzgan-a-un-hombre-y-una-mujer-por-lesiones-y-amenazas\/#article\",\"isPartOf\":{\"@id\":\"https:\/\/apuntesdesanluis.com\/index.php\/2023\/08\/17\/juzgan-a-un-hombre-y-una-mujer-por-lesiones-y-amenazas\/\"},\"author\":{\"name\":\"apuntesdesanluis.com\",\"@id\":\"https:\/\/apuntesdesanluis.com\/#\/schema\/person\/b55151d52296fcce64d1a72538a70b90\"},\"headline\":\"JUZGAN A UN HOMBRE Y UNA MUJER POR LESIONES Y AMENAZAS\",\"datePublished\":\"2023-08-17T03:14:16+00:00\",\"mainEntityOfPage\":{\"@id\":\"https:\/\/apuntesdesanluis.com\/index.php\/2023\/08\/17\/juzgan-a-un-hombre-y-una-mujer-por-lesiones-y-amenazas\/\"},\"wordCount\":383,\"publisher\":{\"@id\":\"https:\/\/apuntesdesanluis.com\/#\/schema\/person\/b55151d52296fcce64d1a72538a70b90\"},\"image\":{\"@id\":\"https:\/\/apuntesdesanluis.com\/index.php\/2023\/08\/17\/juzgan-a-un-hombre-y-una-mujer-por-lesiones-y-amenazas\/#primaryimage\"},\"thumbnailUrl\":\"https:\/\/apuntesdesanluis.com\/wp-content\/uploads\/2023\/08\/AUDIENCIA.png\",\"articleSection\":[\"Ciudad\/Provincia\"],\"inLanguage\":\"es-AR\"},{\"@type\":\"WebPage\",\"@id\":\"https:\/\/apuntesdesanluis.com\/index.php\/2023\/08\/17\/juzgan-a-un-hombre-y-una-mujer-por-lesiones-y-amenazas\/\",\"url\":\"https:\/\/apuntesdesanluis.com\/index.php\/2023\/08\/17\/juzgan-a-un-hombre-y-una-mujer-por-lesiones-y-amenazas\/\",\"name\":\"JUZGAN A UN HOMBRE Y UNA MUJER POR LESIONES Y AMENAZAS - Apuntes de San Luis\",\"isPartOf\":{\"@id\":\"https:\/\/apuntesdesanluis.com\/#website\"},\"primaryImageOfPage\":{\"@id\":\"https:\/\/apuntesdesanluis.com\/index.php\/2023\/08\/17\/juzgan-a-un-hombre-y-una-mujer-por-lesiones-y-amenazas\/#primaryimage\"},\"image\":{\"@id\":\"https:\/\/apuntesdesanluis.com\/index.php\/2023\/08\/17\/juzgan-a-un-hombre-y-una-mujer-por-lesiones-y-amenazas\/#primaryimage\"},\"thumbnailUrl\":\"https:\/\/apuntesdesanluis.com\/wp-content\/uploads\/2023\/08\/AUDIENCIA.png\",\"datePublished\":\"2023-08-17T03:14:16+00:00\",\"breadcrumb\":{\"@id\":\"https:\/\/apuntesdesanluis.com\/index.php\/2023\/08\/17\/juzgan-a-un-hombre-y-una-mujer-por-lesiones-y-amenazas\/#breadcrumb\"},\"inLanguage\":\"es-AR\",\"potentialAction\":[{\"@type\":\"ReadAction\",\"target\":[\"https:\/\/apuntesdesanluis.com\/index.php\/2023\/08\/17\/juzgan-a-un-hombre-y-una-mujer-por-lesiones-y-amenazas\/\"]}]},{\"@type\":\"ImageObject\",\"inLanguage\":\"es-AR\",\"@id\":\"https:\/\/apuntesdesanluis.com\/index.php\/2023\/08\/17\/juzgan-a-un-hombre-y-una-mujer-por-lesiones-y-amenazas\/#primaryimage\",\"url\":\"https:\/\/apuntesdesanluis.com\/wp-content\/uploads\/2023\/08\/AUDIENCIA.png\",\"contentUrl\":\"https:\/\/apuntesdesanluis.com\/wp-content\/uploads\/2023\/08\/AUDIENCIA.png\",\"width\":867,\"height\":502},{\"@type\":\"BreadcrumbList\",\"@id\":\"https:\/\/apuntesdesanluis.com\/index.php\/2023\/08\/17\/juzgan-a-un-hombre-y-una-mujer-por-lesiones-y-amenazas\/#breadcrumb\",\"itemListElement\":[{\"@type\":\"ListItem\",\"position\":1,\"name\":\"Inicio\",\"item\":\"https:\/\/apuntesdesanluis.com\/\"},{\"@type\":\"ListItem\",\"position\":2,\"name\":\"JUZGAN A UN HOMBRE Y UNA MUJER POR LESIONES Y AMENAZAS\"}]},{\"@type\":\"WebSite\",\"@id\":\"https:\/\/apuntesdesanluis.com\/#website\",\"url\":\"https:\/\/apuntesdesanluis.com\/\",\"name\":\"Apuntes de San Luis\",\"description\":\"\",\"publisher\":{\"@id\":\"https:\/\/apuntesdesanluis.com\/#\/schema\/person\/b55151d52296fcce64d1a72538a70b90\"},\"potentialAction\":[{\"@type\":\"SearchAction\",\"target\":{\"@type\":\"EntryPoint\",\"urlTemplate\":\"https:\/\/apuntesdesanluis.com\/?s={search_term_string}\"},\"query-input\":{\"@type\":\"PropertyValueSpecification\",\"valueRequired\":true,\"valueName\":\"search_term_string\"}}],\"inLanguage\":\"es-AR\"},{\"@type\":[\"Person\",\"Organization\"],\"@id\":\"https:\/\/apuntesdesanluis.com\/#\/schema\/person\/b55151d52296fcce64d1a72538a70b90\",\"name\":\"apuntesdesanluis.com\",\"image\":{\"@type\":\"ImageObject\",\"inLanguage\":\"es-AR\",\"@id\":\"https:\/\/apuntesdesanluis.com\/#\/schema\/person\/image\/\",\"url\":\"https:\/\/apuntesdesanluis.com\/wp-content\/uploads\/2023\/07\/cropped-apuntesdesanluis.png\",\"contentUrl\":\"https:\/\/apuntesdesanluis.com\/wp-content\/uploads\/2023\/07\/cropped-apuntesdesanluis.png\",\"width\":450,\"height\":112,\"caption\":\"apuntesdesanluis.com\"},\"logo\":{\"@id\":\"https:\/\/apuntesdesanluis.com\/#\/schema\/person\/image\/\"},\"sameAs\":[\"https:\/\/apuntesdesanluis.com\"],\"url\":\"https:\/\/apuntesdesanluis.com\/index.php\/author\/apuntesdesanluis-com\/\"}]}<\/script>\n<!-- \/ Yoast SEO plugin. -->","yoast_head_json":{"title":"JUZGAN A UN HOMBRE Y UNA MUJER POR LESIONES Y AMENAZAS - Apuntes de San Luis","robots":{"index":"index","follow":"follow","max-snippet":"max-snippet:-1","max-image-preview":"max-image-preview:large","max-video-preview":"max-video-preview:-1"},"canonical":"https:\/\/apuntesdesanluis.com\/index.php\/2023\/08\/17\/juzgan-a-un-hombre-y-una-mujer-por-lesiones-y-amenazas\/","og_locale":"es_ES","og_type":"article","og_title":"JUZGAN A UN HOMBRE Y UNA MUJER POR LESIONES Y AMENAZAS - Apuntes de San Luis","og_description":"El debate comenz\u00f3 este mi\u00e9rcoles y tramita en la Oficina Judicial del Colegio de Jueces...","og_url":"https:\/\/apuntesdesanluis.com\/index.php\/2023\/08\/17\/juzgan-a-un-hombre-y-una-mujer-por-lesiones-y-amenazas\/","og_site_name":"Apuntes de San Luis","article_published_time":"2023-08-17T03:14:16+00:00","og_image":[{"width":867,"height":502,"url":"https:\/\/apuntesdesanluis.com\/wp-content\/uploads\/2023\/08\/AUDIENCIA.png","type":"image\/png"}],"author":"apuntesdesanluis.com","twitter_card":"summary_large_image","twitter_misc":{"Escrito por":"apuntesdesanluis.com","Tiempo de lectura":"2 minutos"},"schema":{"@context":"https:\/\/schema.org","@graph":[{"@type":"Article","@id":"https:\/\/apuntesdesanluis.com\/index.php\/2023\/08\/17\/juzgan-a-un-hombre-y-una-mujer-por-lesiones-y-amenazas\/#article","isPartOf":{"@id":"https:\/\/apuntesdesanluis.com\/index.php\/2023\/08\/17\/juzgan-a-un-hombre-y-una-mujer-por-lesiones-y-amenazas\/"},"author":{"name":"apuntesdesanluis.com","@id":"https:\/\/apuntesdesanluis.com\/#\/schema\/person\/b55151d52296fcce64d1a72538a70b90"},"headline":"JUZGAN A UN HOMBRE Y UNA MUJER POR LESIONES Y AMENAZAS","datePublished":"2023-08-17T03:14:16+00:00","mainEntityOfPage":{"@id":"https:\/\/apuntesdesanluis.com\/index.php\/2023\/08\/17\/juzgan-a-un-hombre-y-una-mujer-por-lesiones-y-amenazas\/"},"wordCount":383,"publisher":{"@id":"https:\/\/apuntesdesanluis.com\/#\/schema\/person\/b55151d52296fcce64d1a72538a70b90"},"image":{"@id":"https:\/\/apuntesdesanluis.com\/index.php\/2023\/08\/17\/juzgan-a-un-hombre-y-una-mujer-por-lesiones-y-amenazas\/#primaryimage"},"thumbnailUrl":"https:\/\/apuntesdesanluis.com\/wp-content\/uploads\/2023\/08\/AUDIENCIA.png","articleSection":["Ciudad\/Provincia"],"inLanguage":"es-AR"},{"@type":"WebPage","@id":"https:\/\/apuntesdesanluis.com\/index.php\/2023\/08\/17\/juzgan-a-un-hombre-y-una-mujer-por-lesiones-y-amenazas\/","url":"https:\/\/apuntesdesanluis.com\/index.php\/2023\/08\/17\/juzgan-a-un-hombre-y-una-mujer-por-lesiones-y-amenazas\/","name":"JUZGAN A UN HOMBRE Y UNA MUJER POR LESIONES Y AMENAZAS - Apuntes de San Luis","isPartOf":{"@id":"https:\/\/apuntesdesanluis.com\/#website"},"primaryImageOfPage":{"@id":"https:\/\/apuntesdesanluis.com\/index.php\/2023\/08\/17\/juzgan-a-un-hombre-y-una-mujer-por-lesiones-y-amenazas\/#primaryimage"},"image":{"@id":"https:\/\/apuntesdesanluis.com\/index.php\/2023\/08\/17\/juzgan-a-un-hombre-y-una-mujer-por-lesiones-y-amenazas\/#primaryimage"},"thumbnailUrl":"https:\/\/apuntesdesanluis.com\/wp-content\/uploads\/2023\/08\/AUDIENCIA.png","datePublished":"2023-08-17T03:14:16+00:00","breadcrumb":{"@id":"https:\/\/apuntesdesanluis.com\/index.php\/2023\/08\/17\/juzgan-a-un-hombre-y-una-mujer-por-lesiones-y-amenazas\/#breadcrumb"},"inLanguage":"es-AR","potentialAction":[{"@type":"ReadAction","target":["https:\/\/apuntesdesanluis.com\/index.php\/2023\/08\/17\/juzgan-a-un-hombre-y-una-mujer-por-lesiones-y-amenazas\/"]}]},{"@type":"ImageObject","inLanguage":"es-AR","@id":"https:\/\/apuntesdesanluis.com\/index.php\/2023\/08\/17\/juzgan-a-un-hombre-y-una-mujer-por-lesiones-y-amenazas\/#primaryimage","url":"https:\/\/apuntesdesanluis.com\/wp-content\/uploads\/2023\/08\/AUDIENCIA.png","contentUrl":"https:\/\/apuntesdesanluis.com\/wp-content\/uploads\/2023\/08\/AUDIENCIA.png","width":867,"height":502},{"@type":"BreadcrumbList","@id":"https:\/\/apuntesdesanluis.com\/index.php\/2023\/08\/17\/juzgan-a-un-hombre-y-una-mujer-por-lesiones-y-amenazas\/#breadcrumb","itemListElement":[{"@type":"ListItem","position":1,"name":"Inicio","item":"https:\/\/apuntesdesanluis.com\/"},{"@type":"ListItem","position":2,"name":"JUZGAN A UN HOMBRE Y UNA MUJER POR LESIONES Y AMENAZAS"}]},{"@type":"WebSite","@id":"https:\/\/apuntesdesanluis.com\/#website","url":"https:\/\/apuntesdesanluis.com\/","name":"Apuntes de San Luis","description":"","publisher":{"@id":"https:\/\/apuntesdesanluis.com\/#\/schema\/person\/b55151d52296fcce64d1a72538a70b90"},"potentialAction":[{"@type":"SearchAction","target":{"@type":"EntryPoint","urlTemplate":"https:\/\/apuntesdesanluis.com\/?s={search_term_string}"},"query-input":{"@type":"PropertyValueSpecification","valueRequired":true,"valueName":"search_term_string"}}],"inLanguage":"es-AR"},{"@type":["Person","Organization"],"@id":"https:\/\/apuntesdesanluis.com\/#\/schema\/person\/b55151d52296fcce64d1a72538a70b90","name":"apuntesdesanluis.com","image":{"@type":"ImageObject","inLanguage":"es-AR","@id":"https:\/\/apuntesdesanluis.com\/#\/schema\/person\/image\/","url":"https:\/\/apuntesdesanluis.com\/wp-content\/uploads\/2023\/07\/cropped-apuntesdesanluis.png","contentUrl":"https:\/\/apuntesdesanluis.com\/wp-content\/uploads\/2023\/07\/cropped-apuntesdesanluis.png","width":450,"height":112,"caption":"apuntesdesanluis.com"},"logo":{"@id":"https:\/\/apuntesdesanluis.com\/#\/schema\/person\/image\/"},"sameAs":["https:\/\/apuntesdesanluis.com"],"url":"https:\/\/apuntesdesanluis.com\/index.php\/author\/apuntesdesanluis-com\/"}]}},"featured_image_urls":{"full":["https:\/\/apuntesdesanluis.com\/wp-content\/uploads\/2023\/08\/AUDIENCIA.png",867,502,false],"thumbnail":["https:\/\/apuntesdesanluis.com\/wp-content\/uploads\/2023\/08\/AUDIENCIA-150x150.png",150,150,true],"medium":["https:\/\/apuntesdesanluis.com\/wp-content\/uploads\/2023\/08\/AUDIENCIA-300x174.png",300,174,true],"medium_large":["https:\/\/apuntesdesanluis.com\/wp-content\/uploads\/2023\/08\/AUDIENCIA-768x445.png",640,371,true],"large":["https:\/\/apuntesdesanluis.com\/wp-content\/uploads\/2023\/08\/AUDIENCIA.png",640,371,false],"1536x1536":["https:\/\/apuntesdesanluis.com\/wp-content\/uploads\/2023\/08\/AUDIENCIA.png",867,502,false],"2048x2048":["https:\/\/apuntesdesanluis.com\/wp-content\/uploads\/2023\/08\/AUDIENCIA.png",867,502,false],"newsever-slider-full":["https:\/\/apuntesdesanluis.com\/wp-content\/uploads\/2023\/08\/AUDIENCIA.png",867,502,false],"newsever-featured":["https:\/\/apuntesdesanluis.com\/wp-content\/uploads\/2023\/08\/AUDIENCIA.png",867,502,false],"newsever-medium":["https:\/\/apuntesdesanluis.com\/wp-content\/uploads\/2023\/08\/AUDIENCIA-720x475.png",720,475,true]},"author_info":{"display_name":"apuntesdesanluis.com","author_link":"https:\/\/apuntesdesanluis.com\/index.php\/author\/apuntesdesanluis-com\/"},"category_info":"<a href=\"https:\/\/apuntesdesanluis.com\/index.php\/category\/ciudad-provincia\/\" rel=\"category tag\">Ciudad\/Provincia<\/a>","tag_info":"Ciudad\/Provincia","comment_count":"0","_links":{"self":[{"href":"https:\/\/apuntesdesanluis.com\/index.php\/wp-json\/wp\/v2\/posts\/1706","targetHints":{"allow":["GET"]}}],"collection":[{"href":"https:\/\/apuntesdesanluis.com\/index.php\/wp-json\/wp\/v2\/posts"}],"about":[{"href":"https:\/\/apuntesdesanluis.com\/index.php\/wp-json\/wp\/v2\/types\/post"}],"author":[{"embeddable":true,"href":"https:\/\/apuntesdesanluis.com\/index.php\/wp-json\/wp\/v2\/users\/1"}],"replies":[{"embeddable":true,"href":"https:\/\/apuntesdesanluis.com\/index.php\/wp-json\/wp\/v2\/comments?post=1706"}],"version-history":[{"count":1,"href":"https:\/\/apuntesdesanluis.com\/index.php\/wp-json\/wp\/v2\/posts\/1706\/revisions"}],"predecessor-version":[{"id":1708,"href":"https:\/\/apuntesdesanluis.com\/index.php\/wp-json\/wp\/v2\/posts\/1706\/revisions\/1708"}],"wp:featuredmedia":[{"embeddable":true,"href":"https:\/\/apuntesdesanluis.com\/index.php\/wp-json\/wp\/v2\/media\/1707"}],"wp:attachment":[{"href":"https:\/\/apuntesdesanluis.com\/index.php\/wp-json\/wp\/v2\/media?parent=1706"}],"wp:term":[{"taxonomy":"category","embeddable":true,"href":"https:\/\/apuntesdesanluis.com\/index.php\/wp-json\/wp\/v2\/categories?post=1706"},{"taxonomy":"post_tag","embeddable":true,"href":"https:\/\/apuntesdesanluis.com\/index.php\/wp-json\/wp\/v2\/tags?post=1706"}],"curies":[{"name":"wp","href":"https:\/\/api.w.org\/{rel}","templated":true}]}}