{"id":17076,"date":"2024-05-29T22:56:35","date_gmt":"2024-05-30T01:56:35","guid":{"rendered":"https:\/\/apuntesdesanluis.com\/?p=17076"},"modified":"2024-05-29T22:57:00","modified_gmt":"2024-05-30T01:57:00","slug":"asde-renovo-sus-criticas-a-las-escuelas-generativas","status":"publish","type":"post","link":"https:\/\/apuntesdesanluis.com\/index.php\/2024\/05\/29\/asde-renovo-sus-criticas-a-las-escuelas-generativas\/","title":{"rendered":"ASDE RENOV\u00d3 SUS CR\u00cdTICAS A LAS ESCUELAS GENERATIVAS"},"content":{"rendered":"<h3>La <strong>Asociaci\u00f3n Sanluise\u00f1a de Docentes Estatales<\/strong> reclam\u00f3 al gobierno provincial la \u201creconversi\u00f3n de escuelas autogestionadas y generativas en Escuelas P\u00fablicas de Gesti\u00f3n Estatal, el control de t\u00edtulos por parte de las Juntas de Clasificaci\u00f3n Docente y el respeto a la carrera docente\u201d.<\/h3>\n<h3>El comunicado del gremio que representa a los docentes estatales expresa:<\/h3>\n<h3>\u201cASDE naci\u00f3 como una asociaci\u00f3n de docentes de la capital de San Luis que se opon\u00eda a la creaci\u00f3n de Escuelas Autogestionadas y a la fragmentaci\u00f3n del \u00a0\u00a0sistema educativo provincial.<\/h3>\n<h3>Los fundamentos se sostuvieron y mostraron su veracidad a lo largo de 24 a\u00f1os en que se desarrollaron otras variantes escolares con igual l\u00f3gica: Falta de control de t\u00edtulos, \u201cgerenciamiento\u201d de las escuelas por asociaciones civiles, nombramientos \u201ca dedo\u201d, irrespeto a la carrera docente, dependencia partidaria con obligaciones extraescolares ajenas al trabajo \u00e1ulico, falta de estabilidad bajo la modalidad de contrataci\u00f3n o monotributo condicionados al acuerdo de ceder derechos irrenunciables como el binomio madre hijo para las compa\u00f1eras madres y el derecho a la afiliaci\u00f3n sindical y la huelga.<\/h3>\n<h3>El cambio de signo pol\u00edtico en el ejecutivo provincial dej\u00f3 clar\u00edsimo lo antes expuesto, cuando s\u00f3lo por razones partidarias se da de baja a Asociaciones Civiles relacionadas pol\u00edticamente con un gobierno y se las reemplaza por otras de signo contrario. Los cesados deben llevarse con ellos al personal designado, originando la cesant\u00eda de decenas de docentes a quienes no se les renueva el contrato, para dar cabida a otros que con igual arbitrariedad son designados por las nuevas autoridades, convirtiendo a estas escuelas en \u201ckiosquitos\u201d que ofrecen trabajo con total independencia de titulaciones o especificidades.<\/h3>\n<h3>Esta degradaci\u00f3n del sistema educativo deja en total indefensi\u00f3n a las y los docentes que en ellas se desempe\u00f1an, compa\u00f1era\/os que aceptan condiciones antiestatutarias, porque necesitan trabajar y llevar el sustento a sus hogares aunque deban hacerlo bajo el mandato de un sistema perverso que les precariza.<\/h3>\n<h3>Desde ASDE solicitamos al gobierno provincial:<\/h3>\n<h3>\u25aa RECONVERSI\u00d3N de escuelas autogestionadas y generativas en Escuelas P\u00fablicas de Gesti\u00f3n Estatal.<\/h3>\n<h3>\u25aa Control de t\u00edtulos por Juntas de Clasificaci\u00f3n Docente.<\/h3>\n<h3>\u25aa Respeto a la carrera docente.<\/h3>\n<h3>\u25aa Implementaci\u00f3n del Estatuto Docente como marco legal vigente para toda la docencia provincial\u201d.<\/h3>\n<p>&nbsp;<\/p>\n<p>&nbsp;<\/p>\n<p>&nbsp;<\/p>\n","protected":false},"excerpt":{"rendered":"<p>La Asociaci\u00f3n Sanluise\u00f1a de Docentes Estatales reclam\u00f3 al gobierno provincial la \u201creconversi\u00f3n de escuelas autogestionadas&#8230;<\/p>\n","protected":false},"author":1,"featured_media":8529,"comment_status":"closed","ping_status":"closed","sticky":false,"template":"","format":"standard","meta":{"footnotes":""},"categories":[6],"tags":[],"class_list":["post-17076","post","type-post","status-publish","format-standard","has-post-thumbnail","hentry","category-ciudad-provincia"],"yoast_head":"<!-- This site is optimized with the Yoast SEO plugin v26.1.1 - https:\/\/yoast.com\/wordpress\/plugins\/seo\/ -->\n<title>ASDE RENOV\u00d3 SUS CR\u00cdTICAS A LAS ESCUELAS GENERATIVAS - Apuntes de San Luis<\/title>\n<meta name=\"robots\" content=\"index, follow, max-snippet:-1, max-image-preview:large, max-video-preview:-1\" \/>\n<link rel=\"canonical\" href=\"https:\/\/apuntesdesanluis.com\/index.php\/2024\/05\/29\/asde-renovo-sus-criticas-a-las-escuelas-generativas\/\" \/>\n<meta property=\"og:locale\" content=\"es_ES\" \/>\n<meta property=\"og:type\" content=\"article\" \/>\n<meta property=\"og:title\" content=\"ASDE RENOV\u00d3 SUS CR\u00cdTICAS A LAS ESCUELAS GENERATIVAS - Apuntes de San Luis\" \/>\n<meta property=\"og:description\" content=\"La Asociaci\u00f3n Sanluise\u00f1a de Docentes Estatales reclam\u00f3 al gobierno provincial la \u201creconversi\u00f3n de escuelas autogestionadas...\" \/>\n<meta property=\"og:url\" content=\"https:\/\/apuntesdesanluis.com\/index.php\/2024\/05\/29\/asde-renovo-sus-criticas-a-las-escuelas-generativas\/\" \/>\n<meta property=\"og:site_name\" content=\"Apuntes de San Luis\" \/>\n<meta property=\"article:published_time\" content=\"2024-05-30T01:56:35+00:00\" \/>\n<meta property=\"article:modified_time\" content=\"2024-05-30T01:57:00+00:00\" \/>\n<meta property=\"og:image\" content=\"https:\/\/apuntesdesanluis.com\/wp-content\/uploads\/2023\/12\/ASDE.png\" \/>\n\t<meta property=\"og:image:width\" content=\"600\" \/>\n\t<meta property=\"og:image:height\" content=\"382\" \/>\n\t<meta property=\"og:image:type\" content=\"image\/png\" \/>\n<meta name=\"author\" content=\"apuntesdesanluis.com\" \/>\n<meta name=\"twitter:card\" content=\"summary_large_image\" \/>\n<meta name=\"twitter:label1\" content=\"Escrito por\" \/>\n\t<meta name=\"twitter:data1\" content=\"apuntesdesanluis.com\" \/>\n\t<meta name=\"twitter:label2\" content=\"Tiempo de lectura\" \/>\n\t<meta name=\"twitter:data2\" content=\"2 minutos\" \/>\n<script type=\"application\/ld+json\" class=\"yoast-schema-graph\">{\"@context\":\"https:\/\/schema.org\",\"@graph\":[{\"@type\":\"Article\",\"@id\":\"https:\/\/apuntesdesanluis.com\/index.php\/2024\/05\/29\/asde-renovo-sus-criticas-a-las-escuelas-generativas\/#article\",\"isPartOf\":{\"@id\":\"https:\/\/apuntesdesanluis.com\/index.php\/2024\/05\/29\/asde-renovo-sus-criticas-a-las-escuelas-generativas\/\"},\"author\":{\"name\":\"apuntesdesanluis.com\",\"@id\":\"https:\/\/apuntesdesanluis.com\/#\/schema\/person\/b55151d52296fcce64d1a72538a70b90\"},\"headline\":\"ASDE RENOV\u00d3 SUS CR\u00cdTICAS A LAS ESCUELAS GENERATIVAS\",\"datePublished\":\"2024-05-30T01:56:35+00:00\",\"dateModified\":\"2024-05-30T01:57:00+00:00\",\"mainEntityOfPage\":{\"@id\":\"https:\/\/apuntesdesanluis.com\/index.php\/2024\/05\/29\/asde-renovo-sus-criticas-a-las-escuelas-generativas\/\"},\"wordCount\":402,\"publisher\":{\"@id\":\"https:\/\/apuntesdesanluis.com\/#\/schema\/person\/b55151d52296fcce64d1a72538a70b90\"},\"image\":{\"@id\":\"https:\/\/apuntesdesanluis.com\/index.php\/2024\/05\/29\/asde-renovo-sus-criticas-a-las-escuelas-generativas\/#primaryimage\"},\"thumbnailUrl\":\"https:\/\/apuntesdesanluis.com\/wp-content\/uploads\/2023\/12\/ASDE.png\",\"articleSection\":[\"Ciudad\/Provincia\"],\"inLanguage\":\"es-AR\"},{\"@type\":\"WebPage\",\"@id\":\"https:\/\/apuntesdesanluis.com\/index.php\/2024\/05\/29\/asde-renovo-sus-criticas-a-las-escuelas-generativas\/\",\"url\":\"https:\/\/apuntesdesanluis.com\/index.php\/2024\/05\/29\/asde-renovo-sus-criticas-a-las-escuelas-generativas\/\",\"name\":\"ASDE RENOV\u00d3 SUS CR\u00cdTICAS A LAS ESCUELAS GENERATIVAS - Apuntes de San Luis\",\"isPartOf\":{\"@id\":\"https:\/\/apuntesdesanluis.com\/#website\"},\"primaryImageOfPage\":{\"@id\":\"https:\/\/apuntesdesanluis.com\/index.php\/2024\/05\/29\/asde-renovo-sus-criticas-a-las-escuelas-generativas\/#primaryimage\"},\"image\":{\"@id\":\"https:\/\/apuntesdesanluis.com\/index.php\/2024\/05\/29\/asde-renovo-sus-criticas-a-las-escuelas-generativas\/#primaryimage\"},\"thumbnailUrl\":\"https:\/\/apuntesdesanluis.com\/wp-content\/uploads\/2023\/12\/ASDE.png\",\"datePublished\":\"2024-05-30T01:56:35+00:00\",\"dateModified\":\"2024-05-30T01:57:00+00:00\",\"breadcrumb\":{\"@id\":\"https:\/\/apuntesdesanluis.com\/index.php\/2024\/05\/29\/asde-renovo-sus-criticas-a-las-escuelas-generativas\/#breadcrumb\"},\"inLanguage\":\"es-AR\",\"potentialAction\":[{\"@type\":\"ReadAction\",\"target\":[\"https:\/\/apuntesdesanluis.com\/index.php\/2024\/05\/29\/asde-renovo-sus-criticas-a-las-escuelas-generativas\/\"]}]},{\"@type\":\"ImageObject\",\"inLanguage\":\"es-AR\",\"@id\":\"https:\/\/apuntesdesanluis.com\/index.php\/2024\/05\/29\/asde-renovo-sus-criticas-a-las-escuelas-generativas\/#primaryimage\",\"url\":\"https:\/\/apuntesdesanluis.com\/wp-content\/uploads\/2023\/12\/ASDE.png\",\"contentUrl\":\"https:\/\/apuntesdesanluis.com\/wp-content\/uploads\/2023\/12\/ASDE.png\",\"width\":600,\"height\":382},{\"@type\":\"BreadcrumbList\",\"@id\":\"https:\/\/apuntesdesanluis.com\/index.php\/2024\/05\/29\/asde-renovo-sus-criticas-a-las-escuelas-generativas\/#breadcrumb\",\"itemListElement\":[{\"@type\":\"ListItem\",\"position\":1,\"name\":\"Inicio\",\"item\":\"https:\/\/apuntesdesanluis.com\/\"},{\"@type\":\"ListItem\",\"position\":2,\"name\":\"ASDE RENOV\u00d3 SUS CR\u00cdTICAS A LAS ESCUELAS GENERATIVAS\"}]},{\"@type\":\"WebSite\",\"@id\":\"https:\/\/apuntesdesanluis.com\/#website\",\"url\":\"https:\/\/apuntesdesanluis.com\/\",\"name\":\"Apuntes de San Luis\",\"description\":\"\",\"publisher\":{\"@id\":\"https:\/\/apuntesdesanluis.com\/#\/schema\/person\/b55151d52296fcce64d1a72538a70b90\"},\"potentialAction\":[{\"@type\":\"SearchAction\",\"target\":{\"@type\":\"EntryPoint\",\"urlTemplate\":\"https:\/\/apuntesdesanluis.com\/?s={search_term_string}\"},\"query-input\":{\"@type\":\"PropertyValueSpecification\",\"valueRequired\":true,\"valueName\":\"search_term_string\"}}],\"inLanguage\":\"es-AR\"},{\"@type\":[\"Person\",\"Organization\"],\"@id\":\"https:\/\/apuntesdesanluis.com\/#\/schema\/person\/b55151d52296fcce64d1a72538a70b90\",\"name\":\"apuntesdesanluis.com\",\"image\":{\"@type\":\"ImageObject\",\"inLanguage\":\"es-AR\",\"@id\":\"https:\/\/apuntesdesanluis.com\/#\/schema\/person\/image\/\",\"url\":\"https:\/\/apuntesdesanluis.com\/wp-content\/uploads\/2023\/07\/cropped-apuntesdesanluis.png\",\"contentUrl\":\"https:\/\/apuntesdesanluis.com\/wp-content\/uploads\/2023\/07\/cropped-apuntesdesanluis.png\",\"width\":450,\"height\":112,\"caption\":\"apuntesdesanluis.com\"},\"logo\":{\"@id\":\"https:\/\/apuntesdesanluis.com\/#\/schema\/person\/image\/\"},\"sameAs\":[\"https:\/\/apuntesdesanluis.com\"],\"url\":\"https:\/\/apuntesdesanluis.com\/index.php\/author\/apuntesdesanluis-com\/\"}]}<\/script>\n<!-- \/ Yoast SEO plugin. -->","yoast_head_json":{"title":"ASDE RENOV\u00d3 SUS CR\u00cdTICAS A LAS ESCUELAS GENERATIVAS - Apuntes de San Luis","robots":{"index":"index","follow":"follow","max-snippet":"max-snippet:-1","max-image-preview":"max-image-preview:large","max-video-preview":"max-video-preview:-1"},"canonical":"https:\/\/apuntesdesanluis.com\/index.php\/2024\/05\/29\/asde-renovo-sus-criticas-a-las-escuelas-generativas\/","og_locale":"es_ES","og_type":"article","og_title":"ASDE RENOV\u00d3 SUS CR\u00cdTICAS A LAS ESCUELAS GENERATIVAS - Apuntes de San Luis","og_description":"La Asociaci\u00f3n Sanluise\u00f1a de Docentes Estatales reclam\u00f3 al gobierno provincial la \u201creconversi\u00f3n de escuelas autogestionadas...","og_url":"https:\/\/apuntesdesanluis.com\/index.php\/2024\/05\/29\/asde-renovo-sus-criticas-a-las-escuelas-generativas\/","og_site_name":"Apuntes de San Luis","article_published_time":"2024-05-30T01:56:35+00:00","article_modified_time":"2024-05-30T01:57:00+00:00","og_image":[{"width":600,"height":382,"url":"https:\/\/apuntesdesanluis.com\/wp-content\/uploads\/2023\/12\/ASDE.png","type":"image\/png"}],"author":"apuntesdesanluis.com","twitter_card":"summary_large_image","twitter_misc":{"Escrito por":"apuntesdesanluis.com","Tiempo de lectura":"2 minutos"},"schema":{"@context":"https:\/\/schema.org","@graph":[{"@type":"Article","@id":"https:\/\/apuntesdesanluis.com\/index.php\/2024\/05\/29\/asde-renovo-sus-criticas-a-las-escuelas-generativas\/#article","isPartOf":{"@id":"https:\/\/apuntesdesanluis.com\/index.php\/2024\/05\/29\/asde-renovo-sus-criticas-a-las-escuelas-generativas\/"},"author":{"name":"apuntesdesanluis.com","@id":"https:\/\/apuntesdesanluis.com\/#\/schema\/person\/b55151d52296fcce64d1a72538a70b90"},"headline":"ASDE RENOV\u00d3 SUS CR\u00cdTICAS A LAS ESCUELAS GENERATIVAS","datePublished":"2024-05-30T01:56:35+00:00","dateModified":"2024-05-30T01:57:00+00:00","mainEntityOfPage":{"@id":"https:\/\/apuntesdesanluis.com\/index.php\/2024\/05\/29\/asde-renovo-sus-criticas-a-las-escuelas-generativas\/"},"wordCount":402,"publisher":{"@id":"https:\/\/apuntesdesanluis.com\/#\/schema\/person\/b55151d52296fcce64d1a72538a70b90"},"image":{"@id":"https:\/\/apuntesdesanluis.com\/index.php\/2024\/05\/29\/asde-renovo-sus-criticas-a-las-escuelas-generativas\/#primaryimage"},"thumbnailUrl":"https:\/\/apuntesdesanluis.com\/wp-content\/uploads\/2023\/12\/ASDE.png","articleSection":["Ciudad\/Provincia"],"inLanguage":"es-AR"},{"@type":"WebPage","@id":"https:\/\/apuntesdesanluis.com\/index.php\/2024\/05\/29\/asde-renovo-sus-criticas-a-las-escuelas-generativas\/","url":"https:\/\/apuntesdesanluis.com\/index.php\/2024\/05\/29\/asde-renovo-sus-criticas-a-las-escuelas-generativas\/","name":"ASDE RENOV\u00d3 SUS CR\u00cdTICAS A LAS ESCUELAS GENERATIVAS - Apuntes de San Luis","isPartOf":{"@id":"https:\/\/apuntesdesanluis.com\/#website"},"primaryImageOfPage":{"@id":"https:\/\/apuntesdesanluis.com\/index.php\/2024\/05\/29\/asde-renovo-sus-criticas-a-las-escuelas-generativas\/#primaryimage"},"image":{"@id":"https:\/\/apuntesdesanluis.com\/index.php\/2024\/05\/29\/asde-renovo-sus-criticas-a-las-escuelas-generativas\/#primaryimage"},"thumbnailUrl":"https:\/\/apuntesdesanluis.com\/wp-content\/uploads\/2023\/12\/ASDE.png","datePublished":"2024-05-30T01:56:35+00:00","dateModified":"2024-05-30T01:57:00+00:00","breadcrumb":{"@id":"https:\/\/apuntesdesanluis.com\/index.php\/2024\/05\/29\/asde-renovo-sus-criticas-a-las-escuelas-generativas\/#breadcrumb"},"inLanguage":"es-AR","potentialAction":[{"@type":"ReadAction","target":["https:\/\/apuntesdesanluis.com\/index.php\/2024\/05\/29\/asde-renovo-sus-criticas-a-las-escuelas-generativas\/"]}]},{"@type":"ImageObject","inLanguage":"es-AR","@id":"https:\/\/apuntesdesanluis.com\/index.php\/2024\/05\/29\/asde-renovo-sus-criticas-a-las-escuelas-generativas\/#primaryimage","url":"https:\/\/apuntesdesanluis.com\/wp-content\/uploads\/2023\/12\/ASDE.png","contentUrl":"https:\/\/apuntesdesanluis.com\/wp-content\/uploads\/2023\/12\/ASDE.png","width":600,"height":382},{"@type":"BreadcrumbList","@id":"https:\/\/apuntesdesanluis.com\/index.php\/2024\/05\/29\/asde-renovo-sus-criticas-a-las-escuelas-generativas\/#breadcrumb","itemListElement":[{"@type":"ListItem","position":1,"name":"Inicio","item":"https:\/\/apuntesdesanluis.com\/"},{"@type":"ListItem","position":2,"name":"ASDE RENOV\u00d3 SUS CR\u00cdTICAS A LAS ESCUELAS GENERATIVAS"}]},{"@type":"WebSite","@id":"https:\/\/apuntesdesanluis.com\/#website","url":"https:\/\/apuntesdesanluis.com\/","name":"Apuntes de San Luis","description":"","publisher":{"@id":"https:\/\/apuntesdesanluis.com\/#\/schema\/person\/b55151d52296fcce64d1a72538a70b90"},"potentialAction":[{"@type":"SearchAction","target":{"@type":"EntryPoint","urlTemplate":"https:\/\/apuntesdesanluis.com\/?s={search_term_string}"},"query-input":{"@type":"PropertyValueSpecification","valueRequired":true,"valueName":"search_term_string"}}],"inLanguage":"es-AR"},{"@type":["Person","Organization"],"@id":"https:\/\/apuntesdesanluis.com\/#\/schema\/person\/b55151d52296fcce64d1a72538a70b90","name":"apuntesdesanluis.com","image":{"@type":"ImageObject","inLanguage":"es-AR","@id":"https:\/\/apuntesdesanluis.com\/#\/schema\/person\/image\/","url":"https:\/\/apuntesdesanluis.com\/wp-content\/uploads\/2023\/07\/cropped-apuntesdesanluis.png","contentUrl":"https:\/\/apuntesdesanluis.com\/wp-content\/uploads\/2023\/07\/cropped-apuntesdesanluis.png","width":450,"height":112,"caption":"apuntesdesanluis.com"},"logo":{"@id":"https:\/\/apuntesdesanluis.com\/#\/schema\/person\/image\/"},"sameAs":["https:\/\/apuntesdesanluis.com"],"url":"https:\/\/apuntesdesanluis.com\/index.php\/author\/apuntesdesanluis-com\/"}]}},"featured_image_urls":{"full":["https:\/\/apuntesdesanluis.com\/wp-content\/uploads\/2023\/12\/ASDE.png",600,382,false],"thumbnail":["https:\/\/apuntesdesanluis.com\/wp-content\/uploads\/2023\/12\/ASDE-150x150.png",150,150,true],"medium":["https:\/\/apuntesdesanluis.com\/wp-content\/uploads\/2023\/12\/ASDE-300x191.png",300,191,true],"medium_large":["https:\/\/apuntesdesanluis.com\/wp-content\/uploads\/2023\/12\/ASDE.png",600,382,false],"large":["https:\/\/apuntesdesanluis.com\/wp-content\/uploads\/2023\/12\/ASDE.png",600,382,false],"1536x1536":["https:\/\/apuntesdesanluis.com\/wp-content\/uploads\/2023\/12\/ASDE.png",600,382,false],"2048x2048":["https:\/\/apuntesdesanluis.com\/wp-content\/uploads\/2023\/12\/ASDE.png",600,382,false],"newsever-slider-full":["https:\/\/apuntesdesanluis.com\/wp-content\/uploads\/2023\/12\/ASDE.png",600,382,false],"newsever-featured":["https:\/\/apuntesdesanluis.com\/wp-content\/uploads\/2023\/12\/ASDE.png",600,382,false],"newsever-medium":["https:\/\/apuntesdesanluis.com\/wp-content\/uploads\/2023\/12\/ASDE.png",600,382,false]},"author_info":{"display_name":"apuntesdesanluis.com","author_link":"https:\/\/apuntesdesanluis.com\/index.php\/author\/apuntesdesanluis-com\/"},"category_info":"<a href=\"https:\/\/apuntesdesanluis.com\/index.php\/category\/ciudad-provincia\/\" rel=\"category tag\">Ciudad\/Provincia<\/a>","tag_info":"Ciudad\/Provincia","comment_count":"0","_links":{"self":[{"href":"https:\/\/apuntesdesanluis.com\/index.php\/wp-json\/wp\/v2\/posts\/17076","targetHints":{"allow":["GET"]}}],"collection":[{"href":"https:\/\/apuntesdesanluis.com\/index.php\/wp-json\/wp\/v2\/posts"}],"about":[{"href":"https:\/\/apuntesdesanluis.com\/index.php\/wp-json\/wp\/v2\/types\/post"}],"author":[{"embeddable":true,"href":"https:\/\/apuntesdesanluis.com\/index.php\/wp-json\/wp\/v2\/users\/1"}],"replies":[{"embeddable":true,"href":"https:\/\/apuntesdesanluis.com\/index.php\/wp-json\/wp\/v2\/comments?post=17076"}],"version-history":[{"count":2,"href":"https:\/\/apuntesdesanluis.com\/index.php\/wp-json\/wp\/v2\/posts\/17076\/revisions"}],"predecessor-version":[{"id":17078,"href":"https:\/\/apuntesdesanluis.com\/index.php\/wp-json\/wp\/v2\/posts\/17076\/revisions\/17078"}],"wp:featuredmedia":[{"embeddable":true,"href":"https:\/\/apuntesdesanluis.com\/index.php\/wp-json\/wp\/v2\/media\/8529"}],"wp:attachment":[{"href":"https:\/\/apuntesdesanluis.com\/index.php\/wp-json\/wp\/v2\/media?parent=17076"}],"wp:term":[{"taxonomy":"category","embeddable":true,"href":"https:\/\/apuntesdesanluis.com\/index.php\/wp-json\/wp\/v2\/categories?post=17076"},{"taxonomy":"post_tag","embeddable":true,"href":"https:\/\/apuntesdesanluis.com\/index.php\/wp-json\/wp\/v2\/tags?post=17076"}],"curies":[{"name":"wp","href":"https:\/\/api.w.org\/{rel}","templated":true}]}}