{"id":17113,"date":"2024-05-30T12:06:18","date_gmt":"2024-05-30T15:06:18","guid":{"rendered":"https:\/\/apuntesdesanluis.com\/?p=17113"},"modified":"2024-05-30T12:08:08","modified_gmt":"2024-05-30T15:08:08","slug":"poggi-le-pidio-a-vogt-que-abra-las-puertas-de-la-zal-para-atraer-inversiones-y-generar-trabajo","status":"publish","type":"post","link":"https:\/\/apuntesdesanluis.com\/index.php\/2024\/05\/30\/poggi-le-pidio-a-vogt-que-abra-las-puertas-de-la-zal-para-atraer-inversiones-y-generar-trabajo\/","title":{"rendered":"POGGI LE PIDI\u00d3 A VOGT QUE ABRA LAS PUERTAS DE LA ZAL PARA ATRAER INVERSIONES Y GENERAR TRABAJO"},"content":{"rendered":"<h3>Este jueves, en el Sal\u00f3n Blanco de Casa de Gobierno, el gobernador <strong>Claudio Poggi<\/strong> le tom\u00f3 juramento a <strong>Walter Vogt<\/strong> como nuevo titular de la <strong>Secretar\u00eda de Actividades Log\u00edsticas, <\/strong>en reemplazo de <strong>Haroldo Bridger<\/strong>.<\/h3>\n<h3>\u201cTomando decisiones en equipo y con el acompa\u00f1amiento del Gobernador se me har\u00e1 m\u00e1s f\u00e1cil la tarea. Llevar\u00e1 tiempo, pero estoy acostumbrado a trabajar 24 horas al d\u00eda\u201d, dijo el flamante funcionario.<\/h3>\n<h3>\u00a0\u201cGracias a todos por venir a acompa\u00f1arme en este momento muy importante de mi vida, agradecerle al se\u00f1or Gobernador por haberme convocado, esto para m\u00ed es algo muy bueno, voy a abrir las puertas de la Secretar\u00eda, que estuvieron cerradas muchos a\u00f1os. Me ha pedido que empecemos a trabajar en equipo y es lo que yo s\u00e9 hacer porque lo hice siempre en mi actividad privada\u201d, dijo Vogt en el inicio de su discurso.<\/h3>\n<p><img fetchpriority=\"high\" decoding=\"async\" class=\"wp-image-17115 aligncenter\" src=\"https:\/\/apuntesdesanluis.com\/wp-content\/uploads\/2024\/05\/walter-vogt-300x203.png\" alt=\"\" width=\"588\" height=\"398\" srcset=\"https:\/\/apuntesdesanluis.com\/wp-content\/uploads\/2024\/05\/walter-vogt-300x203.png 300w, https:\/\/apuntesdesanluis.com\/wp-content\/uploads\/2024\/05\/walter-vogt.png 600w\" sizes=\"(max-width: 588px) 100vw, 588px\" \/><\/p>\n<h3>Vogt cont\u00f3 que \u00e9l comenz\u00f3 su f\u00e1brica de pastas hace 30 a\u00f1os en Concar\u00e1n y con una \u2018pastalinda\u2019: \u201cFui desarrollando todo con mi familia, as\u00ed que de mi humilde lugar lo voy a acompa\u00f1ar en lo que pueda, generando mano de obra privada\u201d.<\/h3>\n<h3>El Jefe de Estado le dio la bienvenida al gabinete: \u201cLa log\u00edstica tiene que ser una gran oportunidad, un nicho de oportunidad para la provincia, para hacerla m\u00e1s competitiva a partir de la infraestructura de la Zona de Actividades Log\u00edsticas, que tiene que ser un facilitador para que m\u00e1s inversiones lleguen a San Luis y generemos las condiciones para que el sector privado recupere el espacio perdido. Estuvo cerrada durante muchos a\u00f1os la ZAL, as\u00ed que hay que consolidar los puestos de trabajo para que crezca y genere nuevos puestos, es la misi\u00f3n fundamental\u201d.<\/h3>\n<h3>Poggi destac\u00f3 que se trata de una persona que viene del sector privado, \u201ces un empresario, m\u00e1s que empresario, emprendedor, porque hoy tiene una importante empresa de distribuci\u00f3n de productos alimenticios en toda la provincia, una PyME familiar, pero empez\u00f3, como dec\u00eda \u00e9l, vendiendo pastas con una \u2018pastalinda\u2019 en Concar\u00e1n. Aportar\u00e1 toda su experiencia y su conocimiento para lograr que la provincia sea m\u00e1s competitiva y, por ende, que m\u00e1s inversiones se radiquen, incluso que los mismos sanluise\u00f1os inviertan y conf\u00eden en San Luis\u201d.<\/h3>\n<p>&nbsp;<\/p>\n<p>&nbsp;<\/p>\n<p>&nbsp;<\/p>\n<p>&nbsp;<\/p>\n<p>&nbsp;<\/p>\n<p>&nbsp;<\/p>\n","protected":false},"excerpt":{"rendered":"<p>Este jueves, en el Sal\u00f3n Blanco de Casa de Gobierno, el gobernador Claudio Poggi le&#8230;<\/p>\n","protected":false},"author":1,"featured_media":17114,"comment_status":"closed","ping_status":"closed","sticky":false,"template":"","format":"standard","meta":{"footnotes":""},"categories":[6],"tags":[],"class_list":["post-17113","post","type-post","status-publish","format-standard","has-post-thumbnail","hentry","category-ciudad-provincia"],"yoast_head":"<!-- This site is optimized with the Yoast SEO plugin v26.1.1 - https:\/\/yoast.com\/wordpress\/plugins\/seo\/ -->\n<title>POGGI LE PIDI\u00d3 A VOGT QUE ABRA LAS PUERTAS DE LA ZAL PARA ATRAER INVERSIONES Y GENERAR TRABAJO - Apuntes de San Luis<\/title>\n<meta name=\"robots\" content=\"index, follow, max-snippet:-1, max-image-preview:large, max-video-preview:-1\" \/>\n<link rel=\"canonical\" href=\"https:\/\/apuntesdesanluis.com\/index.php\/2024\/05\/30\/poggi-le-pidio-a-vogt-que-abra-las-puertas-de-la-zal-para-atraer-inversiones-y-generar-trabajo\/\" \/>\n<meta property=\"og:locale\" content=\"es_ES\" \/>\n<meta property=\"og:type\" content=\"article\" \/>\n<meta property=\"og:title\" content=\"POGGI LE PIDI\u00d3 A VOGT QUE ABRA LAS PUERTAS DE LA ZAL PARA ATRAER INVERSIONES Y GENERAR TRABAJO - Apuntes de San Luis\" \/>\n<meta property=\"og:description\" content=\"Este jueves, en el Sal\u00f3n Blanco de Casa de Gobierno, el gobernador Claudio Poggi le...\" \/>\n<meta property=\"og:url\" content=\"https:\/\/apuntesdesanluis.com\/index.php\/2024\/05\/30\/poggi-le-pidio-a-vogt-que-abra-las-puertas-de-la-zal-para-atraer-inversiones-y-generar-trabajo\/\" \/>\n<meta property=\"og:site_name\" content=\"Apuntes de San Luis\" \/>\n<meta property=\"article:published_time\" content=\"2024-05-30T15:06:18+00:00\" \/>\n<meta property=\"article:modified_time\" content=\"2024-05-30T15:08:08+00:00\" \/>\n<meta property=\"og:image\" content=\"https:\/\/apuntesdesanluis.com\/wp-content\/uploads\/2024\/05\/vogt.png\" \/>\n\t<meta property=\"og:image:width\" content=\"600\" \/>\n\t<meta property=\"og:image:height\" content=\"388\" \/>\n\t<meta property=\"og:image:type\" content=\"image\/png\" \/>\n<meta name=\"author\" content=\"apuntesdesanluis.com\" \/>\n<meta name=\"twitter:card\" content=\"summary_large_image\" \/>\n<meta name=\"twitter:label1\" content=\"Escrito por\" \/>\n\t<meta name=\"twitter:data1\" content=\"apuntesdesanluis.com\" \/>\n\t<meta name=\"twitter:label2\" content=\"Tiempo de lectura\" \/>\n\t<meta name=\"twitter:data2\" content=\"3 minutos\" \/>\n<script type=\"application\/ld+json\" class=\"yoast-schema-graph\">{\"@context\":\"https:\/\/schema.org\",\"@graph\":[{\"@type\":\"Article\",\"@id\":\"https:\/\/apuntesdesanluis.com\/index.php\/2024\/05\/30\/poggi-le-pidio-a-vogt-que-abra-las-puertas-de-la-zal-para-atraer-inversiones-y-generar-trabajo\/#article\",\"isPartOf\":{\"@id\":\"https:\/\/apuntesdesanluis.com\/index.php\/2024\/05\/30\/poggi-le-pidio-a-vogt-que-abra-las-puertas-de-la-zal-para-atraer-inversiones-y-generar-trabajo\/\"},\"author\":{\"name\":\"apuntesdesanluis.com\",\"@id\":\"https:\/\/apuntesdesanluis.com\/#\/schema\/person\/b55151d52296fcce64d1a72538a70b90\"},\"headline\":\"POGGI LE PIDI\u00d3 A VOGT QUE ABRA LAS PUERTAS DE LA ZAL PARA ATRAER INVERSIONES Y GENERAR TRABAJO\",\"datePublished\":\"2024-05-30T15:06:18+00:00\",\"dateModified\":\"2024-05-30T15:08:08+00:00\",\"mainEntityOfPage\":{\"@id\":\"https:\/\/apuntesdesanluis.com\/index.php\/2024\/05\/30\/poggi-le-pidio-a-vogt-que-abra-las-puertas-de-la-zal-para-atraer-inversiones-y-generar-trabajo\/\"},\"wordCount\":412,\"publisher\":{\"@id\":\"https:\/\/apuntesdesanluis.com\/#\/schema\/person\/b55151d52296fcce64d1a72538a70b90\"},\"image\":{\"@id\":\"https:\/\/apuntesdesanluis.com\/index.php\/2024\/05\/30\/poggi-le-pidio-a-vogt-que-abra-las-puertas-de-la-zal-para-atraer-inversiones-y-generar-trabajo\/#primaryimage\"},\"thumbnailUrl\":\"https:\/\/apuntesdesanluis.com\/wp-content\/uploads\/2024\/05\/vogt.png\",\"articleSection\":[\"Ciudad\/Provincia\"],\"inLanguage\":\"es-AR\"},{\"@type\":\"WebPage\",\"@id\":\"https:\/\/apuntesdesanluis.com\/index.php\/2024\/05\/30\/poggi-le-pidio-a-vogt-que-abra-las-puertas-de-la-zal-para-atraer-inversiones-y-generar-trabajo\/\",\"url\":\"https:\/\/apuntesdesanluis.com\/index.php\/2024\/05\/30\/poggi-le-pidio-a-vogt-que-abra-las-puertas-de-la-zal-para-atraer-inversiones-y-generar-trabajo\/\",\"name\":\"POGGI LE PIDI\u00d3 A VOGT QUE ABRA LAS PUERTAS DE LA ZAL PARA ATRAER INVERSIONES Y GENERAR TRABAJO - Apuntes de San Luis\",\"isPartOf\":{\"@id\":\"https:\/\/apuntesdesanluis.com\/#website\"},\"primaryImageOfPage\":{\"@id\":\"https:\/\/apuntesdesanluis.com\/index.php\/2024\/05\/30\/poggi-le-pidio-a-vogt-que-abra-las-puertas-de-la-zal-para-atraer-inversiones-y-generar-trabajo\/#primaryimage\"},\"image\":{\"@id\":\"https:\/\/apuntesdesanluis.com\/index.php\/2024\/05\/30\/poggi-le-pidio-a-vogt-que-abra-las-puertas-de-la-zal-para-atraer-inversiones-y-generar-trabajo\/#primaryimage\"},\"thumbnailUrl\":\"https:\/\/apuntesdesanluis.com\/wp-content\/uploads\/2024\/05\/vogt.png\",\"datePublished\":\"2024-05-30T15:06:18+00:00\",\"dateModified\":\"2024-05-30T15:08:08+00:00\",\"breadcrumb\":{\"@id\":\"https:\/\/apuntesdesanluis.com\/index.php\/2024\/05\/30\/poggi-le-pidio-a-vogt-que-abra-las-puertas-de-la-zal-para-atraer-inversiones-y-generar-trabajo\/#breadcrumb\"},\"inLanguage\":\"es-AR\",\"potentialAction\":[{\"@type\":\"ReadAction\",\"target\":[\"https:\/\/apuntesdesanluis.com\/index.php\/2024\/05\/30\/poggi-le-pidio-a-vogt-que-abra-las-puertas-de-la-zal-para-atraer-inversiones-y-generar-trabajo\/\"]}]},{\"@type\":\"ImageObject\",\"inLanguage\":\"es-AR\",\"@id\":\"https:\/\/apuntesdesanluis.com\/index.php\/2024\/05\/30\/poggi-le-pidio-a-vogt-que-abra-las-puertas-de-la-zal-para-atraer-inversiones-y-generar-trabajo\/#primaryimage\",\"url\":\"https:\/\/apuntesdesanluis.com\/wp-content\/uploads\/2024\/05\/vogt.png\",\"contentUrl\":\"https:\/\/apuntesdesanluis.com\/wp-content\/uploads\/2024\/05\/vogt.png\",\"width\":600,\"height\":388},{\"@type\":\"BreadcrumbList\",\"@id\":\"https:\/\/apuntesdesanluis.com\/index.php\/2024\/05\/30\/poggi-le-pidio-a-vogt-que-abra-las-puertas-de-la-zal-para-atraer-inversiones-y-generar-trabajo\/#breadcrumb\",\"itemListElement\":[{\"@type\":\"ListItem\",\"position\":1,\"name\":\"Inicio\",\"item\":\"https:\/\/apuntesdesanluis.com\/\"},{\"@type\":\"ListItem\",\"position\":2,\"name\":\"POGGI LE PIDI\u00d3 A VOGT QUE ABRA LAS PUERTAS DE LA ZAL PARA ATRAER INVERSIONES Y GENERAR TRABAJO\"}]},{\"@type\":\"WebSite\",\"@id\":\"https:\/\/apuntesdesanluis.com\/#website\",\"url\":\"https:\/\/apuntesdesanluis.com\/\",\"name\":\"Apuntes de San Luis\",\"description\":\"\",\"publisher\":{\"@id\":\"https:\/\/apuntesdesanluis.com\/#\/schema\/person\/b55151d52296fcce64d1a72538a70b90\"},\"potentialAction\":[{\"@type\":\"SearchAction\",\"target\":{\"@type\":\"EntryPoint\",\"urlTemplate\":\"https:\/\/apuntesdesanluis.com\/?s={search_term_string}\"},\"query-input\":{\"@type\":\"PropertyValueSpecification\",\"valueRequired\":true,\"valueName\":\"search_term_string\"}}],\"inLanguage\":\"es-AR\"},{\"@type\":[\"Person\",\"Organization\"],\"@id\":\"https:\/\/apuntesdesanluis.com\/#\/schema\/person\/b55151d52296fcce64d1a72538a70b90\",\"name\":\"apuntesdesanluis.com\",\"image\":{\"@type\":\"ImageObject\",\"inLanguage\":\"es-AR\",\"@id\":\"https:\/\/apuntesdesanluis.com\/#\/schema\/person\/image\/\",\"url\":\"https:\/\/apuntesdesanluis.com\/wp-content\/uploads\/2023\/07\/cropped-apuntesdesanluis.png\",\"contentUrl\":\"https:\/\/apuntesdesanluis.com\/wp-content\/uploads\/2023\/07\/cropped-apuntesdesanluis.png\",\"width\":450,\"height\":112,\"caption\":\"apuntesdesanluis.com\"},\"logo\":{\"@id\":\"https:\/\/apuntesdesanluis.com\/#\/schema\/person\/image\/\"},\"sameAs\":[\"https:\/\/apuntesdesanluis.com\"],\"url\":\"https:\/\/apuntesdesanluis.com\/index.php\/author\/apuntesdesanluis-com\/\"}]}<\/script>\n<!-- \/ Yoast SEO plugin. -->","yoast_head_json":{"title":"POGGI LE PIDI\u00d3 A VOGT QUE ABRA LAS PUERTAS DE LA ZAL PARA ATRAER INVERSIONES Y GENERAR TRABAJO - Apuntes de San Luis","robots":{"index":"index","follow":"follow","max-snippet":"max-snippet:-1","max-image-preview":"max-image-preview:large","max-video-preview":"max-video-preview:-1"},"canonical":"https:\/\/apuntesdesanluis.com\/index.php\/2024\/05\/30\/poggi-le-pidio-a-vogt-que-abra-las-puertas-de-la-zal-para-atraer-inversiones-y-generar-trabajo\/","og_locale":"es_ES","og_type":"article","og_title":"POGGI LE PIDI\u00d3 A VOGT QUE ABRA LAS PUERTAS DE LA ZAL PARA ATRAER INVERSIONES Y GENERAR TRABAJO - Apuntes de San Luis","og_description":"Este jueves, en el Sal\u00f3n Blanco de Casa de Gobierno, el gobernador Claudio Poggi le...","og_url":"https:\/\/apuntesdesanluis.com\/index.php\/2024\/05\/30\/poggi-le-pidio-a-vogt-que-abra-las-puertas-de-la-zal-para-atraer-inversiones-y-generar-trabajo\/","og_site_name":"Apuntes de San Luis","article_published_time":"2024-05-30T15:06:18+00:00","article_modified_time":"2024-05-30T15:08:08+00:00","og_image":[{"width":600,"height":388,"url":"https:\/\/apuntesdesanluis.com\/wp-content\/uploads\/2024\/05\/vogt.png","type":"image\/png"}],"author":"apuntesdesanluis.com","twitter_card":"summary_large_image","twitter_misc":{"Escrito por":"apuntesdesanluis.com","Tiempo de lectura":"3 minutos"},"schema":{"@context":"https:\/\/schema.org","@graph":[{"@type":"Article","@id":"https:\/\/apuntesdesanluis.com\/index.php\/2024\/05\/30\/poggi-le-pidio-a-vogt-que-abra-las-puertas-de-la-zal-para-atraer-inversiones-y-generar-trabajo\/#article","isPartOf":{"@id":"https:\/\/apuntesdesanluis.com\/index.php\/2024\/05\/30\/poggi-le-pidio-a-vogt-que-abra-las-puertas-de-la-zal-para-atraer-inversiones-y-generar-trabajo\/"},"author":{"name":"apuntesdesanluis.com","@id":"https:\/\/apuntesdesanluis.com\/#\/schema\/person\/b55151d52296fcce64d1a72538a70b90"},"headline":"POGGI LE PIDI\u00d3 A VOGT QUE ABRA LAS PUERTAS DE LA ZAL PARA ATRAER INVERSIONES Y GENERAR TRABAJO","datePublished":"2024-05-30T15:06:18+00:00","dateModified":"2024-05-30T15:08:08+00:00","mainEntityOfPage":{"@id":"https:\/\/apuntesdesanluis.com\/index.php\/2024\/05\/30\/poggi-le-pidio-a-vogt-que-abra-las-puertas-de-la-zal-para-atraer-inversiones-y-generar-trabajo\/"},"wordCount":412,"publisher":{"@id":"https:\/\/apuntesdesanluis.com\/#\/schema\/person\/b55151d52296fcce64d1a72538a70b90"},"image":{"@id":"https:\/\/apuntesdesanluis.com\/index.php\/2024\/05\/30\/poggi-le-pidio-a-vogt-que-abra-las-puertas-de-la-zal-para-atraer-inversiones-y-generar-trabajo\/#primaryimage"},"thumbnailUrl":"https:\/\/apuntesdesanluis.com\/wp-content\/uploads\/2024\/05\/vogt.png","articleSection":["Ciudad\/Provincia"],"inLanguage":"es-AR"},{"@type":"WebPage","@id":"https:\/\/apuntesdesanluis.com\/index.php\/2024\/05\/30\/poggi-le-pidio-a-vogt-que-abra-las-puertas-de-la-zal-para-atraer-inversiones-y-generar-trabajo\/","url":"https:\/\/apuntesdesanluis.com\/index.php\/2024\/05\/30\/poggi-le-pidio-a-vogt-que-abra-las-puertas-de-la-zal-para-atraer-inversiones-y-generar-trabajo\/","name":"POGGI LE PIDI\u00d3 A VOGT QUE ABRA LAS PUERTAS DE LA ZAL PARA ATRAER INVERSIONES Y GENERAR TRABAJO - Apuntes de San Luis","isPartOf":{"@id":"https:\/\/apuntesdesanluis.com\/#website"},"primaryImageOfPage":{"@id":"https:\/\/apuntesdesanluis.com\/index.php\/2024\/05\/30\/poggi-le-pidio-a-vogt-que-abra-las-puertas-de-la-zal-para-atraer-inversiones-y-generar-trabajo\/#primaryimage"},"image":{"@id":"https:\/\/apuntesdesanluis.com\/index.php\/2024\/05\/30\/poggi-le-pidio-a-vogt-que-abra-las-puertas-de-la-zal-para-atraer-inversiones-y-generar-trabajo\/#primaryimage"},"thumbnailUrl":"https:\/\/apuntesdesanluis.com\/wp-content\/uploads\/2024\/05\/vogt.png","datePublished":"2024-05-30T15:06:18+00:00","dateModified":"2024-05-30T15:08:08+00:00","breadcrumb":{"@id":"https:\/\/apuntesdesanluis.com\/index.php\/2024\/05\/30\/poggi-le-pidio-a-vogt-que-abra-las-puertas-de-la-zal-para-atraer-inversiones-y-generar-trabajo\/#breadcrumb"},"inLanguage":"es-AR","potentialAction":[{"@type":"ReadAction","target":["https:\/\/apuntesdesanluis.com\/index.php\/2024\/05\/30\/poggi-le-pidio-a-vogt-que-abra-las-puertas-de-la-zal-para-atraer-inversiones-y-generar-trabajo\/"]}]},{"@type":"ImageObject","inLanguage":"es-AR","@id":"https:\/\/apuntesdesanluis.com\/index.php\/2024\/05\/30\/poggi-le-pidio-a-vogt-que-abra-las-puertas-de-la-zal-para-atraer-inversiones-y-generar-trabajo\/#primaryimage","url":"https:\/\/apuntesdesanluis.com\/wp-content\/uploads\/2024\/05\/vogt.png","contentUrl":"https:\/\/apuntesdesanluis.com\/wp-content\/uploads\/2024\/05\/vogt.png","width":600,"height":388},{"@type":"BreadcrumbList","@id":"https:\/\/apuntesdesanluis.com\/index.php\/2024\/05\/30\/poggi-le-pidio-a-vogt-que-abra-las-puertas-de-la-zal-para-atraer-inversiones-y-generar-trabajo\/#breadcrumb","itemListElement":[{"@type":"ListItem","position":1,"name":"Inicio","item":"https:\/\/apuntesdesanluis.com\/"},{"@type":"ListItem","position":2,"name":"POGGI LE PIDI\u00d3 A VOGT QUE ABRA LAS PUERTAS DE LA ZAL PARA ATRAER INVERSIONES Y GENERAR TRABAJO"}]},{"@type":"WebSite","@id":"https:\/\/apuntesdesanluis.com\/#website","url":"https:\/\/apuntesdesanluis.com\/","name":"Apuntes de San Luis","description":"","publisher":{"@id":"https:\/\/apuntesdesanluis.com\/#\/schema\/person\/b55151d52296fcce64d1a72538a70b90"},"potentialAction":[{"@type":"SearchAction","target":{"@type":"EntryPoint","urlTemplate":"https:\/\/apuntesdesanluis.com\/?s={search_term_string}"},"query-input":{"@type":"PropertyValueSpecification","valueRequired":true,"valueName":"search_term_string"}}],"inLanguage":"es-AR"},{"@type":["Person","Organization"],"@id":"https:\/\/apuntesdesanluis.com\/#\/schema\/person\/b55151d52296fcce64d1a72538a70b90","name":"apuntesdesanluis.com","image":{"@type":"ImageObject","inLanguage":"es-AR","@id":"https:\/\/apuntesdesanluis.com\/#\/schema\/person\/image\/","url":"https:\/\/apuntesdesanluis.com\/wp-content\/uploads\/2023\/07\/cropped-apuntesdesanluis.png","contentUrl":"https:\/\/apuntesdesanluis.com\/wp-content\/uploads\/2023\/07\/cropped-apuntesdesanluis.png","width":450,"height":112,"caption":"apuntesdesanluis.com"},"logo":{"@id":"https:\/\/apuntesdesanluis.com\/#\/schema\/person\/image\/"},"sameAs":["https:\/\/apuntesdesanluis.com"],"url":"https:\/\/apuntesdesanluis.com\/index.php\/author\/apuntesdesanluis-com\/"}]}},"featured_image_urls":{"full":["https:\/\/apuntesdesanluis.com\/wp-content\/uploads\/2024\/05\/vogt.png",600,388,false],"thumbnail":["https:\/\/apuntesdesanluis.com\/wp-content\/uploads\/2024\/05\/vogt-150x150.png",150,150,true],"medium":["https:\/\/apuntesdesanluis.com\/wp-content\/uploads\/2024\/05\/vogt-300x194.png",300,194,true],"medium_large":["https:\/\/apuntesdesanluis.com\/wp-content\/uploads\/2024\/05\/vogt.png",600,388,false],"large":["https:\/\/apuntesdesanluis.com\/wp-content\/uploads\/2024\/05\/vogt.png",600,388,false],"1536x1536":["https:\/\/apuntesdesanluis.com\/wp-content\/uploads\/2024\/05\/vogt.png",600,388,false],"2048x2048":["https:\/\/apuntesdesanluis.com\/wp-content\/uploads\/2024\/05\/vogt.png",600,388,false],"newsever-slider-full":["https:\/\/apuntesdesanluis.com\/wp-content\/uploads\/2024\/05\/vogt.png",600,388,false],"newsever-featured":["https:\/\/apuntesdesanluis.com\/wp-content\/uploads\/2024\/05\/vogt.png",600,388,false],"newsever-medium":["https:\/\/apuntesdesanluis.com\/wp-content\/uploads\/2024\/05\/vogt.png",600,388,false]},"author_info":{"display_name":"apuntesdesanluis.com","author_link":"https:\/\/apuntesdesanluis.com\/index.php\/author\/apuntesdesanluis-com\/"},"category_info":"<a href=\"https:\/\/apuntesdesanluis.com\/index.php\/category\/ciudad-provincia\/\" rel=\"category tag\">Ciudad\/Provincia<\/a>","tag_info":"Ciudad\/Provincia","comment_count":"0","_links":{"self":[{"href":"https:\/\/apuntesdesanluis.com\/index.php\/wp-json\/wp\/v2\/posts\/17113","targetHints":{"allow":["GET"]}}],"collection":[{"href":"https:\/\/apuntesdesanluis.com\/index.php\/wp-json\/wp\/v2\/posts"}],"about":[{"href":"https:\/\/apuntesdesanluis.com\/index.php\/wp-json\/wp\/v2\/types\/post"}],"author":[{"embeddable":true,"href":"https:\/\/apuntesdesanluis.com\/index.php\/wp-json\/wp\/v2\/users\/1"}],"replies":[{"embeddable":true,"href":"https:\/\/apuntesdesanluis.com\/index.php\/wp-json\/wp\/v2\/comments?post=17113"}],"version-history":[{"count":3,"href":"https:\/\/apuntesdesanluis.com\/index.php\/wp-json\/wp\/v2\/posts\/17113\/revisions"}],"predecessor-version":[{"id":17118,"href":"https:\/\/apuntesdesanluis.com\/index.php\/wp-json\/wp\/v2\/posts\/17113\/revisions\/17118"}],"wp:featuredmedia":[{"embeddable":true,"href":"https:\/\/apuntesdesanluis.com\/index.php\/wp-json\/wp\/v2\/media\/17114"}],"wp:attachment":[{"href":"https:\/\/apuntesdesanluis.com\/index.php\/wp-json\/wp\/v2\/media?parent=17113"}],"wp:term":[{"taxonomy":"category","embeddable":true,"href":"https:\/\/apuntesdesanluis.com\/index.php\/wp-json\/wp\/v2\/categories?post=17113"},{"taxonomy":"post_tag","embeddable":true,"href":"https:\/\/apuntesdesanluis.com\/index.php\/wp-json\/wp\/v2\/tags?post=17113"}],"curies":[{"name":"wp","href":"https:\/\/api.w.org\/{rel}","templated":true}]}}