{"id":17128,"date":"2024-05-30T14:09:04","date_gmt":"2024-05-30T17:09:04","guid":{"rendered":"https:\/\/apuntesdesanluis.com\/?p=17128"},"modified":"2024-05-30T14:13:11","modified_gmt":"2024-05-30T17:13:11","slug":"horror-en-mexico-candidato-a-alcalde-fue-asesinado-a-tiros-en-el-cierre-de-campana","status":"publish","type":"post","link":"https:\/\/apuntesdesanluis.com\/index.php\/2024\/05\/30\/horror-en-mexico-candidato-a-alcalde-fue-asesinado-a-tiros-en-el-cierre-de-campana\/","title":{"rendered":"HORROR EN M\u00c9XICO: CANDIDATO A ALCALDE FUE ASESINADO A TIROS EN EL CIERRE DE CAMPA\u00d1A"},"content":{"rendered":"<h3>Se trata de <strong>Alfredo Cabrera<\/strong>, quien se postulaba a la alcald\u00eda del poblado de Coyuca de Ben\u00edtez. El hecho qued\u00f3 registrado en un video.<\/h3>\n<h3>Un candidato a alcalde de un distrito del sudoeste de M\u00e9xico fue asesinado a tiros en el acto de cierre de campa\u00f1a y se sum\u00f3 al largo listado de postulantes que fueron v\u00edctimas de la violencia en el pa\u00eds azteca.<\/h3>\n<h3>Se trata de Jos\u00e9 Alfredo Cabrera Barrientos, candidato de la coalici\u00f3n &#8220;Fuerza y Coraz\u00f3n por Coyuca&#8221; (PRI-PAN-PRD) a la Alcald\u00eda de Coyuca de Ben\u00edtez, en el Estado de Guerrero.<\/h3>\n<h3>El crimen del dirigente pol\u00edtico ocurri\u00f3 el pasado mi\u00e9rcoles en el poblado de Las Lomas.<\/h3>\n<h3>&#8220;Para esclarecer este cobarde crimen y garantizar la no impunidad, he solicitado a la Fiscal\u00eda General del Estado de Guerrero hacer las investigaciones pertinentes para aplicar todo el peso de la ley a \u00e9l o los responsables de este delito&#8221;, expres\u00f3 la gobernadora de Guerrero, Evelyn Salgado Pineda.<\/h3>\n<h3>Uno de los atacantes fue abatido en el lugar de los hechos: adem\u00e1s de la muerte del candidato, otras tres personas resultaron heridas.<\/h3>\n<h3>Seg\u00fan informaron medios locales, Cabrera estaba a punto de subir al escenario para pronunciar su discurso cuando fue atacado: incluso las im\u00e1genes del momento quedaron registradas en videos que se viralizaron en redes sociales.<\/h3>\n<p>&nbsp;<\/p>\n<!--[if lt IE 9]><script>document.createElement('video');<\/script><![endif]-->\n\t<div class=\"wp-playlist wp-video-playlist wp-playlist-light\">\n\t\t<video controls=\"controls\" preload=\"none\" width=\"618\"\n\t\t height=\"1099\"\t><\/video>\n\t<div class=\"wp-playlist-next\"><\/div>\n\t<div class=\"wp-playlist-prev\"><\/div>\n\t<noscript>\n\t<ol>\n\t\t<li><a href='https:\/\/apuntesdesanluis.com\/wp-content\/uploads\/2024\/05\/ASESINATO.mp4'>ASESINATO<\/a><\/li>\t<\/ol>\n\t<\/noscript>\n\t<script type=\"application\/json\" class=\"wp-playlist-script\">{\"type\":\"video\",\"tracklist\":true,\"tracknumbers\":true,\"images\":true,\"artists\":true,\"tracks\":[{\"src\":\"https:\\\/\\\/apuntesdesanluis.com\\\/wp-content\\\/uploads\\\/2024\\\/05\\\/ASESINATO.mp4\",\"type\":\"video\\\/mp4\",\"title\":\"ASESINATO\",\"caption\":\"\",\"description\":\"\",\"meta\":{\"length_formatted\":\"0:52\"},\"dimensions\":{\"original\":{\"width\":360,\"height\":640},\"resized\":{\"width\":618,\"height\":1099}},\"image\":{\"src\":\"https:\\\/\\\/apuntesdesanluis.com\\\/wp-includes\\\/images\\\/media\\\/video.svg\",\"width\":48,\"height\":64},\"thumb\":{\"src\":\"https:\\\/\\\/apuntesdesanluis.com\\\/wp-includes\\\/images\\\/media\\\/video.svg\",\"width\":48,\"height\":64}}]}<\/script>\n<\/div>\n\t\n<p>&nbsp;<\/p>\n<p>&nbsp;<\/p>\n<p>&nbsp;<\/p>\n<p>&nbsp;<\/p>\n<p>&nbsp;<\/p>\n<p>&nbsp;<\/p>\n<h3><\/h3>\n<h3><\/h3>\n","protected":false},"excerpt":{"rendered":"<p>Se trata de Alfredo Cabrera, quien se postulaba a la alcald\u00eda del poblado de Coyuca&#8230;<\/p>\n","protected":false},"author":1,"featured_media":17132,"comment_status":"closed","ping_status":"closed","sticky":false,"template":"","format":"standard","meta":{"footnotes":""},"categories":[5],"tags":[],"class_list":["post-17128","post","type-post","status-publish","format-standard","has-post-thumbnail","hentry","category-nacionales-internacionales"],"yoast_head":"<!-- This site is optimized with the Yoast SEO plugin v26.1.1 - https:\/\/yoast.com\/wordpress\/plugins\/seo\/ -->\n<title>HORROR EN M\u00c9XICO: CANDIDATO A ALCALDE FUE ASESINADO A TIROS EN EL CIERRE DE CAMPA\u00d1A - Apuntes de San Luis<\/title>\n<meta name=\"robots\" content=\"index, follow, max-snippet:-1, max-image-preview:large, max-video-preview:-1\" \/>\n<link rel=\"canonical\" href=\"https:\/\/apuntesdesanluis.com\/index.php\/2024\/05\/30\/horror-en-mexico-candidato-a-alcalde-fue-asesinado-a-tiros-en-el-cierre-de-campana\/\" \/>\n<meta property=\"og:locale\" content=\"es_ES\" \/>\n<meta property=\"og:type\" content=\"article\" \/>\n<meta property=\"og:title\" content=\"HORROR EN M\u00c9XICO: CANDIDATO A ALCALDE FUE ASESINADO A TIROS EN EL CIERRE DE CAMPA\u00d1A - Apuntes de San Luis\" \/>\n<meta property=\"og:description\" content=\"Se trata de Alfredo Cabrera, quien se postulaba a la alcald\u00eda del poblado de Coyuca...\" \/>\n<meta property=\"og:url\" content=\"https:\/\/apuntesdesanluis.com\/index.php\/2024\/05\/30\/horror-en-mexico-candidato-a-alcalde-fue-asesinado-a-tiros-en-el-cierre-de-campana\/\" \/>\n<meta property=\"og:site_name\" content=\"Apuntes de San Luis\" \/>\n<meta property=\"article:published_time\" content=\"2024-05-30T17:09:04+00:00\" \/>\n<meta property=\"article:modified_time\" content=\"2024-05-30T17:13:11+00:00\" \/>\n<meta property=\"og:image\" content=\"https:\/\/apuntesdesanluis.com\/wp-content\/uploads\/2024\/05\/CABRERA.png\" \/>\n\t<meta property=\"og:image:width\" content=\"600\" \/>\n\t<meta property=\"og:image:height\" content=\"357\" \/>\n\t<meta property=\"og:image:type\" content=\"image\/png\" \/>\n<meta name=\"author\" content=\"apuntesdesanluis.com\" \/>\n<meta name=\"twitter:card\" content=\"summary_large_image\" \/>\n<meta name=\"twitter:label1\" content=\"Escrito por\" \/>\n\t<meta name=\"twitter:data1\" content=\"apuntesdesanluis.com\" \/>\n\t<meta name=\"twitter:label2\" content=\"Tiempo de lectura\" \/>\n\t<meta name=\"twitter:data2\" content=\"2 minutos\" \/>\n<script type=\"application\/ld+json\" class=\"yoast-schema-graph\">{\"@context\":\"https:\/\/schema.org\",\"@graph\":[{\"@type\":\"Article\",\"@id\":\"https:\/\/apuntesdesanluis.com\/index.php\/2024\/05\/30\/horror-en-mexico-candidato-a-alcalde-fue-asesinado-a-tiros-en-el-cierre-de-campana\/#article\",\"isPartOf\":{\"@id\":\"https:\/\/apuntesdesanluis.com\/index.php\/2024\/05\/30\/horror-en-mexico-candidato-a-alcalde-fue-asesinado-a-tiros-en-el-cierre-de-campana\/\"},\"author\":{\"name\":\"apuntesdesanluis.com\",\"@id\":\"https:\/\/apuntesdesanluis.com\/#\/schema\/person\/b55151d52296fcce64d1a72538a70b90\"},\"headline\":\"HORROR EN M\u00c9XICO: CANDIDATO A ALCALDE FUE ASESINADO A TIROS EN EL CIERRE DE CAMPA\u00d1A\",\"datePublished\":\"2024-05-30T17:09:04+00:00\",\"dateModified\":\"2024-05-30T17:13:11+00:00\",\"mainEntityOfPage\":{\"@id\":\"https:\/\/apuntesdesanluis.com\/index.php\/2024\/05\/30\/horror-en-mexico-candidato-a-alcalde-fue-asesinado-a-tiros-en-el-cierre-de-campana\/\"},\"wordCount\":257,\"publisher\":{\"@id\":\"https:\/\/apuntesdesanluis.com\/#\/schema\/person\/b55151d52296fcce64d1a72538a70b90\"},\"image\":{\"@id\":\"https:\/\/apuntesdesanluis.com\/index.php\/2024\/05\/30\/horror-en-mexico-candidato-a-alcalde-fue-asesinado-a-tiros-en-el-cierre-de-campana\/#primaryimage\"},\"thumbnailUrl\":\"https:\/\/apuntesdesanluis.com\/wp-content\/uploads\/2024\/05\/CABRERA.png\",\"articleSection\":[\"Nacionales\/Internacionales\"],\"inLanguage\":\"es-AR\"},{\"@type\":\"WebPage\",\"@id\":\"https:\/\/apuntesdesanluis.com\/index.php\/2024\/05\/30\/horror-en-mexico-candidato-a-alcalde-fue-asesinado-a-tiros-en-el-cierre-de-campana\/\",\"url\":\"https:\/\/apuntesdesanluis.com\/index.php\/2024\/05\/30\/horror-en-mexico-candidato-a-alcalde-fue-asesinado-a-tiros-en-el-cierre-de-campana\/\",\"name\":\"HORROR EN M\u00c9XICO: CANDIDATO A ALCALDE FUE ASESINADO A TIROS EN EL CIERRE DE CAMPA\u00d1A - Apuntes de San Luis\",\"isPartOf\":{\"@id\":\"https:\/\/apuntesdesanluis.com\/#website\"},\"primaryImageOfPage\":{\"@id\":\"https:\/\/apuntesdesanluis.com\/index.php\/2024\/05\/30\/horror-en-mexico-candidato-a-alcalde-fue-asesinado-a-tiros-en-el-cierre-de-campana\/#primaryimage\"},\"image\":{\"@id\":\"https:\/\/apuntesdesanluis.com\/index.php\/2024\/05\/30\/horror-en-mexico-candidato-a-alcalde-fue-asesinado-a-tiros-en-el-cierre-de-campana\/#primaryimage\"},\"thumbnailUrl\":\"https:\/\/apuntesdesanluis.com\/wp-content\/uploads\/2024\/05\/CABRERA.png\",\"datePublished\":\"2024-05-30T17:09:04+00:00\",\"dateModified\":\"2024-05-30T17:13:11+00:00\",\"breadcrumb\":{\"@id\":\"https:\/\/apuntesdesanluis.com\/index.php\/2024\/05\/30\/horror-en-mexico-candidato-a-alcalde-fue-asesinado-a-tiros-en-el-cierre-de-campana\/#breadcrumb\"},\"inLanguage\":\"es-AR\",\"potentialAction\":[{\"@type\":\"ReadAction\",\"target\":[\"https:\/\/apuntesdesanluis.com\/index.php\/2024\/05\/30\/horror-en-mexico-candidato-a-alcalde-fue-asesinado-a-tiros-en-el-cierre-de-campana\/\"]}]},{\"@type\":\"ImageObject\",\"inLanguage\":\"es-AR\",\"@id\":\"https:\/\/apuntesdesanluis.com\/index.php\/2024\/05\/30\/horror-en-mexico-candidato-a-alcalde-fue-asesinado-a-tiros-en-el-cierre-de-campana\/#primaryimage\",\"url\":\"https:\/\/apuntesdesanluis.com\/wp-content\/uploads\/2024\/05\/CABRERA.png\",\"contentUrl\":\"https:\/\/apuntesdesanluis.com\/wp-content\/uploads\/2024\/05\/CABRERA.png\",\"width\":600,\"height\":357},{\"@type\":\"BreadcrumbList\",\"@id\":\"https:\/\/apuntesdesanluis.com\/index.php\/2024\/05\/30\/horror-en-mexico-candidato-a-alcalde-fue-asesinado-a-tiros-en-el-cierre-de-campana\/#breadcrumb\",\"itemListElement\":[{\"@type\":\"ListItem\",\"position\":1,\"name\":\"Inicio\",\"item\":\"https:\/\/apuntesdesanluis.com\/\"},{\"@type\":\"ListItem\",\"position\":2,\"name\":\"HORROR EN M\u00c9XICO: CANDIDATO A ALCALDE FUE ASESINADO A TIROS EN EL CIERRE DE CAMPA\u00d1A\"}]},{\"@type\":\"WebSite\",\"@id\":\"https:\/\/apuntesdesanluis.com\/#website\",\"url\":\"https:\/\/apuntesdesanluis.com\/\",\"name\":\"Apuntes de San Luis\",\"description\":\"\",\"publisher\":{\"@id\":\"https:\/\/apuntesdesanluis.com\/#\/schema\/person\/b55151d52296fcce64d1a72538a70b90\"},\"potentialAction\":[{\"@type\":\"SearchAction\",\"target\":{\"@type\":\"EntryPoint\",\"urlTemplate\":\"https:\/\/apuntesdesanluis.com\/?s={search_term_string}\"},\"query-input\":{\"@type\":\"PropertyValueSpecification\",\"valueRequired\":true,\"valueName\":\"search_term_string\"}}],\"inLanguage\":\"es-AR\"},{\"@type\":[\"Person\",\"Organization\"],\"@id\":\"https:\/\/apuntesdesanluis.com\/#\/schema\/person\/b55151d52296fcce64d1a72538a70b90\",\"name\":\"apuntesdesanluis.com\",\"image\":{\"@type\":\"ImageObject\",\"inLanguage\":\"es-AR\",\"@id\":\"https:\/\/apuntesdesanluis.com\/#\/schema\/person\/image\/\",\"url\":\"https:\/\/apuntesdesanluis.com\/wp-content\/uploads\/2023\/07\/cropped-apuntesdesanluis.png\",\"contentUrl\":\"https:\/\/apuntesdesanluis.com\/wp-content\/uploads\/2023\/07\/cropped-apuntesdesanluis.png\",\"width\":450,\"height\":112,\"caption\":\"apuntesdesanluis.com\"},\"logo\":{\"@id\":\"https:\/\/apuntesdesanluis.com\/#\/schema\/person\/image\/\"},\"sameAs\":[\"https:\/\/apuntesdesanluis.com\"],\"url\":\"https:\/\/apuntesdesanluis.com\/index.php\/author\/apuntesdesanluis-com\/\"}]}<\/script>\n<!-- \/ Yoast SEO plugin. -->","yoast_head_json":{"title":"HORROR EN M\u00c9XICO: CANDIDATO A ALCALDE FUE ASESINADO A TIROS EN EL CIERRE DE CAMPA\u00d1A - Apuntes de San Luis","robots":{"index":"index","follow":"follow","max-snippet":"max-snippet:-1","max-image-preview":"max-image-preview:large","max-video-preview":"max-video-preview:-1"},"canonical":"https:\/\/apuntesdesanluis.com\/index.php\/2024\/05\/30\/horror-en-mexico-candidato-a-alcalde-fue-asesinado-a-tiros-en-el-cierre-de-campana\/","og_locale":"es_ES","og_type":"article","og_title":"HORROR EN M\u00c9XICO: CANDIDATO A ALCALDE FUE ASESINADO A TIROS EN EL CIERRE DE CAMPA\u00d1A - Apuntes de San Luis","og_description":"Se trata de Alfredo Cabrera, quien se postulaba a la alcald\u00eda del poblado de Coyuca...","og_url":"https:\/\/apuntesdesanluis.com\/index.php\/2024\/05\/30\/horror-en-mexico-candidato-a-alcalde-fue-asesinado-a-tiros-en-el-cierre-de-campana\/","og_site_name":"Apuntes de San Luis","article_published_time":"2024-05-30T17:09:04+00:00","article_modified_time":"2024-05-30T17:13:11+00:00","og_image":[{"width":600,"height":357,"url":"https:\/\/apuntesdesanluis.com\/wp-content\/uploads\/2024\/05\/CABRERA.png","type":"image\/png"}],"author":"apuntesdesanluis.com","twitter_card":"summary_large_image","twitter_misc":{"Escrito por":"apuntesdesanluis.com","Tiempo de lectura":"2 minutos"},"schema":{"@context":"https:\/\/schema.org","@graph":[{"@type":"Article","@id":"https:\/\/apuntesdesanluis.com\/index.php\/2024\/05\/30\/horror-en-mexico-candidato-a-alcalde-fue-asesinado-a-tiros-en-el-cierre-de-campana\/#article","isPartOf":{"@id":"https:\/\/apuntesdesanluis.com\/index.php\/2024\/05\/30\/horror-en-mexico-candidato-a-alcalde-fue-asesinado-a-tiros-en-el-cierre-de-campana\/"},"author":{"name":"apuntesdesanluis.com","@id":"https:\/\/apuntesdesanluis.com\/#\/schema\/person\/b55151d52296fcce64d1a72538a70b90"},"headline":"HORROR EN M\u00c9XICO: CANDIDATO A ALCALDE FUE ASESINADO A TIROS EN EL CIERRE DE CAMPA\u00d1A","datePublished":"2024-05-30T17:09:04+00:00","dateModified":"2024-05-30T17:13:11+00:00","mainEntityOfPage":{"@id":"https:\/\/apuntesdesanluis.com\/index.php\/2024\/05\/30\/horror-en-mexico-candidato-a-alcalde-fue-asesinado-a-tiros-en-el-cierre-de-campana\/"},"wordCount":257,"publisher":{"@id":"https:\/\/apuntesdesanluis.com\/#\/schema\/person\/b55151d52296fcce64d1a72538a70b90"},"image":{"@id":"https:\/\/apuntesdesanluis.com\/index.php\/2024\/05\/30\/horror-en-mexico-candidato-a-alcalde-fue-asesinado-a-tiros-en-el-cierre-de-campana\/#primaryimage"},"thumbnailUrl":"https:\/\/apuntesdesanluis.com\/wp-content\/uploads\/2024\/05\/CABRERA.png","articleSection":["Nacionales\/Internacionales"],"inLanguage":"es-AR"},{"@type":"WebPage","@id":"https:\/\/apuntesdesanluis.com\/index.php\/2024\/05\/30\/horror-en-mexico-candidato-a-alcalde-fue-asesinado-a-tiros-en-el-cierre-de-campana\/","url":"https:\/\/apuntesdesanluis.com\/index.php\/2024\/05\/30\/horror-en-mexico-candidato-a-alcalde-fue-asesinado-a-tiros-en-el-cierre-de-campana\/","name":"HORROR EN M\u00c9XICO: CANDIDATO A ALCALDE FUE ASESINADO A TIROS EN EL CIERRE DE CAMPA\u00d1A - Apuntes de San Luis","isPartOf":{"@id":"https:\/\/apuntesdesanluis.com\/#website"},"primaryImageOfPage":{"@id":"https:\/\/apuntesdesanluis.com\/index.php\/2024\/05\/30\/horror-en-mexico-candidato-a-alcalde-fue-asesinado-a-tiros-en-el-cierre-de-campana\/#primaryimage"},"image":{"@id":"https:\/\/apuntesdesanluis.com\/index.php\/2024\/05\/30\/horror-en-mexico-candidato-a-alcalde-fue-asesinado-a-tiros-en-el-cierre-de-campana\/#primaryimage"},"thumbnailUrl":"https:\/\/apuntesdesanluis.com\/wp-content\/uploads\/2024\/05\/CABRERA.png","datePublished":"2024-05-30T17:09:04+00:00","dateModified":"2024-05-30T17:13:11+00:00","breadcrumb":{"@id":"https:\/\/apuntesdesanluis.com\/index.php\/2024\/05\/30\/horror-en-mexico-candidato-a-alcalde-fue-asesinado-a-tiros-en-el-cierre-de-campana\/#breadcrumb"},"inLanguage":"es-AR","potentialAction":[{"@type":"ReadAction","target":["https:\/\/apuntesdesanluis.com\/index.php\/2024\/05\/30\/horror-en-mexico-candidato-a-alcalde-fue-asesinado-a-tiros-en-el-cierre-de-campana\/"]}]},{"@type":"ImageObject","inLanguage":"es-AR","@id":"https:\/\/apuntesdesanluis.com\/index.php\/2024\/05\/30\/horror-en-mexico-candidato-a-alcalde-fue-asesinado-a-tiros-en-el-cierre-de-campana\/#primaryimage","url":"https:\/\/apuntesdesanluis.com\/wp-content\/uploads\/2024\/05\/CABRERA.png","contentUrl":"https:\/\/apuntesdesanluis.com\/wp-content\/uploads\/2024\/05\/CABRERA.png","width":600,"height":357},{"@type":"BreadcrumbList","@id":"https:\/\/apuntesdesanluis.com\/index.php\/2024\/05\/30\/horror-en-mexico-candidato-a-alcalde-fue-asesinado-a-tiros-en-el-cierre-de-campana\/#breadcrumb","itemListElement":[{"@type":"ListItem","position":1,"name":"Inicio","item":"https:\/\/apuntesdesanluis.com\/"},{"@type":"ListItem","position":2,"name":"HORROR EN M\u00c9XICO: CANDIDATO A ALCALDE FUE ASESINADO A TIROS EN EL CIERRE DE CAMPA\u00d1A"}]},{"@type":"WebSite","@id":"https:\/\/apuntesdesanluis.com\/#website","url":"https:\/\/apuntesdesanluis.com\/","name":"Apuntes de San Luis","description":"","publisher":{"@id":"https:\/\/apuntesdesanluis.com\/#\/schema\/person\/b55151d52296fcce64d1a72538a70b90"},"potentialAction":[{"@type":"SearchAction","target":{"@type":"EntryPoint","urlTemplate":"https:\/\/apuntesdesanluis.com\/?s={search_term_string}"},"query-input":{"@type":"PropertyValueSpecification","valueRequired":true,"valueName":"search_term_string"}}],"inLanguage":"es-AR"},{"@type":["Person","Organization"],"@id":"https:\/\/apuntesdesanluis.com\/#\/schema\/person\/b55151d52296fcce64d1a72538a70b90","name":"apuntesdesanluis.com","image":{"@type":"ImageObject","inLanguage":"es-AR","@id":"https:\/\/apuntesdesanluis.com\/#\/schema\/person\/image\/","url":"https:\/\/apuntesdesanluis.com\/wp-content\/uploads\/2023\/07\/cropped-apuntesdesanluis.png","contentUrl":"https:\/\/apuntesdesanluis.com\/wp-content\/uploads\/2023\/07\/cropped-apuntesdesanluis.png","width":450,"height":112,"caption":"apuntesdesanluis.com"},"logo":{"@id":"https:\/\/apuntesdesanluis.com\/#\/schema\/person\/image\/"},"sameAs":["https:\/\/apuntesdesanluis.com"],"url":"https:\/\/apuntesdesanluis.com\/index.php\/author\/apuntesdesanluis-com\/"}]}},"featured_image_urls":{"full":["https:\/\/apuntesdesanluis.com\/wp-content\/uploads\/2024\/05\/CABRERA.png",600,357,false],"thumbnail":["https:\/\/apuntesdesanluis.com\/wp-content\/uploads\/2024\/05\/CABRERA-150x150.png",150,150,true],"medium":["https:\/\/apuntesdesanluis.com\/wp-content\/uploads\/2024\/05\/CABRERA-300x179.png",300,179,true],"medium_large":["https:\/\/apuntesdesanluis.com\/wp-content\/uploads\/2024\/05\/CABRERA.png",600,357,false],"large":["https:\/\/apuntesdesanluis.com\/wp-content\/uploads\/2024\/05\/CABRERA.png",600,357,false],"1536x1536":["https:\/\/apuntesdesanluis.com\/wp-content\/uploads\/2024\/05\/CABRERA.png",600,357,false],"2048x2048":["https:\/\/apuntesdesanluis.com\/wp-content\/uploads\/2024\/05\/CABRERA.png",600,357,false],"newsever-slider-full":["https:\/\/apuntesdesanluis.com\/wp-content\/uploads\/2024\/05\/CABRERA.png",600,357,false],"newsever-featured":["https:\/\/apuntesdesanluis.com\/wp-content\/uploads\/2024\/05\/CABRERA.png",600,357,false],"newsever-medium":["https:\/\/apuntesdesanluis.com\/wp-content\/uploads\/2024\/05\/CABRERA.png",600,357,false]},"author_info":{"display_name":"apuntesdesanluis.com","author_link":"https:\/\/apuntesdesanluis.com\/index.php\/author\/apuntesdesanluis-com\/"},"category_info":"<a href=\"https:\/\/apuntesdesanluis.com\/index.php\/category\/nacionales-internacionales\/\" rel=\"category tag\">Nacionales\/Internacionales<\/a>","tag_info":"Nacionales\/Internacionales","comment_count":"0","_links":{"self":[{"href":"https:\/\/apuntesdesanluis.com\/index.php\/wp-json\/wp\/v2\/posts\/17128","targetHints":{"allow":["GET"]}}],"collection":[{"href":"https:\/\/apuntesdesanluis.com\/index.php\/wp-json\/wp\/v2\/posts"}],"about":[{"href":"https:\/\/apuntesdesanluis.com\/index.php\/wp-json\/wp\/v2\/types\/post"}],"author":[{"embeddable":true,"href":"https:\/\/apuntesdesanluis.com\/index.php\/wp-json\/wp\/v2\/users\/1"}],"replies":[{"embeddable":true,"href":"https:\/\/apuntesdesanluis.com\/index.php\/wp-json\/wp\/v2\/comments?post=17128"}],"version-history":[{"count":1,"href":"https:\/\/apuntesdesanluis.com\/index.php\/wp-json\/wp\/v2\/posts\/17128\/revisions"}],"predecessor-version":[{"id":17130,"href":"https:\/\/apuntesdesanluis.com\/index.php\/wp-json\/wp\/v2\/posts\/17128\/revisions\/17130"}],"wp:featuredmedia":[{"embeddable":true,"href":"https:\/\/apuntesdesanluis.com\/index.php\/wp-json\/wp\/v2\/media\/17132"}],"wp:attachment":[{"href":"https:\/\/apuntesdesanluis.com\/index.php\/wp-json\/wp\/v2\/media?parent=17128"}],"wp:term":[{"taxonomy":"category","embeddable":true,"href":"https:\/\/apuntesdesanluis.com\/index.php\/wp-json\/wp\/v2\/categories?post=17128"},{"taxonomy":"post_tag","embeddable":true,"href":"https:\/\/apuntesdesanluis.com\/index.php\/wp-json\/wp\/v2\/tags?post=17128"}],"curies":[{"name":"wp","href":"https:\/\/api.w.org\/{rel}","templated":true}]}}