{"id":17133,"date":"2024-05-30T20:18:56","date_gmt":"2024-05-30T23:18:56","guid":{"rendered":"https:\/\/apuntesdesanluis.com\/?p=17133"},"modified":"2024-05-30T20:18:56","modified_gmt":"2024-05-30T23:18:56","slug":"los-policias-retirados-que-conduciran-los-patrulleros-se-reincorporaron-oficialmente","status":"publish","type":"post","link":"https:\/\/apuntesdesanluis.com\/index.php\/2024\/05\/30\/los-policias-retirados-que-conduciran-los-patrulleros-se-reincorporaron-oficialmente\/","title":{"rendered":"LOS POLIC\u00cdAS RETIRADOS QUE CONDUCIR\u00c1N LOS PATRULLEROS SE REINCORPORARON OFICIALMENTE"},"content":{"rendered":"<h3>Fue en un acto en el Sal\u00f3n Blanco, presidido por el gobernador <strong>Claudio Poggi.<\/strong> \u201cBienvenidos a trabajar por la provincia de San Luis nuevamente. Muchas gracias\u201d, les dijo el primer mandatario.<\/h3>\n<h3>En el Sal\u00f3n Blanco de Casa de Gobierno, los 77 agentes, que cuentan con una vasta experiencia, firmaron sus contratos de reincorporaci\u00f3n en un acto que presidi\u00f3 el gobernador, Claudio Poggi.<\/h3>\n<h3>\u201cHoy San Luis los necesita nuevamente, por eso esta convocatoria. Necesita de su mirada desde afuera, necesita de su experiencia, de su conocimiento, de su trayectoria, para volcarlo a la pol\u00edtica de seguridad en un momento en donde uno de los principales desaf\u00edos que tenemos es luchar contra la inseguridad y el narcotr\u00e1fico\u201d, les dijo el Primer Mandatario.<\/h3>\n<p><iframe title=\"Claudio Poggi, gobernador de San Luis - Discurso acto Ministerio Seguridad\" width=\"640\" height=\"360\" src=\"https:\/\/www.youtube.com\/embed\/e1C3YWpy7XQ?feature=oembed\" frameborder=\"0\" allow=\"accelerometer; autoplay; clipboard-write; encrypted-media; gyroscope; picture-in-picture; web-share\" referrerpolicy=\"strict-origin-when-cross-origin\" allowfullscreen><\/iframe><\/p>\n<h3>La ministra de Seguridad, <strong>Nancy Sosa<\/strong>, dijo que la convocatoria \u201ctiene que ver con los cuatro ejes que impulsa el Gobierno de la provincia: reconstruir el tejido social, promover el empleo privado, fortalecer la institucionalidad y sobre todo luchar contra la inseguridad y el narcotr\u00e1fico. En ese camino, con esa visi\u00f3n, se ha dise\u00f1ado un Plan Estrat\u00e9gico de Seguridad y hoy, con ustedes aqu\u00ed, habiendo respondido a la convocatoria, todos los pasos, la selecci\u00f3n, estamos dando inicio a esta primera etapa. Es una primera etapa que est\u00e1 constituida con un esfuerzo enorme del pueblo de San Luis, que paga sus impuestos, y con la decisi\u00f3n pol\u00edtica de realizar la compra de patrulleros\u201d.<\/h3>\n<p><img fetchpriority=\"high\" decoding=\"async\" class=\"wp-image-17135 aligncenter\" src=\"https:\/\/apuntesdesanluis.com\/wp-content\/uploads\/2024\/05\/firmas-300x148.png\" alt=\"\" width=\"628\" height=\"310\" srcset=\"https:\/\/apuntesdesanluis.com\/wp-content\/uploads\/2024\/05\/firmas-300x148.png 300w, https:\/\/apuntesdesanluis.com\/wp-content\/uploads\/2024\/05\/firmas.png 600w\" sizes=\"(max-width: 628px) 100vw, 628px\" \/><\/p>\n<h3>Y es que, seg\u00fan anunci\u00f3 la Ministro y luego el propio Gobernador, habr\u00e1 una nueva convocatoria para otros 150 efectivos retirados que quieran sumarse al plan, \u201cuna segunda convocatoria para que nos ayuden con otra tarea tambi\u00e9n\u201d. Adem\u00e1s, Sosa tambi\u00e9n detall\u00f3 que el Ejecutivo ya est\u00e1 en tratativas con ANSES para la correcta liquidaci\u00f3n de los sueldos de los retirados, que han sufrido atrasos por negligencia de la gesti\u00f3n anterior, y que tambi\u00e9n ser\u00e1n alcanzados por el aumento del 15% que Poggi anunci\u00f3 para el sector estatal.<\/h3>\n<p>&nbsp;<\/p>\n<p>&nbsp;<\/p>\n<p>&nbsp;<\/p>\n<p>&nbsp;<\/p>\n<p>&nbsp;<\/p>\n<p>&nbsp;<\/p>\n<p>&nbsp;<\/p>\n<p>&nbsp;<\/p>\n<p>&nbsp;<\/p>\n","protected":false},"excerpt":{"rendered":"<p>Fue en un acto en el Sal\u00f3n Blanco, presidido por el gobernador Claudio Poggi. \u201cBienvenidos&#8230;<\/p>\n","protected":false},"author":1,"featured_media":17136,"comment_status":"closed","ping_status":"closed","sticky":false,"template":"","format":"standard","meta":{"footnotes":""},"categories":[6],"tags":[],"class_list":["post-17133","post","type-post","status-publish","format-standard","has-post-thumbnail","hentry","category-ciudad-provincia"],"yoast_head":"<!-- This site is optimized with the Yoast SEO plugin v26.1.1 - https:\/\/yoast.com\/wordpress\/plugins\/seo\/ -->\n<title>LOS POLIC\u00cdAS RETIRADOS QUE CONDUCIR\u00c1N LOS PATRULLEROS SE REINCORPORARON OFICIALMENTE - Apuntes de San Luis<\/title>\n<meta name=\"robots\" content=\"index, follow, max-snippet:-1, max-image-preview:large, max-video-preview:-1\" \/>\n<link rel=\"canonical\" href=\"https:\/\/apuntesdesanluis.com\/index.php\/2024\/05\/30\/los-policias-retirados-que-conduciran-los-patrulleros-se-reincorporaron-oficialmente\/\" \/>\n<meta property=\"og:locale\" content=\"es_ES\" \/>\n<meta property=\"og:type\" content=\"article\" \/>\n<meta property=\"og:title\" content=\"LOS POLIC\u00cdAS RETIRADOS QUE CONDUCIR\u00c1N LOS PATRULLEROS SE REINCORPORARON OFICIALMENTE - Apuntes de San Luis\" \/>\n<meta property=\"og:description\" content=\"Fue en un acto en el Sal\u00f3n Blanco, presidido por el gobernador Claudio Poggi. \u201cBienvenidos...\" \/>\n<meta property=\"og:url\" content=\"https:\/\/apuntesdesanluis.com\/index.php\/2024\/05\/30\/los-policias-retirados-que-conduciran-los-patrulleros-se-reincorporaron-oficialmente\/\" \/>\n<meta property=\"og:site_name\" content=\"Apuntes de San Luis\" \/>\n<meta property=\"article:published_time\" content=\"2024-05-30T23:18:56+00:00\" \/>\n<meta property=\"og:image\" content=\"https:\/\/apuntesdesanluis.com\/wp-content\/uploads\/2024\/05\/policias-2.png\" \/>\n\t<meta property=\"og:image:width\" content=\"600\" \/>\n\t<meta property=\"og:image:height\" content=\"372\" \/>\n\t<meta property=\"og:image:type\" content=\"image\/png\" \/>\n<meta name=\"author\" content=\"apuntesdesanluis.com\" \/>\n<meta name=\"twitter:card\" content=\"summary_large_image\" \/>\n<meta name=\"twitter:label1\" content=\"Escrito por\" \/>\n\t<meta name=\"twitter:data1\" content=\"apuntesdesanluis.com\" \/>\n\t<meta name=\"twitter:label2\" content=\"Tiempo de lectura\" \/>\n\t<meta name=\"twitter:data2\" content=\"2 minutos\" \/>\n<script type=\"application\/ld+json\" class=\"yoast-schema-graph\">{\"@context\":\"https:\/\/schema.org\",\"@graph\":[{\"@type\":\"Article\",\"@id\":\"https:\/\/apuntesdesanluis.com\/index.php\/2024\/05\/30\/los-policias-retirados-que-conduciran-los-patrulleros-se-reincorporaron-oficialmente\/#article\",\"isPartOf\":{\"@id\":\"https:\/\/apuntesdesanluis.com\/index.php\/2024\/05\/30\/los-policias-retirados-que-conduciran-los-patrulleros-se-reincorporaron-oficialmente\/\"},\"author\":{\"name\":\"apuntesdesanluis.com\",\"@id\":\"https:\/\/apuntesdesanluis.com\/#\/schema\/person\/b55151d52296fcce64d1a72538a70b90\"},\"headline\":\"LOS POLIC\u00cdAS RETIRADOS QUE CONDUCIR\u00c1N LOS PATRULLEROS SE REINCORPORARON OFICIALMENTE\",\"datePublished\":\"2024-05-30T23:18:56+00:00\",\"mainEntityOfPage\":{\"@id\":\"https:\/\/apuntesdesanluis.com\/index.php\/2024\/05\/30\/los-policias-retirados-que-conduciran-los-patrulleros-se-reincorporaron-oficialmente\/\"},\"wordCount\":367,\"publisher\":{\"@id\":\"https:\/\/apuntesdesanluis.com\/#\/schema\/person\/b55151d52296fcce64d1a72538a70b90\"},\"image\":{\"@id\":\"https:\/\/apuntesdesanluis.com\/index.php\/2024\/05\/30\/los-policias-retirados-que-conduciran-los-patrulleros-se-reincorporaron-oficialmente\/#primaryimage\"},\"thumbnailUrl\":\"https:\/\/apuntesdesanluis.com\/wp-content\/uploads\/2024\/05\/policias-2.png\",\"articleSection\":[\"Ciudad\/Provincia\"],\"inLanguage\":\"es-AR\"},{\"@type\":\"WebPage\",\"@id\":\"https:\/\/apuntesdesanluis.com\/index.php\/2024\/05\/30\/los-policias-retirados-que-conduciran-los-patrulleros-se-reincorporaron-oficialmente\/\",\"url\":\"https:\/\/apuntesdesanluis.com\/index.php\/2024\/05\/30\/los-policias-retirados-que-conduciran-los-patrulleros-se-reincorporaron-oficialmente\/\",\"name\":\"LOS POLIC\u00cdAS RETIRADOS QUE CONDUCIR\u00c1N LOS PATRULLEROS SE REINCORPORARON OFICIALMENTE - Apuntes de San Luis\",\"isPartOf\":{\"@id\":\"https:\/\/apuntesdesanluis.com\/#website\"},\"primaryImageOfPage\":{\"@id\":\"https:\/\/apuntesdesanluis.com\/index.php\/2024\/05\/30\/los-policias-retirados-que-conduciran-los-patrulleros-se-reincorporaron-oficialmente\/#primaryimage\"},\"image\":{\"@id\":\"https:\/\/apuntesdesanluis.com\/index.php\/2024\/05\/30\/los-policias-retirados-que-conduciran-los-patrulleros-se-reincorporaron-oficialmente\/#primaryimage\"},\"thumbnailUrl\":\"https:\/\/apuntesdesanluis.com\/wp-content\/uploads\/2024\/05\/policias-2.png\",\"datePublished\":\"2024-05-30T23:18:56+00:00\",\"breadcrumb\":{\"@id\":\"https:\/\/apuntesdesanluis.com\/index.php\/2024\/05\/30\/los-policias-retirados-que-conduciran-los-patrulleros-se-reincorporaron-oficialmente\/#breadcrumb\"},\"inLanguage\":\"es-AR\",\"potentialAction\":[{\"@type\":\"ReadAction\",\"target\":[\"https:\/\/apuntesdesanluis.com\/index.php\/2024\/05\/30\/los-policias-retirados-que-conduciran-los-patrulleros-se-reincorporaron-oficialmente\/\"]}]},{\"@type\":\"ImageObject\",\"inLanguage\":\"es-AR\",\"@id\":\"https:\/\/apuntesdesanluis.com\/index.php\/2024\/05\/30\/los-policias-retirados-que-conduciran-los-patrulleros-se-reincorporaron-oficialmente\/#primaryimage\",\"url\":\"https:\/\/apuntesdesanluis.com\/wp-content\/uploads\/2024\/05\/policias-2.png\",\"contentUrl\":\"https:\/\/apuntesdesanluis.com\/wp-content\/uploads\/2024\/05\/policias-2.png\",\"width\":600,\"height\":372},{\"@type\":\"BreadcrumbList\",\"@id\":\"https:\/\/apuntesdesanluis.com\/index.php\/2024\/05\/30\/los-policias-retirados-que-conduciran-los-patrulleros-se-reincorporaron-oficialmente\/#breadcrumb\",\"itemListElement\":[{\"@type\":\"ListItem\",\"position\":1,\"name\":\"Inicio\",\"item\":\"https:\/\/apuntesdesanluis.com\/\"},{\"@type\":\"ListItem\",\"position\":2,\"name\":\"LOS POLIC\u00cdAS RETIRADOS QUE CONDUCIR\u00c1N LOS PATRULLEROS SE REINCORPORARON OFICIALMENTE\"}]},{\"@type\":\"WebSite\",\"@id\":\"https:\/\/apuntesdesanluis.com\/#website\",\"url\":\"https:\/\/apuntesdesanluis.com\/\",\"name\":\"Apuntes de San Luis\",\"description\":\"\",\"publisher\":{\"@id\":\"https:\/\/apuntesdesanluis.com\/#\/schema\/person\/b55151d52296fcce64d1a72538a70b90\"},\"potentialAction\":[{\"@type\":\"SearchAction\",\"target\":{\"@type\":\"EntryPoint\",\"urlTemplate\":\"https:\/\/apuntesdesanluis.com\/?s={search_term_string}\"},\"query-input\":{\"@type\":\"PropertyValueSpecification\",\"valueRequired\":true,\"valueName\":\"search_term_string\"}}],\"inLanguage\":\"es-AR\"},{\"@type\":[\"Person\",\"Organization\"],\"@id\":\"https:\/\/apuntesdesanluis.com\/#\/schema\/person\/b55151d52296fcce64d1a72538a70b90\",\"name\":\"apuntesdesanluis.com\",\"image\":{\"@type\":\"ImageObject\",\"inLanguage\":\"es-AR\",\"@id\":\"https:\/\/apuntesdesanluis.com\/#\/schema\/person\/image\/\",\"url\":\"https:\/\/apuntesdesanluis.com\/wp-content\/uploads\/2023\/07\/cropped-apuntesdesanluis.png\",\"contentUrl\":\"https:\/\/apuntesdesanluis.com\/wp-content\/uploads\/2023\/07\/cropped-apuntesdesanluis.png\",\"width\":450,\"height\":112,\"caption\":\"apuntesdesanluis.com\"},\"logo\":{\"@id\":\"https:\/\/apuntesdesanluis.com\/#\/schema\/person\/image\/\"},\"sameAs\":[\"https:\/\/apuntesdesanluis.com\"],\"url\":\"https:\/\/apuntesdesanluis.com\/index.php\/author\/apuntesdesanluis-com\/\"}]}<\/script>\n<!-- \/ Yoast SEO plugin. -->","yoast_head_json":{"title":"LOS POLIC\u00cdAS RETIRADOS QUE CONDUCIR\u00c1N LOS PATRULLEROS SE REINCORPORARON OFICIALMENTE - Apuntes de San Luis","robots":{"index":"index","follow":"follow","max-snippet":"max-snippet:-1","max-image-preview":"max-image-preview:large","max-video-preview":"max-video-preview:-1"},"canonical":"https:\/\/apuntesdesanluis.com\/index.php\/2024\/05\/30\/los-policias-retirados-que-conduciran-los-patrulleros-se-reincorporaron-oficialmente\/","og_locale":"es_ES","og_type":"article","og_title":"LOS POLIC\u00cdAS RETIRADOS QUE CONDUCIR\u00c1N LOS PATRULLEROS SE REINCORPORARON OFICIALMENTE - Apuntes de San Luis","og_description":"Fue en un acto en el Sal\u00f3n Blanco, presidido por el gobernador Claudio Poggi. \u201cBienvenidos...","og_url":"https:\/\/apuntesdesanluis.com\/index.php\/2024\/05\/30\/los-policias-retirados-que-conduciran-los-patrulleros-se-reincorporaron-oficialmente\/","og_site_name":"Apuntes de San Luis","article_published_time":"2024-05-30T23:18:56+00:00","og_image":[{"width":600,"height":372,"url":"https:\/\/apuntesdesanluis.com\/wp-content\/uploads\/2024\/05\/policias-2.png","type":"image\/png"}],"author":"apuntesdesanluis.com","twitter_card":"summary_large_image","twitter_misc":{"Escrito por":"apuntesdesanluis.com","Tiempo de lectura":"2 minutos"},"schema":{"@context":"https:\/\/schema.org","@graph":[{"@type":"Article","@id":"https:\/\/apuntesdesanluis.com\/index.php\/2024\/05\/30\/los-policias-retirados-que-conduciran-los-patrulleros-se-reincorporaron-oficialmente\/#article","isPartOf":{"@id":"https:\/\/apuntesdesanluis.com\/index.php\/2024\/05\/30\/los-policias-retirados-que-conduciran-los-patrulleros-se-reincorporaron-oficialmente\/"},"author":{"name":"apuntesdesanluis.com","@id":"https:\/\/apuntesdesanluis.com\/#\/schema\/person\/b55151d52296fcce64d1a72538a70b90"},"headline":"LOS POLIC\u00cdAS RETIRADOS QUE CONDUCIR\u00c1N LOS PATRULLEROS SE REINCORPORARON OFICIALMENTE","datePublished":"2024-05-30T23:18:56+00:00","mainEntityOfPage":{"@id":"https:\/\/apuntesdesanluis.com\/index.php\/2024\/05\/30\/los-policias-retirados-que-conduciran-los-patrulleros-se-reincorporaron-oficialmente\/"},"wordCount":367,"publisher":{"@id":"https:\/\/apuntesdesanluis.com\/#\/schema\/person\/b55151d52296fcce64d1a72538a70b90"},"image":{"@id":"https:\/\/apuntesdesanluis.com\/index.php\/2024\/05\/30\/los-policias-retirados-que-conduciran-los-patrulleros-se-reincorporaron-oficialmente\/#primaryimage"},"thumbnailUrl":"https:\/\/apuntesdesanluis.com\/wp-content\/uploads\/2024\/05\/policias-2.png","articleSection":["Ciudad\/Provincia"],"inLanguage":"es-AR"},{"@type":"WebPage","@id":"https:\/\/apuntesdesanluis.com\/index.php\/2024\/05\/30\/los-policias-retirados-que-conduciran-los-patrulleros-se-reincorporaron-oficialmente\/","url":"https:\/\/apuntesdesanluis.com\/index.php\/2024\/05\/30\/los-policias-retirados-que-conduciran-los-patrulleros-se-reincorporaron-oficialmente\/","name":"LOS POLIC\u00cdAS RETIRADOS QUE CONDUCIR\u00c1N LOS PATRULLEROS SE REINCORPORARON OFICIALMENTE - Apuntes de San Luis","isPartOf":{"@id":"https:\/\/apuntesdesanluis.com\/#website"},"primaryImageOfPage":{"@id":"https:\/\/apuntesdesanluis.com\/index.php\/2024\/05\/30\/los-policias-retirados-que-conduciran-los-patrulleros-se-reincorporaron-oficialmente\/#primaryimage"},"image":{"@id":"https:\/\/apuntesdesanluis.com\/index.php\/2024\/05\/30\/los-policias-retirados-que-conduciran-los-patrulleros-se-reincorporaron-oficialmente\/#primaryimage"},"thumbnailUrl":"https:\/\/apuntesdesanluis.com\/wp-content\/uploads\/2024\/05\/policias-2.png","datePublished":"2024-05-30T23:18:56+00:00","breadcrumb":{"@id":"https:\/\/apuntesdesanluis.com\/index.php\/2024\/05\/30\/los-policias-retirados-que-conduciran-los-patrulleros-se-reincorporaron-oficialmente\/#breadcrumb"},"inLanguage":"es-AR","potentialAction":[{"@type":"ReadAction","target":["https:\/\/apuntesdesanluis.com\/index.php\/2024\/05\/30\/los-policias-retirados-que-conduciran-los-patrulleros-se-reincorporaron-oficialmente\/"]}]},{"@type":"ImageObject","inLanguage":"es-AR","@id":"https:\/\/apuntesdesanluis.com\/index.php\/2024\/05\/30\/los-policias-retirados-que-conduciran-los-patrulleros-se-reincorporaron-oficialmente\/#primaryimage","url":"https:\/\/apuntesdesanluis.com\/wp-content\/uploads\/2024\/05\/policias-2.png","contentUrl":"https:\/\/apuntesdesanluis.com\/wp-content\/uploads\/2024\/05\/policias-2.png","width":600,"height":372},{"@type":"BreadcrumbList","@id":"https:\/\/apuntesdesanluis.com\/index.php\/2024\/05\/30\/los-policias-retirados-que-conduciran-los-patrulleros-se-reincorporaron-oficialmente\/#breadcrumb","itemListElement":[{"@type":"ListItem","position":1,"name":"Inicio","item":"https:\/\/apuntesdesanluis.com\/"},{"@type":"ListItem","position":2,"name":"LOS POLIC\u00cdAS RETIRADOS QUE CONDUCIR\u00c1N LOS PATRULLEROS SE REINCORPORARON OFICIALMENTE"}]},{"@type":"WebSite","@id":"https:\/\/apuntesdesanluis.com\/#website","url":"https:\/\/apuntesdesanluis.com\/","name":"Apuntes de San Luis","description":"","publisher":{"@id":"https:\/\/apuntesdesanluis.com\/#\/schema\/person\/b55151d52296fcce64d1a72538a70b90"},"potentialAction":[{"@type":"SearchAction","target":{"@type":"EntryPoint","urlTemplate":"https:\/\/apuntesdesanluis.com\/?s={search_term_string}"},"query-input":{"@type":"PropertyValueSpecification","valueRequired":true,"valueName":"search_term_string"}}],"inLanguage":"es-AR"},{"@type":["Person","Organization"],"@id":"https:\/\/apuntesdesanluis.com\/#\/schema\/person\/b55151d52296fcce64d1a72538a70b90","name":"apuntesdesanluis.com","image":{"@type":"ImageObject","inLanguage":"es-AR","@id":"https:\/\/apuntesdesanluis.com\/#\/schema\/person\/image\/","url":"https:\/\/apuntesdesanluis.com\/wp-content\/uploads\/2023\/07\/cropped-apuntesdesanluis.png","contentUrl":"https:\/\/apuntesdesanluis.com\/wp-content\/uploads\/2023\/07\/cropped-apuntesdesanluis.png","width":450,"height":112,"caption":"apuntesdesanluis.com"},"logo":{"@id":"https:\/\/apuntesdesanluis.com\/#\/schema\/person\/image\/"},"sameAs":["https:\/\/apuntesdesanluis.com"],"url":"https:\/\/apuntesdesanluis.com\/index.php\/author\/apuntesdesanluis-com\/"}]}},"featured_image_urls":{"full":["https:\/\/apuntesdesanluis.com\/wp-content\/uploads\/2024\/05\/policias-2.png",600,372,false],"thumbnail":["https:\/\/apuntesdesanluis.com\/wp-content\/uploads\/2024\/05\/policias-2-150x150.png",150,150,true],"medium":["https:\/\/apuntesdesanluis.com\/wp-content\/uploads\/2024\/05\/policias-2-300x186.png",300,186,true],"medium_large":["https:\/\/apuntesdesanluis.com\/wp-content\/uploads\/2024\/05\/policias-2.png",600,372,false],"large":["https:\/\/apuntesdesanluis.com\/wp-content\/uploads\/2024\/05\/policias-2.png",600,372,false],"1536x1536":["https:\/\/apuntesdesanluis.com\/wp-content\/uploads\/2024\/05\/policias-2.png",600,372,false],"2048x2048":["https:\/\/apuntesdesanluis.com\/wp-content\/uploads\/2024\/05\/policias-2.png",600,372,false],"newsever-slider-full":["https:\/\/apuntesdesanluis.com\/wp-content\/uploads\/2024\/05\/policias-2.png",600,372,false],"newsever-featured":["https:\/\/apuntesdesanluis.com\/wp-content\/uploads\/2024\/05\/policias-2.png",600,372,false],"newsever-medium":["https:\/\/apuntesdesanluis.com\/wp-content\/uploads\/2024\/05\/policias-2.png",600,372,false]},"author_info":{"display_name":"apuntesdesanluis.com","author_link":"https:\/\/apuntesdesanluis.com\/index.php\/author\/apuntesdesanluis-com\/"},"category_info":"<a href=\"https:\/\/apuntesdesanluis.com\/index.php\/category\/ciudad-provincia\/\" rel=\"category tag\">Ciudad\/Provincia<\/a>","tag_info":"Ciudad\/Provincia","comment_count":"0","_links":{"self":[{"href":"https:\/\/apuntesdesanluis.com\/index.php\/wp-json\/wp\/v2\/posts\/17133","targetHints":{"allow":["GET"]}}],"collection":[{"href":"https:\/\/apuntesdesanluis.com\/index.php\/wp-json\/wp\/v2\/posts"}],"about":[{"href":"https:\/\/apuntesdesanluis.com\/index.php\/wp-json\/wp\/v2\/types\/post"}],"author":[{"embeddable":true,"href":"https:\/\/apuntesdesanluis.com\/index.php\/wp-json\/wp\/v2\/users\/1"}],"replies":[{"embeddable":true,"href":"https:\/\/apuntesdesanluis.com\/index.php\/wp-json\/wp\/v2\/comments?post=17133"}],"version-history":[{"count":1,"href":"https:\/\/apuntesdesanluis.com\/index.php\/wp-json\/wp\/v2\/posts\/17133\/revisions"}],"predecessor-version":[{"id":17137,"href":"https:\/\/apuntesdesanluis.com\/index.php\/wp-json\/wp\/v2\/posts\/17133\/revisions\/17137"}],"wp:featuredmedia":[{"embeddable":true,"href":"https:\/\/apuntesdesanluis.com\/index.php\/wp-json\/wp\/v2\/media\/17136"}],"wp:attachment":[{"href":"https:\/\/apuntesdesanluis.com\/index.php\/wp-json\/wp\/v2\/media?parent=17133"}],"wp:term":[{"taxonomy":"category","embeddable":true,"href":"https:\/\/apuntesdesanluis.com\/index.php\/wp-json\/wp\/v2\/categories?post=17133"},{"taxonomy":"post_tag","embeddable":true,"href":"https:\/\/apuntesdesanluis.com\/index.php\/wp-json\/wp\/v2\/tags?post=17133"}],"curies":[{"name":"wp","href":"https:\/\/api.w.org\/{rel}","templated":true}]}}