{"id":17149,"date":"2024-05-30T21:07:51","date_gmt":"2024-05-31T00:07:51","guid":{"rendered":"https:\/\/apuntesdesanluis.com\/?p=17149"},"modified":"2024-05-30T21:08:28","modified_gmt":"2024-05-31T00:08:28","slug":"poggi-entrego-en-villa-mercedes-25-moviles-policiales","status":"publish","type":"post","link":"https:\/\/apuntesdesanluis.com\/index.php\/2024\/05\/30\/poggi-entrego-en-villa-mercedes-25-moviles-policiales\/","title":{"rendered":"POGGI ENTREG\u00d3 EN VILLA MERCEDES 25 M\u00d3VILES POLICIALES"},"content":{"rendered":"<h3>Forman parte de un lote total de 80 veh\u00edculos que se suman al parque automotor de la Polic\u00eda de la Provincia, en el marco del plan destinado a fortalecer la prevenci\u00f3n y la lucha contra el delito.<\/h3>\n<h3>Este jueves, el gobernador de la Provincia <strong>Claudio Poggi<\/strong>, junto con la ministro de Seguridad, <strong>Nancy Sosa<\/strong>, procedi\u00f3 a la entrega formal de 25 autom\u00f3viles a las autoridades de la Unidad Regional II Metropolitana, con asiento en Villa Mercedes.<\/h3>\n<h3>Del acto p\u00fablico, realizado este jueves por la tarde en la esquina de Pedernera y Urquiza, en la plaza Rivadavia, participaron tambi\u00e9n el intendente <strong>Maximiliano Fronter<\/strong>a, la viceintendente <strong>Silvina Galetto<\/strong>, legisladores, representantes de entidades y vecinos.<\/h3>\n<h3>Tras la bendici\u00f3n de los m\u00f3viles por parte del sacerdote Gustavo M\u00e9ndez, la ministro Sosa se\u00f1al\u00f3 que \u201cla inseguridad es una lucha de todos los d\u00edas, pero le damos batalla. Estamos brindando las herramientas necesarias y esto es parte del plan estrat\u00e9gico, con la visi\u00f3n Gobernador que tom\u00f3 la decisi\u00f3n pol\u00edtica para llevar a cabo la lucha contra el delito y el narcotr\u00e1fico, que no abandonaremos, como ocurri\u00f3 en el \u00faltimo tiempo. El Gobierno ha comprado 70 patrulleros y otros veh\u00edculos para investigaciones judiciales, contando con equipamiento radial y la tecnolog\u00eda para saber d\u00f3nde est\u00e1 cada m\u00f3vil, para que el monitoreo del 911 sea m\u00e1s eficiente ante una emergencia. Estimamos que entre seis meses a un a\u00f1o optimizaremos los recursos log\u00edsticos y humanos\u201d.<\/h3>\n<p><img fetchpriority=\"high\" decoding=\"async\" class=\"wp-image-17152 aligncenter\" src=\"https:\/\/apuntesdesanluis.com\/wp-content\/uploads\/2024\/05\/nancy-sosa-1-300x203.png\" alt=\"\" width=\"618\" height=\"418\" srcset=\"https:\/\/apuntesdesanluis.com\/wp-content\/uploads\/2024\/05\/nancy-sosa-1-300x203.png 300w, https:\/\/apuntesdesanluis.com\/wp-content\/uploads\/2024\/05\/nancy-sosa-1.png 600w\" sizes=\"(max-width: 618px) 100vw, 618px\" \/><\/p>\n<h3>Otro factor en contra que mencion\u00f3 la titular de Seguridad fue el estado de las dependencias policiales: \u201cEn este aspecto, la zona m\u00e1s afectada es Villa Mercedes, tema que hemos hablado y corroborado con el Intendente\u201d, citando como ejemplo \u201cla \u2018cueva\u2019 en la que hoy deben atender los efectivos de la Comisar\u00eda 8\u00aa, problema que durante este mes se va a revertir, pues el Gobernador ha decidido reasignar a esa repartici\u00f3n la vieja Unidad Regional II (sita en Balcarce 512, donde actualmente funciona el Centro C\u00edvico); all\u00ed ser\u00e1 trasladada junto a otras divisiones de orden p\u00fablico\u201d.<\/h3>\n<h3>Seguidamente, Poggi hizo un balance entre lo que recibi\u00f3 en materia de seguridad al asumir como Gobernador en diciembre del a\u00f1o pasado, y el camino que han transitado desde entonces para solventar las principales necesidades de la fuerza y la ciudadan\u00eda.<\/h3>\n<h3>As\u00ed, sostuvo \u201cque queremos devolverle tranquilidad a la familia villamercedina y de toda la provincia. Empezamos en -10, solo con 130 m\u00f3viles en uso para todo el territorio, cuando lo ideal son 400 veh\u00edculos. Empezamos con un 25%, el resto no est\u00e1 operativo, sino para remate. Hab\u00eda una ausencia total en seguridad, falta de entrenamiento para los agentes, por lo que dispusimos un espacio para pr\u00e1ctica de tiro en el predio del Servicio Penitenciario. Tambi\u00e9n detectamos falta de tecnolog\u00eda, por lo que empezamos con las alarmas vecinales, tambi\u00e9n en Villa Mercedes. Los efectivos deb\u00edan comprar los uniformes de su sueldo, por lo que incorporamos en la n\u00f3mina salarial un \u00edtem para indumentaria. Nuestros agentes no ten\u00edan respaldo, que s\u00ed le damos ahora, siempre en el marco de la Ley y la Constituci\u00f3n, porque el uniformado no se animaba a actuar por temor a ser sumariado. Los empezamos a respaldar. Y tambi\u00e9n nos encontramos con una conducci\u00f3n del anterior ministerio de Seguridad y de la misma Polic\u00eda, totalmente politizada desde lo partidario. Cambi\u00f3 todo, lo cortamos de cuajo y con mucho esfuerzo empezamos a invertir\u201d.<\/h3>\n<p><img decoding=\"async\" class=\"wp-image-17151 aligncenter\" src=\"https:\/\/apuntesdesanluis.com\/wp-content\/uploads\/2024\/05\/POGGI-4-300x180.png\" alt=\"\" width=\"623\" height=\"374\" srcset=\"https:\/\/apuntesdesanluis.com\/wp-content\/uploads\/2024\/05\/POGGI-4-300x180.png 300w, https:\/\/apuntesdesanluis.com\/wp-content\/uploads\/2024\/05\/POGGI-4.png 600w\" sizes=\"(max-width: 623px) 100vw, 623px\" \/><\/p>\n<h3>Remarc\u00f3 que \u201cel lunes lleg\u00f3 Gendarmer\u00eda, otra noticia buena para San Luis, porque \u00e9ramos la \u00fanica provincia del pa\u00eds en la que no estaba autorizado el ingreso de esa fuerza. Hoy ya est\u00e1 trabajando, incluso en Villa Mercedes, colaborando con nuestra Polic\u00eda. Adem\u00e1s, este viernes al mediod\u00eda, en Desaguadero, me reunir\u00e9 con los gobernadores de San Juan y de Mendoza para irmar un convenio, para que nuestras polic\u00edas cooperen entre s\u00ed, algo que no se hizo nunca. Est\u00e1bamos aislados, pero eso ya se termin\u00f3\u201d.<\/h3>\n<h3>Los rodados adquiridos en esta ocasi\u00f3n son Fiat Cronos y Renault Logan; de esta \u00faltima marca y modelo son los asignados a Villa Mercedes, debidamente ploteados con los logos oficiales del Gobierno de la Provincia, suministrados con los equipos de comunicaci\u00f3n y con blindaje en ventanillas, parabrisas y lunetas, como tambi\u00e9n rejillas met\u00e1licas para proteger las \u00f3pticas.<\/h3>\n<h3>Un detalle de estos flamantes veh\u00edculos es la modificaci\u00f3n realizada en la parte posterior de la cabina, cuyas butacas han sido reemplazadas por asientos pl\u00e1sticos y separadas del espacio del conductor y acompa\u00f1ante por un m\u00f3dulo reforzado. La adecuaci\u00f3n tiene por objetivo reducir riesgos durante el traslado de detenidos.<\/h3>\n<h3>La agenda del gobernador continu\u00f3 con una actividad similar en la <strong>Villa de Merlo<\/strong>, a la que viaj\u00f3 para entregar una docena de patrulleros a las dependencias policiales de la localidad tur\u00edstica. Este viernes prev\u00e9 hacer lo propio en la ciudad de <strong>San Luis<\/strong>, destinando 30 veh\u00edculos a la Fuerza de Seguridad provincial.<\/h3>\n<p>&nbsp;<\/p>\n<p>&nbsp;<\/p>\n<p>&nbsp;<\/p>\n<p>&nbsp;<\/p>\n<p>&nbsp;<\/p>\n<p>&nbsp;<\/p>\n","protected":false},"excerpt":{"rendered":"<p>Forman parte de un lote total de 80 veh\u00edculos que se suman al parque automotor&#8230;<\/p>\n","protected":false},"author":1,"featured_media":17150,"comment_status":"closed","ping_status":"closed","sticky":false,"template":"","format":"standard","meta":{"footnotes":""},"categories":[6],"tags":[],"class_list":["post-17149","post","type-post","status-publish","format-standard","has-post-thumbnail","hentry","category-ciudad-provincia"],"yoast_head":"<!-- This site is optimized with the Yoast SEO plugin v26.1.1 - https:\/\/yoast.com\/wordpress\/plugins\/seo\/ -->\n<title>POGGI ENTREG\u00d3 EN VILLA MERCEDES 25 M\u00d3VILES POLICIALES - Apuntes de San Luis<\/title>\n<meta name=\"robots\" content=\"index, follow, max-snippet:-1, max-image-preview:large, max-video-preview:-1\" \/>\n<link rel=\"canonical\" href=\"https:\/\/apuntesdesanluis.com\/index.php\/2024\/05\/30\/poggi-entrego-en-villa-mercedes-25-moviles-policiales\/\" \/>\n<meta property=\"og:locale\" content=\"es_ES\" \/>\n<meta property=\"og:type\" content=\"article\" \/>\n<meta property=\"og:title\" content=\"POGGI ENTREG\u00d3 EN VILLA MERCEDES 25 M\u00d3VILES POLICIALES - Apuntes de San Luis\" \/>\n<meta property=\"og:description\" content=\"Forman parte de un lote total de 80 veh\u00edculos que se suman al parque automotor...\" \/>\n<meta property=\"og:url\" content=\"https:\/\/apuntesdesanluis.com\/index.php\/2024\/05\/30\/poggi-entrego-en-villa-mercedes-25-moviles-policiales\/\" \/>\n<meta property=\"og:site_name\" content=\"Apuntes de San Luis\" \/>\n<meta property=\"article:published_time\" content=\"2024-05-31T00:07:51+00:00\" \/>\n<meta property=\"article:modified_time\" content=\"2024-05-31T00:08:28+00:00\" \/>\n<meta property=\"og:image\" content=\"https:\/\/apuntesdesanluis.com\/wp-content\/uploads\/2024\/05\/MOVILES-POLICIALES.png\" \/>\n\t<meta property=\"og:image:width\" content=\"712\" \/>\n\t<meta property=\"og:image:height\" content=\"404\" \/>\n\t<meta property=\"og:image:type\" content=\"image\/png\" \/>\n<meta name=\"author\" content=\"apuntesdesanluis.com\" \/>\n<meta name=\"twitter:card\" content=\"summary_large_image\" \/>\n<meta name=\"twitter:label1\" content=\"Escrito por\" \/>\n\t<meta name=\"twitter:data1\" content=\"apuntesdesanluis.com\" \/>\n\t<meta name=\"twitter:label2\" content=\"Tiempo de lectura\" \/>\n\t<meta name=\"twitter:data2\" content=\"5 minutos\" \/>\n<script type=\"application\/ld+json\" class=\"yoast-schema-graph\">{\"@context\":\"https:\/\/schema.org\",\"@graph\":[{\"@type\":\"Article\",\"@id\":\"https:\/\/apuntesdesanluis.com\/index.php\/2024\/05\/30\/poggi-entrego-en-villa-mercedes-25-moviles-policiales\/#article\",\"isPartOf\":{\"@id\":\"https:\/\/apuntesdesanluis.com\/index.php\/2024\/05\/30\/poggi-entrego-en-villa-mercedes-25-moviles-policiales\/\"},\"author\":{\"name\":\"apuntesdesanluis.com\",\"@id\":\"https:\/\/apuntesdesanluis.com\/#\/schema\/person\/b55151d52296fcce64d1a72538a70b90\"},\"headline\":\"POGGI ENTREG\u00d3 EN VILLA MERCEDES 25 M\u00d3VILES POLICIALES\",\"datePublished\":\"2024-05-31T00:07:51+00:00\",\"dateModified\":\"2024-05-31T00:08:28+00:00\",\"mainEntityOfPage\":{\"@id\":\"https:\/\/apuntesdesanluis.com\/index.php\/2024\/05\/30\/poggi-entrego-en-villa-mercedes-25-moviles-policiales\/\"},\"wordCount\":866,\"publisher\":{\"@id\":\"https:\/\/apuntesdesanluis.com\/#\/schema\/person\/b55151d52296fcce64d1a72538a70b90\"},\"image\":{\"@id\":\"https:\/\/apuntesdesanluis.com\/index.php\/2024\/05\/30\/poggi-entrego-en-villa-mercedes-25-moviles-policiales\/#primaryimage\"},\"thumbnailUrl\":\"https:\/\/apuntesdesanluis.com\/wp-content\/uploads\/2024\/05\/MOVILES-POLICIALES.png\",\"articleSection\":[\"Ciudad\/Provincia\"],\"inLanguage\":\"es-AR\"},{\"@type\":\"WebPage\",\"@id\":\"https:\/\/apuntesdesanluis.com\/index.php\/2024\/05\/30\/poggi-entrego-en-villa-mercedes-25-moviles-policiales\/\",\"url\":\"https:\/\/apuntesdesanluis.com\/index.php\/2024\/05\/30\/poggi-entrego-en-villa-mercedes-25-moviles-policiales\/\",\"name\":\"POGGI ENTREG\u00d3 EN VILLA MERCEDES 25 M\u00d3VILES POLICIALES - Apuntes de San Luis\",\"isPartOf\":{\"@id\":\"https:\/\/apuntesdesanluis.com\/#website\"},\"primaryImageOfPage\":{\"@id\":\"https:\/\/apuntesdesanluis.com\/index.php\/2024\/05\/30\/poggi-entrego-en-villa-mercedes-25-moviles-policiales\/#primaryimage\"},\"image\":{\"@id\":\"https:\/\/apuntesdesanluis.com\/index.php\/2024\/05\/30\/poggi-entrego-en-villa-mercedes-25-moviles-policiales\/#primaryimage\"},\"thumbnailUrl\":\"https:\/\/apuntesdesanluis.com\/wp-content\/uploads\/2024\/05\/MOVILES-POLICIALES.png\",\"datePublished\":\"2024-05-31T00:07:51+00:00\",\"dateModified\":\"2024-05-31T00:08:28+00:00\",\"breadcrumb\":{\"@id\":\"https:\/\/apuntesdesanluis.com\/index.php\/2024\/05\/30\/poggi-entrego-en-villa-mercedes-25-moviles-policiales\/#breadcrumb\"},\"inLanguage\":\"es-AR\",\"potentialAction\":[{\"@type\":\"ReadAction\",\"target\":[\"https:\/\/apuntesdesanluis.com\/index.php\/2024\/05\/30\/poggi-entrego-en-villa-mercedes-25-moviles-policiales\/\"]}]},{\"@type\":\"ImageObject\",\"inLanguage\":\"es-AR\",\"@id\":\"https:\/\/apuntesdesanluis.com\/index.php\/2024\/05\/30\/poggi-entrego-en-villa-mercedes-25-moviles-policiales\/#primaryimage\",\"url\":\"https:\/\/apuntesdesanluis.com\/wp-content\/uploads\/2024\/05\/MOVILES-POLICIALES.png\",\"contentUrl\":\"https:\/\/apuntesdesanluis.com\/wp-content\/uploads\/2024\/05\/MOVILES-POLICIALES.png\",\"width\":712,\"height\":404},{\"@type\":\"BreadcrumbList\",\"@id\":\"https:\/\/apuntesdesanluis.com\/index.php\/2024\/05\/30\/poggi-entrego-en-villa-mercedes-25-moviles-policiales\/#breadcrumb\",\"itemListElement\":[{\"@type\":\"ListItem\",\"position\":1,\"name\":\"Inicio\",\"item\":\"https:\/\/apuntesdesanluis.com\/\"},{\"@type\":\"ListItem\",\"position\":2,\"name\":\"POGGI ENTREG\u00d3 EN VILLA MERCEDES 25 M\u00d3VILES POLICIALES\"}]},{\"@type\":\"WebSite\",\"@id\":\"https:\/\/apuntesdesanluis.com\/#website\",\"url\":\"https:\/\/apuntesdesanluis.com\/\",\"name\":\"Apuntes de San Luis\",\"description\":\"\",\"publisher\":{\"@id\":\"https:\/\/apuntesdesanluis.com\/#\/schema\/person\/b55151d52296fcce64d1a72538a70b90\"},\"potentialAction\":[{\"@type\":\"SearchAction\",\"target\":{\"@type\":\"EntryPoint\",\"urlTemplate\":\"https:\/\/apuntesdesanluis.com\/?s={search_term_string}\"},\"query-input\":{\"@type\":\"PropertyValueSpecification\",\"valueRequired\":true,\"valueName\":\"search_term_string\"}}],\"inLanguage\":\"es-AR\"},{\"@type\":[\"Person\",\"Organization\"],\"@id\":\"https:\/\/apuntesdesanluis.com\/#\/schema\/person\/b55151d52296fcce64d1a72538a70b90\",\"name\":\"apuntesdesanluis.com\",\"image\":{\"@type\":\"ImageObject\",\"inLanguage\":\"es-AR\",\"@id\":\"https:\/\/apuntesdesanluis.com\/#\/schema\/person\/image\/\",\"url\":\"https:\/\/apuntesdesanluis.com\/wp-content\/uploads\/2023\/07\/cropped-apuntesdesanluis.png\",\"contentUrl\":\"https:\/\/apuntesdesanluis.com\/wp-content\/uploads\/2023\/07\/cropped-apuntesdesanluis.png\",\"width\":450,\"height\":112,\"caption\":\"apuntesdesanluis.com\"},\"logo\":{\"@id\":\"https:\/\/apuntesdesanluis.com\/#\/schema\/person\/image\/\"},\"sameAs\":[\"https:\/\/apuntesdesanluis.com\"],\"url\":\"https:\/\/apuntesdesanluis.com\/index.php\/author\/apuntesdesanluis-com\/\"}]}<\/script>\n<!-- \/ Yoast SEO plugin. -->","yoast_head_json":{"title":"POGGI ENTREG\u00d3 EN VILLA MERCEDES 25 M\u00d3VILES POLICIALES - Apuntes de San Luis","robots":{"index":"index","follow":"follow","max-snippet":"max-snippet:-1","max-image-preview":"max-image-preview:large","max-video-preview":"max-video-preview:-1"},"canonical":"https:\/\/apuntesdesanluis.com\/index.php\/2024\/05\/30\/poggi-entrego-en-villa-mercedes-25-moviles-policiales\/","og_locale":"es_ES","og_type":"article","og_title":"POGGI ENTREG\u00d3 EN VILLA MERCEDES 25 M\u00d3VILES POLICIALES - Apuntes de San Luis","og_description":"Forman parte de un lote total de 80 veh\u00edculos que se suman al parque automotor...","og_url":"https:\/\/apuntesdesanluis.com\/index.php\/2024\/05\/30\/poggi-entrego-en-villa-mercedes-25-moviles-policiales\/","og_site_name":"Apuntes de San Luis","article_published_time":"2024-05-31T00:07:51+00:00","article_modified_time":"2024-05-31T00:08:28+00:00","og_image":[{"width":712,"height":404,"url":"https:\/\/apuntesdesanluis.com\/wp-content\/uploads\/2024\/05\/MOVILES-POLICIALES.png","type":"image\/png"}],"author":"apuntesdesanluis.com","twitter_card":"summary_large_image","twitter_misc":{"Escrito por":"apuntesdesanluis.com","Tiempo de lectura":"5 minutos"},"schema":{"@context":"https:\/\/schema.org","@graph":[{"@type":"Article","@id":"https:\/\/apuntesdesanluis.com\/index.php\/2024\/05\/30\/poggi-entrego-en-villa-mercedes-25-moviles-policiales\/#article","isPartOf":{"@id":"https:\/\/apuntesdesanluis.com\/index.php\/2024\/05\/30\/poggi-entrego-en-villa-mercedes-25-moviles-policiales\/"},"author":{"name":"apuntesdesanluis.com","@id":"https:\/\/apuntesdesanluis.com\/#\/schema\/person\/b55151d52296fcce64d1a72538a70b90"},"headline":"POGGI ENTREG\u00d3 EN VILLA MERCEDES 25 M\u00d3VILES POLICIALES","datePublished":"2024-05-31T00:07:51+00:00","dateModified":"2024-05-31T00:08:28+00:00","mainEntityOfPage":{"@id":"https:\/\/apuntesdesanluis.com\/index.php\/2024\/05\/30\/poggi-entrego-en-villa-mercedes-25-moviles-policiales\/"},"wordCount":866,"publisher":{"@id":"https:\/\/apuntesdesanluis.com\/#\/schema\/person\/b55151d52296fcce64d1a72538a70b90"},"image":{"@id":"https:\/\/apuntesdesanluis.com\/index.php\/2024\/05\/30\/poggi-entrego-en-villa-mercedes-25-moviles-policiales\/#primaryimage"},"thumbnailUrl":"https:\/\/apuntesdesanluis.com\/wp-content\/uploads\/2024\/05\/MOVILES-POLICIALES.png","articleSection":["Ciudad\/Provincia"],"inLanguage":"es-AR"},{"@type":"WebPage","@id":"https:\/\/apuntesdesanluis.com\/index.php\/2024\/05\/30\/poggi-entrego-en-villa-mercedes-25-moviles-policiales\/","url":"https:\/\/apuntesdesanluis.com\/index.php\/2024\/05\/30\/poggi-entrego-en-villa-mercedes-25-moviles-policiales\/","name":"POGGI ENTREG\u00d3 EN VILLA MERCEDES 25 M\u00d3VILES POLICIALES - Apuntes de San Luis","isPartOf":{"@id":"https:\/\/apuntesdesanluis.com\/#website"},"primaryImageOfPage":{"@id":"https:\/\/apuntesdesanluis.com\/index.php\/2024\/05\/30\/poggi-entrego-en-villa-mercedes-25-moviles-policiales\/#primaryimage"},"image":{"@id":"https:\/\/apuntesdesanluis.com\/index.php\/2024\/05\/30\/poggi-entrego-en-villa-mercedes-25-moviles-policiales\/#primaryimage"},"thumbnailUrl":"https:\/\/apuntesdesanluis.com\/wp-content\/uploads\/2024\/05\/MOVILES-POLICIALES.png","datePublished":"2024-05-31T00:07:51+00:00","dateModified":"2024-05-31T00:08:28+00:00","breadcrumb":{"@id":"https:\/\/apuntesdesanluis.com\/index.php\/2024\/05\/30\/poggi-entrego-en-villa-mercedes-25-moviles-policiales\/#breadcrumb"},"inLanguage":"es-AR","potentialAction":[{"@type":"ReadAction","target":["https:\/\/apuntesdesanluis.com\/index.php\/2024\/05\/30\/poggi-entrego-en-villa-mercedes-25-moviles-policiales\/"]}]},{"@type":"ImageObject","inLanguage":"es-AR","@id":"https:\/\/apuntesdesanluis.com\/index.php\/2024\/05\/30\/poggi-entrego-en-villa-mercedes-25-moviles-policiales\/#primaryimage","url":"https:\/\/apuntesdesanluis.com\/wp-content\/uploads\/2024\/05\/MOVILES-POLICIALES.png","contentUrl":"https:\/\/apuntesdesanluis.com\/wp-content\/uploads\/2024\/05\/MOVILES-POLICIALES.png","width":712,"height":404},{"@type":"BreadcrumbList","@id":"https:\/\/apuntesdesanluis.com\/index.php\/2024\/05\/30\/poggi-entrego-en-villa-mercedes-25-moviles-policiales\/#breadcrumb","itemListElement":[{"@type":"ListItem","position":1,"name":"Inicio","item":"https:\/\/apuntesdesanluis.com\/"},{"@type":"ListItem","position":2,"name":"POGGI ENTREG\u00d3 EN VILLA MERCEDES 25 M\u00d3VILES POLICIALES"}]},{"@type":"WebSite","@id":"https:\/\/apuntesdesanluis.com\/#website","url":"https:\/\/apuntesdesanluis.com\/","name":"Apuntes de San Luis","description":"","publisher":{"@id":"https:\/\/apuntesdesanluis.com\/#\/schema\/person\/b55151d52296fcce64d1a72538a70b90"},"potentialAction":[{"@type":"SearchAction","target":{"@type":"EntryPoint","urlTemplate":"https:\/\/apuntesdesanluis.com\/?s={search_term_string}"},"query-input":{"@type":"PropertyValueSpecification","valueRequired":true,"valueName":"search_term_string"}}],"inLanguage":"es-AR"},{"@type":["Person","Organization"],"@id":"https:\/\/apuntesdesanluis.com\/#\/schema\/person\/b55151d52296fcce64d1a72538a70b90","name":"apuntesdesanluis.com","image":{"@type":"ImageObject","inLanguage":"es-AR","@id":"https:\/\/apuntesdesanluis.com\/#\/schema\/person\/image\/","url":"https:\/\/apuntesdesanluis.com\/wp-content\/uploads\/2023\/07\/cropped-apuntesdesanluis.png","contentUrl":"https:\/\/apuntesdesanluis.com\/wp-content\/uploads\/2023\/07\/cropped-apuntesdesanluis.png","width":450,"height":112,"caption":"apuntesdesanluis.com"},"logo":{"@id":"https:\/\/apuntesdesanluis.com\/#\/schema\/person\/image\/"},"sameAs":["https:\/\/apuntesdesanluis.com"],"url":"https:\/\/apuntesdesanluis.com\/index.php\/author\/apuntesdesanluis-com\/"}]}},"featured_image_urls":{"full":["https:\/\/apuntesdesanluis.com\/wp-content\/uploads\/2024\/05\/MOVILES-POLICIALES.png",712,404,false],"thumbnail":["https:\/\/apuntesdesanluis.com\/wp-content\/uploads\/2024\/05\/MOVILES-POLICIALES-150x150.png",150,150,true],"medium":["https:\/\/apuntesdesanluis.com\/wp-content\/uploads\/2024\/05\/MOVILES-POLICIALES-300x170.png",300,170,true],"medium_large":["https:\/\/apuntesdesanluis.com\/wp-content\/uploads\/2024\/05\/MOVILES-POLICIALES.png",640,363,false],"large":["https:\/\/apuntesdesanluis.com\/wp-content\/uploads\/2024\/05\/MOVILES-POLICIALES.png",640,363,false],"1536x1536":["https:\/\/apuntesdesanluis.com\/wp-content\/uploads\/2024\/05\/MOVILES-POLICIALES.png",712,404,false],"2048x2048":["https:\/\/apuntesdesanluis.com\/wp-content\/uploads\/2024\/05\/MOVILES-POLICIALES.png",712,404,false],"newsever-slider-full":["https:\/\/apuntesdesanluis.com\/wp-content\/uploads\/2024\/05\/MOVILES-POLICIALES.png",712,404,false],"newsever-featured":["https:\/\/apuntesdesanluis.com\/wp-content\/uploads\/2024\/05\/MOVILES-POLICIALES.png",712,404,false],"newsever-medium":["https:\/\/apuntesdesanluis.com\/wp-content\/uploads\/2024\/05\/MOVILES-POLICIALES.png",712,404,false]},"author_info":{"display_name":"apuntesdesanluis.com","author_link":"https:\/\/apuntesdesanluis.com\/index.php\/author\/apuntesdesanluis-com\/"},"category_info":"<a href=\"https:\/\/apuntesdesanluis.com\/index.php\/category\/ciudad-provincia\/\" rel=\"category tag\">Ciudad\/Provincia<\/a>","tag_info":"Ciudad\/Provincia","comment_count":"0","_links":{"self":[{"href":"https:\/\/apuntesdesanluis.com\/index.php\/wp-json\/wp\/v2\/posts\/17149","targetHints":{"allow":["GET"]}}],"collection":[{"href":"https:\/\/apuntesdesanluis.com\/index.php\/wp-json\/wp\/v2\/posts"}],"about":[{"href":"https:\/\/apuntesdesanluis.com\/index.php\/wp-json\/wp\/v2\/types\/post"}],"author":[{"embeddable":true,"href":"https:\/\/apuntesdesanluis.com\/index.php\/wp-json\/wp\/v2\/users\/1"}],"replies":[{"embeddable":true,"href":"https:\/\/apuntesdesanluis.com\/index.php\/wp-json\/wp\/v2\/comments?post=17149"}],"version-history":[{"count":2,"href":"https:\/\/apuntesdesanluis.com\/index.php\/wp-json\/wp\/v2\/posts\/17149\/revisions"}],"predecessor-version":[{"id":17154,"href":"https:\/\/apuntesdesanluis.com\/index.php\/wp-json\/wp\/v2\/posts\/17149\/revisions\/17154"}],"wp:featuredmedia":[{"embeddable":true,"href":"https:\/\/apuntesdesanluis.com\/index.php\/wp-json\/wp\/v2\/media\/17150"}],"wp:attachment":[{"href":"https:\/\/apuntesdesanluis.com\/index.php\/wp-json\/wp\/v2\/media?parent=17149"}],"wp:term":[{"taxonomy":"category","embeddable":true,"href":"https:\/\/apuntesdesanluis.com\/index.php\/wp-json\/wp\/v2\/categories?post=17149"},{"taxonomy":"post_tag","embeddable":true,"href":"https:\/\/apuntesdesanluis.com\/index.php\/wp-json\/wp\/v2\/tags?post=17149"}],"curies":[{"name":"wp","href":"https:\/\/api.w.org\/{rel}","templated":true}]}}