{"id":17155,"date":"2024-05-30T21:39:58","date_gmt":"2024-05-31T00:39:58","guid":{"rendered":"https:\/\/apuntesdesanluis.com\/?p=17155"},"modified":"2024-05-30T21:39:58","modified_gmt":"2024-05-31T00:39:58","slug":"sin-precedentes-condenan-por-lavado-a-familiares-de-un-miembro-de-la-banda-de-anibal-gordon","status":"publish","type":"post","link":"https:\/\/apuntesdesanluis.com\/index.php\/2024\/05\/30\/sin-precedentes-condenan-por-lavado-a-familiares-de-un-miembro-de-la-banda-de-anibal-gordon\/","title":{"rendered":"SIN PRECEDENTES: CONDENAN POR LAVADO A FAMILIARES DE UN MIEMBRO DE LA BANDA DE AN\u00cdBAL GORDON"},"content":{"rendered":"<h3>En un fallo que no tiene precedentes, la Justicia federal de Mar del Plata dict\u00f3 la primera condena por lavados de activos derivados de un caso de lesa humanidad. Declar\u00f3 culpables a los herederos de uno de los miembros de la banda de <strong>An\u00edbal Gordon<\/strong>, un grupo de tareas que actu\u00f3 en los 70 al amparo de la denominada Triple A, que se hab\u00eda abocado a robar dinero y bienes a sus v\u00edctimas desde el centro de clandestino de detenci\u00f3n y torturas Automotores Orletti.<\/h3>\n<h3>El presidente del Tribunal Oral Federal de Mar del Plata, <strong>Roberto Falcone<\/strong>, consider\u00f3 probado que cuatro hijos del fallecido Leonardo Miguel Save lavaron activos que su padre hab\u00eda acumulado mientras comet\u00eda cr\u00edmenes, junto a An\u00edbal Gordon, durante los primeros meses de la dictadura, en 1976.<\/h3>\n<p><img fetchpriority=\"high\" decoding=\"async\" class=\"wp-image-17157 aligncenter\" src=\"https:\/\/apuntesdesanluis.com\/wp-content\/uploads\/2024\/05\/anibal-gordon-300x192.png\" alt=\"\" width=\"581\" height=\"372\" srcset=\"https:\/\/apuntesdesanluis.com\/wp-content\/uploads\/2024\/05\/anibal-gordon-300x192.png 300w, https:\/\/apuntesdesanluis.com\/wp-content\/uploads\/2024\/05\/anibal-gordon.png 700w\" sizes=\"(max-width: 581px) 100vw, 581px\" \/><\/p>\n<h4 style=\"text-align: center;\"><em>An\u00edbal Gordon, acusado de pertenecer a la Triple A. <\/em><\/h4>\n<h3>Falcone, quien integr\u00f3 de forma unipersonal el tribunal durante el juicio, hall\u00f3 culpables a Mar\u00eda Eugenia, Mar\u00eda Natalia, Marcelo Leonardo y Ana Mar\u00eda Save, aunque rechaz\u00f3 enviarlos a prisi\u00f3n, como hab\u00eda solicitado la Fiscal\u00eda. Decidi\u00f3, en cambio, que deber\u00e1n pagar una multa de $10,8 millones cada uno, adem\u00e1s de ordenar el decomiso de un campo de 36 hect\u00e1reas en Chascom\u00fas que se destinar\u00e1 a crear un sitio de Memoria, Verdad y Justicia.<\/h3>\n<h3>Para el magistrado, qued\u00f3 probado que los hermanos Save buscaron ocultar el origen delictivo de los fondos con que su padre y otros miembros de la banda de Gordon adquirieron ese predio en 1976 y que ellos escrituraron en 2008, tal como hab\u00edan sostenido Laura Mazzaferri, Mar\u00eda Eugenia Montero y Julio Darmandrail en nombre de la Procuradur\u00eda de Cr\u00edmenes contra la Humanidad. Intervino como fiscal en la instrucci\u00f3n de la causa y en el juicio Juan Pablo Curi.<\/h3>\n<h3>\u00bfC\u00f3mo fue la maniobra delictiva, seg\u00fan la Justicia? Save integr\u00f3 un grupo de tareas que actu\u00f3 desde el centro clandestino de detenci\u00f3n y torturas Automotores Orletti y que acumul\u00f3 dinero y bienes de sus v\u00edctimas durante la dictadura, bajo el paraguas del llamado \u201cPlan C\u00f3ndor\u201d. Entre ellos, una vivienda que le sustrajeron al militante uruguayo Alberto Mechoso M\u00e9ndez, en septiembre de 1976.<\/h3>\n<h3><img decoding=\"async\" class=\"wp-image-17158 aligncenter\" src=\"https:\/\/apuntesdesanluis.com\/wp-content\/uploads\/2024\/05\/juez-falcone-300x191.png\" alt=\"\" width=\"638\" height=\"406\" srcset=\"https:\/\/apuntesdesanluis.com\/wp-content\/uploads\/2024\/05\/juez-falcone-300x191.png 300w, https:\/\/apuntesdesanluis.com\/wp-content\/uploads\/2024\/05\/juez-falcone.png 600w\" sizes=\"(max-width: 638px) 100vw, 638px\" \/><\/h3>\n<h4 style=\"text-align: center;\"><em>Juez Roberto Falcone.<\/em><\/h4>\n<h3>El siguiente paso de la maniobra delictiva se registr\u00f3 cuando la banda de An\u00edbal Gordon reintrodujo esas fortunas delictivas en el mercado legal con la compra de dos parcelas de campo en las que planeaban desarrollar un emprendimiento comercial inmobiliario. Y as\u00ed fue como en octubre de 1976 firmaron boletos de compraventa por esas parcelas, aunque \u201clas verdaderas identidades de los adquirentes quedaron enmascaradas detr\u00e1s de personas inexistentes, con datos filiatorios ap\u00f3crifos\u201d.<\/h3>\n<h3>Las maniobras delictivas continuaron. Seg\u00fan consider\u00f3 probado el juez Falcone, la banda llev\u00f3 personal para que trabajara en el desarrollo inmobiliario, aunque integrantes de las fuerzas armadas luego secuestr\u00f3 a esas personas por orden del coronel Ram\u00f3n Camps. A partir de entonces y durante dos d\u00e9cadas, el predio se sumi\u00f3 en un abandono aparente, per\u00edodo en el que Gordon fue detenido, acusado de varios secuestros y asesinatos, y muri\u00f3 en la c\u00e1rcel en 1987. Doce a\u00f1os despu\u00e9s, los hijos de Save comenzaron a moverse para transferir e incorporar esas hect\u00e1reas a su patrimonio.<\/h3>\n<h3>Durante la instancia oral, algunos de aquellos peones rurales confirmaron que hab\u00edan trabajado en ese predio, que grupos de tareas los hab\u00edan secuestrado y torturado en la Comisar\u00eda Primera de Chascom\u00fas, y que luego comenzaron a ser liberados, momento en que les dijeron que hab\u00edan trabajado en un campo que era de la gente de la Secretar\u00eda de Inteligencia del Estado (SIDE).<\/h3>\n<h3>En ese contexto, Falcone desech\u00f3 la posibilidad de que las maniobras de blanqueo desarrolladas durante d\u00e9cadas estuvieran prescriptas. \u201cEl lavado de activos, mediante la acci\u00f3n t\u00edpica de administraci\u00f3n, integra la categor\u00eda de los llamados delitos permanentes\u201d, argument\u00f3, \u201ccuya consumaci\u00f3n no cesa al momento de la realizaci\u00f3n t\u00edpica, sino que se perpet\u00faa en el tiempo, mientras se mantenga el estado antijur\u00eddico del autor\u201d.<\/h3>\n<h3>El siguiente paso ocurrir\u00e1 el 14 de junio, cuando se conozcan los fundamentos de la sentencia contra los hermanos Save y, una vez notificados, comience a correr el plazo para que apelen ante la C\u00e1mara Federal de Casaci\u00f3n Penal, la m\u00e1xima instancia penal del pa\u00eds, s\u00f3lo por debajo de la Corte Suprema de Justicia.<\/h3>\n<p>&nbsp;<\/p>\n<p>&nbsp;<\/p>\n<p>&nbsp;<\/p>\n<p>&nbsp;<\/p>\n<p>&nbsp;<\/p>\n<p>&nbsp;<\/p>\n","protected":false},"excerpt":{"rendered":"<p>En un fallo que no tiene precedentes, la Justicia federal de Mar del Plata dict\u00f3&#8230;<\/p>\n","protected":false},"author":1,"featured_media":17156,"comment_status":"closed","ping_status":"closed","sticky":false,"template":"","format":"standard","meta":{"footnotes":""},"categories":[5],"tags":[],"class_list":["post-17155","post","type-post","status-publish","format-standard","has-post-thumbnail","hentry","category-nacionales-internacionales"],"yoast_head":"<!-- This site is optimized with the Yoast SEO plugin v26.1.1 - https:\/\/yoast.com\/wordpress\/plugins\/seo\/ -->\n<title>SIN PRECEDENTES: CONDENAN POR LAVADO A FAMILIARES DE UN MIEMBRO DE LA BANDA DE AN\u00cdBAL GORDON - Apuntes de San Luis<\/title>\n<meta name=\"robots\" content=\"index, follow, max-snippet:-1, max-image-preview:large, max-video-preview:-1\" \/>\n<link rel=\"canonical\" href=\"https:\/\/apuntesdesanluis.com\/index.php\/2024\/05\/30\/sin-precedentes-condenan-por-lavado-a-familiares-de-un-miembro-de-la-banda-de-anibal-gordon\/\" \/>\n<meta property=\"og:locale\" content=\"es_ES\" \/>\n<meta property=\"og:type\" content=\"article\" \/>\n<meta property=\"og:title\" content=\"SIN PRECEDENTES: CONDENAN POR LAVADO A FAMILIARES DE UN MIEMBRO DE LA BANDA DE AN\u00cdBAL GORDON - Apuntes de San Luis\" \/>\n<meta property=\"og:description\" content=\"En un fallo que no tiene precedentes, la Justicia federal de Mar del Plata dict\u00f3...\" \/>\n<meta property=\"og:url\" content=\"https:\/\/apuntesdesanluis.com\/index.php\/2024\/05\/30\/sin-precedentes-condenan-por-lavado-a-familiares-de-un-miembro-de-la-banda-de-anibal-gordon\/\" \/>\n<meta property=\"og:site_name\" content=\"Apuntes de San Luis\" \/>\n<meta property=\"article:published_time\" content=\"2024-05-31T00:39:58+00:00\" \/>\n<meta property=\"og:image\" content=\"https:\/\/apuntesdesanluis.com\/wp-content\/uploads\/2024\/05\/justicia.png\" \/>\n\t<meta property=\"og:image:width\" content=\"600\" \/>\n\t<meta property=\"og:image:height\" content=\"370\" \/>\n\t<meta property=\"og:image:type\" content=\"image\/png\" \/>\n<meta name=\"author\" content=\"apuntesdesanluis.com\" \/>\n<meta name=\"twitter:card\" content=\"summary_large_image\" \/>\n<meta name=\"twitter:label1\" content=\"Escrito por\" \/>\n\t<meta name=\"twitter:data1\" content=\"apuntesdesanluis.com\" \/>\n\t<meta name=\"twitter:label2\" content=\"Tiempo de lectura\" \/>\n\t<meta name=\"twitter:data2\" content=\"4 minutos\" \/>\n<script type=\"application\/ld+json\" class=\"yoast-schema-graph\">{\"@context\":\"https:\/\/schema.org\",\"@graph\":[{\"@type\":\"Article\",\"@id\":\"https:\/\/apuntesdesanluis.com\/index.php\/2024\/05\/30\/sin-precedentes-condenan-por-lavado-a-familiares-de-un-miembro-de-la-banda-de-anibal-gordon\/#article\",\"isPartOf\":{\"@id\":\"https:\/\/apuntesdesanluis.com\/index.php\/2024\/05\/30\/sin-precedentes-condenan-por-lavado-a-familiares-de-un-miembro-de-la-banda-de-anibal-gordon\/\"},\"author\":{\"name\":\"apuntesdesanluis.com\",\"@id\":\"https:\/\/apuntesdesanluis.com\/#\/schema\/person\/b55151d52296fcce64d1a72538a70b90\"},\"headline\":\"SIN PRECEDENTES: CONDENAN POR LAVADO A FAMILIARES DE UN MIEMBRO DE LA BANDA DE AN\u00cdBAL GORDON\",\"datePublished\":\"2024-05-31T00:39:58+00:00\",\"mainEntityOfPage\":{\"@id\":\"https:\/\/apuntesdesanluis.com\/index.php\/2024\/05\/30\/sin-precedentes-condenan-por-lavado-a-familiares-de-un-miembro-de-la-banda-de-anibal-gordon\/\"},\"wordCount\":771,\"publisher\":{\"@id\":\"https:\/\/apuntesdesanluis.com\/#\/schema\/person\/b55151d52296fcce64d1a72538a70b90\"},\"image\":{\"@id\":\"https:\/\/apuntesdesanluis.com\/index.php\/2024\/05\/30\/sin-precedentes-condenan-por-lavado-a-familiares-de-un-miembro-de-la-banda-de-anibal-gordon\/#primaryimage\"},\"thumbnailUrl\":\"https:\/\/apuntesdesanluis.com\/wp-content\/uploads\/2024\/05\/justicia.png\",\"articleSection\":[\"Nacionales\/Internacionales\"],\"inLanguage\":\"es-AR\"},{\"@type\":\"WebPage\",\"@id\":\"https:\/\/apuntesdesanluis.com\/index.php\/2024\/05\/30\/sin-precedentes-condenan-por-lavado-a-familiares-de-un-miembro-de-la-banda-de-anibal-gordon\/\",\"url\":\"https:\/\/apuntesdesanluis.com\/index.php\/2024\/05\/30\/sin-precedentes-condenan-por-lavado-a-familiares-de-un-miembro-de-la-banda-de-anibal-gordon\/\",\"name\":\"SIN PRECEDENTES: CONDENAN POR LAVADO A FAMILIARES DE UN MIEMBRO DE LA BANDA DE AN\u00cdBAL GORDON - Apuntes de San Luis\",\"isPartOf\":{\"@id\":\"https:\/\/apuntesdesanluis.com\/#website\"},\"primaryImageOfPage\":{\"@id\":\"https:\/\/apuntesdesanluis.com\/index.php\/2024\/05\/30\/sin-precedentes-condenan-por-lavado-a-familiares-de-un-miembro-de-la-banda-de-anibal-gordon\/#primaryimage\"},\"image\":{\"@id\":\"https:\/\/apuntesdesanluis.com\/index.php\/2024\/05\/30\/sin-precedentes-condenan-por-lavado-a-familiares-de-un-miembro-de-la-banda-de-anibal-gordon\/#primaryimage\"},\"thumbnailUrl\":\"https:\/\/apuntesdesanluis.com\/wp-content\/uploads\/2024\/05\/justicia.png\",\"datePublished\":\"2024-05-31T00:39:58+00:00\",\"breadcrumb\":{\"@id\":\"https:\/\/apuntesdesanluis.com\/index.php\/2024\/05\/30\/sin-precedentes-condenan-por-lavado-a-familiares-de-un-miembro-de-la-banda-de-anibal-gordon\/#breadcrumb\"},\"inLanguage\":\"es-AR\",\"potentialAction\":[{\"@type\":\"ReadAction\",\"target\":[\"https:\/\/apuntesdesanluis.com\/index.php\/2024\/05\/30\/sin-precedentes-condenan-por-lavado-a-familiares-de-un-miembro-de-la-banda-de-anibal-gordon\/\"]}]},{\"@type\":\"ImageObject\",\"inLanguage\":\"es-AR\",\"@id\":\"https:\/\/apuntesdesanluis.com\/index.php\/2024\/05\/30\/sin-precedentes-condenan-por-lavado-a-familiares-de-un-miembro-de-la-banda-de-anibal-gordon\/#primaryimage\",\"url\":\"https:\/\/apuntesdesanluis.com\/wp-content\/uploads\/2024\/05\/justicia.png\",\"contentUrl\":\"https:\/\/apuntesdesanluis.com\/wp-content\/uploads\/2024\/05\/justicia.png\",\"width\":600,\"height\":370},{\"@type\":\"BreadcrumbList\",\"@id\":\"https:\/\/apuntesdesanluis.com\/index.php\/2024\/05\/30\/sin-precedentes-condenan-por-lavado-a-familiares-de-un-miembro-de-la-banda-de-anibal-gordon\/#breadcrumb\",\"itemListElement\":[{\"@type\":\"ListItem\",\"position\":1,\"name\":\"Inicio\",\"item\":\"https:\/\/apuntesdesanluis.com\/\"},{\"@type\":\"ListItem\",\"position\":2,\"name\":\"SIN PRECEDENTES: CONDENAN POR LAVADO A FAMILIARES DE UN MIEMBRO DE LA BANDA DE AN\u00cdBAL GORDON\"}]},{\"@type\":\"WebSite\",\"@id\":\"https:\/\/apuntesdesanluis.com\/#website\",\"url\":\"https:\/\/apuntesdesanluis.com\/\",\"name\":\"Apuntes de San Luis\",\"description\":\"\",\"publisher\":{\"@id\":\"https:\/\/apuntesdesanluis.com\/#\/schema\/person\/b55151d52296fcce64d1a72538a70b90\"},\"potentialAction\":[{\"@type\":\"SearchAction\",\"target\":{\"@type\":\"EntryPoint\",\"urlTemplate\":\"https:\/\/apuntesdesanluis.com\/?s={search_term_string}\"},\"query-input\":{\"@type\":\"PropertyValueSpecification\",\"valueRequired\":true,\"valueName\":\"search_term_string\"}}],\"inLanguage\":\"es-AR\"},{\"@type\":[\"Person\",\"Organization\"],\"@id\":\"https:\/\/apuntesdesanluis.com\/#\/schema\/person\/b55151d52296fcce64d1a72538a70b90\",\"name\":\"apuntesdesanluis.com\",\"image\":{\"@type\":\"ImageObject\",\"inLanguage\":\"es-AR\",\"@id\":\"https:\/\/apuntesdesanluis.com\/#\/schema\/person\/image\/\",\"url\":\"https:\/\/apuntesdesanluis.com\/wp-content\/uploads\/2023\/07\/cropped-apuntesdesanluis.png\",\"contentUrl\":\"https:\/\/apuntesdesanluis.com\/wp-content\/uploads\/2023\/07\/cropped-apuntesdesanluis.png\",\"width\":450,\"height\":112,\"caption\":\"apuntesdesanluis.com\"},\"logo\":{\"@id\":\"https:\/\/apuntesdesanluis.com\/#\/schema\/person\/image\/\"},\"sameAs\":[\"https:\/\/apuntesdesanluis.com\"],\"url\":\"https:\/\/apuntesdesanluis.com\/index.php\/author\/apuntesdesanluis-com\/\"}]}<\/script>\n<!-- \/ Yoast SEO plugin. -->","yoast_head_json":{"title":"SIN PRECEDENTES: CONDENAN POR LAVADO A FAMILIARES DE UN MIEMBRO DE LA BANDA DE AN\u00cdBAL GORDON - Apuntes de San Luis","robots":{"index":"index","follow":"follow","max-snippet":"max-snippet:-1","max-image-preview":"max-image-preview:large","max-video-preview":"max-video-preview:-1"},"canonical":"https:\/\/apuntesdesanluis.com\/index.php\/2024\/05\/30\/sin-precedentes-condenan-por-lavado-a-familiares-de-un-miembro-de-la-banda-de-anibal-gordon\/","og_locale":"es_ES","og_type":"article","og_title":"SIN PRECEDENTES: CONDENAN POR LAVADO A FAMILIARES DE UN MIEMBRO DE LA BANDA DE AN\u00cdBAL GORDON - Apuntes de San Luis","og_description":"En un fallo que no tiene precedentes, la Justicia federal de Mar del Plata dict\u00f3...","og_url":"https:\/\/apuntesdesanluis.com\/index.php\/2024\/05\/30\/sin-precedentes-condenan-por-lavado-a-familiares-de-un-miembro-de-la-banda-de-anibal-gordon\/","og_site_name":"Apuntes de San Luis","article_published_time":"2024-05-31T00:39:58+00:00","og_image":[{"width":600,"height":370,"url":"https:\/\/apuntesdesanluis.com\/wp-content\/uploads\/2024\/05\/justicia.png","type":"image\/png"}],"author":"apuntesdesanluis.com","twitter_card":"summary_large_image","twitter_misc":{"Escrito por":"apuntesdesanluis.com","Tiempo de lectura":"4 minutos"},"schema":{"@context":"https:\/\/schema.org","@graph":[{"@type":"Article","@id":"https:\/\/apuntesdesanluis.com\/index.php\/2024\/05\/30\/sin-precedentes-condenan-por-lavado-a-familiares-de-un-miembro-de-la-banda-de-anibal-gordon\/#article","isPartOf":{"@id":"https:\/\/apuntesdesanluis.com\/index.php\/2024\/05\/30\/sin-precedentes-condenan-por-lavado-a-familiares-de-un-miembro-de-la-banda-de-anibal-gordon\/"},"author":{"name":"apuntesdesanluis.com","@id":"https:\/\/apuntesdesanluis.com\/#\/schema\/person\/b55151d52296fcce64d1a72538a70b90"},"headline":"SIN PRECEDENTES: CONDENAN POR LAVADO A FAMILIARES DE UN MIEMBRO DE LA BANDA DE AN\u00cdBAL GORDON","datePublished":"2024-05-31T00:39:58+00:00","mainEntityOfPage":{"@id":"https:\/\/apuntesdesanluis.com\/index.php\/2024\/05\/30\/sin-precedentes-condenan-por-lavado-a-familiares-de-un-miembro-de-la-banda-de-anibal-gordon\/"},"wordCount":771,"publisher":{"@id":"https:\/\/apuntesdesanluis.com\/#\/schema\/person\/b55151d52296fcce64d1a72538a70b90"},"image":{"@id":"https:\/\/apuntesdesanluis.com\/index.php\/2024\/05\/30\/sin-precedentes-condenan-por-lavado-a-familiares-de-un-miembro-de-la-banda-de-anibal-gordon\/#primaryimage"},"thumbnailUrl":"https:\/\/apuntesdesanluis.com\/wp-content\/uploads\/2024\/05\/justicia.png","articleSection":["Nacionales\/Internacionales"],"inLanguage":"es-AR"},{"@type":"WebPage","@id":"https:\/\/apuntesdesanluis.com\/index.php\/2024\/05\/30\/sin-precedentes-condenan-por-lavado-a-familiares-de-un-miembro-de-la-banda-de-anibal-gordon\/","url":"https:\/\/apuntesdesanluis.com\/index.php\/2024\/05\/30\/sin-precedentes-condenan-por-lavado-a-familiares-de-un-miembro-de-la-banda-de-anibal-gordon\/","name":"SIN PRECEDENTES: CONDENAN POR LAVADO A FAMILIARES DE UN MIEMBRO DE LA BANDA DE AN\u00cdBAL GORDON - Apuntes de San Luis","isPartOf":{"@id":"https:\/\/apuntesdesanluis.com\/#website"},"primaryImageOfPage":{"@id":"https:\/\/apuntesdesanluis.com\/index.php\/2024\/05\/30\/sin-precedentes-condenan-por-lavado-a-familiares-de-un-miembro-de-la-banda-de-anibal-gordon\/#primaryimage"},"image":{"@id":"https:\/\/apuntesdesanluis.com\/index.php\/2024\/05\/30\/sin-precedentes-condenan-por-lavado-a-familiares-de-un-miembro-de-la-banda-de-anibal-gordon\/#primaryimage"},"thumbnailUrl":"https:\/\/apuntesdesanluis.com\/wp-content\/uploads\/2024\/05\/justicia.png","datePublished":"2024-05-31T00:39:58+00:00","breadcrumb":{"@id":"https:\/\/apuntesdesanluis.com\/index.php\/2024\/05\/30\/sin-precedentes-condenan-por-lavado-a-familiares-de-un-miembro-de-la-banda-de-anibal-gordon\/#breadcrumb"},"inLanguage":"es-AR","potentialAction":[{"@type":"ReadAction","target":["https:\/\/apuntesdesanluis.com\/index.php\/2024\/05\/30\/sin-precedentes-condenan-por-lavado-a-familiares-de-un-miembro-de-la-banda-de-anibal-gordon\/"]}]},{"@type":"ImageObject","inLanguage":"es-AR","@id":"https:\/\/apuntesdesanluis.com\/index.php\/2024\/05\/30\/sin-precedentes-condenan-por-lavado-a-familiares-de-un-miembro-de-la-banda-de-anibal-gordon\/#primaryimage","url":"https:\/\/apuntesdesanluis.com\/wp-content\/uploads\/2024\/05\/justicia.png","contentUrl":"https:\/\/apuntesdesanluis.com\/wp-content\/uploads\/2024\/05\/justicia.png","width":600,"height":370},{"@type":"BreadcrumbList","@id":"https:\/\/apuntesdesanluis.com\/index.php\/2024\/05\/30\/sin-precedentes-condenan-por-lavado-a-familiares-de-un-miembro-de-la-banda-de-anibal-gordon\/#breadcrumb","itemListElement":[{"@type":"ListItem","position":1,"name":"Inicio","item":"https:\/\/apuntesdesanluis.com\/"},{"@type":"ListItem","position":2,"name":"SIN PRECEDENTES: CONDENAN POR LAVADO A FAMILIARES DE UN MIEMBRO DE LA BANDA DE AN\u00cdBAL GORDON"}]},{"@type":"WebSite","@id":"https:\/\/apuntesdesanluis.com\/#website","url":"https:\/\/apuntesdesanluis.com\/","name":"Apuntes de San Luis","description":"","publisher":{"@id":"https:\/\/apuntesdesanluis.com\/#\/schema\/person\/b55151d52296fcce64d1a72538a70b90"},"potentialAction":[{"@type":"SearchAction","target":{"@type":"EntryPoint","urlTemplate":"https:\/\/apuntesdesanluis.com\/?s={search_term_string}"},"query-input":{"@type":"PropertyValueSpecification","valueRequired":true,"valueName":"search_term_string"}}],"inLanguage":"es-AR"},{"@type":["Person","Organization"],"@id":"https:\/\/apuntesdesanluis.com\/#\/schema\/person\/b55151d52296fcce64d1a72538a70b90","name":"apuntesdesanluis.com","image":{"@type":"ImageObject","inLanguage":"es-AR","@id":"https:\/\/apuntesdesanluis.com\/#\/schema\/person\/image\/","url":"https:\/\/apuntesdesanluis.com\/wp-content\/uploads\/2023\/07\/cropped-apuntesdesanluis.png","contentUrl":"https:\/\/apuntesdesanluis.com\/wp-content\/uploads\/2023\/07\/cropped-apuntesdesanluis.png","width":450,"height":112,"caption":"apuntesdesanluis.com"},"logo":{"@id":"https:\/\/apuntesdesanluis.com\/#\/schema\/person\/image\/"},"sameAs":["https:\/\/apuntesdesanluis.com"],"url":"https:\/\/apuntesdesanluis.com\/index.php\/author\/apuntesdesanluis-com\/"}]}},"featured_image_urls":{"full":["https:\/\/apuntesdesanluis.com\/wp-content\/uploads\/2024\/05\/justicia.png",600,370,false],"thumbnail":["https:\/\/apuntesdesanluis.com\/wp-content\/uploads\/2024\/05\/justicia-150x150.png",150,150,true],"medium":["https:\/\/apuntesdesanluis.com\/wp-content\/uploads\/2024\/05\/justicia-300x185.png",300,185,true],"medium_large":["https:\/\/apuntesdesanluis.com\/wp-content\/uploads\/2024\/05\/justicia.png",600,370,false],"large":["https:\/\/apuntesdesanluis.com\/wp-content\/uploads\/2024\/05\/justicia.png",600,370,false],"1536x1536":["https:\/\/apuntesdesanluis.com\/wp-content\/uploads\/2024\/05\/justicia.png",600,370,false],"2048x2048":["https:\/\/apuntesdesanluis.com\/wp-content\/uploads\/2024\/05\/justicia.png",600,370,false],"newsever-slider-full":["https:\/\/apuntesdesanluis.com\/wp-content\/uploads\/2024\/05\/justicia.png",600,370,false],"newsever-featured":["https:\/\/apuntesdesanluis.com\/wp-content\/uploads\/2024\/05\/justicia.png",600,370,false],"newsever-medium":["https:\/\/apuntesdesanluis.com\/wp-content\/uploads\/2024\/05\/justicia.png",600,370,false]},"author_info":{"display_name":"apuntesdesanluis.com","author_link":"https:\/\/apuntesdesanluis.com\/index.php\/author\/apuntesdesanluis-com\/"},"category_info":"<a href=\"https:\/\/apuntesdesanluis.com\/index.php\/category\/nacionales-internacionales\/\" rel=\"category tag\">Nacionales\/Internacionales<\/a>","tag_info":"Nacionales\/Internacionales","comment_count":"0","_links":{"self":[{"href":"https:\/\/apuntesdesanluis.com\/index.php\/wp-json\/wp\/v2\/posts\/17155","targetHints":{"allow":["GET"]}}],"collection":[{"href":"https:\/\/apuntesdesanluis.com\/index.php\/wp-json\/wp\/v2\/posts"}],"about":[{"href":"https:\/\/apuntesdesanluis.com\/index.php\/wp-json\/wp\/v2\/types\/post"}],"author":[{"embeddable":true,"href":"https:\/\/apuntesdesanluis.com\/index.php\/wp-json\/wp\/v2\/users\/1"}],"replies":[{"embeddable":true,"href":"https:\/\/apuntesdesanluis.com\/index.php\/wp-json\/wp\/v2\/comments?post=17155"}],"version-history":[{"count":1,"href":"https:\/\/apuntesdesanluis.com\/index.php\/wp-json\/wp\/v2\/posts\/17155\/revisions"}],"predecessor-version":[{"id":17159,"href":"https:\/\/apuntesdesanluis.com\/index.php\/wp-json\/wp\/v2\/posts\/17155\/revisions\/17159"}],"wp:featuredmedia":[{"embeddable":true,"href":"https:\/\/apuntesdesanluis.com\/index.php\/wp-json\/wp\/v2\/media\/17156"}],"wp:attachment":[{"href":"https:\/\/apuntesdesanluis.com\/index.php\/wp-json\/wp\/v2\/media?parent=17155"}],"wp:term":[{"taxonomy":"category","embeddable":true,"href":"https:\/\/apuntesdesanluis.com\/index.php\/wp-json\/wp\/v2\/categories?post=17155"},{"taxonomy":"post_tag","embeddable":true,"href":"https:\/\/apuntesdesanluis.com\/index.php\/wp-json\/wp\/v2\/tags?post=17155"}],"curies":[{"name":"wp","href":"https:\/\/api.w.org\/{rel}","templated":true}]}}