{"id":17160,"date":"2024-05-30T21:47:18","date_gmt":"2024-05-31T00:47:18","guid":{"rendered":"https:\/\/apuntesdesanluis.com\/?p=17160"},"modified":"2024-05-30T21:47:18","modified_gmt":"2024-05-31T00:47:18","slug":"murio-nora-cortinas-presidenta-de-madres-de-plaza-de-mayo-linea-fundadora","status":"publish","type":"post","link":"https:\/\/apuntesdesanluis.com\/index.php\/2024\/05\/30\/murio-nora-cortinas-presidenta-de-madres-de-plaza-de-mayo-linea-fundadora\/","title":{"rendered":"MURI\u00d3 NORA CORTI\u00d1AS, PRESIDENTA DE MADRES DE PLAZA DE MAYO L\u00cdNEA FUNDADORA"},"content":{"rendered":"<h3>La titular de Madres de Plaza de Mayo L\u00ednea Fundadora, <strong>Nora Corti\u00f1as<\/strong>, falleci\u00f3 hoy a los 94 a\u00f1os tras una internaci\u00f3n de varios d\u00edas en una sala de terapia intensiva del Hospital de Mor\u00f3n, donde hab\u00eda sido sometida a una operaci\u00f3n por una hernia que se complic\u00f3 debido a otras patolog\u00edas que padec\u00eda.<\/h3>\n<h3>\u201cNorita hab\u00eda sido intervenida quir\u00fargicamente el pasado 17 de mayo en el Hospital de Mor\u00f3n por una hernia que se sum\u00f3 a otras patolog\u00edas que agravaron el cuadro\u201d, asegur\u00f3 su familia a trav\u00e9s de un comunicado donde informaron su deceso.<\/h3>\n<h3>Corti\u00f1as empez\u00f3 su camino como destacada referente en la lucha por los derechos humanos cuando se uni\u00f3 a Madres de Plaza de Mayo a ra\u00edz del secuestro de su hijo Gustavo Corti\u00f1as, ocurrido el 15 de abril de 1977.<\/h3>\n<h3>\u201cSu especial sensibilidad y su ideario indiscutido en defensa los que menos tienen hizo que se ganara el respeto y cari\u00f1o incondicional de los pueblos\u201d, expresaron sus familiares en el parte de prensa que hicieron p\u00fablico este jueves.<\/h3>\n<h3>En este sentido, manifestaron: \u201cQueremos transmitirles que Nora estuvo acompa\u00f1ada y sostenida por el amor de su familia hasta el \u00faltimo momento y agradecemos todas las expresiones de reconocimiento y afecto que ella recibi\u00f3 a lo largo de su vida, y que a nosotros nos abrazaron amorosamente en estos d\u00edas tan dif\u00edciles\u201d.<\/h3>\n<h3>De acuerdo al texto difundido por sus allegados tras conocerse la noticia, Corti\u00f1as estaba \u201cprofundamente preocupada en estos tiempos por la grave situaci\u00f3n que atraviesa nuestro pa\u00eds y dispuesta siempre a estar presente all\u00ed donde hubiera una injusticia\u201d.<\/h3>\n<h3>Y destacaron: \u201cNorita luch\u00f3 hasta \u00faltimo momento por la construcci\u00f3n de una sociedad m\u00e1s justa\u201d.<\/h3>\n<h3>\u201cNos queda el orgullo de haber compartido su vida, su impronta y su ense\u00f1anza que dejar\u00e1n en su familia y en la sociedad una huella imborrable. Norita Corti\u00f1as, presente! Ahora y Siempre!\u201d, expres\u00f3 su circulo intimo al despedirla.<\/h3>\n<p>&nbsp;<\/p>\n<p>&nbsp;<\/p>\n<p>&nbsp;<\/p>\n<p>&nbsp;<\/p>\n<p>&nbsp;<\/p>\n<p>&nbsp;<\/p>\n","protected":false},"excerpt":{"rendered":"<p>La titular de Madres de Plaza de Mayo L\u00ednea Fundadora, Nora Corti\u00f1as, falleci\u00f3 hoy a&#8230;<\/p>\n","protected":false},"author":1,"featured_media":17161,"comment_status":"closed","ping_status":"closed","sticky":false,"template":"","format":"standard","meta":{"footnotes":""},"categories":[5],"tags":[],"class_list":["post-17160","post","type-post","status-publish","format-standard","has-post-thumbnail","hentry","category-nacionales-internacionales"],"yoast_head":"<!-- This site is optimized with the Yoast SEO plugin v26.1.1 - https:\/\/yoast.com\/wordpress\/plugins\/seo\/ -->\n<title>MURI\u00d3 NORA CORTI\u00d1AS, PRESIDENTA DE MADRES DE PLAZA DE MAYO L\u00cdNEA FUNDADORA - Apuntes de San Luis<\/title>\n<meta name=\"robots\" content=\"index, follow, max-snippet:-1, max-image-preview:large, max-video-preview:-1\" \/>\n<link rel=\"canonical\" href=\"https:\/\/apuntesdesanluis.com\/index.php\/2024\/05\/30\/murio-nora-cortinas-presidenta-de-madres-de-plaza-de-mayo-linea-fundadora\/\" \/>\n<meta property=\"og:locale\" content=\"es_ES\" \/>\n<meta property=\"og:type\" content=\"article\" \/>\n<meta property=\"og:title\" content=\"MURI\u00d3 NORA CORTI\u00d1AS, PRESIDENTA DE MADRES DE PLAZA DE MAYO L\u00cdNEA FUNDADORA - Apuntes de San Luis\" \/>\n<meta property=\"og:description\" content=\"La titular de Madres de Plaza de Mayo L\u00ednea Fundadora, Nora Corti\u00f1as, falleci\u00f3 hoy a...\" \/>\n<meta property=\"og:url\" content=\"https:\/\/apuntesdesanluis.com\/index.php\/2024\/05\/30\/murio-nora-cortinas-presidenta-de-madres-de-plaza-de-mayo-linea-fundadora\/\" \/>\n<meta property=\"og:site_name\" content=\"Apuntes de San Luis\" \/>\n<meta property=\"article:published_time\" content=\"2024-05-31T00:47:18+00:00\" \/>\n<meta property=\"og:image\" content=\"https:\/\/apuntesdesanluis.com\/wp-content\/uploads\/2024\/05\/NORA-CORTINAS.png\" \/>\n\t<meta property=\"og:image:width\" content=\"700\" \/>\n\t<meta property=\"og:image:height\" content=\"401\" \/>\n\t<meta property=\"og:image:type\" content=\"image\/png\" \/>\n<meta name=\"author\" content=\"apuntesdesanluis.com\" \/>\n<meta name=\"twitter:card\" content=\"summary_large_image\" \/>\n<meta name=\"twitter:label1\" content=\"Escrito por\" \/>\n\t<meta name=\"twitter:data1\" content=\"apuntesdesanluis.com\" \/>\n\t<meta name=\"twitter:label2\" content=\"Tiempo de lectura\" \/>\n\t<meta name=\"twitter:data2\" content=\"2 minutos\" \/>\n<script type=\"application\/ld+json\" class=\"yoast-schema-graph\">{\"@context\":\"https:\/\/schema.org\",\"@graph\":[{\"@type\":\"Article\",\"@id\":\"https:\/\/apuntesdesanluis.com\/index.php\/2024\/05\/30\/murio-nora-cortinas-presidenta-de-madres-de-plaza-de-mayo-linea-fundadora\/#article\",\"isPartOf\":{\"@id\":\"https:\/\/apuntesdesanluis.com\/index.php\/2024\/05\/30\/murio-nora-cortinas-presidenta-de-madres-de-plaza-de-mayo-linea-fundadora\/\"},\"author\":{\"name\":\"apuntesdesanluis.com\",\"@id\":\"https:\/\/apuntesdesanluis.com\/#\/schema\/person\/b55151d52296fcce64d1a72538a70b90\"},\"headline\":\"MURI\u00d3 NORA CORTI\u00d1AS, PRESIDENTA DE MADRES DE PLAZA DE MAYO L\u00cdNEA FUNDADORA\",\"datePublished\":\"2024-05-31T00:47:18+00:00\",\"mainEntityOfPage\":{\"@id\":\"https:\/\/apuntesdesanluis.com\/index.php\/2024\/05\/30\/murio-nora-cortinas-presidenta-de-madres-de-plaza-de-mayo-linea-fundadora\/\"},\"wordCount\":360,\"publisher\":{\"@id\":\"https:\/\/apuntesdesanluis.com\/#\/schema\/person\/b55151d52296fcce64d1a72538a70b90\"},\"image\":{\"@id\":\"https:\/\/apuntesdesanluis.com\/index.php\/2024\/05\/30\/murio-nora-cortinas-presidenta-de-madres-de-plaza-de-mayo-linea-fundadora\/#primaryimage\"},\"thumbnailUrl\":\"https:\/\/apuntesdesanluis.com\/wp-content\/uploads\/2024\/05\/NORA-CORTINAS.png\",\"articleSection\":[\"Nacionales\/Internacionales\"],\"inLanguage\":\"es-AR\"},{\"@type\":\"WebPage\",\"@id\":\"https:\/\/apuntesdesanluis.com\/index.php\/2024\/05\/30\/murio-nora-cortinas-presidenta-de-madres-de-plaza-de-mayo-linea-fundadora\/\",\"url\":\"https:\/\/apuntesdesanluis.com\/index.php\/2024\/05\/30\/murio-nora-cortinas-presidenta-de-madres-de-plaza-de-mayo-linea-fundadora\/\",\"name\":\"MURI\u00d3 NORA CORTI\u00d1AS, PRESIDENTA DE MADRES DE PLAZA DE MAYO L\u00cdNEA FUNDADORA - Apuntes de San Luis\",\"isPartOf\":{\"@id\":\"https:\/\/apuntesdesanluis.com\/#website\"},\"primaryImageOfPage\":{\"@id\":\"https:\/\/apuntesdesanluis.com\/index.php\/2024\/05\/30\/murio-nora-cortinas-presidenta-de-madres-de-plaza-de-mayo-linea-fundadora\/#primaryimage\"},\"image\":{\"@id\":\"https:\/\/apuntesdesanluis.com\/index.php\/2024\/05\/30\/murio-nora-cortinas-presidenta-de-madres-de-plaza-de-mayo-linea-fundadora\/#primaryimage\"},\"thumbnailUrl\":\"https:\/\/apuntesdesanluis.com\/wp-content\/uploads\/2024\/05\/NORA-CORTINAS.png\",\"datePublished\":\"2024-05-31T00:47:18+00:00\",\"breadcrumb\":{\"@id\":\"https:\/\/apuntesdesanluis.com\/index.php\/2024\/05\/30\/murio-nora-cortinas-presidenta-de-madres-de-plaza-de-mayo-linea-fundadora\/#breadcrumb\"},\"inLanguage\":\"es-AR\",\"potentialAction\":[{\"@type\":\"ReadAction\",\"target\":[\"https:\/\/apuntesdesanluis.com\/index.php\/2024\/05\/30\/murio-nora-cortinas-presidenta-de-madres-de-plaza-de-mayo-linea-fundadora\/\"]}]},{\"@type\":\"ImageObject\",\"inLanguage\":\"es-AR\",\"@id\":\"https:\/\/apuntesdesanluis.com\/index.php\/2024\/05\/30\/murio-nora-cortinas-presidenta-de-madres-de-plaza-de-mayo-linea-fundadora\/#primaryimage\",\"url\":\"https:\/\/apuntesdesanluis.com\/wp-content\/uploads\/2024\/05\/NORA-CORTINAS.png\",\"contentUrl\":\"https:\/\/apuntesdesanluis.com\/wp-content\/uploads\/2024\/05\/NORA-CORTINAS.png\",\"width\":700,\"height\":401},{\"@type\":\"BreadcrumbList\",\"@id\":\"https:\/\/apuntesdesanluis.com\/index.php\/2024\/05\/30\/murio-nora-cortinas-presidenta-de-madres-de-plaza-de-mayo-linea-fundadora\/#breadcrumb\",\"itemListElement\":[{\"@type\":\"ListItem\",\"position\":1,\"name\":\"Inicio\",\"item\":\"https:\/\/apuntesdesanluis.com\/\"},{\"@type\":\"ListItem\",\"position\":2,\"name\":\"MURI\u00d3 NORA CORTI\u00d1AS, PRESIDENTA DE MADRES DE PLAZA DE MAYO L\u00cdNEA FUNDADORA\"}]},{\"@type\":\"WebSite\",\"@id\":\"https:\/\/apuntesdesanluis.com\/#website\",\"url\":\"https:\/\/apuntesdesanluis.com\/\",\"name\":\"Apuntes de San Luis\",\"description\":\"\",\"publisher\":{\"@id\":\"https:\/\/apuntesdesanluis.com\/#\/schema\/person\/b55151d52296fcce64d1a72538a70b90\"},\"potentialAction\":[{\"@type\":\"SearchAction\",\"target\":{\"@type\":\"EntryPoint\",\"urlTemplate\":\"https:\/\/apuntesdesanluis.com\/?s={search_term_string}\"},\"query-input\":{\"@type\":\"PropertyValueSpecification\",\"valueRequired\":true,\"valueName\":\"search_term_string\"}}],\"inLanguage\":\"es-AR\"},{\"@type\":[\"Person\",\"Organization\"],\"@id\":\"https:\/\/apuntesdesanluis.com\/#\/schema\/person\/b55151d52296fcce64d1a72538a70b90\",\"name\":\"apuntesdesanluis.com\",\"image\":{\"@type\":\"ImageObject\",\"inLanguage\":\"es-AR\",\"@id\":\"https:\/\/apuntesdesanluis.com\/#\/schema\/person\/image\/\",\"url\":\"https:\/\/apuntesdesanluis.com\/wp-content\/uploads\/2023\/07\/cropped-apuntesdesanluis.png\",\"contentUrl\":\"https:\/\/apuntesdesanluis.com\/wp-content\/uploads\/2023\/07\/cropped-apuntesdesanluis.png\",\"width\":450,\"height\":112,\"caption\":\"apuntesdesanluis.com\"},\"logo\":{\"@id\":\"https:\/\/apuntesdesanluis.com\/#\/schema\/person\/image\/\"},\"sameAs\":[\"https:\/\/apuntesdesanluis.com\"],\"url\":\"https:\/\/apuntesdesanluis.com\/index.php\/author\/apuntesdesanluis-com\/\"}]}<\/script>\n<!-- \/ Yoast SEO plugin. -->","yoast_head_json":{"title":"MURI\u00d3 NORA CORTI\u00d1AS, PRESIDENTA DE MADRES DE PLAZA DE MAYO L\u00cdNEA FUNDADORA - Apuntes de San Luis","robots":{"index":"index","follow":"follow","max-snippet":"max-snippet:-1","max-image-preview":"max-image-preview:large","max-video-preview":"max-video-preview:-1"},"canonical":"https:\/\/apuntesdesanluis.com\/index.php\/2024\/05\/30\/murio-nora-cortinas-presidenta-de-madres-de-plaza-de-mayo-linea-fundadora\/","og_locale":"es_ES","og_type":"article","og_title":"MURI\u00d3 NORA CORTI\u00d1AS, PRESIDENTA DE MADRES DE PLAZA DE MAYO L\u00cdNEA FUNDADORA - Apuntes de San Luis","og_description":"La titular de Madres de Plaza de Mayo L\u00ednea Fundadora, Nora Corti\u00f1as, falleci\u00f3 hoy a...","og_url":"https:\/\/apuntesdesanluis.com\/index.php\/2024\/05\/30\/murio-nora-cortinas-presidenta-de-madres-de-plaza-de-mayo-linea-fundadora\/","og_site_name":"Apuntes de San Luis","article_published_time":"2024-05-31T00:47:18+00:00","og_image":[{"width":700,"height":401,"url":"https:\/\/apuntesdesanluis.com\/wp-content\/uploads\/2024\/05\/NORA-CORTINAS.png","type":"image\/png"}],"author":"apuntesdesanluis.com","twitter_card":"summary_large_image","twitter_misc":{"Escrito por":"apuntesdesanluis.com","Tiempo de lectura":"2 minutos"},"schema":{"@context":"https:\/\/schema.org","@graph":[{"@type":"Article","@id":"https:\/\/apuntesdesanluis.com\/index.php\/2024\/05\/30\/murio-nora-cortinas-presidenta-de-madres-de-plaza-de-mayo-linea-fundadora\/#article","isPartOf":{"@id":"https:\/\/apuntesdesanluis.com\/index.php\/2024\/05\/30\/murio-nora-cortinas-presidenta-de-madres-de-plaza-de-mayo-linea-fundadora\/"},"author":{"name":"apuntesdesanluis.com","@id":"https:\/\/apuntesdesanluis.com\/#\/schema\/person\/b55151d52296fcce64d1a72538a70b90"},"headline":"MURI\u00d3 NORA CORTI\u00d1AS, PRESIDENTA DE MADRES DE PLAZA DE MAYO L\u00cdNEA FUNDADORA","datePublished":"2024-05-31T00:47:18+00:00","mainEntityOfPage":{"@id":"https:\/\/apuntesdesanluis.com\/index.php\/2024\/05\/30\/murio-nora-cortinas-presidenta-de-madres-de-plaza-de-mayo-linea-fundadora\/"},"wordCount":360,"publisher":{"@id":"https:\/\/apuntesdesanluis.com\/#\/schema\/person\/b55151d52296fcce64d1a72538a70b90"},"image":{"@id":"https:\/\/apuntesdesanluis.com\/index.php\/2024\/05\/30\/murio-nora-cortinas-presidenta-de-madres-de-plaza-de-mayo-linea-fundadora\/#primaryimage"},"thumbnailUrl":"https:\/\/apuntesdesanluis.com\/wp-content\/uploads\/2024\/05\/NORA-CORTINAS.png","articleSection":["Nacionales\/Internacionales"],"inLanguage":"es-AR"},{"@type":"WebPage","@id":"https:\/\/apuntesdesanluis.com\/index.php\/2024\/05\/30\/murio-nora-cortinas-presidenta-de-madres-de-plaza-de-mayo-linea-fundadora\/","url":"https:\/\/apuntesdesanluis.com\/index.php\/2024\/05\/30\/murio-nora-cortinas-presidenta-de-madres-de-plaza-de-mayo-linea-fundadora\/","name":"MURI\u00d3 NORA CORTI\u00d1AS, PRESIDENTA DE MADRES DE PLAZA DE MAYO L\u00cdNEA FUNDADORA - Apuntes de San Luis","isPartOf":{"@id":"https:\/\/apuntesdesanluis.com\/#website"},"primaryImageOfPage":{"@id":"https:\/\/apuntesdesanluis.com\/index.php\/2024\/05\/30\/murio-nora-cortinas-presidenta-de-madres-de-plaza-de-mayo-linea-fundadora\/#primaryimage"},"image":{"@id":"https:\/\/apuntesdesanluis.com\/index.php\/2024\/05\/30\/murio-nora-cortinas-presidenta-de-madres-de-plaza-de-mayo-linea-fundadora\/#primaryimage"},"thumbnailUrl":"https:\/\/apuntesdesanluis.com\/wp-content\/uploads\/2024\/05\/NORA-CORTINAS.png","datePublished":"2024-05-31T00:47:18+00:00","breadcrumb":{"@id":"https:\/\/apuntesdesanluis.com\/index.php\/2024\/05\/30\/murio-nora-cortinas-presidenta-de-madres-de-plaza-de-mayo-linea-fundadora\/#breadcrumb"},"inLanguage":"es-AR","potentialAction":[{"@type":"ReadAction","target":["https:\/\/apuntesdesanluis.com\/index.php\/2024\/05\/30\/murio-nora-cortinas-presidenta-de-madres-de-plaza-de-mayo-linea-fundadora\/"]}]},{"@type":"ImageObject","inLanguage":"es-AR","@id":"https:\/\/apuntesdesanluis.com\/index.php\/2024\/05\/30\/murio-nora-cortinas-presidenta-de-madres-de-plaza-de-mayo-linea-fundadora\/#primaryimage","url":"https:\/\/apuntesdesanluis.com\/wp-content\/uploads\/2024\/05\/NORA-CORTINAS.png","contentUrl":"https:\/\/apuntesdesanluis.com\/wp-content\/uploads\/2024\/05\/NORA-CORTINAS.png","width":700,"height":401},{"@type":"BreadcrumbList","@id":"https:\/\/apuntesdesanluis.com\/index.php\/2024\/05\/30\/murio-nora-cortinas-presidenta-de-madres-de-plaza-de-mayo-linea-fundadora\/#breadcrumb","itemListElement":[{"@type":"ListItem","position":1,"name":"Inicio","item":"https:\/\/apuntesdesanluis.com\/"},{"@type":"ListItem","position":2,"name":"MURI\u00d3 NORA CORTI\u00d1AS, PRESIDENTA DE MADRES DE PLAZA DE MAYO L\u00cdNEA FUNDADORA"}]},{"@type":"WebSite","@id":"https:\/\/apuntesdesanluis.com\/#website","url":"https:\/\/apuntesdesanluis.com\/","name":"Apuntes de San Luis","description":"","publisher":{"@id":"https:\/\/apuntesdesanluis.com\/#\/schema\/person\/b55151d52296fcce64d1a72538a70b90"},"potentialAction":[{"@type":"SearchAction","target":{"@type":"EntryPoint","urlTemplate":"https:\/\/apuntesdesanluis.com\/?s={search_term_string}"},"query-input":{"@type":"PropertyValueSpecification","valueRequired":true,"valueName":"search_term_string"}}],"inLanguage":"es-AR"},{"@type":["Person","Organization"],"@id":"https:\/\/apuntesdesanluis.com\/#\/schema\/person\/b55151d52296fcce64d1a72538a70b90","name":"apuntesdesanluis.com","image":{"@type":"ImageObject","inLanguage":"es-AR","@id":"https:\/\/apuntesdesanluis.com\/#\/schema\/person\/image\/","url":"https:\/\/apuntesdesanluis.com\/wp-content\/uploads\/2023\/07\/cropped-apuntesdesanluis.png","contentUrl":"https:\/\/apuntesdesanluis.com\/wp-content\/uploads\/2023\/07\/cropped-apuntesdesanluis.png","width":450,"height":112,"caption":"apuntesdesanluis.com"},"logo":{"@id":"https:\/\/apuntesdesanluis.com\/#\/schema\/person\/image\/"},"sameAs":["https:\/\/apuntesdesanluis.com"],"url":"https:\/\/apuntesdesanluis.com\/index.php\/author\/apuntesdesanluis-com\/"}]}},"featured_image_urls":{"full":["https:\/\/apuntesdesanluis.com\/wp-content\/uploads\/2024\/05\/NORA-CORTINAS.png",700,401,false],"thumbnail":["https:\/\/apuntesdesanluis.com\/wp-content\/uploads\/2024\/05\/NORA-CORTINAS-150x150.png",150,150,true],"medium":["https:\/\/apuntesdesanluis.com\/wp-content\/uploads\/2024\/05\/NORA-CORTINAS-300x172.png",300,172,true],"medium_large":["https:\/\/apuntesdesanluis.com\/wp-content\/uploads\/2024\/05\/NORA-CORTINAS.png",640,367,false],"large":["https:\/\/apuntesdesanluis.com\/wp-content\/uploads\/2024\/05\/NORA-CORTINAS.png",640,367,false],"1536x1536":["https:\/\/apuntesdesanluis.com\/wp-content\/uploads\/2024\/05\/NORA-CORTINAS.png",700,401,false],"2048x2048":["https:\/\/apuntesdesanluis.com\/wp-content\/uploads\/2024\/05\/NORA-CORTINAS.png",700,401,false],"newsever-slider-full":["https:\/\/apuntesdesanluis.com\/wp-content\/uploads\/2024\/05\/NORA-CORTINAS.png",700,401,false],"newsever-featured":["https:\/\/apuntesdesanluis.com\/wp-content\/uploads\/2024\/05\/NORA-CORTINAS.png",700,401,false],"newsever-medium":["https:\/\/apuntesdesanluis.com\/wp-content\/uploads\/2024\/05\/NORA-CORTINAS.png",700,401,false]},"author_info":{"display_name":"apuntesdesanluis.com","author_link":"https:\/\/apuntesdesanluis.com\/index.php\/author\/apuntesdesanluis-com\/"},"category_info":"<a href=\"https:\/\/apuntesdesanluis.com\/index.php\/category\/nacionales-internacionales\/\" rel=\"category tag\">Nacionales\/Internacionales<\/a>","tag_info":"Nacionales\/Internacionales","comment_count":"0","_links":{"self":[{"href":"https:\/\/apuntesdesanluis.com\/index.php\/wp-json\/wp\/v2\/posts\/17160","targetHints":{"allow":["GET"]}}],"collection":[{"href":"https:\/\/apuntesdesanluis.com\/index.php\/wp-json\/wp\/v2\/posts"}],"about":[{"href":"https:\/\/apuntesdesanluis.com\/index.php\/wp-json\/wp\/v2\/types\/post"}],"author":[{"embeddable":true,"href":"https:\/\/apuntesdesanluis.com\/index.php\/wp-json\/wp\/v2\/users\/1"}],"replies":[{"embeddable":true,"href":"https:\/\/apuntesdesanluis.com\/index.php\/wp-json\/wp\/v2\/comments?post=17160"}],"version-history":[{"count":1,"href":"https:\/\/apuntesdesanluis.com\/index.php\/wp-json\/wp\/v2\/posts\/17160\/revisions"}],"predecessor-version":[{"id":17162,"href":"https:\/\/apuntesdesanluis.com\/index.php\/wp-json\/wp\/v2\/posts\/17160\/revisions\/17162"}],"wp:featuredmedia":[{"embeddable":true,"href":"https:\/\/apuntesdesanluis.com\/index.php\/wp-json\/wp\/v2\/media\/17161"}],"wp:attachment":[{"href":"https:\/\/apuntesdesanluis.com\/index.php\/wp-json\/wp\/v2\/media?parent=17160"}],"wp:term":[{"taxonomy":"category","embeddable":true,"href":"https:\/\/apuntesdesanluis.com\/index.php\/wp-json\/wp\/v2\/categories?post=17160"},{"taxonomy":"post_tag","embeddable":true,"href":"https:\/\/apuntesdesanluis.com\/index.php\/wp-json\/wp\/v2\/tags?post=17160"}],"curies":[{"name":"wp","href":"https:\/\/api.w.org\/{rel}","templated":true}]}}