{"id":17163,"date":"2024-05-30T22:14:22","date_gmt":"2024-05-31T01:14:22","guid":{"rendered":"https:\/\/apuntesdesanluis.com\/?p=17163"},"modified":"2024-05-30T22:14:22","modified_gmt":"2024-05-31T01:14:22","slug":"juicio-a-donald-trump-el-jurado-declaro-culpable-al-ex-presidente-de-eeuu","status":"publish","type":"post","link":"https:\/\/apuntesdesanluis.com\/index.php\/2024\/05\/30\/juicio-a-donald-trump-el-jurado-declaro-culpable-al-ex-presidente-de-eeuu\/","title":{"rendered":"JUICIO A DONALD TRUMP: EL JURADO DECLAR\u00d3 CULPABLE AL EX PRESIDENTE DE EEUU"},"content":{"rendered":"<h3>Los 12 integrantes del jurado designado en el juicio contra el ex presidente <strong>Donald Trump<\/strong> lo declar\u00f3 culpable este jueves por la tarde. El grupo defini\u00f3 por unanimidad que el empresario estuvo detr\u00e1s de la trama de sobornos a la actriz porno Stormy Daniels durante la campa\u00f1a electoral de 2016, con el fin de encubrir los encuentros que hab\u00edan mantenido para que no lo perjudicaran en sus aspiraciones pol\u00edticas.<\/h3>\n<h3>De esta manera, se convirti\u00f3 en el primer ex presidente estadounidense en ser condenado penalmente, aunque esto no le impide continuar con su camino de cara a los comicios de noviembre y conseguir un nuevo mandato en la Oficina Oval.<\/h3>\n<h3>La sentencia se dar\u00e1 a conocer el pr\u00f3ximo 11 de julio y, luego, la defensa podr\u00e1 apelar, aunque ello llevar\u00eda meses. La pena m\u00e1xima que podr\u00eda recibir es de cuatro a\u00f1os de c\u00e1rcel por cada uno de los 34 cargos, aunque al no tener antecedentes ser\u00eda raro que fuese encarcelado y, por el contrario, se le impondr\u00eda una multa y servicio comunitario.<\/h3>\n<p><img fetchpriority=\"high\" decoding=\"async\" class=\"wp-image-17165 aligncenter\" src=\"https:\/\/apuntesdesanluis.com\/wp-content\/uploads\/2024\/05\/donald-condenado-300x212.png\" alt=\"\" width=\"576\" height=\"407\" srcset=\"https:\/\/apuntesdesanluis.com\/wp-content\/uploads\/2024\/05\/donald-condenado-300x212.png 300w, https:\/\/apuntesdesanluis.com\/wp-content\/uploads\/2024\/05\/donald-condenado.png 629w\" sizes=\"(max-width: 576px) 100vw, 576px\" \/><\/p>\n<h3>Poco despu\u00e9s del anuncio, Trump escribi\u00f3 en sus redes sociales: \u201cMis derechos civiles han sido totalmente violados con esta caza de brujas altamente pol\u00edtica, inconstitucional y que interfiere en las elecciones. \u00a1Se est\u00e1n riendo de nuestra naci\u00f3n fracasada en todo el mundo!\u201d. Asimismo, en la sala asegur\u00f3 que \u201cesto fue una desgracia&#8230; este fue un juicio ama\u00f1ado por un juez conflictivo que era corrupto\u201d y prometi\u00f3 que \u201cel veredicto real\u201d se conocer\u00e1 el pr\u00f3ximo 5 de noviembre, en los comicios. \u201cEstoy luchando por nuestro pa\u00eds, estoy luchando por nuestra Constituci\u00f3n\u201d, agreg\u00f3.<\/h3>\n<h3>Tambi\u00e9n, el republicano Mike Johnson, presidente de la C\u00e1mara de Representantes, escribi\u00f3 en su cuenta de X que \u201ces un d\u00eda vergonzoso para la historia de Estados Unidos\u201d ya que Trump fue condenado por \u201ccargos rid\u00edculos basados en el testimonio de un delincuente convicto inhabilitado\u201d. \u201cEl uso de nuestro sistema de Justicia como arma ha sido un sello distintivo de la Administraci\u00f3n Biden y la decisi\u00f3n de hoy es una prueba m\u00e1s de que los dem\u00f3cratas no se detendr\u00e1n ante nada para silenciar a la disidencia y aplastar a sus oponentes pol\u00edticos\u201d, continu\u00f3 en su mensaje antes de confiar en que su aliado pol\u00edtico \u201c\u00a1GANAR\u00c1!\u201d.<\/h3>\n<h3>Desde el equipo de campa\u00f1a de Biden no tardaron en pronunciarse y declararon que el veredicto demuestra que \u201cnadie est\u00e1 por encima de la ley\u201d. \u201cDonald Trump siempre ha cre\u00eddo err\u00f3neamente que nunca enfrentar\u00eda consecuencias por violar la ley para su beneficio personal. Hoy en Nueva York hemos visto que nadie est\u00e1 por encima de la ley. Pero el veredicto de hoy no cambia el hecho de que el pueblo estadounidense se enfrenta a una simple realidad. Sigue habiendo una sola manera de mantener a Donald Trump fuera del Despacho Oval: en las urnas\u201d, se lee en un comunicado.<\/h3>\n<h3>Por su parte, el juez Juan Merchan agradeci\u00f3 al jurado por su servicio y por dar al caso \u201cla atenci\u00f3n que merec\u00eda\u201d. \u201cUstedes se dedicaron a una tarea dif\u00edcil y estresante\u201d, les dijo.<\/h3>\n<h3>En total, Trump estaba acusado de 34 cargos de falsificaci\u00f3n de registros comerciales en su empresa en relaci\u00f3n al supuesto plan para ocultar historias potencialmente desfavorables sobre \u00e9l, que fueron evaluados durante el proceso judicial que dur\u00f3 semanas e incluy\u00f3 la participaci\u00f3n de unos 20 actores clave que dieron su testimonio, como la propia Daniels -que brind\u00f3 detalles gr\u00e1ficos de los hechos que se remontan al 2006- y el ex abogado del mandatario, Michael Cohen, que se declar\u00f3 culpable de realizar dichos pagos. La cifra asciende a un total de USD 130.000, indic\u00f3.<\/h3>\n<h3>Si bien no hab\u00eda un l\u00edmite de tiempo para esta etapa final, la noticia del veredicto lleg\u00f3 en la segunda jornada de deliberaciones de los 12 magistrados que, la v\u00edspera, no hab\u00edan logrado el consenso necesario para condenar o absolver a Trump. Tan s\u00f3lo una postura distinta bastaba para declarar el proceso nulo y abrir, as\u00ed, la puerta a un nuevo juicio.<\/h3>\n<h3>Sin embargo, tras pedir un lapso extra hora para prepararse, los jurados entraron en la sala para comunicar su decisi\u00f3n. \u201cHemos recibido una nota\u201d del jurado, dijo Merchan al adelantar el anuncio.<\/h3>\n<h3>Al llegar al Tribunal m\u00e1s temprano -dado que el magistrado exigi\u00f3 a todas las partes asistir hasta el fin del proceso- el acusado apunt\u00f3 nuevamente contra la Justicia neoyorquina y se mostr\u00f3 molesto con su accionar, como hizo desde un principio. \u201cAqu\u00ed vamos de nuevo. No he visto a un solo jurista que piense que deber\u00eda haberse presentado\u201d, dijo. La v\u00edspera tambi\u00e9n hab\u00eda mencionado que el juicio es \u201cuna verg\u00fcenza\u201d y reiter\u00f3 su inocencia: \u201cNo hubo ning\u00fan delito\u201d.<\/h3>\n<p><img decoding=\"async\" class=\"wp-image-17166 aligncenter\" src=\"https:\/\/apuntesdesanluis.com\/wp-content\/uploads\/2024\/05\/trump-300x168.png\" alt=\"\" width=\"561\" height=\"314\" srcset=\"https:\/\/apuntesdesanluis.com\/wp-content\/uploads\/2024\/05\/trump-300x168.png 300w, https:\/\/apuntesdesanluis.com\/wp-content\/uploads\/2024\/05\/trump.png 600w\" sizes=\"(max-width: 561px) 100vw, 561px\" \/><\/p>\n<h3>\u201cTodo est\u00e1 ama\u00f1ado, todo, todo el sistema est\u00e1 ama\u00f1ado\u201d, agreg\u00f3.<\/h3>\n<h3>Este juicio es el primer proceso penal contra un ex presidente en la historia de Estados Unidos y se da apenas meses antes de las elecciones presidenciales en las que Trump buscar\u00e1 un nuevo mandato en la Casa Blanca. No obstante, en los \u00faltimos d\u00edas, desde el equipo de campa\u00f1a del republicano minimizaron el caso y aseguraron que \u201cno tiene impacto en los votantes\u201d.<\/h3>\n<h3>En caso de convertirse nuevamente en presidente, no podr\u00e1 indultarse ya que el caso no fue presentado por el Gobierno federal sino por el Estado de Nueva York y s\u00f3lo el Gobernador podr\u00eda limpiar su nombre.<\/h3>\n<p>&nbsp;<\/p>\n<p>&nbsp;<\/p>\n<p>&nbsp;<\/p>\n<p>&nbsp;<\/p>\n<p>&nbsp;<\/p>\n<p>&nbsp;<\/p>\n","protected":false},"excerpt":{"rendered":"<p>Los 12 integrantes del jurado designado en el juicio contra el ex presidente Donald Trump&#8230;<\/p>\n","protected":false},"author":1,"featured_media":17164,"comment_status":"closed","ping_status":"closed","sticky":false,"template":"","format":"standard","meta":{"footnotes":""},"categories":[5],"tags":[],"class_list":["post-17163","post","type-post","status-publish","format-standard","has-post-thumbnail","hentry","category-nacionales-internacionales"],"yoast_head":"<!-- This site is optimized with the Yoast SEO plugin v26.1.1 - https:\/\/yoast.com\/wordpress\/plugins\/seo\/ -->\n<title>JUICIO A DONALD TRUMP: EL JURADO DECLAR\u00d3 CULPABLE AL EX PRESIDENTE DE EEUU - Apuntes de San Luis<\/title>\n<meta name=\"robots\" content=\"index, follow, max-snippet:-1, max-image-preview:large, max-video-preview:-1\" \/>\n<link rel=\"canonical\" href=\"https:\/\/apuntesdesanluis.com\/index.php\/2024\/05\/30\/juicio-a-donald-trump-el-jurado-declaro-culpable-al-ex-presidente-de-eeuu\/\" \/>\n<meta property=\"og:locale\" content=\"es_ES\" \/>\n<meta property=\"og:type\" content=\"article\" \/>\n<meta property=\"og:title\" content=\"JUICIO A DONALD TRUMP: EL JURADO DECLAR\u00d3 CULPABLE AL EX PRESIDENTE DE EEUU - Apuntes de San Luis\" \/>\n<meta property=\"og:description\" content=\"Los 12 integrantes del jurado designado en el juicio contra el ex presidente Donald Trump...\" \/>\n<meta property=\"og:url\" content=\"https:\/\/apuntesdesanluis.com\/index.php\/2024\/05\/30\/juicio-a-donald-trump-el-jurado-declaro-culpable-al-ex-presidente-de-eeuu\/\" \/>\n<meta property=\"og:site_name\" content=\"Apuntes de San Luis\" \/>\n<meta property=\"article:published_time\" content=\"2024-05-31T01:14:22+00:00\" \/>\n<meta property=\"og:image\" content=\"https:\/\/apuntesdesanluis.com\/wp-content\/uploads\/2024\/05\/donald-trump.png\" \/>\n\t<meta property=\"og:image:width\" content=\"700\" \/>\n\t<meta property=\"og:image:height\" content=\"422\" \/>\n\t<meta property=\"og:image:type\" content=\"image\/png\" \/>\n<meta name=\"author\" content=\"apuntesdesanluis.com\" \/>\n<meta name=\"twitter:card\" content=\"summary_large_image\" \/>\n<meta name=\"twitter:label1\" content=\"Escrito por\" \/>\n\t<meta name=\"twitter:data1\" content=\"apuntesdesanluis.com\" \/>\n\t<meta name=\"twitter:label2\" content=\"Tiempo de lectura\" \/>\n\t<meta name=\"twitter:data2\" content=\"5 minutos\" \/>\n<script type=\"application\/ld+json\" class=\"yoast-schema-graph\">{\"@context\":\"https:\/\/schema.org\",\"@graph\":[{\"@type\":\"Article\",\"@id\":\"https:\/\/apuntesdesanluis.com\/index.php\/2024\/05\/30\/juicio-a-donald-trump-el-jurado-declaro-culpable-al-ex-presidente-de-eeuu\/#article\",\"isPartOf\":{\"@id\":\"https:\/\/apuntesdesanluis.com\/index.php\/2024\/05\/30\/juicio-a-donald-trump-el-jurado-declaro-culpable-al-ex-presidente-de-eeuu\/\"},\"author\":{\"name\":\"apuntesdesanluis.com\",\"@id\":\"https:\/\/apuntesdesanluis.com\/#\/schema\/person\/b55151d52296fcce64d1a72538a70b90\"},\"headline\":\"JUICIO A DONALD TRUMP: EL JURADO DECLAR\u00d3 CULPABLE AL EX PRESIDENTE DE EEUU\",\"datePublished\":\"2024-05-31T01:14:22+00:00\",\"mainEntityOfPage\":{\"@id\":\"https:\/\/apuntesdesanluis.com\/index.php\/2024\/05\/30\/juicio-a-donald-trump-el-jurado-declaro-culpable-al-ex-presidente-de-eeuu\/\"},\"wordCount\":945,\"publisher\":{\"@id\":\"https:\/\/apuntesdesanluis.com\/#\/schema\/person\/b55151d52296fcce64d1a72538a70b90\"},\"image\":{\"@id\":\"https:\/\/apuntesdesanluis.com\/index.php\/2024\/05\/30\/juicio-a-donald-trump-el-jurado-declaro-culpable-al-ex-presidente-de-eeuu\/#primaryimage\"},\"thumbnailUrl\":\"https:\/\/apuntesdesanluis.com\/wp-content\/uploads\/2024\/05\/donald-trump.png\",\"articleSection\":[\"Nacionales\/Internacionales\"],\"inLanguage\":\"es-AR\"},{\"@type\":\"WebPage\",\"@id\":\"https:\/\/apuntesdesanluis.com\/index.php\/2024\/05\/30\/juicio-a-donald-trump-el-jurado-declaro-culpable-al-ex-presidente-de-eeuu\/\",\"url\":\"https:\/\/apuntesdesanluis.com\/index.php\/2024\/05\/30\/juicio-a-donald-trump-el-jurado-declaro-culpable-al-ex-presidente-de-eeuu\/\",\"name\":\"JUICIO A DONALD TRUMP: EL JURADO DECLAR\u00d3 CULPABLE AL EX PRESIDENTE DE EEUU - Apuntes de San Luis\",\"isPartOf\":{\"@id\":\"https:\/\/apuntesdesanluis.com\/#website\"},\"primaryImageOfPage\":{\"@id\":\"https:\/\/apuntesdesanluis.com\/index.php\/2024\/05\/30\/juicio-a-donald-trump-el-jurado-declaro-culpable-al-ex-presidente-de-eeuu\/#primaryimage\"},\"image\":{\"@id\":\"https:\/\/apuntesdesanluis.com\/index.php\/2024\/05\/30\/juicio-a-donald-trump-el-jurado-declaro-culpable-al-ex-presidente-de-eeuu\/#primaryimage\"},\"thumbnailUrl\":\"https:\/\/apuntesdesanluis.com\/wp-content\/uploads\/2024\/05\/donald-trump.png\",\"datePublished\":\"2024-05-31T01:14:22+00:00\",\"breadcrumb\":{\"@id\":\"https:\/\/apuntesdesanluis.com\/index.php\/2024\/05\/30\/juicio-a-donald-trump-el-jurado-declaro-culpable-al-ex-presidente-de-eeuu\/#breadcrumb\"},\"inLanguage\":\"es-AR\",\"potentialAction\":[{\"@type\":\"ReadAction\",\"target\":[\"https:\/\/apuntesdesanluis.com\/index.php\/2024\/05\/30\/juicio-a-donald-trump-el-jurado-declaro-culpable-al-ex-presidente-de-eeuu\/\"]}]},{\"@type\":\"ImageObject\",\"inLanguage\":\"es-AR\",\"@id\":\"https:\/\/apuntesdesanluis.com\/index.php\/2024\/05\/30\/juicio-a-donald-trump-el-jurado-declaro-culpable-al-ex-presidente-de-eeuu\/#primaryimage\",\"url\":\"https:\/\/apuntesdesanluis.com\/wp-content\/uploads\/2024\/05\/donald-trump.png\",\"contentUrl\":\"https:\/\/apuntesdesanluis.com\/wp-content\/uploads\/2024\/05\/donald-trump.png\",\"width\":700,\"height\":422},{\"@type\":\"BreadcrumbList\",\"@id\":\"https:\/\/apuntesdesanluis.com\/index.php\/2024\/05\/30\/juicio-a-donald-trump-el-jurado-declaro-culpable-al-ex-presidente-de-eeuu\/#breadcrumb\",\"itemListElement\":[{\"@type\":\"ListItem\",\"position\":1,\"name\":\"Inicio\",\"item\":\"https:\/\/apuntesdesanluis.com\/\"},{\"@type\":\"ListItem\",\"position\":2,\"name\":\"JUICIO A DONALD TRUMP: EL JURADO DECLAR\u00d3 CULPABLE AL EX PRESIDENTE DE EEUU\"}]},{\"@type\":\"WebSite\",\"@id\":\"https:\/\/apuntesdesanluis.com\/#website\",\"url\":\"https:\/\/apuntesdesanluis.com\/\",\"name\":\"Apuntes de San Luis\",\"description\":\"\",\"publisher\":{\"@id\":\"https:\/\/apuntesdesanluis.com\/#\/schema\/person\/b55151d52296fcce64d1a72538a70b90\"},\"potentialAction\":[{\"@type\":\"SearchAction\",\"target\":{\"@type\":\"EntryPoint\",\"urlTemplate\":\"https:\/\/apuntesdesanluis.com\/?s={search_term_string}\"},\"query-input\":{\"@type\":\"PropertyValueSpecification\",\"valueRequired\":true,\"valueName\":\"search_term_string\"}}],\"inLanguage\":\"es-AR\"},{\"@type\":[\"Person\",\"Organization\"],\"@id\":\"https:\/\/apuntesdesanluis.com\/#\/schema\/person\/b55151d52296fcce64d1a72538a70b90\",\"name\":\"apuntesdesanluis.com\",\"image\":{\"@type\":\"ImageObject\",\"inLanguage\":\"es-AR\",\"@id\":\"https:\/\/apuntesdesanluis.com\/#\/schema\/person\/image\/\",\"url\":\"https:\/\/apuntesdesanluis.com\/wp-content\/uploads\/2023\/07\/cropped-apuntesdesanluis.png\",\"contentUrl\":\"https:\/\/apuntesdesanluis.com\/wp-content\/uploads\/2023\/07\/cropped-apuntesdesanluis.png\",\"width\":450,\"height\":112,\"caption\":\"apuntesdesanluis.com\"},\"logo\":{\"@id\":\"https:\/\/apuntesdesanluis.com\/#\/schema\/person\/image\/\"},\"sameAs\":[\"https:\/\/apuntesdesanluis.com\"],\"url\":\"https:\/\/apuntesdesanluis.com\/index.php\/author\/apuntesdesanluis-com\/\"}]}<\/script>\n<!-- \/ Yoast SEO plugin. -->","yoast_head_json":{"title":"JUICIO A DONALD TRUMP: EL JURADO DECLAR\u00d3 CULPABLE AL EX PRESIDENTE DE EEUU - Apuntes de San Luis","robots":{"index":"index","follow":"follow","max-snippet":"max-snippet:-1","max-image-preview":"max-image-preview:large","max-video-preview":"max-video-preview:-1"},"canonical":"https:\/\/apuntesdesanluis.com\/index.php\/2024\/05\/30\/juicio-a-donald-trump-el-jurado-declaro-culpable-al-ex-presidente-de-eeuu\/","og_locale":"es_ES","og_type":"article","og_title":"JUICIO A DONALD TRUMP: EL JURADO DECLAR\u00d3 CULPABLE AL EX PRESIDENTE DE EEUU - Apuntes de San Luis","og_description":"Los 12 integrantes del jurado designado en el juicio contra el ex presidente Donald Trump...","og_url":"https:\/\/apuntesdesanluis.com\/index.php\/2024\/05\/30\/juicio-a-donald-trump-el-jurado-declaro-culpable-al-ex-presidente-de-eeuu\/","og_site_name":"Apuntes de San Luis","article_published_time":"2024-05-31T01:14:22+00:00","og_image":[{"width":700,"height":422,"url":"https:\/\/apuntesdesanluis.com\/wp-content\/uploads\/2024\/05\/donald-trump.png","type":"image\/png"}],"author":"apuntesdesanluis.com","twitter_card":"summary_large_image","twitter_misc":{"Escrito por":"apuntesdesanluis.com","Tiempo de lectura":"5 minutos"},"schema":{"@context":"https:\/\/schema.org","@graph":[{"@type":"Article","@id":"https:\/\/apuntesdesanluis.com\/index.php\/2024\/05\/30\/juicio-a-donald-trump-el-jurado-declaro-culpable-al-ex-presidente-de-eeuu\/#article","isPartOf":{"@id":"https:\/\/apuntesdesanluis.com\/index.php\/2024\/05\/30\/juicio-a-donald-trump-el-jurado-declaro-culpable-al-ex-presidente-de-eeuu\/"},"author":{"name":"apuntesdesanluis.com","@id":"https:\/\/apuntesdesanluis.com\/#\/schema\/person\/b55151d52296fcce64d1a72538a70b90"},"headline":"JUICIO A DONALD TRUMP: EL JURADO DECLAR\u00d3 CULPABLE AL EX PRESIDENTE DE EEUU","datePublished":"2024-05-31T01:14:22+00:00","mainEntityOfPage":{"@id":"https:\/\/apuntesdesanluis.com\/index.php\/2024\/05\/30\/juicio-a-donald-trump-el-jurado-declaro-culpable-al-ex-presidente-de-eeuu\/"},"wordCount":945,"publisher":{"@id":"https:\/\/apuntesdesanluis.com\/#\/schema\/person\/b55151d52296fcce64d1a72538a70b90"},"image":{"@id":"https:\/\/apuntesdesanluis.com\/index.php\/2024\/05\/30\/juicio-a-donald-trump-el-jurado-declaro-culpable-al-ex-presidente-de-eeuu\/#primaryimage"},"thumbnailUrl":"https:\/\/apuntesdesanluis.com\/wp-content\/uploads\/2024\/05\/donald-trump.png","articleSection":["Nacionales\/Internacionales"],"inLanguage":"es-AR"},{"@type":"WebPage","@id":"https:\/\/apuntesdesanluis.com\/index.php\/2024\/05\/30\/juicio-a-donald-trump-el-jurado-declaro-culpable-al-ex-presidente-de-eeuu\/","url":"https:\/\/apuntesdesanluis.com\/index.php\/2024\/05\/30\/juicio-a-donald-trump-el-jurado-declaro-culpable-al-ex-presidente-de-eeuu\/","name":"JUICIO A DONALD TRUMP: EL JURADO DECLAR\u00d3 CULPABLE AL EX PRESIDENTE DE EEUU - Apuntes de San Luis","isPartOf":{"@id":"https:\/\/apuntesdesanluis.com\/#website"},"primaryImageOfPage":{"@id":"https:\/\/apuntesdesanluis.com\/index.php\/2024\/05\/30\/juicio-a-donald-trump-el-jurado-declaro-culpable-al-ex-presidente-de-eeuu\/#primaryimage"},"image":{"@id":"https:\/\/apuntesdesanluis.com\/index.php\/2024\/05\/30\/juicio-a-donald-trump-el-jurado-declaro-culpable-al-ex-presidente-de-eeuu\/#primaryimage"},"thumbnailUrl":"https:\/\/apuntesdesanluis.com\/wp-content\/uploads\/2024\/05\/donald-trump.png","datePublished":"2024-05-31T01:14:22+00:00","breadcrumb":{"@id":"https:\/\/apuntesdesanluis.com\/index.php\/2024\/05\/30\/juicio-a-donald-trump-el-jurado-declaro-culpable-al-ex-presidente-de-eeuu\/#breadcrumb"},"inLanguage":"es-AR","potentialAction":[{"@type":"ReadAction","target":["https:\/\/apuntesdesanluis.com\/index.php\/2024\/05\/30\/juicio-a-donald-trump-el-jurado-declaro-culpable-al-ex-presidente-de-eeuu\/"]}]},{"@type":"ImageObject","inLanguage":"es-AR","@id":"https:\/\/apuntesdesanluis.com\/index.php\/2024\/05\/30\/juicio-a-donald-trump-el-jurado-declaro-culpable-al-ex-presidente-de-eeuu\/#primaryimage","url":"https:\/\/apuntesdesanluis.com\/wp-content\/uploads\/2024\/05\/donald-trump.png","contentUrl":"https:\/\/apuntesdesanluis.com\/wp-content\/uploads\/2024\/05\/donald-trump.png","width":700,"height":422},{"@type":"BreadcrumbList","@id":"https:\/\/apuntesdesanluis.com\/index.php\/2024\/05\/30\/juicio-a-donald-trump-el-jurado-declaro-culpable-al-ex-presidente-de-eeuu\/#breadcrumb","itemListElement":[{"@type":"ListItem","position":1,"name":"Inicio","item":"https:\/\/apuntesdesanluis.com\/"},{"@type":"ListItem","position":2,"name":"JUICIO A DONALD TRUMP: EL JURADO DECLAR\u00d3 CULPABLE AL EX PRESIDENTE DE EEUU"}]},{"@type":"WebSite","@id":"https:\/\/apuntesdesanluis.com\/#website","url":"https:\/\/apuntesdesanluis.com\/","name":"Apuntes de San Luis","description":"","publisher":{"@id":"https:\/\/apuntesdesanluis.com\/#\/schema\/person\/b55151d52296fcce64d1a72538a70b90"},"potentialAction":[{"@type":"SearchAction","target":{"@type":"EntryPoint","urlTemplate":"https:\/\/apuntesdesanluis.com\/?s={search_term_string}"},"query-input":{"@type":"PropertyValueSpecification","valueRequired":true,"valueName":"search_term_string"}}],"inLanguage":"es-AR"},{"@type":["Person","Organization"],"@id":"https:\/\/apuntesdesanluis.com\/#\/schema\/person\/b55151d52296fcce64d1a72538a70b90","name":"apuntesdesanluis.com","image":{"@type":"ImageObject","inLanguage":"es-AR","@id":"https:\/\/apuntesdesanluis.com\/#\/schema\/person\/image\/","url":"https:\/\/apuntesdesanluis.com\/wp-content\/uploads\/2023\/07\/cropped-apuntesdesanluis.png","contentUrl":"https:\/\/apuntesdesanluis.com\/wp-content\/uploads\/2023\/07\/cropped-apuntesdesanluis.png","width":450,"height":112,"caption":"apuntesdesanluis.com"},"logo":{"@id":"https:\/\/apuntesdesanluis.com\/#\/schema\/person\/image\/"},"sameAs":["https:\/\/apuntesdesanluis.com"],"url":"https:\/\/apuntesdesanluis.com\/index.php\/author\/apuntesdesanluis-com\/"}]}},"featured_image_urls":{"full":["https:\/\/apuntesdesanluis.com\/wp-content\/uploads\/2024\/05\/donald-trump.png",700,422,false],"thumbnail":["https:\/\/apuntesdesanluis.com\/wp-content\/uploads\/2024\/05\/donald-trump-150x150.png",150,150,true],"medium":["https:\/\/apuntesdesanluis.com\/wp-content\/uploads\/2024\/05\/donald-trump-300x181.png",300,181,true],"medium_large":["https:\/\/apuntesdesanluis.com\/wp-content\/uploads\/2024\/05\/donald-trump.png",640,386,false],"large":["https:\/\/apuntesdesanluis.com\/wp-content\/uploads\/2024\/05\/donald-trump.png",640,386,false],"1536x1536":["https:\/\/apuntesdesanluis.com\/wp-content\/uploads\/2024\/05\/donald-trump.png",700,422,false],"2048x2048":["https:\/\/apuntesdesanluis.com\/wp-content\/uploads\/2024\/05\/donald-trump.png",700,422,false],"newsever-slider-full":["https:\/\/apuntesdesanluis.com\/wp-content\/uploads\/2024\/05\/donald-trump.png",700,422,false],"newsever-featured":["https:\/\/apuntesdesanluis.com\/wp-content\/uploads\/2024\/05\/donald-trump.png",700,422,false],"newsever-medium":["https:\/\/apuntesdesanluis.com\/wp-content\/uploads\/2024\/05\/donald-trump.png",700,422,false]},"author_info":{"display_name":"apuntesdesanluis.com","author_link":"https:\/\/apuntesdesanluis.com\/index.php\/author\/apuntesdesanluis-com\/"},"category_info":"<a href=\"https:\/\/apuntesdesanluis.com\/index.php\/category\/nacionales-internacionales\/\" rel=\"category tag\">Nacionales\/Internacionales<\/a>","tag_info":"Nacionales\/Internacionales","comment_count":"0","_links":{"self":[{"href":"https:\/\/apuntesdesanluis.com\/index.php\/wp-json\/wp\/v2\/posts\/17163","targetHints":{"allow":["GET"]}}],"collection":[{"href":"https:\/\/apuntesdesanluis.com\/index.php\/wp-json\/wp\/v2\/posts"}],"about":[{"href":"https:\/\/apuntesdesanluis.com\/index.php\/wp-json\/wp\/v2\/types\/post"}],"author":[{"embeddable":true,"href":"https:\/\/apuntesdesanluis.com\/index.php\/wp-json\/wp\/v2\/users\/1"}],"replies":[{"embeddable":true,"href":"https:\/\/apuntesdesanluis.com\/index.php\/wp-json\/wp\/v2\/comments?post=17163"}],"version-history":[{"count":1,"href":"https:\/\/apuntesdesanluis.com\/index.php\/wp-json\/wp\/v2\/posts\/17163\/revisions"}],"predecessor-version":[{"id":17167,"href":"https:\/\/apuntesdesanluis.com\/index.php\/wp-json\/wp\/v2\/posts\/17163\/revisions\/17167"}],"wp:featuredmedia":[{"embeddable":true,"href":"https:\/\/apuntesdesanluis.com\/index.php\/wp-json\/wp\/v2\/media\/17164"}],"wp:attachment":[{"href":"https:\/\/apuntesdesanluis.com\/index.php\/wp-json\/wp\/v2\/media?parent=17163"}],"wp:term":[{"taxonomy":"category","embeddable":true,"href":"https:\/\/apuntesdesanluis.com\/index.php\/wp-json\/wp\/v2\/categories?post=17163"},{"taxonomy":"post_tag","embeddable":true,"href":"https:\/\/apuntesdesanluis.com\/index.php\/wp-json\/wp\/v2\/tags?post=17163"}],"curies":[{"name":"wp","href":"https:\/\/api.w.org\/{rel}","templated":true}]}}