{"id":17168,"date":"2024-05-30T22:39:42","date_gmt":"2024-05-31T01:39:42","guid":{"rendered":"https:\/\/apuntesdesanluis.com\/?p=17168"},"modified":"2024-05-30T22:54:42","modified_gmt":"2024-05-31T01:54:42","slug":"el-gobierno-echo-a-pablo-de-la-torre-de-capital-humano-por-alimentos-almacenados-vencidos","status":"publish","type":"post","link":"https:\/\/apuntesdesanluis.com\/index.php\/2024\/05\/30\/el-gobierno-echo-a-pablo-de-la-torre-de-capital-humano-por-alimentos-almacenados-vencidos\/","title":{"rendered":"EL GOBIERNO ECH\u00d3 A PABLO DE LA TORRE DE CAPITAL HUMANO POR ALIMENTOS ALMACENADOS VENCIDOS"},"content":{"rendered":"<h3>El Gobierno decidi\u00f3 echar este jueves al secretario de Ni\u00f1ez y Familia del Ministerio de Capital Humano, <strong>Pablo de la Torre<\/strong>, en medio de la pol\u00e9mica por los alimentos que estaban almacenados y que no fueron repartidos.<\/h3>\n<h3>\u201cEl Ministerio de Capital Humano, a cargo de <strong>Sandra Pettovello<\/strong>, informa que a ra\u00edz de una informaci\u00f3n recibida sobre el estado y fechas de vencimiento de determinados productos adquiridos por el gobierno anterior (los cuales se encuentran en los galpones de Villa Martelli y de Taf\u00ed Viejo, en la provincia de Tucum\u00e1n, del ex Ministerio de Desarrollo Social), ha llevado a cabo una auditor\u00eda y ha decidido limitar las competencias de los funcionarios y empleados responsables que, por mal desempe\u00f1o de sus tareas, no han realizado un control permanente de stock y de vencimiento de mercader\u00eda\u201d, expres\u00f3 la cartera en un comunicado.<\/h3>\n<h3>Adem\u00e1s, agreg\u00f3: \u201cSe realizar\u00e1n las investigaciones administrativas correspondientes, asimismo, se pone en marcha un protocolo para la entrega inmediata de los alimentos de pr\u00f3ximo vencimiento por medio del Ej\u00e9rcito Argentino para garantizar una log\u00edstica r\u00e1pida y eficiente\u201d.<\/h3>\n<h3>La decisi\u00f3n de desplazar a De la Torre coincidi\u00f3 con una semana de purga en el Gobierno Nacional, siendo la principal salida la del ex jefe de Gabinete, <strong>Nicol\u00e1s Posse<\/strong>.<\/h3>\n<h3>El s\u00e1bado pasado, De la Torre hab\u00eda asegurado que los alimentos que hab\u00eda en stock &#8220;est\u00e1n en perfecto estado&#8221; y est\u00e1n destinados &#8220;para todo lo que son emergencias&#8221;.<\/h3>\n<h3>&#8220;La comida est\u00e1 en perfecto estado, no est\u00e1 vencida, no se est\u00e1 pudriendo y se utiliza directamente para todo lo que son emergencias. En la Argentina hay una cat\u00e1strofe cada 10 o 15 d\u00edas y hay que asistir&#8221;, sostuvo el entonces secretario de Ni\u00f1ez y Familia del Ministerio de Capital Humano.<\/h3>\n<h3>Sin embargo, la cartera inform\u00f3 que hab\u00eda alimentos caducos que no hab\u00edan sido repartidos y culp\u00f3 a esa secretar\u00eda por no llevar un control de los mismos.<\/h3>\n<h3>La pol\u00e9mica por los alimentos no repartidos comenz\u00f3 la semana pasada, cuando dirigentes opositores denunciaron que hab\u00eda mercader\u00eda sin utilizar, que podr\u00eda ser entregada a los comedores.<\/h3>\n<h3>El Gobierno primero dijo que los productos no estaban vencidos, pero al comprobar lo contrario, tom\u00f3 la decisi\u00f3n de desplazar de su cargo a De la Torre, hermano de Joaqu\u00edn de la Torre, el ex intendente de San Miguel.<\/h3>\n<h3>\u201cFue un honor ser parte del Gobierno Nacional durante estos meses. Seguir\u00e9 trabajando por nuestra Patria desde el lugar que me toque. Pido a Dios que ilumine al presidente Milei en la enorme tarea que es sacar a este pa\u00eds adelante\u201d, public\u00f3 el ex funcionario en su cuenta de X.<\/h3>\n<p>&nbsp;<\/p>\n<p>&nbsp;<\/p>\n<p>&nbsp;<\/p>\n<p>&nbsp;<\/p>\n<p>&nbsp;<\/p>\n<p>&nbsp;<\/p>\n<p>&nbsp;<\/p>\n<p>&nbsp;<\/p>\n<p>&nbsp;<\/p>\n","protected":false},"excerpt":{"rendered":"<p>El Gobierno decidi\u00f3 echar este jueves al secretario de Ni\u00f1ez y Familia del Ministerio de&#8230;<\/p>\n","protected":false},"author":1,"featured_media":17169,"comment_status":"closed","ping_status":"closed","sticky":false,"template":"","format":"standard","meta":{"footnotes":""},"categories":[5],"tags":[],"class_list":["post-17168","post","type-post","status-publish","format-standard","has-post-thumbnail","hentry","category-nacionales-internacionales"],"yoast_head":"<!-- This site is optimized with the Yoast SEO plugin v26.1.1 - https:\/\/yoast.com\/wordpress\/plugins\/seo\/ -->\n<title>EL GOBIERNO ECH\u00d3 A PABLO DE LA TORRE DE CAPITAL HUMANO POR ALIMENTOS ALMACENADOS VENCIDOS - Apuntes de San Luis<\/title>\n<meta name=\"robots\" content=\"index, follow, max-snippet:-1, max-image-preview:large, max-video-preview:-1\" \/>\n<link rel=\"canonical\" href=\"https:\/\/apuntesdesanluis.com\/index.php\/2024\/05\/30\/el-gobierno-echo-a-pablo-de-la-torre-de-capital-humano-por-alimentos-almacenados-vencidos\/\" \/>\n<meta property=\"og:locale\" content=\"es_ES\" \/>\n<meta property=\"og:type\" content=\"article\" \/>\n<meta property=\"og:title\" content=\"EL GOBIERNO ECH\u00d3 A PABLO DE LA TORRE DE CAPITAL HUMANO POR ALIMENTOS ALMACENADOS VENCIDOS - Apuntes de San Luis\" \/>\n<meta property=\"og:description\" content=\"El Gobierno decidi\u00f3 echar este jueves al secretario de Ni\u00f1ez y Familia del Ministerio de...\" \/>\n<meta property=\"og:url\" content=\"https:\/\/apuntesdesanluis.com\/index.php\/2024\/05\/30\/el-gobierno-echo-a-pablo-de-la-torre-de-capital-humano-por-alimentos-almacenados-vencidos\/\" \/>\n<meta property=\"og:site_name\" content=\"Apuntes de San Luis\" \/>\n<meta property=\"article:published_time\" content=\"2024-05-31T01:39:42+00:00\" \/>\n<meta property=\"article:modified_time\" content=\"2024-05-31T01:54:42+00:00\" \/>\n<meta property=\"og:image\" content=\"https:\/\/apuntesdesanluis.com\/wp-content\/uploads\/2024\/05\/pablo-de-la-torre-con-pettovello.png\" \/>\n\t<meta property=\"og:image:width\" content=\"700\" \/>\n\t<meta property=\"og:image:height\" content=\"453\" \/>\n\t<meta property=\"og:image:type\" content=\"image\/png\" \/>\n<meta name=\"author\" content=\"apuntesdesanluis.com\" \/>\n<meta name=\"twitter:card\" content=\"summary_large_image\" \/>\n<meta name=\"twitter:label1\" content=\"Escrito por\" \/>\n\t<meta name=\"twitter:data1\" content=\"apuntesdesanluis.com\" \/>\n\t<meta name=\"twitter:label2\" content=\"Tiempo de lectura\" \/>\n\t<meta name=\"twitter:data2\" content=\"3 minutos\" \/>\n<script type=\"application\/ld+json\" class=\"yoast-schema-graph\">{\"@context\":\"https:\/\/schema.org\",\"@graph\":[{\"@type\":\"Article\",\"@id\":\"https:\/\/apuntesdesanluis.com\/index.php\/2024\/05\/30\/el-gobierno-echo-a-pablo-de-la-torre-de-capital-humano-por-alimentos-almacenados-vencidos\/#article\",\"isPartOf\":{\"@id\":\"https:\/\/apuntesdesanluis.com\/index.php\/2024\/05\/30\/el-gobierno-echo-a-pablo-de-la-torre-de-capital-humano-por-alimentos-almacenados-vencidos\/\"},\"author\":{\"name\":\"apuntesdesanluis.com\",\"@id\":\"https:\/\/apuntesdesanluis.com\/#\/schema\/person\/b55151d52296fcce64d1a72538a70b90\"},\"headline\":\"EL GOBIERNO ECH\u00d3 A PABLO DE LA TORRE DE CAPITAL HUMANO POR ALIMENTOS ALMACENADOS VENCIDOS\",\"datePublished\":\"2024-05-31T01:39:42+00:00\",\"dateModified\":\"2024-05-31T01:54:42+00:00\",\"mainEntityOfPage\":{\"@id\":\"https:\/\/apuntesdesanluis.com\/index.php\/2024\/05\/30\/el-gobierno-echo-a-pablo-de-la-torre-de-capital-humano-por-alimentos-almacenados-vencidos\/\"},\"wordCount\":484,\"publisher\":{\"@id\":\"https:\/\/apuntesdesanluis.com\/#\/schema\/person\/b55151d52296fcce64d1a72538a70b90\"},\"image\":{\"@id\":\"https:\/\/apuntesdesanluis.com\/index.php\/2024\/05\/30\/el-gobierno-echo-a-pablo-de-la-torre-de-capital-humano-por-alimentos-almacenados-vencidos\/#primaryimage\"},\"thumbnailUrl\":\"https:\/\/apuntesdesanluis.com\/wp-content\/uploads\/2024\/05\/pablo-de-la-torre-con-pettovello.png\",\"articleSection\":[\"Nacionales\/Internacionales\"],\"inLanguage\":\"es-AR\"},{\"@type\":\"WebPage\",\"@id\":\"https:\/\/apuntesdesanluis.com\/index.php\/2024\/05\/30\/el-gobierno-echo-a-pablo-de-la-torre-de-capital-humano-por-alimentos-almacenados-vencidos\/\",\"url\":\"https:\/\/apuntesdesanluis.com\/index.php\/2024\/05\/30\/el-gobierno-echo-a-pablo-de-la-torre-de-capital-humano-por-alimentos-almacenados-vencidos\/\",\"name\":\"EL GOBIERNO ECH\u00d3 A PABLO DE LA TORRE DE CAPITAL HUMANO POR ALIMENTOS ALMACENADOS VENCIDOS - Apuntes de San Luis\",\"isPartOf\":{\"@id\":\"https:\/\/apuntesdesanluis.com\/#website\"},\"primaryImageOfPage\":{\"@id\":\"https:\/\/apuntesdesanluis.com\/index.php\/2024\/05\/30\/el-gobierno-echo-a-pablo-de-la-torre-de-capital-humano-por-alimentos-almacenados-vencidos\/#primaryimage\"},\"image\":{\"@id\":\"https:\/\/apuntesdesanluis.com\/index.php\/2024\/05\/30\/el-gobierno-echo-a-pablo-de-la-torre-de-capital-humano-por-alimentos-almacenados-vencidos\/#primaryimage\"},\"thumbnailUrl\":\"https:\/\/apuntesdesanluis.com\/wp-content\/uploads\/2024\/05\/pablo-de-la-torre-con-pettovello.png\",\"datePublished\":\"2024-05-31T01:39:42+00:00\",\"dateModified\":\"2024-05-31T01:54:42+00:00\",\"breadcrumb\":{\"@id\":\"https:\/\/apuntesdesanluis.com\/index.php\/2024\/05\/30\/el-gobierno-echo-a-pablo-de-la-torre-de-capital-humano-por-alimentos-almacenados-vencidos\/#breadcrumb\"},\"inLanguage\":\"es-AR\",\"potentialAction\":[{\"@type\":\"ReadAction\",\"target\":[\"https:\/\/apuntesdesanluis.com\/index.php\/2024\/05\/30\/el-gobierno-echo-a-pablo-de-la-torre-de-capital-humano-por-alimentos-almacenados-vencidos\/\"]}]},{\"@type\":\"ImageObject\",\"inLanguage\":\"es-AR\",\"@id\":\"https:\/\/apuntesdesanluis.com\/index.php\/2024\/05\/30\/el-gobierno-echo-a-pablo-de-la-torre-de-capital-humano-por-alimentos-almacenados-vencidos\/#primaryimage\",\"url\":\"https:\/\/apuntesdesanluis.com\/wp-content\/uploads\/2024\/05\/pablo-de-la-torre-con-pettovello.png\",\"contentUrl\":\"https:\/\/apuntesdesanluis.com\/wp-content\/uploads\/2024\/05\/pablo-de-la-torre-con-pettovello.png\",\"width\":700,\"height\":453},{\"@type\":\"BreadcrumbList\",\"@id\":\"https:\/\/apuntesdesanluis.com\/index.php\/2024\/05\/30\/el-gobierno-echo-a-pablo-de-la-torre-de-capital-humano-por-alimentos-almacenados-vencidos\/#breadcrumb\",\"itemListElement\":[{\"@type\":\"ListItem\",\"position\":1,\"name\":\"Inicio\",\"item\":\"https:\/\/apuntesdesanluis.com\/\"},{\"@type\":\"ListItem\",\"position\":2,\"name\":\"EL GOBIERNO ECH\u00d3 A PABLO DE LA TORRE DE CAPITAL HUMANO POR ALIMENTOS ALMACENADOS VENCIDOS\"}]},{\"@type\":\"WebSite\",\"@id\":\"https:\/\/apuntesdesanluis.com\/#website\",\"url\":\"https:\/\/apuntesdesanluis.com\/\",\"name\":\"Apuntes de San Luis\",\"description\":\"\",\"publisher\":{\"@id\":\"https:\/\/apuntesdesanluis.com\/#\/schema\/person\/b55151d52296fcce64d1a72538a70b90\"},\"potentialAction\":[{\"@type\":\"SearchAction\",\"target\":{\"@type\":\"EntryPoint\",\"urlTemplate\":\"https:\/\/apuntesdesanluis.com\/?s={search_term_string}\"},\"query-input\":{\"@type\":\"PropertyValueSpecification\",\"valueRequired\":true,\"valueName\":\"search_term_string\"}}],\"inLanguage\":\"es-AR\"},{\"@type\":[\"Person\",\"Organization\"],\"@id\":\"https:\/\/apuntesdesanluis.com\/#\/schema\/person\/b55151d52296fcce64d1a72538a70b90\",\"name\":\"apuntesdesanluis.com\",\"image\":{\"@type\":\"ImageObject\",\"inLanguage\":\"es-AR\",\"@id\":\"https:\/\/apuntesdesanluis.com\/#\/schema\/person\/image\/\",\"url\":\"https:\/\/apuntesdesanluis.com\/wp-content\/uploads\/2023\/07\/cropped-apuntesdesanluis.png\",\"contentUrl\":\"https:\/\/apuntesdesanluis.com\/wp-content\/uploads\/2023\/07\/cropped-apuntesdesanluis.png\",\"width\":450,\"height\":112,\"caption\":\"apuntesdesanluis.com\"},\"logo\":{\"@id\":\"https:\/\/apuntesdesanluis.com\/#\/schema\/person\/image\/\"},\"sameAs\":[\"https:\/\/apuntesdesanluis.com\"],\"url\":\"https:\/\/apuntesdesanluis.com\/index.php\/author\/apuntesdesanluis-com\/\"}]}<\/script>\n<!-- \/ Yoast SEO plugin. -->","yoast_head_json":{"title":"EL GOBIERNO ECH\u00d3 A PABLO DE LA TORRE DE CAPITAL HUMANO POR ALIMENTOS ALMACENADOS VENCIDOS - Apuntes de San Luis","robots":{"index":"index","follow":"follow","max-snippet":"max-snippet:-1","max-image-preview":"max-image-preview:large","max-video-preview":"max-video-preview:-1"},"canonical":"https:\/\/apuntesdesanluis.com\/index.php\/2024\/05\/30\/el-gobierno-echo-a-pablo-de-la-torre-de-capital-humano-por-alimentos-almacenados-vencidos\/","og_locale":"es_ES","og_type":"article","og_title":"EL GOBIERNO ECH\u00d3 A PABLO DE LA TORRE DE CAPITAL HUMANO POR ALIMENTOS ALMACENADOS VENCIDOS - Apuntes de San Luis","og_description":"El Gobierno decidi\u00f3 echar este jueves al secretario de Ni\u00f1ez y Familia del Ministerio de...","og_url":"https:\/\/apuntesdesanluis.com\/index.php\/2024\/05\/30\/el-gobierno-echo-a-pablo-de-la-torre-de-capital-humano-por-alimentos-almacenados-vencidos\/","og_site_name":"Apuntes de San Luis","article_published_time":"2024-05-31T01:39:42+00:00","article_modified_time":"2024-05-31T01:54:42+00:00","og_image":[{"width":700,"height":453,"url":"https:\/\/apuntesdesanluis.com\/wp-content\/uploads\/2024\/05\/pablo-de-la-torre-con-pettovello.png","type":"image\/png"}],"author":"apuntesdesanluis.com","twitter_card":"summary_large_image","twitter_misc":{"Escrito por":"apuntesdesanluis.com","Tiempo de lectura":"3 minutos"},"schema":{"@context":"https:\/\/schema.org","@graph":[{"@type":"Article","@id":"https:\/\/apuntesdesanluis.com\/index.php\/2024\/05\/30\/el-gobierno-echo-a-pablo-de-la-torre-de-capital-humano-por-alimentos-almacenados-vencidos\/#article","isPartOf":{"@id":"https:\/\/apuntesdesanluis.com\/index.php\/2024\/05\/30\/el-gobierno-echo-a-pablo-de-la-torre-de-capital-humano-por-alimentos-almacenados-vencidos\/"},"author":{"name":"apuntesdesanluis.com","@id":"https:\/\/apuntesdesanluis.com\/#\/schema\/person\/b55151d52296fcce64d1a72538a70b90"},"headline":"EL GOBIERNO ECH\u00d3 A PABLO DE LA TORRE DE CAPITAL HUMANO POR ALIMENTOS ALMACENADOS VENCIDOS","datePublished":"2024-05-31T01:39:42+00:00","dateModified":"2024-05-31T01:54:42+00:00","mainEntityOfPage":{"@id":"https:\/\/apuntesdesanluis.com\/index.php\/2024\/05\/30\/el-gobierno-echo-a-pablo-de-la-torre-de-capital-humano-por-alimentos-almacenados-vencidos\/"},"wordCount":484,"publisher":{"@id":"https:\/\/apuntesdesanluis.com\/#\/schema\/person\/b55151d52296fcce64d1a72538a70b90"},"image":{"@id":"https:\/\/apuntesdesanluis.com\/index.php\/2024\/05\/30\/el-gobierno-echo-a-pablo-de-la-torre-de-capital-humano-por-alimentos-almacenados-vencidos\/#primaryimage"},"thumbnailUrl":"https:\/\/apuntesdesanluis.com\/wp-content\/uploads\/2024\/05\/pablo-de-la-torre-con-pettovello.png","articleSection":["Nacionales\/Internacionales"],"inLanguage":"es-AR"},{"@type":"WebPage","@id":"https:\/\/apuntesdesanluis.com\/index.php\/2024\/05\/30\/el-gobierno-echo-a-pablo-de-la-torre-de-capital-humano-por-alimentos-almacenados-vencidos\/","url":"https:\/\/apuntesdesanluis.com\/index.php\/2024\/05\/30\/el-gobierno-echo-a-pablo-de-la-torre-de-capital-humano-por-alimentos-almacenados-vencidos\/","name":"EL GOBIERNO ECH\u00d3 A PABLO DE LA TORRE DE CAPITAL HUMANO POR ALIMENTOS ALMACENADOS VENCIDOS - Apuntes de San Luis","isPartOf":{"@id":"https:\/\/apuntesdesanluis.com\/#website"},"primaryImageOfPage":{"@id":"https:\/\/apuntesdesanluis.com\/index.php\/2024\/05\/30\/el-gobierno-echo-a-pablo-de-la-torre-de-capital-humano-por-alimentos-almacenados-vencidos\/#primaryimage"},"image":{"@id":"https:\/\/apuntesdesanluis.com\/index.php\/2024\/05\/30\/el-gobierno-echo-a-pablo-de-la-torre-de-capital-humano-por-alimentos-almacenados-vencidos\/#primaryimage"},"thumbnailUrl":"https:\/\/apuntesdesanluis.com\/wp-content\/uploads\/2024\/05\/pablo-de-la-torre-con-pettovello.png","datePublished":"2024-05-31T01:39:42+00:00","dateModified":"2024-05-31T01:54:42+00:00","breadcrumb":{"@id":"https:\/\/apuntesdesanluis.com\/index.php\/2024\/05\/30\/el-gobierno-echo-a-pablo-de-la-torre-de-capital-humano-por-alimentos-almacenados-vencidos\/#breadcrumb"},"inLanguage":"es-AR","potentialAction":[{"@type":"ReadAction","target":["https:\/\/apuntesdesanluis.com\/index.php\/2024\/05\/30\/el-gobierno-echo-a-pablo-de-la-torre-de-capital-humano-por-alimentos-almacenados-vencidos\/"]}]},{"@type":"ImageObject","inLanguage":"es-AR","@id":"https:\/\/apuntesdesanluis.com\/index.php\/2024\/05\/30\/el-gobierno-echo-a-pablo-de-la-torre-de-capital-humano-por-alimentos-almacenados-vencidos\/#primaryimage","url":"https:\/\/apuntesdesanluis.com\/wp-content\/uploads\/2024\/05\/pablo-de-la-torre-con-pettovello.png","contentUrl":"https:\/\/apuntesdesanluis.com\/wp-content\/uploads\/2024\/05\/pablo-de-la-torre-con-pettovello.png","width":700,"height":453},{"@type":"BreadcrumbList","@id":"https:\/\/apuntesdesanluis.com\/index.php\/2024\/05\/30\/el-gobierno-echo-a-pablo-de-la-torre-de-capital-humano-por-alimentos-almacenados-vencidos\/#breadcrumb","itemListElement":[{"@type":"ListItem","position":1,"name":"Inicio","item":"https:\/\/apuntesdesanluis.com\/"},{"@type":"ListItem","position":2,"name":"EL GOBIERNO ECH\u00d3 A PABLO DE LA TORRE DE CAPITAL HUMANO POR ALIMENTOS ALMACENADOS VENCIDOS"}]},{"@type":"WebSite","@id":"https:\/\/apuntesdesanluis.com\/#website","url":"https:\/\/apuntesdesanluis.com\/","name":"Apuntes de San Luis","description":"","publisher":{"@id":"https:\/\/apuntesdesanluis.com\/#\/schema\/person\/b55151d52296fcce64d1a72538a70b90"},"potentialAction":[{"@type":"SearchAction","target":{"@type":"EntryPoint","urlTemplate":"https:\/\/apuntesdesanluis.com\/?s={search_term_string}"},"query-input":{"@type":"PropertyValueSpecification","valueRequired":true,"valueName":"search_term_string"}}],"inLanguage":"es-AR"},{"@type":["Person","Organization"],"@id":"https:\/\/apuntesdesanluis.com\/#\/schema\/person\/b55151d52296fcce64d1a72538a70b90","name":"apuntesdesanluis.com","image":{"@type":"ImageObject","inLanguage":"es-AR","@id":"https:\/\/apuntesdesanluis.com\/#\/schema\/person\/image\/","url":"https:\/\/apuntesdesanluis.com\/wp-content\/uploads\/2023\/07\/cropped-apuntesdesanluis.png","contentUrl":"https:\/\/apuntesdesanluis.com\/wp-content\/uploads\/2023\/07\/cropped-apuntesdesanluis.png","width":450,"height":112,"caption":"apuntesdesanluis.com"},"logo":{"@id":"https:\/\/apuntesdesanluis.com\/#\/schema\/person\/image\/"},"sameAs":["https:\/\/apuntesdesanluis.com"],"url":"https:\/\/apuntesdesanluis.com\/index.php\/author\/apuntesdesanluis-com\/"}]}},"featured_image_urls":{"full":["https:\/\/apuntesdesanluis.com\/wp-content\/uploads\/2024\/05\/pablo-de-la-torre-con-pettovello.png",700,453,false],"thumbnail":["https:\/\/apuntesdesanluis.com\/wp-content\/uploads\/2024\/05\/pablo-de-la-torre-con-pettovello-150x150.png",150,150,true],"medium":["https:\/\/apuntesdesanluis.com\/wp-content\/uploads\/2024\/05\/pablo-de-la-torre-con-pettovello-300x194.png",300,194,true],"medium_large":["https:\/\/apuntesdesanluis.com\/wp-content\/uploads\/2024\/05\/pablo-de-la-torre-con-pettovello.png",640,414,false],"large":["https:\/\/apuntesdesanluis.com\/wp-content\/uploads\/2024\/05\/pablo-de-la-torre-con-pettovello.png",640,414,false],"1536x1536":["https:\/\/apuntesdesanluis.com\/wp-content\/uploads\/2024\/05\/pablo-de-la-torre-con-pettovello.png",700,453,false],"2048x2048":["https:\/\/apuntesdesanluis.com\/wp-content\/uploads\/2024\/05\/pablo-de-la-torre-con-pettovello.png",700,453,false],"newsever-slider-full":["https:\/\/apuntesdesanluis.com\/wp-content\/uploads\/2024\/05\/pablo-de-la-torre-con-pettovello.png",700,453,false],"newsever-featured":["https:\/\/apuntesdesanluis.com\/wp-content\/uploads\/2024\/05\/pablo-de-la-torre-con-pettovello.png",700,453,false],"newsever-medium":["https:\/\/apuntesdesanluis.com\/wp-content\/uploads\/2024\/05\/pablo-de-la-torre-con-pettovello.png",700,453,false]},"author_info":{"display_name":"apuntesdesanluis.com","author_link":"https:\/\/apuntesdesanluis.com\/index.php\/author\/apuntesdesanluis-com\/"},"category_info":"<a href=\"https:\/\/apuntesdesanluis.com\/index.php\/category\/nacionales-internacionales\/\" rel=\"category tag\">Nacionales\/Internacionales<\/a>","tag_info":"Nacionales\/Internacionales","comment_count":"0","_links":{"self":[{"href":"https:\/\/apuntesdesanluis.com\/index.php\/wp-json\/wp\/v2\/posts\/17168","targetHints":{"allow":["GET"]}}],"collection":[{"href":"https:\/\/apuntesdesanluis.com\/index.php\/wp-json\/wp\/v2\/posts"}],"about":[{"href":"https:\/\/apuntesdesanluis.com\/index.php\/wp-json\/wp\/v2\/types\/post"}],"author":[{"embeddable":true,"href":"https:\/\/apuntesdesanluis.com\/index.php\/wp-json\/wp\/v2\/users\/1"}],"replies":[{"embeddable":true,"href":"https:\/\/apuntesdesanluis.com\/index.php\/wp-json\/wp\/v2\/comments?post=17168"}],"version-history":[{"count":2,"href":"https:\/\/apuntesdesanluis.com\/index.php\/wp-json\/wp\/v2\/posts\/17168\/revisions"}],"predecessor-version":[{"id":17171,"href":"https:\/\/apuntesdesanluis.com\/index.php\/wp-json\/wp\/v2\/posts\/17168\/revisions\/17171"}],"wp:featuredmedia":[{"embeddable":true,"href":"https:\/\/apuntesdesanluis.com\/index.php\/wp-json\/wp\/v2\/media\/17169"}],"wp:attachment":[{"href":"https:\/\/apuntesdesanluis.com\/index.php\/wp-json\/wp\/v2\/media?parent=17168"}],"wp:term":[{"taxonomy":"category","embeddable":true,"href":"https:\/\/apuntesdesanluis.com\/index.php\/wp-json\/wp\/v2\/categories?post=17168"},{"taxonomy":"post_tag","embeddable":true,"href":"https:\/\/apuntesdesanluis.com\/index.php\/wp-json\/wp\/v2\/tags?post=17168"}],"curies":[{"name":"wp","href":"https:\/\/api.w.org\/{rel}","templated":true}]}}