{"id":17172,"date":"2024-05-30T23:07:41","date_gmt":"2024-05-31T02:07:41","guid":{"rendered":"https:\/\/apuntesdesanluis.com\/?p=17172"},"modified":"2024-05-30T23:07:41","modified_gmt":"2024-05-31T02:07:41","slug":"la-justicia-ordeno-investigar-el-uso-de-glifosato-en-tierras-de-pueblos-originarios","status":"publish","type":"post","link":"https:\/\/apuntesdesanluis.com\/index.php\/2024\/05\/30\/la-justicia-ordeno-investigar-el-uso-de-glifosato-en-tierras-de-pueblos-originarios\/","title":{"rendered":"LA JUSTICIA ORDEN\u00d3 INVESTIGAR EL USO DE GLIFOSATO EN TIERRAS DE PUEBLOS ORIGINARIOS"},"content":{"rendered":"<h3>Lo hizo la <strong>Sala I de la C\u00e1mara Federal de Casaci\u00f3n Penal<\/strong>. Se investiga contaminaci\u00f3n del agua, suelo y aire por el uso de agrot\u00f3xicos que causaron s\u00edntomas en personas y animales.<\/h3>\n<h3>Los denunciantes relataron que, a partir de la aplicaci\u00f3n de glifosato sobre las tierras, los animales hab\u00edan comenzado a morir y los habitantes de la comunidad presentaban brotes en todo el cuerpo, dolores de cabeza, manchas en la piel y otras dolencias.<\/h3>\n<h3>Un fallo de la la Sala I de la C\u00e1mara Federal de Casaci\u00f3n Penal, integrada por los jueces Daniel Petrone, Diego Barroetave\u00f1a y Alejandro Slokar, orden\u00f3 que se investigue el uso de agrot\u00f3xicos, concretamente de glifosato, en tierras de pueblos originarios a ra\u00edz de una denuncia por contaminaci\u00f3n del agua, suelo y aire.<\/h3>\n<p><img fetchpriority=\"high\" decoding=\"async\" class=\"wp-image-17175 aligncenter\" src=\"https:\/\/apuntesdesanluis.com\/wp-content\/uploads\/2024\/05\/ABORIGEN-300x199.png\" alt=\"\" width=\"588\" height=\"390\" srcset=\"https:\/\/apuntesdesanluis.com\/wp-content\/uploads\/2024\/05\/ABORIGEN-300x199.png 300w, https:\/\/apuntesdesanluis.com\/wp-content\/uploads\/2024\/05\/ABORIGEN.png 573w\" sizes=\"(max-width: 588px) 100vw, 588px\" \/><\/p>\n<h3>La Sala hizo lugar un recurso de Casaci\u00f3n y anul\u00f3 la resoluci\u00f3n de la C\u00e1mara Federal de Apelaciones de Tucum\u00e1n que confirm\u00f3 la declinatoria de competencia resuelta por el juez de primera instancia de Santiago del Estero quien entendi\u00f3 que correspond\u00eda el pase a la justicia provincial.<\/h3>\n<h3>La causa se inici\u00f3 a partir de una denuncia interpuesta por miembros de la Comunidad Ind\u00edgena \u201cSentimiento de mi Tierra\u201d, perteneciente al pueblo originario Sanavir\u00f3n, de la provincia de Santiago del Estero, quienes advirtieron acerca de la contaminaci\u00f3n ambiental del agua, suelo y aire, motivada por la aplicaci\u00f3n de agrot\u00f3xicos en la producci\u00f3n agr\u00edcola de una zona pr\u00f3xima a la que habitan, cercana a la localidad de Pinto.<\/h3>\n<h3>Los denunciantes relataron que, a partir de la aplicaci\u00f3n de glifosato sobre las tierras, los animales hab\u00edan comenzado a morir y los habitantes de la comunidad presentaban brotes en todo el cuerpo, dolores de cabeza, manchas en la piel y otras dolencias. Tambi\u00e9n indicaron que, una vez finalizadas las tareas de fumigaci\u00f3n, los agroqu\u00edmicos permanec\u00edan almacenados en los dep\u00f3sitos de agua y aljibes que se utilizan para beber.<\/h3>\n<h3>El juez Slokar, que lider\u00f3 el acuerdo y a cuyo voto adhirieron los jueces Petrone y Barroetave\u00f1a, al hacer lugar a la petici\u00f3n del acusador evoc\u00f3 el informe confeccionado desde el INTA (Instituto Nacional de Tecnolog\u00eda Agropecuaria) y en base a ello sostuvo que: \u201cLos derechos humanos a la salud, a la alimentaci\u00f3n, al agua, al medio ambiente, a la vivienda, a la tierra y a los derechos de los pueblos ind\u00edgenas y comunidades campesinas resultan vulnerados a trav\u00e9s del empleo de agroqu\u00edmicos elaborados con atrazina o glifosato\u201d, advirtiendo que las consecuencias del da\u00f1o pueden \u201c\u2026diferirse en el tiempo y extenderse en el espacio, al punto de comprometer a las generaciones futuras\u201d.<\/h3>\n<p><img decoding=\"async\" class=\"wp-image-17173 aligncenter\" src=\"https:\/\/apuntesdesanluis.com\/wp-content\/uploads\/2024\/05\/GLIFOSATO-300x174.png\" alt=\"\" width=\"655\" height=\"380\" srcset=\"https:\/\/apuntesdesanluis.com\/wp-content\/uploads\/2024\/05\/GLIFOSATO-300x174.png 300w, https:\/\/apuntesdesanluis.com\/wp-content\/uploads\/2024\/05\/GLIFOSATO.png 700w\" sizes=\"(max-width: 655px) 100vw, 655px\" \/><\/p>\n<h3>En su voto, se\u00f1al\u00f3 tambi\u00e9n que: \u201cSe trata del impacto socioambiental y sociosanitario de un insumo considerado potencialmente cancer\u00edgeno en raz\u00f3n de las intensivas fumigaciones a\u00e9reas que provocaron muertes o deformaciones en animales y padecimientos en adultos y ni\u00f1os\u201d, y advirti\u00f3 que: \u201c\u2026las consecuencias de la matriz que privilegia el modelo extractivo provoca negativos impactos ambientales, culturales, sociales y humanos\u201d. Frente a este panorama exhort\u00f3 \u201c\u2026la urgente adopci\u00f3n de cuanta medida sea indispensable para impedir la degradaci\u00f3n y contaminaci\u00f3n ambiental y el da\u00f1o a la salud de la comunidad\u201d.<\/h3>\n<h3>Finalmente, Slokar destac\u00f3 el imperativo por el cual \u201c\u2026los Estados deben adoptar medidas especiales y espec\u00edficas destinadas a proteger, favorecer y mejorar el ejercicio de los derechos humanos por los pueblos ind\u00edgenas y tribales y sus miembros\u201d.<\/h3>\n<p>&nbsp;<\/p>\n<p>&nbsp;<\/p>\n<p>&nbsp;<\/p>\n<p>&nbsp;<\/p>\n<p>&nbsp;<\/p>\n<p>&nbsp;<\/p>\n","protected":false},"excerpt":{"rendered":"<p>Lo hizo la Sala I de la C\u00e1mara Federal de Casaci\u00f3n Penal. Se investiga contaminaci\u00f3n&#8230;<\/p>\n","protected":false},"author":1,"featured_media":17174,"comment_status":"closed","ping_status":"closed","sticky":false,"template":"","format":"standard","meta":{"footnotes":""},"categories":[5],"tags":[],"class_list":["post-17172","post","type-post","status-publish","format-standard","has-post-thumbnail","hentry","category-nacionales-internacionales"],"yoast_head":"<!-- This site is optimized with the Yoast SEO plugin v26.1.1 - https:\/\/yoast.com\/wordpress\/plugins\/seo\/ -->\n<title>LA JUSTICIA ORDEN\u00d3 INVESTIGAR EL USO DE GLIFOSATO EN TIERRAS DE PUEBLOS ORIGINARIOS - Apuntes de San Luis<\/title>\n<meta name=\"robots\" content=\"index, follow, max-snippet:-1, max-image-preview:large, max-video-preview:-1\" \/>\n<link rel=\"canonical\" href=\"https:\/\/apuntesdesanluis.com\/index.php\/2024\/05\/30\/la-justicia-ordeno-investigar-el-uso-de-glifosato-en-tierras-de-pueblos-originarios\/\" \/>\n<meta property=\"og:locale\" content=\"es_ES\" \/>\n<meta property=\"og:type\" content=\"article\" \/>\n<meta property=\"og:title\" content=\"LA JUSTICIA ORDEN\u00d3 INVESTIGAR EL USO DE GLIFOSATO EN TIERRAS DE PUEBLOS ORIGINARIOS - Apuntes de San Luis\" \/>\n<meta property=\"og:description\" content=\"Lo hizo la Sala I de la C\u00e1mara Federal de Casaci\u00f3n Penal. Se investiga contaminaci\u00f3n...\" \/>\n<meta property=\"og:url\" content=\"https:\/\/apuntesdesanluis.com\/index.php\/2024\/05\/30\/la-justicia-ordeno-investigar-el-uso-de-glifosato-en-tierras-de-pueblos-originarios\/\" \/>\n<meta property=\"og:site_name\" content=\"Apuntes de San Luis\" \/>\n<meta property=\"article:published_time\" content=\"2024-05-31T02:07:41+00:00\" \/>\n<meta property=\"og:image\" content=\"https:\/\/apuntesdesanluis.com\/wp-content\/uploads\/2024\/05\/TRACTOR-GLIFOSATO.png\" \/>\n\t<meta property=\"og:image:width\" content=\"700\" \/>\n\t<meta property=\"og:image:height\" content=\"413\" \/>\n\t<meta property=\"og:image:type\" content=\"image\/png\" \/>\n<meta name=\"author\" content=\"apuntesdesanluis.com\" \/>\n<meta name=\"twitter:card\" content=\"summary_large_image\" \/>\n<meta name=\"twitter:label1\" content=\"Escrito por\" \/>\n\t<meta name=\"twitter:data1\" content=\"apuntesdesanluis.com\" \/>\n\t<meta name=\"twitter:label2\" content=\"Tiempo de lectura\" \/>\n\t<meta name=\"twitter:data2\" content=\"4 minutos\" \/>\n<script type=\"application\/ld+json\" class=\"yoast-schema-graph\">{\"@context\":\"https:\/\/schema.org\",\"@graph\":[{\"@type\":\"Article\",\"@id\":\"https:\/\/apuntesdesanluis.com\/index.php\/2024\/05\/30\/la-justicia-ordeno-investigar-el-uso-de-glifosato-en-tierras-de-pueblos-originarios\/#article\",\"isPartOf\":{\"@id\":\"https:\/\/apuntesdesanluis.com\/index.php\/2024\/05\/30\/la-justicia-ordeno-investigar-el-uso-de-glifosato-en-tierras-de-pueblos-originarios\/\"},\"author\":{\"name\":\"apuntesdesanluis.com\",\"@id\":\"https:\/\/apuntesdesanluis.com\/#\/schema\/person\/b55151d52296fcce64d1a72538a70b90\"},\"headline\":\"LA JUSTICIA ORDEN\u00d3 INVESTIGAR EL USO DE GLIFOSATO EN TIERRAS DE PUEBLOS ORIGINARIOS\",\"datePublished\":\"2024-05-31T02:07:41+00:00\",\"mainEntityOfPage\":{\"@id\":\"https:\/\/apuntesdesanluis.com\/index.php\/2024\/05\/30\/la-justicia-ordeno-investigar-el-uso-de-glifosato-en-tierras-de-pueblos-originarios\/\"},\"wordCount\":620,\"publisher\":{\"@id\":\"https:\/\/apuntesdesanluis.com\/#\/schema\/person\/b55151d52296fcce64d1a72538a70b90\"},\"image\":{\"@id\":\"https:\/\/apuntesdesanluis.com\/index.php\/2024\/05\/30\/la-justicia-ordeno-investigar-el-uso-de-glifosato-en-tierras-de-pueblos-originarios\/#primaryimage\"},\"thumbnailUrl\":\"https:\/\/apuntesdesanluis.com\/wp-content\/uploads\/2024\/05\/TRACTOR-GLIFOSATO.png\",\"articleSection\":[\"Nacionales\/Internacionales\"],\"inLanguage\":\"es-AR\"},{\"@type\":\"WebPage\",\"@id\":\"https:\/\/apuntesdesanluis.com\/index.php\/2024\/05\/30\/la-justicia-ordeno-investigar-el-uso-de-glifosato-en-tierras-de-pueblos-originarios\/\",\"url\":\"https:\/\/apuntesdesanluis.com\/index.php\/2024\/05\/30\/la-justicia-ordeno-investigar-el-uso-de-glifosato-en-tierras-de-pueblos-originarios\/\",\"name\":\"LA JUSTICIA ORDEN\u00d3 INVESTIGAR EL USO DE GLIFOSATO EN TIERRAS DE PUEBLOS ORIGINARIOS - Apuntes de San Luis\",\"isPartOf\":{\"@id\":\"https:\/\/apuntesdesanluis.com\/#website\"},\"primaryImageOfPage\":{\"@id\":\"https:\/\/apuntesdesanluis.com\/index.php\/2024\/05\/30\/la-justicia-ordeno-investigar-el-uso-de-glifosato-en-tierras-de-pueblos-originarios\/#primaryimage\"},\"image\":{\"@id\":\"https:\/\/apuntesdesanluis.com\/index.php\/2024\/05\/30\/la-justicia-ordeno-investigar-el-uso-de-glifosato-en-tierras-de-pueblos-originarios\/#primaryimage\"},\"thumbnailUrl\":\"https:\/\/apuntesdesanluis.com\/wp-content\/uploads\/2024\/05\/TRACTOR-GLIFOSATO.png\",\"datePublished\":\"2024-05-31T02:07:41+00:00\",\"breadcrumb\":{\"@id\":\"https:\/\/apuntesdesanluis.com\/index.php\/2024\/05\/30\/la-justicia-ordeno-investigar-el-uso-de-glifosato-en-tierras-de-pueblos-originarios\/#breadcrumb\"},\"inLanguage\":\"es-AR\",\"potentialAction\":[{\"@type\":\"ReadAction\",\"target\":[\"https:\/\/apuntesdesanluis.com\/index.php\/2024\/05\/30\/la-justicia-ordeno-investigar-el-uso-de-glifosato-en-tierras-de-pueblos-originarios\/\"]}]},{\"@type\":\"ImageObject\",\"inLanguage\":\"es-AR\",\"@id\":\"https:\/\/apuntesdesanluis.com\/index.php\/2024\/05\/30\/la-justicia-ordeno-investigar-el-uso-de-glifosato-en-tierras-de-pueblos-originarios\/#primaryimage\",\"url\":\"https:\/\/apuntesdesanluis.com\/wp-content\/uploads\/2024\/05\/TRACTOR-GLIFOSATO.png\",\"contentUrl\":\"https:\/\/apuntesdesanluis.com\/wp-content\/uploads\/2024\/05\/TRACTOR-GLIFOSATO.png\",\"width\":700,\"height\":413},{\"@type\":\"BreadcrumbList\",\"@id\":\"https:\/\/apuntesdesanluis.com\/index.php\/2024\/05\/30\/la-justicia-ordeno-investigar-el-uso-de-glifosato-en-tierras-de-pueblos-originarios\/#breadcrumb\",\"itemListElement\":[{\"@type\":\"ListItem\",\"position\":1,\"name\":\"Inicio\",\"item\":\"https:\/\/apuntesdesanluis.com\/\"},{\"@type\":\"ListItem\",\"position\":2,\"name\":\"LA JUSTICIA ORDEN\u00d3 INVESTIGAR EL USO DE GLIFOSATO EN TIERRAS DE PUEBLOS ORIGINARIOS\"}]},{\"@type\":\"WebSite\",\"@id\":\"https:\/\/apuntesdesanluis.com\/#website\",\"url\":\"https:\/\/apuntesdesanluis.com\/\",\"name\":\"Apuntes de San Luis\",\"description\":\"\",\"publisher\":{\"@id\":\"https:\/\/apuntesdesanluis.com\/#\/schema\/person\/b55151d52296fcce64d1a72538a70b90\"},\"potentialAction\":[{\"@type\":\"SearchAction\",\"target\":{\"@type\":\"EntryPoint\",\"urlTemplate\":\"https:\/\/apuntesdesanluis.com\/?s={search_term_string}\"},\"query-input\":{\"@type\":\"PropertyValueSpecification\",\"valueRequired\":true,\"valueName\":\"search_term_string\"}}],\"inLanguage\":\"es-AR\"},{\"@type\":[\"Person\",\"Organization\"],\"@id\":\"https:\/\/apuntesdesanluis.com\/#\/schema\/person\/b55151d52296fcce64d1a72538a70b90\",\"name\":\"apuntesdesanluis.com\",\"image\":{\"@type\":\"ImageObject\",\"inLanguage\":\"es-AR\",\"@id\":\"https:\/\/apuntesdesanluis.com\/#\/schema\/person\/image\/\",\"url\":\"https:\/\/apuntesdesanluis.com\/wp-content\/uploads\/2023\/07\/cropped-apuntesdesanluis.png\",\"contentUrl\":\"https:\/\/apuntesdesanluis.com\/wp-content\/uploads\/2023\/07\/cropped-apuntesdesanluis.png\",\"width\":450,\"height\":112,\"caption\":\"apuntesdesanluis.com\"},\"logo\":{\"@id\":\"https:\/\/apuntesdesanluis.com\/#\/schema\/person\/image\/\"},\"sameAs\":[\"https:\/\/apuntesdesanluis.com\"],\"url\":\"https:\/\/apuntesdesanluis.com\/index.php\/author\/apuntesdesanluis-com\/\"}]}<\/script>\n<!-- \/ Yoast SEO plugin. -->","yoast_head_json":{"title":"LA JUSTICIA ORDEN\u00d3 INVESTIGAR EL USO DE GLIFOSATO EN TIERRAS DE PUEBLOS ORIGINARIOS - Apuntes de San Luis","robots":{"index":"index","follow":"follow","max-snippet":"max-snippet:-1","max-image-preview":"max-image-preview:large","max-video-preview":"max-video-preview:-1"},"canonical":"https:\/\/apuntesdesanluis.com\/index.php\/2024\/05\/30\/la-justicia-ordeno-investigar-el-uso-de-glifosato-en-tierras-de-pueblos-originarios\/","og_locale":"es_ES","og_type":"article","og_title":"LA JUSTICIA ORDEN\u00d3 INVESTIGAR EL USO DE GLIFOSATO EN TIERRAS DE PUEBLOS ORIGINARIOS - Apuntes de San Luis","og_description":"Lo hizo la Sala I de la C\u00e1mara Federal de Casaci\u00f3n Penal. Se investiga contaminaci\u00f3n...","og_url":"https:\/\/apuntesdesanluis.com\/index.php\/2024\/05\/30\/la-justicia-ordeno-investigar-el-uso-de-glifosato-en-tierras-de-pueblos-originarios\/","og_site_name":"Apuntes de San Luis","article_published_time":"2024-05-31T02:07:41+00:00","og_image":[{"width":700,"height":413,"url":"https:\/\/apuntesdesanluis.com\/wp-content\/uploads\/2024\/05\/TRACTOR-GLIFOSATO.png","type":"image\/png"}],"author":"apuntesdesanluis.com","twitter_card":"summary_large_image","twitter_misc":{"Escrito por":"apuntesdesanluis.com","Tiempo de lectura":"4 minutos"},"schema":{"@context":"https:\/\/schema.org","@graph":[{"@type":"Article","@id":"https:\/\/apuntesdesanluis.com\/index.php\/2024\/05\/30\/la-justicia-ordeno-investigar-el-uso-de-glifosato-en-tierras-de-pueblos-originarios\/#article","isPartOf":{"@id":"https:\/\/apuntesdesanluis.com\/index.php\/2024\/05\/30\/la-justicia-ordeno-investigar-el-uso-de-glifosato-en-tierras-de-pueblos-originarios\/"},"author":{"name":"apuntesdesanluis.com","@id":"https:\/\/apuntesdesanluis.com\/#\/schema\/person\/b55151d52296fcce64d1a72538a70b90"},"headline":"LA JUSTICIA ORDEN\u00d3 INVESTIGAR EL USO DE GLIFOSATO EN TIERRAS DE PUEBLOS ORIGINARIOS","datePublished":"2024-05-31T02:07:41+00:00","mainEntityOfPage":{"@id":"https:\/\/apuntesdesanluis.com\/index.php\/2024\/05\/30\/la-justicia-ordeno-investigar-el-uso-de-glifosato-en-tierras-de-pueblos-originarios\/"},"wordCount":620,"publisher":{"@id":"https:\/\/apuntesdesanluis.com\/#\/schema\/person\/b55151d52296fcce64d1a72538a70b90"},"image":{"@id":"https:\/\/apuntesdesanluis.com\/index.php\/2024\/05\/30\/la-justicia-ordeno-investigar-el-uso-de-glifosato-en-tierras-de-pueblos-originarios\/#primaryimage"},"thumbnailUrl":"https:\/\/apuntesdesanluis.com\/wp-content\/uploads\/2024\/05\/TRACTOR-GLIFOSATO.png","articleSection":["Nacionales\/Internacionales"],"inLanguage":"es-AR"},{"@type":"WebPage","@id":"https:\/\/apuntesdesanluis.com\/index.php\/2024\/05\/30\/la-justicia-ordeno-investigar-el-uso-de-glifosato-en-tierras-de-pueblos-originarios\/","url":"https:\/\/apuntesdesanluis.com\/index.php\/2024\/05\/30\/la-justicia-ordeno-investigar-el-uso-de-glifosato-en-tierras-de-pueblos-originarios\/","name":"LA JUSTICIA ORDEN\u00d3 INVESTIGAR EL USO DE GLIFOSATO EN TIERRAS DE PUEBLOS ORIGINARIOS - Apuntes de San Luis","isPartOf":{"@id":"https:\/\/apuntesdesanluis.com\/#website"},"primaryImageOfPage":{"@id":"https:\/\/apuntesdesanluis.com\/index.php\/2024\/05\/30\/la-justicia-ordeno-investigar-el-uso-de-glifosato-en-tierras-de-pueblos-originarios\/#primaryimage"},"image":{"@id":"https:\/\/apuntesdesanluis.com\/index.php\/2024\/05\/30\/la-justicia-ordeno-investigar-el-uso-de-glifosato-en-tierras-de-pueblos-originarios\/#primaryimage"},"thumbnailUrl":"https:\/\/apuntesdesanluis.com\/wp-content\/uploads\/2024\/05\/TRACTOR-GLIFOSATO.png","datePublished":"2024-05-31T02:07:41+00:00","breadcrumb":{"@id":"https:\/\/apuntesdesanluis.com\/index.php\/2024\/05\/30\/la-justicia-ordeno-investigar-el-uso-de-glifosato-en-tierras-de-pueblos-originarios\/#breadcrumb"},"inLanguage":"es-AR","potentialAction":[{"@type":"ReadAction","target":["https:\/\/apuntesdesanluis.com\/index.php\/2024\/05\/30\/la-justicia-ordeno-investigar-el-uso-de-glifosato-en-tierras-de-pueblos-originarios\/"]}]},{"@type":"ImageObject","inLanguage":"es-AR","@id":"https:\/\/apuntesdesanluis.com\/index.php\/2024\/05\/30\/la-justicia-ordeno-investigar-el-uso-de-glifosato-en-tierras-de-pueblos-originarios\/#primaryimage","url":"https:\/\/apuntesdesanluis.com\/wp-content\/uploads\/2024\/05\/TRACTOR-GLIFOSATO.png","contentUrl":"https:\/\/apuntesdesanluis.com\/wp-content\/uploads\/2024\/05\/TRACTOR-GLIFOSATO.png","width":700,"height":413},{"@type":"BreadcrumbList","@id":"https:\/\/apuntesdesanluis.com\/index.php\/2024\/05\/30\/la-justicia-ordeno-investigar-el-uso-de-glifosato-en-tierras-de-pueblos-originarios\/#breadcrumb","itemListElement":[{"@type":"ListItem","position":1,"name":"Inicio","item":"https:\/\/apuntesdesanluis.com\/"},{"@type":"ListItem","position":2,"name":"LA JUSTICIA ORDEN\u00d3 INVESTIGAR EL USO DE GLIFOSATO EN TIERRAS DE PUEBLOS ORIGINARIOS"}]},{"@type":"WebSite","@id":"https:\/\/apuntesdesanluis.com\/#website","url":"https:\/\/apuntesdesanluis.com\/","name":"Apuntes de San Luis","description":"","publisher":{"@id":"https:\/\/apuntesdesanluis.com\/#\/schema\/person\/b55151d52296fcce64d1a72538a70b90"},"potentialAction":[{"@type":"SearchAction","target":{"@type":"EntryPoint","urlTemplate":"https:\/\/apuntesdesanluis.com\/?s={search_term_string}"},"query-input":{"@type":"PropertyValueSpecification","valueRequired":true,"valueName":"search_term_string"}}],"inLanguage":"es-AR"},{"@type":["Person","Organization"],"@id":"https:\/\/apuntesdesanluis.com\/#\/schema\/person\/b55151d52296fcce64d1a72538a70b90","name":"apuntesdesanluis.com","image":{"@type":"ImageObject","inLanguage":"es-AR","@id":"https:\/\/apuntesdesanluis.com\/#\/schema\/person\/image\/","url":"https:\/\/apuntesdesanluis.com\/wp-content\/uploads\/2023\/07\/cropped-apuntesdesanluis.png","contentUrl":"https:\/\/apuntesdesanluis.com\/wp-content\/uploads\/2023\/07\/cropped-apuntesdesanluis.png","width":450,"height":112,"caption":"apuntesdesanluis.com"},"logo":{"@id":"https:\/\/apuntesdesanluis.com\/#\/schema\/person\/image\/"},"sameAs":["https:\/\/apuntesdesanluis.com"],"url":"https:\/\/apuntesdesanluis.com\/index.php\/author\/apuntesdesanluis-com\/"}]}},"featured_image_urls":{"full":["https:\/\/apuntesdesanluis.com\/wp-content\/uploads\/2024\/05\/TRACTOR-GLIFOSATO.png",700,413,false],"thumbnail":["https:\/\/apuntesdesanluis.com\/wp-content\/uploads\/2024\/05\/TRACTOR-GLIFOSATO-150x150.png",150,150,true],"medium":["https:\/\/apuntesdesanluis.com\/wp-content\/uploads\/2024\/05\/TRACTOR-GLIFOSATO-300x177.png",300,177,true],"medium_large":["https:\/\/apuntesdesanluis.com\/wp-content\/uploads\/2024\/05\/TRACTOR-GLIFOSATO.png",640,378,false],"large":["https:\/\/apuntesdesanluis.com\/wp-content\/uploads\/2024\/05\/TRACTOR-GLIFOSATO.png",640,378,false],"1536x1536":["https:\/\/apuntesdesanluis.com\/wp-content\/uploads\/2024\/05\/TRACTOR-GLIFOSATO.png",700,413,false],"2048x2048":["https:\/\/apuntesdesanluis.com\/wp-content\/uploads\/2024\/05\/TRACTOR-GLIFOSATO.png",700,413,false],"newsever-slider-full":["https:\/\/apuntesdesanluis.com\/wp-content\/uploads\/2024\/05\/TRACTOR-GLIFOSATO.png",700,413,false],"newsever-featured":["https:\/\/apuntesdesanluis.com\/wp-content\/uploads\/2024\/05\/TRACTOR-GLIFOSATO.png",700,413,false],"newsever-medium":["https:\/\/apuntesdesanluis.com\/wp-content\/uploads\/2024\/05\/TRACTOR-GLIFOSATO.png",700,413,false]},"author_info":{"display_name":"apuntesdesanluis.com","author_link":"https:\/\/apuntesdesanluis.com\/index.php\/author\/apuntesdesanluis-com\/"},"category_info":"<a href=\"https:\/\/apuntesdesanluis.com\/index.php\/category\/nacionales-internacionales\/\" rel=\"category tag\">Nacionales\/Internacionales<\/a>","tag_info":"Nacionales\/Internacionales","comment_count":"0","_links":{"self":[{"href":"https:\/\/apuntesdesanluis.com\/index.php\/wp-json\/wp\/v2\/posts\/17172","targetHints":{"allow":["GET"]}}],"collection":[{"href":"https:\/\/apuntesdesanluis.com\/index.php\/wp-json\/wp\/v2\/posts"}],"about":[{"href":"https:\/\/apuntesdesanluis.com\/index.php\/wp-json\/wp\/v2\/types\/post"}],"author":[{"embeddable":true,"href":"https:\/\/apuntesdesanluis.com\/index.php\/wp-json\/wp\/v2\/users\/1"}],"replies":[{"embeddable":true,"href":"https:\/\/apuntesdesanluis.com\/index.php\/wp-json\/wp\/v2\/comments?post=17172"}],"version-history":[{"count":1,"href":"https:\/\/apuntesdesanluis.com\/index.php\/wp-json\/wp\/v2\/posts\/17172\/revisions"}],"predecessor-version":[{"id":17176,"href":"https:\/\/apuntesdesanluis.com\/index.php\/wp-json\/wp\/v2\/posts\/17172\/revisions\/17176"}],"wp:featuredmedia":[{"embeddable":true,"href":"https:\/\/apuntesdesanluis.com\/index.php\/wp-json\/wp\/v2\/media\/17174"}],"wp:attachment":[{"href":"https:\/\/apuntesdesanluis.com\/index.php\/wp-json\/wp\/v2\/media?parent=17172"}],"wp:term":[{"taxonomy":"category","embeddable":true,"href":"https:\/\/apuntesdesanluis.com\/index.php\/wp-json\/wp\/v2\/categories?post=17172"},{"taxonomy":"post_tag","embeddable":true,"href":"https:\/\/apuntesdesanluis.com\/index.php\/wp-json\/wp\/v2\/tags?post=17172"}],"curies":[{"name":"wp","href":"https:\/\/api.w.org\/{rel}","templated":true}]}}