{"id":17186,"date":"2024-06-01T02:10:08","date_gmt":"2024-06-01T05:10:08","guid":{"rendered":"https:\/\/apuntesdesanluis.com\/?p=17186"},"modified":"2024-06-01T02:21:19","modified_gmt":"2024-06-01T05:21:19","slug":"kam-va-la-she","status":"publish","type":"post","link":"https:\/\/apuntesdesanluis.com\/index.php\/2024\/06\/01\/kam-va-la-she\/","title":{"rendered":"KAM-VA-LA-SHE"},"content":{"rendered":"<h3>La situaci\u00f3n pol\u00edtica e institucional en todos los \u00e1mbitos alimenta las comidillas de todos los d\u00edas, por lo que el regreso de esta secci\u00f3n se volvi\u00f3 una cuesti\u00f3n natural, pero tambi\u00e9n imprescindible, para compactar el an\u00e1lisis de cada hecho pol\u00edtico.<\/h3>\n<h3><span style=\"color: #3366ff;\"><strong>Concejala enojada.<\/strong> <\/span>La hermana de la ex diputada Anabela Lucero, <strong>Virginia<\/strong>, sigue enojada con sus pares. Como se recordar\u00e1, en la sesi\u00f3n del 14 de mayo se fue de la bancada y pretendi\u00f3 conformar un bloque unipersonal, con la denominaci\u00f3n <strong>Bloque Justicialista<\/strong>. Naturalmente, sus colegas del Bloque Frente de Unidad Justicialista le saltaron a la yugular, por la confusi\u00f3n que planteaba.<\/h3>\n<h3>No s\u00f3lo eso, sino que en la misma sesi\u00f3n la titular del bloque, <strong>Luc\u00eda Lacerda<\/strong>, ingres\u00f3 sobre tablas y logr\u00f3 la aprobaci\u00f3n de un proyecto de resoluci\u00f3n modificando el art\u00edculo N\u00b0 43\u00b0 del reglamento interno del HCD, el cual establece: \u201cLos Concejales podr\u00e1n constituirse en bloques parlamentarios sin limitaciones en cuanto al n\u00famero de integrantes de cada bloque. En caso de constituirse bloques interiores como desprendimiento de un originario, estos no podr\u00e1n denominarse con fechas, s\u00edmbolos o nombres que en forma directa o indirecta se relacionen con el bloque o partido del cual se hubiera escindido\u201d.<\/h3>\n<h3><img fetchpriority=\"high\" decoding=\"async\" class=\"wp-image-17188 aligncenter\" src=\"https:\/\/apuntesdesanluis.com\/wp-content\/uploads\/2024\/06\/Virginia-Lucero-300x223.jpg\" alt=\"\" width=\"552\" height=\"410\" srcset=\"https:\/\/apuntesdesanluis.com\/wp-content\/uploads\/2024\/06\/Virginia-Lucero-300x223.jpg 300w, https:\/\/apuntesdesanluis.com\/wp-content\/uploads\/2024\/06\/Virginia-Lucero.jpg 600w\" sizes=\"(max-width: 552px) 100vw, 552px\" \/><\/h3>\n<h3>El proyecto fue aprobado por mayor\u00eda, con el voto negativo de la propia Lucero y del concejal <strong>Roberto Mones Ruiz<\/strong>, tambi\u00e9n del PJ. Pero el enojo de la iracunda concejal perdura: conform\u00f3 el bloque <strong>Lealtad Mercedina<\/strong> y en la \u00faltima sesi\u00f3n present\u00f3 un proyecto para declarar la nulidad de lo actuado respecto a la modificaci\u00f3n del Art. 43\u00b0) del Reglamento Interno, e hizo hincapi\u00e9 en que estas actuaciones no debieran ocurrir dentro del HCD. Por supuesto, su proyecto tiene como seguro destino el pase a archivo.<\/h3>\n<h3><span style=\"color: #3366ff;\"><strong>Juntada \u201cmulticolor\u201d.<\/strong><\/span> La presentaci\u00f3n del libro digital <strong>\u201cPichana Britos. Una vida peronista\u201d,<\/strong> del escritor daractense <strong>Gabriel Rodr\u00edguez<\/strong>, logr\u00f3 convocar un auditorio pocas veces visto, en cuanto a su heterogeneidad. El intendente <strong>Maxi Frontera<\/strong> se sent\u00f3 al lado del ex jefe comunal <strong>Miguel Angel Bonino<\/strong>. Este, al lado del Defensor del Pueblo <strong>Enrique Ponce<\/strong>. En frente estuvo el secretario de \u00c9tica P\u00fablica <strong>Ricardo Bazla<\/strong>. M\u00e1s all\u00e1 el ex diputado nacional <strong>Carlos Maranguello<\/strong>, en otro costado el profesor <strong>Luis \u201cTochi\u201d Moreno<\/strong>, el senador Adolfo Castro Luna, entre tantas otras personalidades que concurrieron al conversatorio del Caff\u00e9 de la Plaza el martes 28.<\/h3>\n<h3><img decoding=\"async\" class=\"wp-image-17189 aligncenter\" src=\"https:\/\/apuntesdesanluis.com\/wp-content\/uploads\/2024\/06\/dos-300x144.png\" alt=\"\" width=\"644\" height=\"309\" srcset=\"https:\/\/apuntesdesanluis.com\/wp-content\/uploads\/2024\/06\/dos-300x144.png 300w, https:\/\/apuntesdesanluis.com\/wp-content\/uploads\/2024\/06\/dos-768x369.png 768w, https:\/\/apuntesdesanluis.com\/wp-content\/uploads\/2024\/06\/dos.png 815w\" sizes=\"(max-width: 644px) 100vw, 644px\" \/><\/h3>\n<h3>Los organizadores de la juntada, el ex intendente <strong>Eduardo Mones Ruiz<\/strong> y el ex concejal <strong>Rodolfo Luque,<\/strong> se mostraron m\u00e1s que satisfechos y destacaron la necesidad de promover m\u00e1s espacios que permitan debatir temas centrales de la actualidad, en un marco de respeto y convivencia.<\/h3>\n<h3><span style=\"color: #3366ff;\"><strong>Adolfo contento I.<\/strong> <\/span>Esta fue una de las mejores semanas de <strong>Adolfo Rodriguez Sa\u00e1<\/strong> desde que concluy\u00f3 su mandato de senador nacional. Cerr\u00f3 la interna que se gener\u00f3 con Haroldo Bridger y logr\u00f3 ubicar en su lugar, la estrat\u00e9gica Secretaria de Actividades Log\u00edsticas, a <strong>Walter Vogt<\/strong>.<\/h3>\n<h3><img decoding=\"async\" class=\"wp-image-17190 aligncenter\" src=\"https:\/\/apuntesdesanluis.com\/wp-content\/uploads\/2024\/06\/vogt-300x219.png\" alt=\"\" width=\"658\" height=\"480\" srcset=\"https:\/\/apuntesdesanluis.com\/wp-content\/uploads\/2024\/06\/vogt-300x219.png 300w, https:\/\/apuntesdesanluis.com\/wp-content\/uploads\/2024\/06\/vogt.png 600w\" sizes=\"(max-width: 658px) 100vw, 658px\" \/><\/h3>\n<h3>El mismo es un peque\u00f1o empresario de Concar\u00e1n, esposo de la empleada que se desempe\u00f1aba en la ZAL (propuesta por Gisela Vartalitis), con quien tuvo varios encontronazos Bridger, que a la postre provocaron que lo terminaran de eyectar del cargo.<\/h3>\n<h3><span style=\"color: #3366ff;\"><strong>Adolfo contento II.<\/strong> <\/span>En el mismo acto de asunci\u00f3n de Vogt, el gobernador <strong>Claudio Poggi <\/strong>blanque\u00f3 que por fin podr\u00e1 completar su gabinete. El \u00fanico ministerio que no ten\u00eda titular, de Ciencia y Tecnolog\u00eda, ser\u00e1 ocupado por <strong>Alfonso Verg\u00e9s<\/strong>.<\/h3>\n<h3><img loading=\"lazy\" decoding=\"async\" class=\"wp-image-17191 aligncenter\" src=\"https:\/\/apuntesdesanluis.com\/wp-content\/uploads\/2024\/06\/verges-300x176.png\" alt=\"\" width=\"673\" height=\"395\" srcset=\"https:\/\/apuntesdesanluis.com\/wp-content\/uploads\/2024\/06\/verges-300x176.png 300w, https:\/\/apuntesdesanluis.com\/wp-content\/uploads\/2024\/06\/verges.png 600w\" sizes=\"(max-width: 673px) 100vw, 673px\" \/><\/h3>\n<h3>El ex intendente de San Luis en los \u00faltimos a\u00f1os se ha transformado en uno de los hombres de m\u00e1xima confianza de Adolfo Rodr\u00edguez Sa\u00e1, quien lo propuso primero como Director de Comercio Exterior y ahora lo \u201casciende\u201d a ministro. Este fin de semana, en consulta con su conductor, Verg\u00e9s se encuentra definiendo qui\u00e9nes ser\u00e1n sus principales colaboradores, para entregar los datos a <strong>Fabiana Z\u00e1rate<\/strong>, la Secretaria Legal y T\u00e9cnica encargada de hacer los decretos de designaci\u00f3n que luego firma el gober.<\/h3>\n<h3><span style=\"color: #3366ff;\"><strong>Adolfo y familia contentos III.<\/strong><\/span> En cuanto a Gisela, est\u00e1 a full con su nuevo emprendimiento, la <strong>Cl\u00ednica de la Mujer y la Familia,<\/strong> ubicada en Prov. de la Pampa y Riobamba, frente al Parque de las Naciones. Se trata de un moderno edificio de dos plantas, en la que se atienden diferentes especialidades.<\/h3>\n<h3>Recientemente, la firma fue aceptada como prestadora de PAMI, algo que cualquier centro de salud sabe que es fundamental para contar con ingresos seguros todos los meses. Motivo por el cual la simp\u00e1tica directora de este centro m\u00e9dico agradeci\u00f3 con profunda emoci\u00f3n.<\/h3>\n<div style=\"width: 640px;\" class=\"wp-video\"><!--[if lt IE 9]><script>document.createElement('video');<\/script><![endif]-->\n<video class=\"wp-video-shortcode\" id=\"video-17186-1\" width=\"640\" height=\"1138\" preload=\"metadata\" controls=\"controls\"><source type=\"video\/mp4\" src=\"https:\/\/apuntesdesanluis.com\/wp-content\/uploads\/2024\/06\/Gisella.mp4?_=1\" \/><a href=\"https:\/\/apuntesdesanluis.com\/wp-content\/uploads\/2024\/06\/Gisella.mp4\">https:\/\/apuntesdesanluis.com\/wp-content\/uploads\/2024\/06\/Gisella.mp4<\/a><\/video><\/div>\n<h3><\/h3>\n<h3><span style=\"color: #3366ff;\"><strong>\u00bfAllanamiento?<\/strong> <\/span>Sin embargo, la felicidad nunca es completa. Al cierre de esta edici\u00f3n, una fuente digna de cr\u00e9dito del \u00e1mbito tribunalicio puntano asegur\u00f3 a <strong>Apuntes de San Luis<\/strong> que este viernes por la tarde fue allanada una oficina que posee <strong>Gisella<\/strong>. El local est\u00e1 ubicado en un edificio de calle Sucre.<\/h3>\n<h3>Pudo saberse que el origen es la causa de 2017 por la famosa denuncia del subsidio de 80 millones que recibi\u00f3 la fundaci\u00f3n Mujeres Puntanas que presid\u00eda, y que se habr\u00eda empleado durante la campa\u00f1a que permiti\u00f3 dar vuelta al electorado y facilitar la reelecci\u00f3n de Adolfo para senador nacional.<\/h3>\n<p><img loading=\"lazy\" decoding=\"async\" class=\"wp-image-17194 aligncenter\" src=\"https:\/\/apuntesdesanluis.com\/wp-content\/uploads\/2024\/06\/adolfo-besa-a-gisela-300x187.png\" alt=\"\" width=\"635\" height=\"396\" srcset=\"https:\/\/apuntesdesanluis.com\/wp-content\/uploads\/2024\/06\/adolfo-besa-a-gisela-300x187.png 300w, https:\/\/apuntesdesanluis.com\/wp-content\/uploads\/2024\/06\/adolfo-besa-a-gisela.png 600w\" sizes=\"(max-width: 635px) 100vw, 635px\" \/><\/p>\n<h3>La empresaria hab\u00eda sido intimada a presentar cierta documentaci\u00f3n y como no lo hizo la justicia orden\u00f3 el allanamiento. <em>\u201cMe aseguran que se llevaron un mont\u00f3n de cajas\u201d,<\/em> dijo la fuente.<\/h3>\n<h3><span style=\"color: #3366ff;\"><strong>Desocupados buscando laburo.<\/strong><\/span> A ra\u00edz de los cambios que gener\u00f3 la salida de Bridger de la SAL, varios profesionales y militantes quedaron desocupados, al verse obligados a presentar la renuncia.<\/h3>\n<h3>El primero fue <strong>Hugo Murgo<\/strong>, quien ha presentado una denuncia contra la resoluci\u00f3n de su partido, que dispuso suspenderlo. Alega que Adolfo Rodriguez Sa\u00e1 no era presidente de Todos-Des-Unidos y por lo tanto no contaba con atribuciones. La misma, dif\u00edcilmente prospere.<\/h3>\n<h3>Pero detr\u00e1s suyo cayeron varios otros, que el mi\u00e9rcoles 29 debieron presentar la dimisi\u00f3n a <strong>Romina Carbonell<\/strong>, la Secretaria General de la Gobernaci\u00f3n, y ahora sufren la angustia de analizar c\u00f3mo pagar\u00e1n las cuentas del pr\u00f3ximo mes, sino logran una r\u00e1pida reinserci\u00f3n laboral, en medio de la aguda crisis econ\u00f3mica, el aumento de precios y dem\u00e1s.<\/h3>\n<h3><img loading=\"lazy\" decoding=\"async\" class=\"wp-image-17193 aligncenter\" src=\"https:\/\/apuntesdesanluis.com\/wp-content\/uploads\/2024\/06\/despedidos-296x300.jpg\" alt=\"\" width=\"599\" height=\"607\" srcset=\"https:\/\/apuntesdesanluis.com\/wp-content\/uploads\/2024\/06\/despedidos-296x300.jpg 296w, https:\/\/apuntesdesanluis.com\/wp-content\/uploads\/2024\/06\/despedidos.jpg 571w\" sizes=\"(max-width: 599px) 100vw, 599px\" \/><\/h3>\n<h3><span style=\"color: #3366ff;\"><strong>Alberto molesto I.<\/strong> <\/span>El esc\u00e1ndalo protagonizado por <strong>Emilio Groezinger<\/strong>, el abogado de estrecha confianza de <strong>Alberto Rodr\u00edguez Sa\u00e1<\/strong>, quien debi\u00f3 ser bajado de un colectivo de larga distancia por acosar borracho a una mujer, provoc\u00f3 el enojo del ex gobernador. <em>\u201cNo se puede ser m\u00e1s desubicado, culpa de \u00e9l ahora me pegan a m\u00ed\u201d<\/em>, se quej\u00f3 el t\u00edo Alberto.<\/h3>\n<h3><span style=\"color: #3366ff;\">(Ver: <a style=\"color: #3366ff;\" href=\"https:\/\/apuntesdesanluis.com\/index.php\/2024\/05\/28\/escandalo-abogado-del-pj-protagonizo-vergonzoso-altercado-y-lo-bajaron-de-un-colectivo\/\" target=\"_blank\" rel=\"noopener\">ESC\u00c1NDALO: ABOGADO DEL PJ PROTAGONIZ\u00d3 VERGONZOSO ALTERCADO Y LO BAJARON DE UN COLECTIVO<\/a>)<\/span><\/h3>\n<h3><strong> <img loading=\"lazy\" decoding=\"async\" class=\"wp-image-17196 aligncenter\" src=\"https:\/\/apuntesdesanluis.com\/wp-content\/uploads\/2024\/06\/emilio-300x171.png\" alt=\"\" width=\"616\" height=\"351\" srcset=\"https:\/\/apuntesdesanluis.com\/wp-content\/uploads\/2024\/06\/emilio-300x171.png 300w, https:\/\/apuntesdesanluis.com\/wp-content\/uploads\/2024\/06\/emilio.png 700w\" sizes=\"(max-width: 616px) 100vw, 616px\" \/><\/strong><\/h3>\n<h4 style=\"text-align: center;\"><em>Emilio (camisa a cuadros), como apoderado del PJ en las elecciones de 2023.<\/em><\/h4>\n<h3><span style=\"color: #3366ff;\"><strong>Editor, m\u00e1s resentido que nunca.<\/strong><\/span> El ex gobernador sigue destilando crotoxina a trav\u00e9s de las p\u00e1ginas de su diario. Cuando no concurre personalmente a su oficina en el matutino, trabaja desde su mansi\u00f3n de El Durazno y env\u00eda por WhatsApp los escritos o instrucciones acerca de las notas o t\u00edtulos.<\/h3>\n<h3>Las principales noticias de las que se ocupa no se incluyen en temas ni secciones, sino que se identifican en tres personas: <strong>Milei, Poggi<\/strong> y <strong>Frontera<\/strong>, m\u00e1s algunas cuestiones de la interna el PJ. La l\u00ednea que ha bajado es clara: sobre esos personajes no se publica nada bueno y todo debe pasar por su supervisi\u00f3n.<\/h3>\n<h3>Con respecto a los dos primeros, el estilo es otorgar espacio a los sectores m\u00e1s cr\u00edticos hacia el presidente o el gobernador. En relaci\u00f3n a Frontera, como no tiene mucha oposici\u00f3n, le facturan su cercan\u00eda con Poggi o le inventan rarezas inveros\u00edmiles, como su supuesta vinculaci\u00f3n con el estafador Yago Nahuel Escobar, el trader villamercedino acusado de pertenecer a una banda dedicada a realizar estafas financieras.<\/h3>\n<h3>La prueba para establecer el supuesto \u201cv\u00ednculo pol\u00edtico\u201d del chanta con el intendente es una vieja foto sacada al menos cuatro a\u00f1os atr\u00e1s, ocasional, como las miles que se ha sacado a lo largo de su carrera pol\u00edtica. Un golpe bajo por donde se lo mire,<\/h3>\n<h3><img loading=\"lazy\" decoding=\"async\" class=\"wp-image-17197 aligncenter\" src=\"https:\/\/apuntesdesanluis.com\/wp-content\/uploads\/2024\/06\/yago-300x183.png\" alt=\"\" width=\"626\" height=\"382\" srcset=\"https:\/\/apuntesdesanluis.com\/wp-content\/uploads\/2024\/06\/yago-300x183.png 300w, https:\/\/apuntesdesanluis.com\/wp-content\/uploads\/2024\/06\/yago-768x469.png 768w, https:\/\/apuntesdesanluis.com\/wp-content\/uploads\/2024\/06\/yago.png 881w\" sizes=\"(max-width: 626px) 100vw, 626px\" \/><\/h3>\n<h3>Por lo que ha trascendido, ahora estar\u00edan trabajando en un informe sobre el lugar donde vive (alquila), la camioneta que maneja y otros detalles, para instalar dudas con respecto a su patrimonio y supuestas adquisiciones. \u00bfSer\u00e1 tan as\u00ed?<\/h3>\n<h3><span style=\"color: #3366ff;\"><strong>Hissa no arranca.<\/strong><\/span> La gesti\u00f3n del intendente de San Luis, <strong>Gast\u00f3n Hissa<\/strong>, sigue estancada. No arranca. Algunos lo justifican ante la f\u00e9rrea oposici\u00f3n que encontr\u00f3 en la dirigencia de ATE, que le hace la vida imposible. Otros a la falta de recursos y la herencia recibida (cu\u00e1ndo no) de su antecesor <strong>Sergio Tamayo<\/strong>. Lo cierto es que se ten\u00edan m\u00e1s expectativas hacia su persona, de acuerdo al amplio conocimiento que posee de la ciudad, producto del trabajo realizado en los \u00faltimos a\u00f1os.<\/h3>\n<p><img loading=\"lazy\" decoding=\"async\" class=\"wp-image-17198 aligncenter\" src=\"https:\/\/apuntesdesanluis.com\/wp-content\/uploads\/2024\/06\/hissa.gatica-300x171.jpg\" alt=\"\" width=\"577\" height=\"329\" srcset=\"https:\/\/apuntesdesanluis.com\/wp-content\/uploads\/2024\/06\/hissa.gatica-300x171.jpg 300w, https:\/\/apuntesdesanluis.com\/wp-content\/uploads\/2024\/06\/hissa.gatica-768x438.jpg 768w, https:\/\/apuntesdesanluis.com\/wp-content\/uploads\/2024\/06\/hissa.gatica.jpg 799w\" sizes=\"(max-width: 577px) 100vw, 577px\" \/><\/p>\n<h3>Una encuesta que circula por los pasillos de Terrazas del Portezuelo no ser\u00eda muy diferente de otra que tendr\u00eda el propio Hissa y da cuenta que su imagen no es la mejor entre el electorado puntano. Los datos preocupan a los ide\u00f3logos de Avanzar, de cara a las elecciones del a\u00f1o pr\u00f3ximo, en la que se deben elegir no solo concejales, sino tambi\u00e9n renovar las diez bancas de diputados del Departamento General Pueyrred\u00f3n. Andarivel en el que est\u00e1n mejor pero que no conviene desatender.<\/h3>\n<h3>Dicen que se viene un cambio de gabinete, para intentar \u2013como siempre se dice- oxigenar la gesti\u00f3n.<\/h3>\n<h3><span style=\"color: #3366ff;\"><strong>Chispazos internos en Avanzar.<\/strong><\/span> A\u00fan resuenan los ecos de lo ocurrido en el Concejo Deliberante de La Punta en la sesi\u00f3n de esta \u00faltima semana, donde el presidente del cuerpo <strong>Mario Gil<\/strong> vot\u00f3 con el PJ y rechaz\u00f3 un veto de su propio intendente <strong>Luciano Ayala<\/strong>, rompiendo el bloque.<\/h3>\n<h3><span style=\"color: #3366ff;\">(VER: <a style=\"color: #3366ff;\" href=\"https:\/\/apuntesdesanluis.com\/index.php\/2024\/05\/29\/insolito-el-presidente-del-concejo-deliberante-de-la-punta-de-avanzar-rompio-el-bloque\/\" target=\"_blank\" rel=\"noopener\">INS\u00d3LITO: EL PRESIDENTE DEL CONCEJO DELIBERANTE DE LA PUNTA, DE AVANZAR, ROMPI\u00d3 EL BLOQUE<\/a>)<\/span><\/h3>\n<h3>M\u00e1s all\u00e1 del motivo de la discrepancia, lo extra\u00f1o es que se haya llegado a este enfrentamiento casi en t\u00e9rminos personales. <em>\u201cEn otro contexto, ante dudas o lo que sea, se juntaban o lo arreglaban por tel\u00e9fono. Esto es otra cosa\u201d,<\/em> desliz\u00f3 con suspicacia un allegado que conoce a ambos.<\/h3>\n<p><img loading=\"lazy\" decoding=\"async\" class=\"wp-image-17199 aligncenter\" src=\"https:\/\/apuntesdesanluis.com\/wp-content\/uploads\/2024\/06\/ayala-olivero-vs-gil-300x195.png\" alt=\"\" width=\"614\" height=\"399\" srcset=\"https:\/\/apuntesdesanluis.com\/wp-content\/uploads\/2024\/06\/ayala-olivero-vs-gil-300x195.png 300w, https:\/\/apuntesdesanluis.com\/wp-content\/uploads\/2024\/06\/ayala-olivero-vs-gil-768x498.png 768w, https:\/\/apuntesdesanluis.com\/wp-content\/uploads\/2024\/06\/ayala-olivero-vs-gil.png 842w\" sizes=\"(max-width: 614px) 100vw, 614px\" \/><\/p>\n<h3>El m\u00e1s enojado, sin embargo, no es el intendente Ayala, sino su antecesor, <strong>Mart\u00edn Olivero<\/strong>, quien los m\u00e1s memoriosos recuerdan que fue quien propuso a Gil para integrar la lista. El disgusto que le gener\u00f3 lo ocurrido lo llev\u00f3 incluso a amenazar con escindirse de su bloque en la C\u00e1mara Alta y hacer lo mismo en Diputados, convencido que el accionar de Gil est\u00e1 fogoneado por un ministro del gabinete de Poggi.<\/h3>\n<h3>Este fin de semana hubo varias reuniones y le enviaron un intermediario para intentar calmarlo y que no haga la gran gil \u00e9l tambi\u00e9n.<\/h3>\n<h3><strong><span style=\"color: #3366ff;\">Libertarios con ambiciones.<\/span><\/strong> A partir del resonante triunfo en San Luis de <strong>Javier Milei<\/strong>, sus principales referentes en la provincia comenzaron a proyectar el crecimiento partidario y delinear sus propias ambiciones. En ese sentido, el presidente provisional del Senado de la Naci\u00f3n, <strong>Bartolom\u00e9 Abdala<\/strong>, no oculta sus intenciones de competir por la gobernaci\u00f3n en 2027. Conf\u00eda en que el \u00e9xito de la gesti\u00f3n de Javier Milei le otorgue el impulso necesario para ganar.<\/h3>\n<h3>El otro \u201carmador\u201d, el empresario <strong>Rodolfo Negri<\/strong>, habr\u00eda deslizado sus deseos de competir por la intendencia de Villa Mercedes, aprovechando que Frontera no puede ser reelecto.<\/h3>\n<p><img loading=\"lazy\" decoding=\"async\" class=\"wp-image-17200 aligncenter\" src=\"https:\/\/apuntesdesanluis.com\/wp-content\/uploads\/2024\/06\/abdala-y-negri-300x270.png\" alt=\"\" width=\"636\" height=\"572\" srcset=\"https:\/\/apuntesdesanluis.com\/wp-content\/uploads\/2024\/06\/abdala-y-negri-300x270.png 300w, https:\/\/apuntesdesanluis.com\/wp-content\/uploads\/2024\/06\/abdala-y-negri-768x691.png 768w, https:\/\/apuntesdesanluis.com\/wp-content\/uploads\/2024\/06\/abdala-y-negri.png 807w\" sizes=\"(max-width: 636px) 100vw, 636px\" \/><\/p>\n<h3>De todos modos, son solo versiones y ninguno va a blanquear nada por ahora. Saben que es demasiado prematuro y que todas sus chances radican en c\u00f3mo evolucione la cuesti\u00f3n econ\u00f3mica, de la mano del t\u00e1ndem Milei-Caputo. Adem\u00e1s, primero est\u00e1 la elecci\u00f3n de medio t\u00e9rmino de 2025, donde La Libertad Avanza necesita imperiosamente sumar legisladores y ganar, si desea llegar con chances a la reelecci\u00f3n, ese horizonte que a tantos desvela.<\/h3>\n<h3><span style=\"color: #3366ff;\"><strong>Gendarmer\u00eda a Villa Mercedes.<\/strong><\/span> Esta semana el gobierno provincial inaugur\u00f3 el retorno triunfal de la Gendarmer\u00eda Nacional a San Luis. El lugar estrat\u00e9gico que ocupa la provincia en el centro del pa\u00eds y la penetraci\u00f3n del narcotr\u00e1fico aparecen como los principales justificativos. En ese marco, se anunci\u00f3 como al pasar el deseo de instalar otro destacamento de la fuerza federal en Villa Mercedes.<\/h3>\n<h3><img loading=\"lazy\" decoding=\"async\" class=\"wp-image-17201 aligncenter\" src=\"https:\/\/apuntesdesanluis.com\/wp-content\/uploads\/2024\/06\/nancy-sosa-con-poggi-300x223.png\" alt=\"\" width=\"643\" height=\"478\" srcset=\"https:\/\/apuntesdesanluis.com\/wp-content\/uploads\/2024\/06\/nancy-sosa-con-poggi-300x223.png 300w, https:\/\/apuntesdesanluis.com\/wp-content\/uploads\/2024\/06\/nancy-sosa-con-poggi.png 600w\" sizes=\"(max-width: 643px) 100vw, 643px\" \/><\/h3>\n<h3><strong>Apuntes de San Luis<\/strong> pudo conocer que no es solo una expresi\u00f3n de deseos. La ministra de Seguridad, <strong>Nancy Sosa<\/strong>, ya le habr\u00eda presentado al gobernador Claudio Poggi un plan al respecto, que abarca incluso el lugar exacto y el inmueble que podr\u00eda afectarse para tal fin, que estar\u00eda ubicado cerca del nudo carretero de rutas 7 y 8.<\/h3>\n<p>&nbsp;<\/p>\n<p>&nbsp;<\/p>\n<p>&nbsp;<\/p>\n<p>&nbsp;<\/p>\n<p>&nbsp;<\/p>\n<p>&nbsp;<\/p>\n<p>&nbsp;<\/p>\n<p>&nbsp;<\/p>\n<p>&nbsp;<\/p>\n<p>&nbsp;<\/p>\n<p>&nbsp;<\/p>\n","protected":false},"excerpt":{"rendered":"<p>La situaci\u00f3n pol\u00edtica e institucional en todos los \u00e1mbitos alimenta las comidillas de todos los&#8230;<\/p>\n","protected":false},"author":1,"featured_media":17203,"comment_status":"closed","ping_status":"closed","sticky":false,"template":"","format":"standard","meta":{"footnotes":""},"categories":[1,9],"tags":[],"class_list":["post-17186","post","type-post","status-publish","format-standard","has-post-thumbnail","hentry","category-blog","category-opinion"],"yoast_head":"<!-- This site is optimized with the Yoast SEO plugin v26.1.1 - https:\/\/yoast.com\/wordpress\/plugins\/seo\/ -->\n<title>KAM-VA-LA-SHE - Apuntes de San Luis<\/title>\n<meta name=\"robots\" content=\"index, follow, max-snippet:-1, max-image-preview:large, max-video-preview:-1\" \/>\n<link rel=\"canonical\" href=\"https:\/\/apuntesdesanluis.com\/index.php\/2024\/06\/01\/kam-va-la-she\/\" \/>\n<meta property=\"og:locale\" content=\"es_ES\" \/>\n<meta property=\"og:type\" content=\"article\" \/>\n<meta property=\"og:title\" content=\"KAM-VA-LA-SHE - Apuntes de San Luis\" \/>\n<meta property=\"og:description\" content=\"La situaci\u00f3n pol\u00edtica e institucional en todos los \u00e1mbitos alimenta las comidillas de todos los...\" \/>\n<meta property=\"og:url\" content=\"https:\/\/apuntesdesanluis.com\/index.php\/2024\/06\/01\/kam-va-la-she\/\" \/>\n<meta property=\"og:site_name\" content=\"Apuntes de San Luis\" \/>\n<meta property=\"article:published_time\" content=\"2024-06-01T05:10:08+00:00\" \/>\n<meta property=\"article:modified_time\" content=\"2024-06-01T05:21:19+00:00\" \/>\n<meta property=\"og:image\" content=\"https:\/\/apuntesdesanluis.com\/wp-content\/uploads\/2024\/06\/locura.png\" \/>\n\t<meta property=\"og:image:width\" content=\"700\" \/>\n\t<meta property=\"og:image:height\" content=\"396\" \/>\n\t<meta property=\"og:image:type\" content=\"image\/png\" \/>\n<meta name=\"author\" content=\"apuntesdesanluis.com\" \/>\n<meta name=\"twitter:card\" content=\"summary_large_image\" \/>\n<meta name=\"twitter:label1\" content=\"Escrito por\" \/>\n\t<meta name=\"twitter:data1\" content=\"apuntesdesanluis.com\" \/>\n\t<meta name=\"twitter:label2\" content=\"Tiempo de lectura\" \/>\n\t<meta name=\"twitter:data2\" content=\"12 minutos\" \/>\n<script type=\"application\/ld+json\" class=\"yoast-schema-graph\">{\"@context\":\"https:\/\/schema.org\",\"@graph\":[{\"@type\":\"Article\",\"@id\":\"https:\/\/apuntesdesanluis.com\/index.php\/2024\/06\/01\/kam-va-la-she\/#article\",\"isPartOf\":{\"@id\":\"https:\/\/apuntesdesanluis.com\/index.php\/2024\/06\/01\/kam-va-la-she\/\"},\"author\":{\"name\":\"apuntesdesanluis.com\",\"@id\":\"https:\/\/apuntesdesanluis.com\/#\/schema\/person\/b55151d52296fcce64d1a72538a70b90\"},\"headline\":\"KAM-VA-LA-SHE\",\"datePublished\":\"2024-06-01T05:10:08+00:00\",\"dateModified\":\"2024-06-01T05:21:19+00:00\",\"mainEntityOfPage\":{\"@id\":\"https:\/\/apuntesdesanluis.com\/index.php\/2024\/06\/01\/kam-va-la-she\/\"},\"wordCount\":2185,\"publisher\":{\"@id\":\"https:\/\/apuntesdesanluis.com\/#\/schema\/person\/b55151d52296fcce64d1a72538a70b90\"},\"image\":{\"@id\":\"https:\/\/apuntesdesanluis.com\/index.php\/2024\/06\/01\/kam-va-la-she\/#primaryimage\"},\"thumbnailUrl\":\"https:\/\/apuntesdesanluis.com\/wp-content\/uploads\/2024\/06\/locura.png\",\"articleSection\":[\"Blog\",\"Opini\u00f3n\"],\"inLanguage\":\"es-AR\"},{\"@type\":\"WebPage\",\"@id\":\"https:\/\/apuntesdesanluis.com\/index.php\/2024\/06\/01\/kam-va-la-she\/\",\"url\":\"https:\/\/apuntesdesanluis.com\/index.php\/2024\/06\/01\/kam-va-la-she\/\",\"name\":\"KAM-VA-LA-SHE - Apuntes de San Luis\",\"isPartOf\":{\"@id\":\"https:\/\/apuntesdesanluis.com\/#website\"},\"primaryImageOfPage\":{\"@id\":\"https:\/\/apuntesdesanluis.com\/index.php\/2024\/06\/01\/kam-va-la-she\/#primaryimage\"},\"image\":{\"@id\":\"https:\/\/apuntesdesanluis.com\/index.php\/2024\/06\/01\/kam-va-la-she\/#primaryimage\"},\"thumbnailUrl\":\"https:\/\/apuntesdesanluis.com\/wp-content\/uploads\/2024\/06\/locura.png\",\"datePublished\":\"2024-06-01T05:10:08+00:00\",\"dateModified\":\"2024-06-01T05:21:19+00:00\",\"breadcrumb\":{\"@id\":\"https:\/\/apuntesdesanluis.com\/index.php\/2024\/06\/01\/kam-va-la-she\/#breadcrumb\"},\"inLanguage\":\"es-AR\",\"potentialAction\":[{\"@type\":\"ReadAction\",\"target\":[\"https:\/\/apuntesdesanluis.com\/index.php\/2024\/06\/01\/kam-va-la-she\/\"]}]},{\"@type\":\"ImageObject\",\"inLanguage\":\"es-AR\",\"@id\":\"https:\/\/apuntesdesanluis.com\/index.php\/2024\/06\/01\/kam-va-la-she\/#primaryimage\",\"url\":\"https:\/\/apuntesdesanluis.com\/wp-content\/uploads\/2024\/06\/locura.png\",\"contentUrl\":\"https:\/\/apuntesdesanluis.com\/wp-content\/uploads\/2024\/06\/locura.png\",\"width\":700,\"height\":396},{\"@type\":\"BreadcrumbList\",\"@id\":\"https:\/\/apuntesdesanluis.com\/index.php\/2024\/06\/01\/kam-va-la-she\/#breadcrumb\",\"itemListElement\":[{\"@type\":\"ListItem\",\"position\":1,\"name\":\"Inicio\",\"item\":\"https:\/\/apuntesdesanluis.com\/\"},{\"@type\":\"ListItem\",\"position\":2,\"name\":\"KAM-VA-LA-SHE\"}]},{\"@type\":\"WebSite\",\"@id\":\"https:\/\/apuntesdesanluis.com\/#website\",\"url\":\"https:\/\/apuntesdesanluis.com\/\",\"name\":\"Apuntes de San Luis\",\"description\":\"\",\"publisher\":{\"@id\":\"https:\/\/apuntesdesanluis.com\/#\/schema\/person\/b55151d52296fcce64d1a72538a70b90\"},\"potentialAction\":[{\"@type\":\"SearchAction\",\"target\":{\"@type\":\"EntryPoint\",\"urlTemplate\":\"https:\/\/apuntesdesanluis.com\/?s={search_term_string}\"},\"query-input\":{\"@type\":\"PropertyValueSpecification\",\"valueRequired\":true,\"valueName\":\"search_term_string\"}}],\"inLanguage\":\"es-AR\"},{\"@type\":[\"Person\",\"Organization\"],\"@id\":\"https:\/\/apuntesdesanluis.com\/#\/schema\/person\/b55151d52296fcce64d1a72538a70b90\",\"name\":\"apuntesdesanluis.com\",\"image\":{\"@type\":\"ImageObject\",\"inLanguage\":\"es-AR\",\"@id\":\"https:\/\/apuntesdesanluis.com\/#\/schema\/person\/image\/\",\"url\":\"https:\/\/apuntesdesanluis.com\/wp-content\/uploads\/2023\/07\/cropped-apuntesdesanluis.png\",\"contentUrl\":\"https:\/\/apuntesdesanluis.com\/wp-content\/uploads\/2023\/07\/cropped-apuntesdesanluis.png\",\"width\":450,\"height\":112,\"caption\":\"apuntesdesanluis.com\"},\"logo\":{\"@id\":\"https:\/\/apuntesdesanluis.com\/#\/schema\/person\/image\/\"},\"sameAs\":[\"https:\/\/apuntesdesanluis.com\"],\"url\":\"https:\/\/apuntesdesanluis.com\/index.php\/author\/apuntesdesanluis-com\/\"}]}<\/script>\n<!-- \/ Yoast SEO plugin. -->","yoast_head_json":{"title":"KAM-VA-LA-SHE - Apuntes de San Luis","robots":{"index":"index","follow":"follow","max-snippet":"max-snippet:-1","max-image-preview":"max-image-preview:large","max-video-preview":"max-video-preview:-1"},"canonical":"https:\/\/apuntesdesanluis.com\/index.php\/2024\/06\/01\/kam-va-la-she\/","og_locale":"es_ES","og_type":"article","og_title":"KAM-VA-LA-SHE - Apuntes de San Luis","og_description":"La situaci\u00f3n pol\u00edtica e institucional en todos los \u00e1mbitos alimenta las comidillas de todos los...","og_url":"https:\/\/apuntesdesanluis.com\/index.php\/2024\/06\/01\/kam-va-la-she\/","og_site_name":"Apuntes de San Luis","article_published_time":"2024-06-01T05:10:08+00:00","article_modified_time":"2024-06-01T05:21:19+00:00","og_image":[{"width":700,"height":396,"url":"https:\/\/apuntesdesanluis.com\/wp-content\/uploads\/2024\/06\/locura.png","type":"image\/png"}],"author":"apuntesdesanluis.com","twitter_card":"summary_large_image","twitter_misc":{"Escrito por":"apuntesdesanluis.com","Tiempo de lectura":"12 minutos"},"schema":{"@context":"https:\/\/schema.org","@graph":[{"@type":"Article","@id":"https:\/\/apuntesdesanluis.com\/index.php\/2024\/06\/01\/kam-va-la-she\/#article","isPartOf":{"@id":"https:\/\/apuntesdesanluis.com\/index.php\/2024\/06\/01\/kam-va-la-she\/"},"author":{"name":"apuntesdesanluis.com","@id":"https:\/\/apuntesdesanluis.com\/#\/schema\/person\/b55151d52296fcce64d1a72538a70b90"},"headline":"KAM-VA-LA-SHE","datePublished":"2024-06-01T05:10:08+00:00","dateModified":"2024-06-01T05:21:19+00:00","mainEntityOfPage":{"@id":"https:\/\/apuntesdesanluis.com\/index.php\/2024\/06\/01\/kam-va-la-she\/"},"wordCount":2185,"publisher":{"@id":"https:\/\/apuntesdesanluis.com\/#\/schema\/person\/b55151d52296fcce64d1a72538a70b90"},"image":{"@id":"https:\/\/apuntesdesanluis.com\/index.php\/2024\/06\/01\/kam-va-la-she\/#primaryimage"},"thumbnailUrl":"https:\/\/apuntesdesanluis.com\/wp-content\/uploads\/2024\/06\/locura.png","articleSection":["Blog","Opini\u00f3n"],"inLanguage":"es-AR"},{"@type":"WebPage","@id":"https:\/\/apuntesdesanluis.com\/index.php\/2024\/06\/01\/kam-va-la-she\/","url":"https:\/\/apuntesdesanluis.com\/index.php\/2024\/06\/01\/kam-va-la-she\/","name":"KAM-VA-LA-SHE - Apuntes de San Luis","isPartOf":{"@id":"https:\/\/apuntesdesanluis.com\/#website"},"primaryImageOfPage":{"@id":"https:\/\/apuntesdesanluis.com\/index.php\/2024\/06\/01\/kam-va-la-she\/#primaryimage"},"image":{"@id":"https:\/\/apuntesdesanluis.com\/index.php\/2024\/06\/01\/kam-va-la-she\/#primaryimage"},"thumbnailUrl":"https:\/\/apuntesdesanluis.com\/wp-content\/uploads\/2024\/06\/locura.png","datePublished":"2024-06-01T05:10:08+00:00","dateModified":"2024-06-01T05:21:19+00:00","breadcrumb":{"@id":"https:\/\/apuntesdesanluis.com\/index.php\/2024\/06\/01\/kam-va-la-she\/#breadcrumb"},"inLanguage":"es-AR","potentialAction":[{"@type":"ReadAction","target":["https:\/\/apuntesdesanluis.com\/index.php\/2024\/06\/01\/kam-va-la-she\/"]}]},{"@type":"ImageObject","inLanguage":"es-AR","@id":"https:\/\/apuntesdesanluis.com\/index.php\/2024\/06\/01\/kam-va-la-she\/#primaryimage","url":"https:\/\/apuntesdesanluis.com\/wp-content\/uploads\/2024\/06\/locura.png","contentUrl":"https:\/\/apuntesdesanluis.com\/wp-content\/uploads\/2024\/06\/locura.png","width":700,"height":396},{"@type":"BreadcrumbList","@id":"https:\/\/apuntesdesanluis.com\/index.php\/2024\/06\/01\/kam-va-la-she\/#breadcrumb","itemListElement":[{"@type":"ListItem","position":1,"name":"Inicio","item":"https:\/\/apuntesdesanluis.com\/"},{"@type":"ListItem","position":2,"name":"KAM-VA-LA-SHE"}]},{"@type":"WebSite","@id":"https:\/\/apuntesdesanluis.com\/#website","url":"https:\/\/apuntesdesanluis.com\/","name":"Apuntes de San Luis","description":"","publisher":{"@id":"https:\/\/apuntesdesanluis.com\/#\/schema\/person\/b55151d52296fcce64d1a72538a70b90"},"potentialAction":[{"@type":"SearchAction","target":{"@type":"EntryPoint","urlTemplate":"https:\/\/apuntesdesanluis.com\/?s={search_term_string}"},"query-input":{"@type":"PropertyValueSpecification","valueRequired":true,"valueName":"search_term_string"}}],"inLanguage":"es-AR"},{"@type":["Person","Organization"],"@id":"https:\/\/apuntesdesanluis.com\/#\/schema\/person\/b55151d52296fcce64d1a72538a70b90","name":"apuntesdesanluis.com","image":{"@type":"ImageObject","inLanguage":"es-AR","@id":"https:\/\/apuntesdesanluis.com\/#\/schema\/person\/image\/","url":"https:\/\/apuntesdesanluis.com\/wp-content\/uploads\/2023\/07\/cropped-apuntesdesanluis.png","contentUrl":"https:\/\/apuntesdesanluis.com\/wp-content\/uploads\/2023\/07\/cropped-apuntesdesanluis.png","width":450,"height":112,"caption":"apuntesdesanluis.com"},"logo":{"@id":"https:\/\/apuntesdesanluis.com\/#\/schema\/person\/image\/"},"sameAs":["https:\/\/apuntesdesanluis.com"],"url":"https:\/\/apuntesdesanluis.com\/index.php\/author\/apuntesdesanluis-com\/"}]}},"featured_image_urls":{"full":["https:\/\/apuntesdesanluis.com\/wp-content\/uploads\/2024\/06\/locura.png",700,396,false],"thumbnail":["https:\/\/apuntesdesanluis.com\/wp-content\/uploads\/2024\/06\/locura-150x150.png",150,150,true],"medium":["https:\/\/apuntesdesanluis.com\/wp-content\/uploads\/2024\/06\/locura-300x170.png",300,170,true],"medium_large":["https:\/\/apuntesdesanluis.com\/wp-content\/uploads\/2024\/06\/locura.png",640,362,false],"large":["https:\/\/apuntesdesanluis.com\/wp-content\/uploads\/2024\/06\/locura.png",640,362,false],"1536x1536":["https:\/\/apuntesdesanluis.com\/wp-content\/uploads\/2024\/06\/locura.png",700,396,false],"2048x2048":["https:\/\/apuntesdesanluis.com\/wp-content\/uploads\/2024\/06\/locura.png",700,396,false],"newsever-slider-full":["https:\/\/apuntesdesanluis.com\/wp-content\/uploads\/2024\/06\/locura.png",700,396,false],"newsever-featured":["https:\/\/apuntesdesanluis.com\/wp-content\/uploads\/2024\/06\/locura.png",700,396,false],"newsever-medium":["https:\/\/apuntesdesanluis.com\/wp-content\/uploads\/2024\/06\/locura.png",700,396,false]},"author_info":{"display_name":"apuntesdesanluis.com","author_link":"https:\/\/apuntesdesanluis.com\/index.php\/author\/apuntesdesanluis-com\/"},"category_info":"<a href=\"https:\/\/apuntesdesanluis.com\/index.php\/category\/blog\/\" rel=\"category tag\">Blog<\/a> <a href=\"https:\/\/apuntesdesanluis.com\/index.php\/category\/opinion\/\" rel=\"category tag\">Opini\u00f3n<\/a>","tag_info":"Opini\u00f3n","comment_count":"0","_links":{"self":[{"href":"https:\/\/apuntesdesanluis.com\/index.php\/wp-json\/wp\/v2\/posts\/17186","targetHints":{"allow":["GET"]}}],"collection":[{"href":"https:\/\/apuntesdesanluis.com\/index.php\/wp-json\/wp\/v2\/posts"}],"about":[{"href":"https:\/\/apuntesdesanluis.com\/index.php\/wp-json\/wp\/v2\/types\/post"}],"author":[{"embeddable":true,"href":"https:\/\/apuntesdesanluis.com\/index.php\/wp-json\/wp\/v2\/users\/1"}],"replies":[{"embeddable":true,"href":"https:\/\/apuntesdesanluis.com\/index.php\/wp-json\/wp\/v2\/comments?post=17186"}],"version-history":[{"count":10,"href":"https:\/\/apuntesdesanluis.com\/index.php\/wp-json\/wp\/v2\/posts\/17186\/revisions"}],"predecessor-version":[{"id":17210,"href":"https:\/\/apuntesdesanluis.com\/index.php\/wp-json\/wp\/v2\/posts\/17186\/revisions\/17210"}],"wp:featuredmedia":[{"embeddable":true,"href":"https:\/\/apuntesdesanluis.com\/index.php\/wp-json\/wp\/v2\/media\/17203"}],"wp:attachment":[{"href":"https:\/\/apuntesdesanluis.com\/index.php\/wp-json\/wp\/v2\/media?parent=17186"}],"wp:term":[{"taxonomy":"category","embeddable":true,"href":"https:\/\/apuntesdesanluis.com\/index.php\/wp-json\/wp\/v2\/categories?post=17186"},{"taxonomy":"post_tag","embeddable":true,"href":"https:\/\/apuntesdesanluis.com\/index.php\/wp-json\/wp\/v2\/tags?post=17186"}],"curies":[{"name":"wp","href":"https:\/\/api.w.org\/{rel}","templated":true}]}}