{"id":17211,"date":"2024-06-02T18:22:21","date_gmt":"2024-06-02T21:22:21","guid":{"rendered":"https:\/\/apuntesdesanluis.com\/?p=17211"},"modified":"2024-06-02T19:31:18","modified_gmt":"2024-06-02T22:31:18","slug":"quien-nos-marca-la-cancha-no-es-milei-sino-macri-caputo","status":"publish","type":"post","link":"https:\/\/apuntesdesanluis.com\/index.php\/2024\/06\/02\/quien-nos-marca-la-cancha-no-es-milei-sino-macri-caputo\/","title":{"rendered":"\u201cQUIEN NOS MARCA LA CANCHA NO ES MILEI, SINO MACRI-CAPUTO\u201d"},"content":{"rendered":"<h3>Lo afirm\u00f3 la diputada nacional por San Luis, <strong>Natalia Zabala Chacur<\/strong>, al analizar la evoluci\u00f3n de la econom\u00eda y sus consecuencias sobre los sectores m\u00e1s vulnerables.<\/h3>\n<h3>La legisladora apunt\u00f3 que lo que pretende implementar el gobierno de Javier Milei \u201ces todo aquello que no pudo llevar adelante el ex presidente <strong>Mauricio Macri<\/strong>, con la misma gente, (Federico) <strong>Sturzenegger<\/strong>, (Luis) <strong>Caputo<\/strong>, el mismo que nos llev\u00f3 al Fondo Monetario Internacional en aqu\u00e9l momento, y el mismo que equipo que hizo el desplome con la crisis de 2017, que se extendi\u00f3 hasta 2019\u201d, enfatiz\u00f3.<\/h3>\n<h3>La ex ministra de Hacienda de la provincia levant\u00f3 el perfil esta semana para cuestionar los efectos que tendr\u00e1 le ley bases y el paquete fiscal que obtuvo dictamen en el Senado y volver\u00e1n a ser tratados por la C\u00e1mara de Diputados de la naci\u00f3n.<\/h3>\n<h3>\u201cEllos son los mismos que nos est\u00e1n marcando la cancha con la ley bases\u201d, sostuvo, al tiempo que fundament\u00f3: Una persona que llega a\u00a0 presidente en un balotaje y a los pocos d\u00edas asume, \u00bftiene tiempo en una semana de escribir una ley bases de m\u00e1s de 600 art\u00edculos? Por supuesto que no. La ten\u00edan escrita desde antes Sturzenegger y Caputo\u201d, fundament\u00f3.<\/h3>\n<h3>Por otro lado, si bien reconoci\u00f3 que Milei fue electo con el 56% de los votos, \u201ceso no lo libera de gobernar como corresponde\u201d.<\/h3>\n<!--[if lt IE 9]><script>document.createElement('video');<\/script><![endif]-->\n\t<div class=\"wp-playlist wp-video-playlist wp-playlist-light\">\n\t\t<video controls=\"controls\" preload=\"none\" width=\"618\"\n\t\t height=\"672\"\t><\/video>\n\t<div class=\"wp-playlist-next\"><\/div>\n\t<div class=\"wp-playlist-prev\"><\/div>\n\t<noscript>\n\t<ol>\n\t\t<li><a href='https:\/\/apuntesdesanluis.com\/wp-content\/uploads\/2024\/06\/Zabala-chacur-1.mp4'>Zabala chacur 1<\/a><\/li>\t<\/ol>\n\t<\/noscript>\n\t<script type=\"application\/json\" class=\"wp-playlist-script\">{\"type\":\"video\",\"tracklist\":true,\"tracknumbers\":true,\"images\":true,\"artists\":true,\"tracks\":[{\"src\":\"https:\\\/\\\/apuntesdesanluis.com\\\/wp-content\\\/uploads\\\/2024\\\/06\\\/Zabala-chacur-1.mp4\",\"type\":\"video\\\/mp4\",\"title\":\"Zabala chacur 1\",\"caption\":\"\",\"description\":\"\",\"meta\":{\"length_formatted\":\"1:13\"},\"dimensions\":{\"original\":{\"width\":980,\"height\":1066},\"resized\":{\"width\":618,\"height\":672}},\"image\":{\"src\":\"https:\\\/\\\/apuntesdesanluis.com\\\/wp-includes\\\/images\\\/media\\\/video.svg\",\"width\":48,\"height\":64},\"thumb\":{\"src\":\"https:\\\/\\\/apuntesdesanluis.com\\\/wp-includes\\\/images\\\/media\\\/video.svg\",\"width\":48,\"height\":64}}]}<\/script>\n<\/div>\n\t\n<h3>Natalia Zabala Chacur, en otra parte de la entrevista que concedi\u00f3 al periodista <strong>Fito Carranza,<\/strong> indic\u00f3: \u201cSiempre los recursos son limitados y las necesidades son infinitas, este es un principio b\u00e1sico de la econom\u00eda. Ahora definamos cu\u00e1les son las necesidades que vamos a considerar primordiales y a estas las debemos atender\u201d.<\/h3>\n<h3>\u201cSi no las atendemos \u2013continu\u00f3- lo que ponemos en riesgo son las vidas de las personas, y eso un pol\u00edtico no se lo puede permitir. Para eso hay vocaci\u00f3n pol\u00edtica, sino hay personalismo, para ver c\u00f3mo me enriquezco, o c\u00f3mo me beneficio o beneficio a mis amigos\u2026 si es as\u00ed muy mala pol\u00edtica voy a hacer\u201d.<\/h3>\n<h3>Afirm\u00f3 por \u00faltimo que \u201cla pol\u00edtica es algo de vocaci\u00f3n y es trabajar para que todos estemos mejor, no unos sectores bien y otros mal\u201d.<\/h3>\n<div style=\"width: 640px;\" class=\"wp-video\"><!--[if lt IE 9]><script>document.createElement('video');<\/script><![endif]-->\n<video class=\"wp-video-shortcode\" id=\"video-17211-1\" width=\"640\" height=\"426\" preload=\"metadata\" controls=\"controls\"><source type=\"video\/mp4\" src=\"https:\/\/apuntesdesanluis.com\/wp-content\/uploads\/2024\/06\/Zabala-chacur-2.mp4?_=1\" \/><a href=\"https:\/\/apuntesdesanluis.com\/wp-content\/uploads\/2024\/06\/Zabala-chacur-2.mp4\">https:\/\/apuntesdesanluis.com\/wp-content\/uploads\/2024\/06\/Zabala-chacur-2.mp4<\/a><\/video><\/div>\n<h3>Consultada si a partir de las modificaciones introducidas en el Senado estar\u00eda dispuesta a cambiar su voto, se\u00f1al\u00f3: \u201cDe ninguna manera, no porque desee oponerme sin m\u00e1s, sino porque en su g\u00e9nesis, este mamarracho que ha recibido m\u00e1s de trescientas modificaciones, conserva lo peor, que son las facultades delegadas\u201d.<\/h3>\n<h3>\u201cLo dije cuando me toc\u00f3 tratar originalmente el proyecto, all\u00e1 por febrero. Es un peligro que a este presidente tan inestable e insensible, se le den estas facultades para que haga lo que se d\u00e9 la gana. No s\u00f3lo es inconstitucional e ilegal sino tambi\u00e9n \u00e9tico e inmoral\u201d.<\/h3>\n<h3>Buscando en el archivo, efectivamente la legisladora centr\u00f3 su oposici\u00f3n en este punto de la delegaci\u00f3n de poderes y concluy\u00f3 su efusiva intervenci\u00f3n afirmando: \u201cNo hay libertad sin igualdad. La libertad no existe sin la fraternidad y la Patria no existe sino hay nada para comer\u201d.<\/h3>\n<p>&nbsp;<\/p>\n<p><iframe title=\"Diputada Zabala Chacur, Natalia - UxP - Continuaci\u00f3n de Sesi\u00f3n - 02-02-2024\" width=\"640\" height=\"360\" src=\"https:\/\/www.youtube.com\/embed\/amA6nAxYEAs?feature=oembed\" frameborder=\"0\" allow=\"accelerometer; autoplay; clipboard-write; encrypted-media; gyroscope; picture-in-picture; web-share\" referrerpolicy=\"strict-origin-when-cross-origin\" allowfullscreen><\/iframe><\/p>\n<p>&nbsp;<\/p>\n<h3><strong>SITUACI\u00d3N EN EL PJ<\/strong><\/h3>\n<h3>En referencia a la actualidad del PJ, indic\u00f3 que \u201ctomando en cuenta lo que lleva la gesti\u00f3n de Javier Milei, est\u00e1 bien que como partido no ponga palos en la ruedas y se le d\u00e9 el tiempo de gracia que se le otorga a cualquier gobierno. Nuestro partido se expresa, mientras tanto, a trav\u00e9s de nosotros, los legisladores\u201d.<\/h3>\n<h3>Sobre sus ambiciones pol\u00edticas, reiter\u00f3 que \u201ces prematuro y hasta de mal gusto hablar de ello con la crisis econ\u00f3mica que padece nuestro pa\u00eds. Termino mi mandato el a\u00f1o pr\u00f3ximo y reci\u00e9n el a\u00f1o que viene pensar\u00e9 mis pasos. Me sigo preparando, estudiando y ganando experiencia. Mi vocaci\u00f3n y m\u00e1ximo orgullo ser\u00eda gobernar la provincia que amo y donde vivo y seguramente terminar\u00e9 mis d\u00edas&#8221;, reconoci\u00f3.<\/h3>\n<h3>La temperamental dirigente pol\u00edtica no quiso ahondar en definiciones personales, aunque ha trascendido que en los \u00faltimos meses se ha dedicado a conformar cuadros pol\u00edticos propios, integrados por profesionales de distintas disciplinas, que realizan un monitoreo permanente de la situaci\u00f3n nacional y provincial y al mismo tiempo la asesoran en la formulaci\u00f3n de propuestas legislativas.<\/h3>\n<p>&nbsp;<\/p>\n<p>&nbsp;<\/p>\n<p>&nbsp;<\/p>\n<p>&nbsp;<\/p>\n<p>&nbsp;<\/p>\n<p>&nbsp;<\/p>\n","protected":false},"excerpt":{"rendered":"<p>Lo afirm\u00f3 la diputada nacional por San Luis, Natalia Zabala Chacur, al analizar la evoluci\u00f3n&#8230;<\/p>\n","protected":false},"author":1,"featured_media":17212,"comment_status":"closed","ping_status":"closed","sticky":false,"template":"","format":"standard","meta":{"footnotes":""},"categories":[9],"tags":[],"class_list":["post-17211","post","type-post","status-publish","format-standard","has-post-thumbnail","hentry","category-opinion"],"yoast_head":"<!-- This site is optimized with the Yoast SEO plugin v26.1.1 - https:\/\/yoast.com\/wordpress\/plugins\/seo\/ -->\n<title>\u201cQUIEN NOS MARCA LA CANCHA NO ES MILEI, SINO MACRI-CAPUTO\u201d - Apuntes de San Luis<\/title>\n<meta name=\"robots\" content=\"index, follow, max-snippet:-1, max-image-preview:large, max-video-preview:-1\" \/>\n<link rel=\"canonical\" href=\"https:\/\/apuntesdesanluis.com\/index.php\/2024\/06\/02\/quien-nos-marca-la-cancha-no-es-milei-sino-macri-caputo\/\" \/>\n<meta property=\"og:locale\" content=\"es_ES\" \/>\n<meta property=\"og:type\" content=\"article\" \/>\n<meta property=\"og:title\" content=\"\u201cQUIEN NOS MARCA LA CANCHA NO ES MILEI, SINO MACRI-CAPUTO\u201d - Apuntes de San Luis\" \/>\n<meta property=\"og:description\" content=\"Lo afirm\u00f3 la diputada nacional por San Luis, Natalia Zabala Chacur, al analizar la evoluci\u00f3n...\" \/>\n<meta property=\"og:url\" content=\"https:\/\/apuntesdesanluis.com\/index.php\/2024\/06\/02\/quien-nos-marca-la-cancha-no-es-milei-sino-macri-caputo\/\" \/>\n<meta property=\"og:site_name\" content=\"Apuntes de San Luis\" \/>\n<meta property=\"article:published_time\" content=\"2024-06-02T21:22:21+00:00\" \/>\n<meta property=\"article:modified_time\" content=\"2024-06-02T22:31:18+00:00\" \/>\n<meta property=\"og:image\" content=\"https:\/\/apuntesdesanluis.com\/wp-content\/uploads\/2024\/06\/natalia-zabala-chacur.png\" \/>\n\t<meta property=\"og:image:width\" content=\"828\" \/>\n\t<meta property=\"og:image:height\" content=\"458\" \/>\n\t<meta property=\"og:image:type\" content=\"image\/png\" \/>\n<meta name=\"author\" content=\"apuntesdesanluis.com\" \/>\n<meta name=\"twitter:card\" content=\"summary_large_image\" \/>\n<meta name=\"twitter:label1\" content=\"Escrito por\" \/>\n\t<meta name=\"twitter:data1\" content=\"apuntesdesanluis.com\" \/>\n\t<meta name=\"twitter:label2\" content=\"Tiempo de lectura\" \/>\n\t<meta name=\"twitter:data2\" content=\"4 minutos\" \/>\n<script type=\"application\/ld+json\" class=\"yoast-schema-graph\">{\"@context\":\"https:\/\/schema.org\",\"@graph\":[{\"@type\":\"Article\",\"@id\":\"https:\/\/apuntesdesanluis.com\/index.php\/2024\/06\/02\/quien-nos-marca-la-cancha-no-es-milei-sino-macri-caputo\/#article\",\"isPartOf\":{\"@id\":\"https:\/\/apuntesdesanluis.com\/index.php\/2024\/06\/02\/quien-nos-marca-la-cancha-no-es-milei-sino-macri-caputo\/\"},\"author\":{\"name\":\"apuntesdesanluis.com\",\"@id\":\"https:\/\/apuntesdesanluis.com\/#\/schema\/person\/b55151d52296fcce64d1a72538a70b90\"},\"headline\":\"\u201cQUIEN NOS MARCA LA CANCHA NO ES MILEI, SINO MACRI-CAPUTO\u201d\",\"datePublished\":\"2024-06-02T21:22:21+00:00\",\"dateModified\":\"2024-06-02T22:31:18+00:00\",\"mainEntityOfPage\":{\"@id\":\"https:\/\/apuntesdesanluis.com\/index.php\/2024\/06\/02\/quien-nos-marca-la-cancha-no-es-milei-sino-macri-caputo\/\"},\"wordCount\":773,\"publisher\":{\"@id\":\"https:\/\/apuntesdesanluis.com\/#\/schema\/person\/b55151d52296fcce64d1a72538a70b90\"},\"image\":{\"@id\":\"https:\/\/apuntesdesanluis.com\/index.php\/2024\/06\/02\/quien-nos-marca-la-cancha-no-es-milei-sino-macri-caputo\/#primaryimage\"},\"thumbnailUrl\":\"https:\/\/apuntesdesanluis.com\/wp-content\/uploads\/2024\/06\/natalia-zabala-chacur.png\",\"articleSection\":[\"Opini\u00f3n\"],\"inLanguage\":\"es-AR\"},{\"@type\":\"WebPage\",\"@id\":\"https:\/\/apuntesdesanluis.com\/index.php\/2024\/06\/02\/quien-nos-marca-la-cancha-no-es-milei-sino-macri-caputo\/\",\"url\":\"https:\/\/apuntesdesanluis.com\/index.php\/2024\/06\/02\/quien-nos-marca-la-cancha-no-es-milei-sino-macri-caputo\/\",\"name\":\"\u201cQUIEN NOS MARCA LA CANCHA NO ES MILEI, SINO MACRI-CAPUTO\u201d - Apuntes de San Luis\",\"isPartOf\":{\"@id\":\"https:\/\/apuntesdesanluis.com\/#website\"},\"primaryImageOfPage\":{\"@id\":\"https:\/\/apuntesdesanluis.com\/index.php\/2024\/06\/02\/quien-nos-marca-la-cancha-no-es-milei-sino-macri-caputo\/#primaryimage\"},\"image\":{\"@id\":\"https:\/\/apuntesdesanluis.com\/index.php\/2024\/06\/02\/quien-nos-marca-la-cancha-no-es-milei-sino-macri-caputo\/#primaryimage\"},\"thumbnailUrl\":\"https:\/\/apuntesdesanluis.com\/wp-content\/uploads\/2024\/06\/natalia-zabala-chacur.png\",\"datePublished\":\"2024-06-02T21:22:21+00:00\",\"dateModified\":\"2024-06-02T22:31:18+00:00\",\"breadcrumb\":{\"@id\":\"https:\/\/apuntesdesanluis.com\/index.php\/2024\/06\/02\/quien-nos-marca-la-cancha-no-es-milei-sino-macri-caputo\/#breadcrumb\"},\"inLanguage\":\"es-AR\",\"potentialAction\":[{\"@type\":\"ReadAction\",\"target\":[\"https:\/\/apuntesdesanluis.com\/index.php\/2024\/06\/02\/quien-nos-marca-la-cancha-no-es-milei-sino-macri-caputo\/\"]}]},{\"@type\":\"ImageObject\",\"inLanguage\":\"es-AR\",\"@id\":\"https:\/\/apuntesdesanluis.com\/index.php\/2024\/06\/02\/quien-nos-marca-la-cancha-no-es-milei-sino-macri-caputo\/#primaryimage\",\"url\":\"https:\/\/apuntesdesanluis.com\/wp-content\/uploads\/2024\/06\/natalia-zabala-chacur.png\",\"contentUrl\":\"https:\/\/apuntesdesanluis.com\/wp-content\/uploads\/2024\/06\/natalia-zabala-chacur.png\",\"width\":828,\"height\":458},{\"@type\":\"BreadcrumbList\",\"@id\":\"https:\/\/apuntesdesanluis.com\/index.php\/2024\/06\/02\/quien-nos-marca-la-cancha-no-es-milei-sino-macri-caputo\/#breadcrumb\",\"itemListElement\":[{\"@type\":\"ListItem\",\"position\":1,\"name\":\"Inicio\",\"item\":\"https:\/\/apuntesdesanluis.com\/\"},{\"@type\":\"ListItem\",\"position\":2,\"name\":\"\u201cQUIEN NOS MARCA LA CANCHA NO ES MILEI, SINO MACRI-CAPUTO\u201d\"}]},{\"@type\":\"WebSite\",\"@id\":\"https:\/\/apuntesdesanluis.com\/#website\",\"url\":\"https:\/\/apuntesdesanluis.com\/\",\"name\":\"Apuntes de San Luis\",\"description\":\"\",\"publisher\":{\"@id\":\"https:\/\/apuntesdesanluis.com\/#\/schema\/person\/b55151d52296fcce64d1a72538a70b90\"},\"potentialAction\":[{\"@type\":\"SearchAction\",\"target\":{\"@type\":\"EntryPoint\",\"urlTemplate\":\"https:\/\/apuntesdesanluis.com\/?s={search_term_string}\"},\"query-input\":{\"@type\":\"PropertyValueSpecification\",\"valueRequired\":true,\"valueName\":\"search_term_string\"}}],\"inLanguage\":\"es-AR\"},{\"@type\":[\"Person\",\"Organization\"],\"@id\":\"https:\/\/apuntesdesanluis.com\/#\/schema\/person\/b55151d52296fcce64d1a72538a70b90\",\"name\":\"apuntesdesanluis.com\",\"image\":{\"@type\":\"ImageObject\",\"inLanguage\":\"es-AR\",\"@id\":\"https:\/\/apuntesdesanluis.com\/#\/schema\/person\/image\/\",\"url\":\"https:\/\/apuntesdesanluis.com\/wp-content\/uploads\/2023\/07\/cropped-apuntesdesanluis.png\",\"contentUrl\":\"https:\/\/apuntesdesanluis.com\/wp-content\/uploads\/2023\/07\/cropped-apuntesdesanluis.png\",\"width\":450,\"height\":112,\"caption\":\"apuntesdesanluis.com\"},\"logo\":{\"@id\":\"https:\/\/apuntesdesanluis.com\/#\/schema\/person\/image\/\"},\"sameAs\":[\"https:\/\/apuntesdesanluis.com\"],\"url\":\"https:\/\/apuntesdesanluis.com\/index.php\/author\/apuntesdesanluis-com\/\"}]}<\/script>\n<!-- \/ Yoast SEO plugin. -->","yoast_head_json":{"title":"\u201cQUIEN NOS MARCA LA CANCHA NO ES MILEI, SINO MACRI-CAPUTO\u201d - Apuntes de San Luis","robots":{"index":"index","follow":"follow","max-snippet":"max-snippet:-1","max-image-preview":"max-image-preview:large","max-video-preview":"max-video-preview:-1"},"canonical":"https:\/\/apuntesdesanluis.com\/index.php\/2024\/06\/02\/quien-nos-marca-la-cancha-no-es-milei-sino-macri-caputo\/","og_locale":"es_ES","og_type":"article","og_title":"\u201cQUIEN NOS MARCA LA CANCHA NO ES MILEI, SINO MACRI-CAPUTO\u201d - Apuntes de San Luis","og_description":"Lo afirm\u00f3 la diputada nacional por San Luis, Natalia Zabala Chacur, al analizar la evoluci\u00f3n...","og_url":"https:\/\/apuntesdesanluis.com\/index.php\/2024\/06\/02\/quien-nos-marca-la-cancha-no-es-milei-sino-macri-caputo\/","og_site_name":"Apuntes de San Luis","article_published_time":"2024-06-02T21:22:21+00:00","article_modified_time":"2024-06-02T22:31:18+00:00","og_image":[{"width":828,"height":458,"url":"https:\/\/apuntesdesanluis.com\/wp-content\/uploads\/2024\/06\/natalia-zabala-chacur.png","type":"image\/png"}],"author":"apuntesdesanluis.com","twitter_card":"summary_large_image","twitter_misc":{"Escrito por":"apuntesdesanluis.com","Tiempo de lectura":"4 minutos"},"schema":{"@context":"https:\/\/schema.org","@graph":[{"@type":"Article","@id":"https:\/\/apuntesdesanluis.com\/index.php\/2024\/06\/02\/quien-nos-marca-la-cancha-no-es-milei-sino-macri-caputo\/#article","isPartOf":{"@id":"https:\/\/apuntesdesanluis.com\/index.php\/2024\/06\/02\/quien-nos-marca-la-cancha-no-es-milei-sino-macri-caputo\/"},"author":{"name":"apuntesdesanluis.com","@id":"https:\/\/apuntesdesanluis.com\/#\/schema\/person\/b55151d52296fcce64d1a72538a70b90"},"headline":"\u201cQUIEN NOS MARCA LA CANCHA NO ES MILEI, SINO MACRI-CAPUTO\u201d","datePublished":"2024-06-02T21:22:21+00:00","dateModified":"2024-06-02T22:31:18+00:00","mainEntityOfPage":{"@id":"https:\/\/apuntesdesanluis.com\/index.php\/2024\/06\/02\/quien-nos-marca-la-cancha-no-es-milei-sino-macri-caputo\/"},"wordCount":773,"publisher":{"@id":"https:\/\/apuntesdesanluis.com\/#\/schema\/person\/b55151d52296fcce64d1a72538a70b90"},"image":{"@id":"https:\/\/apuntesdesanluis.com\/index.php\/2024\/06\/02\/quien-nos-marca-la-cancha-no-es-milei-sino-macri-caputo\/#primaryimage"},"thumbnailUrl":"https:\/\/apuntesdesanluis.com\/wp-content\/uploads\/2024\/06\/natalia-zabala-chacur.png","articleSection":["Opini\u00f3n"],"inLanguage":"es-AR"},{"@type":"WebPage","@id":"https:\/\/apuntesdesanluis.com\/index.php\/2024\/06\/02\/quien-nos-marca-la-cancha-no-es-milei-sino-macri-caputo\/","url":"https:\/\/apuntesdesanluis.com\/index.php\/2024\/06\/02\/quien-nos-marca-la-cancha-no-es-milei-sino-macri-caputo\/","name":"\u201cQUIEN NOS MARCA LA CANCHA NO ES MILEI, SINO MACRI-CAPUTO\u201d - Apuntes de San Luis","isPartOf":{"@id":"https:\/\/apuntesdesanluis.com\/#website"},"primaryImageOfPage":{"@id":"https:\/\/apuntesdesanluis.com\/index.php\/2024\/06\/02\/quien-nos-marca-la-cancha-no-es-milei-sino-macri-caputo\/#primaryimage"},"image":{"@id":"https:\/\/apuntesdesanluis.com\/index.php\/2024\/06\/02\/quien-nos-marca-la-cancha-no-es-milei-sino-macri-caputo\/#primaryimage"},"thumbnailUrl":"https:\/\/apuntesdesanluis.com\/wp-content\/uploads\/2024\/06\/natalia-zabala-chacur.png","datePublished":"2024-06-02T21:22:21+00:00","dateModified":"2024-06-02T22:31:18+00:00","breadcrumb":{"@id":"https:\/\/apuntesdesanluis.com\/index.php\/2024\/06\/02\/quien-nos-marca-la-cancha-no-es-milei-sino-macri-caputo\/#breadcrumb"},"inLanguage":"es-AR","potentialAction":[{"@type":"ReadAction","target":["https:\/\/apuntesdesanluis.com\/index.php\/2024\/06\/02\/quien-nos-marca-la-cancha-no-es-milei-sino-macri-caputo\/"]}]},{"@type":"ImageObject","inLanguage":"es-AR","@id":"https:\/\/apuntesdesanluis.com\/index.php\/2024\/06\/02\/quien-nos-marca-la-cancha-no-es-milei-sino-macri-caputo\/#primaryimage","url":"https:\/\/apuntesdesanluis.com\/wp-content\/uploads\/2024\/06\/natalia-zabala-chacur.png","contentUrl":"https:\/\/apuntesdesanluis.com\/wp-content\/uploads\/2024\/06\/natalia-zabala-chacur.png","width":828,"height":458},{"@type":"BreadcrumbList","@id":"https:\/\/apuntesdesanluis.com\/index.php\/2024\/06\/02\/quien-nos-marca-la-cancha-no-es-milei-sino-macri-caputo\/#breadcrumb","itemListElement":[{"@type":"ListItem","position":1,"name":"Inicio","item":"https:\/\/apuntesdesanluis.com\/"},{"@type":"ListItem","position":2,"name":"\u201cQUIEN NOS MARCA LA CANCHA NO ES MILEI, SINO MACRI-CAPUTO\u201d"}]},{"@type":"WebSite","@id":"https:\/\/apuntesdesanluis.com\/#website","url":"https:\/\/apuntesdesanluis.com\/","name":"Apuntes de San Luis","description":"","publisher":{"@id":"https:\/\/apuntesdesanluis.com\/#\/schema\/person\/b55151d52296fcce64d1a72538a70b90"},"potentialAction":[{"@type":"SearchAction","target":{"@type":"EntryPoint","urlTemplate":"https:\/\/apuntesdesanluis.com\/?s={search_term_string}"},"query-input":{"@type":"PropertyValueSpecification","valueRequired":true,"valueName":"search_term_string"}}],"inLanguage":"es-AR"},{"@type":["Person","Organization"],"@id":"https:\/\/apuntesdesanluis.com\/#\/schema\/person\/b55151d52296fcce64d1a72538a70b90","name":"apuntesdesanluis.com","image":{"@type":"ImageObject","inLanguage":"es-AR","@id":"https:\/\/apuntesdesanluis.com\/#\/schema\/person\/image\/","url":"https:\/\/apuntesdesanluis.com\/wp-content\/uploads\/2023\/07\/cropped-apuntesdesanluis.png","contentUrl":"https:\/\/apuntesdesanluis.com\/wp-content\/uploads\/2023\/07\/cropped-apuntesdesanluis.png","width":450,"height":112,"caption":"apuntesdesanluis.com"},"logo":{"@id":"https:\/\/apuntesdesanluis.com\/#\/schema\/person\/image\/"},"sameAs":["https:\/\/apuntesdesanluis.com"],"url":"https:\/\/apuntesdesanluis.com\/index.php\/author\/apuntesdesanluis-com\/"}]}},"featured_image_urls":{"full":["https:\/\/apuntesdesanluis.com\/wp-content\/uploads\/2024\/06\/natalia-zabala-chacur.png",828,458,false],"thumbnail":["https:\/\/apuntesdesanluis.com\/wp-content\/uploads\/2024\/06\/natalia-zabala-chacur-150x150.png",150,150,true],"medium":["https:\/\/apuntesdesanluis.com\/wp-content\/uploads\/2024\/06\/natalia-zabala-chacur-300x166.png",300,166,true],"medium_large":["https:\/\/apuntesdesanluis.com\/wp-content\/uploads\/2024\/06\/natalia-zabala-chacur-768x425.png",640,354,true],"large":["https:\/\/apuntesdesanluis.com\/wp-content\/uploads\/2024\/06\/natalia-zabala-chacur.png",640,354,false],"1536x1536":["https:\/\/apuntesdesanluis.com\/wp-content\/uploads\/2024\/06\/natalia-zabala-chacur.png",828,458,false],"2048x2048":["https:\/\/apuntesdesanluis.com\/wp-content\/uploads\/2024\/06\/natalia-zabala-chacur.png",828,458,false],"newsever-slider-full":["https:\/\/apuntesdesanluis.com\/wp-content\/uploads\/2024\/06\/natalia-zabala-chacur.png",828,458,false],"newsever-featured":["https:\/\/apuntesdesanluis.com\/wp-content\/uploads\/2024\/06\/natalia-zabala-chacur.png",828,458,false],"newsever-medium":["https:\/\/apuntesdesanluis.com\/wp-content\/uploads\/2024\/06\/natalia-zabala-chacur-720x458.png",720,458,true]},"author_info":{"display_name":"apuntesdesanluis.com","author_link":"https:\/\/apuntesdesanluis.com\/index.php\/author\/apuntesdesanluis-com\/"},"category_info":"<a href=\"https:\/\/apuntesdesanluis.com\/index.php\/category\/opinion\/\" rel=\"category tag\">Opini\u00f3n<\/a>","tag_info":"Opini\u00f3n","comment_count":"0","_links":{"self":[{"href":"https:\/\/apuntesdesanluis.com\/index.php\/wp-json\/wp\/v2\/posts\/17211","targetHints":{"allow":["GET"]}}],"collection":[{"href":"https:\/\/apuntesdesanluis.com\/index.php\/wp-json\/wp\/v2\/posts"}],"about":[{"href":"https:\/\/apuntesdesanluis.com\/index.php\/wp-json\/wp\/v2\/types\/post"}],"author":[{"embeddable":true,"href":"https:\/\/apuntesdesanluis.com\/index.php\/wp-json\/wp\/v2\/users\/1"}],"replies":[{"embeddable":true,"href":"https:\/\/apuntesdesanluis.com\/index.php\/wp-json\/wp\/v2\/comments?post=17211"}],"version-history":[{"count":9,"href":"https:\/\/apuntesdesanluis.com\/index.php\/wp-json\/wp\/v2\/posts\/17211\/revisions"}],"predecessor-version":[{"id":17231,"href":"https:\/\/apuntesdesanluis.com\/index.php\/wp-json\/wp\/v2\/posts\/17211\/revisions\/17231"}],"wp:featuredmedia":[{"embeddable":true,"href":"https:\/\/apuntesdesanluis.com\/index.php\/wp-json\/wp\/v2\/media\/17212"}],"wp:attachment":[{"href":"https:\/\/apuntesdesanluis.com\/index.php\/wp-json\/wp\/v2\/media?parent=17211"}],"wp:term":[{"taxonomy":"category","embeddable":true,"href":"https:\/\/apuntesdesanluis.com\/index.php\/wp-json\/wp\/v2\/categories?post=17211"},{"taxonomy":"post_tag","embeddable":true,"href":"https:\/\/apuntesdesanluis.com\/index.php\/wp-json\/wp\/v2\/tags?post=17211"}],"curies":[{"name":"wp","href":"https:\/\/api.w.org\/{rel}","templated":true}]}}